{"id":359140,"date":"2023-10-31T05:24:12","date_gmt":"2023-10-31T04:24:12","guid":{"rendered":"https:\/\/www.radiopiu.net\/wordpress\/?p=359140"},"modified":"2023-10-31T06:21:34","modified_gmt":"2023-10-31T05:21:34","slug":"raccolta-indumenti-piu-facile-a-sedico-e-comuni-dellunione-montana-agordina","status":"publish","type":"post","link":"https:\/\/www.radiopiu.net\/wordpress\/raccolta-indumenti-piu-facile-a-sedico-e-comuni-dellunione-montana-agordina\/","title":{"rendered":"Raccolta Indumenti pi\u00f9 Facile a Sedico e Comuni dell&#8217;Unione Montana Agordina, dopo San Tomaso nuove critiche da Cibiana"},"content":{"rendered":"<p><strong><a class=\"dt-pswp-item\" href=\"https:\/\/www.radiopiu.net\/wordpress\/wp-content\/uploads\/2023\/10\/campana-Valpe-4.jpg\" data-dt-img-description=\"\" data-large_image_width=\"768\" data-large_image_height=\"1024\"><img loading=\"lazy\" decoding=\"async\" class=\" wp-image-359141 alignleft\" src=\"https:\/\/www.radiopiu.net\/wordpress\/wp-content\/uploads\/2023\/10\/campana-Valpe-4-225x300.jpg\" alt=\"\" width=\"159\" height=\"212\" srcset=\"https:\/\/www.radiopiu.net\/wordpress\/wp-content\/uploads\/2023\/10\/campana-Valpe-4-225x300.jpg 225w, https:\/\/www.radiopiu.net\/wordpress\/wp-content\/uploads\/2023\/10\/campana-Valpe-4.jpg 768w\" sizes=\"auto, (max-width: 159px) 100vw, 159px\" \/><\/a>REDAZIONE <\/strong>Da ora in poi, la raccolta di abbigliamento, coperte, biancheria per la casa, borse, scarpe e cinture nei comuni di Sedico e nell&#8217;Unione Montana Agordina \u00e8 pi\u00f9 semplice e organizzata. La gestione della raccolta \u00e8 stata affidata a Valpe Ambiente, e gli abitanti di questi comuni possono consegnare i loro indumenti nei contenitori gialli contrassegnati con il logo di Valpe Ambiente. Questi contenitori gialli sono gli unici autorizzati per la raccolta degli indumenti in questi territori. La raccolta accetta sia abiti in buono stato che indumenti logori, purch\u00e9 siano chiusi in sacchi non troppo voluminosi. Per prevenire il problema degli abbandoni di rifiuti vicino ai contenitori e per preservare l&#8217;aspetto del territorio, i contenitori sono stati collocati all&#8217;interno di EcoCentri e in altri punti strategici dove possono essere meglio controllati.<\/p>\n<p><strong>QUANDO VALPE NON RISPONDE E FA SPALLUCCE, GIA&#8217; DUE CASI<\/strong><\/p>\n<p><strong>CIBIANA<\/strong> Valpe contestata per una serie di disservizi (la scorsa settimana era successo a San Tomaso Agordino, ma alle proteste degli utenti non \u00e8 seguita alcuna risposta di Valpe, potrebbe non averla vista, ma anche no. La denuncia a Cibiana dell&#8217;ex consigliere Comunale Alberto Ghelli che contesta il servizio della differenziata, ha sollecitato un incontro con il Comune e l&#8217;azienda, ma nessuno ha voluto ascoltarlo intanto spiega Ghelli i conti aumentano del 20per cento e spaventa il conguaglio di fine anno.<\/p>\n<p>&nbsp;<\/p>\n<p>___<\/p>\n<p>&nbsp;<\/p>\n","protected":false},"excerpt":{"rendered":"<p>REDAZIONE Da ora in poi, la raccolta di abbigliamento, coperte, biancheria per la casa, borse, scarpe e cinture nei comuni di Sedico e nell&#8217;Unione Montana Agordina \u00e8 pi\u00f9 semplice e organizzata. La gestione della raccolta \u00e8 stata affidata a Valpe Ambiente, e gli abitanti di questi comuni possono consegnare i loro indumenti nei contenitori gialli&hellip;<\/p>\n","protected":false},"author":4,"featured_media":359141,"comment_status":"closed","ping_status":"closed","sticky":false,"template":"","format":"standard","meta":{"_monsterinsights_skip_tracking":false,"_monsterinsights_sitenote_active":false,"_monsterinsights_sitenote_note":"","_monsterinsights_sitenote_category":0,"footnotes":""},"categories":[51,49],"tags":[],"class_list":["post-359140","post","type-post","status-publish","format-standard","has-post-thumbnail","hentry","category-evidenza-top","category-news-18","category-51","category-49","description-off"],"img_url":"https:\/\/www.radiopiu.net\/wordpress\/wp-content\/uploads\/2023\/10\/campana-Valpe-4.jpg","_links":{"self":[{"href":"https:\/\/www.radiopiu.net\/wordpress\/wp-json\/wp\/v2\/posts\/359140","targetHints":{"allow":["GET"]}}],"collection":[{"href":"https:\/\/www.radiopiu.net\/wordpress\/wp-json\/wp\/v2\/posts"}],"about":[{"href":"https:\/\/www.radiopiu.net\/wordpress\/wp-json\/wp\/v2\/types\/post"}],"author":[{"embeddable":true,"href":"https:\/\/www.radiopiu.net\/wordpress\/wp-json\/wp\/v2\/users\/4"}],"replies":[{"embeddable":true,"href":"https:\/\/www.radiopiu.net\/wordpress\/wp-json\/wp\/v2\/comments?post=359140"}],"version-history":[{"count":0,"href":"https:\/\/www.radiopiu.net\/wordpress\/wp-json\/wp\/v2\/posts\/359140\/revisions"}],"wp:featuredmedia":[{"embeddable":true,"href":"https:\/\/www.radiopiu.net\/wordpress\/wp-json\/wp\/v2\/media\/359141"}],"wp:attachment":[{"href":"https:\/\/www.radiopiu.net\/wordpress\/wp-json\/wp\/v2\/media?parent=359140"}],"wp:term":[{"taxonomy":"category","embeddable":true,"href":"https:\/\/www.radiopiu.net\/wordpress\/wp-json\/wp\/v2\/categories?post=359140"},{"taxonomy":"post_tag","embeddable":true,"href":"https:\/\/www.radiopiu.net\/wordpress\/wp-json\/wp\/v2\/tags?post=359140"}],"curies":[{"name":"wp","href":"https:\/\/api.w.org\/{rel}","templated":true}]}}