{"id":359152,"date":"2023-10-30T14:38:16","date_gmt":"2023-10-30T13:38:16","guid":{"rendered":"https:\/\/www.radiopiu.net\/wordpress\/?p=359152"},"modified":"2023-10-30T15:48:11","modified_gmt":"2023-10-30T14:48:11","slug":"359152-2","status":"publish","type":"post","link":"https:\/\/www.radiopiu.net\/wordpress\/359152-2\/","title":{"rendered":"AVVISO DI CRITICITA&#8217; IDROGEOLOGICA E IDRAULICA"},"content":{"rendered":"<p>Il Meteo regionale segnala il passaggio di una significativa perturbazione, associata ad un intenso flusso umido meridionale, che interesser\u00e0 il Veneto fino alla prima parte di domani, marted\u00ec 31 ottobre. La fase pi\u00f9 intensa sar\u00e0 tra il pomeriggio di oggi e le prime ore di domani, con precipitazioni diffuse e persistenti specie sulle zone centro settentrionali, anche a carattere di forte rovescio o temporale. Sono previste precipitazione abbondanti sulle zone centro settentrionali e, localmente, anche molto abbondanti su zone montane e pedemontane.<\/p>\n<p>I venti subiranno un rinforzo dai quadranti meridionali fino a risultare a tratti forti in quota, sulla costa (specie centro settentrionale) e la pianura limitrofa. Nelle ore centrali di marted\u00ec ruoteranno da quelli occidentali, ancora con qualche rinforzo.<\/p>\n<p>Considerati i fenomeni meteorologici previsti sul Veneto, il Centro Funzionale Decentrato della Protezione Civile regionale comunica che, per criticit\u00e0 idrogeologica, \u00e8 stata dichiarata la fase operativa di \u201cAllarme\u201d (Rossa) dalle 14:00 di oggi fino alla mezzanotte di domani nei bacini idrografici VENE-A Alto Piave (BL), VENE H Piave Pedemontano (BL \u2013 TV), VENE B Alto Brenta-Bacchiglione-Alpone (VI &#8211; BL &#8211; TV \u2013VR). Per la stessa criticit\u00e0 e negli stessi orari e stata dichiarata la fase operativa di \u201cPreallarme\u201d (Arancione) nei bacini VENE-C Adige-Garda e Monti Lessini (VR) e VENE-E Basso Brenta \u2013Bacchiglione (PD-VI-VR-VE-TV). La fase di \u201cAttenzione\u201d (Gialla), invece, \u00e8 stata dichiarata per VENE-D Po,Fissero-Tartaro-Canal Bianco e Basso Adige (RO-VR), VENE-F Basso Piave, Sile e Bacino scolante in laguna (VE-TV-PD), VENE-G Livenza, Lemene e Tagliamento (VE-TV).<\/p>\n<p>Contemporaneamente, per criticit\u00e0 idraulica, \u00e8 stata dichiarata la fase operativa di \u201cPreallarme\u201d (Arancione) in tutti i bacini della regione.<\/p>\n<blockquote><p><em>\u201cVista la situazione \u2013 commenta l\u2019assessore alla Protezione Civile, Gianpaolo Bottacin \u2013 soprattutto nelle aree e nei periodi di tempo interessati dalla fase pi\u00f9 intensa \u00e8 raccomandabile ai cittadini di non effettuare spostamenti che non siano strettamente necessari, di mantenere una distanza opportuna dai corsi d\u2019acqua ed evitare di permanere in ambienti interrati. Dalla sala operativa di Marghera stiano seguendo l\u2019evolversi della situazione\u201d.<\/em><\/p><\/blockquote>\n<p><a class=\"dt-pswp-item\" href=\"https:\/\/www.radiopiu.net\/wordpress\/wp-content\/uploads\/2023\/10\/d4e36bbc-8c51-47ff-b391-7e3161a60866.jpg\" data-dt-img-description=\"\" data-large_image_width=\"1080\" data-large_image_height=\"1350\"><img loading=\"lazy\" decoding=\"async\" class=\"alignnone wp-image-359155 size-full\" src=\"https:\/\/www.radiopiu.net\/wordpress\/wp-content\/uploads\/2023\/10\/d4e36bbc-8c51-47ff-b391-7e3161a60866.jpg\" alt=\"\" width=\"1080\" height=\"1350\" srcset=\"https:\/\/www.radiopiu.net\/wordpress\/wp-content\/uploads\/2023\/10\/d4e36bbc-8c51-47ff-b391-7e3161a60866.jpg 1080w, https:\/\/www.radiopiu.net\/wordpress\/wp-content\/uploads\/2023\/10\/d4e36bbc-8c51-47ff-b391-7e3161a60866-240x300.jpg 240w, https:\/\/www.radiopiu.net\/wordpress\/wp-content\/uploads\/2023\/10\/d4e36bbc-8c51-47ff-b391-7e3161a60866-819x1024.jpg 819w, https:\/\/www.radiopiu.net\/wordpress\/wp-content\/uploads\/2023\/10\/d4e36bbc-8c51-47ff-b391-7e3161a60866-768x960.jpg 768w\" sizes=\"auto, (max-width: 1080px) 100vw, 1080px\" \/><\/a><\/p>\n","protected":false},"excerpt":{"rendered":"<p>Il Meteo regionale segnala il passaggio di una significativa perturbazione, associata ad un intenso flusso umido meridionale, che interesser\u00e0 il Veneto fino alla prima parte di domani, marted\u00ec 31 ottobre. La fase pi\u00f9 intensa sar\u00e0 tra il pomeriggio di oggi e le prime ore di domani, con precipitazioni diffuse e persistenti specie sulle zone centro&hellip;<\/p>\n","protected":false},"author":4,"featured_media":359153,"comment_status":"closed","ping_status":"closed","sticky":false,"template":"","format":"standard","meta":{"_monsterinsights_skip_tracking":false,"_monsterinsights_sitenote_active":false,"_monsterinsights_sitenote_note":"","_monsterinsights_sitenote_category":0,"footnotes":""},"categories":[104,49],"tags":[],"class_list":["post-359152","post","type-post","status-publish","format-standard","has-post-thumbnail","hentry","category-evidenza_3","category-news-18","category-104","category-49","description-off"],"img_url":"https:\/\/www.radiopiu.net\/wordpress\/wp-content\/uploads\/2023\/10\/d5908d55-08e3-456a-be88-8b58bac59c42.jpg","_links":{"self":[{"href":"https:\/\/www.radiopiu.net\/wordpress\/wp-json\/wp\/v2\/posts\/359152","targetHints":{"allow":["GET"]}}],"collection":[{"href":"https:\/\/www.radiopiu.net\/wordpress\/wp-json\/wp\/v2\/posts"}],"about":[{"href":"https:\/\/www.radiopiu.net\/wordpress\/wp-json\/wp\/v2\/types\/post"}],"author":[{"embeddable":true,"href":"https:\/\/www.radiopiu.net\/wordpress\/wp-json\/wp\/v2\/users\/4"}],"replies":[{"embeddable":true,"href":"https:\/\/www.radiopiu.net\/wordpress\/wp-json\/wp\/v2\/comments?post=359152"}],"version-history":[{"count":0,"href":"https:\/\/www.radiopiu.net\/wordpress\/wp-json\/wp\/v2\/posts\/359152\/revisions"}],"wp:featuredmedia":[{"embeddable":true,"href":"https:\/\/www.radiopiu.net\/wordpress\/wp-json\/wp\/v2\/media\/359153"}],"wp:attachment":[{"href":"https:\/\/www.radiopiu.net\/wordpress\/wp-json\/wp\/v2\/media?parent=359152"}],"wp:term":[{"taxonomy":"category","embeddable":true,"href":"https:\/\/www.radiopiu.net\/wordpress\/wp-json\/wp\/v2\/categories?post=359152"},{"taxonomy":"post_tag","embeddable":true,"href":"https:\/\/www.radiopiu.net\/wordpress\/wp-json\/wp\/v2\/tags?post=359152"}],"curies":[{"name":"wp","href":"https:\/\/api.w.org\/{rel}","templated":true}]}}