{"id":359203,"date":"2023-10-30T17:52:30","date_gmt":"2023-10-30T16:52:30","guid":{"rendered":"https:\/\/www.radiopiu.net\/wordpress\/?p=359203"},"modified":"2023-10-30T17:52:30","modified_gmt":"2023-10-30T16:52:30","slug":"la-valbelluna-vince-le-fagioliadi-2023-con-il-fagiolo-gialet-presidio-slow-food","status":"publish","type":"post","link":"https:\/\/www.radiopiu.net\/wordpress\/la-valbelluna-vince-le-fagioliadi-2023-con-il-fagiolo-gialet-presidio-slow-food\/","title":{"rendered":"LA VALBELLUNA VINCE LE FAGIOLIADI 2023 CON IL FAGIOLO GIALET PRESIDIO SLOW FOOD"},"content":{"rendered":"<p><strong>di Alessia Dall\u2019\u00d2<\/strong><\/p>\n<p><b>FELTRE <\/b>Grandi soddisfazioni per il bellunese, che si \u00e8 aggiudicato il primo premio alle Fagioliadi 2023 con il piatto a base di Fagiolo Gial\u00e9t della Valbelluna, uno dei prodotti Presidio Slow Food del nostro territorio. Il piatto \u00e8 stato preparato e presentato dallo Chef dell&#8217;ENAIP SFP di Feltre, Rodolfo Bof, in collaborazione con il neo diplomato chef Andrea Solagna. La competizione, che si tiene annualmente e vede sfidarsi i coltivatori-custodi della rete di Slow Beans, ha visto il pubblico come giuria, valutando i piatti in base a creativit\u00e0, delicatezza e carattere. Le Fagioliadi 2023, organizzate quest&#8217;anno a Capannori, provincia di Lucca, Toscana, hanno visto la partecipazione di rappresentanti di decine di legumi tradizionali provenienti da tutta Europa, tra cui il rinomato Fagiolo Gial\u00e9t della Valbelluna. Quest\u2019ultimo \u00e8 stato valorizzato in questa occasione grazie alla presenza in loco di Diego De Paoli, Presidente dell\u2019 Associazione Tutela del Fagiolo Gial\u00e9t della Valbelluna Presidio Slow Food\u00a0 e Roberto Dalle Mule, socio Slow Food Condotta di Belluno e Feltre. &#8220;<em>Questa vittoria \u00e8 stata una grande soddisfazione per tutti noi e devo ringraziare la scuola ENAIP per il grande supporto e impegno. Come \u00e8 consueto, l\u2019evento ha aperto nuove opportunit\u00e0 per condividere iniziative a favore della transizione proteica, della valorizzazione della biodiversit\u00e0 e dell&#8217;agricoltura su piccola scala. Ogni edizione non smette di stupirci: il forte interesse del pubblico per questi temi e sapori \u00e8 stato evidente ed \u00e8 sicuramente veicolo di mantenimento e scoperta delle tradizioni, ma anche di conoscenza e consapevolezza dei territori in un\u2019 ottica pi\u00f9 turistica. Questa vittoria \u00e8 un ulteriore motivo di orgoglio per noi e rappresenta un&#8217;occasione per promuovere l&#8217;uso dei prodotti a chilometro zero anche nel nostro territorio. Non tutti sanno che la maggior parte del venduto del nostro prodotto viene collocato fuori Provincia: speriamo che l\u2019apprezzamento da un pubblico nazionale come quello delle Fagioliadi 2023 favorisca un incremento di curiosit\u00e0 e credibilit\u00e0 del prodotto anche nei dintorni.<\/em>&#8221; commenta De Paoli. Il piatto vincente, una deliziosa crema di Gial\u00e8t con trota cotta a bassa temperatura e riduzione di melograno, non solo ha colpito per il suo sapore, ma \u00e8 stato anche apprezzato per la sua presentazione scenografica. La collaborazione ed il fare rete per valorizzare il territorio ed i suoi prodotti sono stati fondamentali per il successo di questo evento. La Responsabile Unit\u00e0 Operativa di Feltre ENAIP C\u00e9line Masset commenta: &#8220;<em>Nella nostra scuola, ci dedichiamo con passione alla formazione dei nostri studenti sulla filiera corta agroalimentare e alla cultura zero waste in cucina. Ad esempio, nella proposta di questo piatto, nulla va sprecato, nemmeno la pelle della trota, che \u00e8 stata trasformata in croccanti e gustose chips ad arricchimento dello stesso. La collaborazione scuola e Slow Food Belluno-Feltre \u00e8 stata coronata gi\u00e0 lo scorso anno, iniziando con l&#8217;evento JUST BEANS da cui \u00e8 stato editato l\u2019omonimo ricettario. Questa vittoria \u00e8 solo uno dei frutti di questa partnership in corso\u201d<\/em> spiega Masset. \u201c<em>Per i nostri alunni, per i quali la formazione pratica rappresenta una parte consistente del percorso, uscire e stare sul campo anche in eventi internazionali \u00e8 sempre un\u2019occasione di mettersi alla prova e di arricchire il proprio curriculum. Dal punto di vista promozionale \u00e8 anche un momento di importante valorizzazione del nostro istituto professionale che proprio a dicembre festegger\u00e0 il suo Cinquantesimo anno nel Feltrino.<\/em>&#8221;<\/p>\n\n\t\t\t<style type='text\/css'>\n\t\t\t\t#gallery-1 {\n\t\t\t\t\tmargin: auto;\n\t\t\t\t}\n\t\t\t\t#gallery-1 .gallery-item {\n\t\t\t\t\tfloat: left;\n\t\t\t\t\tmargin-top: 10px;\n\t\t\t\t\ttext-align: center;\n\t\t\t\t\twidth: 25%;\n\t\t\t\t}\n\t\t\t\t#gallery-1 img {\n\t\t\t\t\tborder: 2px solid #cfcfcf;\n\t\t\t\t}\n\t\t\t\t#gallery-1 .gallery-caption {\n\t\t\t\t\tmargin-left: 0;\n\t\t\t\t}\n\t\t\t\t\/* see gallery_shortcode() in wp-includes\/media.php *\/\n\t\t\t<\/style>\n\t\t<div id='gallery-1' class='dt-gallery-container gallery galleryid-359203 gallery-columns-4 gallery-size-thumbnail'><dl class='gallery-item'>\n\t\t\t\t<dt class='gallery-icon portrait'>\n\t\t\t\t\t<a class=\"rollover rollover-zoom dt-pswp-item\" title=\"piatto Trota cotta a bassa temperatura su crema di gialet e melegorano\" data-dt-img-description=\"\" data-large_image_width=\"720\" data-large_image_height=\"1600\"href='https:\/\/www.radiopiu.net\/wordpress\/wp-content\/uploads\/2023\/10\/piatto-Trota-cotta-a-bassa-temperatura-su-crema-di-gialet-e-melegorano.jpg'><img loading=\"lazy\" decoding=\"async\" width=\"150\" height=\"150\" src=\"https:\/\/www.radiopiu.net\/wordpress\/wp-content\/uploads\/2023\/10\/piatto-Trota-cotta-a-bassa-temperatura-su-crema-di-gialet-e-melegorano-150x150.jpg\" class=\"attachment-thumbnail size-thumbnail\" alt=\"\" \/><\/a>\n\t\t\t\t<\/dt><\/dl><dl class='gallery-item'>\n\t\t\t\t<dt class='gallery-icon landscape'>\n\t\t\t\t\t<a class=\"rollover rollover-zoom dt-pswp-item\" title=\"FAGIOLIADI 2023 - Diego de Paoli e Roberto Dalle Mule premiati alle Fagiol...i 2023\" data-dt-img-description=\"\" data-large_image_width=\"2048\" data-large_image_height=\"1537\"href='https:\/\/www.radiopiu.net\/wordpress\/wp-content\/uploads\/2023\/10\/FAGIOLIADI-2023-Diego-de-Paoli-e-Roberto-Dalle-Mule-premiati-alle-Fagiol.i-2023.jpg'><img loading=\"lazy\" decoding=\"async\" width=\"150\" height=\"150\" src=\"https:\/\/www.radiopiu.net\/wordpress\/wp-content\/uploads\/2023\/10\/FAGIOLIADI-2023-Diego-de-Paoli-e-Roberto-Dalle-Mule-premiati-alle-Fagiol.i-2023-150x150.jpg\" class=\"attachment-thumbnail size-thumbnail\" alt=\"\" \/><\/a>\n\t\t\t\t<\/dt><\/dl><dl class='gallery-item'>\n\t\t\t\t<dt class='gallery-icon landscape'>\n\t\t\t\t\t<a class=\"rollover rollover-zoom dt-pswp-item\" title=\"Premiazione di Diego de Paoli e Roberto Dalle Mule alle Fagioliadi 2023\" data-dt-img-description=\"\" data-large_image_width=\"2048\" data-large_image_height=\"1537\"href='https:\/\/www.radiopiu.net\/wordpress\/wp-content\/uploads\/2023\/10\/Premiazione-di-Diego-de-Paoli-e-Roberto-Dalle-Mule-alle-Fagioliadi-2023.jpg'><img loading=\"lazy\" decoding=\"async\" width=\"150\" height=\"150\" src=\"https:\/\/www.radiopiu.net\/wordpress\/wp-content\/uploads\/2023\/10\/Premiazione-di-Diego-de-Paoli-e-Roberto-Dalle-Mule-alle-Fagioliadi-2023-150x150.jpg\" class=\"attachment-thumbnail size-thumbnail\" alt=\"\" \/><\/a>\n\t\t\t\t<\/dt><\/dl><dl class='gallery-item'>\n\t\t\t\t<dt class='gallery-icon landscape'>\n\t\t\t\t\t<a class=\"rollover rollover-zoom dt-pswp-item\" title=\"Il Piatto vincente con Diego de Paoli, Roberto Dalle Mule, Rodolfo Bof e A...olagna\" data-dt-img-description=\"\" data-large_image_width=\"1600\" data-large_image_height=\"1201\"href='https:\/\/www.radiopiu.net\/wordpress\/wp-content\/uploads\/2023\/10\/Il-Piatto-vincente-con-Diego-de-Paoli-Roberto-Dalle-Mule-Rodolfo-Bof-e-A.olagna.jpg'><img loading=\"lazy\" decoding=\"async\" width=\"150\" height=\"150\" src=\"https:\/\/www.radiopiu.net\/wordpress\/wp-content\/uploads\/2023\/10\/Il-Piatto-vincente-con-Diego-de-Paoli-Roberto-Dalle-Mule-Rodolfo-Bof-e-A.olagna-150x150.jpg\" class=\"attachment-thumbnail size-thumbnail\" alt=\"\" \/><\/a>\n\t\t\t\t<\/dt><\/dl><br style=\"clear: both\" \/>\n\t\t\t<\/div>\n\n<p>&nbsp;<\/p>\n<p>&nbsp;<\/p>\n<p>********<\/p>\n","protected":false},"excerpt":{"rendered":"<p>di Alessia Dall\u2019\u00d2 FELTRE Grandi soddisfazioni per il bellunese, che si \u00e8 aggiudicato il primo premio alle Fagioliadi 2023 con il piatto a base di Fagiolo Gial\u00e9t della Valbelluna, uno dei prodotti Presidio Slow Food del nostro territorio. Il piatto \u00e8 stato preparato e presentato dallo Chef dell&#8217;ENAIP SFP di Feltre, Rodolfo Bof, in collaborazione&hellip;<\/p>\n","protected":false},"author":4,"featured_media":359209,"comment_status":"closed","ping_status":"closed","sticky":false,"template":"","format":"standard","meta":{"_monsterinsights_skip_tracking":false,"_monsterinsights_sitenote_active":false,"_monsterinsights_sitenote_note":"","_monsterinsights_sitenote_category":0,"footnotes":""},"categories":[49],"tags":[],"class_list":["post-359203","post","type-post","status-publish","format-standard","has-post-thumbnail","hentry","category-news-18","category-49","description-off"],"img_url":"https:\/\/www.radiopiu.net\/wordpress\/wp-content\/uploads\/2023\/10\/Il-Piatto-vincente-con-Diego-de-Paoli-Roberto-Dalle-Mule-Rodolfo-Bof-e-A.olagna.jpg","_links":{"self":[{"href":"https:\/\/www.radiopiu.net\/wordpress\/wp-json\/wp\/v2\/posts\/359203","targetHints":{"allow":["GET"]}}],"collection":[{"href":"https:\/\/www.radiopiu.net\/wordpress\/wp-json\/wp\/v2\/posts"}],"about":[{"href":"https:\/\/www.radiopiu.net\/wordpress\/wp-json\/wp\/v2\/types\/post"}],"author":[{"embeddable":true,"href":"https:\/\/www.radiopiu.net\/wordpress\/wp-json\/wp\/v2\/users\/4"}],"replies":[{"embeddable":true,"href":"https:\/\/www.radiopiu.net\/wordpress\/wp-json\/wp\/v2\/comments?post=359203"}],"version-history":[{"count":0,"href":"https:\/\/www.radiopiu.net\/wordpress\/wp-json\/wp\/v2\/posts\/359203\/revisions"}],"wp:featuredmedia":[{"embeddable":true,"href":"https:\/\/www.radiopiu.net\/wordpress\/wp-json\/wp\/v2\/media\/359209"}],"wp:attachment":[{"href":"https:\/\/www.radiopiu.net\/wordpress\/wp-json\/wp\/v2\/media?parent=359203"}],"wp:term":[{"taxonomy":"category","embeddable":true,"href":"https:\/\/www.radiopiu.net\/wordpress\/wp-json\/wp\/v2\/categories?post=359203"},{"taxonomy":"post_tag","embeddable":true,"href":"https:\/\/www.radiopiu.net\/wordpress\/wp-json\/wp\/v2\/tags?post=359203"}],"curies":[{"name":"wp","href":"https:\/\/api.w.org\/{rel}","templated":true}]}}