{"id":359238,"date":"2023-11-02T05:20:28","date_gmt":"2023-11-02T04:20:28","guid":{"rendered":"https:\/\/www.radiopiu.net\/wordpress\/?p=359238"},"modified":"2023-11-02T09:03:34","modified_gmt":"2023-11-02T08:03:34","slug":"giornale-radiopiu-02-novembre-2023-direttore-mirko-mezzacasada-40-anni-25-giugno-1983-25-giugno-2023","status":"publish","type":"post","link":"https:\/\/www.radiopiu.net\/wordpress\/giornale-radiopiu-02-novembre-2023-direttore-mirko-mezzacasada-40-anni-25-giugno-1983-25-giugno-2023\/","title":{"rendered":"GIORNALE RADIOPIU 02 NOVEMBRE 2023 DIRETTORE MIRKO MEZZACASA\u2026DA 40 ANNI 25 GIUGNO 1983-25 GIUGNO 2023"},"content":{"rendered":"<h1 class=\"entry-title photoswipe-wrapper\">40esimo di RADIOPIU\u2026. LA VOCE DELL\u2019EMOZIONE<\/h1>\n<h2><span style=\"color: #ff0000;\">ISCRIVITI AL NOSTRO CANALE\u00a0\u00a0YOUTUBE PER SEGUIRE IN DIRETTA I PRINCIPALI PROGRAMMI DI RADIO PIU\u2019 E LE FUTURE DIRETTE IN ESTERNA. PER ISCRIVERTI <a style=\"color: #ff0000;\" href=\"https:\/\/youtube.com\/@radiopiu1527\">CLICCA QUI\u00a0<\/a>E PREMI\u00a0 \u201cIscriviti\u201d\u00a0<\/span><\/h2>\n<p>&nbsp;<\/p>\n<p>&nbsp;<\/p>\n<hr \/>\n<p>&nbsp;<\/p>\n<p><strong>SP 563 SALESEI <\/strong><span style=\"color: #ff0000;\">\u00a0fino al 17 novembre<\/span> in localit\u00e0 Digonera di Rocca Pietore interdizione al traffico<\/p>\n<blockquote>\n<h3>CHIUSA IN ANTICIPO LA STRADA PER LE TRE CIME DI LAVAREDO<\/h3>\n<\/blockquote>\n<p><strong>AURONZO<\/strong> \u00a0La prima vera ondata di maltempo, con neve in quota che ha imbiancato le piste da sci in attesa della riapertura, ha convinto\u00a0 il Comune di Auronzo a chiudere la strada delle Tre Cime di Lavaredo. L&#8217;ordinanza ha di fatto chiuso con qualche giorno d&#8217;anticipo il parcheggio di forcella Longeres che avrebbe dovuto restare attivo sino a domenica.<\/p>\n<p>&nbsp;<\/p>\n<p>&nbsp;<\/p>\n<hr \/>\n<p>&nbsp;<\/p>\n<blockquote>\n<h1><span style=\"color: #0000ff;\"><strong>DOMENICA 05 NOVEMBRE\u00a0 interruzione di energia elettrica dalle 8 alle 15 in frazione Valcozzena di Agordo\u00a0<\/strong><\/span><\/h1>\n<\/blockquote>\n<p>&nbsp;<\/p>\n<blockquote>\n<h2>GSP&#8230;\u00a0 DISSERVIZI E SILENZI gli utenti abbandonati a se&#8217; stessi e senza preavviso.<\/h2>\n<\/blockquote>\n<p><span style=\"color: #ff0000;\">Bim Gsp? Comune? Dopo tre giorni si iniziano a mettere a rischio anche le minime regole igienico sanitarie.<\/span><\/p>\n<div class=\"articlePlainSubHead\"><strong><a class=\"dt-pswp-item\" href=\"https:\/\/www.radiopiu.net\/wordpress\/wp-content\/uploads\/2023\/08\/4_autobotte-Gsp.jpg\" data-dt-img-description=\"\" data-large_image_width=\"709\" data-large_image_height=\"531\"><img loading=\"lazy\" decoding=\"async\" class=\"size-medium wp-image-347077 alignleft\" src=\"https:\/\/www.radiopiu.net\/wordpress\/wp-content\/uploads\/2023\/08\/4_autobotte-Gsp-300x225.jpg\" alt=\"\" width=\"300\" height=\"225\" srcset=\"https:\/\/www.radiopiu.net\/wordpress\/wp-content\/uploads\/2023\/08\/4_autobotte-Gsp-300x225.jpg 300w, https:\/\/www.radiopiu.net\/wordpress\/wp-content\/uploads\/2023\/08\/4_autobotte-Gsp.jpg 709w\" sizes=\"auto, (max-width: 300px) 100vw, 300px\" \/><\/a>BELLUNO<\/strong>\u00a0 Senz&#8217;acqua e senza informazioni da luned\u00ec. Monta la protesta nei quartieri ai piedi del centro storico, dove nei giorni scorsi si \u00e8 verificato un guasto all&#8217;acquedotto che ieri, nel tardo pomeriggio, non era ancora stato risolto. L&#8217;acqua sarebbe stata tolta dalle 20 di luned\u00ec 30 ottobre alle 6 di marted\u00ec 31, salvo posticipo in caso di maltempo al 2 novembre sera. In realt\u00e0 gi\u00e0 dalle 13 di luned\u00ec le utenze della zona si sono trovate senz&#8217;acqua, tornata intorno alle 9 e non alle 6 di marted\u00ec, peraltro in misura ridottissima. Aree rimaste senza servizio:\u00a0 Borgo Pra&#8217;, Borgo Piave, via San Biagio, Gabelli e Lungardo.Bim Gsp ha lasciato come riferimento i numeri telefonici per le emergenze, numeri che sono stati chiamati da molti cittadini e pi\u00f9 volte, ma gli operatori non sono stati in grado di dare certezze.<\/div>\n<div class=\"articlePlainSubHead\"><\/div>\n<div class=\"articlePlainSubHead\"><\/div>\n<div><\/div>\n<p>&nbsp;<\/p>\n<hr \/>\n<p>&nbsp;<\/p>\n<p><a class=\"dt-pswp-item\" href=\"https:\/\/www.radiopiu.net\/wordpress\/wp-content\/uploads\/2023\/10\/34f4cfc6-e863-46e9-9695-8df44be63421.jpg\" data-dt-img-description=\"\" data-large_image_width=\"1200\" data-large_image_height=\"1200\"><img loading=\"lazy\" decoding=\"async\" class=\"wp-image-357393 alignleft\" src=\"https:\/\/www.radiopiu.net\/wordpress\/wp-content\/uploads\/2023\/10\/34f4cfc6-e863-46e9-9695-8df44be63421-300x300.jpg\" alt=\"\" width=\"81\" height=\"81\" srcset=\"https:\/\/www.radiopiu.net\/wordpress\/wp-content\/uploads\/2023\/10\/34f4cfc6-e863-46e9-9695-8df44be63421-300x300.jpg 300w, https:\/\/www.radiopiu.net\/wordpress\/wp-content\/uploads\/2023\/10\/34f4cfc6-e863-46e9-9695-8df44be63421-1024x1024.jpg 1024w, https:\/\/www.radiopiu.net\/wordpress\/wp-content\/uploads\/2023\/10\/34f4cfc6-e863-46e9-9695-8df44be63421-150x150.jpg 150w, https:\/\/www.radiopiu.net\/wordpress\/wp-content\/uploads\/2023\/10\/34f4cfc6-e863-46e9-9695-8df44be63421-768x768.jpg 768w, https:\/\/www.radiopiu.net\/wordpress\/wp-content\/uploads\/2023\/10\/34f4cfc6-e863-46e9-9695-8df44be63421.jpg 1200w\" sizes=\"auto, (max-width: 81px) 100vw, 81px\" \/><\/a>OGGI ALLA RADIO: <strong>ALLE 7<\/strong> LA RASSEGNA STAMPA LOCALE FLASH, PER CHI COME NOI ALLE SETTE DEL MATTINO VA DI FRETTA, TANTE NOTIZIE IN POCHE CHIACCHIERE. <strong>ALLE OTTO<\/strong> L&#8217;APPROFONDIMENTO NELLA STORICA RASSEGNA STAMPA LOCALE<\/p>\n<p>alle 10.30 e 1900 MARIA RITA GENTILIN quindicinale spazio con lo SPI CGIL di Belluno<br \/>\nalle 13.10 SPECIALE HOCKEY SU GHIACCIO GIOVANILE, IN STUDIO ALBERTO FONTANIVE E MATHIAS LEVIS<\/p>\n<p><span style=\"color: #ff0000;\">GIORNALE RADIO LOCALE:<\/span>\u00a07.00 RASSEGNA STAMPA FLASH 8.00 RASSEGNA STAMPA LOCALE 10.05 GR FLASH 11.05 GR FLASH 12.30 GIORNALE RADIO EDIZIONE PRINCIPALE 14.30 VIABILITA\u2019 15 METEO 1605 1630 LO SPORT GR FLASH 17 GR FLASH 18 GR FLASH 18.30 L\u2019APPROFONDIMENTO 19 I TITOLI DAL TG DI ANTENNA 3, CANALE 10 DIGITALE TERRESTRE 20.15 METEO,20.30 APPROFONDIMENTO<\/p>\n<p>&nbsp;<\/p>\n<hr \/>\n<p>&nbsp;<\/p>\n<blockquote>\n<h3>ALLERTA ROSSA PER RISCHIO IDROGEOLOGICO TRA OGGI E DOMANI<\/h3>\n<\/blockquote>\n<p><strong>REDAZIONE<\/strong> Il Meteo regionale segnala che tra oggi e la prima parte di domani si registrer\u00e0 tempo in prevalenza perturbato con precipitazioni diffuse e abbondanti sulle zone centrosettentrionali, localmente anche molto abbondanti su Prealpi e Dolomiti meridionali. Probabili, inoltre, i rovesci anche forti e locali temporali, specie su pianura e sulla costa. La fase pi\u00f9 intensa sar\u00e0 nel pomeriggio\/sera di oggi con venti forti meridionali sulla costa e sulla pianura limitrofa e sulle zone montane, specie sulle dorsali prealpine e in quota dove a tratti potranno risultare anche molto forti. Considerati i fenomeni meteorologici previsti sul Veneto, il Centro Funzionale Decentrato della Protezione Civile Regionale comunica che, dalle 15.00 di domani alla mezzanotte di venerd\u00ec 3 novembre, \u00e8 stata dichiarata la fase operativa di \u201cAllarme\u201d (allerta rossa) per criticit\u00e0 idrogeologica.\u00a0 Contemporaneamente tutti i bacini della regione saranno in fase di \u201cPreallarme\u201d (allerta arancione) per criticit\u00e0 idraulica. Per \u201cVento forte\u201d \u00e8 stata dichiarata la fase di \u201cAttenzione\u201d, dalle 14.00 di oggi alle 16.00 di domani, su costa e pianura limitrofa, zone pedemontane e zone montane.<\/p>\n<p><a class=\"dt-pswp-item\" href=\"https:\/\/www.radiopiu.net\/wordpress\/wp-content\/uploads\/2023\/11\/landscape_231101_1400.png\" data-dt-img-description=\"\" data-large_image_width=\"1920\" data-large_image_height=\"1080\"><img loading=\"lazy\" decoding=\"async\" class=\"alignnone wp-image-359439 size-large\" src=\"https:\/\/www.radiopiu.net\/wordpress\/wp-content\/uploads\/2023\/11\/landscape_231101_1400-1024x576.png\" alt=\"\" width=\"1024\" height=\"576\" srcset=\"https:\/\/www.radiopiu.net\/wordpress\/wp-content\/uploads\/2023\/11\/landscape_231101_1400-1024x576.png 1024w, https:\/\/www.radiopiu.net\/wordpress\/wp-content\/uploads\/2023\/11\/landscape_231101_1400-300x169.png 300w, https:\/\/www.radiopiu.net\/wordpress\/wp-content\/uploads\/2023\/11\/landscape_231101_1400-768x432.png 768w, https:\/\/www.radiopiu.net\/wordpress\/wp-content\/uploads\/2023\/11\/landscape_231101_1400-1536x864.png 1536w, https:\/\/www.radiopiu.net\/wordpress\/wp-content\/uploads\/2023\/11\/landscape_231101_1400.png 1920w\" sizes=\"auto, (max-width: 1024px) 100vw, 1024px\" \/><\/a><\/p>\n<p>&nbsp;<\/p>\n<hr \/>\n<p>&nbsp;<\/p>\n<blockquote>\n<h3>DUE FERITI LIEVI NELL&#8217;INCIDENTE ALLE PORTE DI AGORDO<\/h3>\n<\/blockquote>\n<p><strong>AGORDO<\/strong> Ieri mattina attorno alle 11 il Suem 118 \u00e8 stato inviato sulla SR 203 Agordina tra Agordo e Taibon, all&#8217;altezza della Villa Fiore, dove due auto sono entrate in collisione. Ferite due donne di Agordo di 31 e 42 anni che sono state trasportate al nosocomio di Agordo con ferite lievi. Sul posto anche i Vigili del Fuoco di Agordo che hanno regolato il traffico e i Carabinieri per i rilievi di legge.<\/p>\n\n\t\t\t<style type='text\/css'>\n\t\t\t\t#gallery-1 {\n\t\t\t\t\tmargin: auto;\n\t\t\t\t}\n\t\t\t\t#gallery-1 .gallery-item {\n\t\t\t\t\tfloat: left;\n\t\t\t\t\tmargin-top: 10px;\n\t\t\t\t\ttext-align: center;\n\t\t\t\t\twidth: 50%;\n\t\t\t\t}\n\t\t\t\t#gallery-1 img {\n\t\t\t\t\tborder: 2px solid #cfcfcf;\n\t\t\t\t}\n\t\t\t\t#gallery-1 .gallery-caption {\n\t\t\t\t\tmargin-left: 0;\n\t\t\t\t}\n\t\t\t\t\/* see gallery_shortcode() in wp-includes\/media.php *\/\n\t\t\t<\/style>\n\t\t<div id='gallery-1' class='dt-gallery-container gallery galleryid-359238 gallery-columns-2 gallery-size-thumbnail'><dl class='gallery-item'>\n\t\t\t\t<dt class='gallery-icon portrait'>\n\t\t\t\t\t<a class=\"rollover rollover-zoom dt-pswp-item\" title=\"4bd657f0-60cb-427a-bcb9-4aae8a48bfdb\" data-dt-img-description=\"\" data-large_image_width=\"1536\" data-large_image_height=\"2048\"href='https:\/\/www.radiopiu.net\/wordpress\/wp-content\/uploads\/2023\/11\/4bd657f0-60cb-427a-bcb9-4aae8a48bfdb.jpg'><img loading=\"lazy\" decoding=\"async\" width=\"150\" height=\"150\" src=\"https:\/\/www.radiopiu.net\/wordpress\/wp-content\/uploads\/2023\/11\/4bd657f0-60cb-427a-bcb9-4aae8a48bfdb-150x150.jpg\" class=\"attachment-thumbnail size-thumbnail\" alt=\"\" \/><\/a>\n\t\t\t\t<\/dt><\/dl><dl class='gallery-item'>\n\t\t\t\t<dt class='gallery-icon landscape'>\n\t\t\t\t\t<a class=\"rollover rollover-zoom dt-pswp-item\" title=\"2f16f1e1-fc7f-4f41-b6af-5fc184ebb428\" data-dt-img-description=\"\" data-large_image_width=\"1024\" data-large_image_height=\"511\"href='https:\/\/www.radiopiu.net\/wordpress\/wp-content\/uploads\/2023\/11\/2f16f1e1-fc7f-4f41-b6af-5fc184ebb428.jpg'><img loading=\"lazy\" decoding=\"async\" width=\"150\" height=\"150\" src=\"https:\/\/www.radiopiu.net\/wordpress\/wp-content\/uploads\/2023\/11\/2f16f1e1-fc7f-4f41-b6af-5fc184ebb428-150x150.jpg\" class=\"attachment-thumbnail size-thumbnail\" alt=\"\" \/><\/a>\n\t\t\t\t<\/dt><\/dl><br style=\"clear: both\" \/>\n\t\t\t<\/div>\n\n<p>&nbsp;<\/p>\n<hr \/>\n<p>&nbsp;<\/p>\n<blockquote>\n<h3>IN ALTO MARE IL PASSAGGIO DELLA CASA DI SOGGIORNO DI TAIBON AD ASCA<\/h3>\n<\/blockquote>\n<p><strong><a class=\"dt-pswp-item\" href=\"https:\/\/www.radiopiu.net\/wordpress\/wp-content\/uploads\/2021\/02\/CASA-SOGGIORNO-TAIBON.jpg\" data-dt-img-description=\"\" data-large_image_width=\"512\" data-large_image_height=\"324\"><img loading=\"lazy\" decoding=\"async\" class=\" wp-image-190126 alignleft\" src=\"https:\/\/www.radiopiu.net\/wordpress\/wp-content\/uploads\/2021\/02\/CASA-SOGGIORNO-TAIBON-300x190.jpg\" alt=\"\" width=\"180\" height=\"114\" srcset=\"https:\/\/www.radiopiu.net\/wordpress\/wp-content\/uploads\/2021\/02\/CASA-SOGGIORNO-TAIBON-300x190.jpg 300w, https:\/\/www.radiopiu.net\/wordpress\/wp-content\/uploads\/2021\/02\/CASA-SOGGIORNO-TAIBON.jpg 512w\" sizes=\"auto, (max-width: 180px) 100vw, 180px\" \/><\/a>TAIBON<\/strong><\/p>\n<p>DI GIANNI SANTOMASO<\/p>\n<audio class=\"wp-audio-shortcode\" id=\"audio-359238-1\" preload=\"none\" style=\"width: 100%;\" controls=\"controls\"><source type=\"audio\/mpeg\" src=\"https:\/\/www.radiopiu.net\/wordpress\/wp-content\/uploads\/2023\/11\/GIANNI-IN-ALTO-MARE-I-RAPPORTI-PER-IL-PASSAGGIO-DELLA-CASA-DI-SOGGIORNO-DI-TAIBON-AD-ASCA.mp3?_=1\" \/><a href=\"https:\/\/www.radiopiu.net\/wordpress\/wp-content\/uploads\/2023\/11\/GIANNI-IN-ALTO-MARE-I-RAPPORTI-PER-IL-PASSAGGIO-DELLA-CASA-DI-SOGGIORNO-DI-TAIBON-AD-ASCA.mp3\">https:\/\/www.radiopiu.net\/wordpress\/wp-content\/uploads\/2023\/11\/GIANNI-IN-ALTO-MARE-I-RAPPORTI-PER-IL-PASSAGGIO-DELLA-CASA-DI-SOGGIORNO-DI-TAIBON-AD-ASCA.mp3<\/a><\/audio>\n<p>&nbsp;<\/p>\n<hr \/>\n<p>&nbsp;<\/p>\n<blockquote>\n<h3>PAURA IN FORRA PER UN DOPPIO INFORTUNIO, IMPEGNATIVA SIMULAZIONE IN VAL MAOR<\/h3>\n<\/blockquote>\n<p><strong>BORGO VALBELLUNA\u00a0<\/strong> In zona di Carve, in Val Maor, esercitazione di soccorso\u00a0 condotta dal Soccorso alpino di Belluno in collaborazione con il Gruppo forre. Durante questa esercitazione, sono stati simulati due incidenti all&#8217;interno della forra, che ha visto coinvolto un torrentista e il suo compagno. Nel primo scenario, il torrentista ha riportato una frattura di tibia e perone dopo un salto nella forra, mentre il suo compagno, scendendo per chiedere aiuto, \u00e8 anch&#8217;esso rimasto coinvolto in un incidente cadendo e sbattendo il bacino. Queste simulazioni sono state eseguite al fine di testare le capacit\u00e0 di soccorso delle squadre coinvolte. Si sono svolti due scenari paralleli all&#8217;interno del canyon: uno nella parte bassa del torrente e l&#8217;altro nella parte alta della forra, entrambi con sfide uniche dovute alle condizioni del terreno e alla portata dell&#8217;acqua. Durante l&#8217;esercitazione, il personale sanitario ha fornito formazione sulla stabilizzazione dei feriti. Entrambi i feriti sono stati individuati, imbarellati e recuperati utilizzando teleferiche e paranchi, evidenziando una stretta collaborazione tra le squadre specializzate nel soccorso alpino e forre. Le manovre sono state monitorate da droni, dimostrando la loro utilit\u00e0 nell&#8217;individuazione di persone in ambienti ristretti e coperti dalla vegetazione. In particolare, una termocamera si \u00e8 dimostrata preziosa nelle operazioni di ricerca notturna. Questa esercitazione ha rappresentato un&#8217;opportunit\u00e0 importante per migliorare le competenze del Soccorso alpino e del Gruppo forre, garantendo che siano pronti a rispondere in situazioni di emergenza reali in queste zone difficili.<\/p>\n\n\t\t\t<style type='text\/css'>\n\t\t\t\t#gallery-2 {\n\t\t\t\t\tmargin: auto;\n\t\t\t\t}\n\t\t\t\t#gallery-2 .gallery-item {\n\t\t\t\t\tfloat: left;\n\t\t\t\t\tmargin-top: 10px;\n\t\t\t\t\ttext-align: center;\n\t\t\t\t\twidth: 25%;\n\t\t\t\t}\n\t\t\t\t#gallery-2 img {\n\t\t\t\t\tborder: 2px solid #cfcfcf;\n\t\t\t\t}\n\t\t\t\t#gallery-2 .gallery-caption {\n\t\t\t\t\tmargin-left: 0;\n\t\t\t\t}\n\t\t\t\t\/* see gallery_shortcode() in wp-includes\/media.php *\/\n\t\t\t<\/style>\n\t\t<div id='gallery-2' class='dt-gallery-container gallery galleryid-359238 gallery-columns-4 gallery-size-thumbnail'><dl class='gallery-item'>\n\t\t\t\t<dt class='gallery-icon landscape'>\n\t\t\t\t\t<a class=\"rollover rollover-zoom dt-pswp-item\" title=\"IMG-20231029-WA0008\" data-dt-img-description=\"\" data-large_image_width=\"1280\" data-large_image_height=\"1024\"href='https:\/\/www.radiopiu.net\/wordpress\/wp-content\/uploads\/2023\/10\/IMG-20231029-WA0008.jpg'><img loading=\"lazy\" decoding=\"async\" width=\"150\" height=\"150\" src=\"https:\/\/www.radiopiu.net\/wordpress\/wp-content\/uploads\/2023\/10\/IMG-20231029-WA0008-150x150.jpg\" class=\"attachment-thumbnail size-thumbnail\" alt=\"\" \/><\/a>\n\t\t\t\t<\/dt><\/dl><dl class='gallery-item'>\n\t\t\t\t<dt class='gallery-icon landscape'>\n\t\t\t\t\t<a class=\"rollover rollover-zoom dt-pswp-item\" title=\"IMG-20231029-WA0021\" data-dt-img-description=\"\" data-large_image_width=\"1280\" data-large_image_height=\"1024\"href='https:\/\/www.radiopiu.net\/wordpress\/wp-content\/uploads\/2023\/10\/IMG-20231029-WA0021.jpg'><img loading=\"lazy\" decoding=\"async\" width=\"150\" height=\"150\" src=\"https:\/\/www.radiopiu.net\/wordpress\/wp-content\/uploads\/2023\/10\/IMG-20231029-WA0021-150x150.jpg\" class=\"attachment-thumbnail size-thumbnail\" alt=\"\" \/><\/a>\n\t\t\t\t<\/dt><\/dl><dl class='gallery-item'>\n\t\t\t\t<dt class='gallery-icon portrait'>\n\t\t\t\t\t<a class=\"rollover rollover-zoom dt-pswp-item\" title=\"IMG-20231029-WA0002\" data-dt-img-description=\"\" data-large_image_width=\"1211\" data-large_image_height=\"1392\"href='https:\/\/www.radiopiu.net\/wordpress\/wp-content\/uploads\/2023\/10\/IMG-20231029-WA0002.jpg'><img loading=\"lazy\" decoding=\"async\" width=\"150\" height=\"150\" src=\"https:\/\/www.radiopiu.net\/wordpress\/wp-content\/uploads\/2023\/10\/IMG-20231029-WA0002-150x150.jpg\" class=\"attachment-thumbnail size-thumbnail\" alt=\"\" \/><\/a>\n\t\t\t\t<\/dt><\/dl><dl class='gallery-item'>\n\t\t\t\t<dt class='gallery-icon portrait'>\n\t\t\t\t\t<a class=\"rollover rollover-zoom dt-pswp-item\" title=\"IMG-20231029-WA0001\" data-dt-img-description=\"\" data-large_image_width=\"1218\" data-large_image_height=\"1392\"href='https:\/\/www.radiopiu.net\/wordpress\/wp-content\/uploads\/2023\/10\/IMG-20231029-WA0001.jpg'><img loading=\"lazy\" decoding=\"async\" width=\"150\" height=\"150\" src=\"https:\/\/www.radiopiu.net\/wordpress\/wp-content\/uploads\/2023\/10\/IMG-20231029-WA0001-150x150.jpg\" class=\"attachment-thumbnail size-thumbnail\" alt=\"\" \/><\/a>\n\t\t\t\t<\/dt><\/dl><br style=\"clear: both\" \/><dl class='gallery-item'>\n\t\t\t\t<dt class='gallery-icon portrait'>\n\t\t\t\t\t<a class=\"rollover rollover-zoom dt-pswp-item\" title=\"IMG-20231029-WA0003\" data-dt-img-description=\"\" data-large_image_width=\"1231\" data-large_image_height=\"1600\"href='https:\/\/www.radiopiu.net\/wordpress\/wp-content\/uploads\/2023\/10\/IMG-20231029-WA0003.jpg'><img loading=\"lazy\" decoding=\"async\" width=\"150\" height=\"150\" src=\"https:\/\/www.radiopiu.net\/wordpress\/wp-content\/uploads\/2023\/10\/IMG-20231029-WA0003-150x150.jpg\" class=\"attachment-thumbnail size-thumbnail\" alt=\"\" \/><\/a>\n\t\t\t\t<\/dt><\/dl><dl class='gallery-item'>\n\t\t\t\t<dt class='gallery-icon landscape'>\n\t\t\t\t\t<a class=\"rollover rollover-zoom dt-pswp-item\" title=\"IMG-20231029-WA0015\" data-dt-img-description=\"\" data-large_image_width=\"2000\" data-large_image_height=\"1500\"href='https:\/\/www.radiopiu.net\/wordpress\/wp-content\/uploads\/2023\/10\/IMG-20231029-WA0015.jpg'><img loading=\"lazy\" decoding=\"async\" width=\"150\" height=\"150\" src=\"https:\/\/www.radiopiu.net\/wordpress\/wp-content\/uploads\/2023\/10\/IMG-20231029-WA0015-150x150.jpg\" class=\"attachment-thumbnail size-thumbnail\" alt=\"\" aria-describedby=\"gallery-2-359340\" \/><\/a>\n\t\t\t\t<\/dt>\n\t\t\t\t\t<dd class='wp-caption-text gallery-caption' id='gallery-2-359340'>\n\t\t\t\t\tDRONE\n\t\t\t\t\t<\/dd><\/dl><dl class='gallery-item'>\n\t\t\t\t<dt class='gallery-icon landscape'>\n\t\t\t\t\t<a class=\"rollover rollover-zoom dt-pswp-item\" title=\"IMG-20231029-WA0010\" data-dt-img-description=\"\" data-large_image_width=\"2000\" data-large_image_height=\"1500\"href='https:\/\/www.radiopiu.net\/wordpress\/wp-content\/uploads\/2023\/10\/IMG-20231029-WA0010.jpg'><img loading=\"lazy\" decoding=\"async\" width=\"150\" height=\"150\" src=\"https:\/\/www.radiopiu.net\/wordpress\/wp-content\/uploads\/2023\/10\/IMG-20231029-WA0010-150x150.jpg\" class=\"attachment-thumbnail size-thumbnail\" alt=\"\" \/><\/a>\n\t\t\t\t<\/dt><\/dl>\n\t\t\t\t<br style='clear: both' \/>\n\t\t\t<\/div>\n\n<p>&nbsp;<\/p>\n<hr \/>\n<p>&nbsp;<\/p>\n<blockquote>\n<h3 class=\"entry-title\">AMBIENTE. BOTTACIN, \u201cANCORA 3 MILIONI PER ROTTAMARE VECCHIE STUFE<\/h3>\n<\/blockquote>\n<p><a class=\"dt-pswp-item pspw-wrap-ready\" href=\"https:\/\/www.radiopiu.net\/wordpress\/wp-content\/uploads\/2023\/10\/nostalgia-4353096_1280.jpg\" data-dt-img-description=\"\" data-large_image_width=\"1280\" data-large_image_height=\"801\"><img loading=\"lazy\" decoding=\"async\" class=\" wp-image-359355 alignleft\" src=\"https:\/\/www.radiopiu.net\/wordpress\/wp-content\/uploads\/2023\/10\/nostalgia-4353096_1280-300x188.jpg\" sizes=\"auto, (max-width: 300px) 100vw, 300px\" srcset=\"https:\/\/www.radiopiu.net\/wordpress\/wp-content\/uploads\/2023\/10\/nostalgia-4353096_1280-300x188.jpg 300w, https:\/\/www.radiopiu.net\/wordpress\/wp-content\/uploads\/2023\/10\/nostalgia-4353096_1280-1024x641.jpg 1024w, https:\/\/www.radiopiu.net\/wordpress\/wp-content\/uploads\/2023\/10\/nostalgia-4353096_1280-768x481.jpg 768w, https:\/\/www.radiopiu.net\/wordpress\/wp-content\/uploads\/2023\/10\/nostalgia-4353096_1280.jpg 1280w\" alt=\"\" width=\"168\" height=\"105\" \/><\/a>La Giunta regionale in Veneto, su proposta dell\u2019assessore all\u2019Ambiente Gianpaolo Bottacin, ha aumentato il finanziamento per il \u201cbando stufe\u201d con ulteriori 3,115,000 euro, portando l\u2019allocazione totale a 7 milioni di euro. L\u2019obiettivo di questa iniziativa \u00e8 promuovere la rottamazione delle vecchie stufe e l\u2019acquisto di impianti termici domestici a biomassa legnosa o pompe di calore elettriche con potenza nominale inferiore a 35 kW. Questo incentivo mira a migliorare la qualit\u00e0 dell\u2019aria, dato che il riscaldamento domestico rappresenta la principale fonte di inquinamento in Veneto. L\u2019estensione del finanziamento \u00e8 un incoraggiamento per coloro che avevano espresso interesse a partecipare al programma e un segnale di sostegno alle famiglie a basso reddito. Grazie alla combinazione dei contributi regionali e statali, \u00e8 possibile ottenere fino al 100% di copertura delle spese ammissibili. La scadenza per completare l\u2019acquisto e presentare la documentazione \u00e8 fissata al 7 maggio 2024.<\/p>\n<p>&nbsp;<\/p>\n<p>&nbsp;<\/p>\n<hr \/>\n<p>&nbsp;<\/p>\n<blockquote>\n<h3>RETE SENTIERISTICA DELLA VALLE DI LAMEN E DELLA VALLE DI SAN MARTINO, INTERVENTI PER QUASI 90 MILA EURO<\/h3>\n<\/blockquote>\n<p><strong><a class=\"dt-pswp-item\" href=\"https:\/\/www.radiopiu.net\/wordpress\/wp-content\/uploads\/2023\/07\/Feltre-Piazza-Maggiore.jpg\" data-dt-img-description=\"\" data-large_image_width=\"1595\" data-large_image_height=\"1054\"><img loading=\"lazy\" decoding=\"async\" class=\" wp-image-344857 alignleft\" src=\"https:\/\/www.radiopiu.net\/wordpress\/wp-content\/uploads\/2023\/07\/Feltre-Piazza-Maggiore-300x198.jpg\" alt=\"\" width=\"176\" height=\"116\" srcset=\"https:\/\/www.radiopiu.net\/wordpress\/wp-content\/uploads\/2023\/07\/Feltre-Piazza-Maggiore-300x198.jpg 300w, https:\/\/www.radiopiu.net\/wordpress\/wp-content\/uploads\/2023\/07\/Feltre-Piazza-Maggiore-1024x677.jpg 1024w, https:\/\/www.radiopiu.net\/wordpress\/wp-content\/uploads\/2023\/07\/Feltre-Piazza-Maggiore-768x508.jpg 768w, https:\/\/www.radiopiu.net\/wordpress\/wp-content\/uploads\/2023\/07\/Feltre-Piazza-Maggiore-1536x1015.jpg 1536w, https:\/\/www.radiopiu.net\/wordpress\/wp-content\/uploads\/2023\/07\/Feltre-Piazza-Maggiore.jpg 1595w\" sizes=\"auto, (max-width: 176px) 100vw, 176px\" \/><\/a>FELTRE<\/strong> Il Comune di Feltre e il Parco Nazionale delle Dolomiti Bellunesi hanno stipulato una convenzione per il ripristino e la manutenzione di cinque itinerari tra le frazioni di Lamen e Vignui. Questi sentieri, noti come il Sentiero dei Sapori, il Sentiero dei Covoli, il Sentiero dei Castagni Monumentali, il Sentiero della Valle di San Martino e il Sentiero degli Alberi Monumentali, saranno oggetto di lavori che inizieranno nei prossimi mesi. L&#8217;Ente Parco finanzier\u00e0 gran parte del progetto, con oltre 78.000 euro, provenienti dal Ministero dell&#8217;Ambiente e della Sicurezza Energetica, destinati al ripristino delle infrastrutture verdi e della rete sentieristica nel 2023. I lavori comprendono taglio e pulizia della vegetazione invasiva, messa in sicurezza di pareti rocciose, recinzioni, consolidamento di scarpate e installazione di arredi per scopi turistico-ricreativi. Il progetto mira a migliorare significativamente la rete sentieristica nella Valle di Lamen e nella Valle di San Martino, favorendo sia la conservazione naturale che il turismo del territorio.<\/p>\n<p>&nbsp;<\/p>\n<p>&nbsp;<\/p>\n<hr \/>\n<p>&nbsp;<\/p>\n<blockquote>\n<h3>DUE NUOVI DISPOSITIVI PORTATILI PER LA PNEUMOLOGIA DI BELLUNO<\/h3>\n<\/blockquote>\n<p><strong>DI BARBARA PAOLAZZI, RADIO CLUB 103<\/strong><\/p>\n<audio class=\"wp-audio-shortcode\" id=\"audio-359238-2\" preload=\"none\" style=\"width: 100%;\" controls=\"controls\"><source type=\"audio\/mpeg\" src=\"https:\/\/www.radiopiu.net\/wordpress\/wp-content\/uploads\/2023\/11\/PAOLAZZI-DONATI-DUE-NUOVI-DISPOSITVI-PNEUMOLOGIA-BELLUNO.mp3?_=2\" \/><a href=\"https:\/\/www.radiopiu.net\/wordpress\/wp-content\/uploads\/2023\/11\/PAOLAZZI-DONATI-DUE-NUOVI-DISPOSITVI-PNEUMOLOGIA-BELLUNO.mp3\">https:\/\/www.radiopiu.net\/wordpress\/wp-content\/uploads\/2023\/11\/PAOLAZZI-DONATI-DUE-NUOVI-DISPOSITVI-PNEUMOLOGIA-BELLUNO.mp3<\/a><\/audio>\n<p>&nbsp;<\/p>\n<p><a class=\"dt-pswp-item pspw-wrap-ready\" href=\"https:\/\/www.radiopiu.net\/wordpress\/wp-content\/uploads\/2023\/10\/donazione-aisla.jpeg\" data-dt-img-description=\"\" data-large_image_width=\"2040\" data-large_image_height=\"1530\"><img loading=\"lazy\" decoding=\"async\" class=\" wp-image-359350 alignleft\" src=\"https:\/\/www.radiopiu.net\/wordpress\/wp-content\/uploads\/2023\/10\/donazione-aisla-300x225.jpeg\" sizes=\"auto, (max-width: 300px) 100vw, 300px\" srcset=\"https:\/\/www.radiopiu.net\/wordpress\/wp-content\/uploads\/2023\/10\/donazione-aisla-300x225.jpeg 300w, https:\/\/www.radiopiu.net\/wordpress\/wp-content\/uploads\/2023\/10\/donazione-aisla-1024x768.jpeg 1024w, https:\/\/www.radiopiu.net\/wordpress\/wp-content\/uploads\/2023\/10\/donazione-aisla-768x576.jpeg 768w, https:\/\/www.radiopiu.net\/wordpress\/wp-content\/uploads\/2023\/10\/donazione-aisla-1536x1152.jpeg 1536w, https:\/\/www.radiopiu.net\/wordpress\/wp-content\/uploads\/2023\/10\/donazione-aisla.jpeg 2040w\" alt=\"\" width=\"189\" height=\"142\" \/><\/a>L\u2019 Associazione Italiana Sclerosi Laterale Amiotrofica \u2013 AISLA ha donato due nuovi dispositivi portatili alla Pneumologia dell\u2019Ospedale di Belluno. Si tratta di due dispositivi portatili, del valore di 3.000 euro, che saranno utilizzati per la diagnostica dei disturbi respiratori nel sonno a domicilio. In particolare, gli apparecchi potranno essere indossati a casa dai pazienti per la registrazione di eventuali apnee nel sonno e una volta riconsegnati all\u2019operatore sanitario, i dati registrati potranno essere elaborati a computer da uno specifico software, a cui possono accedere tutti i medici dell\u2019unit\u00e0 operativa, anche in remoto. Ieri i dispositivi sono stati ufficialmente consegnati al reparto di Pneumologia alla presenza del Commissario Ulss Dolomiti, Giuseppe Dal Ben, che ha incontrato il referente provinciale AISLA di Belluno, Luciano Tulimiero, ringraziando l\u2019Associazione, sempre attiva e presente a supporto dell\u2019Azienda a favore di vari servizi, per questo gesto di generosit\u00e0 e di attenzione verso le cure dei pazienti.<\/p>\n<p>&nbsp;<\/p>\n<hr \/>\n<p>&nbsp;<\/p>\n<blockquote>\n<h3>CORSO ONLINE DI INFORMAZIONE E FORMAZIONE SULL\u2019AFFIDO FAMILIARE<\/h3>\n<\/blockquote>\n<p><strong>BELLUNO<\/strong> La Ulss1 organizza un corso on line di informazione e formazione sull&#8217;affido familiare, incontri con la psicologa Patrizia Stevanin e l&#8217;assistente sociale Carmen Rossi. Nei giorni 9, 16, 23 novembre dalle 17.45 alle 19.30. &#8220;Se mi fido mi affido&#8221; su facebook, info 0437 514975<\/p>\n<p>&nbsp;<\/p>\n<hr \/>\n<p>&nbsp;<\/p>\n<blockquote>\n<h3>UN GRANDE FRATELLO IN PIENA REGOLA<\/h3>\n<\/blockquote>\n<p><strong><img loading=\"lazy\" decoding=\"async\" class=\"alignleft\" src=\"https:\/\/www.radiopiu.net\/wordpress\/wp-content\/uploads\/2022\/08\/VIDEOSORVEGLIANZA.png\" width=\"220\" height=\"170\" \/>LIVINALLONGO<\/strong><\/p>\n<p><strong>\u00a0DI LORENZO SORATROI<\/strong><\/p>\n<audio class=\"wp-audio-shortcode\" id=\"audio-359238-3\" preload=\"none\" style=\"width: 100%;\" controls=\"controls\"><source type=\"audio\/wav\" src=\"https:\/\/www.radiopiu.net\/wordpress\/wp-content\/uploads\/2023\/10\/LORENZO-GRANDE-FRATELLO.wav?_=3\" \/><a href=\"https:\/\/www.radiopiu.net\/wordpress\/wp-content\/uploads\/2023\/10\/LORENZO-GRANDE-FRATELLO.wav\">https:\/\/www.radiopiu.net\/wordpress\/wp-content\/uploads\/2023\/10\/LORENZO-GRANDE-FRATELLO.wav<\/a><\/audio>\n<p>&nbsp;<\/p>\n<p>&nbsp;<\/p>\n<hr \/>\n<p>&nbsp;<\/p>\n<blockquote>\n<h3>APPIA CNA BELLUNO: INNOVAZIONE E NUOVE FRONTIERE DIGITALI NELLE PROPOSTE DI ARREDAMONT<\/h3>\n<p><em>IN FIERA DIVERSI FOCUS SUL SETTORE LEGNO, MA ANCHE SU TEMI DI INTERESSE PER PICCOLE-MEDIE IMPRESE<\/em><\/p><\/blockquote>\n<p><img loading=\"lazy\" decoding=\"async\" class=\"alignleft\" src=\"https:\/\/www.radiopiu.net\/wordpress\/wp-content\/uploads\/2023\/10\/Visita-allo-stand-Appia-CNA-Belluno-ad-Arredamont-delle-istituzioni-scaled.jpeg\" width=\"295\" height=\"197\" \/>Filiera del legno, frontiere digitali, comunicazione. Sono solo alcuni dei temi proposti da Appia CNA Belluno, in corso di approfondimento ad Arredamont. Il primo fine settimana di appuntamenti ha registrato notevole successo in termini di presenze, grazie alla proposta di incontri utili alle piccole medie imprese su argomenti quale il microcredito e le opportunit\u00e0 offerte dai bandi, la previdenza, la sicurezza, il welfare o la fiscalit\u00e0. \u00abServizio alle imprese non \u00e8 solo assecondare e supportare l\u2019innovazione, bens\u00ec anche anticiparla e proporla, cos\u00ec da mostrare alle imprese le direzioni verso le quali il mercato e la societ\u00e0 si indirizzeranno nel prossimo futuro\u00bb, chiarisce il presidente Appia CNA Belluno, <strong>Massimo Sposato<\/strong>, che, insieme al direttore <strong>Cristian Sacchet<\/strong>, ha preso parte al taglio del nastro sabato scorso. \u00abUna parte degli eventi dei prossimi giorni sar\u00e0 infatti dedicata ai nuovi scenari proposti dalle tecnologie che, come sempre, disegnano velocemente nuove frontiere: social network, intelligenza artificiale, realt\u00e0 aumentata, ma anche energia e sostenibilit\u00e0\u00bb.<\/p>\n<p>Dopo gli eventi infrasettimanali dedicati al tema dei benefici derivanti dall\u2019acquisto di energia elettrica e gas naturale in forma aggregata (mercoled\u00ec 1 novembre alle 16) e alla sicurezza, con gli adempimenti in falegnameria e i piani di controllo (gioved\u00ec 2 alla stessa ora), sar\u00e0 il fine settimana ad accogliere gli appuntamenti centrali del programma.<\/p>\n<p><span style=\"color: #ff0000;\"><strong>GLI APPUNTAMENTI<\/strong><\/span><\/p>\n<p><strong>Venerd\u00ec 3<\/strong>, alle 15 in Sala Convegni, c\u2019\u00e8 attesa per la <strong>tavola rotonda \u201cRicostruiamo la filiera del legno\u201d<\/strong> che affronta la tematica centrale di Arredamont 2023. \u00abLa valorizzazione del settore del mobile italiano e della bioedilizia, che ci vede tra i paesi leader in Europa e nel mondo, e di cui il territorio bellunese rappresenta una fetta d\u2019eccellenza, deve passare dalla creazione di una filiera del legno virtuosa per avere una maggiore capacit\u00e0 autonoma di produzione di qualit\u00e0. Economia, gestione e salvaguardia delle foreste sono le parole chiave per riconnettere in sinergia tutti i soggetti della filiera del bosco-legno nazionale, attraverso la sfida del Cluster Italia Foresta Legno\u00bb spiegano i promotori.<\/p>\n<p>Sar\u00e0 invece <strong>l\u2019intelligenza artificiale<\/strong> il focus dell\u2019incontro di <strong>sabato 4<\/strong>, alle 10.30 sempre in Sala Convegni, ma soprattutto la sua applicazione nell\u2019ambito delle imprese artigiane, illustrata per la prima volta nel Bellunese con l\u2019obiettivo di informare le aziende e i giovani su come intrepretare e governare l\u2019evoluzione digitale. Questo inedito confronto sulle potenzialit\u00e0 e lo sviluppo delle nuove frontiere digitali vedr\u00e0 come relatori Jonni Malacarne, Ceo di Bluetensor, e Stefano Schiavo, fondatore di Sharazad, realt\u00e0 rispettivamente trentina e veneta, entrambe leader sui temi proposti.<\/p>\n<p>Sempre <strong>sabato 4<\/strong>, ma alle 15 presso lo stand di Appia (padiglione C \/ corsia R \/ stand 11\/13) saranno coinvolti, in particolare, giovani imprenditori nell\u2019incontro su \u201d<strong>Comunicazione &amp; social<\/strong>: ruolo dei social per l\u2019impresa artigiana\u201d, che ospiter\u00e0 un confronto con il formatore Paolo Largo e l\u2019influencer Massimo Barco (alcuni suoi divertenti video promossi in un progetto congiunto con Appia CNA Belluno sono gi\u00e0 virali sui social) sulle opportunit\u00e0 dei social network per la promozione e la crescita delle imprese.<\/p>\n<p>Si chiude <strong>domenica 5<\/strong>, alle 11 presso lo stand, tornando al tema centrale della fiera, con il convegno \u201c<strong>Frontiere dell\u2019occupazione femminile nella manifattura artigiana del legno<\/strong>\u201d, un confronto promosso dal Comitato Impresa Donna di Appia CNA Belluno. Protagonista dunque il mondo femminile in un interessante approfondimento che coinvolger\u00e0 anche alcuni istituti scolastici bellunesi.<\/p>\n<p>&nbsp;<\/p>\n<p>&nbsp;<\/p>\n<hr \/>\n<p>&nbsp;<\/p>\n<blockquote>\n<h3>LUNEDI&#8217; A BELLUNO L&#8217;INCONTRO CON CONFINDUSTRIA<\/h3>\n<\/blockquote>\n<p><strong>\u00a0DI BARBARA PAOLAZZI, RADIO CLUB 103<\/strong><\/p>\n<audio class=\"wp-audio-shortcode\" id=\"audio-359238-4\" preload=\"none\" style=\"width: 100%;\" controls=\"controls\"><source type=\"audio\/mpeg\" src=\"https:\/\/www.radiopiu.net\/wordpress\/wp-content\/uploads\/2023\/11\/PAOLAZZI-CONFINDUSTRIA-INCONTRO.mp3?_=4\" \/><a href=\"https:\/\/www.radiopiu.net\/wordpress\/wp-content\/uploads\/2023\/11\/PAOLAZZI-CONFINDUSTRIA-INCONTRO.mp3\">https:\/\/www.radiopiu.net\/wordpress\/wp-content\/uploads\/2023\/11\/PAOLAZZI-CONFINDUSTRIA-INCONTRO.mp3<\/a><\/audio>\n<p>&nbsp;<\/p>\n<p>&nbsp;<\/p>\n<hr \/>\n<p>&nbsp;<\/p>\n<blockquote>\n<h3 class=\"entry-title\">VALBELLUNA: IL NUOVO MARCHIO TURISTICO UNISCE E VALORIZZA IL TERRITORIO GRAZIE ALL\u2019ASSOCIAZIONE CULTURALE VESES<\/h3>\n<\/blockquote>\n<p><strong>BELLUNO<\/strong> Ufficializzato il nuovo marchio turistico \u201cValbelluna\u201d, realizzato dall&#8217;associazione culturale Veses. \u201cServiva un marchio territoriale, che ora \u00e8 a disposizione di enti e associazioni\u201d, spiegano i promotori.<\/p>\n<p><strong>DI DANIELE DALVIT<\/strong><\/p>\n<audio class=\"wp-audio-shortcode\" id=\"audio-359238-5\" preload=\"none\" style=\"width: 100%;\" controls=\"controls\"><source type=\"audio\/mpeg\" src=\"https:\/\/www.radiopiu.net\/wordpress\/wp-content\/uploads\/2023\/10\/Radio-Piu-Servizio-Marchio-Valbelluna-Veses.mp3?_=5\" \/><a href=\"https:\/\/www.radiopiu.net\/wordpress\/wp-content\/uploads\/2023\/10\/Radio-Piu-Servizio-Marchio-Valbelluna-Veses.mp3\">https:\/\/www.radiopiu.net\/wordpress\/wp-content\/uploads\/2023\/10\/Radio-Piu-Servizio-Marchio-Valbelluna-Veses.mp3<\/a><\/audio>\n<p><a class=\"dt-pswp-item\" href=\"https:\/\/www.radiopiu.net\/wordpress\/wp-content\/uploads\/2023\/10\/7b0983ed-a80e-490c-92fd-c8d5f8d7c3f3.jpg\" data-dt-img-description=\"\" data-large_image_width=\"1600\" data-large_image_height=\"793\"><img loading=\"lazy\" decoding=\"async\" class=\"size-medium wp-image-359371 aligncenter\" src=\"https:\/\/www.radiopiu.net\/wordpress\/wp-content\/uploads\/2023\/10\/7b0983ed-a80e-490c-92fd-c8d5f8d7c3f3-300x149.jpg\" alt=\"\" width=\"300\" height=\"149\" srcset=\"https:\/\/www.radiopiu.net\/wordpress\/wp-content\/uploads\/2023\/10\/7b0983ed-a80e-490c-92fd-c8d5f8d7c3f3-300x149.jpg 300w, https:\/\/www.radiopiu.net\/wordpress\/wp-content\/uploads\/2023\/10\/7b0983ed-a80e-490c-92fd-c8d5f8d7c3f3-1024x508.jpg 1024w, https:\/\/www.radiopiu.net\/wordpress\/wp-content\/uploads\/2023\/10\/7b0983ed-a80e-490c-92fd-c8d5f8d7c3f3-768x381.jpg 768w, https:\/\/www.radiopiu.net\/wordpress\/wp-content\/uploads\/2023\/10\/7b0983ed-a80e-490c-92fd-c8d5f8d7c3f3-1536x761.jpg 1536w, https:\/\/www.radiopiu.net\/wordpress\/wp-content\/uploads\/2023\/10\/7b0983ed-a80e-490c-92fd-c8d5f8d7c3f3.jpg 1600w\" sizes=\"auto, (max-width: 300px) 100vw, 300px\" \/><\/a><\/p>\n<p>&nbsp;<\/p>\n<hr \/>\n<p>&nbsp;<\/p>\n<blockquote>\n<h3>CARRIERA 360\u00b0 DA STUDENTE A PROFESSIONISTA<\/h3>\n<\/blockquote>\n<p><strong><img loading=\"lazy\" decoding=\"async\" class=\"alignleft\" src=\"https:\/\/www.radiopiu.net\/wordpress\/wp-content\/uploads\/2023\/10\/people-2557399_640.jpg\" width=\"267\" height=\"178\" \/>BELLUNO<\/strong> Primo evento del consiglio giovanile bellunese indirizzato agli studenti delle quinte superiori degli istituti di Belluno, con l\u2019amministrazione<\/p>\n<p><strong>LE DICHIARAZIONI, -Rebecca Esposito, presidente consiglio giovanile bellunese.\u00a0<\/strong><\/p>\n<p dir=\"auto\"><em>&#8220;L&#8217;evento ha coinvolto 19 realt\u00e0 fra cui aziende, associazioni di volontariato e anche una psicologa che potesse trattare anche temi quali l&#8217;autostima e come essa influisce nella vita lavorativa. I ragazzi partecipanti del quinto anno provenivano da 6 scuole del comune: Segato-Brustolon, Lollino, Da Vinci, Renier, Calvi e Catullo. Abbiamo contato circa 300 presenze e da un primo confronto sia con le aziende che con i ragazzi abbiamo ottenuto riscontri positivi, con feedback costruttivi su come migliorarci&#8221;.\u00a0<\/em><\/p>\n<p dir=\"auto\"><strong>LE DICHIARAZIONI, -Roberta Olivotto, assessore politiche giovanili<\/strong><\/p>\n<p dir=\"auto\"><em>\u00a0&#8220;E\u2019 stato bello vedere questo luogo iconico riempirsi di giovani. Ancora pi\u00f9 bello \u00e8 stato vedere queste ragazze e questi ragazzi al lavoro per ideare e organizzare un evento, che riguarda il loro stesso futuro, in maniera totalmente autonoma, rivolgendolo ad altri ragazzi. I ragazzi devono essere coinvolti nelle azioni che li riguardano e devono essere stimolati il protagonismo giovanile e le pratiche di cittadinanza attiva. Un ringraziamento anche ai volontari dell\u2019Associazione Nazionale della Polizia di Stato che con la loro presenza hanno reso possibile questo evento.&#8221;\u00a0 \u00a0\u00a0<\/em><\/p>\n<hr \/>\n<hr \/>\n<hr \/>\n<hr \/>\n<hr \/>\n<hr \/>\n<hr \/>\n<hr \/>\n<hr \/>\n<hr \/>\n<hr \/>\n<hr \/>\n<hr \/>\n<hr \/>\n<hr \/>\n<hr \/>\n<hr \/>\n<hr \/>\n<hr \/>\n<hr \/>\n<hr \/>\n<hr \/>\n<hr \/>\n<hr \/>\n<hr \/>\n<hr \/>\n<hr \/>\n<hr \/>\n<p dir=\"auto\"><a class=\"dt-pswp-item\" href=\"https:\/\/www.radiopiu.net\/wordpress\/wp-content\/uploads\/2023\/11\/8938049633869303275.jpg\" data-dt-img-description=\"\" data-large_image_width=\"500\" data-large_image_height=\"261\"><img loading=\"lazy\" decoding=\"async\" class=\"wp-image-359482 size-full aligncenter\" src=\"https:\/\/www.radiopiu.net\/wordpress\/wp-content\/uploads\/2023\/11\/8938049633869303275.jpg\" alt=\"\" width=\"500\" height=\"261\" srcset=\"https:\/\/www.radiopiu.net\/wordpress\/wp-content\/uploads\/2023\/11\/8938049633869303275.jpg 500w, https:\/\/www.radiopiu.net\/wordpress\/wp-content\/uploads\/2023\/11\/8938049633869303275-300x157.jpg 300w\" sizes=\"auto, (max-width: 500px) 100vw, 500px\" \/><\/a><\/p>\n<p><strong>\u00a0<\/strong><\/p>\n<p>&nbsp;<\/p>\n<blockquote>\n<h2>UN QUESTIONARIO PER MIGLIORARE, INIZIATIVA DEL MUSLA<\/h2>\n<\/blockquote>\n<p><a class=\"dt-pswp-item\" href=\"https:\/\/www.radiopiu.net\/wordpress\/wp-content\/uploads\/2023\/10\/Senza-nome-92.png\" data-dt-img-description=\"\" data-large_image_width=\"634\" data-large_image_height=\"161\"><img loading=\"lazy\" decoding=\"async\" class=\"size-medium wp-image-359252 aligncenter\" src=\"https:\/\/www.radiopiu.net\/wordpress\/wp-content\/uploads\/2023\/10\/Senza-nome-92-300x76.png\" alt=\"\" width=\"300\" height=\"76\" srcset=\"https:\/\/www.radiopiu.net\/wordpress\/wp-content\/uploads\/2023\/10\/Senza-nome-92-300x76.png 300w, https:\/\/www.radiopiu.net\/wordpress\/wp-content\/uploads\/2023\/10\/Senza-nome-92.png 634w\" sizes=\"auto, (max-width: 300px) 100vw, 300px\" \/><\/a><\/p>\n<p>AUDIO<\/p>\n<p><strong>BEATRICE COLCUC AUDIO\u00a0\u00a0<\/strong><\/p>\n<audio class=\"wp-audio-shortcode\" id=\"audio-359238-6\" preload=\"none\" style=\"width: 100%;\" controls=\"controls\"><source type=\"audio\/mpeg\" src=\"https:\/\/www.radiopiu.net\/wordpress\/wp-content\/uploads\/2023\/10\/BEA.mp3?_=6\" \/><a href=\"https:\/\/www.radiopiu.net\/wordpress\/wp-content\/uploads\/2023\/10\/BEA.mp3\">https:\/\/www.radiopiu.net\/wordpress\/wp-content\/uploads\/2023\/10\/BEA.mp3<\/a><\/audio>\n<p>&nbsp;<\/p>\n<h1>QUESTIONARIO: <span style=\"color: #0000ff;\"><strong><a style=\"color: #0000ff;\" href=\"https:\/\/docs.google.com\/forms\/d\/e\/1FAIpQLSfASTDpqjHfgvCewNdenDLMfnG5_qOAzVNeZuQD0p0fBPkRiQ\/viewform\">CLICCA QUI<\/a><\/strong><\/span><\/h1>\n<p>&nbsp;<\/p>\n<p>&nbsp;<\/p>\n<hr \/>\n<p>&nbsp;<\/p>\n<h2><span style=\"color: #008080;\">\u00a0&#8220;DINTORN E FORA VIA&#8221;\u00a0<\/span><span style=\"color: #008080;\"> IL PROGRAMMA\u00a0 <\/span><span style=\"color: #008080;\">A CURA DEL MUSLA\u00a0\u00a0<\/span><strong><span style=\"color: #ff0000;\">\u00a0 \u00a0<\/span><\/strong><\/h2>\n<h1 style=\"text-align: center;\"><span style=\"color: #ff0000;\">SECONDO ANNO\u00a0\u00a0<\/span><\/h1>\n<p>&nbsp;<\/p>\n<p><strong><a class=\"dt-pswp-item\" href=\"https:\/\/www.radiopiu.net\/wordpress\/wp-content\/uploads\/2023\/08\/GIORNALI.jpg\" data-dt-img-description=\"\" data-large_image_width=\"1280\" data-large_image_height=\"853\"><img loading=\"lazy\" decoding=\"async\" class=\" wp-image-350810 alignleft\" src=\"https:\/\/www.radiopiu.net\/wordpress\/wp-content\/uploads\/2023\/08\/GIORNALI-300x200.jpg\" alt=\"\" width=\"158\" height=\"105\" srcset=\"https:\/\/www.radiopiu.net\/wordpress\/wp-content\/uploads\/2023\/08\/GIORNALI-300x200.jpg 300w, https:\/\/www.radiopiu.net\/wordpress\/wp-content\/uploads\/2023\/08\/GIORNALI-1024x682.jpg 1024w, https:\/\/www.radiopiu.net\/wordpress\/wp-content\/uploads\/2023\/08\/GIORNALI-768x512.jpg 768w, https:\/\/www.radiopiu.net\/wordpress\/wp-content\/uploads\/2023\/08\/GIORNALI.jpg 1280w\" sizes=\"auto, (max-width: 158px) 100vw, 158px\" \/><\/a>PUNTATA 31 OTTOBRE ELEONORA TROI<\/strong><\/p>\n<audio class=\"wp-audio-shortcode\" id=\"audio-359238-7\" preload=\"none\" style=\"width: 100%;\" controls=\"controls\"><source type=\"audio\/mpeg\" src=\"https:\/\/www.radiopiu.net\/wordpress\/wp-content\/uploads\/2023\/10\/MUSLA-7.mp3?_=7\" \/><a href=\"https:\/\/www.radiopiu.net\/wordpress\/wp-content\/uploads\/2023\/10\/MUSLA-7.mp3\">https:\/\/www.radiopiu.net\/wordpress\/wp-content\/uploads\/2023\/10\/MUSLA-7.mp3<\/a><\/audio>\n<p>&nbsp;<\/p>\n<p>&nbsp;<\/p>\n<hr \/>\n<p>&nbsp;<\/p>\n<p>&nbsp;<\/p>\n<p>&nbsp;<\/p>\n<p>&nbsp;<\/p>\n<p><strong><a class=\"dt-pswp-item\" href=\"https:\/\/www.radiopiu.net\/wordpress\/wp-content\/uploads\/2023\/10\/FALCADE.png\" data-dt-img-description=\"\" data-large_image_width=\"491\" data-large_image_height=\"195\"><img loading=\"lazy\" decoding=\"async\" class=\"size-medium wp-image-358629 aligncenter\" src=\"https:\/\/www.radiopiu.net\/wordpress\/wp-content\/uploads\/2023\/10\/FALCADE-300x119.png\" alt=\"\" width=\"300\" height=\"119\" srcset=\"https:\/\/www.radiopiu.net\/wordpress\/wp-content\/uploads\/2023\/10\/FALCADE-300x119.png 300w, https:\/\/www.radiopiu.net\/wordpress\/wp-content\/uploads\/2023\/10\/FALCADE.png 491w\" sizes=\"auto, (max-width: 300px) 100vw, 300px\" \/><\/a><\/strong><\/p>\n<blockquote>\n<h3>L&#8217;ANNIVERSARIO DELL&#8217;ALLUVIONE DEL 1966<\/h3>\n<\/blockquote>\n<p><strong>DI GIANNI SANTOMASO<\/strong><\/p>\n<audio class=\"wp-audio-shortcode\" id=\"audio-359238-8\" preload=\"none\" style=\"width: 100%;\" controls=\"controls\"><source type=\"audio\/mpeg\" src=\"https:\/\/www.radiopiu.net\/wordpress\/wp-content\/uploads\/2023\/11\/GIANNI-ALLUVIONE-1966-FALCADE.mp3?_=8\" \/><a href=\"https:\/\/www.radiopiu.net\/wordpress\/wp-content\/uploads\/2023\/11\/GIANNI-ALLUVIONE-1966-FALCADE.mp3\">https:\/\/www.radiopiu.net\/wordpress\/wp-content\/uploads\/2023\/11\/GIANNI-ALLUVIONE-1966-FALCADE.mp3<\/a><\/audio>\n<p>&nbsp;<\/p>\n<p><strong>FALCADE<\/strong> Sabato 4 e domenica 5 novembre l&#8217;amministrazione comunale di Falcade ricorda l&#8217;Alluvione del 1966. Sabato alle 14 la santa messa nella frazione di Somor a ricordo dei concittadini che sono scomparsi a causa dell&#8217;evento. In caso di maltempo la celebrazione sar\u00e0 a Falcade Alto. Domenica alle 10:30 la Santa Messa nella chiesa di Falcade e la deposizione di una corona d&#8217;alloro al monumento ai caduti.<\/p>\n<p>&nbsp;<\/p>\n<p>&nbsp;<\/p>\n<hr \/>\n<p>&nbsp;<\/p>\n<blockquote>\n<h3>IL CONSIGLIO COMUNALE DI COLLE SANTA LUCIA E VOLTAGO<\/h3>\n<\/blockquote>\n<p><strong>COLLE SANTA LUCIA<\/strong> Il sindaco di Colle Santa Lucia Paolo Frena ha convocato il consiglio comunale per domani alle 18. Sette punti da discutere tra cui una variazione a bilancio, l&#8217;approvazione del piano delle allienazioni e valorizzazioni immobiliari e la conferma dell&#8217;aliquota irpef per l&#8217;anno 2024<\/p>\n<p><strong>VOLTAGO<\/strong> Martedi 7 novembre alle 18 consiglio comunale convocato dal sindaco Giuseppe Schena. All&#8217;ordine del giorno l&#8217;interrogazione delle consigliere Francesca Della Lucia e Federica Benvegn\u00f9 inerente la frazione di Frassen\u00e9. Variazione al bilancio, debiti fuori bilancio per 117mila euro, servizi associati, regolamenti per la concessione del patrocinio e sull&#8217;utilizz del canale telegram informazione al cittadino.<\/p>\n<p>&nbsp;<\/p>\n<p>&nbsp;<\/p>\n<hr \/>\n<p>&nbsp;<\/p>\n<blockquote>\n<h3>UN BANDO PER 23 ATLETI DA ASSEGNARE ALLE FIAMME ORO<\/h3>\n<\/blockquote>\n<p><strong>BELLUNO <\/strong>Sul Portale Unico del reclutamento, disponibile all\u2019indirizzo <a href=\"http:\/\/www.inpa.gov.it\">www.inpa.gov.it<\/a> nonch\u00e9 sul sito <a href=\"http:\/\/www.poliziadistato.it\">www.poliziadistato.it<\/a>, in data 27 ottobre 2023, \u00e8 stato pubblicato il bando di concorso pubblico, per titoli per l\u2019assunzione di 23 atleti da assegnare ai gruppi sportivi \u201cPolizia di Stato \u2013 Fiamme Oro\u201d, che saranno inquadrati nel ruolo degli genti e assistenti della Polizia di Stato, con la qualifica di agente. La domanda di partecipazione al concorso deve essere presentata entro il termine di trenta giorni, \u00a0decorrenti dal giorno successivo alla data di pubblicazione del bando sul\u00a0 Portale unico di reclutamento (<a href=\"http:\/\/www.inpa.gov.it\">www.inpa.gov.it<\/a>) o mediante la procedura informatica disponibile all\u2019indirizzo <a href=\"https:\/\/concorsionline.poliziadistato.it\">https:\/\/concorsionline.poliziadistato.it<\/a>.<\/p>\n<p>&nbsp;<\/p>\n<hr \/>\n<p>&nbsp;<\/p>\n<blockquote>\n<h3><a class=\"dt-pswp-item\" href=\"https:\/\/www.radiopiu.net\/wordpress\/wp-content\/uploads\/2023\/11\/ooasgya-300x182-1.png\" data-dt-img-description=\"\" data-large_image_width=\"300\" data-large_image_height=\"182\"><img loading=\"lazy\" decoding=\"async\" class=\"wp-image-359480 alignleft\" src=\"https:\/\/www.radiopiu.net\/wordpress\/wp-content\/uploads\/2023\/11\/ooasgya-300x182-1.png\" alt=\"\" width=\"181\" height=\"110\" \/><\/a>AD AGORDO UN INCONTRO PER PARLARE DELLA RIFORMA DELLO SPORT<\/h3>\n<\/blockquote>\n<p>&nbsp;<\/p>\n<p>&nbsp;<\/p>\n<p><strong>DI GIANNI SANTOMASO<\/strong><\/p>\n<audio class=\"wp-audio-shortcode\" id=\"audio-359238-9\" preload=\"none\" style=\"width: 100%;\" controls=\"controls\"><source type=\"audio\/mpeg\" src=\"https:\/\/www.radiopiu.net\/wordpress\/wp-content\/uploads\/2023\/11\/GIANNI-INCONTRO-AICS-SALA-DON-TAMIS.mp3?_=9\" \/><a href=\"https:\/\/www.radiopiu.net\/wordpress\/wp-content\/uploads\/2023\/11\/GIANNI-INCONTRO-AICS-SALA-DON-TAMIS.mp3\">https:\/\/www.radiopiu.net\/wordpress\/wp-content\/uploads\/2023\/11\/GIANNI-INCONTRO-AICS-SALA-DON-TAMIS.mp3<\/a><\/audio>\n<p>&nbsp;<\/p>\n<p><strong>l&#8217;intervista al Presidente Aics Belluno, Davide Capponi di mirko mezzacasa<\/strong><\/p>\n<audio class=\"wp-audio-shortcode\" id=\"audio-359238-10\" preload=\"none\" style=\"width: 100%;\" controls=\"controls\"><source type=\"audio\/mpeg\" src=\"https:\/\/www.radiopiu.net\/wordpress\/wp-content\/uploads\/2023\/11\/davide-capponi.mp3?_=10\" \/><a href=\"https:\/\/www.radiopiu.net\/wordpress\/wp-content\/uploads\/2023\/11\/davide-capponi.mp3\">https:\/\/www.radiopiu.net\/wordpress\/wp-content\/uploads\/2023\/11\/davide-capponi.mp3<\/a><\/audio>\n<p>&nbsp;<\/p>\n<p><strong>AGORDO<\/strong> L&#8217;AICS di Belluno in collaborazione con l&#8217;Unione Montana Agordina organizza un incontro in Sala Don Tamis per parlare della riforma dello sport. La serata si svolger\u00e0 domani alle 20:30. &#8220;Lavoratori Volontari Nello Sport&#8221; il titolo della serata a cura di Bianca Maria Stivanello, Avvocato cassazionista che si occupa di diritto e fiscalit\u00e0 dello sport e del terzo settore.<\/p>\n<p>&nbsp;<\/p>\n<hr \/>\n<p>&nbsp;<\/p>\n<blockquote>\n<h3>DAL DOLOMITI GARDEN CON STEFANO DE PARIS<\/h3>\n<\/blockquote>\n<p><strong>BELLUNO<\/strong> In diretta dal Dolomiti Garden con Stefano De Paris<\/p>\n<p><strong>LA DIRETTA RADIO PIU&#8217;<\/strong><\/p>\n<p><iframe loading=\"lazy\" title=\"Dolomiti garden\" width=\"1200\" height=\"675\" src=\"https:\/\/www.youtube.com\/embed\/bdM82djOE1g?feature=oembed\" frameborder=\"0\" allow=\"accelerometer; autoplay; clipboard-write; encrypted-media; gyroscope; picture-in-picture; web-share\" allowfullscreen><\/iframe><\/p>\n<p>&nbsp;<\/p>\n<p>&nbsp;<\/p>\n<hr \/>\n<p>&nbsp;<\/p>\n<blockquote>\n<h3>LA CHRISTMAS TOWN DI BARDIN<\/h3>\n<\/blockquote>\n<p><strong>SANTA GIUSTINA<\/strong> Con Elia Casagrande andiamo a scoprire il Christmas Town di Bardin<\/p>\n<p><iframe loading=\"lazy\" title=\"Bardin srl\" width=\"1200\" height=\"675\" src=\"https:\/\/www.youtube.com\/embed\/oK_ouSfqGRQ?feature=oembed\" frameborder=\"0\" allow=\"accelerometer; autoplay; clipboard-write; encrypted-media; gyroscope; picture-in-picture; web-share\" allowfullscreen><\/iframe><\/p>\n<p>&nbsp;<\/p>\n<p>&nbsp;<\/p>\n<h2><span style=\"color: #ff6600;\">ALLA RADIO<\/span><\/h2>\n<h2><span style=\"color: #ff00ff;\">LIBER, IL NUOVO PROGRAMMA DI LIANA CAVALLET<\/span><\/h2>\n<p><strong>PUNTATA 07 &#8211; 01 NOVEMBRE 2023 &#8220;IL SEGRETO DEL TENENTE GIARDINA&#8221; GIOVANNI GRASSO<\/strong><\/p>\n<p><a class=\"dt-pswp-item\" href=\"https:\/\/www.radiopiu.net\/wordpress\/wp-content\/uploads\/2023\/10\/d5867c31-1e3e-4444-ada8-c682abf7bb1e.jpg\" data-dt-img-description=\"\" data-large_image_width=\"318\" data-large_image_height=\"450\"><img loading=\"lazy\" decoding=\"async\" class=\"size-medium wp-image-359419 aligncenter\" src=\"https:\/\/www.radiopiu.net\/wordpress\/wp-content\/uploads\/2023\/10\/d5867c31-1e3e-4444-ada8-c682abf7bb1e-212x300.jpg\" alt=\"\" width=\"212\" height=\"300\" srcset=\"https:\/\/www.radiopiu.net\/wordpress\/wp-content\/uploads\/2023\/10\/d5867c31-1e3e-4444-ada8-c682abf7bb1e-212x300.jpg 212w, https:\/\/www.radiopiu.net\/wordpress\/wp-content\/uploads\/2023\/10\/d5867c31-1e3e-4444-ada8-c682abf7bb1e.jpg 318w\" sizes=\"auto, (max-width: 212px) 100vw, 212px\" \/><\/a><\/p>\n<audio class=\"wp-audio-shortcode\" id=\"audio-359238-11\" preload=\"none\" style=\"width: 100%;\" controls=\"controls\"><source type=\"audio\/mpeg\" src=\"https:\/\/www.radiopiu.net\/wordpress\/wp-content\/uploads\/2023\/10\/LIANA-4.mp3?_=11\" \/><a href=\"https:\/\/www.radiopiu.net\/wordpress\/wp-content\/uploads\/2023\/10\/LIANA-4.mp3\">https:\/\/www.radiopiu.net\/wordpress\/wp-content\/uploads\/2023\/10\/LIANA-4.mp3<\/a><\/audio>\n<p>&nbsp;<\/p>\n<p><strong>LA RACCOLTA COMPLETA <a href=\"https:\/\/www.radiopiu.net\/wordpress\/liber-il-nuovo-programma-di-liana-cavalet-la-raccolta-2\/\">CLICCA QUI<\/a><\/strong><\/p>\n<p>&nbsp;<\/p>\n<p>&nbsp;<\/p>\n<hr \/>\n<p>&nbsp;<\/p>\n<p><strong>Ognissanti DI JOHN FRANCIS DELLA PIETRA\u00a0<\/strong><\/p>\n<p>La bella stagione s \u00e8 guastata<br \/>\n\u00c8 il suo tempo ormai \u00e8 gi\u00e0 avanzata<br \/>\nCos\u00ec in un attimo siamo giunti<br \/>\nAlle ricorrenze dei santi e defunti<br \/>\nNoi li vogliamo ora accomunare<br \/>\nPer quanto c han saputo e ci sanno ausiliare<br \/>\nSaranno anche momenti d intensi ricordi<br \/>\nEd in essi mai demordi<br \/>\nLa santa messa officiata nelle chiese<br \/>\nAi cimiteri le accorate visite ben spese<br \/>\nCon un po di commozione<br \/>\nMa nel rimembrare con viva emozione<br \/>\nIn questa festa<br \/>\nAnche il meteo c aprir\u00e0 di tregua una finestra<br \/>\nDa poter andare<br \/>\nIn pace i nostri cari a salutare<br \/>\nE quando sul crepuscolo scender\u00e0 l oscurit\u00e0 della sera<br \/>\nSalir\u00e0 lass\u00f9 nel cielo la nostra per loro forte silente preghiera<\/p>\n<p><strong>Le foglie che ingialliscono la vita I frutti rossi l amore Il sempreverde il ricordo<\/strong><\/p>\n\n\t\t\t<style type='text\/css'>\n\t\t\t\t#gallery-3 {\n\t\t\t\t\tmargin: auto;\n\t\t\t\t}\n\t\t\t\t#gallery-3 .gallery-item {\n\t\t\t\t\tfloat: left;\n\t\t\t\t\tmargin-top: 10px;\n\t\t\t\t\ttext-align: center;\n\t\t\t\t\twidth: 16%;\n\t\t\t\t}\n\t\t\t\t#gallery-3 img {\n\t\t\t\t\tborder: 2px solid #cfcfcf;\n\t\t\t\t}\n\t\t\t\t#gallery-3 .gallery-caption {\n\t\t\t\t\tmargin-left: 0;\n\t\t\t\t}\n\t\t\t\t\/* see gallery_shortcode() in wp-includes\/media.php *\/\n\t\t\t<\/style>\n\t\t<div id='gallery-3' class='dt-gallery-container gallery galleryid-359238 gallery-columns-6 gallery-size-thumbnail'><dl class='gallery-item'>\n\t\t\t\t<dt class='gallery-icon portrait'>\n\t\t\t\t\t<a class=\"rollover\" href='https:\/\/www.radiopiu.net\/wordpress\/giornale-radiopiu-02-novembre-2023-direttore-mirko-mezzacasada-40-anni-25-giugno-1983-25-giugno-2023\/1772d1de-efa7-4ae4-ad39-fec868611f5d\/'><img loading=\"lazy\" decoding=\"async\" width=\"150\" height=\"150\" src=\"https:\/\/www.radiopiu.net\/wordpress\/wp-content\/uploads\/2023\/11\/1772d1de-efa7-4ae4-ad39-fec868611f5d-150x150.jpg\" class=\"attachment-thumbnail size-thumbnail\" alt=\"\" \/><\/a>\n\t\t\t\t<\/dt><\/dl><dl class='gallery-item'>\n\t\t\t\t<dt class='gallery-icon landscape'>\n\t\t\t\t\t<a class=\"rollover\" href='https:\/\/www.radiopiu.net\/wordpress\/giornale-radiopiu-02-novembre-2023-direttore-mirko-mezzacasada-40-anni-25-giugno-1983-25-giugno-2023\/4b4ec2b6-c2bd-4786-b783-10f88caf4406\/'><img loading=\"lazy\" decoding=\"async\" width=\"150\" height=\"150\" src=\"https:\/\/www.radiopiu.net\/wordpress\/wp-content\/uploads\/2023\/11\/4b4ec2b6-c2bd-4786-b783-10f88caf4406-150x150.jpg\" class=\"attachment-thumbnail size-thumbnail\" alt=\"\" \/><\/a>\n\t\t\t\t<\/dt><\/dl><dl class='gallery-item'>\n\t\t\t\t<dt class='gallery-icon landscape'>\n\t\t\t\t\t<a class=\"rollover\" href='https:\/\/www.radiopiu.net\/wordpress\/giornale-radiopiu-02-novembre-2023-direttore-mirko-mezzacasada-40-anni-25-giugno-1983-25-giugno-2023\/d7152194-8f62-493f-933e-71a354b3567e\/'><img loading=\"lazy\" decoding=\"async\" width=\"150\" height=\"150\" src=\"https:\/\/www.radiopiu.net\/wordpress\/wp-content\/uploads\/2023\/11\/d7152194-8f62-493f-933e-71a354b3567e-150x150.jpg\" class=\"attachment-thumbnail size-thumbnail\" alt=\"\" \/><\/a>\n\t\t\t\t<\/dt><\/dl><dl class='gallery-item'>\n\t\t\t\t<dt class='gallery-icon landscape'>\n\t\t\t\t\t<a class=\"rollover\" href='https:\/\/www.radiopiu.net\/wordpress\/giornale-radiopiu-02-novembre-2023-direttore-mirko-mezzacasada-40-anni-25-giugno-1983-25-giugno-2023\/0f70ff32-820c-4bbc-99f9-fe12f4e624fa\/'><img loading=\"lazy\" decoding=\"async\" width=\"150\" height=\"150\" src=\"https:\/\/www.radiopiu.net\/wordpress\/wp-content\/uploads\/2023\/11\/0f70ff32-820c-4bbc-99f9-fe12f4e624fa-150x150.jpg\" class=\"attachment-thumbnail size-thumbnail\" alt=\"\" \/><\/a>\n\t\t\t\t<\/dt><\/dl><dl class='gallery-item'>\n\t\t\t\t<dt class='gallery-icon landscape'>\n\t\t\t\t\t<a class=\"rollover\" href='https:\/\/www.radiopiu.net\/wordpress\/giornale-radiopiu-02-novembre-2023-direttore-mirko-mezzacasada-40-anni-25-giugno-1983-25-giugno-2023\/b180d1f2-eb96-4469-bd70-b5c33a7f7d0a\/'><img loading=\"lazy\" decoding=\"async\" width=\"150\" height=\"150\" src=\"https:\/\/www.radiopiu.net\/wordpress\/wp-content\/uploads\/2023\/11\/b180d1f2-eb96-4469-bd70-b5c33a7f7d0a-150x150.jpg\" class=\"attachment-thumbnail size-thumbnail\" alt=\"\" \/><\/a>\n\t\t\t\t<\/dt><\/dl><dl class='gallery-item'>\n\t\t\t\t<dt class='gallery-icon landscape'>\n\t\t\t\t\t<a class=\"rollover\" href='https:\/\/www.radiopiu.net\/wordpress\/giornale-radiopiu-02-novembre-2023-direttore-mirko-mezzacasada-40-anni-25-giugno-1983-25-giugno-2023\/9bee3431-fabd-46e8-87bf-64d753c095b9\/'><img loading=\"lazy\" decoding=\"async\" width=\"150\" height=\"150\" src=\"https:\/\/www.radiopiu.net\/wordpress\/wp-content\/uploads\/2023\/11\/9bee3431-fabd-46e8-87bf-64d753c095b9-150x150.jpg\" class=\"attachment-thumbnail size-thumbnail\" alt=\"\" \/><\/a>\n\t\t\t\t<\/dt><\/dl><br style=\"clear: both\" \/>\n\t\t\t<\/div>\n\n<p>&nbsp;<\/p>\n<p>&nbsp;<\/p>\n<hr \/>\n<p>&nbsp;<\/p>\n<h2><span style=\"color: #99cc00;\">EP CENTER CON FRANCESCO ZILIO<\/span><\/h2>\n<p>Si parla di documentazione tecnica a corredo degli impianti a manutenzione<\/p>\n<p><iframe loading=\"lazy\" title=\"EPCENTER CON FRANCESCO ZILLIO\" width=\"1200\" height=\"675\" src=\"https:\/\/www.youtube.com\/embed\/rUeGr5ey2vA?feature=oembed\" frameborder=\"0\" allow=\"accelerometer; autoplay; clipboard-write; encrypted-media; gyroscope; picture-in-picture; web-share\" allowfullscreen><\/iframe><\/p>\n<p>&nbsp;<\/p>\n<p>&nbsp;<\/p>\n<h2 class=\"entry-title\"><span style=\"color: #333399;\">\u201cSEMPRE CONNESSI\u201d, DUE PUNTATE SPECIALI CON LUISA MANFROI<\/span><\/h2>\n<p><strong>REDAZIONE<\/strong> L&#8217;inchiesta della giornalista e insegnante Luisa Manfroi sar\u00e0 messa in onda su Radio Pi\u00f9<\/p>\n<h2>PUNTATA 01\u00a0 lunedi 30 10 2023<\/h2>\n<audio class=\"wp-audio-shortcode\" id=\"audio-359238-12\" preload=\"none\" style=\"width: 100%;\" controls=\"controls\"><source type=\"audio\/mpeg\" src=\"https:\/\/www.radiopiu.net\/wordpress\/wp-content\/uploads\/2023\/10\/LUISA-1-IN-ONDA-LUNEDI.mp3?_=12\" \/><a href=\"https:\/\/www.radiopiu.net\/wordpress\/wp-content\/uploads\/2023\/10\/LUISA-1-IN-ONDA-LUNEDI.mp3\">https:\/\/www.radiopiu.net\/wordpress\/wp-content\/uploads\/2023\/10\/LUISA-1-IN-ONDA-LUNEDI.mp3<\/a><\/audio>\n<p>&nbsp;<\/p>\n<h2>PUNTATA 02 martedi 31 10 2023<\/h2>\n<audio class=\"wp-audio-shortcode\" id=\"audio-359238-13\" preload=\"none\" style=\"width: 100%;\" controls=\"controls\"><source type=\"audio\/mpeg\" src=\"https:\/\/www.radiopiu.net\/wordpress\/wp-content\/uploads\/2023\/10\/LUISA-2-IN-ONDA-MARTEDI.mp3?_=13\" \/><a href=\"https:\/\/www.radiopiu.net\/wordpress\/wp-content\/uploads\/2023\/10\/LUISA-2-IN-ONDA-MARTEDI.mp3\">https:\/\/www.radiopiu.net\/wordpress\/wp-content\/uploads\/2023\/10\/LUISA-2-IN-ONDA-MARTEDI.mp3<\/a><\/audio>\n<p>&nbsp;<\/p>\n<p>&nbsp;<\/p>\n<hr \/>\n<p>&nbsp;<\/p>\n<blockquote>\n<h3>UFFICIO PRO LOCO DI CANALE CHIUSO<\/h3>\n<\/blockquote>\n<p><strong>CANALE D&#8217;AGORDO<\/strong> L&#8217;ufficio Pro Loco Canale d&#8217;Agordo a novembre \u00e8 chiuso, mentre il Museo e la casa natale del beato Papa Giovanni Paolo I sono aperti su richiesta e prenotazione per gruppi di almeno 25 persone<\/p>\n<p>&nbsp;<\/p>\n<p>&nbsp;<\/p>\n<hr \/>\n<p>&nbsp;<\/p>\n<h2><span style=\"color: #ff0000;\">GLI APPUNTAMENTI DELLA SETTIMANA\u00a0 \u00a0 \u00a0<\/span><\/h2>\n<p>&nbsp;<\/p>\n<div class=\"gmail_attr\">\n<blockquote>\n<h3><a class=\"dt-pswp-item\" href=\"https:\/\/www.radiopiu.net\/wordpress\/wp-content\/uploads\/2023\/10\/Le-fornaci-in-localita-Fant.jpg\" data-dt-img-description=\"\" data-large_image_width=\"508\" data-large_image_height=\"631\"><img loading=\"lazy\" decoding=\"async\" class=\"wp-image-359127 alignleft\" src=\"https:\/\/www.radiopiu.net\/wordpress\/wp-content\/uploads\/2023\/10\/Le-fornaci-in-localita-Fant-242x300.jpg\" alt=\"\" width=\"166\" height=\"206\" srcset=\"https:\/\/www.radiopiu.net\/wordpress\/wp-content\/uploads\/2023\/10\/Le-fornaci-in-localita-Fant-242x300.jpg 242w, https:\/\/www.radiopiu.net\/wordpress\/wp-content\/uploads\/2023\/10\/Le-fornaci-in-localita-Fant.jpg 508w\" sizes=\"auto, (max-width: 166px) 100vw, 166px\" \/><\/a>PASSEGGIATA ANIMATA IN NOTTURNA<\/h3>\n<\/blockquote>\n<p><strong>SOSPIROLO<\/strong>\u00a0 Nell&#8217;ambito di \u201cVeneto, spettacoli di mistero\u201d proposto dalla Pro loco \u201cMonti del Sole\u201d\u00a0 domani passeggiata in notturna \u201cIl mistero del testamento scomparso (tra le fiamme?)\u201d. Guidati da lanterne, i partecipanti si avventureranno tra le Masiere e si imbatteranno nelle leggende di Cornia. Ritrovo\u00a0 alle 20.30 in localit\u00e0 Sass Muss. Informazioni\u00a0 320 334 2082.<\/p>\n<\/div>\n<p>Nella foto le fornaci in localit\u00e0 Fant che si vedranno nel percorso.<\/p>\n<p>&nbsp;<\/p>\n<blockquote>\n<h3>DOLOMITI IN CORO<\/h3>\n<\/blockquote>\n<p><strong>BELLUNO<\/strong> Sabato alle 20.30 in chiesa a Sedico rassegna corale biennale della consulta Asac di Belluno con i cori: Voci in Valle (Sedico), Stelle Alpine di Tisoi, Coro Antole, Coro Piave Ana di Feltre, ingresso libero<\/p>\n<p>&nbsp;<\/p>\n<hr \/>\n<p>&nbsp;<\/p>\n<blockquote>\n<h3>LA MONTAGNA \u201cTERMOMETRO\u201d DEI CAMBIAMENTI CLIMATICI<\/h3>\n<\/blockquote>\n<p><strong>BORGO VALBELLUNA <\/strong>Sar\u00e0 Luca Mercalli (in videoconferenza) il protagonista della serata organizzata per venerd\u00ec 3 novembre all&#8217;Auditorium di San Pietro a Mel di Borgo Valbelluna da ArtDolomites, Comune di Borgo Valbelluna e Gruppo Natura Lentiai all&#8217;interno del progetto \u201cRiflessioni d&#8217;acqua\u201d. Domani alle 20:30<\/p>\n<p>&nbsp;<\/p>\n<hr \/>\n<p>&nbsp;<\/p>\n<blockquote>\n<h3>UNIVERSI DI-VERSI<\/h3>\n<\/blockquote>\n<p><strong>BELLUNO <\/strong>Domani alle 20.30 in sala Bianchi (viale Fantuzzi) Guido Marangoni presenta &#8220;Universi di-versi&#8221;, evento organizzato dall&#8217;associazione italiana persone con sindrome di down<\/p>\n<p>&nbsp;<\/p>\n<hr \/>\n<p>&nbsp;<\/p>\n<blockquote>\n<h3>TRADIZIONE VENETA E MUSICHE POPOLARI DELL&#8217;EST EUROPEO<\/h3>\n<\/blockquote>\n<p><strong><a class=\"dt-pswp-item\" href=\"https:\/\/www.radiopiu.net\/wordpress\/wp-content\/uploads\/2023\/10\/Senza-nome-71.png\" data-dt-img-description=\"\" data-large_image_width=\"421\" data-large_image_height=\"204\"><img loading=\"lazy\" decoding=\"async\" class=\" wp-image-358460 alignleft\" src=\"https:\/\/www.radiopiu.net\/wordpress\/wp-content\/uploads\/2023\/10\/Senza-nome-71-300x145.png\" alt=\"\" width=\"288\" height=\"139\" srcset=\"https:\/\/www.radiopiu.net\/wordpress\/wp-content\/uploads\/2023\/10\/Senza-nome-71-300x145.png 300w, https:\/\/www.radiopiu.net\/wordpress\/wp-content\/uploads\/2023\/10\/Senza-nome-71.png 421w\" sizes=\"auto, (max-width: 288px) 100vw, 288px\" \/><\/a>AGORDO<\/strong> Sabato 4 NOVEMBRE\u00a0 alle 20,30 nella sala \u201cdon Tamis\u201d di Agordo, il Circolo Culturale Agordino e Agordo Musica presentano lo spettacolo di musica, parole e testimonianza dal titolo\u00a0 Holdomor, la carestia artificiale del 1932-1933.<\/p>\n<p>&nbsp;<\/p>\n<p><strong>DI GIANNI SANTOMASO<\/strong><\/p>\n<audio class=\"wp-audio-shortcode\" id=\"audio-359238-14\" preload=\"none\" style=\"width: 100%;\" controls=\"controls\"><source type=\"audio\/mpeg\" src=\"https:\/\/www.radiopiu.net\/wordpress\/wp-content\/uploads\/2023\/11\/GIANNI-TRADIZIONE-VENETA-IN-SALA-DON-TAMIS.mp3?_=14\" \/><a href=\"https:\/\/www.radiopiu.net\/wordpress\/wp-content\/uploads\/2023\/11\/GIANNI-TRADIZIONE-VENETA-IN-SALA-DON-TAMIS.mp3\">https:\/\/www.radiopiu.net\/wordpress\/wp-content\/uploads\/2023\/11\/GIANNI-TRADIZIONE-VENETA-IN-SALA-DON-TAMIS.mp3<\/a><\/audio>\n<p>&nbsp;<\/p>\n<hr \/>\n<blockquote>\n<h3><\/h3>\n<h3>LA CENA DELLA CLASSE 1968<\/h3>\n<\/blockquote>\n<p><strong>FALCADE<\/strong> La Classe 1968 Agordino organizza per sabato 4 novembre alle 20 all&#8217;Hotel Cristal di Falcade la mitica cena!!! Tutti i Coscritti dell&#8217;Agordino sono invitati!!! Musica con DJ e dalle ore 24 aperto a tutti!!! Per info e prenotazioni chiama l&#8217;Hotel Cristal allo 0437 507356 entro luned\u00ec 30 ottobre. \u2026.1968&#8230;. UN&#8217;ANNATA SPECIALE!!!!<\/p>\n<p>&nbsp;<\/p>\n<hr \/>\n<blockquote>\n<h3><\/h3>\n<h3>VOCALI&#8230; DOMENICA 5 NOVEMBRE A BELLUNO<\/h3>\n<\/blockquote>\n<p><strong><a class=\"dt-pswp-item\" href=\"https:\/\/www.radiopiu.net\/wordpress\/wp-content\/uploads\/2023\/10\/7270f9bd-47e1-476d-ad81-f4e106f4eb78.jpg\" data-dt-img-description=\"\" data-large_image_width=\"1080\" data-large_image_height=\"1080\"><img loading=\"lazy\" decoding=\"async\" class=\"wp-image-358676 alignleft\" src=\"https:\/\/www.radiopiu.net\/wordpress\/wp-content\/uploads\/2023\/10\/7270f9bd-47e1-476d-ad81-f4e106f4eb78-300x300.jpg\" alt=\"\" width=\"206\" height=\"206\" srcset=\"https:\/\/www.radiopiu.net\/wordpress\/wp-content\/uploads\/2023\/10\/7270f9bd-47e1-476d-ad81-f4e106f4eb78-300x300.jpg 300w, https:\/\/www.radiopiu.net\/wordpress\/wp-content\/uploads\/2023\/10\/7270f9bd-47e1-476d-ad81-f4e106f4eb78-1024x1024.jpg 1024w, https:\/\/www.radiopiu.net\/wordpress\/wp-content\/uploads\/2023\/10\/7270f9bd-47e1-476d-ad81-f4e106f4eb78-150x150.jpg 150w, https:\/\/www.radiopiu.net\/wordpress\/wp-content\/uploads\/2023\/10\/7270f9bd-47e1-476d-ad81-f4e106f4eb78-768x768.jpg 768w, https:\/\/www.radiopiu.net\/wordpress\/wp-content\/uploads\/2023\/10\/7270f9bd-47e1-476d-ad81-f4e106f4eb78.jpg 1080w\" sizes=\"auto, (max-width: 206px) 100vw, 206px\" \/><\/a>Le VocAli<\/strong> sono STRUMENTI SONORI che possono essere potenziati nelle nostre azioni quotidiane e nei nostri percorsi di ricerca interiore. Conoscerle e sperimentarle \u00e8 un buon modo per imparare ad usarle e per comprendere quanto sia potente la nostra Voce. Il seminario del 5 novembre a Belluno propone proprio questo: sperimentarne la potenza per portarle poi nel quotidiano. \u00a0Domenica 5 novembre a Belluno, \u00a0dettagli e prenotazioni\u00a0 340 051 5900<\/p>\n<p><strong>ALLA RADIO Con Elion,\u00a0 Elena pontini<\/strong><\/p>\n<audio class=\"wp-audio-shortcode\" id=\"audio-359238-15\" preload=\"none\" style=\"width: 100%;\" controls=\"controls\"><source type=\"audio\/mpeg\" src=\"https:\/\/www.radiopiu.net\/wordpress\/wp-content\/uploads\/2023\/10\/mondo-vocali.mp3?_=15\" \/><a href=\"https:\/\/www.radiopiu.net\/wordpress\/wp-content\/uploads\/2023\/10\/mondo-vocali.mp3\">https:\/\/www.radiopiu.net\/wordpress\/wp-content\/uploads\/2023\/10\/mondo-vocali.mp3<\/a><\/audio>\n<p>&nbsp;<\/p>\n<blockquote>\n<h3>MAGICOLERIA CON LA PRO LOCO PIEVE CASTIONESE<\/h3>\n<\/blockquote>\n<p><strong>BELLUNO <\/strong>Dopo la timida ripresa dell\u2019anno scorso, ritorna alla grande &#8220;MAGICOLERIA&#8221;, rassegna di teatro e spettacoli per famiglie giunta alla terza edizione, organizzata dalla Pro Loco Pieve Castionese . Con la consulenza di un maestro del teatro di strada come Paolo Rech, un cartellone magico, ricco di sorprese e poesia. Alberto De Bastiani ci far\u00e0 rivivere le avventure di Pinocchio tra il teatro del racconto e il teatro di burattini. Paolo Rech ci riporter\u00e0 alle origini della maschera pi\u00f9 famosa al mondo, quella di Arlecchino. Giulia Rossi e Paolo Piludu tra clownery, improvvisazione e trucchi di magia ci lasceranno a bocca aperta.<\/p>\n<p><strong>05 NOVEMBRE &#8211; DOMENICA ALLE 18:00 &#8211; LA STORIA DI PINOCCHIO <\/strong>Con pochi oggetti, tutti di legno, un piccolo teatro dei burattini e qualche pupazzo, un solo attore racconta e d\u00e0 voce a questa storia.<\/p>\n<p><strong>19 NOVEMBRE &#8211; DOMENICA ALLE 18:00 &#8211; QUEL DIAVOLO DI ARLECCHINO <\/strong>Spettacolo di maschere e burattini di e con Paolo Rech. Alichino, Harlequin, Hellequin, Herlaking, tanti nomi per un unico personaggio dalle origini diaboliche: Arlecchino. Il simpatico eroe della Commedia dell&#8217;Arte, prima di essere quel servitore bonaccione e un po&#8217; sciocco che tutti conosciamo, ha avuto un passato glorioso tra le schiere infernali<\/p>\n<p><strong>03 DICEMBRE &#8211; DOMENICA ALLE 18:00 &#8211; FARABUTTI E FARABULONI <\/strong>Con \u201ci 4 elementi\u201d di\u00a0Giulia Rossi e Paolo Piludu. Spettacolo di Clown e magia comica.<\/p>\n<p>Tutti gli spettacoli si terranno presso il teatro San Gaetano di Castion (BL). Ingresso 6\u20ac.<\/p>\n\n\t\t\t<style type='text\/css'>\n\t\t\t\t#gallery-4 {\n\t\t\t\t\tmargin: auto;\n\t\t\t\t}\n\t\t\t\t#gallery-4 .gallery-item {\n\t\t\t\t\tfloat: left;\n\t\t\t\t\tmargin-top: 10px;\n\t\t\t\t\ttext-align: center;\n\t\t\t\t\twidth: 25%;\n\t\t\t\t}\n\t\t\t\t#gallery-4 img {\n\t\t\t\t\tborder: 2px solid #cfcfcf;\n\t\t\t\t}\n\t\t\t\t#gallery-4 .gallery-caption {\n\t\t\t\t\tmargin-left: 0;\n\t\t\t\t}\n\t\t\t\t\/* see gallery_shortcode() in wp-includes\/media.php *\/\n\t\t\t<\/style>\n\t\t<div id='gallery-4' class='dt-gallery-container gallery galleryid-359238 gallery-columns-4 gallery-size-thumbnail'><dl class='gallery-item'>\n\t\t\t\t<dt class='gallery-icon portrait'>\n\t\t\t\t\t<a class=\"rollover rollover-zoom dt-pswp-item\" title=\"MAGICOLERIA 2023-A3 CORRETTO\" data-dt-img-description=\"\" data-large_image_width=\"1754\" data-large_image_height=\"2480\"href='https:\/\/www.radiopiu.net\/wordpress\/wp-content\/uploads\/2023\/10\/MAGICOLERIA-2023-A3-CORRETTO.jpg'><img loading=\"lazy\" decoding=\"async\" width=\"150\" height=\"150\" src=\"https:\/\/www.radiopiu.net\/wordpress\/wp-content\/uploads\/2023\/10\/MAGICOLERIA-2023-A3-CORRETTO-150x150.jpg\" class=\"attachment-thumbnail size-thumbnail\" alt=\"\" \/><\/a>\n\t\t\t\t<\/dt><\/dl><dl class='gallery-item'>\n\t\t\t\t<dt class='gallery-icon landscape'>\n\t\t\t\t\t<a class=\"rollover rollover-zoom dt-pswp-item\" title=\"buona-pinocchio\" data-dt-img-description=\"\" data-large_image_width=\"2048\" data-large_image_height=\"1356\"href='https:\/\/www.radiopiu.net\/wordpress\/wp-content\/uploads\/2023\/10\/buona-pinocchio.jpeg'><img loading=\"lazy\" decoding=\"async\" width=\"150\" height=\"150\" src=\"https:\/\/www.radiopiu.net\/wordpress\/wp-content\/uploads\/2023\/10\/buona-pinocchio-150x150.jpeg\" class=\"attachment-thumbnail size-thumbnail\" alt=\"\" \/><\/a>\n\t\t\t\t<\/dt><\/dl><dl class='gallery-item'>\n\t\t\t\t<dt class='gallery-icon portrait'>\n\t\t\t\t\t<a class=\"rollover rollover-zoom dt-pswp-item\" title=\"Quel diavolo di Arlecchino\" data-dt-img-description=\"\" data-large_image_width=\"2333\" data-large_image_height=\"2560\"href='https:\/\/www.radiopiu.net\/wordpress\/wp-content\/uploads\/2023\/10\/Quel-diavolo-di-Arlecchino-scaled.jpeg'><img loading=\"lazy\" decoding=\"async\" width=\"150\" height=\"150\" src=\"https:\/\/www.radiopiu.net\/wordpress\/wp-content\/uploads\/2023\/10\/Quel-diavolo-di-Arlecchino-150x150.jpeg\" class=\"attachment-thumbnail size-thumbnail\" alt=\"\" \/><\/a>\n\t\t\t\t<\/dt><\/dl><dl class='gallery-item'>\n\t\t\t\t<dt class='gallery-icon portrait'>\n\t\t\t\t\t<a class=\"rollover rollover-zoom dt-pswp-item\" title=\"i-4-elementi-farabutti-faraboloni-9\" data-dt-img-description=\"\" data-large_image_width=\"1636\" data-large_image_height=\"2489\"href='https:\/\/www.radiopiu.net\/wordpress\/wp-content\/uploads\/2023\/10\/i-4-elementi-farabutti-faraboloni-9.jpeg'><img loading=\"lazy\" decoding=\"async\" width=\"150\" height=\"150\" src=\"https:\/\/www.radiopiu.net\/wordpress\/wp-content\/uploads\/2023\/10\/i-4-elementi-farabutti-faraboloni-9-150x150.jpeg\" class=\"attachment-thumbnail size-thumbnail\" alt=\"\" \/><\/a>\n\t\t\t\t<\/dt><\/dl><br style=\"clear: both\" \/>\n\t\t\t<\/div>\n\n<p>&nbsp;<\/p>\n<hr \/>\n<p>&nbsp;<\/p>\n<blockquote>\n<h3>UNIVERSI DI-VERSI A FELTRE<\/h3>\n<\/blockquote>\n<p><strong>FELTRE<\/strong> Sabato alle 10 al liceo scientifico Dal Piaz Guido Marangoni presenta &#8220;Universi di-versi&#8221;, evento organizzato dall&#8217;associazione italiana persone con sindrome di down<\/p>\n<p>&nbsp;<\/p>\n<hr \/>\n<p>&nbsp;<\/p>\n<blockquote>\n<h3>A TEATRO A LIMANA<\/h3>\n<\/blockquote>\n<p><strong>LIMANA<\/strong> Nell&#8217;ambito di autunno teatrale a Limana, sabato alle 20.30 in sala Nocivelli la Compagnia del Moccolo presenta &#8220;Serissimi dialoghi sul futuro passato&#8221; Ingresso libero<\/p>\n<p>&nbsp;<\/p>\n<hr \/>\n<p>&nbsp;<\/p>\n<h2><span style=\"color: #ff0000;\">PROSSIMAMENTE&#8230;<\/span><\/h2>\n<blockquote>\n<h3>CONCERTO CON FILIPPO GAMBA<\/h3>\n<\/blockquote>\n<p><strong>BELLUNO<\/strong> Marted\u00ec 7 novembre alle 20:30 al teatro Comunale concerto di pianiforte con\u00a0 Filippo Gamba. Ciclo integrale delle Sonate per pianoforte di Beethoven,7\u00b0 concerto.<\/p>\n<p>&nbsp;<\/p>\n<blockquote>\n<h3>LA MOSTRA FOTOGRAFICA TESTIMONI DEL TEMPO<\/h3>\n<\/blockquote>\n<p><strong>LONGARONE<\/strong> Prosegue la mostra fotografica &#8220;Testimoni del tempo \u2013 Quando le immagini raccontano la storia\u201d. Accolta al Centro culturale \u201cParri\u201d di Longarone, l\u2019esposizione potr\u00e0 essere visitata fino alla fine del mese. E non di ottobre, come previsto in un primo momento, bens\u00ec di novembre. Le immagini di Bepi Zanfron e della giovane Nicoletta Valla, infatti, sono state apprezzate al punto da far scattare la proroga della mostra<\/p>\n<p>&nbsp;<\/p>\n<blockquote>\n<h3>SOTTO IL MANTELLO&#8230;CON L&#8217;ASSOCIAZIONE CUCCHINI<\/h3>\n<\/blockquote>\n<p><strong>BELLUNO<\/strong> Appuntamento a cura dell\u2019Associazione Cucchini, venerdi 10 novembre in sala Bianchi alle 18. \u201cSotto il mantello\u201d,\u00a0 relatori &#8211; la dottoressa Cristina Vargas e il dottor Lorenzo Bolzonello,\u00a0 parleranno\u00a0 apertamente del tema delicato dell\u2019avvicinamento al fine vita del morente e al conseguente periodo del lutto per chi resta.<\/p>\n<p>&nbsp;<\/p>\n<blockquote>\n<h3>IL CUORE A TEATRO<\/h3>\n<\/blockquote>\n<p><strong>VOLTAGO<\/strong> Sabato 11 novembre alle 20.30 in sala Polifunzionale G. De Col, &#8220;l&#8217;albergo dei nevrastenici&#8221; con la Compagna del Teatro del cuore. Ingresso ad offerta libera.<\/p>\n<p>&nbsp;<\/p>\n<p>&nbsp;<\/p>\n<p>&nbsp;<\/p>\n<p><strong>agordo<\/strong> LA LUCCIOLATA CON I BOCE DA RIF, GRUPPO ALPINI, COMUNE DI AGORDO. LA LUCCIOLATA DA AGORDO A RIF: DOMENICA 12 NOVEMBRE DALLE 14, DA PIAZZA SANTA MARIA. ALL&#8217;ARRIVO, A RIF, CASTAGNE E VIN BRULE&#8217;. ISCRIZIONE AD OFFERTA LIBERA, E INTERO RICAVATO PER LA GESTIONE DELLA CASA VIA DI NATALE DI AVIANO LA PASSEGGIATA DELLA SOLIDARIETA&#8217;&#8230;.<\/p>\n<p><a class=\"dt-pswp-item\" href=\"https:\/\/www.radiopiu.net\/wordpress\/wp-content\/uploads\/2023\/11\/Senza-nome.png\" data-dt-img-description=\"\" data-large_image_width=\"437\" data-large_image_height=\"399\"><img loading=\"lazy\" decoding=\"async\" class=\"wp-image-359506 aligncenter\" src=\"https:\/\/www.radiopiu.net\/wordpress\/wp-content\/uploads\/2023\/11\/Senza-nome-300x274.png\" alt=\"\" width=\"214\" height=\"195\" srcset=\"https:\/\/www.radiopiu.net\/wordpress\/wp-content\/uploads\/2023\/11\/Senza-nome-300x274.png 300w, https:\/\/www.radiopiu.net\/wordpress\/wp-content\/uploads\/2023\/11\/Senza-nome.png 437w\" sizes=\"auto, (max-width: 214px) 100vw, 214px\" \/><\/a><\/p>\n<p>&nbsp;<\/p>\n<p>&nbsp;<\/p>\n<hr \/>\n<p>&nbsp;<\/p>\n<blockquote>\n<h3>DAL CAMOSCIO ALLA PERNICE BIANCA NELLE FOTO DI MARIO DE MARCO<\/h3>\n<\/blockquote>\n<p><strong>di Mario De Marco<\/strong><\/p>\n<p>Questo \u00e8 vivere la nostra montagna tra camosci e pernici bianche.. Oggi prima neve in alta quota sulle Dolomiti Agordine<\/p>\n\n\t\t\t<style type='text\/css'>\n\t\t\t\t#gallery-5 {\n\t\t\t\t\tmargin: auto;\n\t\t\t\t}\n\t\t\t\t#gallery-5 .gallery-item {\n\t\t\t\t\tfloat: left;\n\t\t\t\t\tmargin-top: 10px;\n\t\t\t\t\ttext-align: center;\n\t\t\t\t\twidth: 50%;\n\t\t\t\t}\n\t\t\t\t#gallery-5 img {\n\t\t\t\t\tborder: 2px solid #cfcfcf;\n\t\t\t\t}\n\t\t\t\t#gallery-5 .gallery-caption {\n\t\t\t\t\tmargin-left: 0;\n\t\t\t\t}\n\t\t\t\t\/* see gallery_shortcode() in wp-includes\/media.php *\/\n\t\t\t<\/style>\n\t\t<div id='gallery-5' class='dt-gallery-container gallery galleryid-359238 gallery-columns-2 gallery-size-medium'><dl class='gallery-item'>\n\t\t\t\t<dt class='gallery-icon landscape'>\n\t\t\t\t\t<a class=\"rollover rollover-zoom dt-pswp-item\" title=\"a321959a-e545-4b36-bc45-cefcf4007328\" data-dt-img-description=\"\" data-large_image_width=\"1541\" data-large_image_height=\"778\"href='https:\/\/www.radiopiu.net\/wordpress\/wp-content\/uploads\/2023\/11\/a321959a-e545-4b36-bc45-cefcf4007328.jpg'><img loading=\"lazy\" decoding=\"async\" width=\"300\" height=\"151\" src=\"https:\/\/www.radiopiu.net\/wordpress\/wp-content\/uploads\/2023\/11\/a321959a-e545-4b36-bc45-cefcf4007328-300x151.jpg\" class=\"attachment-medium size-medium\" alt=\"\" srcset=\"https:\/\/www.radiopiu.net\/wordpress\/wp-content\/uploads\/2023\/11\/a321959a-e545-4b36-bc45-cefcf4007328-300x151.jpg 300w, https:\/\/www.radiopiu.net\/wordpress\/wp-content\/uploads\/2023\/11\/a321959a-e545-4b36-bc45-cefcf4007328-1024x517.jpg 1024w, https:\/\/www.radiopiu.net\/wordpress\/wp-content\/uploads\/2023\/11\/a321959a-e545-4b36-bc45-cefcf4007328-768x388.jpg 768w, https:\/\/www.radiopiu.net\/wordpress\/wp-content\/uploads\/2023\/11\/a321959a-e545-4b36-bc45-cefcf4007328-1536x775.jpg 1536w, https:\/\/www.radiopiu.net\/wordpress\/wp-content\/uploads\/2023\/11\/a321959a-e545-4b36-bc45-cefcf4007328.jpg 1541w\" sizes=\"auto, (max-width: 300px) 100vw, 300px\" \/><\/a>\n\t\t\t\t<\/dt><\/dl><dl class='gallery-item'>\n\t\t\t\t<dt class='gallery-icon landscape'>\n\t\t\t\t\t<a class=\"rollover rollover-zoom dt-pswp-item\" title=\"4ff16ee2-0232-4114-b674-6291c18b20d8\" data-dt-img-description=\"\" data-large_image_width=\"1528\" data-large_image_height=\"919\"href='https:\/\/www.radiopiu.net\/wordpress\/wp-content\/uploads\/2023\/11\/4ff16ee2-0232-4114-b674-6291c18b20d8.jpg'><img loading=\"lazy\" decoding=\"async\" width=\"300\" height=\"180\" src=\"https:\/\/www.radiopiu.net\/wordpress\/wp-content\/uploads\/2023\/11\/4ff16ee2-0232-4114-b674-6291c18b20d8-300x180.jpg\" class=\"attachment-medium size-medium\" alt=\"\" srcset=\"https:\/\/www.radiopiu.net\/wordpress\/wp-content\/uploads\/2023\/11\/4ff16ee2-0232-4114-b674-6291c18b20d8-300x180.jpg 300w, https:\/\/www.radiopiu.net\/wordpress\/wp-content\/uploads\/2023\/11\/4ff16ee2-0232-4114-b674-6291c18b20d8-1024x616.jpg 1024w, https:\/\/www.radiopiu.net\/wordpress\/wp-content\/uploads\/2023\/11\/4ff16ee2-0232-4114-b674-6291c18b20d8-768x462.jpg 768w, https:\/\/www.radiopiu.net\/wordpress\/wp-content\/uploads\/2023\/11\/4ff16ee2-0232-4114-b674-6291c18b20d8.jpg 1528w\" sizes=\"auto, (max-width: 300px) 100vw, 300px\" \/><\/a>\n\t\t\t\t<\/dt><\/dl><br style=\"clear: both\" \/><dl class='gallery-item'>\n\t\t\t\t<dt class='gallery-icon landscape'>\n\t\t\t\t\t<a class=\"rollover rollover-zoom dt-pswp-item\" title=\"e83d670c-8c11-45fd-bcf3-e60d396dbbf6\" data-dt-img-description=\"\" data-large_image_width=\"1600\" data-large_image_height=\"831\"href='https:\/\/www.radiopiu.net\/wordpress\/wp-content\/uploads\/2023\/11\/e83d670c-8c11-45fd-bcf3-e60d396dbbf6.jpg'><img loading=\"lazy\" decoding=\"async\" width=\"300\" height=\"156\" src=\"https:\/\/www.radiopiu.net\/wordpress\/wp-content\/uploads\/2023\/11\/e83d670c-8c11-45fd-bcf3-e60d396dbbf6-300x156.jpg\" class=\"attachment-medium size-medium\" alt=\"\" srcset=\"https:\/\/www.radiopiu.net\/wordpress\/wp-content\/uploads\/2023\/11\/e83d670c-8c11-45fd-bcf3-e60d396dbbf6-300x156.jpg 300w, https:\/\/www.radiopiu.net\/wordpress\/wp-content\/uploads\/2023\/11\/e83d670c-8c11-45fd-bcf3-e60d396dbbf6-1024x532.jpg 1024w, https:\/\/www.radiopiu.net\/wordpress\/wp-content\/uploads\/2023\/11\/e83d670c-8c11-45fd-bcf3-e60d396dbbf6-768x399.jpg 768w, https:\/\/www.radiopiu.net\/wordpress\/wp-content\/uploads\/2023\/11\/e83d670c-8c11-45fd-bcf3-e60d396dbbf6-1536x798.jpg 1536w, https:\/\/www.radiopiu.net\/wordpress\/wp-content\/uploads\/2023\/11\/e83d670c-8c11-45fd-bcf3-e60d396dbbf6.jpg 1600w\" sizes=\"auto, (max-width: 300px) 100vw, 300px\" \/><\/a>\n\t\t\t\t<\/dt><\/dl><dl class='gallery-item'>\n\t\t\t\t<dt class='gallery-icon landscape'>\n\t\t\t\t\t<a class=\"rollover rollover-zoom dt-pswp-item\" title=\"14f3f973-dccc-49be-8283-ba3b30e1c333\" data-dt-img-description=\"\" data-large_image_width=\"1600\" data-large_image_height=\"984\"href='https:\/\/www.radiopiu.net\/wordpress\/wp-content\/uploads\/2023\/11\/14f3f973-dccc-49be-8283-ba3b30e1c333.jpg'><img loading=\"lazy\" decoding=\"async\" width=\"300\" height=\"185\" src=\"https:\/\/www.radiopiu.net\/wordpress\/wp-content\/uploads\/2023\/11\/14f3f973-dccc-49be-8283-ba3b30e1c333-300x185.jpg\" class=\"attachment-medium size-medium\" alt=\"\" srcset=\"https:\/\/www.radiopiu.net\/wordpress\/wp-content\/uploads\/2023\/11\/14f3f973-dccc-49be-8283-ba3b30e1c333-300x185.jpg 300w, https:\/\/www.radiopiu.net\/wordpress\/wp-content\/uploads\/2023\/11\/14f3f973-dccc-49be-8283-ba3b30e1c333-1024x630.jpg 1024w, https:\/\/www.radiopiu.net\/wordpress\/wp-content\/uploads\/2023\/11\/14f3f973-dccc-49be-8283-ba3b30e1c333-768x472.jpg 768w, https:\/\/www.radiopiu.net\/wordpress\/wp-content\/uploads\/2023\/11\/14f3f973-dccc-49be-8283-ba3b30e1c333-1536x945.jpg 1536w, https:\/\/www.radiopiu.net\/wordpress\/wp-content\/uploads\/2023\/11\/14f3f973-dccc-49be-8283-ba3b30e1c333.jpg 1600w\" sizes=\"auto, (max-width: 300px) 100vw, 300px\" \/><\/a>\n\t\t\t\t<\/dt><\/dl><br style=\"clear: both\" \/>\n\t\t\t<\/div>\n\n<p>&nbsp;<\/p>\n<hr \/>\n<p>&nbsp;<\/p>\n<div class=\"message spoilers-container\" dir=\"auto\">\n<div class=\"column\">\n<div class=\"message spoilers-container\" dir=\"auto\">\n<div class=\"column\">\n<p><img loading=\"lazy\" decoding=\"async\" class=\"aligncenter wp-image-61954 size-full\" src=\"https:\/\/www.radiopiu.net\/wordpress\/wp-content\/uploads\/2018\/09\/viabilita.jpeg\" sizes=\"auto, (max-width: 800px) 100vw, 800px\" srcset=\"https:\/\/www.radiopiu.net\/wordpress\/wp-content\/uploads\/2018\/09\/viabilita.jpeg 800w, https:\/\/www.radiopiu.net\/wordpress\/wp-content\/uploads\/2018\/09\/viabilita-300x38.jpeg 300w, https:\/\/www.radiopiu.net\/wordpress\/wp-content\/uploads\/2018\/09\/viabilita-768x96.jpeg 768w\" alt=\"\" width=\"800\" height=\"100\" \/><\/p>\n<\/div>\n<\/div>\n<div class=\"message spoilers-container\" dir=\"auto\">\n<div class=\"column\">\n<p>&nbsp;<\/p>\n<\/div>\n<\/div>\n<\/div>\n<\/div>\n<blockquote class=\"wp-embedded-content\" data-secret=\"Okp0On7sAh\"><p><a href=\"https:\/\/www.radiopiu.net\/wordpress\/viabilita\/\">viabilita<\/a><\/p><\/blockquote>\n<p><iframe loading=\"lazy\" class=\"wp-embedded-content\" sandbox=\"allow-scripts\" security=\"restricted\" style=\"position: absolute; clip: rect(1px, 1px, 1px, 1px);\" title=\"&#8220;viabilita&#8221; &#8212; Radio Pi\u00f9\" src=\"https:\/\/www.radiopiu.net\/wordpress\/viabilita\/embed\/#?secret=iJcYnSrd4G#?secret=Okp0On7sAh\" data-secret=\"Okp0On7sAh\" width=\"600\" height=\"338\" frameborder=\"0\" marginwidth=\"0\" marginheight=\"0\" scrolling=\"no\"><\/iframe><\/p>\n<div class=\"message spoilers-container\" dir=\"auto\">\n<div class=\"column\">\n<div class=\"message spoilers-container\" dir=\"auto\">\n<div class=\"column\">\n<div>\n<div dir=\"ltr\">\n<div class=\"gmail_quote\">\n<div dir=\"ltr\">\n<div><\/div>\n<div><\/div>\n<\/div>\n<\/div>\n<\/div>\n<\/div>\n<hr \/>\n<p>&nbsp;<\/p>\n<p><a class=\"dt-pswp-item\" href=\"https:\/\/www.radiopiu.net\/wordpress\/wp-content\/uploads\/2018\/09\/WhatsApp-Image-2018-09-20-at-16.04.06.jpeg\" data-dt-img-description=\"\" data-large_image_width=\"800\" data-large_image_height=\"100\"><img loading=\"lazy\" decoding=\"async\" class=\"wp-image-61378 size-full aligncenter\" src=\"https:\/\/www.radiopiu.net\/wordpress\/wp-content\/uploads\/2018\/09\/WhatsApp-Image-2018-09-20-at-16.04.06.jpeg\" alt=\"\" width=\"800\" height=\"100\" srcset=\"https:\/\/www.radiopiu.net\/wordpress\/wp-content\/uploads\/2018\/09\/WhatsApp-Image-2018-09-20-at-16.04.06.jpeg 800w, https:\/\/www.radiopiu.net\/wordpress\/wp-content\/uploads\/2018\/09\/WhatsApp-Image-2018-09-20-at-16.04.06-300x38.jpeg 300w, https:\/\/www.radiopiu.net\/wordpress\/wp-content\/uploads\/2018\/09\/WhatsApp-Image-2018-09-20-at-16.04.06-768x96.jpeg 768w\" sizes=\"auto, (max-width: 800px) 100vw, 800px\" \/><\/a><\/p>\n<\/div>\n<\/div>\n<p>&nbsp;<\/p>\n<\/div>\n<\/div>\n<p><center><b>OGGI<\/b><\/center>Molto nuvoloso o coperto ovunque con fenomeni modesti da locali a sparsi al mattino, importanti e diffusi nel pomeriggio.<br \/>\n<b>Precipitazioni: <\/b>Al mattino modeste e sparse specie sulle zone prealpine (25-50%), meno probabili sulle Dolomiti (5-25%); dal pomeriggio diffuse (100%), da moderate a forti con rovesci o temporali specie sulle Prealpi e alla sera\/notte.<br \/>\n<b>Temperature: <\/b>Temperature minime in aumento; massime stazionarie o in lieve calo nelle valli, in temporaneo aumento in alta montagna dove saranno misurate a fine giornata.<\/p>\n<hr \/>\n<p><center><b>DOMANI<\/b><\/center>Al mattino cielo coperto con fenomeni diffusi; dalle ore centrali qualche parziale schiarita, specie nel corso del pomeriggio, in un contesto che rimarr\u00e0 in prevalenza irregolarmente nuvoloso con qualche fenomeno residuo. Schiarite pi\u00f9 significative dalla sera.<br \/>\n<b>Precipitazioni: <\/b>Al mattino perturbato specie nelle prime ore con fenomeni diffusi; attenuazione verso le ore centrali. Nel pomeriggio fenomeni perlopi\u00f9 modesti da sparsi a locali (25\/50%) con eventuali e residui rovesci sulle zone prealpine.<br \/>\n<b>Temperature: <\/b>Temperature in calo, anche sensibile nei valori minimi che saranno misurati a fine giornata, mentre le massime saranno misurate nelle prime ore in alta montagna.<\/p>\n<hr \/>\n<p><center><b>SABATO<\/b><\/center>Cielo irregolarmente nuvoloso con qualche annuvolamento per nubi basse nelle ore fredde, associate a qualche schiarita al mattino, seguita da un nuovo aumento della nuvolosit\u00e0 da ovest fino a coperto nel pomeriggio\/sera. Temperature in diminuzione.<\/p>\n<hr \/>\n<p><center><b>DOMENICA<\/b><\/center>Al mattino cielo coperto con fenomeni diffusi e moderati in attenuazione dalle ore centrali con schiarite a partire dalle zone prealpine. Temperature in aumento, specie le massime e in alta montagna.<\/p>\n<p>&nbsp;<\/p>\n<div class=\"message spoilers-container\" dir=\"auto\">\n<hr \/>\n<p>&nbsp;<\/p>\n<p><img loading=\"lazy\" decoding=\"async\" class=\"wp-image-60761 size-full aligncenter\" src=\"https:\/\/www.radiopiu.net\/wordpress\/wp-content\/uploads\/2018\/09\/sport.jpg\" alt=\"\" width=\"800\" height=\"100\" srcset=\"https:\/\/www.radiopiu.net\/wordpress\/wp-content\/uploads\/2018\/09\/sport.jpg 800w, https:\/\/www.radiopiu.net\/wordpress\/wp-content\/uploads\/2018\/09\/sport-300x38.jpg 300w, https:\/\/www.radiopiu.net\/wordpress\/wp-content\/uploads\/2018\/09\/sport-768x96.jpg 768w\" sizes=\"auto, (max-width: 800px) 100vw, 800px\" \/><\/p>\n<p>&nbsp;<\/p>\n<p><span style=\"color: #0000ff;\"><strong>HOCKEY SU GHIACCIO<\/strong><\/span><\/p>\n<blockquote>\n<h3>IL BRESSANONE ESPUGNA L&#8217;ALVISE DE TONI. COLPACCIO DEL FELTRE A TORRE PELLICE<\/h3>\n<\/blockquote>\n<p><strong>di Marco Gaz<\/strong><\/p>\n<p><span style=\"color: #ff0000;\"><strong>DECIMA GIORNATA IHL<\/strong><\/span><\/p>\n<p><strong>ALLEGHE \u2013 BRESSANONE 2-3<\/strong><\/p>\n<p>PARZIALI: 1-2, 0-1, 1-0<\/p>\n<p>GOL: Pt. 9\u201943\u201d Covelli, 16\u201938\u201d Vallazza, 19\u201934\u201d Pohlin. St. 10\u201925\u201d Pohlin. Tt. 16\u201939\u201d Makela<\/p>\n<p>Dopo cinque risultati utili consecutivi, l\u2019Alleghe crolla in casa con il Bressanone. Nonostante una bella prestazione dei ragazzi allenati da Scapinello, le civette non sono riuscite ad incamerare punti pur prendendo di mira la porta avversaria. Il Bressanone va a segno per tre volte poi si chiude in difesa concedendo pochi spazi ai padroni di casa. Ora poche ore per riorganizzare le idee e sabato sera di nuovo in campo con i biancorossi impegnati in trasferta contro l\u2019Appiano. Primi minuti di gara con le squadre che si studiano. Poche emozioni e pochi tiri in porta delle due formazioni. Le civette si rendono pericolose ma le conclusioni non centrano i pali. Gli altoatesini colpiscono al primo vero affondo della partita. A gonfiare la rete ci pensa Covelli che approfitta di un rebound per spedire il disco alle spalle di Scola. I biancorossi ci provano a pareggiare i conti. In powerplay le civette prendono di mira la gabbia brissinese e Vallazza trova il gol del 1 a 1. Sul finale della prima frazione il Bressanone si riporta avanti con un tiro dalla linea blu di Pohlin. Nel secondo tempo le civette entrano in campo agguerrite e mancano di poco il gol con Makela. Rispondono gli ospiti ma Scola salva il risultato. Al giro di boa della partita arriva la terza marcatura ospite. E\u2019 ancora un volta Pohlin che mette la firma sul tabellino marcatori. Sembranon non accontentarsi i falchi di Bressanone che continuano a spingere. Nel terzo drittel gli uomini di Scapinello hanno l\u2019occasione di accorciare le distanze ma il golie altoatesino nega la gioia del gol agli agordini in pi\u00f9 occasioni. A 4\u2019 dal termine l\u2019Alleghe riapre la partita con Makela. Finale al cardiopalma, con le civette che giocano con il sesto uomo di movimento. Tanti i tiri in porta dei biancorossi ma il gol non arriva.<\/p>\n<p>(foto: Matteo Floridia)<\/p>\n\n\t\t\t<style type='text\/css'>\n\t\t\t\t#gallery-6 {\n\t\t\t\t\tmargin: auto;\n\t\t\t\t}\n\t\t\t\t#gallery-6 .gallery-item {\n\t\t\t\t\tfloat: left;\n\t\t\t\t\tmargin-top: 10px;\n\t\t\t\t\ttext-align: center;\n\t\t\t\t\twidth: 25%;\n\t\t\t\t}\n\t\t\t\t#gallery-6 img {\n\t\t\t\t\tborder: 2px solid #cfcfcf;\n\t\t\t\t}\n\t\t\t\t#gallery-6 .gallery-caption {\n\t\t\t\t\tmargin-left: 0;\n\t\t\t\t}\n\t\t\t\t\/* see gallery_shortcode() in wp-includes\/media.php *\/\n\t\t\t<\/style>\n\t\t<div id='gallery-6' class='dt-gallery-container gallery galleryid-359238 gallery-columns-4 gallery-size-medium'><dl class='gallery-item'>\n\t\t\t\t<dt class='gallery-icon landscape'>\n\t\t\t\t\t<a class=\"rollover rollover-zoom dt-pswp-item\" title=\"4168198b-b09e-49d5-b559-41b441e5319d\" data-dt-img-description=\"\" data-large_image_width=\"1024\" data-large_image_height=\"703\"href='https:\/\/www.radiopiu.net\/wordpress\/wp-content\/uploads\/2023\/11\/4168198b-b09e-49d5-b559-41b441e5319d.jpg'><img loading=\"lazy\" decoding=\"async\" width=\"300\" height=\"206\" src=\"https:\/\/www.radiopiu.net\/wordpress\/wp-content\/uploads\/2023\/11\/4168198b-b09e-49d5-b559-41b441e5319d-300x206.jpg\" class=\"attachment-medium size-medium\" alt=\"\" srcset=\"https:\/\/www.radiopiu.net\/wordpress\/wp-content\/uploads\/2023\/11\/4168198b-b09e-49d5-b559-41b441e5319d-300x206.jpg 300w, https:\/\/www.radiopiu.net\/wordpress\/wp-content\/uploads\/2023\/11\/4168198b-b09e-49d5-b559-41b441e5319d-768x527.jpg 768w, https:\/\/www.radiopiu.net\/wordpress\/wp-content\/uploads\/2023\/11\/4168198b-b09e-49d5-b559-41b441e5319d.jpg 1024w\" sizes=\"auto, (max-width: 300px) 100vw, 300px\" \/><\/a>\n\t\t\t\t<\/dt><\/dl><dl class='gallery-item'>\n\t\t\t\t<dt class='gallery-icon landscape'>\n\t\t\t\t\t<a class=\"rollover rollover-zoom dt-pswp-item\" title=\"8c79c1a3-adc0-4f0d-94df-38c26f4a1f9e\" data-dt-img-description=\"\" data-large_image_width=\"1024\" data-large_image_height=\"724\"href='https:\/\/www.radiopiu.net\/wordpress\/wp-content\/uploads\/2023\/11\/8c79c1a3-adc0-4f0d-94df-38c26f4a1f9e.jpg'><img loading=\"lazy\" decoding=\"async\" width=\"300\" height=\"212\" src=\"https:\/\/www.radiopiu.net\/wordpress\/wp-content\/uploads\/2023\/11\/8c79c1a3-adc0-4f0d-94df-38c26f4a1f9e-300x212.jpg\" class=\"attachment-medium size-medium\" alt=\"\" srcset=\"https:\/\/www.radiopiu.net\/wordpress\/wp-content\/uploads\/2023\/11\/8c79c1a3-adc0-4f0d-94df-38c26f4a1f9e-300x212.jpg 300w, https:\/\/www.radiopiu.net\/wordpress\/wp-content\/uploads\/2023\/11\/8c79c1a3-adc0-4f0d-94df-38c26f4a1f9e-768x543.jpg 768w, https:\/\/www.radiopiu.net\/wordpress\/wp-content\/uploads\/2023\/11\/8c79c1a3-adc0-4f0d-94df-38c26f4a1f9e.jpg 1024w\" sizes=\"auto, (max-width: 300px) 100vw, 300px\" \/><\/a>\n\t\t\t\t<\/dt><\/dl><dl class='gallery-item'>\n\t\t\t\t<dt class='gallery-icon landscape'>\n\t\t\t\t\t<a class=\"rollover rollover-zoom dt-pswp-item\" title=\"03573be3-a926-4ffa-9b04-6edfb50b41b0\" data-dt-img-description=\"\" data-large_image_width=\"1024\" data-large_image_height=\"724\"href='https:\/\/www.radiopiu.net\/wordpress\/wp-content\/uploads\/2023\/11\/03573be3-a926-4ffa-9b04-6edfb50b41b0.jpg'><img loading=\"lazy\" decoding=\"async\" width=\"300\" height=\"212\" src=\"https:\/\/www.radiopiu.net\/wordpress\/wp-content\/uploads\/2023\/11\/03573be3-a926-4ffa-9b04-6edfb50b41b0-300x212.jpg\" class=\"attachment-medium size-medium\" alt=\"\" srcset=\"https:\/\/www.radiopiu.net\/wordpress\/wp-content\/uploads\/2023\/11\/03573be3-a926-4ffa-9b04-6edfb50b41b0-300x212.jpg 300w, https:\/\/www.radiopiu.net\/wordpress\/wp-content\/uploads\/2023\/11\/03573be3-a926-4ffa-9b04-6edfb50b41b0-768x543.jpg 768w, https:\/\/www.radiopiu.net\/wordpress\/wp-content\/uploads\/2023\/11\/03573be3-a926-4ffa-9b04-6edfb50b41b0.jpg 1024w\" sizes=\"auto, (max-width: 300px) 100vw, 300px\" \/><\/a>\n\t\t\t\t<\/dt><\/dl><dl class='gallery-item'>\n\t\t\t\t<dt class='gallery-icon landscape'>\n\t\t\t\t\t<a class=\"rollover rollover-zoom dt-pswp-item\" title=\"4c49c333-453f-4578-a894-940eb5204817\" data-dt-img-description=\"\" data-large_image_width=\"1024\" data-large_image_height=\"720\"href='https:\/\/www.radiopiu.net\/wordpress\/wp-content\/uploads\/2023\/11\/4c49c333-453f-4578-a894-940eb5204817.jpg'><img loading=\"lazy\" decoding=\"async\" width=\"300\" height=\"211\" src=\"https:\/\/www.radiopiu.net\/wordpress\/wp-content\/uploads\/2023\/11\/4c49c333-453f-4578-a894-940eb5204817-300x211.jpg\" class=\"attachment-medium size-medium\" alt=\"\" srcset=\"https:\/\/www.radiopiu.net\/wordpress\/wp-content\/uploads\/2023\/11\/4c49c333-453f-4578-a894-940eb5204817-300x211.jpg 300w, https:\/\/www.radiopiu.net\/wordpress\/wp-content\/uploads\/2023\/11\/4c49c333-453f-4578-a894-940eb5204817-768x540.jpg 768w, https:\/\/www.radiopiu.net\/wordpress\/wp-content\/uploads\/2023\/11\/4c49c333-453f-4578-a894-940eb5204817.jpg 1024w\" sizes=\"auto, (max-width: 300px) 100vw, 300px\" \/><\/a>\n\t\t\t\t<\/dt><\/dl><br style=\"clear: both\" \/>\n\t\t\t<\/div>\n\n<p>&nbsp;<\/p>\n<p><strong>VALPELLICE \u2013 FELTRE 1-2<\/strong><\/p>\n<p>PARZIALI: 0-1, 0-0, 1-1<\/p>\n<p>GOL: Pt. 14\u201944\u201d Nimenko. Tt. 10\u201945\u201d Fantinel, 19\u201931\u201d Salvai<\/p>\n<p>Il Feltre incamera ancora tre punti, seconda vittoria consecutiva per i ragazzi di Fontana che toranano dalla lunga trasferta i terra piemontese con tre punti importanti. Il Valpellice ci prova ma non riesce a riaprire una partita giocata alla pari dalle due formazioni. Prima frazione di gioco con tanti tiri in porta. I portieri fanno la differenza ma i feltrini sbloccano il punteggio con Nimenko. Nella seconda frazione il Feltre sembra pi\u00f9 convinto. I padroni di casa provano a reagire ma senza impensierire gli avversari. Nel terzo tempo la squadra di Fontana chiude la sfida trovando la seconda rete della serata a firma di Fantinel. Nel finale i padroni di casa trovano la rete della bandiera.<\/p>\n<p>&nbsp;<\/p>\n<blockquote>\n<h3>TURNO INFRASETTIMANALE PER UNDER 19 E 14 DELL&#8217;ALLEGHE HOCKEY<\/h3>\n<\/blockquote>\n<p><strong><a class=\"dt-pswp-item\" href=\"https:\/\/www.radiopiu.net\/wordpress\/wp-content\/uploads\/2023\/01\/hockey.jpg\" data-dt-img-description=\"\" data-large_image_width=\"1920\" data-large_image_height=\"1280\"><img loading=\"lazy\" decoding=\"async\" class=\" wp-image-315616 alignleft\" src=\"https:\/\/www.radiopiu.net\/wordpress\/wp-content\/uploads\/2023\/01\/hockey-300x200.jpg\" alt=\"\" width=\"173\" height=\"115\" srcset=\"https:\/\/www.radiopiu.net\/wordpress\/wp-content\/uploads\/2023\/01\/hockey-300x200.jpg 300w, https:\/\/www.radiopiu.net\/wordpress\/wp-content\/uploads\/2023\/01\/hockey-1024x683.jpg 1024w, https:\/\/www.radiopiu.net\/wordpress\/wp-content\/uploads\/2023\/01\/hockey-768x512.jpg 768w, https:\/\/www.radiopiu.net\/wordpress\/wp-content\/uploads\/2023\/01\/hockey-1536x1024.jpg 1536w, https:\/\/www.radiopiu.net\/wordpress\/wp-content\/uploads\/2023\/01\/hockey.jpg 1920w\" sizes=\"auto, (max-width: 173px) 100vw, 173px\" \/><\/a>di Marco Gaz<\/strong><\/p>\n<p><span style=\"color: #ff0000;\"><strong>UNDER 19<\/strong><\/span><\/p>\n<p><strong>CORTINA\/ALLEGHE &#8211; ASIAGO 3-1<\/strong><\/p>\n<p>GOL CORTINA\/ALLEGHE: Zandegiacomo, Tolomelli, Sudiro<\/p>\n<p>Quarta vittoria consecutiva per il Cortina\/Alleghe Under 19 che si aggiudica il secondo posto della classifica del torneo. Bella prova della formazione mista bellunese che all&#8217;Olimpico di Cortina supera l&#8217;Asiago concedendo un gol agli avversari solo nel finale. Match subito sbloccato con Zandegiacomo dopo appena 3&#8242;. Il Raddoppio a firma di Tolomelli a met\u00e0 secondo tempo e Sudiro chiude la sfida subito dopo. Nel finale la rete degli asiaghesi.<\/p>\n<p><span style=\"color: #ff0000;\"><strong>UNDER 14<\/strong><\/span><\/p>\n<p><strong>ALLEGHE\/CORTINA &#8211; RENON 7-5<\/strong><\/p>\n<p>Continua la serie di vittorie per i giovani under 14 Dell&#8217;Alleghe\/Cortina che all&#8217;Alvise De Toni di Alleghe atterrano il Renon. Bella prestazione delle giovani civette che fin dall&#8217;inizio tengono in mano la sfida. Altra vittoria e punteggio pieno per le civette che sono in testa al girone Est del Campionato.<\/p>\n<p>&nbsp;<\/p>\n<p><span style=\"color: #0000ff;\"><strong>PALLAVOLO<\/strong><\/span><\/p>\n<blockquote>\n<h3>SECONDA TRASFERTA AMARA PER IL BELLUNO VOLLEY<\/h3>\n<\/blockquote>\n<p><b><a class=\"dt-pswp-item\" href=\"https:\/\/www.radiopiu.net\/wordpress\/wp-content\/uploads\/2023\/11\/Schiro_da_seconda_linea.jpg\" data-dt-img-description=\"\" data-large_image_width=\"800\" data-large_image_height=\"400\"><img loading=\"lazy\" decoding=\"async\" class=\" wp-image-359490 alignleft\" src=\"https:\/\/www.radiopiu.net\/wordpress\/wp-content\/uploads\/2023\/11\/Schiro_da_seconda_linea-300x150.jpg\" alt=\"\" width=\"206\" height=\"103\" srcset=\"https:\/\/www.radiopiu.net\/wordpress\/wp-content\/uploads\/2023\/11\/Schiro_da_seconda_linea-300x150.jpg 300w, https:\/\/www.radiopiu.net\/wordpress\/wp-content\/uploads\/2023\/11\/Schiro_da_seconda_linea-768x384.jpg 768w, https:\/\/www.radiopiu.net\/wordpress\/wp-content\/uploads\/2023\/11\/Schiro_da_seconda_linea.jpg 800w\" sizes=\"auto, (max-width: 206px) 100vw, 206px\" \/><\/a>PERSONAL TIME SAN DONA&#8217;-BELLUNO VOLLEY 3-1 (<\/b><strong>25-22, 22-25, 25-22, 25-20)<\/strong><\/p>\n<p>\u00c8 un derby amaro per il Belluno Volley: al Pala Barbazza, i padroni di casa del Personal Team mantengono fattore campo e vetta della classifica. E strappano l\u2019intera posta in palio. \u00c8 il secondo viaggio a vuoto (su due) lontano dalle mura amiche della Spes Arena: dopo Pavia, contro Garlasco, anche San Don\u00e0 di Piave non regala soddisfazioni a una squadra che ha ancora bisogno di tempo per registrare alcuni aspetti: a cominciare dalla battuta, troppo altalenante. E cos\u00ec, i ragazzi di Colussi scivolano nel gruppo delle terze, alle spalle dei sandonatesi (ora a +4) e di Mantova, mentre nel prossimo fine settimana osserveranno un turno di riposo.<span class=\"gmail-Apple-converted-space\">\u00a0<\/span><\/p>\n<p>&nbsp;<\/p>\n<blockquote>\n<h3>VITTORIA IN 4 SET PER LA PALLAVOLO BELLUNO FEMMINILE<\/h3>\n<\/blockquote>\n<p><b><a class=\"dt-pswp-item\" href=\"https:\/\/www.radiopiu.net\/wordpress\/wp-content\/uploads\/2023\/11\/Foto_celebrativa.jpg\" data-dt-img-description=\"\" data-large_image_width=\"1280\" data-large_image_height=\"853\"><img loading=\"lazy\" decoding=\"async\" class=\" wp-image-359491 alignleft\" src=\"https:\/\/www.radiopiu.net\/wordpress\/wp-content\/uploads\/2023\/11\/Foto_celebrativa-300x200.jpg\" alt=\"\" width=\"201\" height=\"134\" srcset=\"https:\/\/www.radiopiu.net\/wordpress\/wp-content\/uploads\/2023\/11\/Foto_celebrativa-300x200.jpg 300w, https:\/\/www.radiopiu.net\/wordpress\/wp-content\/uploads\/2023\/11\/Foto_celebrativa-1024x682.jpg 1024w, https:\/\/www.radiopiu.net\/wordpress\/wp-content\/uploads\/2023\/11\/Foto_celebrativa-768x512.jpg 768w, https:\/\/www.radiopiu.net\/wordpress\/wp-content\/uploads\/2023\/11\/Foto_celebrativa.jpg 1280w\" sizes=\"auto, (max-width: 201px) 100vw, 201px\" \/><\/a>HOMECLICK SB VOLLEY-LASERWELD GRUMOLO 3-1 (<\/b><strong>23-25, 25-18, 25-17, 25-22)<\/strong><\/p>\n<p>\u00c8 un avversario di serie D. E, quindi, di categoria inferiore. Ma il Grumolo vende carissima la pelle, al palasport di Sedico. Anche se, alla lunga, la<span class=\"gmail-Apple-converted-space\">\u00a0<\/span>Pallavolo Belluno Femminile<span class=\"gmail-Apple-converted-space\">\u00a0<\/span>impone il maggior tasso tecnico e la spunta nell\u2019arco di quattro parziali: l\u2019imbattibilit\u00e0 stagionale rimane intatta. E, soprattutto, matura la qualificazione agli ottavi di finale di Coppa Veneto. Ebbene s\u00ec, il percorso nella competizione parallela al campionato inizia a farsi davvero interessante: dopo aver superato senza alcun patema il girone eliminatorio, le ragazze di Josh De Salvador entrano nella top 16. E ora? Vietato porsi limiti.<\/p>\n<p>&nbsp;<\/p>\n<p><span style=\"color: #0000ff;\"><strong>TIRO A SEGNO<\/strong><\/span><\/p>\n<blockquote>\n<h3><a class=\"dt-pswp-item\" href=\"https:\/\/www.radiopiu.net\/wordpress\/wp-content\/uploads\/2023\/11\/Stand-P10.jpg\" data-dt-img-description=\"\" data-large_image_width=\"1600\" data-large_image_height=\"1200\"><img loading=\"lazy\" decoding=\"async\" class=\" wp-image-359410 alignleft\" src=\"https:\/\/www.radiopiu.net\/wordpress\/wp-content\/uploads\/2023\/11\/Stand-P10-300x225.jpg\" alt=\"\" width=\"178\" height=\"133\" srcset=\"https:\/\/www.radiopiu.net\/wordpress\/wp-content\/uploads\/2023\/11\/Stand-P10-300x225.jpg 300w, https:\/\/www.radiopiu.net\/wordpress\/wp-content\/uploads\/2023\/11\/Stand-P10-1024x768.jpg 1024w, https:\/\/www.radiopiu.net\/wordpress\/wp-content\/uploads\/2023\/11\/Stand-P10-768x576.jpg 768w, https:\/\/www.radiopiu.net\/wordpress\/wp-content\/uploads\/2023\/11\/Stand-P10-1536x1152.jpg 1536w, https:\/\/www.radiopiu.net\/wordpress\/wp-content\/uploads\/2023\/11\/Stand-P10.jpg 1600w\" sizes=\"auto, (max-width: 178px) 100vw, 178px\" \/><\/a>INIZIANO LE GIORNATE DI PROMOZIONE PER IL TIRO A SEGNO BELLUNO<\/h3>\n<\/blockquote>\n<p><strong>BELLUNO<\/strong> Il Tiro a Segno Nazionale Sezione di Belluno con sede in Via F.lli Rosselli 254 si contraddistingue ormai da anni per gli ottimi risultati agonistici ottenuti nei campionati regionali e nazionali nella specialit\u00e0 \u201cpistola ad aria compressa 10 metri\u201d. Quest\u2019anno l\u2019Associazione promuove gratuitamente la propria attivit\u00e0 di tiro accademico pistola ad aria compressa a 10 metri nella giornate del 10, 17, 24, novembre 1 e 15 dicembre dalle ore 18,30 alle ore 19,30.<\/p>\n<p>&nbsp;<\/p>\n<p><span style=\"color: #0000ff;\"><strong>CURLING<\/strong><\/span><\/p>\n<blockquote>\n<h3><a class=\"dt-pswp-item\" href=\"https:\/\/www.radiopiu.net\/wordpress\/wp-content\/uploads\/2023\/11\/CURLING.jpg\" data-dt-img-description=\"\" data-large_image_width=\"1280\" data-large_image_height=\"853\"><img loading=\"lazy\" decoding=\"async\" class=\" wp-image-359434 alignleft\" src=\"https:\/\/www.radiopiu.net\/wordpress\/wp-content\/uploads\/2023\/11\/CURLING-300x200.jpg\" alt=\"\" width=\"141\" height=\"94\" srcset=\"https:\/\/www.radiopiu.net\/wordpress\/wp-content\/uploads\/2023\/11\/CURLING-300x200.jpg 300w, https:\/\/www.radiopiu.net\/wordpress\/wp-content\/uploads\/2023\/11\/CURLING-1024x682.jpg 1024w, https:\/\/www.radiopiu.net\/wordpress\/wp-content\/uploads\/2023\/11\/CURLING-768x512.jpg 768w, https:\/\/www.radiopiu.net\/wordpress\/wp-content\/uploads\/2023\/11\/CURLING.jpg 1280w\" sizes=\"auto, (max-width: 141px) 100vw, 141px\" \/><\/a>STORICO SUCCESSO PER IL TEAM CONSTANTINI IN CANADA<\/h3>\n<\/blockquote>\n<p><strong>IL SERVIZIO DI BARBARA PAOLAZZI E LUCA DE MICHIEL, RADIO CLUB 103<\/strong><\/p>\n<audio class=\"wp-audio-shortcode\" id=\"audio-359238-16\" preload=\"none\" style=\"width: 100%;\" controls=\"controls\"><source type=\"audio\/mpeg\" src=\"https:\/\/www.radiopiu.net\/wordpress\/wp-content\/uploads\/2023\/11\/PAOLAZZI-CURLING-DE-MICHIEL.mp3?_=16\" \/><a href=\"https:\/\/www.radiopiu.net\/wordpress\/wp-content\/uploads\/2023\/11\/PAOLAZZI-CURLING-DE-MICHIEL.mp3\">https:\/\/www.radiopiu.net\/wordpress\/wp-content\/uploads\/2023\/11\/PAOLAZZI-CURLING-DE-MICHIEL.mp3<\/a><\/audio>\n<p>&nbsp;<\/p>\n<p>&nbsp;<\/p>\n<p>&nbsp;<\/p>\n<\/div>\n","protected":false},"excerpt":{"rendered":"<p>40esimo di RADIOPIU\u2026. LA VOCE DELL\u2019EMOZIONE ISCRIVITI AL NOSTRO CANALE\u00a0\u00a0YOUTUBE PER SEGUIRE IN DIRETTA I PRINCIPALI PROGRAMMI DI RADIO PIU\u2019 E LE FUTURE DIRETTE IN ESTERNA. PER ISCRIVERTI CLICCA QUI\u00a0E PREMI\u00a0 \u201cIscriviti\u201d\u00a0 &nbsp; &nbsp; &nbsp; SP 563 SALESEI \u00a0fino al 17 novembre in localit\u00e0 Digonera di Rocca Pietore interdizione al traffico CHIUSA IN ANTICIPO LA&hellip;<\/p>\n","protected":false},"author":4,"featured_media":359331,"comment_status":"closed","ping_status":"closed","sticky":false,"template":"","format":"standard","meta":{"_monsterinsights_skip_tracking":false,"_monsterinsights_sitenote_active":false,"_monsterinsights_sitenote_note":"","_monsterinsights_sitenote_category":0,"footnotes":""},"categories":[51,86,49],"tags":[],"class_list":["post-359238","post","type-post","status-publish","format-standard","has-post-thumbnail","hentry","category-evidenza-top","category-gr","category-news-18","category-51","category-86","category-49","description-off"],"img_url":"https:\/\/www.radiopiu.net\/wordpress\/wp-content\/uploads\/2023\/10\/395632465_726795299490456_7028890522719943964_n.jpg","_links":{"self":[{"href":"https:\/\/www.radiopiu.net\/wordpress\/wp-json\/wp\/v2\/posts\/359238","targetHints":{"allow":["GET"]}}],"collection":[{"href":"https:\/\/www.radiopiu.net\/wordpress\/wp-json\/wp\/v2\/posts"}],"about":[{"href":"https:\/\/www.radiopiu.net\/wordpress\/wp-json\/wp\/v2\/types\/post"}],"author":[{"embeddable":true,"href":"https:\/\/www.radiopiu.net\/wordpress\/wp-json\/wp\/v2\/users\/4"}],"replies":[{"embeddable":true,"href":"https:\/\/www.radiopiu.net\/wordpress\/wp-json\/wp\/v2\/comments?post=359238"}],"version-history":[{"count":0,"href":"https:\/\/www.radiopiu.net\/wordpress\/wp-json\/wp\/v2\/posts\/359238\/revisions"}],"wp:featuredmedia":[{"embeddable":true,"href":"https:\/\/www.radiopiu.net\/wordpress\/wp-json\/wp\/v2\/media\/359331"}],"wp:attachment":[{"href":"https:\/\/www.radiopiu.net\/wordpress\/wp-json\/wp\/v2\/media?parent=359238"}],"wp:term":[{"taxonomy":"category","embeddable":true,"href":"https:\/\/www.radiopiu.net\/wordpress\/wp-json\/wp\/v2\/categories?post=359238"},{"taxonomy":"post_tag","embeddable":true,"href":"https:\/\/www.radiopiu.net\/wordpress\/wp-json\/wp\/v2\/tags?post=359238"}],"curies":[{"name":"wp","href":"https:\/\/api.w.org\/{rel}","templated":true}]}}