{"id":359247,"date":"2023-10-31T05:58:16","date_gmt":"2023-10-31T04:58:16","guid":{"rendered":"https:\/\/www.radiopiu.net\/wordpress\/?p=359247"},"modified":"2023-10-31T06:11:38","modified_gmt":"2023-10-31T05:11:38","slug":"chiusa-la-strada-per-la-val-corpassa-e-a-col-di-pra","status":"publish","type":"post","link":"https:\/\/www.radiopiu.net\/wordpress\/chiusa-la-strada-per-la-val-corpassa-e-a-col-di-pra\/","title":{"rendered":"CHIUSA LA STRADA PER LA VAL CORPASSA E A COL DI PRA"},"content":{"rendered":"<p><img loading=\"lazy\" decoding=\"async\" class=\"alignleft\" src=\"https:\/\/www.radiopiu.net\/wordpress\/wp-content\/uploads\/2023\/10\/396035079_353748677218822_7367137669861214209_n.jpg\" width=\"132\" height=\"176\" \/><strong>TAIBON<\/strong> In seguito all&#8217; avviso di condizioni meteo avverse per precipitazioni diffuse, da consistenti a localmente molto abbondanti a titolo precauzionale e per ragioni di sicurezza ed incolumit\u00e0 pubblica, si rende necessaria la chiusura della viabilit\u00e0 nelle seguenti localit\u00e0: &#8211; Starda Comunale di Col di Pr\u00e0 nel tratto compreso tra Localit\u00e0 \u201cPrombianch\u201d e la frazione di Col di Pr\u00e0; &#8211; Strada Comunale Val Corpassa nel tratto compreso dal bivio nord (ex campo di ghiaccio) in prossimit\u00e0 dell&#8217;abitato di Listolade fino a Capanna Trieste.<\/p>\n<p>Ieri sera alle 18.30 , \u00e8 stata disposta l\u2019attivazione del Centro Operativo Comunale (C.O.C.), presso la Sede Municipale \u2013 Sala Giunta &#8211; Criticit\u00e0: avverse condizioni meteorologiche, per far fronte alle esigenze necessarie a garantire un\u2019adeguata assistenza e informazione alla popolazione e presso il quale il personale<br \/>\nche dovessero intervenire, potesse stazionare e coordinare gli interventi da effettuare.<\/p>\n<p>___<\/p>\n","protected":false},"excerpt":{"rendered":"<p>TAIBON In seguito all&#8217; avviso di condizioni meteo avverse per precipitazioni diffuse, da consistenti a localmente molto abbondanti a titolo precauzionale e per ragioni di sicurezza ed incolumit\u00e0 pubblica, si rende necessaria la chiusura della viabilit\u00e0 nelle seguenti localit\u00e0: &#8211; Starda Comunale di Col di Pr\u00e0 nel tratto compreso tra Localit\u00e0 \u201cPrombianch\u201d e la frazione&hellip;<\/p>\n","protected":false},"author":4,"featured_media":358723,"comment_status":"closed","ping_status":"closed","sticky":false,"template":"","format":"standard","meta":{"_monsterinsights_skip_tracking":false,"_monsterinsights_sitenote_active":false,"_monsterinsights_sitenote_note":"","_monsterinsights_sitenote_category":0,"footnotes":""},"categories":[51,49],"tags":[],"class_list":["post-359247","post","type-post","status-publish","format-standard","has-post-thumbnail","hentry","category-evidenza-top","category-news-18","category-51","category-49","description-off"],"img_url":"https:\/\/www.radiopiu.net\/wordpress\/wp-content\/uploads\/2023\/10\/396035079_353748677218822_7367137669861214209_n.jpg","_links":{"self":[{"href":"https:\/\/www.radiopiu.net\/wordpress\/wp-json\/wp\/v2\/posts\/359247","targetHints":{"allow":["GET"]}}],"collection":[{"href":"https:\/\/www.radiopiu.net\/wordpress\/wp-json\/wp\/v2\/posts"}],"about":[{"href":"https:\/\/www.radiopiu.net\/wordpress\/wp-json\/wp\/v2\/types\/post"}],"author":[{"embeddable":true,"href":"https:\/\/www.radiopiu.net\/wordpress\/wp-json\/wp\/v2\/users\/4"}],"replies":[{"embeddable":true,"href":"https:\/\/www.radiopiu.net\/wordpress\/wp-json\/wp\/v2\/comments?post=359247"}],"version-history":[{"count":0,"href":"https:\/\/www.radiopiu.net\/wordpress\/wp-json\/wp\/v2\/posts\/359247\/revisions"}],"wp:featuredmedia":[{"embeddable":true,"href":"https:\/\/www.radiopiu.net\/wordpress\/wp-json\/wp\/v2\/media\/358723"}],"wp:attachment":[{"href":"https:\/\/www.radiopiu.net\/wordpress\/wp-json\/wp\/v2\/media?parent=359247"}],"wp:term":[{"taxonomy":"category","embeddable":true,"href":"https:\/\/www.radiopiu.net\/wordpress\/wp-json\/wp\/v2\/categories?post=359247"},{"taxonomy":"post_tag","embeddable":true,"href":"https:\/\/www.radiopiu.net\/wordpress\/wp-json\/wp\/v2\/tags?post=359247"}],"curies":[{"name":"wp","href":"https:\/\/api.w.org\/{rel}","templated":true}]}}