{"id":359361,"date":"2023-10-02T05:14:53","date_gmt":"2023-10-02T03:14:53","guid":{"rendered":"https:\/\/www.radiopiu.net\/wordpress\/?p=359361"},"modified":"2023-11-02T05:32:41","modified_gmt":"2023-11-02T04:32:41","slug":"chiusa-la-33-di-sauris-per-colata-detritica","status":"publish","type":"post","link":"https:\/\/www.radiopiu.net\/wordpress\/chiusa-la-33-di-sauris-per-colata-detritica\/","title":{"rendered":"CHIUSA LA 33 DI SAURIS PER COLATA DETRITICA"},"content":{"rendered":"<p>La provinciale 33 di Sauris \u00e8 sbarrata in seguito alla colata detritica torrentizia in localit\u00e0 Ponte Moretti. La strada \u00e8 chiusa da ieri fino al ripristino delle condizioni di sicurezza.<\/p>\n<p>&nbsp;<\/p>\n<p>&nbsp;<\/p>\n<p>&nbsp;<\/p>\n<hr \/>\n<p>&nbsp;<\/p>\n","protected":false},"excerpt":{"rendered":"<p>La provinciale 33 di Sauris \u00e8 sbarrata in seguito alla colata detritica torrentizia in localit\u00e0 Ponte Moretti. La strada \u00e8 chiusa da ieri fino al ripristino delle condizioni di sicurezza. &nbsp; &nbsp; &nbsp; &nbsp;<\/p>\n","protected":false},"author":4,"featured_media":359362,"comment_status":"closed","ping_status":"closed","sticky":false,"template":"","format":"standard","meta":{"_monsterinsights_skip_tracking":false,"_monsterinsights_sitenote_active":false,"_monsterinsights_sitenote_note":"","_monsterinsights_sitenote_category":0,"footnotes":""},"categories":[51,49],"tags":[],"class_list":["post-359361","post","type-post","status-publish","format-standard","has-post-thumbnail","hentry","category-evidenza-top","category-news-18","category-51","category-49","description-off"],"img_url":"https:\/\/www.radiopiu.net\/wordpress\/wp-content\/uploads\/2023\/10\/th-24.jpg","_links":{"self":[{"href":"https:\/\/www.radiopiu.net\/wordpress\/wp-json\/wp\/v2\/posts\/359361","targetHints":{"allow":["GET"]}}],"collection":[{"href":"https:\/\/www.radiopiu.net\/wordpress\/wp-json\/wp\/v2\/posts"}],"about":[{"href":"https:\/\/www.radiopiu.net\/wordpress\/wp-json\/wp\/v2\/types\/post"}],"author":[{"embeddable":true,"href":"https:\/\/www.radiopiu.net\/wordpress\/wp-json\/wp\/v2\/users\/4"}],"replies":[{"embeddable":true,"href":"https:\/\/www.radiopiu.net\/wordpress\/wp-json\/wp\/v2\/comments?post=359361"}],"version-history":[{"count":0,"href":"https:\/\/www.radiopiu.net\/wordpress\/wp-json\/wp\/v2\/posts\/359361\/revisions"}],"wp:featuredmedia":[{"embeddable":true,"href":"https:\/\/www.radiopiu.net\/wordpress\/wp-json\/wp\/v2\/media\/359362"}],"wp:attachment":[{"href":"https:\/\/www.radiopiu.net\/wordpress\/wp-json\/wp\/v2\/media?parent=359361"}],"wp:term":[{"taxonomy":"category","embeddable":true,"href":"https:\/\/www.radiopiu.net\/wordpress\/wp-json\/wp\/v2\/categories?post=359361"},{"taxonomy":"post_tag","embeddable":true,"href":"https:\/\/www.radiopiu.net\/wordpress\/wp-json\/wp\/v2\/tags?post=359361"}],"curies":[{"name":"wp","href":"https:\/\/api.w.org\/{rel}","templated":true}]}}