{"id":359502,"date":"2023-11-03T05:32:51","date_gmt":"2023-11-03T04:32:51","guid":{"rendered":"https:\/\/www.radiopiu.net\/wordpress\/?p=359502"},"modified":"2023-11-03T08:54:24","modified_gmt":"2023-11-03T07:54:24","slug":"giornale-radiopiu-03-novembre-2023-direttore-mirko-mezzacasada-40-anni-25-giugno-1983-25-giugno-2023","status":"publish","type":"post","link":"https:\/\/www.radiopiu.net\/wordpress\/giornale-radiopiu-03-novembre-2023-direttore-mirko-mezzacasada-40-anni-25-giugno-1983-25-giugno-2023\/","title":{"rendered":"GIORNALE RADIOPIU 03 NOVEMBRE 2023 DIRETTORE MIRKO MEZZACASA\u2026DA 40 ANNI 25 GIUGNO 1983-25 GIUGNO 2023"},"content":{"rendered":"<h1 class=\"entry-title photoswipe-wrapper\">40esimo di RADIOPIU\u2026. LA VOCE DELL\u2019EMOZIONE<\/h1>\n<h2><span style=\"color: #ff0000;\">ISCRIVITI AL NOSTRO CANALE\u00a0\u00a0YOUTUBE PER SEGUIRE IN DIRETTA I PRINCIPALI PROGRAMMI DI RADIO PIU\u2019 E LE FUTURE DIRETTE IN ESTERNA. PER ISCRIVERTI <a style=\"color: #ff0000;\" href=\"https:\/\/youtube.com\/@radiopiu1527\">CLICCA QUI\u00a0<\/a>E PREMI\u00a0 \u201cIscriviti\u201d\u00a0<\/span><\/h2>\n<p>&nbsp;<\/p>\n<p>&nbsp;<\/p>\n<p>&nbsp;<\/p>\n<hr \/>\n<p>&nbsp;<\/p>\n<h1><span style=\"color: #000000;\"><strong>DOMENICA 05 NOVEMBRE\u00a0 interruzione di energia elettrica dalle 8 alle 15 in frazione Valcozzena di Agordo<\/strong><\/span><\/h1>\n<p>&nbsp;<\/p>\n<hr \/>\n<p>&nbsp;<\/p>\n<p><a class=\"dt-pswp-item\" href=\"https:\/\/www.radiopiu.net\/wordpress\/wp-content\/uploads\/2023\/10\/34f4cfc6-e863-46e9-9695-8df44be63421.jpg\" data-dt-img-description=\"\" data-large_image_width=\"1200\" data-large_image_height=\"1200\"><img loading=\"lazy\" decoding=\"async\" class=\"wp-image-357393 alignleft\" src=\"https:\/\/www.radiopiu.net\/wordpress\/wp-content\/uploads\/2023\/10\/34f4cfc6-e863-46e9-9695-8df44be63421-300x300.jpg\" alt=\"\" width=\"81\" height=\"81\" srcset=\"https:\/\/www.radiopiu.net\/wordpress\/wp-content\/uploads\/2023\/10\/34f4cfc6-e863-46e9-9695-8df44be63421-300x300.jpg 300w, https:\/\/www.radiopiu.net\/wordpress\/wp-content\/uploads\/2023\/10\/34f4cfc6-e863-46e9-9695-8df44be63421-1024x1024.jpg 1024w, https:\/\/www.radiopiu.net\/wordpress\/wp-content\/uploads\/2023\/10\/34f4cfc6-e863-46e9-9695-8df44be63421-150x150.jpg 150w, https:\/\/www.radiopiu.net\/wordpress\/wp-content\/uploads\/2023\/10\/34f4cfc6-e863-46e9-9695-8df44be63421-768x768.jpg 768w, https:\/\/www.radiopiu.net\/wordpress\/wp-content\/uploads\/2023\/10\/34f4cfc6-e863-46e9-9695-8df44be63421.jpg 1200w\" sizes=\"auto, (max-width: 81px) 100vw, 81px\" \/><\/a>OGGI ALLA RADIO: <strong>ALLE 7<\/strong> LA RASSEGNA STAMPA LOCALE FLASH, PER CHI COME NOI ALLE SETTE DEL MATTINO VA DI FRETTA, TANTE NOTIZIE IN POCHE CHIACCHIERE. <strong>ALLE OTTO<\/strong> L&#8217;APPROFONDIMENTO NELLA STORICA RASSEGNA STAMPA LOCALE<\/p>\n<p>&nbsp;<\/p>\n<p><strong><a class=\"dt-pswp-item\" href=\"https:\/\/www.radiopiu.net\/wordpress\/wp-content\/uploads\/2023\/10\/Luxottica-firmato-il-contratto-aziendale-per-lo-stabilimento-di-Pederobba_articleimage-300x184-1.jpg\" data-dt-img-description=\"\" data-large_image_width=\"300\" data-large_image_height=\"184\"><img loading=\"lazy\" decoding=\"async\" class=\"wp-image-356563 alignleft\" src=\"https:\/\/www.radiopiu.net\/wordpress\/wp-content\/uploads\/2023\/10\/Luxottica-firmato-il-contratto-aziendale-per-lo-stabilimento-di-Pederobba_articleimage-300x184-1.jpg\" alt=\"\" width=\"116\" height=\"71\" \/><\/a>Luxottica\u00a0 comunica che l&#8217;attivit\u00e0 lavorativa prevista per OGGI si svolger\u00e0 regolarmente. Eventuali permessi richiesti da chi dovesse avere problemi di gestione famigliare a causa della chiusura delle scuole saranno gestiti. In caso di ulteriori sviluppi sar\u00e0 nostra premura avvisarvi tempestivamente.<\/strong><\/p>\n<p><strong>I delegati Femca Cisl Luxottica Agordo.\u00a0<\/strong><\/p>\n<div class=\"articlePlainText\"><span style=\"color: #ff0000;\">La Thelios, al contrario di Luxottica, coglie l&#8217;appello del Prefetto e decide\u00a0 di fermare la produzione.\u00a0\u00a0<\/span><\/div>\n<div>\n<div><\/div>\n<div><strong>L&#8217;APPELLO DEL PREFETTO<\/strong><\/div>\n<div>\n<div class=\"articlePlainText\">Alla comunit\u00e0 l&#8217;esortazione \u00ab\u00e8 a non uscire di casa se non per motivi strettamente necessari\u00bb. Compreso chi deve andare a lavorare: \u00abPenso al buon senso, in questi casi. Associazioni di categoria, imprese e sindaci dovrebbero coordinarsi. Da parte mia ho avuto un confronto con la direzione di Confindustria cui ho spiegato la situazione. Certo che se un imprenditore ha una strada che in certi eventi di maltempo frana o si allaga, non manda i dipendenti al lavoro in questi giorni. \u00c8 questione appunto di buon senso\u00bb.<\/div>\n<\/div>\n<div><\/div>\n<\/div>\n<p>&nbsp;<\/p>\n<hr \/>\n<p>&nbsp;<\/p>\n<blockquote>\n<h2>PUOS D&#8217; ALPAGO, VIGILE DEL FUOCO DISPERSO IN UN CANALE<\/h2>\n<p><em>SCIVOLA NEL CANALE MENTRE SISTEMA I SACCHI DI SABBIA LUNGO IL TORRENTE RIU&#8217;, NON ERA IN SERVIZIO MA SVOLGEVA UN&#8217;IMPORTANTE OPERA DI VOLONTARIATO CON IL PADRE\u00a0<\/em><\/p>\n<p><a class=\"dt-pswp-item\" href=\"https:\/\/www.radiopiu.net\/wordpress\/wp-content\/uploads\/2023\/11\/Senza-nome-5.png\" data-dt-img-description=\"\" data-large_image_width=\"321\" data-large_image_height=\"204\"><img loading=\"lazy\" decoding=\"async\" class=\"size-medium wp-image-359633 aligncenter\" src=\"https:\/\/www.radiopiu.net\/wordpress\/wp-content\/uploads\/2023\/11\/Senza-nome-5-300x191.png\" alt=\"\" width=\"300\" height=\"191\" srcset=\"https:\/\/www.radiopiu.net\/wordpress\/wp-content\/uploads\/2023\/11\/Senza-nome-5-300x191.png 300w, https:\/\/www.radiopiu.net\/wordpress\/wp-content\/uploads\/2023\/11\/Senza-nome-5.png 321w\" sizes=\"auto, (max-width: 300px) 100vw, 300px\" \/><\/a><\/p><\/blockquote>\n<div class=\"flex flex-grow flex-col gap-3 max-w-full\">\n<div class=\"min-h-[20px] flex flex-col items-start gap-3 whitespace-pre-wrap break-words overflow-x-auto\" data-message-author-role=\"assistant\" data-message-id=\"65516de7-309b-4669-a894-7c2304690167\">\n<div class=\"result-streaming markdown prose w-full break-words dark:prose-invert dark\">\n<p><a class=\"dt-pswp-item\" href=\"https:\/\/www.radiopiu.net\/wordpress\/wp-content\/uploads\/2023\/11\/898ec4a9-a4aa-4f29-9982-3059809bfacf.jpg\" data-dt-img-description=\"\" data-large_image_width=\"848\" data-large_image_height=\"480\"><img loading=\"lazy\" decoding=\"async\" class=\"size-medium wp-image-359627 alignleft\" src=\"https:\/\/www.radiopiu.net\/wordpress\/wp-content\/uploads\/2023\/11\/898ec4a9-a4aa-4f29-9982-3059809bfacf-300x170.jpg\" alt=\"\" width=\"300\" height=\"170\" srcset=\"https:\/\/www.radiopiu.net\/wordpress\/wp-content\/uploads\/2023\/11\/898ec4a9-a4aa-4f29-9982-3059809bfacf-300x170.jpg 300w, https:\/\/www.radiopiu.net\/wordpress\/wp-content\/uploads\/2023\/11\/898ec4a9-a4aa-4f29-9982-3059809bfacf-768x435.jpg 768w, https:\/\/www.radiopiu.net\/wordpress\/wp-content\/uploads\/2023\/11\/898ec4a9-a4aa-4f29-9982-3059809bfacf.jpg 848w\" sizes=\"auto, (max-width: 300px) 100vw, 300px\" \/><\/a>Nelle ultime ore, un dramma ha colpito la comunit\u00e0 di Bastia, in particolare la famiglia e i colleghi di Walter Locatello, un vigile del fuoco che stava svolgendo un compito di sorveglianza insieme a suo padre lungo il canale Ri\u00f9. Mentre monitorava alcune abitazioni a rischio allagamento, Walter \u00e8 scivolato improvvisamente nelle acque impetuose del canale, che sfociano nel lago di Santa Croce. L&#8217;allarme \u00e8 stato dato dal padre dell&#8217;uomo, che ha cercato disperatamente di soccorrere suo figlio, ma ha dovuto chiamare i soccorsi. Walter Locatello, nato nel 1979, \u00e8 un vigile del fuoco professionista con base nel distaccamento provinciale di Belluno. Il giorno del tragico incidente era la sua giornata di riposo dopo aver terminato un turno di servizio. Le ricerche sono state avviate immediatamente, coinvolgendo una squadra di circa cinquanta uomini, tra vigili del fuoco, specialisti del reparto sommozzatori di Venezia, soccorso speleo alpino fluviale, volontari e personale del soccorso alpino. Queste operazioni sono state <a class=\"dt-pswp-item\" href=\"https:\/\/www.radiopiu.net\/wordpress\/wp-content\/uploads\/2023\/11\/70d444a6-38a3-4410-8e9d-90a13185fef4.jpg\" data-dt-img-description=\"\" data-large_image_width=\"848\" data-large_image_height=\"480\"><img loading=\"lazy\" decoding=\"async\" class=\"size-medium wp-image-359624 alignright\" src=\"https:\/\/www.radiopiu.net\/wordpress\/wp-content\/uploads\/2023\/11\/70d444a6-38a3-4410-8e9d-90a13185fef4-300x170.jpg\" alt=\"\" width=\"300\" height=\"170\" srcset=\"https:\/\/www.radiopiu.net\/wordpress\/wp-content\/uploads\/2023\/11\/70d444a6-38a3-4410-8e9d-90a13185fef4-300x170.jpg 300w, https:\/\/www.radiopiu.net\/wordpress\/wp-content\/uploads\/2023\/11\/70d444a6-38a3-4410-8e9d-90a13185fef4-768x435.jpg 768w, https:\/\/www.radiopiu.net\/wordpress\/wp-content\/uploads\/2023\/11\/70d444a6-38a3-4410-8e9d-90a13185fef4.jpg 848w\" sizes=\"auto, (max-width: 300px) 100vw, 300px\" \/><\/a>ostacolate dalle condizioni meteorologiche avverse, con piogge torrenziali e venti forti. Il padre di <img loading=\"lazy\" decoding=\"async\" class=\"alignleft\" src=\"https:\/\/www.radiopiu.net\/wordpress\/wp-content\/uploads\/2023\/11\/Senza-nome-4.png\" width=\"354\" height=\"159\" \/>Walter ha sentito il figlio gridare mentre veniva trascinato via dalla corrente, ma non \u00e8 riuscito a salvarlo. Le ricerche si sono concentrate sia lungo le rive del torrente Ri\u00f9 che sulle sponde del lago, sotto il ponticello prima della rotonda che porta al lago o a Puos. Tuttavia, le condizioni del tempo hanno reso difficile il lavoro delle squadre di soccorso. Il comandante Antonio Del Gallo, proveniente dal distaccamento di Ferrara, ha guidato le operazioni, ma nonostante gli sforzi, non \u00e8 stata trovata alcuna traccia di Walter. Le squadre hanno esaminato tutte le possibili aree in cui potrebbe essere aggrappato, ma le forti correnti impedivano le ricerche in acqua e l&#8217;uso di gommoni nel lago. Il sindaco di Alpago, Alberto Peterle, e l&#8217;assessore alla Protezione civile Albino Dazzi si sono recati sul luogo per monitorare la situazione meteo e mostrare il loro sostegno. Molti colleghi di Walter, anche non in servizio si sono precipitati sul posto per aiutare nelle ricerche. Walter Locatello, che recentemente \u00e8 diventato padre, vive in Alpago con la sua famiglia, e l&#8217;intera comunit\u00e0 \u00e8 vicina alla sua famiglia<\/p>\n<\/div>\n<\/div>\n<\/div>\n<div class=\"flex justify-between empty:hidden gizmo:justify-start gizmo:gap-3 lg:block gizmo:lg:flex\">\n<div class=\"text-gray-400 flex self-end lg:self-center justify-center gizmo:lg:justify-start mt-2 gizmo:mt-0 invisible lg:gap-1 lg:absolute lg:top-0 lg:translate-x-full lg:right-0 lg:mt-0 lg:pl-2 gap-2 md:gap-3\">\n<div class=\"flex gap-1\"><\/div>\n<\/div>\n<\/div>\n<p>&nbsp;<\/p>\n<hr \/>\n<p><span style=\"color: #ff0000;\"><strong>\u00a0<\/strong><\/span><\/p>\n<p><span style=\"color: #ff0000;\"><strong>SENZA TREGUA, EVITARE SPOSTAMENTI INUTILI<\/strong><\/span><\/p>\n<blockquote>\n<h3>MALTEMPO. PER CRITICITA\u2019 IDROGEOLOCICA FASE DI ALLARME (ROSSA) IN QUATTRO BACINI DEL VENETO. SCUOLE CHIUSE. TRENI FERMI. PREDISPOSTI I GENERATORI DI ENERGIA ELETTRICA PER LE EMERGENZE.\u00a0 Appello che \u00e8 stato raccolto dalla Thelios: l&#8217;azienda dell&#8217;occhialeria ha deciso di fermare la produzione.<\/h3>\n<\/blockquote>\n<p><strong>VENEZIA <\/strong>Il Meteo regionale segnala fino alla prima parte di oggi, tempo in prevalenza perturbato con precipitazioni diffuse e abbondanti sulle zone centro-settentrionali, localmente anche molto abbondanti su Prealpi e Dolomiti meridionali. Sono previsti probabili rovesci anche forti e locali temporali, specie su pianura e costa. Considerati i fenomeni meteorologici previsti sul Veneto, il Centro Funzionale Decentrato della Protezione Civile regionale comunica che, per criticit\u00e0 idrogeologica, \u00e8 stata dichiarata la fase operativa di \u201cAllarme\u201d (Rossa) fino alle 00 di domani nei bacini idrografici VENE-A Alto Piave (BL), VENE H Piave Pedemontano (BL \u2013 TV), VENE B Alto Brenta-Bacchiglione-Alpone (VI &#8211; BL &#8211; TV\u2013VR), VENE-C Adige-Garda e Monti Lessini (VR). Per la stessa criticit\u00e0 e negli stessi orari e stata dichiarata la fase operativa di \u201cPreallarme\u201d (Arancione) nei restanti bacini. Contemporaneamente, per criticit\u00e0 idraulica, \u00e8 stata dichiarata la fase operativa di \u201cPreallarme\u201d (Arancione) in tutti i bacini della regione. \u00c8 stata inoltre dichiarata per vento forte la fase operativa di attenzione su costa e pianura limitrofa, zone pedemontane e zone montane, da riconfigurare, a livello locale, in fase operativa di pre-allarme o allarme a seconda dell\u2019intensit\u00e0 del vento, fino alle 16 di oggi.<\/p>\n<p>&nbsp;<\/p>\n<p><a class=\"dt-pswp-item\" href=\"https:\/\/www.radiopiu.net\/wordpress\/wp-content\/uploads\/2023\/11\/GLDUOA.png\" data-dt-img-description=\"\" data-large_image_width=\"945\" data-large_image_height=\"264\"><img loading=\"lazy\" decoding=\"async\" class=\"alignnone wp-image-359571 size-full\" src=\"https:\/\/www.radiopiu.net\/wordpress\/wp-content\/uploads\/2023\/11\/GLDUOA.png\" alt=\"\" width=\"945\" height=\"264\" srcset=\"https:\/\/www.radiopiu.net\/wordpress\/wp-content\/uploads\/2023\/11\/GLDUOA.png 945w, https:\/\/www.radiopiu.net\/wordpress\/wp-content\/uploads\/2023\/11\/GLDUOA-300x84.png 300w, https:\/\/www.radiopiu.net\/wordpress\/wp-content\/uploads\/2023\/11\/GLDUOA-768x215.png 768w\" sizes=\"auto, (max-width: 945px) 100vw, 945px\" \/><\/a><\/p>\n<p>&nbsp;<\/p>\n<p>&nbsp;<\/p>\n<hr \/>\n<p>&nbsp;<\/p>\n<p>NEVICA, ORE 7 FEDERICA ZANDEGIACOMO\u00a0 E GABRIELE VIABILITA&#8217; PROVINCIA BELLUNO telegram<\/p>\n\n\t\t\t<style type='text\/css'>\n\t\t\t\t#gallery-1 {\n\t\t\t\t\tmargin: auto;\n\t\t\t\t}\n\t\t\t\t#gallery-1 .gallery-item {\n\t\t\t\t\tfloat: left;\n\t\t\t\t\tmargin-top: 10px;\n\t\t\t\t\ttext-align: center;\n\t\t\t\t\twidth: 50%;\n\t\t\t\t}\n\t\t\t\t#gallery-1 img {\n\t\t\t\t\tborder: 2px solid #cfcfcf;\n\t\t\t\t}\n\t\t\t\t#gallery-1 .gallery-caption {\n\t\t\t\t\tmargin-left: 0;\n\t\t\t\t}\n\t\t\t\t\/* see gallery_shortcode() in wp-includes\/media.php *\/\n\t\t\t<\/style>\n\t\t<div id='gallery-1' class='dt-gallery-container gallery galleryid-359502 gallery-columns-2 gallery-size-medium'><dl class='gallery-item'>\n\t\t\t\t<dt class='gallery-icon portrait'>\n\t\t\t\t\t<a class=\"rollover rollover-zoom dt-pswp-item\" title=\"90d8f1bb-5897-46cf-bcbb-ca147698a21c\" data-dt-img-description=\"\" data-large_image_width=\"960\" data-large_image_height=\"1280\"href='https:\/\/www.radiopiu.net\/wordpress\/wp-content\/uploads\/2023\/11\/90d8f1bb-5897-46cf-bcbb-ca147698a21c.jpg'><img loading=\"lazy\" decoding=\"async\" width=\"225\" height=\"300\" src=\"https:\/\/www.radiopiu.net\/wordpress\/wp-content\/uploads\/2023\/11\/90d8f1bb-5897-46cf-bcbb-ca147698a21c-225x300.jpg\" class=\"attachment-medium size-medium\" alt=\"\" aria-describedby=\"gallery-1-359664\" srcset=\"https:\/\/www.radiopiu.net\/wordpress\/wp-content\/uploads\/2023\/11\/90d8f1bb-5897-46cf-bcbb-ca147698a21c-225x300.jpg 225w, https:\/\/www.radiopiu.net\/wordpress\/wp-content\/uploads\/2023\/11\/90d8f1bb-5897-46cf-bcbb-ca147698a21c-768x1024.jpg 768w, https:\/\/www.radiopiu.net\/wordpress\/wp-content\/uploads\/2023\/11\/90d8f1bb-5897-46cf-bcbb-ca147698a21c.jpg 960w\" sizes=\"auto, (max-width: 225px) 100vw, 225px\" \/><\/a>\n\t\t\t\t<\/dt>\n\t\t\t\t\t<dd class='wp-caption-text gallery-caption' id='gallery-1-359664'>\n\t\t\t\t\tFALZAREGO\n\t\t\t\t\t<\/dd><\/dl><dl class='gallery-item'>\n\t\t\t\t<dt class='gallery-icon portrait'>\n\t\t\t\t\t<a class=\"rollover rollover-zoom dt-pswp-item\" title=\"110b6c6f-231a-42c1-a01b-1b4283f29bae\" data-dt-img-description=\"\" data-large_image_width=\"960\" data-large_image_height=\"1280\"href='https:\/\/www.radiopiu.net\/wordpress\/wp-content\/uploads\/2023\/11\/110b6c6f-231a-42c1-a01b-1b4283f29bae.jpg'><img loading=\"lazy\" decoding=\"async\" width=\"225\" height=\"300\" src=\"https:\/\/www.radiopiu.net\/wordpress\/wp-content\/uploads\/2023\/11\/110b6c6f-231a-42c1-a01b-1b4283f29bae-225x300.jpg\" class=\"attachment-medium size-medium\" alt=\"\" aria-describedby=\"gallery-1-359665\" srcset=\"https:\/\/www.radiopiu.net\/wordpress\/wp-content\/uploads\/2023\/11\/110b6c6f-231a-42c1-a01b-1b4283f29bae-225x300.jpg 225w, https:\/\/www.radiopiu.net\/wordpress\/wp-content\/uploads\/2023\/11\/110b6c6f-231a-42c1-a01b-1b4283f29bae-768x1024.jpg 768w, https:\/\/www.radiopiu.net\/wordpress\/wp-content\/uploads\/2023\/11\/110b6c6f-231a-42c1-a01b-1b4283f29bae.jpg 960w\" sizes=\"auto, (max-width: 225px) 100vw, 225px\" \/><\/a>\n\t\t\t\t<\/dt>\n\t\t\t\t\t<dd class='wp-caption-text gallery-caption' id='gallery-1-359665'>\n\t\t\t\t\tCAMPOLONGO\n\t\t\t\t\t<\/dd><\/dl><br style=\"clear: both\" \/>\n\t\t\t<\/div>\n\n<p>&nbsp;<\/p>\n<p>&nbsp;<\/p>\n<hr \/>\n<p>&nbsp;<\/p>\n<p>&nbsp;<\/p>\n<blockquote>\n<h2><strong>IERI, FENER ED ALPAGO\u00a0\u00a0<\/strong><\/h2>\n<\/blockquote>\n<p><strong>Nel tardo pomeriggio di ieri solita colata d&#8217;acqua e fango, strada feltrina chiusa, giusto il tempo della rimozione del materiale da parte dei vigili del fuoco. Piazza in Alpago allagata.<\/strong><\/p>\n<p>&nbsp;<\/p>\n\n\t\t\t<style type='text\/css'>\n\t\t\t\t#gallery-2 {\n\t\t\t\t\tmargin: auto;\n\t\t\t\t}\n\t\t\t\t#gallery-2 .gallery-item {\n\t\t\t\t\tfloat: left;\n\t\t\t\t\tmargin-top: 10px;\n\t\t\t\t\ttext-align: center;\n\t\t\t\t\twidth: 50%;\n\t\t\t\t}\n\t\t\t\t#gallery-2 img {\n\t\t\t\t\tborder: 2px solid #cfcfcf;\n\t\t\t\t}\n\t\t\t\t#gallery-2 .gallery-caption {\n\t\t\t\t\tmargin-left: 0;\n\t\t\t\t}\n\t\t\t\t\/* see gallery_shortcode() in wp-includes\/media.php *\/\n\t\t\t<\/style>\n\t\t<div id='gallery-2' class='dt-gallery-container gallery galleryid-359502 gallery-columns-2 gallery-size-medium'><dl class='gallery-item'>\n\t\t\t\t<dt class='gallery-icon landscape'>\n\t\t\t\t\t<a class=\"rollover rollover-zoom dt-pswp-item\" title=\"Senza nome\" data-dt-img-description=\"\" data-large_image_width=\"514\" data-large_image_height=\"336\"href='https:\/\/www.radiopiu.net\/wordpress\/wp-content\/uploads\/2023\/11\/Senza-nome-6.png'><img loading=\"lazy\" decoding=\"async\" width=\"300\" height=\"196\" src=\"https:\/\/www.radiopiu.net\/wordpress\/wp-content\/uploads\/2023\/11\/Senza-nome-6-300x196.png\" class=\"attachment-medium size-medium\" alt=\"\" srcset=\"https:\/\/www.radiopiu.net\/wordpress\/wp-content\/uploads\/2023\/11\/Senza-nome-6-300x196.png 300w, https:\/\/www.radiopiu.net\/wordpress\/wp-content\/uploads\/2023\/11\/Senza-nome-6.png 514w\" sizes=\"auto, (max-width: 300px) 100vw, 300px\" \/><\/a>\n\t\t\t\t<\/dt><\/dl><dl class='gallery-item'>\n\t\t\t\t<dt class='gallery-icon landscape'>\n\t\t\t\t\t<a class=\"rollover rollover-zoom dt-pswp-item\" title=\"ff9a49c2-e4c4-4486-b215-fbc74bf71a50\" data-dt-img-description=\"\" data-large_image_width=\"1280\" data-large_image_height=\"963\"href='https:\/\/www.radiopiu.net\/wordpress\/wp-content\/uploads\/2023\/11\/ff9a49c2-e4c4-4486-b215-fbc74bf71a50.jpg'><img loading=\"lazy\" decoding=\"async\" width=\"300\" height=\"226\" src=\"https:\/\/www.radiopiu.net\/wordpress\/wp-content\/uploads\/2023\/11\/ff9a49c2-e4c4-4486-b215-fbc74bf71a50-300x226.jpg\" class=\"attachment-medium size-medium\" alt=\"\" srcset=\"https:\/\/www.radiopiu.net\/wordpress\/wp-content\/uploads\/2023\/11\/ff9a49c2-e4c4-4486-b215-fbc74bf71a50-300x226.jpg 300w, https:\/\/www.radiopiu.net\/wordpress\/wp-content\/uploads\/2023\/11\/ff9a49c2-e4c4-4486-b215-fbc74bf71a50-1024x770.jpg 1024w, https:\/\/www.radiopiu.net\/wordpress\/wp-content\/uploads\/2023\/11\/ff9a49c2-e4c4-4486-b215-fbc74bf71a50-768x578.jpg 768w, https:\/\/www.radiopiu.net\/wordpress\/wp-content\/uploads\/2023\/11\/ff9a49c2-e4c4-4486-b215-fbc74bf71a50.jpg 1280w\" sizes=\"auto, (max-width: 300px) 100vw, 300px\" \/><\/a>\n\t\t\t\t<\/dt><\/dl><br style=\"clear: both\" \/>\n\t\t\t<\/div>\n\n<p>&nbsp;<\/p>\n<p>&nbsp;<\/p>\n<hr \/>\n<blockquote>\n<h3><\/h3>\n<h3>RIUNIONE DELL&#8217;UNITA&#8217; DI CRISI. DECISA LA CHIUSURA PRECAUZIONALE DELLE SCUOLE NEI COMUNI IN ZONA ROSSA<\/h3>\n<\/blockquote>\n<p><strong><a class=\"dt-pswp-item\" href=\"https:\/\/www.radiopiu.net\/wordpress\/wp-content\/uploads\/2020\/12\/BOTTACIN-1.png\" data-dt-img-description=\"\" data-large_image_width=\"1042\" data-large_image_height=\"690\"><img loading=\"lazy\" decoding=\"async\" class=\" wp-image-182306 alignleft\" src=\"https:\/\/www.radiopiu.net\/wordpress\/wp-content\/uploads\/2020\/12\/BOTTACIN-1-300x199.png\" alt=\"\" width=\"175\" height=\"116\" srcset=\"https:\/\/www.radiopiu.net\/wordpress\/wp-content\/uploads\/2020\/12\/BOTTACIN-1-300x199.png 300w, https:\/\/www.radiopiu.net\/wordpress\/wp-content\/uploads\/2020\/12\/BOTTACIN-1-1024x678.png 1024w, https:\/\/www.radiopiu.net\/wordpress\/wp-content\/uploads\/2020\/12\/BOTTACIN-1-768x509.png 768w, https:\/\/www.radiopiu.net\/wordpress\/wp-content\/uploads\/2020\/12\/BOTTACIN-1.png 1042w\" sizes=\"auto, (max-width: 175px) 100vw, 175px\" \/><\/a>VENEZIA<\/strong> Si \u00e8 svolta nella mattinata di ieri la riunione dell&#8217;Unit\u00e0 di Crisi regionale per il maltempo in corso, istituita ieri con decreto dal presidente Luca Zaia e al cui coordinamento ha delegato l\u2019assessore alla Protezione Civile Gianpaolo Bottacin. Al tavolo, oltre alle strutture regionali, Arpav e Veneto Acque, tutti i principali interlocutori territoriali: le sette prefetture, i Vigili del Fuoco, Anci, Upi, Veneto Strade, Anas, RFI, Anbi, Enel, Terna, Autorit\u00e0 di Bacino del Po e Alpi Orientali. &#8220;Dopo aver analizzato il quadro della situazione &#8211; afferma l&#8217;assessore Bottacin -, evidenziando che la situazione, pur ben monitorata, \u00e8 in evoluzione e si aspetta il culmine tra stasera e prime ore di domani&#8221;. Durante la riunione si \u00e8 poi fatto il punto della situazione sui diversi territori ed \u00e8 stato dato anche un aggiornamento sull&#8217;apertura, eventuale, della galleria scolmatrice Adige &#8211; Garda in caso di necessit\u00e0, come concordato con Provincia di Trento, Regione Lombardia e Aipo. &#8220;La decisione pi\u00f9 rilevante &#8211; conclude l&#8217;assessore &#8211; riguarda peraltro le scuole. In tal senso, in condivisione con tutti i partner, abbiamo stabilito la chiusura delle scuole per la giornata di domani nei Comuni in Zona Rossa, ovvero tutta la Provincia di Belluno e le aree interessate delle province di Treviso, Vicenza e Verona&#8221;.<\/p>\n\n\t\t\t<style type='text\/css'>\n\t\t\t\t#gallery-3 {\n\t\t\t\t\tmargin: auto;\n\t\t\t\t}\n\t\t\t\t#gallery-3 .gallery-item {\n\t\t\t\t\tfloat: left;\n\t\t\t\t\tmargin-top: 10px;\n\t\t\t\t\ttext-align: center;\n\t\t\t\t\twidth: 33%;\n\t\t\t\t}\n\t\t\t\t#gallery-3 img {\n\t\t\t\t\tborder: 2px solid #cfcfcf;\n\t\t\t\t}\n\t\t\t\t#gallery-3 .gallery-caption {\n\t\t\t\t\tmargin-left: 0;\n\t\t\t\t}\n\t\t\t\t\/* see gallery_shortcode() in wp-includes\/media.php *\/\n\t\t\t<\/style>\n\t\t<div id='gallery-3' class='dt-gallery-container gallery galleryid-359502 gallery-columns-3 gallery-size-medium'><dl class='gallery-item'>\n\t\t\t\t<dt class='gallery-icon landscape'>\n\t\t\t\t\t<a class=\"rollover rollover-zoom dt-pswp-item\" title=\"3c51b184-cd4c-4e61-8fd9-06a9e86377ff\" data-dt-img-description=\"\" data-large_image_width=\"1921\" data-large_image_height=\"1121\"href='https:\/\/www.radiopiu.net\/wordpress\/wp-content\/uploads\/2023\/11\/3c51b184-cd4c-4e61-8fd9-06a9e86377ff.jpg'><img loading=\"lazy\" decoding=\"async\" width=\"300\" height=\"175\" src=\"https:\/\/www.radiopiu.net\/wordpress\/wp-content\/uploads\/2023\/11\/3c51b184-cd4c-4e61-8fd9-06a9e86377ff-300x175.jpg\" class=\"attachment-medium size-medium\" alt=\"\" srcset=\"https:\/\/www.radiopiu.net\/wordpress\/wp-content\/uploads\/2023\/11\/3c51b184-cd4c-4e61-8fd9-06a9e86377ff-300x175.jpg 300w, https:\/\/www.radiopiu.net\/wordpress\/wp-content\/uploads\/2023\/11\/3c51b184-cd4c-4e61-8fd9-06a9e86377ff-1024x598.jpg 1024w, https:\/\/www.radiopiu.net\/wordpress\/wp-content\/uploads\/2023\/11\/3c51b184-cd4c-4e61-8fd9-06a9e86377ff-768x448.jpg 768w, https:\/\/www.radiopiu.net\/wordpress\/wp-content\/uploads\/2023\/11\/3c51b184-cd4c-4e61-8fd9-06a9e86377ff-1536x896.jpg 1536w, https:\/\/www.radiopiu.net\/wordpress\/wp-content\/uploads\/2023\/11\/3c51b184-cd4c-4e61-8fd9-06a9e86377ff.jpg 1921w\" sizes=\"auto, (max-width: 300px) 100vw, 300px\" \/><\/a>\n\t\t\t\t<\/dt><\/dl><dl class='gallery-item'>\n\t\t\t\t<dt class='gallery-icon landscape'>\n\t\t\t\t\t<a class=\"rollover rollover-zoom dt-pswp-item\" title=\"fce17c37-0c97-4697-81ab-7a6a7d671f4c\" data-dt-img-description=\"\" data-large_image_width=\"1791\" data-large_image_height=\"1139\"href='https:\/\/www.radiopiu.net\/wordpress\/wp-content\/uploads\/2023\/11\/fce17c37-0c97-4697-81ab-7a6a7d671f4c.jpg'><img loading=\"lazy\" decoding=\"async\" width=\"300\" height=\"191\" src=\"https:\/\/www.radiopiu.net\/wordpress\/wp-content\/uploads\/2023\/11\/fce17c37-0c97-4697-81ab-7a6a7d671f4c-300x191.jpg\" class=\"attachment-medium size-medium\" alt=\"\" srcset=\"https:\/\/www.radiopiu.net\/wordpress\/wp-content\/uploads\/2023\/11\/fce17c37-0c97-4697-81ab-7a6a7d671f4c-300x191.jpg 300w, https:\/\/www.radiopiu.net\/wordpress\/wp-content\/uploads\/2023\/11\/fce17c37-0c97-4697-81ab-7a6a7d671f4c-1024x651.jpg 1024w, https:\/\/www.radiopiu.net\/wordpress\/wp-content\/uploads\/2023\/11\/fce17c37-0c97-4697-81ab-7a6a7d671f4c-768x488.jpg 768w, https:\/\/www.radiopiu.net\/wordpress\/wp-content\/uploads\/2023\/11\/fce17c37-0c97-4697-81ab-7a6a7d671f4c-1536x977.jpg 1536w, https:\/\/www.radiopiu.net\/wordpress\/wp-content\/uploads\/2023\/11\/fce17c37-0c97-4697-81ab-7a6a7d671f4c.jpg 1791w\" sizes=\"auto, (max-width: 300px) 100vw, 300px\" \/><\/a>\n\t\t\t\t<\/dt><\/dl><dl class='gallery-item'>\n\t\t\t\t<dt class='gallery-icon landscape'>\n\t\t\t\t\t<a class=\"rollover rollover-zoom dt-pswp-item\" title=\"5e9c5286-32ab-4242-82a9-3e9e1c168691\" data-dt-img-description=\"\" data-large_image_width=\"2560\" data-large_image_height=\"1707\"href='https:\/\/www.radiopiu.net\/wordpress\/wp-content\/uploads\/2023\/11\/5e9c5286-32ab-4242-82a9-3e9e1c168691-scaled.jpg'><img loading=\"lazy\" decoding=\"async\" width=\"300\" height=\"200\" src=\"https:\/\/www.radiopiu.net\/wordpress\/wp-content\/uploads\/2023\/11\/5e9c5286-32ab-4242-82a9-3e9e1c168691-300x200.jpg\" class=\"attachment-medium size-medium\" alt=\"\" srcset=\"https:\/\/www.radiopiu.net\/wordpress\/wp-content\/uploads\/2023\/11\/5e9c5286-32ab-4242-82a9-3e9e1c168691-300x200.jpg 300w, https:\/\/www.radiopiu.net\/wordpress\/wp-content\/uploads\/2023\/11\/5e9c5286-32ab-4242-82a9-3e9e1c168691-1024x683.jpg 1024w, https:\/\/www.radiopiu.net\/wordpress\/wp-content\/uploads\/2023\/11\/5e9c5286-32ab-4242-82a9-3e9e1c168691-768x512.jpg 768w, https:\/\/www.radiopiu.net\/wordpress\/wp-content\/uploads\/2023\/11\/5e9c5286-32ab-4242-82a9-3e9e1c168691-1536x1024.jpg 1536w, https:\/\/www.radiopiu.net\/wordpress\/wp-content\/uploads\/2023\/11\/5e9c5286-32ab-4242-82a9-3e9e1c168691-2048x1366.jpg 2048w\" sizes=\"auto, (max-width: 300px) 100vw, 300px\" \/><\/a>\n\t\t\t\t<\/dt><\/dl><br style=\"clear: both\" \/>\n\t\t\t<\/div>\n\n<p>&nbsp;<\/p>\n<p><strong>L&#8217;ASSESSORE ALLA PROTEZIONE CIVILE GIANPAOLO BOTTACIN<\/strong><\/p>\n<div style=\"width: 848px;\" class=\"wp-video\"><video class=\"wp-video-shortcode\" id=\"video-359502-1\" width=\"848\" height=\"480\" preload=\"metadata\" controls=\"controls\"><source type=\"video\/mp4\" src=\"https:\/\/www.radiopiu.net\/wordpress\/wp-content\/uploads\/2023\/11\/WhatsApp-Video-2023-11-02-at-17.24.08.mp4?_=1\" \/><a href=\"https:\/\/www.radiopiu.net\/wordpress\/wp-content\/uploads\/2023\/11\/WhatsApp-Video-2023-11-02-at-17.24.08.mp4\">https:\/\/www.radiopiu.net\/wordpress\/wp-content\/uploads\/2023\/11\/WhatsApp-Video-2023-11-02-at-17.24.08.mp4<\/a><\/video><\/div>\n<p>&nbsp;<\/p>\n<p>&nbsp;<\/p>\n<hr \/>\n<p>&nbsp;<\/p>\n<blockquote>\n<h3>CHIUSA LA SP 2 DELLA VALLE DEL MIS<\/h3>\n<\/blockquote>\n<p><strong>SEDICO<\/strong> Veneto Strade comunica che \u00e8 stata chiusa la SP 2 della Valle del Mis dalla localit\u00e0 Gena Bassa a Titele. Chiusura dovuta a causa delle previsioni meteorologiche avverse. La strada rimarr\u00e0 chiusa al traffico fino a fine evento.<\/p>\n<p>&nbsp;<\/p>\n<blockquote>\n<h3>CHIUSA LA SP 21 DI QUERO<\/h3>\n<\/blockquote>\n<p><strong>SEDICO<\/strong> A seguito di smottamenti, Veneto Strade comunica che la SP 21 di Quero \u00e8 chiusa la traffico in localit\u00e0 Quero. Chiusura avvenuta alle 19. La strada rimarr\u00e0 interdetta fino a nuova comunicazione.<\/p>\n<p>&nbsp;<\/p>\n<hr \/>\n<p>&nbsp;<\/p>\n<blockquote>\n<h3>ANNULLATO IL MERCATO SETTIMANALE DI FELTRE<\/h3>\n<\/blockquote>\n<p><strong>FELTRE<\/strong> Con un&#8217;ordinanza firmata dal sindaco di Feltre Viviana Fusaro, si comunica che il mercato settimanale in programma nella giornata odierna \u00e8 stato annullato per l&#8217;allerta rossa maltempo programmata per tutto la giornata di oggi.<\/p>\n<p>&nbsp;<\/p>\n<p>&nbsp;<\/p>\n<hr \/>\n<p>&nbsp;<\/p>\n<blockquote>\n<h3>CHIUSE LE STRADE COMUNALI DI TAIBON PER COL DI PRA&#8217; E VAL CORPASSA<\/h3>\n<\/blockquote>\n<p><strong>TAIBON<\/strong> Il comune di Taibon informa i cittadini che sono state chiuse le strade comunali che portano alle frazioni di Col Di Pr\u00e0 e Val Corpassa. Si invitano gli abitanti della Frazione di Col di Pr\u00e0, qualora si manifestino situazioni di criticit\u00e0, a raggiungere il punto di raccolta individuato nel piazzale attiguo l&#8217;ex pubblico esercizio Locanda Col di Pr\u00e0, che garantisce condizioni di sicurezza.<\/p>\n<p>&nbsp;<\/p>\n<hr \/>\n<p>&nbsp;<\/p>\n<p><strong>IERI SERA DAL TG DEI BELLUNESI SU ANTENNA 3 (CANALE 10 DEL DIGITALE TERRESTRE, E OGNI SERA ALLE 19 LA ANTICIPAZIONI ALLA RADIO)<\/strong><br \/>\n<span style=\"color: #ff0000;\"><strong>DI TIZIANA BOLOGNANI\u00a0<\/strong><\/span><\/p>\n<p>IL PREFETTO DI BELLUNO MARIANO SAVASTANO<\/p>\n<p><iframe loading=\"lazy\" title=\"MALTEMPO, DOMANI SCUOLE CHIUSE. MASSIMA ALLERTA IN TUTTO IL BELLUNESE | 02\/11\/2023\" width=\"1200\" height=\"675\" src=\"https:\/\/www.youtube.com\/embed\/UrUw_w-7bdk?feature=oembed\" frameborder=\"0\" allow=\"accelerometer; autoplay; clipboard-write; encrypted-media; gyroscope; picture-in-picture; web-share\" allowfullscreen><\/iframe><\/p>\n<p>&nbsp;<\/p>\n<p>&nbsp;<\/p>\n<p>&nbsp;<\/p>\n<p>&nbsp;<\/p>\n<hr \/>\n<p>&nbsp;<\/p>\n<blockquote>\n<h3>NUOVA FASE PER I LAVORI DELLA GALLERIA DI SAN VITO<\/h3>\n<\/blockquote>\n<p><strong><a class=\"dt-pswp-item\" href=\"https:\/\/www.radiopiu.net\/wordpress\/wp-content\/uploads\/2021\/06\/anas.png\" data-dt-img-description=\"\" data-large_image_width=\"299\" data-large_image_height=\"169\"><img loading=\"lazy\" decoding=\"async\" class=\" wp-image-213422 alignleft\" src=\"https:\/\/www.radiopiu.net\/wordpress\/wp-content\/uploads\/2021\/06\/anas.png\" alt=\"\" width=\"156\" height=\"88\" \/><\/a>VENEZIA <\/strong>Anas, nell\u2019ambito dei lavori di manutenzione straordinaria e miglioramento dell&#8217;efficienza degli impianti tecnologici e di sicurezza, ha programmato la chiusura al traffico in orario notturno delle gallerie &#8220;Brenta&#8221; e &#8220;San Vito&#8221; da km 0 al km 3,747 della strada statale 50 bis\/var \u201cdel Grappa e del Rolle\u201d tra Valbrenta (VI) e Arsi\u00e9 (BL). A partire da domenica 5 a sabato 18 novembre le gallerie saranno chiuse al traffico, in entrambe i sensi di marcia, dalle ore 21 alle ore 6 del mattino successivo. Durante questa modifica notturna alla circolazione il traffico veicolare sar\u00e0 deviato sulla viabilit\u00e0 alternativa, come di seguito specificato. I <strong>mezzi leggeri<\/strong> diretti verso Feltre\/Belluno potranno percorrere la deviazione pi\u00f9 breve che da Primolano porta ad Arsi\u00e9 (passando per le scale di Primolano SR50bis) per poi tornare sulla SS 50 Bis\/Var al km 5,200 circa. Per chi viaggia in direzione Bassano\/Trento \u00e8 previsto lo stesso percorso in direzione opposta. Per\u00a0<strong>i mezzi pesanti<\/strong>\u00a0con peso superiore alle 3,5 tonnellate &#8211;\u00a0 a seguito dell\u2019Ordinanza emessa dal Comune di Arsi\u00e8 che dispone il divieto di transito ai mezzi pesanti lungo la SR 50 bis &#8211; che viaggiano lungo la S.S. 50 Bis\/Var diretti verso Trento o Bassano, alla rotatoria posta al km 19,800 circa dovranno prendere le indicazioni per la SR 348 \u201cFeltrina\u201d, da percorrere fino allo svincolo della SP 26 per Cavaso\/ Possagno\/ Monfumo\/ Crespano del Grappa, da l\u00ec dovranno percorrere la SP 26 fino allo svincolo con la SP 57\/Via De Gasperi, proseguendo fino Romano D\u2019Ezzelino e ricongiungersi cos\u00ec alla S.S. 47 al km 45,600 circa, stesso percorso per i mezzi che percorrono la S.S. 47 in direzione opposta.<\/p>\n<p>&nbsp;<\/p>\n<p>&nbsp;<\/p>\n<hr \/>\n<p>&nbsp;<\/p>\n<blockquote>\n<h3>PASSAGGIO DELLA CASA DI RIPOSO DI TAIBON AD ASCA. PARLA BRUNO BULF<\/h3>\n<\/blockquote>\n<p><strong><a class=\"dt-pswp-item\" href=\"https:\/\/www.radiopiu.net\/wordpress\/wp-content\/uploads\/2019\/05\/TAIBON-BRUNO-BULF.jpg\" data-dt-img-description=\"\" data-large_image_width=\"236\" data-large_image_height=\"300\"><img loading=\"lazy\" decoding=\"async\" class=\" wp-image-86481 alignleft\" src=\"https:\/\/www.radiopiu.net\/wordpress\/wp-content\/uploads\/2019\/05\/TAIBON-BRUNO-BULF-236x300.jpg\" alt=\"\" width=\"126\" height=\"160\" \/><\/a>TAIBON<\/strong><\/p>\n<p>DI GIANNI SANTOMASO<\/p>\n<audio class=\"wp-audio-shortcode\" id=\"audio-359502-1\" preload=\"none\" style=\"width: 100%;\" controls=\"controls\"><source type=\"audio\/mpeg\" src=\"https:\/\/www.radiopiu.net\/wordpress\/wp-content\/uploads\/2023\/11\/GIANNI-PASSAGGIO-DELLA-CASA-DI-RIPOSO-DI-TAIBON-AD-ASCA.-PARLA-BRUNO-BULF.mp3?_=1\" \/><a href=\"https:\/\/www.radiopiu.net\/wordpress\/wp-content\/uploads\/2023\/11\/GIANNI-PASSAGGIO-DELLA-CASA-DI-RIPOSO-DI-TAIBON-AD-ASCA.-PARLA-BRUNO-BULF.mp3\">https:\/\/www.radiopiu.net\/wordpress\/wp-content\/uploads\/2023\/11\/GIANNI-PASSAGGIO-DELLA-CASA-DI-RIPOSO-DI-TAIBON-AD-ASCA.-PARLA-BRUNO-BULF.mp3<\/a><\/audio>\n<p>&nbsp;<\/p>\n<p>&nbsp;<\/p>\n<hr \/>\n<p>&nbsp;<\/p>\n<p>&nbsp;<\/p>\n<p><strong>OGGI AD AGORDO<\/strong><\/p>\n<blockquote>\n<h3><a class=\"dt-pswp-item\" href=\"https:\/\/www.radiopiu.net\/wordpress\/wp-content\/uploads\/2023\/11\/ooasgya-300x182-1.png\" data-dt-img-description=\"\" data-large_image_width=\"300\" data-large_image_height=\"182\"><img loading=\"lazy\" decoding=\"async\" class=\"wp-image-359480 alignleft\" src=\"https:\/\/www.radiopiu.net\/wordpress\/wp-content\/uploads\/2023\/11\/ooasgya-300x182-1.png\" alt=\"\" width=\"181\" height=\"110\" \/><\/a>AD AGORDO UN INCONTRO PER PARLARE DELLA RIFORMA DELLO SPORT<\/h3>\n<\/blockquote>\n<p><strong>AGORDO<\/strong> L&#8217;AICS di Belluno in collaborazione con l&#8217;Unione Montana Agordina organizza un incontro in Sala Don Tamis per parlare della riforma dello sport. La serata si svolger\u00e0 oggi alle 20:30. &#8220;Lavoratori Volontari Nello Sport&#8221; il titolo della serata a cura di Bianca Maria Stivanello, Avvocato cassazionista che si occupa di diritto e fiscalit\u00e0 dello sport e del terzo settore.<\/p>\n<p><strong>l&#8217;intervista al Presidente Aics Belluno, Davide Capponi<\/strong><\/p>\n<audio class=\"wp-audio-shortcode\" id=\"audio-359502-2\" preload=\"none\" style=\"width: 100%;\" controls=\"controls\"><source type=\"audio\/mpeg\" src=\"https:\/\/www.radiopiu.net\/wordpress\/wp-content\/uploads\/2023\/11\/davide-capponi.mp3?_=2\" \/><a href=\"https:\/\/www.radiopiu.net\/wordpress\/wp-content\/uploads\/2023\/11\/davide-capponi.mp3\">https:\/\/www.radiopiu.net\/wordpress\/wp-content\/uploads\/2023\/11\/davide-capponi.mp3<\/a><\/audio>\n<p>&nbsp;<\/p>\n<p><strong><a class=\"dt-pswp-item\" href=\"https:\/\/www.radiopiu.net\/wordpress\/wp-content\/uploads\/2018\/08\/LOGO_AICS.jpg\" data-dt-img-description=\"\" data-large_image_width=\"1002\" data-large_image_height=\"750\"><img loading=\"lazy\" decoding=\"async\" class=\"wp-image-57773 alignleft\" src=\"https:\/\/www.radiopiu.net\/wordpress\/wp-content\/uploads\/2018\/08\/LOGO_AICS-300x225.jpg\" alt=\"\" width=\"195\" height=\"146\" srcset=\"https:\/\/www.radiopiu.net\/wordpress\/wp-content\/uploads\/2018\/08\/LOGO_AICS-300x225.jpg 300w, https:\/\/www.radiopiu.net\/wordpress\/wp-content\/uploads\/2018\/08\/LOGO_AICS-768x575.jpg 768w, https:\/\/www.radiopiu.net\/wordpress\/wp-content\/uploads\/2018\/08\/LOGO_AICS.jpg 1002w\" sizes=\"auto, (max-width: 195px) 100vw, 195px\" \/><\/a>DI GIANNI SANTOMASO<\/strong><\/p>\n<audio class=\"wp-audio-shortcode\" id=\"audio-359502-3\" preload=\"none\" style=\"width: 100%;\" controls=\"controls\"><source type=\"audio\/mpeg\" src=\"https:\/\/www.radiopiu.net\/wordpress\/wp-content\/uploads\/2023\/11\/GIANNI-INCONTRO-AICS-SALA-DON-TAMIS.mp3?_=3\" \/><a href=\"https:\/\/www.radiopiu.net\/wordpress\/wp-content\/uploads\/2023\/11\/GIANNI-INCONTRO-AICS-SALA-DON-TAMIS.mp3\">https:\/\/www.radiopiu.net\/wordpress\/wp-content\/uploads\/2023\/11\/GIANNI-INCONTRO-AICS-SALA-DON-TAMIS.mp3<\/a><\/audio>\n<p>&nbsp;<\/p>\n<p>&nbsp;<\/p>\n<p>&nbsp;<\/p>\n<hr \/>\n<p>&nbsp;<\/p>\n<blockquote>\n<h3>RIUNIONI PER I PARCHEGGI IN VALCOZZENA, LA SOLUZIONE: IL FAI DA TE!<\/h3>\n<\/blockquote>\n<p><strong><a class=\"dt-pswp-item\" href=\"https:\/\/www.radiopiu.net\/wordpress\/wp-content\/uploads\/2022\/10\/6c6e8841-fa5f-4394-b3a6-3b87d31aaee5.jpg\" data-dt-img-description=\"\" data-large_image_width=\"1920\" data-large_image_height=\"1080\"><img loading=\"lazy\" decoding=\"async\" class=\" wp-image-303657 alignleft\" src=\"https:\/\/www.radiopiu.net\/wordpress\/wp-content\/uploads\/2022\/10\/6c6e8841-fa5f-4394-b3a6-3b87d31aaee5-300x169.jpg\" alt=\"\" width=\"249\" height=\"140\" srcset=\"https:\/\/www.radiopiu.net\/wordpress\/wp-content\/uploads\/2022\/10\/6c6e8841-fa5f-4394-b3a6-3b87d31aaee5-300x169.jpg 300w, https:\/\/www.radiopiu.net\/wordpress\/wp-content\/uploads\/2022\/10\/6c6e8841-fa5f-4394-b3a6-3b87d31aaee5-1024x576.jpg 1024w, https:\/\/www.radiopiu.net\/wordpress\/wp-content\/uploads\/2022\/10\/6c6e8841-fa5f-4394-b3a6-3b87d31aaee5-768x432.jpg 768w, https:\/\/www.radiopiu.net\/wordpress\/wp-content\/uploads\/2022\/10\/6c6e8841-fa5f-4394-b3a6-3b87d31aaee5-1536x864.jpg 1536w, https:\/\/www.radiopiu.net\/wordpress\/wp-content\/uploads\/2022\/10\/6c6e8841-fa5f-4394-b3a6-3b87d31aaee5.jpg 1920w\" sizes=\"auto, (max-width: 249px) 100vw, 249px\" \/><\/a>AGORDO<\/strong> La commissione trasporti della RSU dello stabilimento EssilorLuxottica di Agordo ha avuto incontri con l&#8217;azienda e il comune di Agordo per affrontare la situazione dei parcheggi a Valcozzena. Hanno chiesto all&#8217;azienda di ripristinare il servizio navetta, ma l&#8217;azienda ha dichiarato che i costi preventivati sono troppo alti. Stanno cercando soluzioni organizzative diverse, come lo smart working. Hanno anche discusso delle multe nelle zone di parcheggio e il sindaco ha spiegato che i proventi delle sanzioni vanno alla sicurezza stradale. L&#8217;area camper a Valcozzena dovrebbe essere spostata, ma la tempistica non \u00e8 definita. Il parcheggio del Palaluxottica \u00e8 teoricamente pubblico ma \u00e8 inaccessibile. Il sindaco ha suggerito di condividere l&#8217;auto tra colleghi provenienti da direzioni diverse. Hanno segnalato la scarsa illuminazione delle strisce pedonali, e il sindaco si \u00e8 offerto di intercedere per migliorarla. Inoltre, stanno esaminando la possibilit\u00e0 di installare colonnine di ricarica in Valcozzena.<\/p>\n<p>&nbsp;<\/p>\n<p>&nbsp;<\/p>\n<blockquote>\n<h3>LUXOTTICA VICINA AL DIPENDENTE, QUASI SEMPRE.<\/h3>\n<\/blockquote>\n<p>&nbsp;<\/p>\n<p><span style=\"color: #ff0000;\">VISTO DA FUORI<\/span><\/p>\n<p>di Mirko Mezzacasa<\/p>\n<p>&nbsp;<\/p>\n<p><strong><img loading=\"lazy\" decoding=\"async\" class=\"alignleft\" src=\"https:\/\/www.radiopiu.net\/wordpress\/wp-content\/uploads\/2018\/02\/LUXXX.jpeg\" width=\"255\" height=\"170\" \/>AGORDO<\/strong> Quando ieri leggendo il comunicato sindacale della commissione trasporti RSU Luxottica ho intravisto questa frase <em>&#8220;Abbiamo chiesto di ripristinare il servizio navetta, Luxottica risponde che i preventivi sono molto alti e insostenibile&#8221;<\/em>. E dov&#8217;\u00e8 la tanto declamata operazione\u00a0 Welfare? Quella che fa bene ai titoli in borsa per intenderci.\u00a0 Forse \u00e8 nella costosa festa per il family Day che abbiamo visto da fuori quest&#8217;estate? O per la prossima festa in Luxottica con ospiti che hanno preventivi, penso,\u00a0 piuttosto alti?<\/p>\n<p>Il problema dei parcheggi in Valcozzena non \u00e8 un problema dell&#8217;azienda o dei suoi operai, \u00e8 un problema della comunit\u00e0, della vallata, dei turisti perch\u00e9 Agordo lo si voglia o no rimane legata al turismo e non solo a montature e lenti. Il problema parcheggi \u00e8 tale per i poveri abitanti in frazione Valcozzena soffocati da lamiere luccicanti e parcheggi alla meno peggio, ma anche per chi ha aperto un&#8217;attivit\u00e0 commerciale e deve lottare &#8220;scopa alla mano&#8221; per avere qualche posto parcheggi per i clienti.<br \/>\nIl problema \u00e8 degli agordini in cerca ci parcheggi nei giorni &#8220;caldi&#8221;, ma sono intasati dalle auto dei dipendenti che non trovano spazio in Valcozzena e il tessuto commerciale ne risente.<br \/>\nChe Luxottica risolva i problemi, per rispetto dei lavoratori quotidianamente sanzionati, privi di un servizio, per rispetto di una citt\u00e0 che vorrebbe essere anche a disposizione degli altri, non solo di chi indossa il camice blu e non solo per la monocultura dell&#8217;occhiale, Agordo offre anche altro&#8230;parcheggi\u00a0 e Luxottica permettendo.<\/p>\n<p>&nbsp;<\/p>\n<p>&nbsp;<\/p>\n<hr \/>\n<p>&nbsp;<\/p>\n<blockquote>\n<h3>BULLISMO SUL BUS NEL FELTRINO<\/h3>\n<\/blockquote>\n<p><strong>FELTRE<\/strong> Un segno di bruciatura da sigaretta su una mano ha sollevato preoccupazioni sul bullismo su un autobus scolastico di Dolomitibus. Due studenti di una scuola superiore sono coinvolti: un bullo noto per comportamenti scorretti e una vittima di origine straniera che si sente emarginata. La scuola ha preso misure disciplinari contro il bullo e sta coinvolgendo le famiglie dei ragazzi. La situazione mette in evidenza le sfide comuni tra adolescenti, tra cui il desiderio di attenzione e il disagio sia a scuola che a casa. La scuola sta trattando la questione con discrezione a causa dell&#8217;et\u00e0 dei protagonisti.. La dirigenza scolastica sta indagando a fondo. La famiglia della vittima potrebbe presentare una denuncia alle autorit\u00e0. <button class=\"cursor-pointer absolute z-10 rounded-full gizmo:bg-clip-padding border text-gray-600 dark:border-white\/10 dark:bg-white\/10 dark:text-gray-200 right-6 bottom-[124px] md:bottom-[180px] gizmo:md:bottom-[143px] lg:bottom-[120px] border-gray-200 bg-gray-50\"><\/button><\/p>\n<p>&nbsp;<\/p>\n<p>&nbsp;<\/p>\n<hr \/>\n<p>&nbsp;<\/p>\n<blockquote>\n<h3><a class=\"dt-pswp-item\" href=\"https:\/\/www.radiopiu.net\/wordpress\/wp-content\/uploads\/2023\/11\/Senza-nome-1.png\" data-dt-img-description=\"\" data-large_image_width=\"387\" data-large_image_height=\"340\"><img loading=\"lazy\" decoding=\"async\" class=\"wp-image-359545 alignleft\" src=\"https:\/\/www.radiopiu.net\/wordpress\/wp-content\/uploads\/2023\/11\/Senza-nome-1-300x264.png\" alt=\"\" width=\"153\" height=\"135\" srcset=\"https:\/\/www.radiopiu.net\/wordpress\/wp-content\/uploads\/2023\/11\/Senza-nome-1-300x264.png 300w, https:\/\/www.radiopiu.net\/wordpress\/wp-content\/uploads\/2023\/11\/Senza-nome-1.png 387w\" sizes=\"auto, (max-width: 153px) 100vw, 153px\" \/><\/a>NUOVO BRAND DELLE ASSOCIAZIONI PER IL RILANCIO DEL COLLE<\/h3>\n<\/blockquote>\n<p><strong>BELLUNO<\/strong> Associazione Proprietari Nevegal, Nevegallika e Amici del Nevegal hanno svelato il nome e il logo del progetto che caratterizzer\u00e0 la loro azione congiunta. \u00c8 il primo passo di un piano di sviluppo territoriale che comprender\u00e0 la creazione di un portale turistico e che mirer\u00e0 anche ad attrarre soggetti decisi a investire sul Colle. \u00a0Il nome \u00e8:\u00a0 We Love Nevegal. Il logo presenta l\u2019immagine di un gallo, un prato, i boschi, il cielo, il profilo dei monti. Dalla primavera il nuovo portale.<\/p>\n<p>&nbsp;<\/p>\n<p>&nbsp;<\/p>\n<hr \/>\n<p><strong>\u00a0 \u00a0 \u00a0\u00a0<\/strong><\/p>\n<blockquote>\n<h3>OPERAZIONE \u201cSTAZIONI SICURE\u201d<\/h3>\n<\/blockquote>\n<p><strong><a class=\"dt-pswp-item\" href=\"https:\/\/www.radiopiu.net\/wordpress\/wp-content\/uploads\/2023\/04\/polizia-300x225-1.jpg\" data-dt-img-description=\"\" data-large_image_width=\"300\" data-large_image_height=\"225\"><img loading=\"lazy\" decoding=\"async\" class=\" wp-image-331193 alignleft\" src=\"https:\/\/www.radiopiu.net\/wordpress\/wp-content\/uploads\/2023\/04\/polizia-300x225-1.jpg\" alt=\"\" width=\"177\" height=\"133\" \/><\/a>VENEZIA<\/strong> Nel Veneto, le attivit\u00e0 di monitoraggio e prevenzione della Polizia Ferroviaria continuano per contrastare la microcriminalit\u00e0 e il degrado nelle stazioni ferroviarie. L&#8217;Operazione &#8220;Stazioni Sicure&#8221; organizzata a livello nazionale ha comportato il controllo di 424 persone, portando a 11 indagini, 8 sanzioni e il monitoraggio di 23 aree ferroviarie. Sono stati effettuati controlli su bagagli e verifiche in stazioni affollate come Mestre e Padova. Alcune indagini hanno portato a denunce per reati vari, tra cui truffa, violazioni dell&#8217;ordine di allontanamento, minacce, resistenza a Pubblico Ufficiale e violazione del divieto di accesso. A Venezia, sono state denunciate 5 donne con precedenti per reati predatori, in violazione di un provvedimento di allontanamento. In seguito, due di loro sono state fermate nuovamente mentre si aggiravano in modo sospetto nella stazione lagunare.<\/p>\n<p>&nbsp;<\/p>\n<p>&nbsp;<\/p>\n<hr \/>\n<p>&nbsp;<\/p>\n<p><strong><a class=\"dt-pswp-item\" href=\"https:\/\/www.radiopiu.net\/wordpress\/wp-content\/uploads\/2023\/10\/FALCADE.png\" data-dt-img-description=\"\" data-large_image_width=\"491\" data-large_image_height=\"195\"><img loading=\"lazy\" decoding=\"async\" class=\"size-medium wp-image-358629 aligncenter\" src=\"https:\/\/www.radiopiu.net\/wordpress\/wp-content\/uploads\/2023\/10\/FALCADE-300x119.png\" alt=\"\" width=\"300\" height=\"119\" srcset=\"https:\/\/www.radiopiu.net\/wordpress\/wp-content\/uploads\/2023\/10\/FALCADE-300x119.png 300w, https:\/\/www.radiopiu.net\/wordpress\/wp-content\/uploads\/2023\/10\/FALCADE.png 491w\" sizes=\"auto, (max-width: 300px) 100vw, 300px\" \/><\/a><\/strong><\/p>\n<blockquote>\n<h3>L&#8217;ANNIVERSARIO DELL&#8217;ALLUVIONE DEL 1966<\/h3>\n<\/blockquote>\n<p><strong>FALCADE<\/strong> Sabato 4 e domenica 5 novembre l&#8217;amministrazione comunale di Falcade ricorda l&#8217;Alluvione del 1966. Sabato alle 14 la santa messa nella frazione di Somor a ricordo dei concittadini che sono scomparsi a causa dell&#8217;evento. In caso di maltempo la celebrazione sar\u00e0 a Falcade Alto. Domenica alle 10:30 la Santa Messa nella chiesa di Falcade e la deposizione di una corona d&#8217;alloro al monumento ai caduti.<\/p>\n<p><strong>DI GIANNI SANTOMASO<\/strong><\/p>\n<audio class=\"wp-audio-shortcode\" id=\"audio-359502-4\" preload=\"none\" style=\"width: 100%;\" controls=\"controls\"><source type=\"audio\/mpeg\" src=\"https:\/\/www.radiopiu.net\/wordpress\/wp-content\/uploads\/2023\/11\/GIANNI-ALLUVIONE-1966-FALCADE.mp3?_=4\" \/><a href=\"https:\/\/www.radiopiu.net\/wordpress\/wp-content\/uploads\/2023\/11\/GIANNI-ALLUVIONE-1966-FALCADE.mp3\">https:\/\/www.radiopiu.net\/wordpress\/wp-content\/uploads\/2023\/11\/GIANNI-ALLUVIONE-1966-FALCADE.mp3<\/a><\/audio>\n<p>&nbsp;<\/p>\n<hr \/>\n<p>&nbsp;<\/p>\n<blockquote>\n<h3>IL CONSIGLIO COMUNALE DI COLLE SANTA LUCIA E VOLTAGO<\/h3>\n<\/blockquote>\n<p><strong>COLLE SANTA LUCIA<\/strong> Il sindaco di Colle Santa Lucia Paolo Frena ha convocato il consiglio comunale per oggi alle 18. Sette punti da discutere tra cui una variazione a bilancio, l&#8217;approvazione del piano delle allienazioni e valorizzazioni immobiliari e la conferma dell&#8217;aliquota irpef per l&#8217;anno 2024<\/p>\n<p><strong>VOLTAGO<\/strong> Martedi 7 novembre alle 18 consiglio comunale convocato dal sindaco Giuseppe Schena. All&#8217;ordine del giorno l&#8217;interrogazione delle consigliere Francesca Della Lucia e Federica Benvegn\u00f9 inerente la frazione di Frassen\u00e9. Variazione al bilancio, debiti fuori bilancio per 117mila euro, servizi associati, regolamenti per la concessione del patrocinio e sull&#8217;utilizz del canale telegram informazione al cittadino.<\/p>\n<p>&nbsp;<\/p>\n<p>&nbsp;<\/p>\n<hr \/>\n<p>&nbsp;<\/p>\n<blockquote>\n<h3>UN BANDO PER 23 ATLETI DA ASSEGNARE ALLE FIAMME ORO<\/h3>\n<\/blockquote>\n<p><strong>BELLUNO <\/strong>Sul Portale Unico del reclutamento, disponibile all\u2019indirizzo <a href=\"http:\/\/www.inpa.gov.it\">www.inpa.gov.it<\/a> nonch\u00e9 sul sito <a href=\"http:\/\/www.poliziadistato.it\">www.poliziadistato.it<\/a>, in data 27 ottobre 2023, \u00e8 stato pubblicato il bando di concorso pubblico, per titoli per l\u2019assunzione di 23 atleti da assegnare ai gruppi sportivi \u201cPolizia di Stato \u2013 Fiamme Oro\u201d, che saranno inquadrati nel ruolo degli genti e assistenti della Polizia di Stato, con la qualifica di agente. La domanda di partecipazione al concorso deve essere presentata entro il termine di trenta giorni, \u00a0decorrenti dal giorno successivo alla data di pubblicazione del bando sul\u00a0 Portale unico di reclutamento (<a href=\"http:\/\/www.inpa.gov.it\">www.inpa.gov.it<\/a>) o mediante la procedura informatica disponibile all\u2019indirizzo <a href=\"https:\/\/concorsionline.poliziadistato.it\">https:\/\/concorsionline.poliziadistato.it<\/a>.<\/p>\n<p>&nbsp;<\/p>\n<p>&nbsp;<\/p>\n<p>&nbsp;<\/p>\n<hr \/>\n<p>&nbsp;<\/p>\n<h2><span style=\"color: #ff6600;\">ALLA RADIO<\/span><\/h2>\n<p>&nbsp;<\/p>\n<p><strong><a class=\"dt-pswp-item\" href=\"https:\/\/www.radiopiu.net\/wordpress\/wp-content\/uploads\/2023\/09\/spi-cgil.png\" data-dt-img-description=\"\" data-large_image_width=\"244\" data-large_image_height=\"142\"><img loading=\"lazy\" decoding=\"async\" class=\" wp-image-353437 alignleft\" src=\"https:\/\/www.radiopiu.net\/wordpress\/wp-content\/uploads\/2023\/09\/spi-cgil.png\" alt=\"\" width=\"175\" height=\"102\" \/><\/a>SPI CGIL, QUINDICINALE APPUNTAMENTO CON MARIA RITA GENTILIN<\/strong><br \/>\n<strong>di mirko mezzacasa\u00a0<\/strong><\/p>\n<audio class=\"wp-audio-shortcode\" id=\"audio-359502-5\" preload=\"none\" style=\"width: 100%;\" controls=\"controls\"><source type=\"audio\/mpeg\" src=\"https:\/\/www.radiopiu.net\/wordpress\/wp-content\/uploads\/2023\/11\/MARIA-RITA-GENTILIN-OTTOBRE-2023-GIOVEDI.mp3?_=5\" \/><a href=\"https:\/\/www.radiopiu.net\/wordpress\/wp-content\/uploads\/2023\/11\/MARIA-RITA-GENTILIN-OTTOBRE-2023-GIOVEDI.mp3\">https:\/\/www.radiopiu.net\/wordpress\/wp-content\/uploads\/2023\/11\/MARIA-RITA-GENTILIN-OTTOBRE-2023-GIOVEDI.mp3<\/a><\/audio>\n<p>&nbsp;<\/p>\n<p>&nbsp;<\/p>\n<hr \/>\n<p>&nbsp;<\/p>\n<p>&nbsp;<\/p>\n<blockquote>\n<h3>APPIA CNA BELLUNO: INNOVAZIONE E NUOVE FRONTIERE DIGITALI NELLE PROPOSTE DI ARREDAMONT<\/h3>\n<p><em>IN FIERA DIVERSI FOCUS SUL SETTORE LEGNO, MA ANCHE SU TEMI DI INTERESSE PER PICCOLE-MEDIE IMPRESE\u00a0<\/em><\/p>\n<p>&nbsp;<\/p>\n<p><strong>APPIA AD ARREDAMONT<\/strong>: oggi alle 15 in Sala Convegni, c\u2019\u00e8 attesa per la tavola rotonda \u201cRicostruiamo la filiera del legno\u201d che affronta la tematica centrale di Arredamont 2023. oggi alla radio: MARTA POLETTI, responsabile categorie APPIA CNA<\/p>\n<audio class=\"wp-audio-shortcode\" id=\"audio-359502-6\" preload=\"none\" style=\"width: 100%;\" controls=\"controls\"><source type=\"audio\/mpeg\" src=\"https:\/\/www.radiopiu.net\/wordpress\/wp-content\/uploads\/2023\/11\/marta-poletti.mp3?_=6\" \/><a href=\"https:\/\/www.radiopiu.net\/wordpress\/wp-content\/uploads\/2023\/11\/marta-poletti.mp3\">https:\/\/www.radiopiu.net\/wordpress\/wp-content\/uploads\/2023\/11\/marta-poletti.mp3<\/a><\/audio>\n<p>&nbsp;<\/p>\n<p>&nbsp;<\/p>\n<p>&nbsp;<\/p><\/blockquote>\n<p><img loading=\"lazy\" decoding=\"async\" class=\"alignleft\" src=\"https:\/\/www.radiopiu.net\/wordpress\/wp-content\/uploads\/2023\/10\/Visita-allo-stand-Appia-CNA-Belluno-ad-Arredamont-delle-istituzioni-scaled.jpeg\" width=\"295\" height=\"197\" \/><span style=\"color: #ff0000;\"><strong>GLI APPUNTAMENTI<\/strong><\/span><\/p>\n<p><strong>Venerd\u00ec 3<\/strong>, alle 15 in Sala Convegni, c\u2019\u00e8 attesa per la <strong>tavola rotonda \u201cRicostruiamo la filiera del legno\u201d<\/strong> che affronta la tematica centrale di Arredamont 2023. \u00abLa valorizzazione del settore del mobile italiano e della bioedilizia, che ci vede tra i paesi leader in Europa e nel mondo, e di cui il territorio bellunese rappresenta una fetta d\u2019eccellenza, deve passare dalla creazione di una filiera del legno virtuosa per avere una maggiore capacit\u00e0 autonoma di produzione di qualit\u00e0. Economia, gestione e salvaguardia delle foreste sono le parole chiave per riconnettere in sinergia tutti i soggetti della filiera del bosco-legno nazionale, attraverso la sfida del Cluster Italia Foresta Legno\u00bb spiegano i promotori.<\/p>\n<p>Sar\u00e0 invece <strong>l\u2019intelligenza artificiale<\/strong> il focus dell\u2019incontro di <strong>sabato 4<\/strong>, alle 10.30 sempre in Sala Convegni, ma soprattutto la sua applicazione nell\u2019ambito delle imprese artigiane, illustrata per la prima volta nel Bellunese con l\u2019obiettivo di informare le aziende e i giovani su come intrepretare e governare l\u2019evoluzione digitale. Questo inedito confronto sulle potenzialit\u00e0 e lo sviluppo delle nuove frontiere digitali vedr\u00e0 come relatori Jonni Malacarne, Ceo di Bluetensor, e Stefano Schiavo, fondatore di Sharazad, realt\u00e0 rispettivamente trentina e veneta, entrambe leader sui temi proposti.<\/p>\n<p>Sempre <strong>sabato 4<\/strong>, ma alle 15 presso lo stand di Appia (padiglione C \/ corsia R \/ stand 11\/13) saranno coinvolti, in particolare, giovani imprenditori nell\u2019incontro su \u201d<strong>Comunicazione &amp; social<\/strong>: ruolo dei social per l\u2019impresa artigiana\u201d, che ospiter\u00e0 un confronto con il formatore Paolo Largo e l\u2019influencer Massimo Barco (alcuni suoi divertenti video promossi in un progetto congiunto con Appia CNA Belluno sono gi\u00e0 virali sui social) sulle opportunit\u00e0 dei social network per la promozione e la crescita delle imprese.<\/p>\n<p>Si chiude <strong>domenica 5<\/strong>, alle 11 presso lo stand, tornando al tema centrale della fiera, con il convegno \u201c<strong>Frontiere dell\u2019occupazione femminile nella manifattura artigiana del legno<\/strong>\u201d, un confronto promosso dal Comitato Impresa Donna di Appia CNA Belluno. Protagonista dunque il mondo femminile in un interessante approfondimento che coinvolger\u00e0 anche alcuni istituti scolastici bellunesi.<\/p>\n<p>&nbsp;<\/p>\n<p>&nbsp;<\/p>\n<hr \/>\n<p>&nbsp;<\/p>\n<blockquote>\n<h3>UFFICIO PRO LOCO DI CANALE CHIUSO<\/h3>\n<\/blockquote>\n<p><strong>CANALE D&#8217;AGORDO<\/strong> L&#8217;ufficio Pro Loco Canale d&#8217;Agordo a novembre \u00e8 chiuso, mentre il Museo e la casa natale del beato Papa Giovanni Paolo I sono aperti su richiesta e prenotazione per gruppi di almeno 25 persone<\/p>\n<p>&nbsp;<\/p>\n<p>&nbsp;<\/p>\n<hr \/>\n<p>&nbsp;<\/p>\n<p>&nbsp;<\/p>\n<p><img loading=\"lazy\" decoding=\"async\" class=\"wp-image-359482 size-full aligncenter\" src=\"https:\/\/www.radiopiu.net\/wordpress\/wp-content\/uploads\/2023\/11\/8938049633869303275.jpg\" alt=\"\" width=\"500\" height=\"261\" srcset=\"https:\/\/www.radiopiu.net\/wordpress\/wp-content\/uploads\/2023\/11\/8938049633869303275.jpg 500w, https:\/\/www.radiopiu.net\/wordpress\/wp-content\/uploads\/2023\/11\/8938049633869303275-300x157.jpg 300w\" sizes=\"auto, (max-width: 500px) 100vw, 500px\" \/><\/p>\n<p>&nbsp;<\/p>\n<p>&nbsp;<\/p>\n<p>&nbsp;<\/p>\n<hr \/>\n<p>&nbsp;<\/p>\n<h2><span style=\"color: #ff0000;\">GLI APPUNTAMENTI DELLA SETTIMANA\u00a0 \u00a0 \u00a0<\/span><\/h2>\n<p>&nbsp;<\/p>\n<div class=\"gmail_attr\">\n<blockquote>\n<h3><a class=\"dt-pswp-item\" href=\"https:\/\/www.radiopiu.net\/wordpress\/wp-content\/uploads\/2023\/10\/Le-fornaci-in-localita-Fant.jpg\" data-dt-img-description=\"\" data-large_image_width=\"508\" data-large_image_height=\"631\"><img loading=\"lazy\" decoding=\"async\" class=\"wp-image-359127 alignleft\" src=\"https:\/\/www.radiopiu.net\/wordpress\/wp-content\/uploads\/2023\/10\/Le-fornaci-in-localita-Fant-242x300.jpg\" alt=\"\" width=\"166\" height=\"206\" srcset=\"https:\/\/www.radiopiu.net\/wordpress\/wp-content\/uploads\/2023\/10\/Le-fornaci-in-localita-Fant-242x300.jpg 242w, https:\/\/www.radiopiu.net\/wordpress\/wp-content\/uploads\/2023\/10\/Le-fornaci-in-localita-Fant.jpg 508w\" sizes=\"auto, (max-width: 166px) 100vw, 166px\" \/><\/a>PASSEGGIATA ANIMATA IN NOTTURNA<\/h3>\n<\/blockquote>\n<p><strong>SOSPIROLO<\/strong>\u00a0 Nell&#8217;ambito di \u201cVeneto, spettacoli di mistero\u201d proposto dalla Pro loco \u201cMonti del Sole\u201d\u00a0 oggi passeggiata in notturna \u201cIl mistero del testamento scomparso (tra le fiamme?)\u201d. Guidati da lanterne, i partecipanti si avventureranno tra le Masiere e si imbatteranno nelle leggende di Cornia. Ritrovo\u00a0 alle 20.30 in localit\u00e0 Sass Muss. Informazioni\u00a0 320 334 2082.<\/p>\n<\/div>\n<p>Nella foto le fornaci in localit\u00e0 Fant che si vedranno nel percorso.<\/p>\n<p>&nbsp;<\/p>\n<hr \/>\n<blockquote>\n<h3><strong>\u00a0<\/strong><\/h3>\n<h3><strong>&#8211;\u00a0 3^ SERATA RASSEGNA \u201cAUTUNNO A TEATRO IN COMELICO 2023\u201d<\/strong><\/h3>\n<\/blockquote>\n<p>Terzo appuntamento della rassegna \u201cAutunno a Teatro in Comelico 2023\u201d: domenica 5 novembre alle ore 17.00 alla Cinema Piave di S. Stefano di Cadore, andr\u00e0 in scena <em>\u201cAl calar del sipario\u201d<\/em>, divertente e toccante commedia dell&#8217;associazione teatrale veneziana Furiposto, liberamente tratta dal testo di Noel Coward. sito <em>www.icomelianti.it<\/em>.<\/p>\n\n\t\t\t<style type='text\/css'>\n\t\t\t\t#gallery-4 {\n\t\t\t\t\tmargin: auto;\n\t\t\t\t}\n\t\t\t\t#gallery-4 .gallery-item {\n\t\t\t\t\tfloat: left;\n\t\t\t\t\tmargin-top: 10px;\n\t\t\t\t\ttext-align: center;\n\t\t\t\t\twidth: 25%;\n\t\t\t\t}\n\t\t\t\t#gallery-4 img {\n\t\t\t\t\tborder: 2px solid #cfcfcf;\n\t\t\t\t}\n\t\t\t\t#gallery-4 .gallery-caption {\n\t\t\t\t\tmargin-left: 0;\n\t\t\t\t}\n\t\t\t\t\/* see gallery_shortcode() in wp-includes\/media.php *\/\n\t\t\t<\/style>\n\t\t<div id='gallery-4' class='dt-gallery-container gallery galleryid-359502 gallery-columns-4 gallery-size-thumbnail'><dl class='gallery-item'>\n\t\t\t\t<dt class='gallery-icon landscape'>\n\t\t\t\t\t<a class=\"rollover rollover-zoom dt-pswp-item\" title=\"sipario10\" data-dt-img-description=\"\" data-large_image_width=\"1474\" data-large_image_height=\"847\"href='https:\/\/www.radiopiu.net\/wordpress\/wp-content\/uploads\/2023\/11\/sipario10.jpg'><img loading=\"lazy\" decoding=\"async\" width=\"150\" height=\"150\" src=\"https:\/\/www.radiopiu.net\/wordpress\/wp-content\/uploads\/2023\/11\/sipario10-150x150.jpg\" class=\"attachment-thumbnail size-thumbnail\" alt=\"\" \/><\/a>\n\t\t\t\t<\/dt><\/dl><dl class='gallery-item'>\n\t\t\t\t<dt class='gallery-icon landscape'>\n\t\t\t\t\t<a class=\"rollover rollover-zoom dt-pswp-item\" title=\"sipario07\" data-dt-img-description=\"\" data-large_image_width=\"1416\" data-large_image_height=\"728\"href='https:\/\/www.radiopiu.net\/wordpress\/wp-content\/uploads\/2023\/11\/sipario07.jpg'><img loading=\"lazy\" decoding=\"async\" width=\"150\" height=\"150\" src=\"https:\/\/www.radiopiu.net\/wordpress\/wp-content\/uploads\/2023\/11\/sipario07-150x150.jpg\" class=\"attachment-thumbnail size-thumbnail\" alt=\"\" \/><\/a>\n\t\t\t\t<\/dt><\/dl><dl class='gallery-item'>\n\t\t\t\t<dt class='gallery-icon landscape'>\n\t\t\t\t\t<a class=\"rollover rollover-zoom dt-pswp-item\" title=\"sipario01\" data-dt-img-description=\"\" data-large_image_width=\"1566\" data-large_image_height=\"863\"href='https:\/\/www.radiopiu.net\/wordpress\/wp-content\/uploads\/2023\/11\/sipario01.jpg'><img loading=\"lazy\" decoding=\"async\" width=\"150\" height=\"150\" src=\"https:\/\/www.radiopiu.net\/wordpress\/wp-content\/uploads\/2023\/11\/sipario01-150x150.jpg\" class=\"attachment-thumbnail size-thumbnail\" alt=\"\" \/><\/a>\n\t\t\t\t<\/dt><\/dl><dl class='gallery-item'>\n\t\t\t\t<dt class='gallery-icon landscape'>\n\t\t\t\t\t<a class=\"rollover rollover-zoom dt-pswp-item\" title=\"sipario05\" data-dt-img-description=\"\" data-large_image_width=\"1448\" data-large_image_height=\"898\"href='https:\/\/www.radiopiu.net\/wordpress\/wp-content\/uploads\/2023\/11\/sipario05.jpg'><img loading=\"lazy\" decoding=\"async\" width=\"150\" height=\"150\" src=\"https:\/\/www.radiopiu.net\/wordpress\/wp-content\/uploads\/2023\/11\/sipario05-150x150.jpg\" class=\"attachment-thumbnail size-thumbnail\" alt=\"\" \/><\/a>\n\t\t\t\t<\/dt><\/dl><br style=\"clear: both\" \/>\n\t\t\t<\/div>\n\n<p>&nbsp;<\/p>\n<p>&nbsp;<\/p>\n<hr \/>\n<p>&nbsp;<\/p>\n<blockquote>\n<h3>LA MONTAGNA \u201cTERMOMETRO\u201d DEI CAMBIAMENTI CLIMATICI<\/h3>\n<\/blockquote>\n<p><strong>BORGO VALBELLUNA <\/strong>Sar\u00e0 Luca Mercalli (in videoconferenza) il protagonista della serata organizzata per oggi all&#8217;Auditorium di San Pietro a Mel di Borgo Valbelluna da ArtDolomites, Comune di Borgo Valbelluna e Gruppo Natura Lentiai all&#8217;interno del progetto \u201cRiflessioni d&#8217;acqua\u201d. Domani alle 20:30<\/p>\n<p>&nbsp;<\/p>\n<hr \/>\n<p>&nbsp;<\/p>\n<blockquote>\n<h3>UNIVERSI DI-VERSI<\/h3>\n<\/blockquote>\n<p><strong>BELLUNO O<\/strong>ggi alle 20.30 in sala Bianchi (viale Fantuzzi) Guido Marangoni presenta &#8220;Universi di-versi&#8221;, evento organizzato dall&#8217;associazione italiana persone con sindrome di down<\/p>\n<p>&nbsp;<\/p>\n<hr \/>\n<p>&nbsp;<\/p>\n<blockquote>\n<h3>TRADIZIONE VENETA E MUSICHE POPOLARI DELL&#8217;EST EUROPEO<\/h3>\n<\/blockquote>\n<p><strong><a class=\"dt-pswp-item\" href=\"https:\/\/www.radiopiu.net\/wordpress\/wp-content\/uploads\/2023\/10\/Senza-nome-71.png\" data-dt-img-description=\"\" data-large_image_width=\"421\" data-large_image_height=\"204\"><img loading=\"lazy\" decoding=\"async\" class=\" wp-image-358460 alignleft\" src=\"https:\/\/www.radiopiu.net\/wordpress\/wp-content\/uploads\/2023\/10\/Senza-nome-71-300x145.png\" alt=\"\" width=\"288\" height=\"139\" srcset=\"https:\/\/www.radiopiu.net\/wordpress\/wp-content\/uploads\/2023\/10\/Senza-nome-71-300x145.png 300w, https:\/\/www.radiopiu.net\/wordpress\/wp-content\/uploads\/2023\/10\/Senza-nome-71.png 421w\" sizes=\"auto, (max-width: 288px) 100vw, 288px\" \/><\/a>AGORDO<\/strong> Domani\u00a0 alle 20,30 nella sala \u201cdon Tamis\u201d di Agordo, il Circolo Culturale Agordino e Agordo Musica presentano lo spettacolo di musica, parole e testimonianza dal titolo\u00a0 Holdomor, la carestia artificiale del 1932-1933.<\/p>\n<p>&nbsp;<\/p>\n<p><strong>DI GIANNI SANTOMASO<\/strong><\/p>\n<audio class=\"wp-audio-shortcode\" id=\"audio-359502-7\" preload=\"none\" style=\"width: 100%;\" controls=\"controls\"><source type=\"audio\/mpeg\" src=\"https:\/\/www.radiopiu.net\/wordpress\/wp-content\/uploads\/2023\/11\/GIANNI-TRADIZIONE-VENETA-IN-SALA-DON-TAMIS.mp3?_=7\" \/><a href=\"https:\/\/www.radiopiu.net\/wordpress\/wp-content\/uploads\/2023\/11\/GIANNI-TRADIZIONE-VENETA-IN-SALA-DON-TAMIS.mp3\">https:\/\/www.radiopiu.net\/wordpress\/wp-content\/uploads\/2023\/11\/GIANNI-TRADIZIONE-VENETA-IN-SALA-DON-TAMIS.mp3<\/a><\/audio>\n<p>&nbsp;<\/p>\n<hr \/>\n<blockquote>\n<h3><\/h3>\n<blockquote>\n<h3>UN QUESTIONARIO PER MIGLIORARE, INIZIATIVA DEL MUSLA<\/h3>\n<\/blockquote>\n<p>&nbsp;<\/p>\n<p><a class=\"dt-pswp-item\" href=\"https:\/\/www.radiopiu.net\/wordpress\/wp-content\/uploads\/2023\/10\/Senza-nome-92.png\" data-dt-img-description=\"\" data-large_image_width=\"634\" data-large_image_height=\"161\"><img loading=\"lazy\" decoding=\"async\" class=\"size-medium wp-image-359252 aligncenter\" src=\"https:\/\/www.radiopiu.net\/wordpress\/wp-content\/uploads\/2023\/10\/Senza-nome-92-300x76.png\" alt=\"\" width=\"300\" height=\"76\" srcset=\"https:\/\/www.radiopiu.net\/wordpress\/wp-content\/uploads\/2023\/10\/Senza-nome-92-300x76.png 300w, https:\/\/www.radiopiu.net\/wordpress\/wp-content\/uploads\/2023\/10\/Senza-nome-92.png 634w\" sizes=\"auto, (max-width: 300px) 100vw, 300px\" \/><\/a><\/p>\n<p>AUDIO<\/p>\n<p><strong>BEATRICE COLCUC AUDIO\u00a0\u00a0<\/strong><\/p>\n<audio class=\"wp-audio-shortcode\" id=\"audio-359502-8\" preload=\"none\" style=\"width: 100%;\" controls=\"controls\"><source type=\"audio\/mpeg\" src=\"https:\/\/www.radiopiu.net\/wordpress\/wp-content\/uploads\/2023\/10\/BEA.mp3?_=8\" \/><a href=\"https:\/\/www.radiopiu.net\/wordpress\/wp-content\/uploads\/2023\/10\/BEA.mp3\">https:\/\/www.radiopiu.net\/wordpress\/wp-content\/uploads\/2023\/10\/BEA.mp3<\/a><\/audio>\n<p>&nbsp;<\/p>\n<h1>QUESTIONARIO <span style=\"color: #0000ff;\"><strong><a style=\"color: #0000ff;\" href=\"https:\/\/docs.google.com\/forms\/d\/e\/1FAIpQLSfASTDpqjHfgvCewNdenDLMfnG5_qOAzVNeZuQD0p0fBPkRiQ\/viewform\">CLICCA QUI<\/a><\/strong><\/span><\/h1>\n<p>&nbsp;<\/p><\/blockquote>\n<p>&nbsp;<\/p>\n<hr \/>\n<blockquote>\n<h3><\/h3>\n<h3>VOCALI&#8230; DOMENICA 5 NOVEMBRE A BELLUNO<\/h3>\n<\/blockquote>\n<p><strong><a class=\"dt-pswp-item\" href=\"https:\/\/www.radiopiu.net\/wordpress\/wp-content\/uploads\/2023\/10\/7270f9bd-47e1-476d-ad81-f4e106f4eb78.jpg\" data-dt-img-description=\"\" data-large_image_width=\"1080\" data-large_image_height=\"1080\"><img loading=\"lazy\" decoding=\"async\" class=\"wp-image-358676 alignleft\" src=\"https:\/\/www.radiopiu.net\/wordpress\/wp-content\/uploads\/2023\/10\/7270f9bd-47e1-476d-ad81-f4e106f4eb78-300x300.jpg\" alt=\"\" width=\"206\" height=\"206\" srcset=\"https:\/\/www.radiopiu.net\/wordpress\/wp-content\/uploads\/2023\/10\/7270f9bd-47e1-476d-ad81-f4e106f4eb78-300x300.jpg 300w, https:\/\/www.radiopiu.net\/wordpress\/wp-content\/uploads\/2023\/10\/7270f9bd-47e1-476d-ad81-f4e106f4eb78-1024x1024.jpg 1024w, https:\/\/www.radiopiu.net\/wordpress\/wp-content\/uploads\/2023\/10\/7270f9bd-47e1-476d-ad81-f4e106f4eb78-150x150.jpg 150w, https:\/\/www.radiopiu.net\/wordpress\/wp-content\/uploads\/2023\/10\/7270f9bd-47e1-476d-ad81-f4e106f4eb78-768x768.jpg 768w, https:\/\/www.radiopiu.net\/wordpress\/wp-content\/uploads\/2023\/10\/7270f9bd-47e1-476d-ad81-f4e106f4eb78.jpg 1080w\" sizes=\"auto, (max-width: 206px) 100vw, 206px\" \/><\/a>Le VocAli<\/strong> sono STRUMENTI SONORI che possono essere potenziati nelle nostre azioni quotidiane e nei nostri percorsi di ricerca interiore. Conoscerle e sperimentarle \u00e8 un buon modo per imparare ad usarle e per comprendere quanto sia potente la nostra Voce. Il seminario del 5 novembre a Belluno propone proprio questo: sperimentarne la potenza per portarle poi nel quotidiano. \u00a0Domenica 5 novembre a Belluno, \u00a0dettagli e prenotazioni\u00a0 340 051 5900<\/p>\n<p><strong>ALLA RADIO Con Elion,\u00a0 Elena pontini<\/strong><\/p>\n<audio class=\"wp-audio-shortcode\" id=\"audio-359502-9\" preload=\"none\" style=\"width: 100%;\" controls=\"controls\"><source type=\"audio\/mpeg\" src=\"https:\/\/www.radiopiu.net\/wordpress\/wp-content\/uploads\/2023\/10\/mondo-vocali.mp3?_=9\" \/><a href=\"https:\/\/www.radiopiu.net\/wordpress\/wp-content\/uploads\/2023\/10\/mondo-vocali.mp3\">https:\/\/www.radiopiu.net\/wordpress\/wp-content\/uploads\/2023\/10\/mondo-vocali.mp3<\/a><\/audio>\n<p>&nbsp;<\/p>\n<p>&nbsp;<\/p>\n<hr \/>\n<blockquote>\n<h3><\/h3>\n<h3>MAGICOLERIA CON LA PRO LOCO PIEVE CASTIONESE<\/h3>\n<\/blockquote>\n<p><strong>BELLUNO <\/strong>Dopo la timida ripresa dell\u2019anno scorso, ritorna alla grande &#8220;MAGICOLERIA&#8221;, rassegna di teatro e spettacoli per famiglie giunta alla terza edizione, organizzata dalla Pro Loco Pieve Castionese . Con la consulenza di un maestro del teatro di strada come Paolo Rech, un cartellone magico, ricco di sorprese e poesia. Alberto De Bastiani ci far\u00e0 rivivere le avventure di Pinocchio tra il teatro del racconto e il teatro di burattini. Paolo Rech ci riporter\u00e0 alle origini della maschera pi\u00f9 famosa al mondo, quella di Arlecchino. Giulia Rossi e Paolo Piludu tra clownery, improvvisazione e trucchi di magia ci lasceranno a bocca aperta.<\/p>\n<p><strong>05 NOVEMBRE &#8211; DOMENICA ALLE 18:00 &#8211; LA STORIA DI PINOCCHIO <\/strong>Con pochi oggetti, tutti di legno, un piccolo teatro dei burattini e qualche pupazzo, un solo attore racconta e d\u00e0 voce a questa storia.<\/p>\n<p><strong>19 NOVEMBRE &#8211; DOMENICA ALLE 18:00 &#8211; QUEL DIAVOLO DI ARLECCHINO <\/strong>Spettacolo di maschere e burattini di e con Paolo Rech. Alichino, Harlequin, Hellequin, Herlaking, tanti nomi per un unico personaggio dalle origini diaboliche: Arlecchino. Il simpatico eroe della Commedia dell&#8217;Arte, prima di essere quel servitore bonaccione e un po&#8217; sciocco che tutti conosciamo, ha avuto un passato glorioso tra le schiere infernali<\/p>\n<p><strong>03 DICEMBRE &#8211; DOMENICA ALLE 18:00 &#8211; FARABUTTI E FARABULONI <\/strong>Con \u201ci 4 elementi\u201d di\u00a0Giulia Rossi e Paolo Piludu. Spettacolo di Clown e magia comica.<\/p>\n<p>Tutti gli spettacoli si terranno presso il teatro San Gaetano di Castion (BL). Ingresso 6\u20ac.<\/p>\n\n\t\t\t<style type='text\/css'>\n\t\t\t\t#gallery-5 {\n\t\t\t\t\tmargin: auto;\n\t\t\t\t}\n\t\t\t\t#gallery-5 .gallery-item {\n\t\t\t\t\tfloat: left;\n\t\t\t\t\tmargin-top: 10px;\n\t\t\t\t\ttext-align: center;\n\t\t\t\t\twidth: 25%;\n\t\t\t\t}\n\t\t\t\t#gallery-5 img {\n\t\t\t\t\tborder: 2px solid #cfcfcf;\n\t\t\t\t}\n\t\t\t\t#gallery-5 .gallery-caption {\n\t\t\t\t\tmargin-left: 0;\n\t\t\t\t}\n\t\t\t\t\/* see gallery_shortcode() in wp-includes\/media.php *\/\n\t\t\t<\/style>\n\t\t<div id='gallery-5' class='dt-gallery-container gallery galleryid-359502 gallery-columns-4 gallery-size-thumbnail'><dl class='gallery-item'>\n\t\t\t\t<dt class='gallery-icon portrait'>\n\t\t\t\t\t<a class=\"rollover rollover-zoom dt-pswp-item\" title=\"MAGICOLERIA 2023-A3 CORRETTO\" data-dt-img-description=\"\" data-large_image_width=\"1754\" data-large_image_height=\"2480\"href='https:\/\/www.radiopiu.net\/wordpress\/wp-content\/uploads\/2023\/10\/MAGICOLERIA-2023-A3-CORRETTO.jpg'><img loading=\"lazy\" decoding=\"async\" width=\"150\" height=\"150\" src=\"https:\/\/www.radiopiu.net\/wordpress\/wp-content\/uploads\/2023\/10\/MAGICOLERIA-2023-A3-CORRETTO-150x150.jpg\" class=\"attachment-thumbnail size-thumbnail\" alt=\"\" \/><\/a>\n\t\t\t\t<\/dt><\/dl><dl class='gallery-item'>\n\t\t\t\t<dt class='gallery-icon landscape'>\n\t\t\t\t\t<a class=\"rollover rollover-zoom dt-pswp-item\" title=\"buona-pinocchio\" data-dt-img-description=\"\" data-large_image_width=\"2048\" data-large_image_height=\"1356\"href='https:\/\/www.radiopiu.net\/wordpress\/wp-content\/uploads\/2023\/10\/buona-pinocchio.jpeg'><img loading=\"lazy\" decoding=\"async\" width=\"150\" height=\"150\" src=\"https:\/\/www.radiopiu.net\/wordpress\/wp-content\/uploads\/2023\/10\/buona-pinocchio-150x150.jpeg\" class=\"attachment-thumbnail size-thumbnail\" alt=\"\" \/><\/a>\n\t\t\t\t<\/dt><\/dl><dl class='gallery-item'>\n\t\t\t\t<dt class='gallery-icon portrait'>\n\t\t\t\t\t<a class=\"rollover rollover-zoom dt-pswp-item\" title=\"Quel diavolo di Arlecchino\" data-dt-img-description=\"\" data-large_image_width=\"2333\" data-large_image_height=\"2560\"href='https:\/\/www.radiopiu.net\/wordpress\/wp-content\/uploads\/2023\/10\/Quel-diavolo-di-Arlecchino-scaled.jpeg'><img loading=\"lazy\" decoding=\"async\" width=\"150\" height=\"150\" src=\"https:\/\/www.radiopiu.net\/wordpress\/wp-content\/uploads\/2023\/10\/Quel-diavolo-di-Arlecchino-150x150.jpeg\" class=\"attachment-thumbnail size-thumbnail\" alt=\"\" \/><\/a>\n\t\t\t\t<\/dt><\/dl><dl class='gallery-item'>\n\t\t\t\t<dt class='gallery-icon portrait'>\n\t\t\t\t\t<a class=\"rollover rollover-zoom dt-pswp-item\" title=\"i-4-elementi-farabutti-faraboloni-9\" data-dt-img-description=\"\" data-large_image_width=\"1636\" data-large_image_height=\"2489\"href='https:\/\/www.radiopiu.net\/wordpress\/wp-content\/uploads\/2023\/10\/i-4-elementi-farabutti-faraboloni-9.jpeg'><img loading=\"lazy\" decoding=\"async\" width=\"150\" height=\"150\" src=\"https:\/\/www.radiopiu.net\/wordpress\/wp-content\/uploads\/2023\/10\/i-4-elementi-farabutti-faraboloni-9-150x150.jpeg\" class=\"attachment-thumbnail size-thumbnail\" alt=\"\" \/><\/a>\n\t\t\t\t<\/dt><\/dl><br style=\"clear: both\" \/>\n\t\t\t<\/div>\n\n<p>&nbsp;<\/p>\n<hr \/>\n<p>&nbsp;<\/p>\n<blockquote>\n<h3>UNIVERSI DI-VERSI A FELTRE<\/h3>\n<\/blockquote>\n<p><strong>FELTRE<\/strong> Domani alle 10 al liceo scientifico Dal Piaz Guido Marangoni presenta &#8220;Universi di-versi&#8221;, evento organizzato dall&#8217;associazione italiana persone con sindrome di down<\/p>\n<p>&nbsp;<\/p>\n<hr \/>\n<p>&nbsp;<\/p>\n<blockquote>\n<h3>A TEATRO A LIMANA<\/h3>\n<\/blockquote>\n<p><strong>LIMANA<\/strong> Nell&#8217;ambito di autunno teatrale a Limana, domani alle 20.30 in sala Nocivelli la Compagnia del Moccolo presenta &#8220;Serissimi dialoghi sul futuro passato&#8221; Ingresso libero<\/p>\n<p>&nbsp;<\/p>\n<hr \/>\n<p>&nbsp;<\/p>\n<h2><span style=\"color: #ff0000;\">PROSSIMAMENTE&#8230;<\/span><\/h2>\n<blockquote>\n<h3>CONCERTO CON FILIPPO GAMBA<\/h3>\n<\/blockquote>\n<p><strong>BELLUNO<\/strong> Marted\u00ec 7 novembre alle 20:30 al teatro Comunale concerto di pianiforte con\u00a0 Filippo Gamba. Ciclo integrale delle Sonate per pianoforte di Beethoven,7\u00b0 concerto.<\/p>\n<p>&nbsp;<\/p>\n<blockquote>\n<h3>LA MOSTRA FOTOGRAFICA TESTIMONI DEL TEMPO<\/h3>\n<\/blockquote>\n<p><strong>LONGARONE<\/strong> Prosegue la mostra fotografica &#8220;Testimoni del tempo \u2013 Quando le immagini raccontano la storia\u201d. Accolta al Centro culturale \u201cParri\u201d di Longarone, l\u2019esposizione potr\u00e0 essere visitata fino alla fine del mese. E non di ottobre, come previsto in un primo momento, bens\u00ec di novembre. Le immagini di Bepi Zanfron e della giovane Nicoletta Valla, infatti, sono state apprezzate al punto da far scattare la proroga della mostra<\/p>\n<p>&nbsp;<\/p>\n<blockquote>\n<h3>SOTTO IL MANTELLO&#8230;CON L&#8217;ASSOCIAZIONE CUCCHINI<\/h3>\n<\/blockquote>\n<p><strong>BELLUNO<\/strong> Appuntamento a cura dell\u2019Associazione Cucchini, venerdi 10 novembre in sala Bianchi alle 18. \u201cSotto il mantello\u201d,\u00a0 relatori &#8211; la dottoressa Cristina Vargas e il dottor Lorenzo Bolzonello,\u00a0 parleranno\u00a0 apertamente del tema delicato dell\u2019avvicinamento al fine vita del morente e al conseguente periodo del lutto per chi resta.<\/p>\n<p>&nbsp;<\/p>\n<blockquote>\n<h3>IL CUORE A TEATRO<\/h3>\n<\/blockquote>\n<p><strong>VOLTAGO<\/strong> Sabato 11 novembre alle 20.30 in sala Polifunzionale G. De Col, &#8220;l&#8217;albergo dei nevrastenici&#8221; con la Compagna del Teatro del cuore. Ingresso ad offerta libera.<\/p>\n<p>&nbsp;<\/p>\n<p>&nbsp;<\/p>\n<p>&nbsp;<\/p>\n<p><strong>agordo<\/strong> LA LUCCIOLATA CON I BOCE DA RIF, GRUPPO ALPINI, COMUNE DI AGORDO. LA LUCCIOLATA DA AGORDO A RIF: DOMENICA 12 NOVEMBRE DALLE 14, DA PIAZZA SANTA MARIA. ALL&#8217;ARRIVO, A RIF, CASTAGNE E VIN BRULE&#8217;. ISCRIZIONE AD OFFERTA LIBERA, E INTERO RICAVATO PER LA GESTIONE DELLA CASA VIA DI NATALE DI AVIANO LA PASSEGGIATA DELLA SOLIDARIETA&#8217;&#8230;.<\/p>\n<p><a class=\"dt-pswp-item\" href=\"https:\/\/www.radiopiu.net\/wordpress\/wp-content\/uploads\/2023\/11\/Senza-nome.png\" data-dt-img-description=\"\" data-large_image_width=\"437\" data-large_image_height=\"399\"><img loading=\"lazy\" decoding=\"async\" class=\"wp-image-359506 aligncenter\" src=\"https:\/\/www.radiopiu.net\/wordpress\/wp-content\/uploads\/2023\/11\/Senza-nome-300x274.png\" alt=\"\" width=\"214\" height=\"195\" srcset=\"https:\/\/www.radiopiu.net\/wordpress\/wp-content\/uploads\/2023\/11\/Senza-nome-300x274.png 300w, https:\/\/www.radiopiu.net\/wordpress\/wp-content\/uploads\/2023\/11\/Senza-nome.png 437w\" sizes=\"auto, (max-width: 214px) 100vw, 214px\" \/><\/a><\/p>\n<p>&nbsp;<\/p>\n<hr \/>\n<p>&nbsp;<\/p>\n<div class=\"message spoilers-container\" dir=\"auto\">\n<div class=\"column\">\n<div class=\"message spoilers-container\" dir=\"auto\">\n<div class=\"column\">\n<p><img loading=\"lazy\" decoding=\"async\" class=\"aligncenter wp-image-61954 size-full\" src=\"https:\/\/www.radiopiu.net\/wordpress\/wp-content\/uploads\/2018\/09\/viabilita.jpeg\" sizes=\"auto, (max-width: 800px) 100vw, 800px\" srcset=\"https:\/\/www.radiopiu.net\/wordpress\/wp-content\/uploads\/2018\/09\/viabilita.jpeg 800w, https:\/\/www.radiopiu.net\/wordpress\/wp-content\/uploads\/2018\/09\/viabilita-300x38.jpeg 300w, https:\/\/www.radiopiu.net\/wordpress\/wp-content\/uploads\/2018\/09\/viabilita-768x96.jpeg 768w\" alt=\"\" width=\"800\" height=\"100\" \/><\/p>\n<\/div>\n<\/div>\n<div class=\"message spoilers-container\" dir=\"auto\">\n<div class=\"column\">\n<p>&nbsp;<\/p>\n<\/div>\n<\/div>\n<\/div>\n<\/div>\n<blockquote class=\"wp-embedded-content\" data-secret=\"Rye8IYqar4\"><p><a href=\"https:\/\/www.radiopiu.net\/wordpress\/viabilita\/\">viabilita<\/a><\/p><\/blockquote>\n<p><iframe loading=\"lazy\" class=\"wp-embedded-content\" sandbox=\"allow-scripts\" security=\"restricted\" style=\"position: absolute; clip: rect(1px, 1px, 1px, 1px);\" title=\"&#8220;viabilita&#8221; &#8212; Radio Pi\u00f9\" src=\"https:\/\/www.radiopiu.net\/wordpress\/viabilita\/embed\/#?secret=5lqjEbjycl#?secret=Rye8IYqar4\" data-secret=\"Rye8IYqar4\" width=\"600\" height=\"338\" frameborder=\"0\" marginwidth=\"0\" marginheight=\"0\" scrolling=\"no\"><\/iframe><\/p>\n<div class=\"message spoilers-container\" dir=\"auto\">\n<div class=\"column\">\n<div class=\"message spoilers-container\" dir=\"auto\">\n<div class=\"column\">\n<div>\n<div dir=\"ltr\">\n<div class=\"gmail_quote\">\n<div dir=\"ltr\">\n<div><\/div>\n<div><\/div>\n<\/div>\n<\/div>\n<\/div>\n<\/div>\n<hr \/>\n<p>&nbsp;<\/p>\n<p><a class=\"dt-pswp-item\" href=\"https:\/\/www.radiopiu.net\/wordpress\/wp-content\/uploads\/2018\/09\/WhatsApp-Image-2018-09-20-at-16.04.06.jpeg\" data-dt-img-description=\"\" data-large_image_width=\"800\" data-large_image_height=\"100\"><img loading=\"lazy\" decoding=\"async\" class=\"wp-image-61378 size-full aligncenter\" src=\"https:\/\/www.radiopiu.net\/wordpress\/wp-content\/uploads\/2018\/09\/WhatsApp-Image-2018-09-20-at-16.04.06.jpeg\" alt=\"\" width=\"800\" height=\"100\" srcset=\"https:\/\/www.radiopiu.net\/wordpress\/wp-content\/uploads\/2018\/09\/WhatsApp-Image-2018-09-20-at-16.04.06.jpeg 800w, https:\/\/www.radiopiu.net\/wordpress\/wp-content\/uploads\/2018\/09\/WhatsApp-Image-2018-09-20-at-16.04.06-300x38.jpeg 300w, https:\/\/www.radiopiu.net\/wordpress\/wp-content\/uploads\/2018\/09\/WhatsApp-Image-2018-09-20-at-16.04.06-768x96.jpeg 768w\" sizes=\"auto, (max-width: 800px) 100vw, 800px\" \/><\/a><\/p>\n<\/div>\n<\/div>\n<p>&nbsp;<\/p>\n<\/div>\n<\/div>\n<p><center><\/center><b>OGGI: <\/b>Al mattino cielo coperto con fenomeni diffusi; dalle ore centrali qualche parziale schiarita, specie nel corso del pomeriggio, in un contesto che rimarr\u00e0 in prevalenza irregolarmente nuvoloso con qualche fenomeno residuo. Schiarite pi\u00f9 significative dalla sera. <b>Precipitazioni: <\/b>Al mattino perturbato, specie nelle prime ore, con fenomeni diffusi e in prevalenza moderati\u00a0 \u00a0anche con dei rovesci. Nel pomeriggio qualche fenomeno perlopi\u00f9 modesto da sparso a locale con eventuali e residui rovesci sulle Prealpi.<\/p>\n<p style=\"text-align: left;\"><strong>DOMANI<\/strong>\u00a0Al mattino cielo generalmente poco nuvoloso specie in alta montagna, mentre in molte valli nelle ore fredde saranno possibili degli annuvolamenti per nubi basse o delle foschie con qualche banco di nebbia in dissolvimento dopo l&#8217;alba. Nel corso della giornata cielo rendente a divenire irregolarmente nuvoloso specie nel pomeriggio con ulteriore intensificazione della nuvolosit\u00e0 associata a fenomeni verso sera.<\/p>\n<hr \/>\n<p><center><\/center><strong>DOMENICA<\/strong> Al mattino coperto con fenomeni diffusi e moderati, in attenuazione gi\u00e0 in mattinata con schiarite a partire dalle zone prealpine, pi\u00f9 ampie dalle ore centrali. Temperature in aumento, specie le massime.<\/p>\n<hr \/>\n<p><center><\/center><strong>LUNEDI<\/strong> Cielo irregolarmente nuvoloso con alternanza di schiarite e annuvolamenti; possibili nubi basse o qualche foschia o banco di nebbia in molte valli nelle ore fredde. Fenomeni in prevalenza assenti. Temperature in contenuta diminuzione, specie le minime.<\/p>\n<p>&nbsp;<\/p>\n<div class=\"message spoilers-container\" dir=\"auto\">\n<hr \/>\n<p>&nbsp;<\/p>\n<p><img loading=\"lazy\" decoding=\"async\" class=\"wp-image-60761 size-full aligncenter\" src=\"https:\/\/www.radiopiu.net\/wordpress\/wp-content\/uploads\/2018\/09\/sport.jpg\" alt=\"\" width=\"800\" height=\"100\" srcset=\"https:\/\/www.radiopiu.net\/wordpress\/wp-content\/uploads\/2018\/09\/sport.jpg 800w, https:\/\/www.radiopiu.net\/wordpress\/wp-content\/uploads\/2018\/09\/sport-300x38.jpg 300w, https:\/\/www.radiopiu.net\/wordpress\/wp-content\/uploads\/2018\/09\/sport-768x96.jpg 768w\" sizes=\"auto, (max-width: 800px) 100vw, 800px\" \/><\/p>\n<p>&nbsp;<\/p>\n<p><span style=\"color: #0000ff;\"><strong>PALLAVOLO<\/strong><\/span><\/p>\n<blockquote>\n<h3>VITTORIA DELL&#8217;UNDER 14 DEL VOLLEY CLUB AGORDINO NEL TURNO INFRASETTIMANALE<\/h3>\n<\/blockquote>\n<p><strong><a class=\"dt-pswp-item\" href=\"https:\/\/www.radiopiu.net\/wordpress\/wp-content\/uploads\/2023\/11\/eb2692c3-7332-4626-a41d-94b76bf4e0ca.jpg\" data-dt-img-description=\"\" data-large_image_width=\"1280\" data-large_image_height=\"720\"><img loading=\"lazy\" decoding=\"async\" class=\" wp-image-359580 alignleft\" src=\"https:\/\/www.radiopiu.net\/wordpress\/wp-content\/uploads\/2023\/11\/eb2692c3-7332-4626-a41d-94b76bf4e0ca-300x169.jpg\" alt=\"\" width=\"204\" height=\"115\" srcset=\"https:\/\/www.radiopiu.net\/wordpress\/wp-content\/uploads\/2023\/11\/eb2692c3-7332-4626-a41d-94b76bf4e0ca-300x169.jpg 300w, https:\/\/www.radiopiu.net\/wordpress\/wp-content\/uploads\/2023\/11\/eb2692c3-7332-4626-a41d-94b76bf4e0ca-1024x576.jpg 1024w, https:\/\/www.radiopiu.net\/wordpress\/wp-content\/uploads\/2023\/11\/eb2692c3-7332-4626-a41d-94b76bf4e0ca-768x432.jpg 768w, https:\/\/www.radiopiu.net\/wordpress\/wp-content\/uploads\/2023\/11\/eb2692c3-7332-4626-a41d-94b76bf4e0ca.jpg 1280w\" sizes=\"auto, (max-width: 204px) 100vw, 204px\" \/><\/a>di Marco Gaz<\/strong><\/p>\n<p><span style=\"color: #ff0000;\"><strong>UNDER 14<\/strong><\/span><\/p>\n<p><strong>COSTA &#8211; VOLLEY CLUB AGORDINO 1-3 (21-25, 25-18, 17-25, 16-25)<\/strong><\/p>\n<p>Seconda vittoria stagionale per la squadra pi\u00f9 giovane del Volley Club Agordino che torna dalla trasferta infrasettimanale di Vittorio Veneto con tre punti in tasca. Le giovani pallavoliste agordine, dopo una partenza in sordina, chiudono la sfida in 4 set contro il Costa. Primo parziale per la squadra di Agordo e trevigiane che pareggiano i conti nel secondo set. Il Volley Club Agordino chiude la partita nel terzo e quarto set ingranando la marcia giusta e concedendo ben poco alle avversarie.<\/p>\n<p>&nbsp;<\/p>\n<p><span style=\"color: #0000ff;\"><strong>HOCKEY SU GHIACCIO<\/strong><\/span><\/p>\n<blockquote>\n<h3>NEL FINE SETTIMANA TORNA L&#8217;ALLEGHE TOURNAMENT ALL&#8217;AVISE DE TONI DI ALLEGHE<\/h3>\n<\/blockquote>\n<p><strong><a class=\"dt-pswp-item\" href=\"https:\/\/www.radiopiu.net\/wordpress\/wp-content\/uploads\/2023\/11\/alleghe-tournament.jpg\" data-dt-img-description=\"\" data-large_image_width=\"1600\" data-large_image_height=\"1067\"><img loading=\"lazy\" decoding=\"async\" class=\" wp-image-359576 alignleft\" src=\"https:\/\/www.radiopiu.net\/wordpress\/wp-content\/uploads\/2023\/11\/alleghe-tournament-300x200.jpg\" alt=\"\" width=\"170\" height=\"113\" srcset=\"https:\/\/www.radiopiu.net\/wordpress\/wp-content\/uploads\/2023\/11\/alleghe-tournament-300x200.jpg 300w, https:\/\/www.radiopiu.net\/wordpress\/wp-content\/uploads\/2023\/11\/alleghe-tournament-1024x683.jpg 1024w, https:\/\/www.radiopiu.net\/wordpress\/wp-content\/uploads\/2023\/11\/alleghe-tournament-768x512.jpg 768w, https:\/\/www.radiopiu.net\/wordpress\/wp-content\/uploads\/2023\/11\/alleghe-tournament-1536x1024.jpg 1536w, https:\/\/www.radiopiu.net\/wordpress\/wp-content\/uploads\/2023\/11\/alleghe-tournament.jpg 1600w\" sizes=\"auto, (max-width: 170px) 100vw, 170px\" \/><\/a>DI MARCO GAZ<\/strong><\/p>\n<p>OSPITI: Matthias Levis ed Alberto Fontanive<\/p>\n<audio class=\"wp-audio-shortcode\" id=\"audio-359502-10\" preload=\"none\" style=\"width: 100%;\" controls=\"controls\"><source type=\"audio\/mpeg\" src=\"https:\/\/www.radiopiu.net\/wordpress\/wp-content\/uploads\/2023\/11\/ALLEGHE-TOURNAMENT-ALBERTO-E-MATTHIAS-2023-SCADENZA-4-NOVEMBRE.mp3?_=10\" \/><a href=\"https:\/\/www.radiopiu.net\/wordpress\/wp-content\/uploads\/2023\/11\/ALLEGHE-TOURNAMENT-ALBERTO-E-MATTHIAS-2023-SCADENZA-4-NOVEMBRE.mp3\">https:\/\/www.radiopiu.net\/wordpress\/wp-content\/uploads\/2023\/11\/ALLEGHE-TOURNAMENT-ALBERTO-E-MATTHIAS-2023-SCADENZA-4-NOVEMBRE.mp3<\/a><\/audio>\n<p>&nbsp;<\/p>\n<p><span style=\"color: #0000ff;\"><strong>CORSA<\/strong><\/span><\/p>\n<blockquote>\n<h3>LA SANTA KLAUS RUNNING QUEST&#8217;ANNO NON SI CORRERA&#8217;<\/h3>\n<\/blockquote>\n<p><strong><a class=\"dt-pswp-item\" href=\"https:\/\/www.radiopiu.net\/wordpress\/wp-content\/uploads\/2023\/11\/9c2d0448-959b-4487-a2ac-b9782e8e027e.jpg\" data-dt-img-description=\"\" data-large_image_width=\"1024\" data-large_image_height=\"682\"><img loading=\"lazy\" decoding=\"async\" class=\" wp-image-359591 alignleft\" src=\"https:\/\/www.radiopiu.net\/wordpress\/wp-content\/uploads\/2023\/11\/9c2d0448-959b-4487-a2ac-b9782e8e027e-300x200.jpg\" alt=\"\" width=\"183\" height=\"122\" srcset=\"https:\/\/www.radiopiu.net\/wordpress\/wp-content\/uploads\/2023\/11\/9c2d0448-959b-4487-a2ac-b9782e8e027e-300x200.jpg 300w, https:\/\/www.radiopiu.net\/wordpress\/wp-content\/uploads\/2023\/11\/9c2d0448-959b-4487-a2ac-b9782e8e027e-768x512.jpg 768w, https:\/\/www.radiopiu.net\/wordpress\/wp-content\/uploads\/2023\/11\/9c2d0448-959b-4487-a2ac-b9782e8e027e.jpg 1024w\" sizes=\"auto, (max-width: 183px) 100vw, 183px\" \/><\/a>BELLUNO<\/strong> La tradizionale Santa Klaus Running del capoluogo quest&#8217;anno non si correr\u00e0: ad annunciarlo, gli stessi organizzatori che da tempo avevano lanciato l&#8217;appello a enti e privati.<\/p>\n<p><strong>DI DANIELE DALVIT<\/strong><\/p>\n<audio class=\"wp-audio-shortcode\" id=\"audio-359502-11\" preload=\"none\" style=\"width: 100%;\" controls=\"controls\"><source type=\"audio\/mpeg\" src=\"https:\/\/www.radiopiu.net\/wordpress\/wp-content\/uploads\/2023\/11\/Radio-Piu-Servizio-Niente-Santa-Klaus-2023.mp3?_=11\" \/><a href=\"https:\/\/www.radiopiu.net\/wordpress\/wp-content\/uploads\/2023\/11\/Radio-Piu-Servizio-Niente-Santa-Klaus-2023.mp3\">https:\/\/www.radiopiu.net\/wordpress\/wp-content\/uploads\/2023\/11\/Radio-Piu-Servizio-Niente-Santa-Klaus-2023.mp3<\/a><\/audio>\n<p>&nbsp;<\/p>\n<p>&nbsp;<\/p>\n<\/div>\n","protected":false},"excerpt":{"rendered":"<p>40esimo di RADIOPIU\u2026. LA VOCE DELL\u2019EMOZIONE ISCRIVITI AL NOSTRO CANALE\u00a0\u00a0YOUTUBE PER SEGUIRE IN DIRETTA I PRINCIPALI PROGRAMMI DI RADIO PIU\u2019 E LE FUTURE DIRETTE IN ESTERNA. PER ISCRIVERTI CLICCA QUI\u00a0E PREMI\u00a0 \u201cIscriviti\u201d\u00a0 &nbsp; &nbsp; &nbsp; &nbsp; DOMENICA 05 NOVEMBRE\u00a0 interruzione di energia elettrica dalle 8 alle 15 in frazione Valcozzena di Agordo &nbsp; &nbsp; OGGI&hellip;<\/p>\n","protected":false},"author":4,"featured_media":359637,"comment_status":"closed","ping_status":"closed","sticky":false,"template":"","format":"standard","meta":{"_monsterinsights_skip_tracking":false,"_monsterinsights_sitenote_active":false,"_monsterinsights_sitenote_note":"","_monsterinsights_sitenote_category":0,"footnotes":""},"categories":[51,86,49],"tags":[],"class_list":["post-359502","post","type-post","status-publish","format-standard","has-post-thumbnail","hentry","category-evidenza-top","category-gr","category-news-18","category-51","category-86","category-49","description-off"],"img_url":"https:\/\/www.radiopiu.net\/wordpress\/wp-content\/uploads\/2023\/11\/ff9a49c2-e4c4-4486-b215-fbc74bf71a50.jpg","_links":{"self":[{"href":"https:\/\/www.radiopiu.net\/wordpress\/wp-json\/wp\/v2\/posts\/359502","targetHints":{"allow":["GET"]}}],"collection":[{"href":"https:\/\/www.radiopiu.net\/wordpress\/wp-json\/wp\/v2\/posts"}],"about":[{"href":"https:\/\/www.radiopiu.net\/wordpress\/wp-json\/wp\/v2\/types\/post"}],"author":[{"embeddable":true,"href":"https:\/\/www.radiopiu.net\/wordpress\/wp-json\/wp\/v2\/users\/4"}],"replies":[{"embeddable":true,"href":"https:\/\/www.radiopiu.net\/wordpress\/wp-json\/wp\/v2\/comments?post=359502"}],"version-history":[{"count":0,"href":"https:\/\/www.radiopiu.net\/wordpress\/wp-json\/wp\/v2\/posts\/359502\/revisions"}],"wp:featuredmedia":[{"embeddable":true,"href":"https:\/\/www.radiopiu.net\/wordpress\/wp-json\/wp\/v2\/media\/359637"}],"wp:attachment":[{"href":"https:\/\/www.radiopiu.net\/wordpress\/wp-json\/wp\/v2\/media?parent=359502"}],"wp:term":[{"taxonomy":"category","embeddable":true,"href":"https:\/\/www.radiopiu.net\/wordpress\/wp-json\/wp\/v2\/categories?post=359502"},{"taxonomy":"post_tag","embeddable":true,"href":"https:\/\/www.radiopiu.net\/wordpress\/wp-json\/wp\/v2\/tags?post=359502"}],"curies":[{"name":"wp","href":"https:\/\/api.w.org\/{rel}","templated":true}]}}