{"id":359557,"date":"2023-11-02T11:42:14","date_gmt":"2023-11-02T10:42:14","guid":{"rendered":"https:\/\/www.radiopiu.net\/wordpress\/?p=359557"},"modified":"2023-11-02T13:52:29","modified_gmt":"2023-11-02T12:52:29","slug":"359557-2","status":"publish","type":"post","link":"https:\/\/www.radiopiu.net\/wordpress\/359557-2\/","title":{"rendered":"ALLERTA METEO. ZAIA, \u201cPREVISTI VENTI FINO A 130KM\/H. ALLE 13 PRIMA RIUNIONE DELL\u2019UNIT\u00c0 DI CRISI\u201d"},"content":{"rendered":"<blockquote>\n<h2><\/h2>\n<\/blockquote>\n<p><strong>FELTRE:<\/strong> L&#8217;ordinanza del sindaco Viviana Fusaro: oggi\u00a0 chiusura anticipata delle seguenti strutture site nel Comune di Feltre: \u2022 Dalle ore 13:30 i Nidi d\u2019Infanzia, le scuole dell\u2019infanzia, le scuole primarie; \u2022 dalle ore 14:00 le scuole secondarie di primo grado; con la conseguente sospensione delle relative attivit\u00e0 scolastiche. A tutela dell&#8217;incolumit\u00e0 di alunni ed insegnanti, oltre che per evitare disagi alla circolazione, decisione presa in via precauzionale<\/p>\n<p><strong>DALLA ULSS1 DOLOMITI<\/strong> Vista l&#8217;allerta meteo prevista per <b>oggi,<\/b> la cerimonia di apertura dell&#8217;anno accademico del pomeriggio a Feltre \u00e8 <b>ANNULLATA. Comunicheremo quanto\u00a0prima la nuova data<\/b><\/p>\n<div class=\"message spoilers-container\" dir=\"auto\"><strong>ALPAGO<\/strong> dalle 12 fino alle 15 CHIUSURA della strada provinciale 5 tra Schiucaz e Garna, in Alpago PER colata detritica, LAVORI IN CORSO PER IL RIPRISTINO DELLA VIABILITA&#8217;<\/div>\n<p>&nbsp;<\/p>\n<h2>&#8220;Si sta valutando la possibilit\u00e0 di chiusura delle scuole&#8221;<\/h2>\n<p>Il presidente della Regione del Veneto, Luca Zaia, ha dichiarato che l&#8217;Unit\u00e0 di Crisi Regionale \u00e8 riunita per monitorare l&#8217;evolversi di un&#8217;onda di maltempo con temporali di notevole intensit\u00e0 che interesser\u00e0 la regione. Il maltempo prevede forti venti meridionali con possibili raffiche, piogge abbondanti con accumuli fino a 130-150 mm in alcune zone, e temporali. Si prevede che i fenomeni si attenueranno domani con il limite delle nevicate in abbassamento. Si invitano i cittadini a prendere precauzioni, evitare spostamenti non necessari, mantenere distanza dai corsi d&#8217;acqua e zone a rischio, e seguire le indicazioni delle autorit\u00e0 competenti.<\/p>\n<div style=\"width: 1200px;\" class=\"wp-video\"><video class=\"wp-video-shortcode\" id=\"video-359557-1\" width=\"1200\" height=\"675\" preload=\"metadata\" controls=\"controls\"><source type=\"video\/mp4\" src=\"https:\/\/www.radiopiu.net\/wordpress\/wp-content\/uploads\/2023\/11\/1-11-2023-ZAIA-MALTEMPO_1.mp4?_=1\" \/><a href=\"https:\/\/www.radiopiu.net\/wordpress\/wp-content\/uploads\/2023\/11\/1-11-2023-ZAIA-MALTEMPO_1.mp4\">https:\/\/www.radiopiu.net\/wordpress\/wp-content\/uploads\/2023\/11\/1-11-2023-ZAIA-MALTEMPO_1.mp4<\/a><\/video><\/div>\n","protected":false},"excerpt":{"rendered":"<p>FELTRE: L&#8217;ordinanza del sindaco Viviana Fusaro: oggi\u00a0 chiusura anticipata delle seguenti strutture site nel Comune di Feltre: \u2022 Dalle ore 13:30 i Nidi d\u2019Infanzia, le scuole dell\u2019infanzia, le scuole primarie; \u2022 dalle ore 14:00 le scuole secondarie di primo grado; con la conseguente sospensione delle relative attivit\u00e0 scolastiche. A tutela dell&#8217;incolumit\u00e0 di alunni ed insegnanti,&hellip;<\/p>\n","protected":false},"author":4,"featured_media":359556,"comment_status":"closed","ping_status":"closed","sticky":false,"template":"","format":"standard","meta":{"_monsterinsights_skip_tracking":false,"_monsterinsights_sitenote_active":false,"_monsterinsights_sitenote_note":"","_monsterinsights_sitenote_category":0,"footnotes":""},"categories":[49],"tags":[],"class_list":["post-359557","post","type-post","status-publish","format-standard","has-post-thumbnail","hentry","category-news-18","category-49","description-off"],"img_url":"https:\/\/www.radiopiu.net\/wordpress\/wp-content\/uploads\/2023\/11\/th-3.jpg","_links":{"self":[{"href":"https:\/\/www.radiopiu.net\/wordpress\/wp-json\/wp\/v2\/posts\/359557","targetHints":{"allow":["GET"]}}],"collection":[{"href":"https:\/\/www.radiopiu.net\/wordpress\/wp-json\/wp\/v2\/posts"}],"about":[{"href":"https:\/\/www.radiopiu.net\/wordpress\/wp-json\/wp\/v2\/types\/post"}],"author":[{"embeddable":true,"href":"https:\/\/www.radiopiu.net\/wordpress\/wp-json\/wp\/v2\/users\/4"}],"replies":[{"embeddable":true,"href":"https:\/\/www.radiopiu.net\/wordpress\/wp-json\/wp\/v2\/comments?post=359557"}],"version-history":[{"count":0,"href":"https:\/\/www.radiopiu.net\/wordpress\/wp-json\/wp\/v2\/posts\/359557\/revisions"}],"wp:featuredmedia":[{"embeddable":true,"href":"https:\/\/www.radiopiu.net\/wordpress\/wp-json\/wp\/v2\/media\/359556"}],"wp:attachment":[{"href":"https:\/\/www.radiopiu.net\/wordpress\/wp-json\/wp\/v2\/media?parent=359557"}],"wp:term":[{"taxonomy":"category","embeddable":true,"href":"https:\/\/www.radiopiu.net\/wordpress\/wp-json\/wp\/v2\/categories?post=359557"},{"taxonomy":"post_tag","embeddable":true,"href":"https:\/\/www.radiopiu.net\/wordpress\/wp-json\/wp\/v2\/tags?post=359557"}],"curies":[{"name":"wp","href":"https:\/\/api.w.org\/{rel}","templated":true}]}}