{"id":359585,"date":"2023-11-03T05:35:59","date_gmt":"2023-11-03T04:35:59","guid":{"rendered":"https:\/\/www.radiopiu.net\/wordpress\/?p=359585"},"modified":"2023-11-03T05:43:34","modified_gmt":"2023-11-03T04:43:34","slug":"riunione-dellunita-di-crisi-decisa-la-chiusura-precauzionale-delle-scuole-nei-comuni-in-zona-rossa","status":"publish","type":"post","link":"https:\/\/www.radiopiu.net\/wordpress\/riunione-dellunita-di-crisi-decisa-la-chiusura-precauzionale-delle-scuole-nei-comuni-in-zona-rossa\/","title":{"rendered":"RIUNIONE DELL&#8217;UNITA&#8217; DI CRISI. DECISA LA CHIUSURA PRECAUZIONALE DELLE SCUOLE NEI COMUNI IN ZONA ROSSA"},"content":{"rendered":"<p><strong><a class=\"dt-pswp-item\" href=\"https:\/\/www.radiopiu.net\/wordpress\/wp-content\/uploads\/2020\/12\/BOTTACIN-1.png\" data-dt-img-description=\"\" data-large_image_width=\"1042\" data-large_image_height=\"690\"><img loading=\"lazy\" decoding=\"async\" class=\" wp-image-182306 alignleft\" src=\"https:\/\/www.radiopiu.net\/wordpress\/wp-content\/uploads\/2020\/12\/BOTTACIN-1-300x199.png\" alt=\"\" width=\"175\" height=\"116\" srcset=\"https:\/\/www.radiopiu.net\/wordpress\/wp-content\/uploads\/2020\/12\/BOTTACIN-1-300x199.png 300w, https:\/\/www.radiopiu.net\/wordpress\/wp-content\/uploads\/2020\/12\/BOTTACIN-1-1024x678.png 1024w, https:\/\/www.radiopiu.net\/wordpress\/wp-content\/uploads\/2020\/12\/BOTTACIN-1-768x509.png 768w, https:\/\/www.radiopiu.net\/wordpress\/wp-content\/uploads\/2020\/12\/BOTTACIN-1.png 1042w\" sizes=\"auto, (max-width: 175px) 100vw, 175px\" \/><\/a>VENEZIA<\/strong> Si \u00e8 svolta in mattinata la riunione dell&#8217;Unit\u00e0 di Crisi regionale per il maltempo in corso, istituita ieri con decreto dal presidente Luca Zaia e al cui coordinamento ha delegato l\u2019assessore alla Protezione Civile Gianpaolo Bottacin. Al tavolo, oltre alle strutture regionali, Arpav e Veneto Acque, tutti i principali interlocutori territoriali: le sette prefetture, i Vigili del Fuoco, Anci, Upi, Veneto Strade, Anas, RFI, Anbi, Enel, Terna, Autorit\u00e0 di Bacino del Po e Alpi Orientali. &#8220;Dopo aver analizzato il quadro della situazione &#8211; afferma l&#8217;assessore Bottacin -, evidenziando che la situazione, pur ben monitorata, \u00e8 in evoluzione e si aspetta il culmine tra stasera e prime ore di domani&#8221;. Durante la riunione si \u00e8 poi fatto il punto della situazione sui diversi territori ed \u00e8 stato dato anche un aggiornamento sull&#8217;apertura, eventuale, della galleria scolmatrice Adige &#8211; Garda in caso di necessit\u00e0, come concordato con Provincia di Trento, Regione Lombardia e Aipo. &#8220;La decisione pi\u00f9 rilevante &#8211; conclude l&#8217;assessore &#8211; riguarda peraltro le scuole. In tal senso, in condivisione con tutti i partner, abbiamo stabilito la chiusura delle scuole per la giornata di domani nei Comuni in Zona Rossa, ovvero tutta la Provincia di Belluno e le aree interessate delle province di Treviso, Vicenza e Verona&#8221;.<\/p>\n\n\t\t\t<style type='text\/css'>\n\t\t\t\t#gallery-1 {\n\t\t\t\t\tmargin: auto;\n\t\t\t\t}\n\t\t\t\t#gallery-1 .gallery-item {\n\t\t\t\t\tfloat: left;\n\t\t\t\t\tmargin-top: 10px;\n\t\t\t\t\ttext-align: center;\n\t\t\t\t\twidth: 33%;\n\t\t\t\t}\n\t\t\t\t#gallery-1 img {\n\t\t\t\t\tborder: 2px solid #cfcfcf;\n\t\t\t\t}\n\t\t\t\t#gallery-1 .gallery-caption {\n\t\t\t\t\tmargin-left: 0;\n\t\t\t\t}\n\t\t\t\t\/* see gallery_shortcode() in wp-includes\/media.php *\/\n\t\t\t<\/style>\n\t\t<div id='gallery-1' class='dt-gallery-container gallery galleryid-359585 gallery-columns-3 gallery-size-medium'><dl class='gallery-item'>\n\t\t\t\t<dt class='gallery-icon landscape'>\n\t\t\t\t\t<a class=\"rollover rollover-zoom dt-pswp-item\" title=\"3c51b184-cd4c-4e61-8fd9-06a9e86377ff\" data-dt-img-description=\"\" data-large_image_width=\"1921\" data-large_image_height=\"1121\"href='https:\/\/www.radiopiu.net\/wordpress\/wp-content\/uploads\/2023\/11\/3c51b184-cd4c-4e61-8fd9-06a9e86377ff.jpg'><img loading=\"lazy\" decoding=\"async\" width=\"300\" height=\"175\" src=\"https:\/\/www.radiopiu.net\/wordpress\/wp-content\/uploads\/2023\/11\/3c51b184-cd4c-4e61-8fd9-06a9e86377ff-300x175.jpg\" class=\"attachment-medium size-medium\" alt=\"\" srcset=\"https:\/\/www.radiopiu.net\/wordpress\/wp-content\/uploads\/2023\/11\/3c51b184-cd4c-4e61-8fd9-06a9e86377ff-300x175.jpg 300w, https:\/\/www.radiopiu.net\/wordpress\/wp-content\/uploads\/2023\/11\/3c51b184-cd4c-4e61-8fd9-06a9e86377ff-1024x598.jpg 1024w, https:\/\/www.radiopiu.net\/wordpress\/wp-content\/uploads\/2023\/11\/3c51b184-cd4c-4e61-8fd9-06a9e86377ff-768x448.jpg 768w, https:\/\/www.radiopiu.net\/wordpress\/wp-content\/uploads\/2023\/11\/3c51b184-cd4c-4e61-8fd9-06a9e86377ff-1536x896.jpg 1536w, https:\/\/www.radiopiu.net\/wordpress\/wp-content\/uploads\/2023\/11\/3c51b184-cd4c-4e61-8fd9-06a9e86377ff.jpg 1921w\" sizes=\"auto, (max-width: 300px) 100vw, 300px\" \/><\/a>\n\t\t\t\t<\/dt><\/dl><dl class='gallery-item'>\n\t\t\t\t<dt class='gallery-icon landscape'>\n\t\t\t\t\t<a class=\"rollover rollover-zoom dt-pswp-item\" title=\"fce17c37-0c97-4697-81ab-7a6a7d671f4c\" data-dt-img-description=\"\" data-large_image_width=\"1791\" data-large_image_height=\"1139\"href='https:\/\/www.radiopiu.net\/wordpress\/wp-content\/uploads\/2023\/11\/fce17c37-0c97-4697-81ab-7a6a7d671f4c.jpg'><img loading=\"lazy\" decoding=\"async\" width=\"300\" height=\"191\" src=\"https:\/\/www.radiopiu.net\/wordpress\/wp-content\/uploads\/2023\/11\/fce17c37-0c97-4697-81ab-7a6a7d671f4c-300x191.jpg\" class=\"attachment-medium size-medium\" alt=\"\" srcset=\"https:\/\/www.radiopiu.net\/wordpress\/wp-content\/uploads\/2023\/11\/fce17c37-0c97-4697-81ab-7a6a7d671f4c-300x191.jpg 300w, https:\/\/www.radiopiu.net\/wordpress\/wp-content\/uploads\/2023\/11\/fce17c37-0c97-4697-81ab-7a6a7d671f4c-1024x651.jpg 1024w, https:\/\/www.radiopiu.net\/wordpress\/wp-content\/uploads\/2023\/11\/fce17c37-0c97-4697-81ab-7a6a7d671f4c-768x488.jpg 768w, https:\/\/www.radiopiu.net\/wordpress\/wp-content\/uploads\/2023\/11\/fce17c37-0c97-4697-81ab-7a6a7d671f4c-1536x977.jpg 1536w, https:\/\/www.radiopiu.net\/wordpress\/wp-content\/uploads\/2023\/11\/fce17c37-0c97-4697-81ab-7a6a7d671f4c.jpg 1791w\" sizes=\"auto, (max-width: 300px) 100vw, 300px\" \/><\/a>\n\t\t\t\t<\/dt><\/dl><dl class='gallery-item'>\n\t\t\t\t<dt class='gallery-icon landscape'>\n\t\t\t\t\t<a class=\"rollover rollover-zoom dt-pswp-item\" title=\"5e9c5286-32ab-4242-82a9-3e9e1c168691\" data-dt-img-description=\"\" data-large_image_width=\"2560\" data-large_image_height=\"1707\"href='https:\/\/www.radiopiu.net\/wordpress\/wp-content\/uploads\/2023\/11\/5e9c5286-32ab-4242-82a9-3e9e1c168691-scaled.jpg'><img loading=\"lazy\" decoding=\"async\" width=\"300\" height=\"200\" src=\"https:\/\/www.radiopiu.net\/wordpress\/wp-content\/uploads\/2023\/11\/5e9c5286-32ab-4242-82a9-3e9e1c168691-300x200.jpg\" class=\"attachment-medium size-medium\" alt=\"\" srcset=\"https:\/\/www.radiopiu.net\/wordpress\/wp-content\/uploads\/2023\/11\/5e9c5286-32ab-4242-82a9-3e9e1c168691-300x200.jpg 300w, https:\/\/www.radiopiu.net\/wordpress\/wp-content\/uploads\/2023\/11\/5e9c5286-32ab-4242-82a9-3e9e1c168691-1024x683.jpg 1024w, https:\/\/www.radiopiu.net\/wordpress\/wp-content\/uploads\/2023\/11\/5e9c5286-32ab-4242-82a9-3e9e1c168691-768x512.jpg 768w, https:\/\/www.radiopiu.net\/wordpress\/wp-content\/uploads\/2023\/11\/5e9c5286-32ab-4242-82a9-3e9e1c168691-1536x1024.jpg 1536w, https:\/\/www.radiopiu.net\/wordpress\/wp-content\/uploads\/2023\/11\/5e9c5286-32ab-4242-82a9-3e9e1c168691-2048x1366.jpg 2048w\" sizes=\"auto, (max-width: 300px) 100vw, 300px\" \/><\/a>\n\t\t\t\t<\/dt><\/dl><br style=\"clear: both\" \/>\n\t\t\t<\/div>\n\n<p>&nbsp;<\/p>\n<p><strong>L&#8217;ASSESSORE ALLA PROTEZIONE CIVILE GIANPAOLO BOTTACIN<\/strong><\/p>\n<div style=\"width: 848px;\" class=\"wp-video\"><video class=\"wp-video-shortcode\" id=\"video-359585-1\" width=\"848\" height=\"480\" preload=\"metadata\" controls=\"controls\"><source type=\"video\/mp4\" src=\"https:\/\/www.radiopiu.net\/wordpress\/wp-content\/uploads\/2023\/11\/WhatsApp-Video-2023-11-02-at-17.24.08.mp4?_=1\" \/><a href=\"https:\/\/www.radiopiu.net\/wordpress\/wp-content\/uploads\/2023\/11\/WhatsApp-Video-2023-11-02-at-17.24.08.mp4\">https:\/\/www.radiopiu.net\/wordpress\/wp-content\/uploads\/2023\/11\/WhatsApp-Video-2023-11-02-at-17.24.08.mp4<\/a><\/video><\/div>\n<p>&nbsp;<\/p>\n<p>*******<\/p>\n","protected":false},"excerpt":{"rendered":"<p>VENEZIA Si \u00e8 svolta in mattinata la riunione dell&#8217;Unit\u00e0 di Crisi regionale per il maltempo in corso, istituita ieri con decreto dal presidente Luca Zaia e al cui coordinamento ha delegato l\u2019assessore alla Protezione Civile Gianpaolo Bottacin. Al tavolo, oltre alle strutture regionali, Arpav e Veneto Acque, tutti i principali interlocutori territoriali: le sette prefetture,&hellip;<\/p>\n","protected":false},"author":4,"featured_media":182306,"comment_status":"closed","ping_status":"closed","sticky":false,"template":"","format":"standard","meta":{"_monsterinsights_skip_tracking":false,"_monsterinsights_sitenote_active":false,"_monsterinsights_sitenote_note":"","_monsterinsights_sitenote_category":0,"footnotes":""},"categories":[51,49],"tags":[],"class_list":["post-359585","post","type-post","status-publish","format-standard","has-post-thumbnail","hentry","category-evidenza-top","category-news-18","category-51","category-49","description-off"],"img_url":"https:\/\/www.radiopiu.net\/wordpress\/wp-content\/uploads\/2020\/12\/BOTTACIN-1.png","_links":{"self":[{"href":"https:\/\/www.radiopiu.net\/wordpress\/wp-json\/wp\/v2\/posts\/359585","targetHints":{"allow":["GET"]}}],"collection":[{"href":"https:\/\/www.radiopiu.net\/wordpress\/wp-json\/wp\/v2\/posts"}],"about":[{"href":"https:\/\/www.radiopiu.net\/wordpress\/wp-json\/wp\/v2\/types\/post"}],"author":[{"embeddable":true,"href":"https:\/\/www.radiopiu.net\/wordpress\/wp-json\/wp\/v2\/users\/4"}],"replies":[{"embeddable":true,"href":"https:\/\/www.radiopiu.net\/wordpress\/wp-json\/wp\/v2\/comments?post=359585"}],"version-history":[{"count":0,"href":"https:\/\/www.radiopiu.net\/wordpress\/wp-json\/wp\/v2\/posts\/359585\/revisions"}],"wp:featuredmedia":[{"embeddable":true,"href":"https:\/\/www.radiopiu.net\/wordpress\/wp-json\/wp\/v2\/media\/182306"}],"wp:attachment":[{"href":"https:\/\/www.radiopiu.net\/wordpress\/wp-json\/wp\/v2\/media?parent=359585"}],"wp:term":[{"taxonomy":"category","embeddable":true,"href":"https:\/\/www.radiopiu.net\/wordpress\/wp-json\/wp\/v2\/categories?post=359585"},{"taxonomy":"post_tag","embeddable":true,"href":"https:\/\/www.radiopiu.net\/wordpress\/wp-json\/wp\/v2\/tags?post=359585"}],"curies":[{"name":"wp","href":"https:\/\/api.w.org\/{rel}","templated":true}]}}