{"id":359596,"date":"2023-11-03T05:33:02","date_gmt":"2023-11-03T04:33:02","guid":{"rendered":"https:\/\/www.radiopiu.net\/wordpress\/?p=359596"},"modified":"2023-11-03T05:44:01","modified_gmt":"2023-11-03T04:44:01","slug":"chiuse-le-strade-comunali-di-taibon-per-col-di-pra-e-val-corpassa","status":"publish","type":"post","link":"https:\/\/www.radiopiu.net\/wordpress\/chiuse-le-strade-comunali-di-taibon-per-col-di-pra-e-val-corpassa\/","title":{"rendered":"CHIUSE LE STRADE COMUNALI DI TAIBON PER COL DI PRA&#8217; E VAL CORPASSA"},"content":{"rendered":"<p><strong>TAIBON<\/strong> Il comune di Taibon informa i cittadini che sono state chiuse le strade comunali che portano alle frazioni di Col Di Pr\u00e0 e Val Corpassa. Si invitano gli abitanti della Frazione di Col di Pr\u00e0, qualora si manifestino situazioni di criticit\u00e0, a raggiungere il punto di raccolta individuato nel piazzale attiguo l&#8217;ex pubblico esercizio Locanda Col di Pr\u00e0, che garantisce condizioni di sicurezza.<\/p>\n<p>&nbsp;<\/p>\n<p>&nbsp;<\/p>\n<p>*******<\/p>\n","protected":false},"excerpt":{"rendered":"<p>TAIBON Il comune di Taibon informa i cittadini che sono state chiuse le strade comunali che portano alle frazioni di Col Di Pr\u00e0 e Val Corpassa. Si invitano gli abitanti della Frazione di Col di Pr\u00e0, qualora si manifestino situazioni di criticit\u00e0, a raggiungere il punto di raccolta individuato nel piazzale attiguo l&#8217;ex pubblico esercizio&hellip;<\/p>\n","protected":false},"author":4,"featured_media":359597,"comment_status":"closed","ping_status":"closed","sticky":false,"template":"","format":"standard","meta":{"_monsterinsights_skip_tracking":false,"_monsterinsights_sitenote_active":false,"_monsterinsights_sitenote_note":"","_monsterinsights_sitenote_category":0,"footnotes":""},"categories":[51,49],"tags":[],"class_list":["post-359596","post","type-post","status-publish","format-standard","has-post-thumbnail","hentry","category-evidenza-top","category-news-18","category-51","category-49","description-off"],"img_url":"https:\/\/www.radiopiu.net\/wordpress\/wp-content\/uploads\/2023\/11\/TAIBON-1.jpg","_links":{"self":[{"href":"https:\/\/www.radiopiu.net\/wordpress\/wp-json\/wp\/v2\/posts\/359596","targetHints":{"allow":["GET"]}}],"collection":[{"href":"https:\/\/www.radiopiu.net\/wordpress\/wp-json\/wp\/v2\/posts"}],"about":[{"href":"https:\/\/www.radiopiu.net\/wordpress\/wp-json\/wp\/v2\/types\/post"}],"author":[{"embeddable":true,"href":"https:\/\/www.radiopiu.net\/wordpress\/wp-json\/wp\/v2\/users\/4"}],"replies":[{"embeddable":true,"href":"https:\/\/www.radiopiu.net\/wordpress\/wp-json\/wp\/v2\/comments?post=359596"}],"version-history":[{"count":0,"href":"https:\/\/www.radiopiu.net\/wordpress\/wp-json\/wp\/v2\/posts\/359596\/revisions"}],"wp:featuredmedia":[{"embeddable":true,"href":"https:\/\/www.radiopiu.net\/wordpress\/wp-json\/wp\/v2\/media\/359597"}],"wp:attachment":[{"href":"https:\/\/www.radiopiu.net\/wordpress\/wp-json\/wp\/v2\/media?parent=359596"}],"wp:term":[{"taxonomy":"category","embeddable":true,"href":"https:\/\/www.radiopiu.net\/wordpress\/wp-json\/wp\/v2\/categories?post=359596"},{"taxonomy":"post_tag","embeddable":true,"href":"https:\/\/www.radiopiu.net\/wordpress\/wp-json\/wp\/v2\/tags?post=359596"}],"curies":[{"name":"wp","href":"https:\/\/api.w.org\/{rel}","templated":true}]}}