{"id":359608,"date":"2023-11-03T05:20:59","date_gmt":"2023-11-03T04:20:59","guid":{"rendered":"https:\/\/www.radiopiu.net\/wordpress\/?p=359608"},"modified":"2023-11-03T05:42:27","modified_gmt":"2023-11-03T04:42:27","slug":"riunioni-per-i-parcheggi-in-valcozzena-la-soluzione-il-fai-da-te","status":"publish","type":"post","link":"https:\/\/www.radiopiu.net\/wordpress\/riunioni-per-i-parcheggi-in-valcozzena-la-soluzione-il-fai-da-te\/","title":{"rendered":"RIUNIONI PER I PARCHEGGI IN VALCOZZENA, LA SOLUZIONE: IL FAI DA TE!"},"content":{"rendered":"<p><strong><a class=\"dt-pswp-item\" href=\"https:\/\/www.radiopiu.net\/wordpress\/wp-content\/uploads\/2022\/10\/6c6e8841-fa5f-4394-b3a6-3b87d31aaee5.jpg\" data-dt-img-description=\"\" data-large_image_width=\"1920\" data-large_image_height=\"1080\"><img loading=\"lazy\" decoding=\"async\" class=\" wp-image-303657 alignleft\" src=\"https:\/\/www.radiopiu.net\/wordpress\/wp-content\/uploads\/2022\/10\/6c6e8841-fa5f-4394-b3a6-3b87d31aaee5-300x169.jpg\" alt=\"\" width=\"249\" height=\"140\" srcset=\"https:\/\/www.radiopiu.net\/wordpress\/wp-content\/uploads\/2022\/10\/6c6e8841-fa5f-4394-b3a6-3b87d31aaee5-300x169.jpg 300w, https:\/\/www.radiopiu.net\/wordpress\/wp-content\/uploads\/2022\/10\/6c6e8841-fa5f-4394-b3a6-3b87d31aaee5-1024x576.jpg 1024w, https:\/\/www.radiopiu.net\/wordpress\/wp-content\/uploads\/2022\/10\/6c6e8841-fa5f-4394-b3a6-3b87d31aaee5-768x432.jpg 768w, https:\/\/www.radiopiu.net\/wordpress\/wp-content\/uploads\/2022\/10\/6c6e8841-fa5f-4394-b3a6-3b87d31aaee5-1536x864.jpg 1536w, https:\/\/www.radiopiu.net\/wordpress\/wp-content\/uploads\/2022\/10\/6c6e8841-fa5f-4394-b3a6-3b87d31aaee5.jpg 1920w\" sizes=\"auto, (max-width: 249px) 100vw, 249px\" \/><\/a>AGORDO<\/strong> La commissione trasporti della RSU dello stabilimento EssilorLuxottica di Agordo ha incontrato nei giorni scorsi l&#8217;azienda e il comune di Agordo per cercare soluzioni ai parcheggi in localit\u00e0 Valcozzena. &#8220;Nei giorni scorsi la commissione trasporti ha avuto due incontri aventi come tema principale la situazione parcheggi. Il primo incontro si \u00e8 tenuto con l&#8217;azienda: abbiamo nuovamente posto la richiesta di ripristinare il servizio navetta, rivolgendosi se necessario a societ\u00e0 di trasporto diverse. L&#8217;azienda ha risposto di aver gi\u00e0 chiesto eventuale disponibilit\u00e0 ad altre ditte ma i costi preventivati sono molto alti e giudicati insostenibili. Hanno aggiunto che, visto il recente cambio al vertice in Dolomiti bus, nelle prossime settimane avranno un incontro con i nuovi dirigenti anche per cercare di sbloccare la situazione navetta, non si sa per\u00f2 con quali tempistiche. Di conseguenza, \u00e8 stato chiesto chiesto all&#8217;azienda di valutare soluzioni organizzative diverse anche a livello di smart working. Il secondo incontro\u00a0 &#8211; continua la RSU &#8211; si \u00e8 svolto con il Sindaco di Agordo e l&#8217;assessore alle attivit\u00e0 produttive. Si \u00e8 discusso delle numerose multe fatte in queste settimane in Valcozzena. Il sindaco ha voluto precisare che non vi \u00e8 la volont\u00e0 di &#8220;fare cassa&#8221; in quanto i proventi delle sanzioni vengono destinati esclusivamente a interventi riguardanti la sicurezza stradale come da normativa. Inoltre il sindaco non ha possibilit\u00e0 di interferire con il lavoro della polizia locale, salvo un invito al normale buonsenso vista la situazione di carenza posti. Abbiamo chiesto novit\u00e0 riguardo l&#8217;area camper di Valcozzena che doveva essere spostata in zona Tamonich. Il sindaco ci ha confermato che vi \u00e8 in progetto il trasferimento dell&#8217;area ma con tempistica ancora non definita. Abbiamo inoltre appreso che il parcheggio del Palaluxottica sarebbe in teoria destinato ad uso pubblico anche se in pratica \u00e8 inaccessibile in quanto inglobato nella recinzione della propriet\u00e0. Il sindaco ha comunque suggerito di sfruttare i parcheggi di Tamonich e Polane condividendo l&#8217;auto per gli ultimi chilometri. In sintesi: accordarsi tra 2 o pi\u00f9 colleghi, aventi lo stesso orario di lavoro ma provenienti in auto da direzioni diverse, in modo da proseguire verso Valcozzena con una sola auto, lasciando le altre nei parcheggi suddetti. Abbiamo riportato le segnalazioni dei colleghi riguardo la scarsa illuminazione delle strisce pedonali in prossimit\u00e0 del ponte sul Cordevole, di competenza di Veneto Strade. Il sindaco si \u00e8 offerto di far da tramite per avere un potenziamento dell&#8217;illuminazione. Riguardo la pista ciclabile, vi \u00e8 lo studio preliminare di una passerella sul Cordevole ma il comune non pu\u00f2 accollarsene il costo. Il comune si \u00e8 reso disponibile con le societ\u00e0 che operano nel settore a concedere gli spazi per la installazione di colonnine di ricarica in Valcozzena, per ora non sono arrivate richieste specifiche&#8221; concludono i rappresentanti sindacali.<\/p>\n<p>&nbsp;<\/p>\n<p>&nbsp;<\/p>\n<p>*******<\/p>\n","protected":false},"excerpt":{"rendered":"<p>AGORDO La commissione trasporti della RSU dello stabilimento EssilorLuxottica di Agordo ha incontrato nei giorni scorsi l&#8217;azienda e il comune di Agordo per cercare soluzioni ai parcheggi in localit\u00e0 Valcozzena. &#8220;Nei giorni scorsi la commissione trasporti ha avuto due incontri aventi come tema principale la situazione parcheggi. Il primo incontro si \u00e8 tenuto con l&#8217;azienda:&hellip;<\/p>\n","protected":false},"author":4,"featured_media":303657,"comment_status":"closed","ping_status":"closed","sticky":false,"template":"","format":"standard","meta":{"_monsterinsights_skip_tracking":false,"_monsterinsights_sitenote_active":false,"_monsterinsights_sitenote_note":"","_monsterinsights_sitenote_category":0,"footnotes":""},"categories":[51,49],"tags":[],"class_list":["post-359608","post","type-post","status-publish","format-standard","has-post-thumbnail","hentry","category-evidenza-top","category-news-18","category-51","category-49","description-off"],"img_url":"https:\/\/www.radiopiu.net\/wordpress\/wp-content\/uploads\/2022\/10\/6c6e8841-fa5f-4394-b3a6-3b87d31aaee5.jpg","_links":{"self":[{"href":"https:\/\/www.radiopiu.net\/wordpress\/wp-json\/wp\/v2\/posts\/359608","targetHints":{"allow":["GET"]}}],"collection":[{"href":"https:\/\/www.radiopiu.net\/wordpress\/wp-json\/wp\/v2\/posts"}],"about":[{"href":"https:\/\/www.radiopiu.net\/wordpress\/wp-json\/wp\/v2\/types\/post"}],"author":[{"embeddable":true,"href":"https:\/\/www.radiopiu.net\/wordpress\/wp-json\/wp\/v2\/users\/4"}],"replies":[{"embeddable":true,"href":"https:\/\/www.radiopiu.net\/wordpress\/wp-json\/wp\/v2\/comments?post=359608"}],"version-history":[{"count":0,"href":"https:\/\/www.radiopiu.net\/wordpress\/wp-json\/wp\/v2\/posts\/359608\/revisions"}],"wp:featuredmedia":[{"embeddable":true,"href":"https:\/\/www.radiopiu.net\/wordpress\/wp-json\/wp\/v2\/media\/303657"}],"wp:attachment":[{"href":"https:\/\/www.radiopiu.net\/wordpress\/wp-json\/wp\/v2\/media?parent=359608"}],"wp:term":[{"taxonomy":"category","embeddable":true,"href":"https:\/\/www.radiopiu.net\/wordpress\/wp-json\/wp\/v2\/categories?post=359608"},{"taxonomy":"post_tag","embeddable":true,"href":"https:\/\/www.radiopiu.net\/wordpress\/wp-json\/wp\/v2\/tags?post=359608"}],"curies":[{"name":"wp","href":"https:\/\/api.w.org\/{rel}","templated":true}]}}