{"id":359621,"date":"2023-11-03T05:36:45","date_gmt":"2023-11-03T04:36:45","guid":{"rendered":"https:\/\/www.radiopiu.net\/wordpress\/?p=359621"},"modified":"2023-11-03T05:36:47","modified_gmt":"2023-11-03T04:36:47","slug":"puos-dalpago-vigile-del-fuoco-disperso-in-un-canale-ricerche-in-corso","status":"publish","type":"post","link":"https:\/\/www.radiopiu.net\/wordpress\/puos-dalpago-vigile-del-fuoco-disperso-in-un-canale-ricerche-in-corso\/","title":{"rendered":"PUOS DALPAGO, VIGILE DEL FUOCO DISPERSO IN UN CANALE"},"content":{"rendered":"<div class=\"flex-1 overflow-hidden\">\n<div class=\"react-scroll-to-bottom--css-dxash-79elbk h-full\">\n<div class=\"react-scroll-to-bottom--css-dxash-1n7m0yu\">\n<div class=\"flex flex-col text-sm gizmo:pb-9 dark:bg-gray-800 gizmo:dark:bg-transparent\">\n<div class=\"group w-full text-token-text-primary border-b border-black\/10 gizmo:border-0 dark:border-gray-900\/50 gizmo:dark:border-0 bg-gray-50 gizmo:bg-transparent dark:bg-[#444654] gizmo:dark:bg-transparent\" data-testid=\"conversation-turn-3\">\n<div class=\"p-4 gizmo:py-2 justify-center text-base md:gap-6 md:py-6 m-auto\">\n<div class=\"flex flex-1 gap-4 text-base mx-auto md:gap-6 gizmo:gap-3 gizmo:md:px-5 gizmo:lg:px-1 gizmo:xl:px-5 md:max-w-2xl lg:max-w-[38rem] gizmo:md:max-w-3xl gizmo:lg:max-w-[40rem] gizmo:xl:max-w-[48rem] xl:max-w-3xl }\">\n<div class=\"relative flex w-[calc(100%-50px)] flex-col gizmo:w-full lg:w-[calc(100%-115px)] agent-turn\">\n<div class=\"flex-col gap-1 md:gap-3\">\n<div class=\"flex flex-grow flex-col gap-3 max-w-full\">\n<div class=\"min-h-[20px] flex flex-col items-start gap-3 whitespace-pre-wrap break-words overflow-x-auto\" data-message-author-role=\"assistant\" data-message-id=\"65516de7-309b-4669-a894-7c2304690167\">\n<div class=\"result-streaming markdown prose w-full break-words dark:prose-invert dark\">\n<div class=\"flex flex-grow flex-col gap-3 max-w-full\">\n<div class=\"min-h-[20px] flex flex-col items-start gap-3 whitespace-pre-wrap break-words overflow-x-auto\" data-message-author-role=\"assistant\" data-message-id=\"65516de7-309b-4669-a894-7c2304690167\">\n<div class=\"result-streaming markdown prose w-full break-words dark:prose-invert dark\">\n<blockquote><p><em>SCIVOLA NEL CANALE MENTRE SISTEMA I SACCHI DI SABBIA LUNGO IL TORRENTE RIU&#8217;, NON ERA IN SERVIZIO MA SVOLGEVA UN&#8217;IMPORTANTE OPERA DI VOLONTARIATO CON IL PADRE\u00a0<\/em><\/p>\n<p><a class=\"dt-pswp-item\" href=\"https:\/\/www.radiopiu.net\/wordpress\/wp-content\/uploads\/2023\/11\/Senza-nome-5.png\" data-dt-img-description=\"\" data-large_image_width=\"321\" data-large_image_height=\"204\">\u00a0<\/a><\/p>\n<p><a class=\"dt-pswp-item\" href=\"https:\/\/www.radiopiu.net\/wordpress\/wp-content\/uploads\/2023\/11\/Senza-nome-5.png\" data-dt-img-description=\"\" data-large_image_width=\"321\" data-large_image_height=\"204\"><img loading=\"lazy\" decoding=\"async\" class=\"size-medium wp-image-359633 aligncenter\" src=\"https:\/\/www.radiopiu.net\/wordpress\/wp-content\/uploads\/2023\/11\/Senza-nome-5-300x191.png\" alt=\"\" width=\"300\" height=\"191\" srcset=\"https:\/\/www.radiopiu.net\/wordpress\/wp-content\/uploads\/2023\/11\/Senza-nome-5-300x191.png 300w, https:\/\/www.radiopiu.net\/wordpress\/wp-content\/uploads\/2023\/11\/Senza-nome-5.png 321w\" sizes=\"auto, (max-width: 300px) 100vw, 300px\" \/><\/a><\/p><\/blockquote>\n<div class=\"flex flex-grow flex-col gap-3 max-w-full\">\n<div class=\"min-h-[20px] flex flex-col items-start gap-3 whitespace-pre-wrap break-words overflow-x-auto\" data-message-author-role=\"assistant\" data-message-id=\"65516de7-309b-4669-a894-7c2304690167\">\n<div class=\"result-streaming markdown prose w-full break-words dark:prose-invert dark\">\n<p><a class=\"dt-pswp-item\" href=\"https:\/\/www.radiopiu.net\/wordpress\/wp-content\/uploads\/2023\/11\/898ec4a9-a4aa-4f29-9982-3059809bfacf.jpg\" data-dt-img-description=\"\" data-large_image_width=\"848\" data-large_image_height=\"480\"><img loading=\"lazy\" decoding=\"async\" class=\"size-medium wp-image-359627 alignleft\" src=\"https:\/\/www.radiopiu.net\/wordpress\/wp-content\/uploads\/2023\/11\/898ec4a9-a4aa-4f29-9982-3059809bfacf-300x170.jpg\" alt=\"\" width=\"300\" height=\"170\" srcset=\"https:\/\/www.radiopiu.net\/wordpress\/wp-content\/uploads\/2023\/11\/898ec4a9-a4aa-4f29-9982-3059809bfacf-300x170.jpg 300w, https:\/\/www.radiopiu.net\/wordpress\/wp-content\/uploads\/2023\/11\/898ec4a9-a4aa-4f29-9982-3059809bfacf-768x435.jpg 768w, https:\/\/www.radiopiu.net\/wordpress\/wp-content\/uploads\/2023\/11\/898ec4a9-a4aa-4f29-9982-3059809bfacf.jpg 848w\" sizes=\"auto, (max-width: 300px) 100vw, 300px\" \/><\/a>Nelle ultime ore, un dramma ha colpito la comunit\u00e0 di Bastia, in particolare la famiglia e i colleghi di Walter Locatello, un vigile del fuoco che stava svolgendo un compito di sorveglianza insieme a suo padre lungo il canale Ri\u00f9. Mentre monitorava alcune abitazioni a rischio allagamento, Walter \u00e8 scivolato improvvisamente nelle acque impetuose del canale, che sfociano nel lago di Santa Croce. L&#8217;allarme \u00e8 stato dato dal padre dell&#8217;uomo, che ha cercato disperatamente di soccorrere suo figlio, ma ha dovuto chiamare i soccorsi. Walter Locatello, nato nel 1979, \u00e8 un vigile del fuoco professionista con base nel distaccamento provinciale di Belluno. Il giorno del tragico incidente era la sua giornata di riposo dopo aver terminato un turno di servizio. Le ricerche sono state avviate immediatamente, coinvolgendo una squadra di circa cinquanta uomini, tra vigili del fuoco, specialisti del reparto sommozzatori di Venezia, soccorso speleo alpino fluviale, volontari e personale del soccorso alpino. Queste operazioni sono state <a class=\"dt-pswp-item\" href=\"https:\/\/www.radiopiu.net\/wordpress\/wp-content\/uploads\/2023\/11\/70d444a6-38a3-4410-8e9d-90a13185fef4.jpg\" data-dt-img-description=\"\" data-large_image_width=\"848\" data-large_image_height=\"480\"><img loading=\"lazy\" decoding=\"async\" class=\"size-medium wp-image-359624 alignright\" src=\"https:\/\/www.radiopiu.net\/wordpress\/wp-content\/uploads\/2023\/11\/70d444a6-38a3-4410-8e9d-90a13185fef4-300x170.jpg\" alt=\"\" width=\"300\" height=\"170\" srcset=\"https:\/\/www.radiopiu.net\/wordpress\/wp-content\/uploads\/2023\/11\/70d444a6-38a3-4410-8e9d-90a13185fef4-300x170.jpg 300w, https:\/\/www.radiopiu.net\/wordpress\/wp-content\/uploads\/2023\/11\/70d444a6-38a3-4410-8e9d-90a13185fef4-768x435.jpg 768w, https:\/\/www.radiopiu.net\/wordpress\/wp-content\/uploads\/2023\/11\/70d444a6-38a3-4410-8e9d-90a13185fef4.jpg 848w\" sizes=\"auto, (max-width: 300px) 100vw, 300px\" \/><\/a>ostacolate dalle condizioni meteorologiche avverse, con piogge torrenziali e venti forti. Il padre di <img loading=\"lazy\" decoding=\"async\" class=\"alignleft\" src=\"https:\/\/www.radiopiu.net\/wordpress\/wp-content\/uploads\/2023\/11\/Senza-nome-4.png\" width=\"354\" height=\"159\" \/>Walter ha sentito il figlio gridare mentre veniva trascinato via dalla corrente, ma non \u00e8 riuscito a salvarlo. Le ricerche si sono concentrate sia lungo le rive del torrente Ri\u00f9 che sulle sponde del lago, sotto il ponticello prima della rotonda che porta al lago o a Puos. Tuttavia, le condizioni del tempo hanno reso difficile il lavoro delle squadre di soccorso. Il comandante Antonio Del Gallo, proveniente dal distaccamento di Ferrara, ha guidato le operazioni, ma nonostante gli sforzi, non \u00e8 stata trovata alcuna traccia di Walter. Le squadre hanno esaminato tutte le possibili aree in cui potrebbe essere aggrappato, ma le forti correnti impedivano le ricerche in acqua e l&#8217;uso di gommoni nel lago. Il sindaco di Alpago, Alberto Peterle, e l&#8217;assessore alla Protezione civile Albino Dazzi si sono recati sul luogo per monitorare la situazione meteo e mostrare il loro sostegno. Molti colleghi di Walter, anche non in servizio si sono precipitati sul posto per aiutare nelle ricerche. Walter Locatello, che recentemente \u00e8 diventato padre, vive in Alpago con la sua famiglia, e l&#8217;intera comunit\u00e0 \u00e8 vicina alla sua famiglia<\/p>\n<\/div>\n<\/div>\n<\/div>\n<\/div>\n<\/div>\n<\/div>\n<div class=\"flex justify-between empty:hidden gizmo:justify-start gizmo:gap-3 lg:block gizmo:lg:flex\">\n<div class=\"text-gray-400 flex self-end lg:self-center justify-center gizmo:lg:justify-start mt-2 gizmo:mt-0 invisible lg:gap-1 lg:absolute lg:top-0 lg:translate-x-full lg:right-0 lg:mt-0 lg:pl-2 gap-2 md:gap-3\">\n<div class=\"flex gap-1\"><\/div>\n<\/div>\n<\/div>\n<\/div>\n<\/div>\n<\/div>\n<\/div>\n<\/div>\n<\/div>\n<\/div>\n<\/div>\n<div class=\"h-36 md:h-48 flex-shrink-0\"><\/div>\n<p>&nbsp;<\/p>\n<\/div>\n<\/div>\n<\/div>\n<\/div>\n<div class=\"w-full pt-2 md:pt-0 border-t md:border-t-0 gizmo:border-t-0 dark:border-white\/20 md:border-transparent md:dark:border-transparent md:pl-2 gizmo:pl-0 gizmo:md:pl-0 md:w-[calc(100%-.5rem)] absolute bottom-0 left-0 md:bg-vert-light-gradient bg-white dark:bg-gray-800 md:!bg-transparent dark:md:bg-vert-dark-gradient\">\n<form class=\"stretch mx-2 flex flex-row gap-3 last:mb-2 md:mx-4 md:last:mb-6 lg:mx-auto lg:max-w-2xl xl:max-w-3xl\">\n<div class=\"relative flex h-full flex-1 items-stretch md:flex-col\">\n<div>\n<div class=\"h-full flex ml-1 md:w-full md:m-auto md:mb-4 gap-0 md:gap-2 justify-center\"><\/div>\n<\/div>\n<\/div>\n<\/form>\n<\/div>\n<p>&nbsp;<\/p>\n<p>&nbsp;<\/p>\n<p>&nbsp;<\/p>\n","protected":false},"excerpt":{"rendered":"<p>SCIVOLA NEL CANALE MENTRE SISTEMA I SACCHI DI SABBIA LUNGO IL TORRENTE RIU&#8217;, NON ERA IN SERVIZIO MA SVOLGEVA UN&#8217;IMPORTANTE OPERA DI VOLONTARIATO CON IL PADRE\u00a0 \u00a0 Nelle ultime ore, un dramma ha colpito la comunit\u00e0 di Bastia, in particolare la famiglia e i colleghi di Walter Locatello, un vigile del fuoco che stava svolgendo&hellip;<\/p>\n","protected":false},"author":4,"featured_media":359626,"comment_status":"closed","ping_status":"closed","sticky":false,"template":"","format":"standard","meta":{"_monsterinsights_skip_tracking":false,"_monsterinsights_sitenote_active":false,"_monsterinsights_sitenote_note":"","_monsterinsights_sitenote_category":0,"footnotes":""},"categories":[51,49],"tags":[],"class_list":["post-359621","post","type-post","status-publish","format-standard","has-post-thumbnail","hentry","category-evidenza-top","category-news-18","category-51","category-49","description-off"],"img_url":"https:\/\/www.radiopiu.net\/wordpress\/wp-content\/uploads\/2023\/11\/Senza-nome-4.png","_links":{"self":[{"href":"https:\/\/www.radiopiu.net\/wordpress\/wp-json\/wp\/v2\/posts\/359621","targetHints":{"allow":["GET"]}}],"collection":[{"href":"https:\/\/www.radiopiu.net\/wordpress\/wp-json\/wp\/v2\/posts"}],"about":[{"href":"https:\/\/www.radiopiu.net\/wordpress\/wp-json\/wp\/v2\/types\/post"}],"author":[{"embeddable":true,"href":"https:\/\/www.radiopiu.net\/wordpress\/wp-json\/wp\/v2\/users\/4"}],"replies":[{"embeddable":true,"href":"https:\/\/www.radiopiu.net\/wordpress\/wp-json\/wp\/v2\/comments?post=359621"}],"version-history":[{"count":0,"href":"https:\/\/www.radiopiu.net\/wordpress\/wp-json\/wp\/v2\/posts\/359621\/revisions"}],"wp:featuredmedia":[{"embeddable":true,"href":"https:\/\/www.radiopiu.net\/wordpress\/wp-json\/wp\/v2\/media\/359626"}],"wp:attachment":[{"href":"https:\/\/www.radiopiu.net\/wordpress\/wp-json\/wp\/v2\/media?parent=359621"}],"wp:term":[{"taxonomy":"category","embeddable":true,"href":"https:\/\/www.radiopiu.net\/wordpress\/wp-json\/wp\/v2\/categories?post=359621"},{"taxonomy":"post_tag","embeddable":true,"href":"https:\/\/www.radiopiu.net\/wordpress\/wp-json\/wp\/v2\/tags?post=359621"}],"curies":[{"name":"wp","href":"https:\/\/api.w.org\/{rel}","templated":true}]}}