{"id":359647,"date":"2023-11-03T05:33:06","date_gmt":"2023-11-03T04:33:06","guid":{"rendered":"https:\/\/www.radiopiu.net\/wordpress\/?p=359647"},"modified":"2023-11-03T16:37:10","modified_gmt":"2023-11-03T15:37:10","slug":"luxottica-vicina-al-dipendente-quasi-sempre","status":"publish","type":"post","link":"https:\/\/www.radiopiu.net\/wordpress\/luxottica-vicina-al-dipendente-quasi-sempre\/","title":{"rendered":"LUXOTTICA VICINA AL DIPENDENTE, QUASI SEMPRE."},"content":{"rendered":"<p><span style=\"color: #ff0000;\">VISTO DA FUORI<\/span><\/p>\n<p>di Mirko Mezzacasa<\/p>\n<p>&nbsp;<\/p>\n<p><strong><img loading=\"lazy\" decoding=\"async\" class=\"alignleft\" src=\"https:\/\/www.radiopiu.net\/wordpress\/wp-content\/uploads\/2018\/02\/LUXXX.jpeg\" width=\"255\" height=\"170\" \/>AGORDO<\/strong> Quando ieri leggendo il comunicato sindacale della commissione trasporti RSU Luxottica ho intravisto questa frase <em>&#8220;Abbiamo chiesto di ripristinare il servizio navetta, Luxottica risponde che i preventivi sono molto alti e insostenibili&#8221;<\/em>. E dov&#8217;\u00e8 la tanto declamata operazione\u00a0 Welfare? Quella che fa bene ai titoli in borsa per intenderci.\u00a0 E&#8217; sicuramente, visto il successo e la partecipazione di molti, nella festa per il family Day che abbiamo visto da fuori quest&#8217;estate. O nel panettone firmato. O per la prossima festa in Luxottica con ospiti che hanno preventivi, penso,\u00a0 piuttosto alti.<br \/>\nIl problema dei parcheggi in Valcozzena non \u00e8 un problema dell&#8217;azienda o dei suoi operai, \u00e8 un problema per tutta la comunit\u00e0. Per gli abitanti in frazione Valcozzena soffocati da lamiere luccicanti e parcheggi degli altri alla meno peggio. Per chi ha aperto un&#8217;attivit\u00e0 commerciale e deve lottare per avere qualche posto parcheggi per i clienti.<br \/>\nIl problema \u00e8 degli agordini in cerca di parcheggio nei giorni &#8220;caldi&#8221;,\u00a0 intasati dalle auto dei dipendenti che non trovano spazio in Valcozzena. Da Luxottica\u00a0 ci si aspetta un impegno per la risoluzione dei problemi, per rispetto dei lavoratori quotidianamente sanzionati, privi di un servizio, per rispetto di una citt\u00e0 che vorrebbe essere anche a disposizione degli altri, non solo di chi indossa il camice blu e non solo per la monocultura dell&#8217;occhiale, Agordo offre anche altro&#8230;parcheggi permettendo.<\/p>\n<p>&nbsp;<\/p>\n<p>___<\/p>\n","protected":false},"excerpt":{"rendered":"<p>VISTO DA FUORI di Mirko Mezzacasa &nbsp; AGORDO Quando ieri leggendo il comunicato sindacale della commissione trasporti RSU Luxottica ho intravisto questa frase &#8220;Abbiamo chiesto di ripristinare il servizio navetta, Luxottica risponde che i preventivi sono molto alti e insostenibili&#8221;. E dov&#8217;\u00e8 la tanto declamata operazione\u00a0 Welfare? Quella che fa bene ai titoli in borsa&hellip;<\/p>\n","protected":false},"author":4,"featured_media":43809,"comment_status":"closed","ping_status":"closed","sticky":false,"template":"","format":"standard","meta":{"_monsterinsights_skip_tracking":false,"_monsterinsights_sitenote_active":false,"_monsterinsights_sitenote_note":"","_monsterinsights_sitenote_category":0,"footnotes":""},"categories":[51,49],"tags":[],"class_list":["post-359647","post","type-post","status-publish","format-standard","has-post-thumbnail","hentry","category-evidenza-top","category-news-18","category-51","category-49","description-off"],"img_url":"https:\/\/www.radiopiu.net\/wordpress\/wp-content\/uploads\/2018\/02\/LUXXX.jpeg","_links":{"self":[{"href":"https:\/\/www.radiopiu.net\/wordpress\/wp-json\/wp\/v2\/posts\/359647","targetHints":{"allow":["GET"]}}],"collection":[{"href":"https:\/\/www.radiopiu.net\/wordpress\/wp-json\/wp\/v2\/posts"}],"about":[{"href":"https:\/\/www.radiopiu.net\/wordpress\/wp-json\/wp\/v2\/types\/post"}],"author":[{"embeddable":true,"href":"https:\/\/www.radiopiu.net\/wordpress\/wp-json\/wp\/v2\/users\/4"}],"replies":[{"embeddable":true,"href":"https:\/\/www.radiopiu.net\/wordpress\/wp-json\/wp\/v2\/comments?post=359647"}],"version-history":[{"count":0,"href":"https:\/\/www.radiopiu.net\/wordpress\/wp-json\/wp\/v2\/posts\/359647\/revisions"}],"wp:featuredmedia":[{"embeddable":true,"href":"https:\/\/www.radiopiu.net\/wordpress\/wp-json\/wp\/v2\/media\/43809"}],"wp:attachment":[{"href":"https:\/\/www.radiopiu.net\/wordpress\/wp-json\/wp\/v2\/media?parent=359647"}],"wp:term":[{"taxonomy":"category","embeddable":true,"href":"https:\/\/www.radiopiu.net\/wordpress\/wp-json\/wp\/v2\/categories?post=359647"},{"taxonomy":"post_tag","embeddable":true,"href":"https:\/\/www.radiopiu.net\/wordpress\/wp-json\/wp\/v2\/tags?post=359647"}],"curies":[{"name":"wp","href":"https:\/\/api.w.org\/{rel}","templated":true}]}}