{"id":359656,"date":"2023-11-03T03:31:00","date_gmt":"2023-11-03T02:31:00","guid":{"rendered":"https:\/\/www.radiopiu.net\/wordpress\/?p=359656"},"modified":"2023-11-03T06:31:33","modified_gmt":"2023-11-03T05:31:33","slug":"appia-cna-belluno-innovazione-e-nuove-frontiere-digitali-nelle-proposte-di-arredamont-2","status":"publish","type":"post","link":"https:\/\/www.radiopiu.net\/wordpress\/appia-cna-belluno-innovazione-e-nuove-frontiere-digitali-nelle-proposte-di-arredamont-2\/","title":{"rendered":"APPIA CNA BELLUNO: INNOVAZIONE E NUOVE FRONTIERE DIGITALI NELLE PROPOSTE DI ARREDAMONT"},"content":{"rendered":"<blockquote><p><em>IN FIERA DIVERSI FOCUS SUL SETTORE LEGNO, MA ANCHE SU TEMI DI INTERESSE PER PICCOLE-MEDIE IMPRESE\u00a0<\/em><\/p>\n<p>&nbsp;<\/p>\n<p><strong>APPIA AD ARREDAMONT<\/strong>: oggi alle 15 in Sala Convegni, c\u2019\u00e8 attesa per la tavola rotonda \u201cRicostruiamo la filiera del legno\u201d che affronta la tematica centrale di Arredamont 2023. oggi alla radio: MARTA POLETTI, responsabile categorie APPIA CNA<\/p>\n<audio class=\"wp-audio-shortcode\" id=\"audio-359656-1\" preload=\"none\" style=\"width: 100%;\" controls=\"controls\"><source type=\"audio\/mpeg\" src=\"https:\/\/www.radiopiu.net\/wordpress\/wp-content\/uploads\/2023\/11\/marta-poletti.mp3?_=1\" \/><a href=\"https:\/\/www.radiopiu.net\/wordpress\/wp-content\/uploads\/2023\/11\/marta-poletti.mp3\">https:\/\/www.radiopiu.net\/wordpress\/wp-content\/uploads\/2023\/11\/marta-poletti.mp3<\/a><\/audio>\n<p>&nbsp;<\/p>\n<p>&nbsp;<\/p>\n<p>&nbsp;<\/p><\/blockquote>\n<p><img loading=\"lazy\" decoding=\"async\" class=\"alignleft\" src=\"https:\/\/www.radiopiu.net\/wordpress\/wp-content\/uploads\/2023\/10\/Visita-allo-stand-Appia-CNA-Belluno-ad-Arredamont-delle-istituzioni-scaled.jpeg\" width=\"295\" height=\"197\" \/><span style=\"color: #ff0000;\"><strong>GLI APPUNTAMENTI<\/strong><\/span><\/p>\n<p><strong>Venerd\u00ec 3<\/strong>, alle 15 in Sala Convegni, c\u2019\u00e8 attesa per la <strong>tavola rotonda \u201cRicostruiamo la filiera del legno\u201d<\/strong> che affronta la tematica centrale di Arredamont 2023. \u00abLa valorizzazione del settore del mobile italiano e della bioedilizia, che ci vede tra i paesi leader in Europa e nel mondo, e di cui il territorio bellunese rappresenta una fetta d\u2019eccellenza, deve passare dalla creazione di una filiera del legno virtuosa per avere una maggiore capacit\u00e0 autonoma di produzione di qualit\u00e0. Economia, gestione e salvaguardia delle foreste sono le parole chiave per riconnettere in sinergia tutti i soggetti della filiera del bosco-legno nazionale, attraverso la sfida del Cluster Italia Foresta Legno\u00bb spiegano i promotori.<\/p>\n<p>Sar\u00e0 invece <strong>l\u2019intelligenza artificiale<\/strong> il focus dell\u2019incontro di <strong>sabato 4<\/strong>, alle 10.30 sempre in Sala Convegni, ma soprattutto la sua applicazione nell\u2019ambito delle imprese artigiane, illustrata per la prima volta nel Bellunese con l\u2019obiettivo di informare le aziende e i giovani su come intrepretare e governare l\u2019evoluzione digitale. Questo inedito confronto sulle potenzialit\u00e0 e lo sviluppo delle nuove frontiere digitali vedr\u00e0 come relatori Jonni Malacarne, Ceo di Bluetensor, e Stefano Schiavo, fondatore di Sharazad, realt\u00e0 rispettivamente trentina e veneta, entrambe leader sui temi proposti.<\/p>\n<p>Sempre <strong>sabato 4<\/strong>, ma alle 15 presso lo stand di Appia (padiglione C \/ corsia R \/ stand 11\/13) saranno coinvolti, in particolare, giovani imprenditori nell\u2019incontro su \u201d<strong>Comunicazione &amp; social<\/strong>: ruolo dei social per l\u2019impresa artigiana\u201d, che ospiter\u00e0 un confronto con il formatore Paolo Largo e l\u2019influencer Massimo Barco (alcuni suoi divertenti video promossi in un progetto congiunto con Appia CNA Belluno sono gi\u00e0 virali sui social) sulle opportunit\u00e0 dei social network per la promozione e la crescita delle imprese.<\/p>\n<p>Si chiude <strong>domenica 5<\/strong>, alle 11 presso lo stand, tornando al tema centrale della fiera, con il convegno \u201c<strong>Frontiere dell\u2019occupazione femminile nella manifattura artigiana del legno<\/strong>\u201d, un confronto promosso dal Comitato Impresa Donna di Appia CNA Belluno. Protagonista dunque il mondo femminile in un interessante approfondimento che coinvolger\u00e0 anche alcuni istituti scolastici bellunesi.<\/p>\n<p>&nbsp;<\/p>\n","protected":false},"excerpt":{"rendered":"<p>IN FIERA DIVERSI FOCUS SUL SETTORE LEGNO, MA ANCHE SU TEMI DI INTERESSE PER PICCOLE-MEDIE IMPRESE\u00a0 &nbsp; APPIA AD ARREDAMONT: oggi alle 15 in Sala Convegni, c\u2019\u00e8 attesa per la tavola rotonda \u201cRicostruiamo la filiera del legno\u201d che affronta la tematica centrale di Arredamont 2023. oggi alla radio: MARTA POLETTI, responsabile categorie APPIA CNA &nbsp;&hellip;<\/p>\n","protected":false},"author":4,"featured_media":304587,"comment_status":"closed","ping_status":"closed","sticky":false,"template":"","format":"standard","meta":{"_monsterinsights_skip_tracking":false,"_monsterinsights_sitenote_active":false,"_monsterinsights_sitenote_note":"","_monsterinsights_sitenote_category":0,"footnotes":""},"categories":[104,49],"tags":[],"class_list":["post-359656","post","type-post","status-publish","format-standard","has-post-thumbnail","hentry","category-evidenza_3","category-news-18","category-104","category-49","description-off"],"img_url":"https:\/\/www.radiopiu.net\/wordpress\/wp-content\/uploads\/2022\/11\/th-4.jpg","_links":{"self":[{"href":"https:\/\/www.radiopiu.net\/wordpress\/wp-json\/wp\/v2\/posts\/359656","targetHints":{"allow":["GET"]}}],"collection":[{"href":"https:\/\/www.radiopiu.net\/wordpress\/wp-json\/wp\/v2\/posts"}],"about":[{"href":"https:\/\/www.radiopiu.net\/wordpress\/wp-json\/wp\/v2\/types\/post"}],"author":[{"embeddable":true,"href":"https:\/\/www.radiopiu.net\/wordpress\/wp-json\/wp\/v2\/users\/4"}],"replies":[{"embeddable":true,"href":"https:\/\/www.radiopiu.net\/wordpress\/wp-json\/wp\/v2\/comments?post=359656"}],"version-history":[{"count":0,"href":"https:\/\/www.radiopiu.net\/wordpress\/wp-json\/wp\/v2\/posts\/359656\/revisions"}],"wp:featuredmedia":[{"embeddable":true,"href":"https:\/\/www.radiopiu.net\/wordpress\/wp-json\/wp\/v2\/media\/304587"}],"wp:attachment":[{"href":"https:\/\/www.radiopiu.net\/wordpress\/wp-json\/wp\/v2\/media?parent=359656"}],"wp:term":[{"taxonomy":"category","embeddable":true,"href":"https:\/\/www.radiopiu.net\/wordpress\/wp-json\/wp\/v2\/categories?post=359656"},{"taxonomy":"post_tag","embeddable":true,"href":"https:\/\/www.radiopiu.net\/wordpress\/wp-json\/wp\/v2\/tags?post=359656"}],"curies":[{"name":"wp","href":"https:\/\/api.w.org\/{rel}","templated":true}]}}