{"id":359674,"date":"2023-11-03T07:38:27","date_gmt":"2023-11-03T06:38:27","guid":{"rendered":"https:\/\/www.radiopiu.net\/wordpress\/?p=359674"},"modified":"2023-11-03T07:52:51","modified_gmt":"2023-11-03T06:52:51","slug":"ultimora-chiusa-la-strada-per-caracoi","status":"publish","type":"post","link":"https:\/\/www.radiopiu.net\/wordpress\/ultimora-chiusa-la-strada-per-caracoi\/","title":{"rendered":"ULTIM&#8217;ORA: CHIUSA LA STRADA PER CARACOI"},"content":{"rendered":"<p><strong><img decoding=\"async\" src=\"https:\/\/www.radiopiu.net\/wordpress\/wp-content\/uploads\/2023\/11\/371541726_1842862689461893_3325287545339803027_n.jpg\" \/>ROCCA PIETORE<\/strong> Una frana di non grandi dimensioni ha ostruito la strada per Caracoi che non \u00e8 quindi percorribile. &#8220;In giornata capiremo se \u00e8 possibile ripristinare la viabilit\u00e0&#8221;, ricorda il sindaco Andrea De Bernardin.<\/p>\n<p><strong>ALLEGHE<\/strong> Ieri i pompieri di Caprile sono\u00a0intervenuti su richiesta della sala operativa del Comando VVF di Belluno per un sopralluogo di alcuni elementi rocciosi a Digonera e per la rimozione di alberi e detriti che ostruivano la sede stradale a Saviner di Calloneghe.<\/p>\n<p><strong>COLLE SANTA LUCIA<\/strong> Ieri, poco prima delle 12 i pompieri di Colle Santa Lucia sono stati allertati dalla Sala Operativa del Comando VVF di Belluno per un lavaggio sede stradale a seguito di una fuoriuscita di gasolio lungo la SR203 Sul posto anche i volontari di Caprile ed i permanenti di Agordo.<\/p>\n\n\t\t\t<style type='text\/css'>\n\t\t\t\t#gallery-1 {\n\t\t\t\t\tmargin: auto;\n\t\t\t\t}\n\t\t\t\t#gallery-1 .gallery-item {\n\t\t\t\t\tfloat: left;\n\t\t\t\t\tmargin-top: 10px;\n\t\t\t\t\ttext-align: center;\n\t\t\t\t\twidth: 50%;\n\t\t\t\t}\n\t\t\t\t#gallery-1 img {\n\t\t\t\t\tborder: 2px solid #cfcfcf;\n\t\t\t\t}\n\t\t\t\t#gallery-1 .gallery-caption {\n\t\t\t\t\tmargin-left: 0;\n\t\t\t\t}\n\t\t\t\t\/* see gallery_shortcode() in wp-includes\/media.php *\/\n\t\t\t<\/style>\n\t\t<div id='gallery-1' class='dt-gallery-container gallery galleryid-359674 gallery-columns-2 gallery-size-thumbnail'><dl class='gallery-item'>\n\t\t\t\t<dt class='gallery-icon portrait'>\n\t\t\t\t\t<a class=\"rollover rollover-zoom dt-pswp-item\" title=\"396714460_728272229342763_4179311677408177927_n\" data-dt-img-description=\"\" data-large_image_width=\"526\" data-large_image_height=\"701\"href='https:\/\/www.radiopiu.net\/wordpress\/wp-content\/uploads\/2023\/11\/396714460_728272229342763_4179311677408177927_n.jpg'><img loading=\"lazy\" decoding=\"async\" width=\"150\" height=\"150\" src=\"https:\/\/www.radiopiu.net\/wordpress\/wp-content\/uploads\/2023\/11\/396714460_728272229342763_4179311677408177927_n-150x150.jpg\" class=\"attachment-thumbnail size-thumbnail\" alt=\"\" aria-describedby=\"gallery-1-359675\" \/><\/a>\n\t\t\t\t<\/dt>\n\t\t\t\t\t<dd class='wp-caption-text gallery-caption' id='gallery-1-359675'>\n\t\t\t\t\tPOMPIERI CAPRILE\n\t\t\t\t\t<\/dd><\/dl><dl class='gallery-item'>\n\t\t\t\t<dt class='gallery-icon landscape'>\n\t\t\t\t\t<a class=\"rollover rollover-zoom dt-pswp-item\" title=\"398912940_750016677156561_2909931068791139714_n\" data-dt-img-description=\"\" data-large_image_width=\"1197\" data-large_image_height=\"540\"href='https:\/\/www.radiopiu.net\/wordpress\/wp-content\/uploads\/2023\/11\/398912940_750016677156561_2909931068791139714_n.jpg'><img loading=\"lazy\" decoding=\"async\" width=\"150\" height=\"150\" src=\"https:\/\/www.radiopiu.net\/wordpress\/wp-content\/uploads\/2023\/11\/398912940_750016677156561_2909931068791139714_n-150x150.jpg\" class=\"attachment-thumbnail size-thumbnail\" alt=\"\" aria-describedby=\"gallery-1-359677\" \/><\/a>\n\t\t\t\t<\/dt>\n\t\t\t\t\t<dd class='wp-caption-text gallery-caption' id='gallery-1-359677'>\n\t\t\t\t\tPOMPIERI COLLE\n\t\t\t\t\t<\/dd><\/dl><br style=\"clear: both\" \/>\n\t\t\t<\/div>\n\n<p>&nbsp;<\/p>\n<p>____<\/p>\n","protected":false},"excerpt":{"rendered":"<p>ROCCA PIETORE Una frana di non grandi dimensioni ha ostruito la strada per Caracoi che non \u00e8 quindi percorribile. &#8220;In giornata capiremo se \u00e8 possibile ripristinare la viabilit\u00e0&#8221;, ricorda il sindaco Andrea De Bernardin. ALLEGHE Ieri i pompieri di Caprile sono\u00a0intervenuti su richiesta della sala operativa del Comando VVF di Belluno per un sopralluogo di&hellip;<\/p>\n","protected":false},"author":4,"featured_media":359681,"comment_status":"closed","ping_status":"closed","sticky":false,"template":"","format":"standard","meta":{"_monsterinsights_skip_tracking":false,"_monsterinsights_sitenote_active":false,"_monsterinsights_sitenote_note":"","_monsterinsights_sitenote_category":0,"footnotes":""},"categories":[51,49],"tags":[],"class_list":["post-359674","post","type-post","status-publish","format-standard","has-post-thumbnail","hentry","category-evidenza-top","category-news-18","category-51","category-49","description-off"],"img_url":"https:\/\/www.radiopiu.net\/wordpress\/wp-content\/uploads\/2023\/11\/371541726_1842862689461893_3325287545339803027_n.jpg","_links":{"self":[{"href":"https:\/\/www.radiopiu.net\/wordpress\/wp-json\/wp\/v2\/posts\/359674","targetHints":{"allow":["GET"]}}],"collection":[{"href":"https:\/\/www.radiopiu.net\/wordpress\/wp-json\/wp\/v2\/posts"}],"about":[{"href":"https:\/\/www.radiopiu.net\/wordpress\/wp-json\/wp\/v2\/types\/post"}],"author":[{"embeddable":true,"href":"https:\/\/www.radiopiu.net\/wordpress\/wp-json\/wp\/v2\/users\/4"}],"replies":[{"embeddable":true,"href":"https:\/\/www.radiopiu.net\/wordpress\/wp-json\/wp\/v2\/comments?post=359674"}],"version-history":[{"count":0,"href":"https:\/\/www.radiopiu.net\/wordpress\/wp-json\/wp\/v2\/posts\/359674\/revisions"}],"wp:featuredmedia":[{"embeddable":true,"href":"https:\/\/www.radiopiu.net\/wordpress\/wp-json\/wp\/v2\/media\/359681"}],"wp:attachment":[{"href":"https:\/\/www.radiopiu.net\/wordpress\/wp-json\/wp\/v2\/media?parent=359674"}],"wp:term":[{"taxonomy":"category","embeddable":true,"href":"https:\/\/www.radiopiu.net\/wordpress\/wp-json\/wp\/v2\/categories?post=359674"},{"taxonomy":"post_tag","embeddable":true,"href":"https:\/\/www.radiopiu.net\/wordpress\/wp-json\/wp\/v2\/tags?post=359674"}],"curies":[{"name":"wp","href":"https:\/\/api.w.org\/{rel}","templated":true}]}}