{"id":359734,"date":"2023-11-04T05:10:31","date_gmt":"2023-11-04T04:10:31","guid":{"rendered":"https:\/\/www.radiopiu.net\/wordpress\/?p=359734"},"modified":"2023-11-04T05:33:50","modified_gmt":"2023-11-04T04:33:50","slug":"maltempo-il-punto-sintetizzato-dallassessore-gianpaolo-bottacin","status":"publish","type":"post","link":"https:\/\/www.radiopiu.net\/wordpress\/maltempo-il-punto-sintetizzato-dallassessore-gianpaolo-bottacin\/","title":{"rendered":"MALTEMPO, IL PUNTO SINTETIZZATO DALL&#8217;ASSESSORE GIANPAOLO BOTTACIN"},"content":{"rendered":"<p>&nbsp;<\/p>\n<p><strong>VIDEO\u00a0<\/strong><\/p>\n<div style=\"width: 1200px;\" class=\"wp-video\"><video class=\"wp-video-shortcode\" id=\"video-359734-1\" width=\"1200\" height=\"675\" preload=\"metadata\" controls=\"controls\"><source type=\"video\/mp4\" src=\"https:\/\/www.radiopiu.net\/wordpress\/wp-content\/uploads\/2023\/11\/WhatsApp-Video-2023-11-03-at-13.05.58.mp4?_=1\" \/><a href=\"https:\/\/www.radiopiu.net\/wordpress\/wp-content\/uploads\/2023\/11\/WhatsApp-Video-2023-11-03-at-13.05.58.mp4\">https:\/\/www.radiopiu.net\/wordpress\/wp-content\/uploads\/2023\/11\/WhatsApp-Video-2023-11-03-at-13.05.58.mp4<\/a><\/video><\/div>\n<p><strong>BOLLETTINO valido dalle ore 12.00 alle ore 18:00 del 03.11.2023<\/strong><\/p>\n<p>Situazione dalle ore 6 alle ore 10 di venerd\u00ec 3 novembre (NB: si riportano dati in tempo reale, non validati)<br \/>\nA inizio periodo precipitazioni assenti su buona parte della pianura, sparse su zone montane e pedemontane; in<br \/>\nseguito ripresa delle precipitazioni a partire da ovest, con fenomeni anche diffusi sulla pianura occidentale e centro-<br \/>\nsettentrionale e sulle Prealpi centro-occidentali, anche a carattere di rovescio e temporale. I quantitativi non sono<br \/>\nrisultati significativi (15-17 mm\/3h, tra le ore 7 e le ore 10, sulle Prealpi Vicentine). Il limite della neve \u00e8 stato<br \/>\nmediamente intorno ai 1500\/1600m. <strong>Situazione attuale <\/strong>Precipitazioni sparse, a tratti diffuse sui settori settentrionali anche a carattere di rovescio e temporale. Venti in pianura da sud-ovest tesi, a tratti forti, sui settori centro-meridionali e sulla costa, deboli\/moderati altrove. Venti in quota sulle Prealpi centro-orientali da sud\/sud-ovest forti. Limite della neve intorno ai 1400\/1500m. <strong>Situazione prevista <\/strong>Previsione dalle ore 11 alle ore 14 di venerd\u00ec 3 novembre Saranno ancora probabili precipitazioni a carattere sparso, a tratti diffuse, in genere di modesta entit\u00e0, salvo locali rovesci o temporali. Il limite della neve sar\u00e0 intorno ai 1300\/1500 m. I venti in pianura permarranno dai quadranti occidentali, con intensit\u00e0 moderata\/tesa nell\u2019entroterra, tesa, a tratti forte, sui settori centro-meridionali e sulla costa. Venti in quota in temporaneo rinforzo dai quadranti settentrionali.<br \/>\nTendenza dalle ore 14 alle ore 17 di venerd\u00ec 3 novembre Tendenza a progressivo esaurimento delle precipitazioni a partire dai settori occidentali;<\/p>\n<p>&nbsp;<\/p>\n<p align=\"CENTER\"><span style=\"font-size: large;\"><span lang=\"it-IT\"><b>EMERGENZA METEO 30 OTTOBRE \u2013 3 NOVEMBRE<\/b><\/span><\/span><\/p>\n<p lang=\"pt-BR\" align=\"CENTER\"><span style=\"color: #00000a;\"><span style=\"font-family: Calibri, serif;\"><span style=\"font-size: small;\"><span style=\"font-size: large;\"><span lang=\"it-IT\"><b>Sindaco Oscar De Pellegrin: \u201cGrande dispiego di forze sul territorio, tutto \u00e8 andato bene\u201d<\/b><\/span><\/span><\/span><\/span><\/span><\/p>\n<p align=\"JUSTIFY\"><em>\u201c<\/em><span style=\"font-family: Arial, serif;\"><span style=\"font-size: large;\"><em>L\u2019emergenza \u00e8 stata superata e non abbiamo avuto grossi danni<\/em>.<em> Il dispiegamento di forze in campo \u00e8 stato importante, in 4 giorni sono stati macinati chilometri e chilometri, il territorio \u00e8 stato passato al setaccio e nessun\u2019area di rischio \u00e8 stata tralasciata.<\/em> Cos\u00ec il sindaco di Belluno, Oscar De Pellegrin, a margine dell\u2019emergenza meteo.\u00a0<\/span><\/span><span style=\"color: #050505;\"><span style=\"font-family: Arial, serif;\"><span style=\"font-size: large;\">Resta la criticit\u00e0 lungo la strada delle Fosse e in via Medil, dove la via che serve alcune abitazioni, un\u2019azienda agricola e il Cas che ospita 17 migranti \u00e8 franata in un punto e al momento vige il divieto, per motivi di sicurezza, del transito con i mezzi. <\/span><\/span><\/span><span style=\"font-size: large; font-family: Arial, serif; color: #050505;\">Sul territorio sono state dispiegate sei squadre di Protezione Civile, una ventina di uomini in tutto, ai quali si sono aggiunti gli agenti del Comando di polizia locale e il gruppo Ana.<\/span><\/p>\n<p>&nbsp;<\/p>\n<p>&nbsp;<\/p>\n<hr \/>\n<p>&nbsp;<\/p>\n","protected":false},"excerpt":{"rendered":"<p>&nbsp; VIDEO\u00a0 BOLLETTINO valido dalle ore 12.00 alle ore 18:00 del 03.11.2023 Situazione dalle ore 6 alle ore 10 di venerd\u00ec 3 novembre (NB: si riportano dati in tempo reale, non validati) A inizio periodo precipitazioni assenti su buona parte della pianura, sparse su zone montane e pedemontane; in seguito ripresa delle precipitazioni a partire&hellip;<\/p>\n","protected":false},"author":4,"featured_media":359739,"comment_status":"closed","ping_status":"closed","sticky":false,"template":"","format":"standard","meta":{"_monsterinsights_skip_tracking":false,"_monsterinsights_sitenote_active":false,"_monsterinsights_sitenote_note":"","_monsterinsights_sitenote_category":0,"footnotes":""},"categories":[51,49],"tags":[],"class_list":["post-359734","post","type-post","status-publish","format-standard","has-post-thumbnail","hentry","category-evidenza-top","category-news-18","category-51","category-49","description-off"],"img_url":"https:\/\/www.radiopiu.net\/wordpress\/wp-content\/uploads\/2023\/11\/Senza-nome-10.png","_links":{"self":[{"href":"https:\/\/www.radiopiu.net\/wordpress\/wp-json\/wp\/v2\/posts\/359734","targetHints":{"allow":["GET"]}}],"collection":[{"href":"https:\/\/www.radiopiu.net\/wordpress\/wp-json\/wp\/v2\/posts"}],"about":[{"href":"https:\/\/www.radiopiu.net\/wordpress\/wp-json\/wp\/v2\/types\/post"}],"author":[{"embeddable":true,"href":"https:\/\/www.radiopiu.net\/wordpress\/wp-json\/wp\/v2\/users\/4"}],"replies":[{"embeddable":true,"href":"https:\/\/www.radiopiu.net\/wordpress\/wp-json\/wp\/v2\/comments?post=359734"}],"version-history":[{"count":0,"href":"https:\/\/www.radiopiu.net\/wordpress\/wp-json\/wp\/v2\/posts\/359734\/revisions"}],"wp:featuredmedia":[{"embeddable":true,"href":"https:\/\/www.radiopiu.net\/wordpress\/wp-json\/wp\/v2\/media\/359739"}],"wp:attachment":[{"href":"https:\/\/www.radiopiu.net\/wordpress\/wp-json\/wp\/v2\/media?parent=359734"}],"wp:term":[{"taxonomy":"category","embeddable":true,"href":"https:\/\/www.radiopiu.net\/wordpress\/wp-json\/wp\/v2\/categories?post=359734"},{"taxonomy":"post_tag","embeddable":true,"href":"https:\/\/www.radiopiu.net\/wordpress\/wp-json\/wp\/v2\/tags?post=359734"}],"curies":[{"name":"wp","href":"https:\/\/api.w.org\/{rel}","templated":true}]}}