{"id":359825,"date":"2023-11-04T04:32:33","date_gmt":"2023-11-04T03:32:33","guid":{"rendered":"https:\/\/www.radiopiu.net\/wordpress\/?p=359825"},"modified":"2023-11-04T06:32:52","modified_gmt":"2023-11-04T05:32:52","slug":"il-giorno-dellintelligenza-artificiale-a-longarone-fiere","status":"publish","type":"post","link":"https:\/\/www.radiopiu.net\/wordpress\/il-giorno-dellintelligenza-artificiale-a-longarone-fiere\/","title":{"rendered":"IL GIORNO DELL&#8217;INTELLIGENZA ARTIFICIALE A LONGARONE FIERE"},"content":{"rendered":"<blockquote>\n<h3>APPIA CNA BELLUNO: INNOVAZIONE E NUOVE FRONTIERE DIGITALI NELLE PROPOSTE DI ARREDAMONT<\/h3>\n<p><em>IN FIERA DIVERSI FOCUS SUL SETTORE LEGNO, MA ANCHE SU TEMI DI INTERESSE PER PICCOLE-MEDIE IMPRESE<\/em><\/p><\/blockquote>\n<p><img loading=\"lazy\" decoding=\"async\" class=\"alignleft\" src=\"https:\/\/www.radiopiu.net\/wordpress\/wp-content\/uploads\/2023\/10\/Visita-allo-stand-Appia-CNA-Belluno-ad-Arredamont-delle-istituzioni-scaled.jpeg\" width=\"295\" height=\"197\" \/><strong>GLI APPUNTAMENTI<\/strong><\/p>\n<p>Sar\u00e0\u00a0<strong>l\u2019intelligenza artificiale<\/strong>\u00a0il focus dell\u2019incontro di\u00a0<strong>OGGI<\/strong>, alle 10.30 in Sala Convegni, ma soprattutto la sua applicazione nell\u2019ambito delle imprese artigiane, illustrata per la prima volta nel Bellunese con l\u2019obiettivo di informare le aziende e i giovani su come intrepretare e governare l\u2019evoluzione digitale. Questo inedito confronto sulle potenzialit\u00e0 e lo sviluppo delle nuove frontiere digitali vedr\u00e0 come relatori Jonni Malacarne, Ceo di Bluetensor, e Stefano Schiavo, fondatore di Sharazad, realt\u00e0 rispettivamente trentina e veneta, entrambe leader sui temi proposti.<\/p>\n<p><strong>MARTA POLETTI, RESPONSABILE CATEGORIE APPIA<\/strong><\/p>\n<audio class=\"wp-audio-shortcode\" id=\"audio-359825-1\" preload=\"none\" style=\"width: 100%;\" controls=\"controls\"><source type=\"audio\/mpeg\" src=\"https:\/\/www.radiopiu.net\/wordpress\/wp-content\/uploads\/2023\/11\/Primo-Intelligenza-Artificiale-Social.mp3?_=1\" \/><a href=\"https:\/\/www.radiopiu.net\/wordpress\/wp-content\/uploads\/2023\/11\/Primo-Intelligenza-Artificiale-Social.mp3\">https:\/\/www.radiopiu.net\/wordpress\/wp-content\/uploads\/2023\/11\/Primo-Intelligenza-Artificiale-Social.mp3<\/a><\/audio>\n<div id=\"mep_9\" class=\"mejs-container mejs-container-keyboard-inactive wp-audio-shortcode mejs-audio\" tabindex=\"0\" role=\"application\" aria-label=\"Audio Player\">\n<div class=\"mejs-inner\">\n<div class=\"mejs-controls\"><\/div>\n<\/div>\n<\/div>\n<p>&nbsp;<\/p>\n<p>Sempre\u00a0<strong>sabato 4<\/strong>, ma alle 15 presso lo stand di Appia (padiglione C \/ corsia R \/ stand 11\/13) saranno coinvolti, in particolare, giovani imprenditori nell\u2019incontro su \u201d<strong>Comunicazione &amp; social<\/strong>: ruolo dei social per l\u2019impresa artigiana\u201d, che ospiter\u00e0 un confronto con il formatore Paolo Largo e l\u2019influencer Massimo Barco (alcuni suoi divertenti video promossi in un progetto congiunto con Appia CNA Belluno sono gi\u00e0 virali sui social) sulle opportunit\u00e0 dei social network per la promozione e la crescita delle imprese.<\/p>\n<p>Si chiude\u00a0<strong>domenica 5<\/strong>, alle 11 presso lo stand, tornando al tema centrale della fiera, con il convegno \u201c<strong>Frontiere dell\u2019occupazione femminile nella manifattura artigiana del legno<\/strong>\u201d, un confronto promosso dal Comitato Impresa Donna di Appia CNA Belluno. Protagonista dunque il mondo femminile in un interessante approfondimento che coinvolger\u00e0 anche alcuni istituti scolastici bellunesi.<\/p>\n<p>&nbsp;<\/p>\n<p>&nbsp;<\/p>\n<hr \/>\n<p>&nbsp;<\/p>\n","protected":false},"excerpt":{"rendered":"<p>APPIA CNA BELLUNO: INNOVAZIONE E NUOVE FRONTIERE DIGITALI NELLE PROPOSTE DI ARREDAMONT IN FIERA DIVERSI FOCUS SUL SETTORE LEGNO, MA ANCHE SU TEMI DI INTERESSE PER PICCOLE-MEDIE IMPRESE GLI APPUNTAMENTI Sar\u00e0\u00a0l\u2019intelligenza artificiale\u00a0il focus dell\u2019incontro di\u00a0OGGI, alle 10.30 in Sala Convegni, ma soprattutto la sua applicazione nell\u2019ambito delle imprese artigiane, illustrata per la prima volta nel&hellip;<\/p>\n","protected":false},"author":4,"featured_media":304587,"comment_status":"closed","ping_status":"closed","sticky":false,"template":"","format":"standard","meta":{"_monsterinsights_skip_tracking":false,"_monsterinsights_sitenote_active":false,"_monsterinsights_sitenote_note":"","_monsterinsights_sitenote_category":0,"footnotes":""},"categories":[104],"tags":[],"class_list":["post-359825","post","type-post","status-publish","format-standard","has-post-thumbnail","hentry","category-evidenza_3","category-104","description-off"],"img_url":"https:\/\/www.radiopiu.net\/wordpress\/wp-content\/uploads\/2022\/11\/th-4.jpg","_links":{"self":[{"href":"https:\/\/www.radiopiu.net\/wordpress\/wp-json\/wp\/v2\/posts\/359825","targetHints":{"allow":["GET"]}}],"collection":[{"href":"https:\/\/www.radiopiu.net\/wordpress\/wp-json\/wp\/v2\/posts"}],"about":[{"href":"https:\/\/www.radiopiu.net\/wordpress\/wp-json\/wp\/v2\/types\/post"}],"author":[{"embeddable":true,"href":"https:\/\/www.radiopiu.net\/wordpress\/wp-json\/wp\/v2\/users\/4"}],"replies":[{"embeddable":true,"href":"https:\/\/www.radiopiu.net\/wordpress\/wp-json\/wp\/v2\/comments?post=359825"}],"version-history":[{"count":0,"href":"https:\/\/www.radiopiu.net\/wordpress\/wp-json\/wp\/v2\/posts\/359825\/revisions"}],"wp:featuredmedia":[{"embeddable":true,"href":"https:\/\/www.radiopiu.net\/wordpress\/wp-json\/wp\/v2\/media\/304587"}],"wp:attachment":[{"href":"https:\/\/www.radiopiu.net\/wordpress\/wp-json\/wp\/v2\/media?parent=359825"}],"wp:term":[{"taxonomy":"category","embeddable":true,"href":"https:\/\/www.radiopiu.net\/wordpress\/wp-json\/wp\/v2\/categories?post=359825"},{"taxonomy":"post_tag","embeddable":true,"href":"https:\/\/www.radiopiu.net\/wordpress\/wp-json\/wp\/v2\/tags?post=359825"}],"curies":[{"name":"wp","href":"https:\/\/api.w.org\/{rel}","templated":true}]}}