{"id":359864,"date":"2023-11-06T05:29:12","date_gmt":"2023-11-06T04:29:12","guid":{"rendered":"https:\/\/www.radiopiu.net\/wordpress\/?p=359864"},"modified":"2023-11-06T08:36:27","modified_gmt":"2023-11-06T07:36:27","slug":"giornale-radiopiu-06-novembre-2023-direttore-mirko-mezzacasada-40-anni-25-giugno-1983-25-giugno-2023","status":"publish","type":"post","link":"https:\/\/www.radiopiu.net\/wordpress\/giornale-radiopiu-06-novembre-2023-direttore-mirko-mezzacasada-40-anni-25-giugno-1983-25-giugno-2023\/","title":{"rendered":"GIORNALE RADIOPIU 06 NOVEMBRE 2023 DIRETTORE MIRKO MEZZACASA\u2026DA 40 ANNI 25 GIUGNO 1983-25 GIUGNO 2023"},"content":{"rendered":"<h1 class=\"entry-title photoswipe-wrapper\">40esimo di RADIOPIU\u2026. LA VOCE DELL\u2019EMOZIONE<\/h1>\n<h2><span style=\"color: #ff0000;\">ISCRIVITI AL NOSTRO CANALE\u00a0\u00a0YOUTUBE PER SEGUIRE IN DIRETTA I PRINCIPALI PROGRAMMI DI RADIO PIU\u2019 E LE FUTURE DIRETTE IN ESTERNA. PER ISCRIVERTI <a style=\"color: #ff0000;\" href=\"https:\/\/youtube.com\/@radiopiu1527\">CLICCA QUI\u00a0<\/a>E PREMI\u00a0 \u201cIscriviti\u201d\u00a0<\/span><\/h2>\n<p>&nbsp;<\/p>\n<hr \/>\n<p>&nbsp;<\/p>\n<blockquote>\n<h3>LA PRIMA NEVE, SULLE PISTE &#8220;CANNONI&#8221; ACCESI. PIAZZA BIANCA ANCHE A CANALE D&#8217;AGORDO (foto Eros) da viabilita&#8217; provincia belluno VPB<\/h3>\n<\/blockquote>\n\n\t\t\t<style type='text\/css'>\n\t\t\t\t#gallery-1 {\n\t\t\t\t\tmargin: auto;\n\t\t\t\t}\n\t\t\t\t#gallery-1 .gallery-item {\n\t\t\t\t\tfloat: left;\n\t\t\t\t\tmargin-top: 10px;\n\t\t\t\t\ttext-align: center;\n\t\t\t\t\twidth: 33%;\n\t\t\t\t}\n\t\t\t\t#gallery-1 img {\n\t\t\t\t\tborder: 2px solid #cfcfcf;\n\t\t\t\t}\n\t\t\t\t#gallery-1 .gallery-caption {\n\t\t\t\t\tmargin-left: 0;\n\t\t\t\t}\n\t\t\t\t\/* see gallery_shortcode() in wp-includes\/media.php *\/\n\t\t\t<\/style>\n\t\t<div id='gallery-1' class='dt-gallery-container gallery galleryid-359864 gallery-columns-3 gallery-size-thumbnail'><dl class='gallery-item'>\n\t\t\t\t<dt class='gallery-icon landscape'>\n\t\t\t\t\t<a class=\"rollover rollover-zoom dt-pswp-item\" title=\"9ea8914f-1265-465f-8963-e02fced082b3\" data-dt-img-description=\"\" data-large_image_width=\"1280\" data-large_image_height=\"591\"href='https:\/\/www.radiopiu.net\/wordpress\/wp-content\/uploads\/2023\/11\/9ea8914f-1265-465f-8963-e02fced082b3.jpg'><img loading=\"lazy\" decoding=\"async\" width=\"150\" height=\"150\" src=\"https:\/\/www.radiopiu.net\/wordpress\/wp-content\/uploads\/2023\/11\/9ea8914f-1265-465f-8963-e02fced082b3-150x150.jpg\" class=\"attachment-thumbnail size-thumbnail\" alt=\"\" \/><\/a>\n\t\t\t\t<\/dt><\/dl><dl class='gallery-item'>\n\t\t\t\t<dt class='gallery-icon landscape'>\n\t\t\t\t\t<a class=\"rollover rollover-zoom dt-pswp-item\" title=\"95ed9d69-4582-4a42-b7f1-23627b44895a\" data-dt-img-description=\"\" data-large_image_width=\"1280\" data-large_image_height=\"960\"href='https:\/\/www.radiopiu.net\/wordpress\/wp-content\/uploads\/2023\/11\/95ed9d69-4582-4a42-b7f1-23627b44895a.jpg'><img loading=\"lazy\" decoding=\"async\" width=\"150\" height=\"150\" src=\"https:\/\/www.radiopiu.net\/wordpress\/wp-content\/uploads\/2023\/11\/95ed9d69-4582-4a42-b7f1-23627b44895a-150x150.jpg\" class=\"attachment-thumbnail size-thumbnail\" alt=\"\" \/><\/a>\n\t\t\t\t<\/dt><\/dl><dl class='gallery-item'>\n\t\t\t\t<dt class='gallery-icon portrait'>\n\t\t\t\t\t<a class=\"rollover rollover-zoom dt-pswp-item\" title=\"94721908-4bae-45db-b230-ceabb69228ba\" data-dt-img-description=\"\" data-large_image_width=\"960\" data-large_image_height=\"1280\"href='https:\/\/www.radiopiu.net\/wordpress\/wp-content\/uploads\/2023\/11\/94721908-4bae-45db-b230-ceabb69228ba.jpg'><img loading=\"lazy\" decoding=\"async\" width=\"150\" height=\"150\" src=\"https:\/\/www.radiopiu.net\/wordpress\/wp-content\/uploads\/2023\/11\/94721908-4bae-45db-b230-ceabb69228ba-150x150.jpg\" class=\"attachment-thumbnail size-thumbnail\" alt=\"\" \/><\/a>\n\t\t\t\t<\/dt><\/dl><br style=\"clear: both\" \/>\n\t\t\t<\/div>\n\n<p>&nbsp;<\/p>\n<hr \/>\n<p>&nbsp;<\/p>\n<p><a class=\"dt-pswp-item\" href=\"https:\/\/www.radiopiu.net\/wordpress\/wp-content\/uploads\/2023\/10\/34f4cfc6-e863-46e9-9695-8df44be63421.jpg\" data-dt-img-description=\"\" data-large_image_width=\"1200\" data-large_image_height=\"1200\"><img loading=\"lazy\" decoding=\"async\" class=\"wp-image-357393 alignleft\" src=\"https:\/\/www.radiopiu.net\/wordpress\/wp-content\/uploads\/2023\/10\/34f4cfc6-e863-46e9-9695-8df44be63421-300x300.jpg\" alt=\"\" width=\"81\" height=\"81\" srcset=\"https:\/\/www.radiopiu.net\/wordpress\/wp-content\/uploads\/2023\/10\/34f4cfc6-e863-46e9-9695-8df44be63421-300x300.jpg 300w, https:\/\/www.radiopiu.net\/wordpress\/wp-content\/uploads\/2023\/10\/34f4cfc6-e863-46e9-9695-8df44be63421-1024x1024.jpg 1024w, https:\/\/www.radiopiu.net\/wordpress\/wp-content\/uploads\/2023\/10\/34f4cfc6-e863-46e9-9695-8df44be63421-150x150.jpg 150w, https:\/\/www.radiopiu.net\/wordpress\/wp-content\/uploads\/2023\/10\/34f4cfc6-e863-46e9-9695-8df44be63421-768x768.jpg 768w, https:\/\/www.radiopiu.net\/wordpress\/wp-content\/uploads\/2023\/10\/34f4cfc6-e863-46e9-9695-8df44be63421.jpg 1200w\" sizes=\"auto, (max-width: 81px) 100vw, 81px\" \/><\/a>OGGI ALLA RADIO: <strong>ALLE 7<\/strong> LA RASSEGNA STAMPA LOCALE FLASH, PER CHI COME NOI ALLE SETTE DEL MATTINO VA DI FRETTA, TANTE NOTIZIE IN POCHE CHIACCHIERE. <strong>ALLE OTTO<\/strong> L&#8217;APPROFONDIMENTO NELLA STORICA RASSEGNA STAMPA LOCALE<\/p>\n<p>OGGI <strong>ALLE 9<\/strong> SILVIA BALDO CON\u00a0 OGGI COME IERI,\u00a0 <strong>ALLE 930<\/strong> I RACCONTI DI PAOLO SOPPELSA <strong>ALLE 10.30<\/strong> I PERITI MINERARI NEL MONDO, <strong>ALLE 13<\/strong> SALUTE E SOCIETA&#8217; CON IL DOTTOR MARCO CARACCIOLO,\u00a0 <strong>ALLE 1630<\/strong> CALCIO A 5 CON GIESSE RISARCIMENTO DANNI BELLUNO\u00a0 LUNEDI\u00a0 <strong>ALLE 20.30<\/strong> DALLA PICCOLA BAITA FABRIZIO PESCOSTA<\/p>\n<p>&nbsp;<\/p>\n<p>&nbsp;<\/p>\n<hr \/>\n<p>&nbsp;<\/p>\n<blockquote>\n<h3>INCIDENTE MORTALE A LISTOLADE, PERDE LA VITA UN ANZIANO DI AGORDO<\/h3>\n<p>&nbsp;<\/p><\/blockquote>\n<p><strong><img decoding=\"async\" class=\"alignright\" src=\"https:\/\/www.radiopiu.net\/wordpress\/wp-content\/uploads\/2023\/11\/Senza-nome-21.png\" \/>TAIBON <\/strong>Incidente mortale alle 15.30 lungo la regionale 203 agordina all&#8217;altezza. In prossimit\u00e0 del bivio per la Val Corpassa e il centro della frazione (poco prima del semaforo) due auto, una Panda con a bordo due anziani\u00a0 e un pick up Mitsubishi sono entrate in collisione. Uno scontro violento, mortale per il passeggero della Panda, un anziano Bruno De Nardin 88 anni di Agordo nato e cresciuto in frazione Rif. Tramortito, ferito e sotto shock anche il conducente dell&#8217;utilitaria. La Panda sembra scendesse dalla comunale e stava per immettersi sulla regionale 203 agordina. Inevitabile lo scontro. Sul posto il personale medico dell&#8217;ospedale Papa Luciani di Agordo e i vigili del fuoco. A nulla sono valsi i tentativi di salvare l&#8217;uomo, troppo gravi le lesioni. In ospedale per accertamenti anche il conducente della Panda e del pick up.\u00a0 Disagi lungo la regionale 203 agordina, con code in direzione nord, ha invece aiutato nell&#8217;altro senso la strada comunale adibita a ciclabile. Immediato l&#8217;intervento del Pronto Soccorso di Agordo e dei vigili del fuoco,\u00a0 e dei Carabinieri di Cencenighe per i rilievi del caso. A questo proposito gli uomini dell&#8217;Arma si rivolgono ad eventuali testimoni per poter ricostruire il sinistro. Rivolgersi ai Carabinieri di Cencenighe 0437 591102<strong><br \/>\n<\/strong><\/p>\n<div class=\"addthis_sharing_toolbox\" data-url=\"http:\/\/sfoglio.corrierealpi.gelocal.it\/share_article.php?article_id=13297938\" data-title=\"Schianto mortale sulla regionale 203 Perde la vita un pensionato di Agordo\"><\/div>\n<div class=\"articlePlainText\">\n<div class=\"articlePlainText\">\n<div class=\"articlePlainText\"><a class=\"dt-pswp-item\" href=\"https:\/\/www.radiopiu.net\/wordpress\/wp-content\/uploads\/2023\/11\/Senza-nome-23.png\" data-dt-img-description=\"\" data-large_image_width=\"252\" data-large_image_height=\"170\"><img loading=\"lazy\" decoding=\"async\" class=\"size-full wp-image-360140 alignleft\" src=\"https:\/\/www.radiopiu.net\/wordpress\/wp-content\/uploads\/2023\/11\/Senza-nome-23.png\" alt=\"\" width=\"252\" height=\"170\" \/><\/a>Bruno De Nardin, 88 anni, pensionato di Agordo era a bordo della Panda di\u00a0 Sebastiano Scussel &#8220;bastianin&#8221;, De Nardin &#8220;Gerda&#8221;\u00a0 era\u00a0 in auto insieme al vecchio amico. Bruno De Nardin era originario della frazione agordina di Rif, dove era nato e cresciuto. Aveva deciso di spostarsi ad Agordo dopo il matrimonio con Giuseppina, dal loro matrimonio sono nate Nilla e Roberta. Figlio di Simone e Bernardina De Nardin aveva 13 fratelli ed erano rimasti in tre: oltre a lui, le sorelle Jolanda, che \u00e8 la conosciutissima titolare dello storico Caff\u00e8 Stazione di viale Sommariva e Luciana, che \u00e8 di La Valle Agordina.<\/div>\n<div><\/div>\n<div><\/div>\n<\/div>\n<p><strong>\u00a0<\/strong><\/p>\n<p><em><a class=\"dt-pswp-item\" href=\"https:\/\/www.radiopiu.net\/wordpress\/wp-content\/uploads\/2023\/11\/Senza-nome-24.png\" data-dt-img-description=\"\" data-large_image_width=\"187\" data-large_image_height=\"131\"><img loading=\"lazy\" decoding=\"async\" class=\"size-full wp-image-360147 alignleft\" src=\"https:\/\/www.radiopiu.net\/wordpress\/wp-content\/uploads\/2023\/11\/Senza-nome-24.png\" alt=\"\" width=\"187\" height=\"131\" \/><\/a> <\/em><\/p>\n<p><em>\u00a0<\/em><\/p>\n<p><em>\u00abIl cordoglio mio personale e da parte dell&#8217;amministrazione comunale alla famiglia De Nardin\u00bb, sottolinea il sindaco di Agordo, Roberto Chissal\u00e8, \u00abconoscevo bene Bruno De Nardin e sapevo che era il fratello di Jolanda, la storica barista del nostro paese. Da quando viveva in centro e non pi\u00f9 a Rif, capitava che lo incontrassi in piazza della Libert\u00e0 e non poteva certo mancare un amichevole saluto&#8221;.\u00a0\u00a0<\/em><\/p>\n<p>&nbsp;<\/p>\n<p>&nbsp;<\/p>\n<\/div>\n<p>&nbsp;<\/p>\n\n\t\t\t<style type='text\/css'>\n\t\t\t\t#gallery-2 {\n\t\t\t\t\tmargin: auto;\n\t\t\t\t}\n\t\t\t\t#gallery-2 .gallery-item {\n\t\t\t\t\tfloat: left;\n\t\t\t\t\tmargin-top: 10px;\n\t\t\t\t\ttext-align: center;\n\t\t\t\t\twidth: 25%;\n\t\t\t\t}\n\t\t\t\t#gallery-2 img {\n\t\t\t\t\tborder: 2px solid #cfcfcf;\n\t\t\t\t}\n\t\t\t\t#gallery-2 .gallery-caption {\n\t\t\t\t\tmargin-left: 0;\n\t\t\t\t}\n\t\t\t\t\/* see gallery_shortcode() in wp-includes\/media.php *\/\n\t\t\t<\/style>\n\t\t<div id='gallery-2' class='dt-gallery-container gallery galleryid-359864 gallery-columns-4 gallery-size-thumbnail'><dl class='gallery-item'>\n\t\t\t\t<dt class='gallery-icon landscape'>\n\t\t\t\t\t<a class=\"rollover rollover-zoom dt-pswp-item\" title=\"Senza nome\" data-dt-img-description=\"\" data-large_image_width=\"1246\" data-large_image_height=\"560\"href='https:\/\/www.radiopiu.net\/wordpress\/wp-content\/uploads\/2023\/11\/Senza-nome-20.png'><img loading=\"lazy\" decoding=\"async\" width=\"150\" height=\"150\" src=\"https:\/\/www.radiopiu.net\/wordpress\/wp-content\/uploads\/2023\/11\/Senza-nome-20-150x150.png\" class=\"attachment-thumbnail size-thumbnail\" alt=\"\" \/><\/a>\n\t\t\t\t<\/dt><\/dl><dl class='gallery-item'>\n\t\t\t\t<dt class='gallery-icon landscape'>\n\t\t\t\t\t<a class=\"rollover rollover-zoom dt-pswp-item\" title=\"54f87d42-9e05-4e94-9006-dc2786d77369\" data-dt-img-description=\"\" data-large_image_width=\"2048\" data-large_image_height=\"1152\"href='https:\/\/www.radiopiu.net\/wordpress\/wp-content\/uploads\/2023\/11\/54f87d42-9e05-4e94-9006-dc2786d77369.jpg'><img loading=\"lazy\" decoding=\"async\" width=\"150\" height=\"150\" src=\"https:\/\/www.radiopiu.net\/wordpress\/wp-content\/uploads\/2023\/11\/54f87d42-9e05-4e94-9006-dc2786d77369-150x150.jpg\" class=\"attachment-thumbnail size-thumbnail\" alt=\"\" \/><\/a>\n\t\t\t\t<\/dt><\/dl><dl class='gallery-item'>\n\t\t\t\t<dt class='gallery-icon landscape'>\n\t\t\t\t\t<a class=\"rollover rollover-zoom dt-pswp-item\" title=\"485bcb5e-96aa-49b8-8c20-44b8e44d351f\" data-dt-img-description=\"\" data-large_image_width=\"1600\" data-large_image_height=\"1200\"href='https:\/\/www.radiopiu.net\/wordpress\/wp-content\/uploads\/2023\/11\/485bcb5e-96aa-49b8-8c20-44b8e44d351f.jpg'><img loading=\"lazy\" decoding=\"async\" width=\"150\" height=\"150\" src=\"https:\/\/www.radiopiu.net\/wordpress\/wp-content\/uploads\/2023\/11\/485bcb5e-96aa-49b8-8c20-44b8e44d351f-150x150.jpg\" class=\"attachment-thumbnail size-thumbnail\" alt=\"\" \/><\/a>\n\t\t\t\t<\/dt><\/dl><dl class='gallery-item'>\n\t\t\t\t<dt class='gallery-icon landscape'>\n\t\t\t\t\t<a class=\"rollover rollover-zoom dt-pswp-item\" title=\"564adf0a-cc3a-4e00-9076-58ecd0285ec1\" data-dt-img-description=\"\" data-large_image_width=\"1920\" data-large_image_height=\"1080\"href='https:\/\/www.radiopiu.net\/wordpress\/wp-content\/uploads\/2023\/11\/564adf0a-cc3a-4e00-9076-58ecd0285ec1.jpg'><img loading=\"lazy\" decoding=\"async\" width=\"150\" height=\"150\" src=\"https:\/\/www.radiopiu.net\/wordpress\/wp-content\/uploads\/2023\/11\/564adf0a-cc3a-4e00-9076-58ecd0285ec1-150x150.jpg\" class=\"attachment-thumbnail size-thumbnail\" alt=\"\" \/><\/a>\n\t\t\t\t<\/dt><\/dl><br style=\"clear: both\" \/>\n\t\t\t<\/div>\n\n\n\t\t\t<style type='text\/css'>\n\t\t\t\t#gallery-3 {\n\t\t\t\t\tmargin: auto;\n\t\t\t\t}\n\t\t\t\t#gallery-3 .gallery-item {\n\t\t\t\t\tfloat: left;\n\t\t\t\t\tmargin-top: 10px;\n\t\t\t\t\ttext-align: center;\n\t\t\t\t\twidth: 50%;\n\t\t\t\t}\n\t\t\t\t#gallery-3 img {\n\t\t\t\t\tborder: 2px solid #cfcfcf;\n\t\t\t\t}\n\t\t\t\t#gallery-3 .gallery-caption {\n\t\t\t\t\tmargin-left: 0;\n\t\t\t\t}\n\t\t\t\t\/* see gallery_shortcode() in wp-includes\/media.php *\/\n\t\t\t<\/style>\n\t\t<div id='gallery-3' class='dt-gallery-container gallery galleryid-359864 gallery-columns-2 gallery-size-medium'><dl class='gallery-item'>\n\t\t\t\t<dt class='gallery-icon portrait'>\n\t\t\t\t\t<a class=\"rollover rollover-zoom dt-pswp-item\" title=\"4c9e4fca-b520-4f8f-ae51-8162c2fad5e4\" data-dt-img-description=\"\" data-large_image_width=\"899\" data-large_image_height=\"1599\"href='https:\/\/www.radiopiu.net\/wordpress\/wp-content\/uploads\/2023\/11\/4c9e4fca-b520-4f8f-ae51-8162c2fad5e4.jpg'><img loading=\"lazy\" decoding=\"async\" width=\"169\" height=\"300\" src=\"https:\/\/www.radiopiu.net\/wordpress\/wp-content\/uploads\/2023\/11\/4c9e4fca-b520-4f8f-ae51-8162c2fad5e4-169x300.jpg\" class=\"attachment-medium size-medium\" alt=\"\" srcset=\"https:\/\/www.radiopiu.net\/wordpress\/wp-content\/uploads\/2023\/11\/4c9e4fca-b520-4f8f-ae51-8162c2fad5e4-169x300.jpg 169w, https:\/\/www.radiopiu.net\/wordpress\/wp-content\/uploads\/2023\/11\/4c9e4fca-b520-4f8f-ae51-8162c2fad5e4-576x1024.jpg 576w, https:\/\/www.radiopiu.net\/wordpress\/wp-content\/uploads\/2023\/11\/4c9e4fca-b520-4f8f-ae51-8162c2fad5e4-768x1366.jpg 768w, https:\/\/www.radiopiu.net\/wordpress\/wp-content\/uploads\/2023\/11\/4c9e4fca-b520-4f8f-ae51-8162c2fad5e4-864x1536.jpg 864w, https:\/\/www.radiopiu.net\/wordpress\/wp-content\/uploads\/2023\/11\/4c9e4fca-b520-4f8f-ae51-8162c2fad5e4.jpg 899w\" sizes=\"auto, (max-width: 169px) 100vw, 169px\" \/><\/a>\n\t\t\t\t<\/dt><\/dl><dl class='gallery-item'>\n\t\t\t\t<dt class='gallery-icon portrait'>\n\t\t\t\t\t<a class=\"rollover rollover-zoom dt-pswp-item\" title=\"0c960d61-78d1-4206-997f-32580607ca61\" data-dt-img-description=\"\" data-large_image_width=\"899\" data-large_image_height=\"1599\"href='https:\/\/www.radiopiu.net\/wordpress\/wp-content\/uploads\/2023\/11\/0c960d61-78d1-4206-997f-32580607ca61.jpg'><img loading=\"lazy\" decoding=\"async\" width=\"169\" height=\"300\" src=\"https:\/\/www.radiopiu.net\/wordpress\/wp-content\/uploads\/2023\/11\/0c960d61-78d1-4206-997f-32580607ca61-169x300.jpg\" class=\"attachment-medium size-medium\" alt=\"\" srcset=\"https:\/\/www.radiopiu.net\/wordpress\/wp-content\/uploads\/2023\/11\/0c960d61-78d1-4206-997f-32580607ca61-169x300.jpg 169w, https:\/\/www.radiopiu.net\/wordpress\/wp-content\/uploads\/2023\/11\/0c960d61-78d1-4206-997f-32580607ca61-576x1024.jpg 576w, https:\/\/www.radiopiu.net\/wordpress\/wp-content\/uploads\/2023\/11\/0c960d61-78d1-4206-997f-32580607ca61-768x1366.jpg 768w, https:\/\/www.radiopiu.net\/wordpress\/wp-content\/uploads\/2023\/11\/0c960d61-78d1-4206-997f-32580607ca61-864x1536.jpg 864w, https:\/\/www.radiopiu.net\/wordpress\/wp-content\/uploads\/2023\/11\/0c960d61-78d1-4206-997f-32580607ca61.jpg 899w\" sizes=\"auto, (max-width: 169px) 100vw, 169px\" \/><\/a>\n\t\t\t\t<\/dt><\/dl><br style=\"clear: both\" \/>\n\t\t\t<\/div>\n\n<p>&nbsp;<\/p>\n<p><strong>ALTRI INTERVENTI DI IERI DEL SUEM<\/strong> Malore in strada a<strong> Limana<\/strong>, soccorsa in gravi condizioni una donna di 77 anni; Incidente d&#8217;auto autonomo a<strong> Montegge,<\/strong> ferito in condizioni medio gravi un 22enne di Cornuda. incidente a Sois, la donna 43 anni di Venezia portata in ambulanza al San Martino non in pericolo di vita. Ciclista investito a<strong> Trichiana<\/strong>, 49enne di Belluno portato con ferite di media gravit\u00e0 al Santa Maria del Prato di Feltre.<\/p>\n<p>&nbsp;<\/p>\n<hr \/>\n<p>&nbsp;<\/p>\n<p>&nbsp;<\/p>\n<blockquote>\n<h3><a class=\"dt-pswp-item\" href=\"https:\/\/www.radiopiu.net\/wordpress\/wp-content\/uploads\/2023\/11\/SCR-20231105-mnss.png\" data-dt-img-description=\"\" data-large_image_width=\"388\" data-large_image_height=\"364\"><img loading=\"lazy\" decoding=\"async\" class=\" wp-image-360021 alignleft\" src=\"https:\/\/www.radiopiu.net\/wordpress\/wp-content\/uploads\/2023\/11\/SCR-20231105-mnss-300x281.png\" alt=\"\" width=\"142\" height=\"133\" srcset=\"https:\/\/www.radiopiu.net\/wordpress\/wp-content\/uploads\/2023\/11\/SCR-20231105-mnss-300x281.png 300w, https:\/\/www.radiopiu.net\/wordpress\/wp-content\/uploads\/2023\/11\/SCR-20231105-mnss.png 388w\" sizes=\"auto, (max-width: 142px) 100vw, 142px\" \/><\/a>E&#8217; MORTO MARCELLO BULF<\/h3>\n<\/blockquote>\n<p><strong>TAIBON<\/strong> La comunit\u00e0 di Taibon \u00e8 in lutto per la morte di Marcello Bulf, 86 anni, noto imprenditore da decenni, autore di storie importanti nel settore delle costruzioni. I funerali si svolgeranno oggi alle 10:30 nella chiesa di Taibon. A darne il triste annuncio la moglie Manuela con le figlie Paola, Caterina, Cristina e Michela, i nipoti Matteo e Giacomo con Marina, Andrea, Marta e Gabriele, i generi, la sorella e parenti tutti. La famiglia porge un sentito ringraziamento alla dottoressa Ileana Corazzin e al dottor Ugo Pennacchioni per l&#8217;assistenza prestata.<\/p>\n<p>&nbsp;<\/p>\n<p>&nbsp;<\/p>\n<hr \/>\n<p>&nbsp;<\/p>\n<blockquote>\n<h3>CONTINUANO LE RICERCHE DEL VIGILE DEL FUOCO DISPERSO<\/h3>\n<\/blockquote>\n<p><strong>PUOS D&#8217;ALPAGO<\/strong> Continuano le ricerche del vigile del fuoco Walter Locatello, scomparso dopo essere caduto in un canale tre giorni fa. Ieri le ricerche si sono concentrate alla foce del Tesa Vecchio e nel lago di Santa Croce con pi\u00f9 imbarcazioni tra cui due dotate di sonar. Presenti oltre 40 unit\u00e0 dei vigili del fuoco coordinate dal comandate Antonio del Gallo con squadre a terra, soccorritori fluviali e acquatici, sommozzatori, piloti di droni, esperti topografi e l\u2019elicottero Drago 149 proveniente dal reparto volo di Venezia. Nel pomeriggio la visita all\u2019unit\u00e0 di comando locale dell\u2019assessore regionale del Veneto alla protezione civile Giampaolo Bottacin. Purtroppo al momento l\u2019esito delle ricerche sono negative.<\/p>\n\n\t\t\t<style type='text\/css'>\n\t\t\t\t#gallery-4 {\n\t\t\t\t\tmargin: auto;\n\t\t\t\t}\n\t\t\t\t#gallery-4 .gallery-item {\n\t\t\t\t\tfloat: left;\n\t\t\t\t\tmargin-top: 10px;\n\t\t\t\t\ttext-align: center;\n\t\t\t\t\twidth: 20%;\n\t\t\t\t}\n\t\t\t\t#gallery-4 img {\n\t\t\t\t\tborder: 2px solid #cfcfcf;\n\t\t\t\t}\n\t\t\t\t#gallery-4 .gallery-caption {\n\t\t\t\t\tmargin-left: 0;\n\t\t\t\t}\n\t\t\t\t\/* see gallery_shortcode() in wp-includes\/media.php *\/\n\t\t\t<\/style>\n\t\t<div id='gallery-4' class='dt-gallery-container gallery galleryid-359864 gallery-columns-5 gallery-size-thumbnail'><dl class='gallery-item'>\n\t\t\t\t<dt class='gallery-icon landscape'>\n\t\t\t\t\t<a class=\"rollover rollover-zoom dt-pswp-item\" title=\"3ce8911d-4ab0-48b9-8023-b5e9405bd146\" data-dt-img-description=\"\" data-large_image_width=\"1280\" data-large_image_height=\"831\"href='https:\/\/www.radiopiu.net\/wordpress\/wp-content\/uploads\/2023\/11\/3ce8911d-4ab0-48b9-8023-b5e9405bd146.jpg'><img loading=\"lazy\" decoding=\"async\" width=\"150\" height=\"150\" src=\"https:\/\/www.radiopiu.net\/wordpress\/wp-content\/uploads\/2023\/11\/3ce8911d-4ab0-48b9-8023-b5e9405bd146-150x150.jpg\" class=\"attachment-thumbnail size-thumbnail\" alt=\"\" \/><\/a>\n\t\t\t\t<\/dt><\/dl><dl class='gallery-item'>\n\t\t\t\t<dt class='gallery-icon landscape'>\n\t\t\t\t\t<a class=\"rollover rollover-zoom dt-pswp-item\" title=\"6670c727-d02c-432f-9034-d406b4083862\" data-dt-img-description=\"\" data-large_image_width=\"1280\" data-large_image_height=\"909\"href='https:\/\/www.radiopiu.net\/wordpress\/wp-content\/uploads\/2023\/11\/6670c727-d02c-432f-9034-d406b4083862.jpg'><img loading=\"lazy\" decoding=\"async\" width=\"150\" height=\"150\" src=\"https:\/\/www.radiopiu.net\/wordpress\/wp-content\/uploads\/2023\/11\/6670c727-d02c-432f-9034-d406b4083862-150x150.jpg\" class=\"attachment-thumbnail size-thumbnail\" alt=\"\" \/><\/a>\n\t\t\t\t<\/dt><\/dl><dl class='gallery-item'>\n\t\t\t\t<dt class='gallery-icon landscape'>\n\t\t\t\t\t<a class=\"rollover rollover-zoom dt-pswp-item\" title=\"c656762a-46c9-49b8-aaa5-d5a68d11a25e\" data-dt-img-description=\"\" data-large_image_width=\"1280\" data-large_image_height=\"858\"href='https:\/\/www.radiopiu.net\/wordpress\/wp-content\/uploads\/2023\/11\/c656762a-46c9-49b8-aaa5-d5a68d11a25e.jpg'><img loading=\"lazy\" decoding=\"async\" width=\"150\" height=\"150\" src=\"https:\/\/www.radiopiu.net\/wordpress\/wp-content\/uploads\/2023\/11\/c656762a-46c9-49b8-aaa5-d5a68d11a25e-150x150.jpg\" class=\"attachment-thumbnail size-thumbnail\" alt=\"\" \/><\/a>\n\t\t\t\t<\/dt><\/dl><dl class='gallery-item'>\n\t\t\t\t<dt class='gallery-icon landscape'>\n\t\t\t\t\t<a class=\"rollover rollover-zoom dt-pswp-item\" title=\"a29fda4d-f58f-4043-b8e3-c39d1882cb08\" data-dt-img-description=\"\" data-large_image_width=\"1280\" data-large_image_height=\"843\"href='https:\/\/www.radiopiu.net\/wordpress\/wp-content\/uploads\/2023\/11\/a29fda4d-f58f-4043-b8e3-c39d1882cb08.jpg'><img loading=\"lazy\" decoding=\"async\" width=\"150\" height=\"150\" src=\"https:\/\/www.radiopiu.net\/wordpress\/wp-content\/uploads\/2023\/11\/a29fda4d-f58f-4043-b8e3-c39d1882cb08-150x150.jpg\" class=\"attachment-thumbnail size-thumbnail\" alt=\"\" \/><\/a>\n\t\t\t\t<\/dt><\/dl><dl class='gallery-item'>\n\t\t\t\t<dt class='gallery-icon landscape'>\n\t\t\t\t\t<a class=\"rollover rollover-zoom dt-pswp-item\" title=\"e9db5944-49b8-4422-bf1d-0b0fea9b17d3\" data-dt-img-description=\"\" data-large_image_width=\"1280\" data-large_image_height=\"801\"href='https:\/\/www.radiopiu.net\/wordpress\/wp-content\/uploads\/2023\/11\/e9db5944-49b8-4422-bf1d-0b0fea9b17d3.jpg'><img loading=\"lazy\" decoding=\"async\" width=\"150\" height=\"150\" src=\"https:\/\/www.radiopiu.net\/wordpress\/wp-content\/uploads\/2023\/11\/e9db5944-49b8-4422-bf1d-0b0fea9b17d3-150x150.jpg\" class=\"attachment-thumbnail size-thumbnail\" alt=\"\" \/><\/a>\n\t\t\t\t<\/dt><\/dl><br style=\"clear: both\" \/>\n\t\t\t<\/div>\n\n<p>&nbsp;<\/p>\n<div style=\"width: 1200px;\" class=\"wp-video\"><video class=\"wp-video-shortcode\" id=\"video-359864-1\" width=\"1200\" height=\"675\" preload=\"metadata\" controls=\"controls\"><source type=\"video\/mp4\" src=\"https:\/\/www.radiopiu.net\/wordpress\/wp-content\/uploads\/2023\/11\/00219.mp4?_=1\" \/><a href=\"https:\/\/www.radiopiu.net\/wordpress\/wp-content\/uploads\/2023\/11\/00219.mp4\">https:\/\/www.radiopiu.net\/wordpress\/wp-content\/uploads\/2023\/11\/00219.mp4<\/a><\/video><\/div>\n<p>&nbsp;<\/p>\n<p>DAL TG DI ANTENNA 3, CANALE 10 DIGITALE TERRESTRE, OGNI SERA ALLE 19 LE ANTICIPAZIONI ALLA RADIO<\/p>\n<p>DI FABIO FIORAVANZI<\/p>\n<p><iframe loading=\"lazy\" title=\"VIGILE DEL FUOCO DISPERSO, RICERCHE ANCORA SENZA ESITO | 04\/11\/2023\" width=\"1200\" height=\"675\" src=\"https:\/\/www.youtube.com\/embed\/pZA-gAw22x4?start=1&#038;feature=oembed\" frameborder=\"0\" allow=\"accelerometer; autoplay; clipboard-write; encrypted-media; gyroscope; picture-in-picture; web-share\" allowfullscreen><\/iframe><\/p>\n<p>&nbsp;<\/p>\n<hr \/>\n<p>&nbsp;<\/p>\n<blockquote>\n<h2>AGGREDITO CON IL COLTELLO, ALLA STAZIONE DI POLPET<\/h2>\n<\/blockquote>\n<p><strong>OGGI SUL CORRIERE DELLE ALPI<\/strong><\/p>\n<p><strong>DI GIGI SOSSO<\/strong><\/p>\n<div class=\"flex-1 overflow-hidden\">\n<div class=\"react-scroll-to-bottom--css-wyulr-79elbk h-full\">\n<div class=\"react-scroll-to-bottom--css-wyulr-1n7m0yu\">\n<div class=\"flex flex-col text-sm gizmo:pb-9 dark:bg-gray-800 gizmo:dark:bg-transparent\">\n<div class=\"group w-full text-token-text-primary border-b border-black\/10 gizmo:border-0 dark:border-gray-900\/50 gizmo:dark:border-0 bg-gray-50 gizmo:bg-transparent dark:bg-[#444654] gizmo:dark:bg-transparent\" data-testid=\"conversation-turn-3\">\n<div class=\"p-4 gizmo:py-2 justify-center text-base md:gap-6 md:py-6 m-auto\">\n<div class=\"flex flex-1 gap-4 text-base mx-auto md:gap-6 gizmo:gap-3 gizmo:md:px-5 gizmo:lg:px-1 gizmo:xl:px-5 md:max-w-2xl lg:max-w-[38rem] gizmo:md:max-w-3xl gizmo:lg:max-w-[40rem] gizmo:xl:max-w-[48rem] xl:max-w-3xl }\">\n<div class=\"relative flex w-[calc(100%-50px)] flex-col gizmo:w-full lg:w-[calc(100%-115px)] agent-turn\">\n<div class=\"flex-col gap-1 md:gap-3\">\n<div class=\"flex flex-grow flex-col max-w-full gap-3 gizmo:gap-0\">\n<div class=\"min-h-[20px] flex flex-col items-start gap-3 whitespace-pre-wrap break-words overflow-x-auto\" data-message-author-role=\"assistant\" data-message-id=\"6c98627f-93bb-43e3-a58d-ccecfad9e636\">\n<div class=\"markdown prose w-full break-words dark:prose-invert dark\">\n<p><a class=\"dt-pswp-item\" href=\"https:\/\/www.radiopiu.net\/wordpress\/wp-content\/uploads\/2023\/11\/Senza-nome-22.png\" data-dt-img-description=\"\" data-large_image_width=\"146\" data-large_image_height=\"123\"><img loading=\"lazy\" decoding=\"async\" class=\"size-full wp-image-360135 alignleft\" src=\"https:\/\/www.radiopiu.net\/wordpress\/wp-content\/uploads\/2023\/11\/Senza-nome-22.png\" alt=\"\" width=\"146\" height=\"123\" \/><\/a>L&#8217;articolo riporta un fatto avvenuto alla stazione ferroviaria di Polpet, in cui un uomo di Ponte nelle Alpi \u00e8 stato aggredito da almeno tre individui con l&#8217;intenzione di rapinarlo. Durante la colluttazione, uno dei aggressori avrebbe estratto un coltello, ma fortunatamente nessuno \u00e8 rimasto gravemente ferito. Nessuno dei coinvolti ha richiesto cure mediche presso il Pronto Soccorso dell&#8217;ospedale San Martino nelle ore successive all&#8217;aggressione. Le indagini sono ancora in corso da parte dei carabinieri pontalpini per identificare e arrestare i responsabili. Si presume che gli aggressori fossero di origine maghrebina e che cercassero di rubare denaro o beni preziosi. Tuttavia, l&#8217;arrivo di un amico dell&#8217;uomo aggredito li ha messi in fuga, impedendo loro di portare a termine la rapina. La notizia dell&#8217;incidente ha suscitato preoccupazione nella comunit\u00e0 locale, poich\u00e9 \u00e8 raro che si verifichino eventi del genere in una piccola stazione come quella di Ponte nelle Alpi, dove si trovano numerosi esercizi commerciali. Gli investigatori stanno cercando di raccogliere prove dalle telecamere di videosorveglianza presenti nell&#8217;area, sia pubbliche che private, sperando di identificare e perseguire penalmente gli aggressori, come avvenuto in un caso precedente in cui le telecamere avevano permesso di identificare i responsabili di una rapina in un supermercato della zona.<\/p>\n<\/div>\n<\/div>\n<\/div>\n<\/div>\n<\/div>\n<\/div>\n<p>&nbsp;<\/p>\n<\/div>\n<\/div>\n<\/div>\n<\/div>\n<\/div>\n<\/div>\n<p>&nbsp;<\/p>\n<hr \/>\n<p>&nbsp;<\/p>\n<blockquote>\n<h3><\/h3>\n<h3><a class=\"dt-pswp-item\" href=\"https:\/\/www.radiopiu.net\/wordpress\/wp-content\/uploads\/2023\/05\/ospedale-di-feltre.jpeg\" data-dt-img-description=\"\" data-large_image_width=\"650\" data-large_image_height=\"463\"><img loading=\"lazy\" decoding=\"async\" class=\"wp-image-336242 alignleft\" src=\"https:\/\/www.radiopiu.net\/wordpress\/wp-content\/uploads\/2023\/05\/ospedale-di-feltre-300x214.jpeg\" alt=\"\" width=\"128\" height=\"91\" srcset=\"https:\/\/www.radiopiu.net\/wordpress\/wp-content\/uploads\/2023\/05\/ospedale-di-feltre-300x214.jpeg 300w, https:\/\/www.radiopiu.net\/wordpress\/wp-content\/uploads\/2023\/05\/ospedale-di-feltre.jpeg 650w\" sizes=\"auto, (max-width: 128px) 100vw, 128px\" \/><\/a>SULLE STRISCE PEDONALI<\/h3>\n<\/blockquote>\n<p><strong>FELTRE<\/strong> Urtato dall&#8217;auto\u00a0 finisce sull&#8217;asfalto, ieri in via Tezze, sulle strisce pedonali.\u00a0 Una Opel Corsa stava percorrendo la strada a senso unico in direzione di Ponte Tezze. I carabinieri di Feltre, giunti sul posto per eseguire i rilievi, hanno registrato la caduta a terra del signore di 88 anni. Sul posto \u00e8 giunta l&#8217;ambulanza del 118, con il personale che si \u00e8 sincerato delle condizioni dell&#8217;anziano, rimasto sempre vigile e cosciente, e poi lo ha trasportato al pronto soccorso per le cure del caso. \u2014<\/p>\n<p>&nbsp;<\/p>\n<p>&nbsp;<\/p>\n<hr \/>\n<p>&nbsp;<\/p>\n<blockquote>\n<h3>ESCE DI STRADA E FINISCE NEL FOSSATO. FERITO IL CONDUCENTE<\/h3>\n<\/blockquote>\n<p><strong>SEREN DEL GRAPPA<\/strong> Ieri alle 10:40 i Vigili del Fuoco sono intervenuti lungo la SP 27 in localit\u00e0 Montegge nel comune di Seren del Grappa per un\u2019auto finita fuori strada: ferito il conducente, 22 nni trevigiano. I pompieri arrivati da Feltre, hanno messo in sicurezza l\u2019auto, mentre il ferito \u00e8 stato preso in cura dal personale sanitario del Suem per essere trasferito in pronto soccorso per ulteriori accertamenti.<\/p>\n\n\t\t\t<style type='text\/css'>\n\t\t\t\t#gallery-5 {\n\t\t\t\t\tmargin: auto;\n\t\t\t\t}\n\t\t\t\t#gallery-5 .gallery-item {\n\t\t\t\t\tfloat: left;\n\t\t\t\t\tmargin-top: 10px;\n\t\t\t\t\ttext-align: center;\n\t\t\t\t\twidth: 50%;\n\t\t\t\t}\n\t\t\t\t#gallery-5 img {\n\t\t\t\t\tborder: 2px solid #cfcfcf;\n\t\t\t\t}\n\t\t\t\t#gallery-5 .gallery-caption {\n\t\t\t\t\tmargin-left: 0;\n\t\t\t\t}\n\t\t\t\t\/* see gallery_shortcode() in wp-includes\/media.php *\/\n\t\t\t<\/style>\n\t\t<div id='gallery-5' class='dt-gallery-container gallery galleryid-359864 gallery-columns-2 gallery-size-medium'><dl class='gallery-item'>\n\t\t\t\t<dt class='gallery-icon landscape'>\n\t\t\t\t\t<a class=\"rollover rollover-zoom dt-pswp-item\" title=\"ebaf007e-0d5f-427f-9260-d498381f8e2e\" data-dt-img-description=\"\" data-large_image_width=\"720\" data-large_image_height=\"432\"href='https:\/\/www.radiopiu.net\/wordpress\/wp-content\/uploads\/2023\/11\/ebaf007e-0d5f-427f-9260-d498381f8e2e.jpg'><img loading=\"lazy\" decoding=\"async\" width=\"300\" height=\"180\" src=\"https:\/\/www.radiopiu.net\/wordpress\/wp-content\/uploads\/2023\/11\/ebaf007e-0d5f-427f-9260-d498381f8e2e-300x180.jpg\" class=\"attachment-medium size-medium\" alt=\"\" srcset=\"https:\/\/www.radiopiu.net\/wordpress\/wp-content\/uploads\/2023\/11\/ebaf007e-0d5f-427f-9260-d498381f8e2e-300x180.jpg 300w, https:\/\/www.radiopiu.net\/wordpress\/wp-content\/uploads\/2023\/11\/ebaf007e-0d5f-427f-9260-d498381f8e2e.jpg 720w\" sizes=\"auto, (max-width: 300px) 100vw, 300px\" \/><\/a>\n\t\t\t\t<\/dt><\/dl><dl class='gallery-item'>\n\t\t\t\t<dt class='gallery-icon landscape'>\n\t\t\t\t\t<a class=\"rollover rollover-zoom dt-pswp-item\" title=\"f52c8212-ae7c-49cf-b2c4-d6a9604a16d8\" data-dt-img-description=\"\" data-large_image_width=\"1280\" data-large_image_height=\"720\"href='https:\/\/www.radiopiu.net\/wordpress\/wp-content\/uploads\/2023\/11\/f52c8212-ae7c-49cf-b2c4-d6a9604a16d8.jpg'><img loading=\"lazy\" decoding=\"async\" width=\"300\" height=\"169\" src=\"https:\/\/www.radiopiu.net\/wordpress\/wp-content\/uploads\/2023\/11\/f52c8212-ae7c-49cf-b2c4-d6a9604a16d8-300x169.jpg\" class=\"attachment-medium size-medium\" alt=\"\" srcset=\"https:\/\/www.radiopiu.net\/wordpress\/wp-content\/uploads\/2023\/11\/f52c8212-ae7c-49cf-b2c4-d6a9604a16d8-300x169.jpg 300w, https:\/\/www.radiopiu.net\/wordpress\/wp-content\/uploads\/2023\/11\/f52c8212-ae7c-49cf-b2c4-d6a9604a16d8-1024x576.jpg 1024w, https:\/\/www.radiopiu.net\/wordpress\/wp-content\/uploads\/2023\/11\/f52c8212-ae7c-49cf-b2c4-d6a9604a16d8-768x432.jpg 768w, https:\/\/www.radiopiu.net\/wordpress\/wp-content\/uploads\/2023\/11\/f52c8212-ae7c-49cf-b2c4-d6a9604a16d8.jpg 1280w\" sizes=\"auto, (max-width: 300px) 100vw, 300px\" \/><\/a>\n\t\t\t\t<\/dt><\/dl><br style=\"clear: both\" \/>\n\t\t\t<\/div>\n\n<p>&nbsp;<\/p>\n<hr \/>\n<p>&nbsp;<\/p>\n<blockquote>\n<h3 class=\"entry-title\">SABATO TRE INTERVENTI DEL SUEM 118 PER ALTRETTANTE GRAVI EMERGENZE<\/h3>\n<\/blockquote>\n<p><strong class=\"photoswipe-wrapper\"><a class=\"dt-pswp-item pspw-wrap-ready\" href=\"https:\/\/www.radiopiu.net\/wordpress\/wp-content\/uploads\/2023\/08\/suem.png\" data-dt-img-description=\"\" data-large_image_width=\"273\" data-large_image_height=\"127\"><img loading=\"lazy\" decoding=\"async\" class=\" wp-image-348238 alignleft\" src=\"https:\/\/www.radiopiu.net\/wordpress\/wp-content\/uploads\/2023\/08\/suem.png\" alt=\"\" width=\"245\" height=\"114\" \/><\/a>REDAZIONE<\/strong> La giornata di sabato del SUEM 118 \u00e8 iniziata alle 10 quando l\u2019ambulanza \u00e8 stata chiamata a Santa Giustina dove un\u2019auto e una bicicletta si sono scontrate. Un uomo di Belluno di 43 anni \u00e8 stato trasportato al Pronto Soccorso di Feltre. Nella tarda mattinata, dopo le 11, l\u2019ambulanza e l\u2019elicottero Falco sono intervenuti a Pedavena per soccorrere un uomo di 37 anni che aveva accusato un malore ed \u00e8 stato portato al San Martino di Belluno. Alle 14 l\u2019elicottero \u00e8 volato a Sappada per soccorrere un uomo a causa di un politrauma. Il 66enne friulano \u00e8 stato elitrasportato all\u2019ospedale di Udine.<\/p>\n<p>&nbsp;<\/p>\n<p>&nbsp;<\/p>\n<hr \/>\n<p>&nbsp;<\/p>\n<blockquote>\n<h3>LA STANGA, I PERICOLI DALL&#8217;ALTO: SASSI SULLA 203<\/h3>\n<\/blockquote>\n<div class=\"markdown prose w-full break-words dark:prose-invert dark\">\n<p><strong>AGORDO<\/strong> \u00c8 una tranquilla serata quando Miky e il suo compagno decidono di condividere la loro avventura di stamattina, un episodio che li ha portati al limite della vita. <strong>L&#8217;Incontro Incredibile:<\/strong> Erano circa le 10:30 del mattino quando stavano scendendo verso Belluno, poco oltre la zona nota come &#8220;la Stanga&#8221;. Questo tratto di strada \u00e8 noto per la presenza di ungulati che possono attraversare la carreggiata, ma c&#8217;\u00e8 un pericolo inatteso che li attende, e che questa volta si \u00e8 dimostrato molto pi\u00f9 minaccioso: i sassi. Chi seguiva l&#8217;auto racconta di aver assistito a un incredibile spettacolo, quando un grosso masso si \u00e8 staccato dall&#8217;alto, ha violentemente colpito le reti di protezione lungo la strada e si \u00e8 disintegrato in mille pezzi. Alcuni di questi frammenti hanno colpito l&#8217;auto, una vettura nuova di zecca, con meno di un anno di vita. <strong>Un Racconto Agghiacciante:<\/strong> Miky, uno dei passeggeri dell&#8217;auto, ha descritto l&#8217;incidente come un vero e proprio incubo. &#8220;Me lo sono visto davanti alla faccia uno di quei sassi&#8221;, ha dichiarato. &#8220;Ho ancora il sapore della polvere in bocca. Siamo vivi, fortunatamente vivi, perch\u00e9 quel masso si \u00e8 incastrato nel parabrezza, e i frammenti pi\u00f9 grandi non sono finiti nell&#8217;abitacolo. Se vuoi, chiamala fortuna.&#8221;<\/p>\n\n\t\t\t<style type='text\/css'>\n\t\t\t\t#gallery-6 {\n\t\t\t\t\tmargin: auto;\n\t\t\t\t}\n\t\t\t\t#gallery-6 .gallery-item {\n\t\t\t\t\tfloat: left;\n\t\t\t\t\tmargin-top: 10px;\n\t\t\t\t\ttext-align: center;\n\t\t\t\t\twidth: 33%;\n\t\t\t\t}\n\t\t\t\t#gallery-6 img {\n\t\t\t\t\tborder: 2px solid #cfcfcf;\n\t\t\t\t}\n\t\t\t\t#gallery-6 .gallery-caption {\n\t\t\t\t\tmargin-left: 0;\n\t\t\t\t}\n\t\t\t\t\/* see gallery_shortcode() in wp-includes\/media.php *\/\n\t\t\t<\/style>\n\t\t<div id='gallery-6' class='dt-gallery-container gallery galleryid-359864 gallery-columns-3 gallery-size-thumbnail'><dl class='gallery-item'>\n\t\t\t\t<dt class='gallery-icon portrait'>\n\t\t\t\t\t<a class=\"rollover rollover-zoom dt-pswp-item\" title=\"50b3b2b5-7d5b-4f81-8db8-5d25c3eac6a3\" data-dt-img-description=\"\" data-large_image_width=\"1537\" data-large_image_height=\"2048\"href='https:\/\/www.radiopiu.net\/wordpress\/wp-content\/uploads\/2023\/11\/50b3b2b5-7d5b-4f81-8db8-5d25c3eac6a3-1.jpg'><img loading=\"lazy\" decoding=\"async\" width=\"150\" height=\"150\" src=\"https:\/\/www.radiopiu.net\/wordpress\/wp-content\/uploads\/2023\/11\/50b3b2b5-7d5b-4f81-8db8-5d25c3eac6a3-1-150x150.jpg\" class=\"attachment-thumbnail size-thumbnail\" alt=\"\" \/><\/a>\n\t\t\t\t<\/dt><\/dl><dl class='gallery-item'>\n\t\t\t\t<dt class='gallery-icon portrait'>\n\t\t\t\t\t<a class=\"rollover rollover-zoom dt-pswp-item\" title=\"657e9593-fba8-4d40-884a-7e3ded6634bb\" data-dt-img-description=\"\" data-large_image_width=\"1201\" data-large_image_height=\"1600\"href='https:\/\/www.radiopiu.net\/wordpress\/wp-content\/uploads\/2023\/11\/657e9593-fba8-4d40-884a-7e3ded6634bb-1.jpg'><img loading=\"lazy\" decoding=\"async\" width=\"150\" height=\"150\" src=\"https:\/\/www.radiopiu.net\/wordpress\/wp-content\/uploads\/2023\/11\/657e9593-fba8-4d40-884a-7e3ded6634bb-1-150x150.jpg\" class=\"attachment-thumbnail size-thumbnail\" alt=\"\" \/><\/a>\n\t\t\t\t<\/dt><\/dl><dl class='gallery-item'>\n\t\t\t\t<dt class='gallery-icon portrait'>\n\t\t\t\t\t<a class=\"rollover rollover-zoom dt-pswp-item\" title=\"15bf2d33-3f79-4220-924e-efc66f75aad3\" data-dt-img-description=\"\" data-large_image_width=\"1201\" data-large_image_height=\"1600\"href='https:\/\/www.radiopiu.net\/wordpress\/wp-content\/uploads\/2023\/11\/15bf2d33-3f79-4220-924e-efc66f75aad3-1.jpg'><img loading=\"lazy\" decoding=\"async\" width=\"150\" height=\"150\" src=\"https:\/\/www.radiopiu.net\/wordpress\/wp-content\/uploads\/2023\/11\/15bf2d33-3f79-4220-924e-efc66f75aad3-1-150x150.jpg\" class=\"attachment-thumbnail size-thumbnail\" alt=\"\" \/><\/a>\n\t\t\t\t<\/dt><\/dl><br style=\"clear: both\" \/><dl class='gallery-item'>\n\t\t\t\t<dt class='gallery-icon portrait'>\n\t\t\t\t\t<a class=\"rollover rollover-zoom dt-pswp-item\" title=\"54297eda-75c2-4d6c-a3b3-4bc7b1cc4f91\" data-dt-img-description=\"\" data-large_image_width=\"1201\" data-large_image_height=\"1600\"href='https:\/\/www.radiopiu.net\/wordpress\/wp-content\/uploads\/2023\/11\/54297eda-75c2-4d6c-a3b3-4bc7b1cc4f91-1.jpg'><img loading=\"lazy\" decoding=\"async\" width=\"150\" height=\"150\" src=\"https:\/\/www.radiopiu.net\/wordpress\/wp-content\/uploads\/2023\/11\/54297eda-75c2-4d6c-a3b3-4bc7b1cc4f91-1-150x150.jpg\" class=\"attachment-thumbnail size-thumbnail\" alt=\"\" \/><\/a>\n\t\t\t\t<\/dt><\/dl><dl class='gallery-item'>\n\t\t\t\t<dt class='gallery-icon portrait'>\n\t\t\t\t\t<a class=\"rollover rollover-zoom dt-pswp-item\" title=\"288ccad4-622d-4d2c-afc7-d756798ed084\" data-dt-img-description=\"\" data-large_image_width=\"1537\" data-large_image_height=\"2048\"href='https:\/\/www.radiopiu.net\/wordpress\/wp-content\/uploads\/2023\/11\/288ccad4-622d-4d2c-afc7-d756798ed084-1.jpg'><img loading=\"lazy\" decoding=\"async\" width=\"150\" height=\"150\" src=\"https:\/\/www.radiopiu.net\/wordpress\/wp-content\/uploads\/2023\/11\/288ccad4-622d-4d2c-afc7-d756798ed084-1-150x150.jpg\" class=\"attachment-thumbnail size-thumbnail\" alt=\"\" \/><\/a>\n\t\t\t\t<\/dt><\/dl>\n\t\t\t\t<br style='clear: both' \/>\n\t\t\t<\/div>\n\n<p>&nbsp;<\/p>\n<\/div>\n<p><strong>REDAZIONE<\/strong> L&#8217;auto che saliva dal verso opposto, da Belluno verso Agordo, ha evitato l&#8217;impatto con il sasso per pochi istanti<\/p>\n<div style=\"width: 848px;\" class=\"wp-video\"><video class=\"wp-video-shortcode\" id=\"video-359864-2\" width=\"848\" height=\"480\" preload=\"metadata\" controls=\"controls\"><source type=\"video\/mp4\" src=\"https:\/\/www.radiopiu.net\/wordpress\/wp-content\/uploads\/2023\/11\/WhatsApp-Video-2023-11-05-at-10.31.31.mp4?_=2\" \/><a href=\"https:\/\/www.radiopiu.net\/wordpress\/wp-content\/uploads\/2023\/11\/WhatsApp-Video-2023-11-05-at-10.31.31.mp4\">https:\/\/www.radiopiu.net\/wordpress\/wp-content\/uploads\/2023\/11\/WhatsApp-Video-2023-11-05-at-10.31.31.mp4<\/a><\/video><\/div>\n<p>&nbsp;<\/p>\n<hr \/>\n<p>&nbsp;<\/p>\n<blockquote>\n<h2><strong><a class=\"dt-pswp-item\" href=\"https:\/\/www.radiopiu.net\/wordpress\/wp-content\/uploads\/2023\/10\/zaia-scaled.jpg\" data-dt-img-description=\"\" data-large_image_width=\"2560\" data-large_image_height=\"1708\"><img loading=\"lazy\" decoding=\"async\" class=\"wp-image-359164 alignleft\" src=\"https:\/\/www.radiopiu.net\/wordpress\/wp-content\/uploads\/2023\/10\/zaia-300x200.jpg\" alt=\"\" width=\"195\" height=\"130\" srcset=\"https:\/\/www.radiopiu.net\/wordpress\/wp-content\/uploads\/2023\/10\/zaia-300x200.jpg 300w, https:\/\/www.radiopiu.net\/wordpress\/wp-content\/uploads\/2023\/10\/zaia-1024x683.jpg 1024w, https:\/\/www.radiopiu.net\/wordpress\/wp-content\/uploads\/2023\/10\/zaia-768x512.jpg 768w, https:\/\/www.radiopiu.net\/wordpress\/wp-content\/uploads\/2023\/10\/zaia-1536x1025.jpg 1536w, https:\/\/www.radiopiu.net\/wordpress\/wp-content\/uploads\/2023\/10\/zaia-2048x1366.jpg 2048w\" sizes=\"auto, (max-width: 195px) 100vw, 195px\" \/><\/a>OGGI IL PRESIDENTE ZAIA A BELLUNO PER L\u2019ASSEMBLEA DI CONFINDUSTRIA<\/strong><\/h2>\n<\/blockquote>\n<p><strong><i>VENEZIA\u00a0 <\/i><\/strong>Oggi il Presidente della Regione del Veneto, Luca Zaia, sar\u00e0 a Belluno per partecipare all\u2019Assemblea generale di Confindustria Belluno Dolomiti. L\u2019arrivo del Presidente Zaia \u00e8 previsto per le 17.00 al Teatro Comunale di Belluno (Piazza Vittorio Emanuele, 2).<\/p>\n<p>&nbsp;<\/p>\n<hr \/>\n<p>&nbsp;<\/p>\n<blockquote>\n<h3><\/h3>\n<h3>EMERGENZA MALTEMPO: PARLA IL SINDACO DI VOLTAGO GIUSEPPE SCHENA<\/h3>\n<\/blockquote>\n<p><strong><a class=\"dt-pswp-item\" href=\"https:\/\/www.radiopiu.net\/wordpress\/wp-content\/uploads\/2023\/07\/MUNICIPIO-VOLTAGO.jpeg\" data-dt-img-description=\"\" data-large_image_width=\"1504\" data-large_image_height=\"1116\"><img loading=\"lazy\" decoding=\"async\" class=\" wp-image-344319 alignleft\" src=\"https:\/\/www.radiopiu.net\/wordpress\/wp-content\/uploads\/2023\/07\/MUNICIPIO-VOLTAGO-300x223.jpeg\" alt=\"\" width=\"167\" height=\"124\" srcset=\"https:\/\/www.radiopiu.net\/wordpress\/wp-content\/uploads\/2023\/07\/MUNICIPIO-VOLTAGO-300x223.jpeg 300w, https:\/\/www.radiopiu.net\/wordpress\/wp-content\/uploads\/2023\/07\/MUNICIPIO-VOLTAGO-1024x760.jpeg 1024w, https:\/\/www.radiopiu.net\/wordpress\/wp-content\/uploads\/2023\/07\/MUNICIPIO-VOLTAGO-768x570.jpeg 768w, https:\/\/www.radiopiu.net\/wordpress\/wp-content\/uploads\/2023\/07\/MUNICIPIO-VOLTAGO.jpeg 1504w\" sizes=\"auto, (max-width: 167px) 100vw, 167px\" \/><\/a>VOLTAGO <\/strong>Dopo due giorni di emergenza per maltempo, il sindaco di Voltago tira le somme delle 48 ore nel comune del Poi.<\/p>\n<p>&nbsp;<\/p>\n<p>&nbsp;<\/p>\n<p><strong>GIUSEPPE SCHENA, SINDACO DI VOLTAGO<\/strong><\/p>\n<audio class=\"wp-audio-shortcode\" id=\"audio-359864-1\" preload=\"none\" style=\"width: 100%;\" controls=\"controls\"><source type=\"audio\/mpeg\" src=\"https:\/\/www.radiopiu.net\/wordpress\/wp-content\/uploads\/2023\/11\/GIUSEPPE-SCHENA-VOLTAGO.mp3?_=1\" \/><a href=\"https:\/\/www.radiopiu.net\/wordpress\/wp-content\/uploads\/2023\/11\/GIUSEPPE-SCHENA-VOLTAGO.mp3\">https:\/\/www.radiopiu.net\/wordpress\/wp-content\/uploads\/2023\/11\/GIUSEPPE-SCHENA-VOLTAGO.mp3<\/a><\/audio>\n<p>&nbsp;<\/p>\n<hr \/>\n<p>&nbsp;<\/p>\n<blockquote>\n<h3>CASO DI MENINGITE MENINGOCOCCICA: RICOVERATO A FELTRE<\/h3>\n<\/blockquote>\n<p><a class=\"dt-pswp-item\" href=\"https:\/\/www.radiopiu.net\/wordpress\/wp-content\/uploads\/2018\/01\/Feltre-Ulss-2-Santa-Maria-del-Prato-Foto-ANSA-Imc.jpg\" data-dt-img-description=\"Una veduta esterna dell'ospedale di Feltre dove sono stati ricoverati alcuni feriti dell'incidente che ha coinvolto un pullman ribaltatosi in zona Carpen, vicino Feltre, 29 maggio 2014. ANSA\/ ANDREA SOLERO\" data-large_image_width=\"1000\" data-large_image_height=\"666\"><img loading=\"lazy\" decoding=\"async\" class=\"alignleft wp-image-42393 \" src=\"https:\/\/www.radiopiu.net\/wordpress\/wp-content\/uploads\/2018\/01\/Feltre-Ulss-2-Santa-Maria-del-Prato-Foto-ANSA-Imc-300x200.jpg\" alt=\"\" width=\"201\" height=\"134\" srcset=\"https:\/\/www.radiopiu.net\/wordpress\/wp-content\/uploads\/2018\/01\/Feltre-Ulss-2-Santa-Maria-del-Prato-Foto-ANSA-Imc-300x200.jpg 300w, https:\/\/www.radiopiu.net\/wordpress\/wp-content\/uploads\/2018\/01\/Feltre-Ulss-2-Santa-Maria-del-Prato-Foto-ANSA-Imc-768x511.jpg 768w, https:\/\/www.radiopiu.net\/wordpress\/wp-content\/uploads\/2018\/01\/Feltre-Ulss-2-Santa-Maria-del-Prato-Foto-ANSA-Imc.jpg 1000w\" sizes=\"auto, (max-width: 201px) 100vw, 201px\" \/><\/a><strong>FELTRE<\/strong> Sabato pomeriggio \u00e8 stato ricoverato in Rianimazione a Feltre un ragazzo di 17 anni residente a Quero Vas, per meningite da Meningococco. Le condizioni cliniche del giovane sono impegnative, con monitoraggio costante. Le linee guida su questa malattia raccomandano la somministrazione di una dose di antibiotico, a scopo preventivo, ai contatti stretti scolastici ed extrascolastici. Nel dettaglio, si prevede di rintracciare le persone che hanno avuto contatti stretti con il giovane nei 7 giorni precedenti l\u2019inizio della sintomatologia (dal 27 ottobre in poi). Gli operatori del Dipartimento di Prevenzione dell\u2019Ulss 1 Dolomiti, in collaborazione con i colleghi dell\u2019Ulss 2 Marca Trevigiana, contatteranno, sulla base degli elenchi forniti dalla scuola frequentata dal ragazzo, un istituto professionale di Valdobbiadene, i compagni di classe e gli insegnanti della classe per proporre la profilassi antibiotica. Tramite l\u2019Amministrazione comunale di Quero Vas, saranno rintracciati i contatti stretti extrascolastici del giovane (tempo libero etc).<\/p>\n<p><span style=\"color: #ff0000;\"><strong>L&#8217;AGGIORNAMENTO DELL&#8217;ULSS 1 DOLOMITI<\/strong><\/span><\/p>\n<p>In relazione al caso di meningite di un giovane di 17 anni di Quero Vas ricoverato a Feltre, le condizioni del paziente sono stabili con prognosi riservata. Il Dipartimento di Prevenzione ha completato la profilassi dei contatti. Sono state somministrate 105 dosi di antibiotico presso un ambulatorio a Feltre. L&#8217;attivit\u00e0 si \u00e8 svolta in diverse fasce orarie. Maggiormente si sono rivolti i contatti stretti dell&#8217;ambito extrascolastico. L&#8217;indagine epidemiologica ha escluso i compagni di squadra di calcio del giovane dalle misure precauzionali poich\u00e9 l&#8217;ultimo contatto era avvenuto prima del 27 ottobre. Inoltre, l&#8217;Ulss 2 Marca Trevigiana ha attivato un punto erogativo di profilassi nella scuola frequentata dal giovane a Valdobbiadene, somministrando complessivamente 56 dosi preventive.<\/p>\n<p>&nbsp;<\/p>\n<p>&nbsp;<\/p>\n<hr \/>\n<p>&nbsp;<\/p>\n<blockquote>\n<h3>4 NOVEMBRE 2023, GIORNATA DELLE FORZE ARMATE: I CARABINIERI DEDICANO LA VETRINA AI SOCCORRITORI DEL VAJONT<\/h3>\n<\/blockquote>\n<p><strong><a class=\"dt-pswp-item\" href=\"https:\/\/www.radiopiu.net\/wordpress\/wp-content\/uploads\/2023\/11\/fbeb2f20-d865-4a56-944d-43c1ce2f9499.jpg\" data-dt-img-description=\"\" data-large_image_width=\"1600\" data-large_image_height=\"1200\"><img loading=\"lazy\" decoding=\"async\" class=\" wp-image-359929 alignleft\" src=\"https:\/\/www.radiopiu.net\/wordpress\/wp-content\/uploads\/2023\/11\/fbeb2f20-d865-4a56-944d-43c1ce2f9499-300x225.jpg\" alt=\"\" width=\"195\" height=\"146\" srcset=\"https:\/\/www.radiopiu.net\/wordpress\/wp-content\/uploads\/2023\/11\/fbeb2f20-d865-4a56-944d-43c1ce2f9499-300x225.jpg 300w, https:\/\/www.radiopiu.net\/wordpress\/wp-content\/uploads\/2023\/11\/fbeb2f20-d865-4a56-944d-43c1ce2f9499-1024x768.jpg 1024w, https:\/\/www.radiopiu.net\/wordpress\/wp-content\/uploads\/2023\/11\/fbeb2f20-d865-4a56-944d-43c1ce2f9499-768x576.jpg 768w, https:\/\/www.radiopiu.net\/wordpress\/wp-content\/uploads\/2023\/11\/fbeb2f20-d865-4a56-944d-43c1ce2f9499-1536x1152.jpg 1536w, https:\/\/www.radiopiu.net\/wordpress\/wp-content\/uploads\/2023\/11\/fbeb2f20-d865-4a56-944d-43c1ce2f9499.jpg 1600w\" sizes=\"auto, (max-width: 195px) 100vw, 195px\" \/><\/a>BELLUNO<\/strong> In occasione della giornata dell&#8217;Unit\u00e0 Nazionale e delle Forze Armate, il centro storico della citt\u00e0 di Belluno ha ospitato una mostra delle uniformi, equipaggiamenti e oggetti legati alle Forze Armate. Quest&#8217;anno, i Carabinieri di Belluno hanno dedicato il loro spazio espositivo al ricordo della tragedia del Vajont, in occasione del 60\u00b0 anniversario di quell&#8217;evento. La vetrina del negozio di abbigliamento Manzoni in piazza dei Martiri ha mostrato una foto storica che ritrae due Carabinieri che hanno salvato un bambino di 18 mesi durante il disastro del Vajont. Accanto alla foto, sono state esposte le uniformi originali dell&#8217;epoca. Un diploma di cittadinanza onoraria conferito all&#8217;Arma dei Carabinieri dal Comune di Longarone per i fatti del Vajont \u00e8 stato collocato sopra la foto. Il cartello in mostra esprime il pensiero dei Carabinieri e ricorda le vittime e i soccorritori dell&#8217;evento. Il Sindaco di Longarone, Roberto Padrin, ha elogiato l&#8217;iniziativa dell&#8217;Arma dei Carabinieri, sottolineando la gratitudine per il lavoro svolto dai soccorritori in occasione della tragedia del Vajont e la riconoscenza verso coloro che hanno aiutato le comunit\u00e0 a riprendersi.<\/p>\n<p>&nbsp;<\/p>\n<p>&nbsp;<\/p>\n<hr \/>\n<p>&nbsp;<\/p>\n<blockquote>\n<h3>INTITOLAZIONE DEL TEATRO DI BELLUNO A DINO BUZZATI<\/h3>\n<\/blockquote>\n<p><a class=\"dt-pswp-item\" href=\"https:\/\/www.radiopiu.net\/wordpress\/wp-content\/uploads\/2021\/05\/TEATRO-COMUNALE-BELLUNO.jpg\" data-dt-img-description=\"TEATRO COMUNALE\" data-large_image_width=\"550\" data-large_image_height=\"435\"><img loading=\"lazy\" decoding=\"async\" class=\"wp-image-212942 alignleft\" src=\"https:\/\/www.radiopiu.net\/wordpress\/wp-content\/uploads\/2021\/05\/TEATRO-COMUNALE-BELLUNO-300x237.jpg\" alt=\"\" width=\"165\" height=\"130\" srcset=\"https:\/\/www.radiopiu.net\/wordpress\/wp-content\/uploads\/2021\/05\/TEATRO-COMUNALE-BELLUNO-300x237.jpg 300w, https:\/\/www.radiopiu.net\/wordpress\/wp-content\/uploads\/2021\/05\/TEATRO-COMUNALE-BELLUNO.jpg 550w\" sizes=\"auto, (max-width: 165px) 100vw, 165px\" \/><\/a><strong>BELLUNO<\/strong> A Dino Buzzati, autore tra i pi\u00f9 tradotti a livello mondiale, artista eclettico capace di spaziare dal romanzo al fumetto, dall\u2019opera pittorica fino al testo teatrale, Belluno intitoler\u00e0 il suo Teatro. Da domani il Teatro Comunale sar\u00e0 il Teatro Dino Buzzati. L\u2019iniziativa di intitolare il Teatro cittadino allo scrittore \u00e8 nata dall\u2019Associazione internazionale Dino Buzzati di Feltre che l\u2019ha presentata all\u2019amministrazione del Comune di Belluno la quale ha immediatamente colto il valore e la portata del gesto, dando cos\u00ec il via all\u2019iter burocratico necessario.<\/p>\n<p><strong>IL SINDACO DI BELLUNO OSCAR DE PELLEGRIN<\/strong><\/p>\n<audio class=\"wp-audio-shortcode\" id=\"audio-359864-2\" preload=\"none\" style=\"width: 100%;\" controls=\"controls\"><source type=\"audio\/mpeg\" src=\"https:\/\/www.radiopiu.net\/wordpress\/wp-content\/uploads\/2023\/11\/Sindaco.mp3?_=2\" \/><a href=\"https:\/\/www.radiopiu.net\/wordpress\/wp-content\/uploads\/2023\/11\/Sindaco.mp3\">https:\/\/www.radiopiu.net\/wordpress\/wp-content\/uploads\/2023\/11\/Sindaco.mp3<\/a><\/audio>\n<p>&nbsp;<\/p>\n<p><strong>L&#8217;ASSESSORE ALLA CULTURA DEL COMUNE DI BELLUNO RAFFAELE ADDAMIANO<\/strong><\/p>\n<audio class=\"wp-audio-shortcode\" id=\"audio-359864-3\" preload=\"none\" style=\"width: 100%;\" controls=\"controls\"><source type=\"audio\/mpeg\" src=\"https:\/\/www.radiopiu.net\/wordpress\/wp-content\/uploads\/2023\/11\/Assessore-Addamiano.mp3?_=3\" \/><a href=\"https:\/\/www.radiopiu.net\/wordpress\/wp-content\/uploads\/2023\/11\/Assessore-Addamiano.mp3\">https:\/\/www.radiopiu.net\/wordpress\/wp-content\/uploads\/2023\/11\/Assessore-Addamiano.mp3<\/a><\/audio>\n<p>&nbsp;<\/p>\n<p><strong>PATRIZIA DALLA ROSA, FONDAZIONE DINO BUZZATI<\/strong><\/p>\n<audio class=\"wp-audio-shortcode\" id=\"audio-359864-4\" preload=\"none\" style=\"width: 100%;\" controls=\"controls\"><source type=\"audio\/mpeg\" src=\"https:\/\/www.radiopiu.net\/wordpress\/wp-content\/uploads\/2023\/11\/PATRIZIA-DALLA-ROSA.mp3?_=4\" \/><a href=\"https:\/\/www.radiopiu.net\/wordpress\/wp-content\/uploads\/2023\/11\/PATRIZIA-DALLA-ROSA.mp3\">https:\/\/www.radiopiu.net\/wordpress\/wp-content\/uploads\/2023\/11\/PATRIZIA-DALLA-ROSA.mp3<\/a><\/audio>\n<p>&nbsp;<\/p>\n<p>&nbsp;<\/p>\n<hr \/>\n<p>&nbsp;<\/p>\n<blockquote>\n<h3>L&#8217;ANNIVERSARIO DELL&#8217;ALLUVIONE DEL 1966 A SOMOR DI FALCADE<\/h3>\n<\/blockquote>\n<p><strong>FALCADE<\/strong><\/p>\n<p>DI GIANNI SANTOMASO<\/p>\n<audio class=\"wp-audio-shortcode\" id=\"audio-359864-5\" preload=\"none\" style=\"width: 100%;\" controls=\"controls\"><source type=\"audio\/mpeg\" src=\"https:\/\/www.radiopiu.net\/wordpress\/wp-content\/uploads\/2023\/11\/GIANNI-LANNIVERSARIO-DELLALLUVIONE-DEL-1966-A-SOMOR-DI-FALCADE.mp3?_=5\" \/><a href=\"https:\/\/www.radiopiu.net\/wordpress\/wp-content\/uploads\/2023\/11\/GIANNI-LANNIVERSARIO-DELLALLUVIONE-DEL-1966-A-SOMOR-DI-FALCADE.mp3\">https:\/\/www.radiopiu.net\/wordpress\/wp-content\/uploads\/2023\/11\/GIANNI-LANNIVERSARIO-DELLALLUVIONE-DEL-1966-A-SOMOR-DI-FALCADE.mp3<\/a><\/audio>\n<p>&nbsp;<\/p>\n\n\t\t\t<style type='text\/css'>\n\t\t\t\t#gallery-7 {\n\t\t\t\t\tmargin: auto;\n\t\t\t\t}\n\t\t\t\t#gallery-7 .gallery-item {\n\t\t\t\t\tfloat: left;\n\t\t\t\t\tmargin-top: 10px;\n\t\t\t\t\ttext-align: center;\n\t\t\t\t\twidth: 50%;\n\t\t\t\t}\n\t\t\t\t#gallery-7 img {\n\t\t\t\t\tborder: 2px solid #cfcfcf;\n\t\t\t\t}\n\t\t\t\t#gallery-7 .gallery-caption {\n\t\t\t\t\tmargin-left: 0;\n\t\t\t\t}\n\t\t\t\t\/* see gallery_shortcode() in wp-includes\/media.php *\/\n\t\t\t<\/style>\n\t\t<div id='gallery-7' class='dt-gallery-container gallery galleryid-359864 gallery-columns-2 gallery-size-thumbnail'><dl class='gallery-item'>\n\t\t\t\t<dt class='gallery-icon landscape'>\n\t\t\t\t\t<a class=\"rollover rollover-zoom dt-pswp-item\" title=\"631327f4-5860-42a3-b19f-f5de752f4f4a\" data-dt-img-description=\"\" data-large_image_width=\"1600\" data-large_image_height=\"1200\"href='https:\/\/www.radiopiu.net\/wordpress\/wp-content\/uploads\/2023\/11\/631327f4-5860-42a3-b19f-f5de752f4f4a.jpg'><img loading=\"lazy\" decoding=\"async\" width=\"150\" height=\"150\" src=\"https:\/\/www.radiopiu.net\/wordpress\/wp-content\/uploads\/2023\/11\/631327f4-5860-42a3-b19f-f5de752f4f4a-150x150.jpg\" class=\"attachment-thumbnail size-thumbnail\" alt=\"\" \/><\/a>\n\t\t\t\t<\/dt><\/dl><dl class='gallery-item'>\n\t\t\t\t<dt class='gallery-icon portrait'>\n\t\t\t\t\t<a class=\"rollover rollover-zoom dt-pswp-item\" title=\"eba98700-1936-487c-a5a5-0fc85dcbcab3\" data-dt-img-description=\"\" data-large_image_width=\"1200\" data-large_image_height=\"1600\"href='https:\/\/www.radiopiu.net\/wordpress\/wp-content\/uploads\/2023\/11\/eba98700-1936-487c-a5a5-0fc85dcbcab3.jpg'><img loading=\"lazy\" decoding=\"async\" width=\"150\" height=\"150\" src=\"https:\/\/www.radiopiu.net\/wordpress\/wp-content\/uploads\/2023\/11\/eba98700-1936-487c-a5a5-0fc85dcbcab3-150x150.jpg\" class=\"attachment-thumbnail size-thumbnail\" alt=\"\" \/><\/a>\n\t\t\t\t<\/dt><\/dl><br style=\"clear: both\" \/>\n\t\t\t<\/div>\n\n<p>&nbsp;<\/p>\n<hr \/>\n<p>&nbsp;<\/p>\n<blockquote>\n<h3 class=\"entry-title\">FILIERA DEL LEGNO IN CRESCITA VALORIZZARLA PUNTANDO SULL\u2019ARTIGIANALITA&#8217;<\/h3>\n<\/blockquote>\n<p><strong>LONGARONE<\/strong> La filiera del legno in provincia di Belluno sta mostrando una crescita significativa, con un aumento del 18% nell&#8217;attivit\u00e0 di silvicoltura e uso delle aree forestali e addirittura del 21,6% nella produzione di mobili negli ultimi cinque anni. Nella provincia di Belluno ci sono attualmente 741 aziende operanti nella filiera del legno, che rappresentano circa il 9% delle aziende del settore in Veneto. Mentre il settore delle segherie e delle prime lavorazioni ha registrato un calo del 13%, il numero di aziende di produzione di mobili \u00e8 cresciuto del 21,6%. La maggior parte delle imprese sono di tipo artigianale e impiegano 1.687 addetti, di cui il 78% \u00e8 nell&#8217;artigianato. La regione Veneto conta complessivamente su 8.358 imprese nella filiera del legno e 46.582 addetti. La regione ha una superficie forestale di oltre 465.000 ettari, ma solo il 16% di essa \u00e8 dotato di un piano di riassetto valido. La filiera del legno in Veneto ha un saldo commerciale estremamente positivo, con un export che supera di dieci volte l&#8217;import. Le principali destinazioni dei mobili prodotti sono in Europa, come la Francia e la Germania, seguite dagli Stati Uniti. L\u2019appello degli esponenti provinciali, regionali e nazionali di CNA in occasione del convegno \u201cRicostruiamo la filiera del legno\u201d ad Arredamont<\/p>\n\n\t\t\t<style type='text\/css'>\n\t\t\t\t#gallery-8 {\n\t\t\t\t\tmargin: auto;\n\t\t\t\t}\n\t\t\t\t#gallery-8 .gallery-item {\n\t\t\t\t\tfloat: left;\n\t\t\t\t\tmargin-top: 10px;\n\t\t\t\t\ttext-align: center;\n\t\t\t\t\twidth: 16%;\n\t\t\t\t}\n\t\t\t\t#gallery-8 img {\n\t\t\t\t\tborder: 2px solid #cfcfcf;\n\t\t\t\t}\n\t\t\t\t#gallery-8 .gallery-caption {\n\t\t\t\t\tmargin-left: 0;\n\t\t\t\t}\n\t\t\t\t\/* see gallery_shortcode() in wp-includes\/media.php *\/\n\t\t\t<\/style>\n\t\t<div id='gallery-8' class='dt-gallery-container gallery galleryid-359864 gallery-columns-6 gallery-size-thumbnail'><dl class='gallery-item'>\n\t\t\t\t<dt class='gallery-icon landscape'>\n\t\t\t\t\t<a class=\"rollover rollover-zoom dt-pswp-item\" title=\"Appia CNA - Convegno filiera legno Arredamont - Massimo Sposato Presidente Appia CNA Belluno (1)\" data-dt-img-description=\"\" data-large_image_width=\"2560\" data-large_image_height=\"1707\"href='https:\/\/www.radiopiu.net\/wordpress\/wp-content\/uploads\/2023\/11\/Appia-CNA-Convegno-filiera-legno-Arredamont-Massimo-Sposato-Presidente-Appia-CNA-Belluno-1-scaled.jpg'><img loading=\"lazy\" decoding=\"async\" width=\"150\" height=\"150\" src=\"https:\/\/www.radiopiu.net\/wordpress\/wp-content\/uploads\/2023\/11\/Appia-CNA-Convegno-filiera-legno-Arredamont-Massimo-Sposato-Presidente-Appia-CNA-Belluno-1-150x150.jpg\" class=\"attachment-thumbnail size-thumbnail\" alt=\"\" \/><\/a>\n\t\t\t\t<\/dt><\/dl><dl class='gallery-item'>\n\t\t\t\t<dt class='gallery-icon landscape'>\n\t\t\t\t\t<a class=\"rollover rollover-zoom dt-pswp-item\" title=\"Appia CNA - Convegno filiera legno Arredamont - Gianantonio Da Re Eurodeputato\" data-dt-img-description=\"\" data-large_image_width=\"2560\" data-large_image_height=\"1706\"href='https:\/\/www.radiopiu.net\/wordpress\/wp-content\/uploads\/2023\/11\/Appia-CNA-Convegno-filiera-legno-Arredamont-Gianantonio-Da-Re-Eurodeputato-scaled.jpg'><img loading=\"lazy\" decoding=\"async\" width=\"150\" height=\"150\" src=\"https:\/\/www.radiopiu.net\/wordpress\/wp-content\/uploads\/2023\/11\/Appia-CNA-Convegno-filiera-legno-Arredamont-Gianantonio-Da-Re-Eurodeputato-150x150.jpg\" class=\"attachment-thumbnail size-thumbnail\" alt=\"\" \/><\/a>\n\t\t\t\t<\/dt><\/dl><dl class='gallery-item'>\n\t\t\t\t<dt class='gallery-icon landscape'>\n\t\t\t\t\t<a class=\"rollover rollover-zoom dt-pswp-item\" title=\"Appia CNA - Convegno filiera legno Arredamont - Enio Vigne Presidente UNCEM Veneto e Parco Nazionale Dolomiti Bellunesi\" data-dt-img-description=\"\" data-large_image_width=\"2560\" data-large_image_height=\"1707\"href='https:\/\/www.radiopiu.net\/wordpress\/wp-content\/uploads\/2023\/11\/Appia-CNA-Convegno-filiera-legno-Arredamont-Enio-Vigne-Presidente-UNCEM-Veneto-e-Parco-Nazionale-Dolomiti-Bellunesi-scaled.jpg'><img loading=\"lazy\" decoding=\"async\" width=\"150\" height=\"150\" src=\"https:\/\/www.radiopiu.net\/wordpress\/wp-content\/uploads\/2023\/11\/Appia-CNA-Convegno-filiera-legno-Arredamont-Enio-Vigne-Presidente-UNCEM-Veneto-e-Parco-Nazionale-Dolomiti-Bellunesi-150x150.jpg\" class=\"attachment-thumbnail size-thumbnail\" alt=\"\" \/><\/a>\n\t\t\t\t<\/dt><\/dl><dl class='gallery-item'>\n\t\t\t\t<dt class='gallery-icon landscape'>\n\t\t\t\t\t<a class=\"rollover rollover-zoom dt-pswp-item\" title=\"Appia CNA - Convegno filiera legno Arredamont - Carlo Piemonte Direttore Cluster Italia Foresta Legno\" data-dt-img-description=\"\" data-large_image_width=\"2560\" data-large_image_height=\"1706\"href='https:\/\/www.radiopiu.net\/wordpress\/wp-content\/uploads\/2023\/11\/Appia-CNA-Convegno-filiera-legno-Arredamont-Carlo-Piemonte-Direttore-Cluster-Italia-Foresta-Legno-scaled.jpg'><img loading=\"lazy\" decoding=\"async\" width=\"150\" height=\"150\" src=\"https:\/\/www.radiopiu.net\/wordpress\/wp-content\/uploads\/2023\/11\/Appia-CNA-Convegno-filiera-legno-Arredamont-Carlo-Piemonte-Direttore-Cluster-Italia-Foresta-Legno-150x150.jpg\" class=\"attachment-thumbnail size-thumbnail\" alt=\"\" \/><\/a>\n\t\t\t\t<\/dt><\/dl><dl class='gallery-item'>\n\t\t\t\t<dt class='gallery-icon landscape'>\n\t\t\t\t\t<a class=\"rollover rollover-zoom dt-pswp-item\" title=\"Appia CNA - Convegno filiera legno Arredamont - Silvia Cestaro Consigliere Regione Veneto\" data-dt-img-description=\"\" data-large_image_width=\"2560\" data-large_image_height=\"1706\"href='https:\/\/www.radiopiu.net\/wordpress\/wp-content\/uploads\/2023\/11\/Appia-CNA-Convegno-filiera-legno-Arredamont-Silvia-Cestaro-Consigliere-Regione-Veneto-scaled.jpg'><img loading=\"lazy\" decoding=\"async\" width=\"150\" height=\"150\" src=\"https:\/\/www.radiopiu.net\/wordpress\/wp-content\/uploads\/2023\/11\/Appia-CNA-Convegno-filiera-legno-Arredamont-Silvia-Cestaro-Consigliere-Regione-Veneto-150x150.jpg\" class=\"attachment-thumbnail size-thumbnail\" alt=\"\" \/><\/a>\n\t\t\t\t<\/dt><\/dl><dl class='gallery-item'>\n\t\t\t\t<dt class='gallery-icon landscape'>\n\t\t\t\t\t<a class=\"rollover rollover-zoom dt-pswp-item\" title=\"Appia CNA - Convegno filiera legno Arredamont - Sala generica (2)\" data-dt-img-description=\"\" data-large_image_width=\"2560\" data-large_image_height=\"1707\"href='https:\/\/www.radiopiu.net\/wordpress\/wp-content\/uploads\/2023\/11\/Appia-CNA-Convegno-filiera-legno-Arredamont-Sala-generica-2-scaled.jpg'><img loading=\"lazy\" decoding=\"async\" width=\"150\" height=\"150\" src=\"https:\/\/www.radiopiu.net\/wordpress\/wp-content\/uploads\/2023\/11\/Appia-CNA-Convegno-filiera-legno-Arredamont-Sala-generica-2-150x150.jpg\" class=\"attachment-thumbnail size-thumbnail\" alt=\"\" \/><\/a>\n\t\t\t\t<\/dt><\/dl><br style=\"clear: both\" \/><dl class='gallery-item'>\n\t\t\t\t<dt class='gallery-icon landscape'>\n\t\t\t\t\t<a class=\"rollover rollover-zoom dt-pswp-item\" title=\"Appia CNA - Convegno filiera legno Arredamont - Sala generica (1)\" data-dt-img-description=\"\" data-large_image_width=\"2560\" data-large_image_height=\"1707\"href='https:\/\/www.radiopiu.net\/wordpress\/wp-content\/uploads\/2023\/11\/Appia-CNA-Convegno-filiera-legno-Arredamont-Sala-generica-1-scaled.jpg'><img loading=\"lazy\" decoding=\"async\" width=\"150\" height=\"150\" src=\"https:\/\/www.radiopiu.net\/wordpress\/wp-content\/uploads\/2023\/11\/Appia-CNA-Convegno-filiera-legno-Arredamont-Sala-generica-1-150x150.jpg\" class=\"attachment-thumbnail size-thumbnail\" alt=\"\" \/><\/a>\n\t\t\t\t<\/dt><\/dl><dl class='gallery-item'>\n\t\t\t\t<dt class='gallery-icon landscape'>\n\t\t\t\t\t<a class=\"rollover rollover-zoom dt-pswp-item\" title=\"Appia CNA - Convegno filiera legno Arredamont - Nicola Andrighetto ETIFOR\" data-dt-img-description=\"\" data-large_image_width=\"2560\" data-large_image_height=\"1707\"href='https:\/\/www.radiopiu.net\/wordpress\/wp-content\/uploads\/2023\/11\/Appia-CNA-Convegno-filiera-legno-Arredamont-Nicola-Andrighetto-ETIFOR-scaled.jpg'><img loading=\"lazy\" decoding=\"async\" width=\"150\" height=\"150\" src=\"https:\/\/www.radiopiu.net\/wordpress\/wp-content\/uploads\/2023\/11\/Appia-CNA-Convegno-filiera-legno-Arredamont-Nicola-Andrighetto-ETIFOR-150x150.jpg\" class=\"attachment-thumbnail size-thumbnail\" alt=\"\" \/><\/a>\n\t\t\t\t<\/dt><\/dl><dl class='gallery-item'>\n\t\t\t\t<dt class='gallery-icon landscape'>\n\t\t\t\t\t<a class=\"rollover rollover-zoom dt-pswp-item\" title=\"Appia CNA - Convegno filiera legno Arredamont - Moreno De Col - Presidente CNA Veneto (3)\" data-dt-img-description=\"\" data-large_image_width=\"2560\" data-large_image_height=\"1707\"href='https:\/\/www.radiopiu.net\/wordpress\/wp-content\/uploads\/2023\/11\/Appia-CNA-Convegno-filiera-legno-Arredamont-Moreno-De-Col-Presidente-CNA-Veneto-3-scaled.jpg'><img loading=\"lazy\" decoding=\"async\" width=\"150\" height=\"150\" src=\"https:\/\/www.radiopiu.net\/wordpress\/wp-content\/uploads\/2023\/11\/Appia-CNA-Convegno-filiera-legno-Arredamont-Moreno-De-Col-Presidente-CNA-Veneto-3-150x150.jpg\" class=\"attachment-thumbnail size-thumbnail\" alt=\"\" \/><\/a>\n\t\t\t\t<\/dt><\/dl><dl class='gallery-item'>\n\t\t\t\t<dt class='gallery-icon landscape'>\n\t\t\t\t\t<a class=\"rollover rollover-zoom dt-pswp-item\" title=\"Appia CNA - Convegno filiera legno Arredamont - Moreno De Col - Presidente CNA Veneto (2)\" data-dt-img-description=\"\" data-large_image_width=\"2560\" data-large_image_height=\"1707\"href='https:\/\/www.radiopiu.net\/wordpress\/wp-content\/uploads\/2023\/11\/Appia-CNA-Convegno-filiera-legno-Arredamont-Moreno-De-Col-Presidente-CNA-Veneto-2-scaled.jpg'><img loading=\"lazy\" decoding=\"async\" width=\"150\" height=\"150\" src=\"https:\/\/www.radiopiu.net\/wordpress\/wp-content\/uploads\/2023\/11\/Appia-CNA-Convegno-filiera-legno-Arredamont-Moreno-De-Col-Presidente-CNA-Veneto-2-150x150.jpg\" class=\"attachment-thumbnail size-thumbnail\" alt=\"\" \/><\/a>\n\t\t\t\t<\/dt><\/dl><dl class='gallery-item'>\n\t\t\t\t<dt class='gallery-icon landscape'>\n\t\t\t\t\t<a class=\"rollover rollover-zoom dt-pswp-item\" title=\"Appia CNA - Convegno filiera legno Arredamont - Moreno De Col - Presidente CNA Veneto (1)\" data-dt-img-description=\"\" data-large_image_width=\"2560\" data-large_image_height=\"1707\"href='https:\/\/www.radiopiu.net\/wordpress\/wp-content\/uploads\/2023\/11\/Appia-CNA-Convegno-filiera-legno-Arredamont-Moreno-De-Col-Presidente-CNA-Veneto-1-scaled.jpg'><img loading=\"lazy\" decoding=\"async\" width=\"150\" height=\"150\" src=\"https:\/\/www.radiopiu.net\/wordpress\/wp-content\/uploads\/2023\/11\/Appia-CNA-Convegno-filiera-legno-Arredamont-Moreno-De-Col-Presidente-CNA-Veneto-1-150x150.jpg\" class=\"attachment-thumbnail size-thumbnail\" alt=\"\" \/><\/a>\n\t\t\t\t<\/dt><\/dl><dl class='gallery-item'>\n\t\t\t\t<dt class='gallery-icon landscape'>\n\t\t\t\t\t<a class=\"rollover rollover-zoom dt-pswp-item\" title=\"Appia CNA - Convegno filiera legno Arredamont - Michele Dal Farra Presidente Longarone Fiere Dolomiti\" data-dt-img-description=\"\" data-large_image_width=\"2560\" data-large_image_height=\"1707\"href='https:\/\/www.radiopiu.net\/wordpress\/wp-content\/uploads\/2023\/11\/Appia-CNA-Convegno-filiera-legno-Arredamont-Michele-Dal-Farra-Presidente-Longarone-Fiere-Dolomiti-scaled.jpg'><img loading=\"lazy\" decoding=\"async\" width=\"150\" height=\"150\" src=\"https:\/\/www.radiopiu.net\/wordpress\/wp-content\/uploads\/2023\/11\/Appia-CNA-Convegno-filiera-legno-Arredamont-Michele-Dal-Farra-Presidente-Longarone-Fiere-Dolomiti-150x150.jpg\" class=\"attachment-thumbnail size-thumbnail\" alt=\"\" \/><\/a>\n\t\t\t\t<\/dt><\/dl><br style=\"clear: both\" \/>\n\t\t\t<\/div>\n\n<p>&nbsp;<\/p>\n<p>&nbsp;<\/p>\n<hr \/>\n<p>&nbsp;<\/p>\n<blockquote>\n<h3>A LONGARONE IL GAZEBO PER LA RACCOLTA FIRME DELLA CISL A SOSTEGNO DELLA PARTECIPAZIONE ATTIVA DEL LAVORATORI NELLE AZIENDE<\/h3>\n<\/blockquote>\n<p><strong><a class=\"dt-pswp-item\" href=\"https:\/\/www.radiopiu.net\/wordpress\/wp-content\/uploads\/2023\/11\/e4fe82c0-3652-4a42-9d62-b9c16464b3e2.jpg\" data-dt-img-description=\"\" data-large_image_width=\"1600\" data-large_image_height=\"900\"><img loading=\"lazy\" decoding=\"async\" class=\" wp-image-359933 alignleft\" src=\"https:\/\/www.radiopiu.net\/wordpress\/wp-content\/uploads\/2023\/11\/e4fe82c0-3652-4a42-9d62-b9c16464b3e2-300x169.jpg\" alt=\"\" width=\"193\" height=\"109\" srcset=\"https:\/\/www.radiopiu.net\/wordpress\/wp-content\/uploads\/2023\/11\/e4fe82c0-3652-4a42-9d62-b9c16464b3e2-300x169.jpg 300w, https:\/\/www.radiopiu.net\/wordpress\/wp-content\/uploads\/2023\/11\/e4fe82c0-3652-4a42-9d62-b9c16464b3e2-1024x576.jpg 1024w, https:\/\/www.radiopiu.net\/wordpress\/wp-content\/uploads\/2023\/11\/e4fe82c0-3652-4a42-9d62-b9c16464b3e2-768x432.jpg 768w, https:\/\/www.radiopiu.net\/wordpress\/wp-content\/uploads\/2023\/11\/e4fe82c0-3652-4a42-9d62-b9c16464b3e2-1536x864.jpg 1536w, https:\/\/www.radiopiu.net\/wordpress\/wp-content\/uploads\/2023\/11\/e4fe82c0-3652-4a42-9d62-b9c16464b3e2.jpg 1600w\" sizes=\"auto, (max-width: 193px) 100vw, 193px\" \/><\/a>LONGARONE<\/strong> Proseguir\u00e0 per un paio di settimane la raccolta firme promossa dalla Cisl a sostegno della proposta di legge per la partecipazione attiva dei lavoratori alla gestione delle imprese, che tra Belluno e Treviso ha gi\u00e0 sfiorato quota 3mila sottoscrizioni.<\/p>\n<p><strong>DI DANIELE DALVIT<\/strong><\/p>\n<audio class=\"wp-audio-shortcode\" id=\"audio-359864-6\" preload=\"none\" style=\"width: 100%;\" controls=\"controls\"><source type=\"audio\/mpeg\" src=\"https:\/\/www.radiopiu.net\/wordpress\/wp-content\/uploads\/2023\/11\/Radio-Piu-Servizio-Firme-Cisl-Arredamont.mp3?_=6\" \/><a href=\"https:\/\/www.radiopiu.net\/wordpress\/wp-content\/uploads\/2023\/11\/Radio-Piu-Servizio-Firme-Cisl-Arredamont.mp3\">https:\/\/www.radiopiu.net\/wordpress\/wp-content\/uploads\/2023\/11\/Radio-Piu-Servizio-Firme-Cisl-Arredamont.mp3<\/a><\/audio>\n<p>&nbsp;<\/p>\n<hr \/>\n<p>&nbsp;<\/p>\n<blockquote>\n<h3>GLI ALPINI DI PONTE NELLE ALPI CELEBRANO L&#8217;UNITA&#8217; NAZIONALE<\/h3>\n<\/blockquote>\n<p><strong><a class=\"dt-pswp-item\" href=\"https:\/\/www.radiopiu.net\/wordpress\/wp-content\/uploads\/2023\/11\/Alpini_1.jpg\" data-dt-img-description=\"\" data-large_image_width=\"1591\" data-large_image_height=\"718\"><img loading=\"lazy\" decoding=\"async\" class=\"size-medium wp-image-359868 alignleft\" src=\"https:\/\/www.radiopiu.net\/wordpress\/wp-content\/uploads\/2023\/11\/Alpini_1-300x135.jpg\" alt=\"\" width=\"300\" height=\"135\" srcset=\"https:\/\/www.radiopiu.net\/wordpress\/wp-content\/uploads\/2023\/11\/Alpini_1-300x135.jpg 300w, https:\/\/www.radiopiu.net\/wordpress\/wp-content\/uploads\/2023\/11\/Alpini_1-1024x462.jpg 1024w, https:\/\/www.radiopiu.net\/wordpress\/wp-content\/uploads\/2023\/11\/Alpini_1-768x347.jpg 768w, https:\/\/www.radiopiu.net\/wordpress\/wp-content\/uploads\/2023\/11\/Alpini_1-1536x693.jpg 1536w, https:\/\/www.radiopiu.net\/wordpress\/wp-content\/uploads\/2023\/11\/Alpini_1.jpg 1591w\" sizes=\"auto, (max-width: 300px) 100vw, 300px\" \/><\/a>PONTE NELLE ALPI <\/strong>Gli Alpini del gruppo Ponte nelle Alpi-Soverzene hanno scelto il monumento ai Caduti di Lastreghe per la manifestazione nazionale in occasione del 4 novembre. Per volont\u00e0 del presidente Sebastiano Favero, l\u2019iniziativa si \u00e8 svolta nello stesso momento in tutte le localit\u00e0 italiane prescelte: alle ore 19 del 3 novembre.<span class=\"gmail-Apple-converted-space\"> \u00a0<\/span>\u00c8 stata una cerimonia carica di significato, che segna il 105. anniversario della fine del primo conflitto mondiale. Gli Alpini di tutta Italia, infatti, si sono ritrovati davanti al loro monumento in modo corale e simbolico.<span class=\"gmail-Apple-converted-space\">\u00a0<\/span><\/p>\n<p>&nbsp;<\/p>\n<p>&nbsp;<\/p>\n<hr \/>\n<p>&nbsp;<\/p>\n<blockquote>\n<h3>SAN MARTINO A BELLUNO, PROFUMO DI LEGNO TRA LE VIE DELLA CITTA&#8217;<\/h3>\n<\/blockquote>\n\n\t\t\t<style type='text\/css'>\n\t\t\t\t#gallery-9 {\n\t\t\t\t\tmargin: auto;\n\t\t\t\t}\n\t\t\t\t#gallery-9 .gallery-item {\n\t\t\t\t\tfloat: left;\n\t\t\t\t\tmargin-top: 10px;\n\t\t\t\t\ttext-align: center;\n\t\t\t\t\twidth: 25%;\n\t\t\t\t}\n\t\t\t\t#gallery-9 img {\n\t\t\t\t\tborder: 2px solid #cfcfcf;\n\t\t\t\t}\n\t\t\t\t#gallery-9 .gallery-caption {\n\t\t\t\t\tmargin-left: 0;\n\t\t\t\t}\n\t\t\t\t\/* see gallery_shortcode() in wp-includes\/media.php *\/\n\t\t\t<\/style>\n\t\t<div id='gallery-9' class='dt-gallery-container gallery galleryid-359864 gallery-columns-4 gallery-size-thumbnail'><dl class='gallery-item'>\n\t\t\t\t<dt class='gallery-icon portrait'>\n\t\t\t\t\t<a class=\"rollover\" href='https:\/\/www.radiopiu.net\/wordpress\/incidente-mortale-a-listolade-perde-la-vita-un-anziano-di-agordo\/e453f425-f309-4d13-ae48-60bb2ef2e0ee\/'><img loading=\"lazy\" decoding=\"async\" width=\"150\" height=\"150\" src=\"https:\/\/www.radiopiu.net\/wordpress\/wp-content\/uploads\/2023\/11\/e453f425-f309-4d13-ae48-60bb2ef2e0ee-150x150.jpg\" class=\"attachment-thumbnail size-thumbnail\" alt=\"\" \/><\/a>\n\t\t\t\t<\/dt><\/dl><dl class='gallery-item'>\n\t\t\t\t<dt class='gallery-icon portrait'>\n\t\t\t\t\t<a class=\"rollover\" href='https:\/\/www.radiopiu.net\/wordpress\/incidente-mortale-a-listolade-perde-la-vita-un-anziano-di-agordo\/56ebf7a8-c2b0-49f6-aa49-7d769937c30c\/'><img loading=\"lazy\" decoding=\"async\" width=\"150\" height=\"150\" src=\"https:\/\/www.radiopiu.net\/wordpress\/wp-content\/uploads\/2023\/11\/56ebf7a8-c2b0-49f6-aa49-7d769937c30c-150x150.jpg\" class=\"attachment-thumbnail size-thumbnail\" alt=\"\" \/><\/a>\n\t\t\t\t<\/dt><\/dl><dl class='gallery-item'>\n\t\t\t\t<dt class='gallery-icon portrait'>\n\t\t\t\t\t<a class=\"rollover\" href='https:\/\/www.radiopiu.net\/wordpress\/incidente-mortale-a-listolade-perde-la-vita-un-anziano-di-agordo\/8e101b62-7226-40b3-bb4e-0635412f4e10\/'><img loading=\"lazy\" decoding=\"async\" width=\"150\" height=\"150\" src=\"https:\/\/www.radiopiu.net\/wordpress\/wp-content\/uploads\/2023\/11\/8e101b62-7226-40b3-bb4e-0635412f4e10-150x150.jpg\" class=\"attachment-thumbnail size-thumbnail\" alt=\"\" \/><\/a>\n\t\t\t\t<\/dt><\/dl><dl class='gallery-item'>\n\t\t\t\t<dt class='gallery-icon portrait'>\n\t\t\t\t\t<a class=\"rollover\" href='https:\/\/www.radiopiu.net\/wordpress\/incidente-mortale-a-listolade-perde-la-vita-un-anziano-di-agordo\/2b7cda88-aa1c-477f-a3e9-91b31fb9e751\/'><img loading=\"lazy\" decoding=\"async\" width=\"150\" height=\"150\" src=\"https:\/\/www.radiopiu.net\/wordpress\/wp-content\/uploads\/2023\/11\/2b7cda88-aa1c-477f-a3e9-91b31fb9e751-150x150.jpg\" class=\"attachment-thumbnail size-thumbnail\" alt=\"\" \/><\/a>\n\t\t\t\t<\/dt><\/dl><br style=\"clear: both\" \/><dl class='gallery-item'>\n\t\t\t\t<dt class='gallery-icon portrait'>\n\t\t\t\t\t<a class=\"rollover\" href='https:\/\/www.radiopiu.net\/wordpress\/incidente-mortale-a-listolade-perde-la-vita-un-anziano-di-agordo\/232fdba0-294d-4449-9a01-bb16f5fe6985\/'><img loading=\"lazy\" decoding=\"async\" width=\"150\" height=\"150\" src=\"https:\/\/www.radiopiu.net\/wordpress\/wp-content\/uploads\/2023\/11\/232fdba0-294d-4449-9a01-bb16f5fe6985-150x150.jpg\" class=\"attachment-thumbnail size-thumbnail\" alt=\"\" \/><\/a>\n\t\t\t\t<\/dt><\/dl><dl class='gallery-item'>\n\t\t\t\t<dt class='gallery-icon portrait'>\n\t\t\t\t\t<a class=\"rollover\" href='https:\/\/www.radiopiu.net\/wordpress\/incidente-mortale-a-listolade-perde-la-vita-un-anziano-di-agordo\/ae0579a3-501e-425d-be82-d84118eaf7bc\/'><img loading=\"lazy\" decoding=\"async\" width=\"150\" height=\"150\" src=\"https:\/\/www.radiopiu.net\/wordpress\/wp-content\/uploads\/2023\/11\/ae0579a3-501e-425d-be82-d84118eaf7bc-150x150.jpg\" class=\"attachment-thumbnail size-thumbnail\" alt=\"\" \/><\/a>\n\t\t\t\t<\/dt><\/dl><dl class='gallery-item'>\n\t\t\t\t<dt class='gallery-icon portrait'>\n\t\t\t\t\t<a class=\"rollover\" href='https:\/\/www.radiopiu.net\/wordpress\/incidente-mortale-a-listolade-perde-la-vita-un-anziano-di-agordo\/933dbe56-7a56-44d3-9593-510d60da7aa6\/'><img loading=\"lazy\" decoding=\"async\" width=\"150\" height=\"150\" src=\"https:\/\/www.radiopiu.net\/wordpress\/wp-content\/uploads\/2023\/11\/933dbe56-7a56-44d3-9593-510d60da7aa6-150x150.jpg\" class=\"attachment-thumbnail size-thumbnail\" alt=\"\" \/><\/a>\n\t\t\t\t<\/dt><\/dl><dl class='gallery-item'>\n\t\t\t\t<dt class='gallery-icon portrait'>\n\t\t\t\t\t<a class=\"rollover\" href='https:\/\/www.radiopiu.net\/wordpress\/incidente-mortale-a-listolade-perde-la-vita-un-anziano-di-agordo\/c2bb1b11-ac11-4323-b074-32a2776e4967\/'><img loading=\"lazy\" decoding=\"async\" width=\"150\" height=\"150\" src=\"https:\/\/www.radiopiu.net\/wordpress\/wp-content\/uploads\/2023\/11\/c2bb1b11-ac11-4323-b074-32a2776e4967-150x150.jpg\" class=\"attachment-thumbnail size-thumbnail\" alt=\"\" \/><\/a>\n\t\t\t\t<\/dt><\/dl><br style=\"clear: both\" \/>\n\t\t\t<\/div>\n\n<p>&nbsp;<\/p>\n<hr \/>\n<p>&nbsp;<\/p>\n<blockquote>\n<h3>I POMPIERI VOLONTARI DI ARABBA, CAPRILE E COLLE SANTA LUCIA A FAENZA. AIUTATE DUE FAMIGLIE COLPITE DALL&#8217;ALLUVIONE CON I SOLDI RACCOLTI DALLA VENDITA DELLE MAGLIETTE<\/h3>\n<\/blockquote>\n<p><strong>FAENZA (RAVENNA) <\/strong>Sono passati pochi mesi dall&#8217;alluvione che ha colpito l&#8217;Emilia Romagna e ancora oggi i ricordi di quei giorni sono impressi nella mente degli abitanti ma anche di tutti coloro che sono arrivati per aiutare la popolazione colpita. Tra loro anche i Vigili del Fuoco Volontari di Arabba, Colle Santa Lucia e Caprile che nel mese di agosto hanno passato delle intere giornate ad aiutare la gente in difficolt\u00e0. Un&#8217;esperienza che ha toccato e non poco il cuore dei pompieri che al ritorno dall&#8217;esperienza in Emilia Romagna hanno voluto fare qualcosa per aiutare le persone in difficolt\u00e0, in questo caso a Faenza. Nei mesi scorsi i tre distaccamenti agordini hanno organizzato una raccolta fondi grazie alla vendita di magliette: lo scopo di aiutare due famiglie di Faenza seriamente colpite dall&#8217;alluvione. Le famiglie sono state individuate grazie alla Protezione Civile di Faenza e all&#8217;amministrazione comunale del comune ravennate. In questo fine settimana le rappresentanze dei tre distaccamenti agordini sono scese in Emilia Romagna per consegnare la cifra raccolta da destinare alle due famiglie. In totale sono state vendute 500 magliette e sono stati raccolti 3660 euro. Un segnale di solidariet\u00e0 che arriva dall&#8217;Agordino. I capi distaccamento, Ciro Palla per Arabba, Massimo Masarei per Caprile e Fabiano Pezzei per Colle Santa Lucia, ringraziano tutti coloro che hanno acquistato le magliette.<\/p>\n\n\t\t\t<style type='text\/css'>\n\t\t\t\t#gallery-10 {\n\t\t\t\t\tmargin: auto;\n\t\t\t\t}\n\t\t\t\t#gallery-10 .gallery-item {\n\t\t\t\t\tfloat: left;\n\t\t\t\t\tmargin-top: 10px;\n\t\t\t\t\ttext-align: center;\n\t\t\t\t\twidth: 20%;\n\t\t\t\t}\n\t\t\t\t#gallery-10 img {\n\t\t\t\t\tborder: 2px solid #cfcfcf;\n\t\t\t\t}\n\t\t\t\t#gallery-10 .gallery-caption {\n\t\t\t\t\tmargin-left: 0;\n\t\t\t\t}\n\t\t\t\t\/* see gallery_shortcode() in wp-includes\/media.php *\/\n\t\t\t<\/style>\n\t\t<div id='gallery-10' class='dt-gallery-container gallery galleryid-359864 gallery-columns-5 gallery-size-thumbnail'><dl class='gallery-item'>\n\t\t\t\t<dt class='gallery-icon landscape'>\n\t\t\t\t\t<a class=\"rollover rollover-zoom dt-pswp-item\" title=\"3f89207d-d0cf-429f-8c96-b30d792c8522\" data-dt-img-description=\"\" data-large_image_width=\"2048\" data-large_image_height=\"1536\"href='https:\/\/www.radiopiu.net\/wordpress\/wp-content\/uploads\/2023\/11\/3f89207d-d0cf-429f-8c96-b30d792c8522.jpg'><img loading=\"lazy\" decoding=\"async\" width=\"150\" height=\"150\" src=\"https:\/\/www.radiopiu.net\/wordpress\/wp-content\/uploads\/2023\/11\/3f89207d-d0cf-429f-8c96-b30d792c8522-150x150.jpg\" class=\"attachment-thumbnail size-thumbnail\" alt=\"\" \/><\/a>\n\t\t\t\t<\/dt><\/dl><dl class='gallery-item'>\n\t\t\t\t<dt class='gallery-icon portrait'>\n\t\t\t\t\t<a class=\"rollover rollover-zoom dt-pswp-item\" title=\"6a3e63b4-84fd-441d-a310-13db12abf8e9\" data-dt-img-description=\"\" data-large_image_width=\"1536\" data-large_image_height=\"2048\"href='https:\/\/www.radiopiu.net\/wordpress\/wp-content\/uploads\/2023\/11\/6a3e63b4-84fd-441d-a310-13db12abf8e9.jpg'><img loading=\"lazy\" decoding=\"async\" width=\"150\" height=\"150\" src=\"https:\/\/www.radiopiu.net\/wordpress\/wp-content\/uploads\/2023\/11\/6a3e63b4-84fd-441d-a310-13db12abf8e9-150x150.jpg\" class=\"attachment-thumbnail size-thumbnail\" alt=\"\" \/><\/a>\n\t\t\t\t<\/dt><\/dl><dl class='gallery-item'>\n\t\t\t\t<dt class='gallery-icon portrait'>\n\t\t\t\t\t<a class=\"rollover rollover-zoom dt-pswp-item\" title=\"cb31750c-68f5-406b-90db-94480fa9f82b\" data-dt-img-description=\"\" data-large_image_width=\"1536\" data-large_image_height=\"2048\"href='https:\/\/www.radiopiu.net\/wordpress\/wp-content\/uploads\/2023\/11\/cb31750c-68f5-406b-90db-94480fa9f82b.jpg'><img loading=\"lazy\" decoding=\"async\" width=\"150\" height=\"150\" src=\"https:\/\/www.radiopiu.net\/wordpress\/wp-content\/uploads\/2023\/11\/cb31750c-68f5-406b-90db-94480fa9f82b-150x150.jpg\" class=\"attachment-thumbnail size-thumbnail\" alt=\"\" \/><\/a>\n\t\t\t\t<\/dt><\/dl><dl class='gallery-item'>\n\t\t\t\t<dt class='gallery-icon portrait'>\n\t\t\t\t\t<a class=\"rollover rollover-zoom dt-pswp-item\" title=\"f212f1e4-bdf9-45a1-a1c6-1c513ee2840d\" data-dt-img-description=\"\" data-large_image_width=\"1536\" data-large_image_height=\"2048\"href='https:\/\/www.radiopiu.net\/wordpress\/wp-content\/uploads\/2023\/11\/f212f1e4-bdf9-45a1-a1c6-1c513ee2840d.jpg'><img loading=\"lazy\" decoding=\"async\" width=\"150\" height=\"150\" src=\"https:\/\/www.radiopiu.net\/wordpress\/wp-content\/uploads\/2023\/11\/f212f1e4-bdf9-45a1-a1c6-1c513ee2840d-150x150.jpg\" class=\"attachment-thumbnail size-thumbnail\" alt=\"\" \/><\/a>\n\t\t\t\t<\/dt><\/dl><dl class='gallery-item'>\n\t\t\t\t<dt class='gallery-icon portrait'>\n\t\t\t\t\t<a class=\"rollover rollover-zoom dt-pswp-item\" title=\"81d87633-60fb-47db-8b12-92a0bdd98a78\" data-dt-img-description=\"\" data-large_image_width=\"1536\" data-large_image_height=\"2048\"href='https:\/\/www.radiopiu.net\/wordpress\/wp-content\/uploads\/2023\/11\/81d87633-60fb-47db-8b12-92a0bdd98a78.jpg'><img loading=\"lazy\" decoding=\"async\" width=\"150\" height=\"150\" src=\"https:\/\/www.radiopiu.net\/wordpress\/wp-content\/uploads\/2023\/11\/81d87633-60fb-47db-8b12-92a0bdd98a78-150x150.jpg\" class=\"attachment-thumbnail size-thumbnail\" alt=\"\" \/><\/a>\n\t\t\t\t<\/dt><\/dl><br style=\"clear: both\" \/>\n\t\t\t<\/div>\n\n<p>&nbsp;<\/p>\n<hr \/>\n<p>&nbsp;<\/p>\n<blockquote>\n<h3>SMONTATI I PILONI DELLA VECCHIA SEGGIOVIA DI FRASSENE&#8217;<\/h3>\n<\/blockquote>\n<p><strong>VOLTAGO<\/strong> Si sono conclusi i lavori riguardanti lo smontaggio dei piloni, anche in quota, della vecchia seggiovia che da Frassen\u00e9 portava a Malga Losch, verso rifugio Scarpa, migliorando il gi\u00e0 meraviglioso panorama. Ora non resta che portare la ferraglia a valle per lo smaltimento.<\/p>\n<p><strong>FOTO E VIDEO DI MARIO DE MARCO<\/strong><\/p>\n<div style=\"width: 848px;\" class=\"wp-video\"><video class=\"wp-video-shortcode\" id=\"video-359864-3\" width=\"848\" height=\"480\" preload=\"metadata\" controls=\"controls\"><source type=\"video\/mp4\" src=\"https:\/\/www.radiopiu.net\/wordpress\/wp-content\/uploads\/2023\/11\/WhatsApp-Video-2023-11-05-at-12.58.01.mp4?_=3\" \/><a href=\"https:\/\/www.radiopiu.net\/wordpress\/wp-content\/uploads\/2023\/11\/WhatsApp-Video-2023-11-05-at-12.58.01.mp4\">https:\/\/www.radiopiu.net\/wordpress\/wp-content\/uploads\/2023\/11\/WhatsApp-Video-2023-11-05-at-12.58.01.mp4<\/a><\/video><\/div>\n<p>&nbsp;<\/p>\n\n\t\t\t<style type='text\/css'>\n\t\t\t\t#gallery-11 {\n\t\t\t\t\tmargin: auto;\n\t\t\t\t}\n\t\t\t\t#gallery-11 .gallery-item {\n\t\t\t\t\tfloat: left;\n\t\t\t\t\tmargin-top: 10px;\n\t\t\t\t\ttext-align: center;\n\t\t\t\t\twidth: 50%;\n\t\t\t\t}\n\t\t\t\t#gallery-11 img {\n\t\t\t\t\tborder: 2px solid #cfcfcf;\n\t\t\t\t}\n\t\t\t\t#gallery-11 .gallery-caption {\n\t\t\t\t\tmargin-left: 0;\n\t\t\t\t}\n\t\t\t\t\/* see gallery_shortcode() in wp-includes\/media.php *\/\n\t\t\t<\/style>\n\t\t<div id='gallery-11' class='dt-gallery-container gallery galleryid-359864 gallery-columns-2 gallery-size-medium'><dl class='gallery-item'>\n\t\t\t\t<dt class='gallery-icon landscape'>\n\t\t\t\t\t<a class=\"rollover rollover-zoom dt-pswp-item\" title=\"09c3fd26-3773-458e-be0e-574fa5fa4734\" data-dt-img-description=\"\" data-large_image_width=\"1600\" data-large_image_height=\"976\"href='https:\/\/www.radiopiu.net\/wordpress\/wp-content\/uploads\/2023\/11\/09c3fd26-3773-458e-be0e-574fa5fa4734.jpg'><img loading=\"lazy\" decoding=\"async\" width=\"300\" height=\"183\" src=\"https:\/\/www.radiopiu.net\/wordpress\/wp-content\/uploads\/2023\/11\/09c3fd26-3773-458e-be0e-574fa5fa4734-300x183.jpg\" class=\"attachment-medium size-medium\" alt=\"\" srcset=\"https:\/\/www.radiopiu.net\/wordpress\/wp-content\/uploads\/2023\/11\/09c3fd26-3773-458e-be0e-574fa5fa4734-300x183.jpg 300w, https:\/\/www.radiopiu.net\/wordpress\/wp-content\/uploads\/2023\/11\/09c3fd26-3773-458e-be0e-574fa5fa4734-1024x625.jpg 1024w, https:\/\/www.radiopiu.net\/wordpress\/wp-content\/uploads\/2023\/11\/09c3fd26-3773-458e-be0e-574fa5fa4734-768x468.jpg 768w, https:\/\/www.radiopiu.net\/wordpress\/wp-content\/uploads\/2023\/11\/09c3fd26-3773-458e-be0e-574fa5fa4734-1536x937.jpg 1536w, https:\/\/www.radiopiu.net\/wordpress\/wp-content\/uploads\/2023\/11\/09c3fd26-3773-458e-be0e-574fa5fa4734.jpg 1600w\" sizes=\"auto, (max-width: 300px) 100vw, 300px\" \/><\/a>\n\t\t\t\t<\/dt><\/dl><dl class='gallery-item'>\n\t\t\t\t<dt class='gallery-icon landscape'>\n\t\t\t\t\t<a class=\"rollover rollover-zoom dt-pswp-item\" title=\"d91ef27d-60c7-4a10-93e8-3d73500781be\" data-dt-img-description=\"\" data-large_image_width=\"1600\" data-large_image_height=\"1200\"href='https:\/\/www.radiopiu.net\/wordpress\/wp-content\/uploads\/2023\/11\/d91ef27d-60c7-4a10-93e8-3d73500781be.jpg'><img loading=\"lazy\" decoding=\"async\" width=\"300\" height=\"225\" src=\"https:\/\/www.radiopiu.net\/wordpress\/wp-content\/uploads\/2023\/11\/d91ef27d-60c7-4a10-93e8-3d73500781be-300x225.jpg\" class=\"attachment-medium size-medium\" alt=\"\" srcset=\"https:\/\/www.radiopiu.net\/wordpress\/wp-content\/uploads\/2023\/11\/d91ef27d-60c7-4a10-93e8-3d73500781be-300x225.jpg 300w, https:\/\/www.radiopiu.net\/wordpress\/wp-content\/uploads\/2023\/11\/d91ef27d-60c7-4a10-93e8-3d73500781be-1024x768.jpg 1024w, https:\/\/www.radiopiu.net\/wordpress\/wp-content\/uploads\/2023\/11\/d91ef27d-60c7-4a10-93e8-3d73500781be-768x576.jpg 768w, https:\/\/www.radiopiu.net\/wordpress\/wp-content\/uploads\/2023\/11\/d91ef27d-60c7-4a10-93e8-3d73500781be-1536x1152.jpg 1536w, https:\/\/www.radiopiu.net\/wordpress\/wp-content\/uploads\/2023\/11\/d91ef27d-60c7-4a10-93e8-3d73500781be.jpg 1600w\" sizes=\"auto, (max-width: 300px) 100vw, 300px\" \/><\/a>\n\t\t\t\t<\/dt><\/dl><br style=\"clear: both\" \/>\n\t\t\t<\/div>\n\n<p>&nbsp;<\/p>\n<hr \/>\n<p>&nbsp;<\/p>\n<blockquote>\n<h3><a class=\"dt-pswp-item\" href=\"https:\/\/www.radiopiu.net\/wordpress\/wp-content\/uploads\/2022\/03\/LOGO-PACE-E-DISARMO.jpg\" data-dt-img-description=\"\" data-large_image_width=\"1200\" data-large_image_height=\"1200\"><img loading=\"lazy\" decoding=\"async\" class=\" wp-image-264065 alignleft\" src=\"https:\/\/www.radiopiu.net\/wordpress\/wp-content\/uploads\/2022\/03\/LOGO-PACE-E-DISARMO-300x300.jpg\" alt=\"\" width=\"113\" height=\"113\" srcset=\"https:\/\/www.radiopiu.net\/wordpress\/wp-content\/uploads\/2022\/03\/LOGO-PACE-E-DISARMO-300x300.jpg 300w, https:\/\/www.radiopiu.net\/wordpress\/wp-content\/uploads\/2022\/03\/LOGO-PACE-E-DISARMO-1024x1024.jpg 1024w, https:\/\/www.radiopiu.net\/wordpress\/wp-content\/uploads\/2022\/03\/LOGO-PACE-E-DISARMO-150x150.jpg 150w, https:\/\/www.radiopiu.net\/wordpress\/wp-content\/uploads\/2022\/03\/LOGO-PACE-E-DISARMO-768x768.jpg 768w, https:\/\/www.radiopiu.net\/wordpress\/wp-content\/uploads\/2022\/03\/LOGO-PACE-E-DISARMO.jpg 1200w\" sizes=\"auto, (max-width: 113px) 100vw, 113px\" \/><\/a>PACE E DISARMO CHIEDONO LA PACE TRA ISRAELIANI E PALESTINESI<\/h3>\n<\/blockquote>\n<p><strong>BELLUNO<\/strong> Fermiamo la violenza, aiutiamo israeliani e palestinesi a fare la pace. Due frasi semplici, un appello ragionevole. E\u0300 questo l\u2019invito che Pace &amp; Disarmo, coordinamento provinciale di Belluno, lancia a tutti i cittadini per venerdi\u0300 10 novembre alle ore 18.00 in piazza Duomo. A chi partecipera\u0300 si chiede di sventolare la bandiera della pace, di cantare e di tenere accesa una candela.<\/p>\n<p>&nbsp;<\/p>\n<p>&nbsp;<\/p>\n<hr \/>\n<p>&nbsp;<\/p>\n<blockquote>\n<h3>IL CONSIGLIO COMUNALE DI VOLTAGO<\/h3>\n<\/blockquote>\n<p><strong>VOLTAGO<\/strong> Domani alle 18 consiglio comunale convocato dal sindaco Giuseppe Schena. All&#8217;ordine del giorno l&#8217;interrogazione delle consigliere Francesca Della Lucia e Federica Benvegn\u00f9 inerente la frazione di Frassen\u00e9. Variazione al bilancio, debiti fuori bilancio per 117mila euro, servizi associati, regolamenti per la concessione del patrocinio e sull&#8217;utilizz del canale telegram informazione al cittadino.<\/p>\n<p>&nbsp;<\/p>\n<p>&nbsp;<\/p>\n<hr \/>\n<p>&nbsp;<\/p>\n<blockquote>\n<h3>UN BANDO PER 23 ATLETI DA ASSEGNARE ALLE FIAMME ORO<\/h3>\n<\/blockquote>\n<p><strong>BELLUNO <\/strong>Sul Portale Unico del reclutamento, disponibile all\u2019indirizzo <a href=\"http:\/\/www.inpa.gov.it\">www.inpa.gov.it<\/a> nonch\u00e9 sul sito <a href=\"http:\/\/www.poliziadistato.it\">www.poliziadistato.it<\/a>, in data 27 ottobre 2023, \u00e8 stato pubblicato il bando di concorso pubblico, per titoli per l\u2019assunzione di 23 atleti da assegnare ai gruppi sportivi \u201cPolizia di Stato \u2013 Fiamme Oro\u201d, che saranno inquadrati nel ruolo degli genti e assistenti della Polizia di Stato, con la qualifica di agente. La domanda di partecipazione al concorso deve essere presentata entro il termine di trenta giorni, \u00a0decorrenti dal giorno successivo alla data di pubblicazione del bando sul\u00a0 Portale unico di reclutamento (<a href=\"http:\/\/www.inpa.gov.it\">www.inpa.gov.it<\/a>) o mediante la procedura informatica disponibile all\u2019indirizzo <a href=\"https:\/\/concorsionline.poliziadistato.it\">https:\/\/concorsionline.poliziadistato.it<\/a>.<\/p>\n<p>&nbsp;<\/p>\n<p>&nbsp;<\/p>\n<hr \/>\n<p>&nbsp;<\/p>\n<blockquote>\n<h3>MEDIO ORIENTE E UCRAINA: GLI STUDENTI DI BELLUNO A CONFRONTO CON IL GIORNALISTA CREMONESI<\/h3>\n<\/blockquote>\n<p><strong>BELLUNO<\/strong> Le Scuole in Rete e APS Gianni Ballerio organizzano l&#8217;incontro &#8220;Quarant&#8217;anni di conflitti rimossi dal Medio Oriente all&#8217;Ucraina&#8221; per affrontare i temi dei conflitti in Ucraina e nel Medio Oriente. L&#8217;evento, tenuto da Lorenzo Cremonesi, un noto inviato di guerra, analizzer\u00e0 le cause e le prospettive future di questi conflitti. Cremonesi ha esperienza diretta in zone di conflitto come Ucraina, Palestina, Iraq, Libano, Afghanistan, Pakistan, Siria e Libia. L&#8217;incontro si terr\u00e0 online domani alle 9 e sar\u00e0 disponibile in streaming sul sito studentibelluno.it.<\/p>\n<p>&nbsp;<\/p>\n<p>&nbsp;<\/p>\n<hr \/>\n<p>&nbsp;<\/p>\n<blockquote>\n<h3>LA MOSTRA FOTOGRAFICA TESTIMONI DEL TEMPO<\/h3>\n<\/blockquote>\n<p><strong>LONGARONE<\/strong> Prosegue la mostra fotografica &#8220;Testimoni del tempo \u2013 Quando le immagini raccontano la storia\u201d. Accolta al Centro culturale \u201cParri\u201d di Longarone, l\u2019esposizione potr\u00e0 essere visitata fino alla fine del mese. E non di ottobre, come previsto in un primo momento, bens\u00ec di novembre. Le immagini di Bepi Zanfron e della giovane Nicoletta Valla, infatti, sono state apprezzate al punto da far scattare la proroga della mostra<\/p>\n<p>&nbsp;<\/p>\n<p>&nbsp;<\/p>\n<hr \/>\n<p>&nbsp;<\/p>\n<blockquote>\n<h3 class=\"entry-title\">IMPRESE VENETE: E\u2019 CREDIT CRUNCH \u2013 LE PICCOLISSIME NELLA STRETTA CREDITIZIA<\/h3>\n<\/blockquote>\n<p class=\"p1\"><b class=\"photoswipe-wrapper\"><a class=\"dt-pswp-item pspw-wrap-ready\" href=\"https:\/\/www.radiopiu.net\/wordpress\/wp-content\/uploads\/2023\/11\/Schermata-2023-11-04-alle-15.11.27.png\" data-dt-img-description=\"\" data-large_image_width=\"1228\" data-large_image_height=\"1540\"><img loading=\"lazy\" decoding=\"async\" class=\"size-medium wp-image-359926 alignleft\" src=\"https:\/\/www.radiopiu.net\/wordpress\/wp-content\/uploads\/2023\/11\/Schermata-2023-11-04-alle-15.11.27-239x300.png\" sizes=\"auto, (max-width: 239px) 100vw, 239px\" srcset=\"https:\/\/www.radiopiu.net\/wordpress\/wp-content\/uploads\/2023\/11\/Schermata-2023-11-04-alle-15.11.27-239x300.png 239w, https:\/\/www.radiopiu.net\/wordpress\/wp-content\/uploads\/2023\/11\/Schermata-2023-11-04-alle-15.11.27-817x1024.png 817w, https:\/\/www.radiopiu.net\/wordpress\/wp-content\/uploads\/2023\/11\/Schermata-2023-11-04-alle-15.11.27-768x963.png 768w, https:\/\/www.radiopiu.net\/wordpress\/wp-content\/uploads\/2023\/11\/Schermata-2023-11-04-alle-15.11.27-1225x1536.png 1225w, https:\/\/www.radiopiu.net\/wordpress\/wp-content\/uploads\/2023\/11\/Schermata-2023-11-04-alle-15.11.27.png 1228w\" alt=\"\" width=\"239\" height=\"300\" \/><\/a>Dopo le Marche, il Veneto \u00e8 la regione d\u2019Italia dove le piccolissime imprese sono state pi\u00f9 interessate dalla stretta creditizia<\/b><\/p>\n<p class=\"p1\">E\u2019 ormai credit crunch: nell\u2019ultimo anno in cui i dati sono disponibili (agosto 2023 su stesso mese del 2022), gli impieghi bancari vivi alle imprese venete con meno di 20 addetti sono diminuiti del 10,2 per cento. In termini assoluti la contrazione \u00e8 stata pari a 1,3 miliardi di euro. A livello nazionale solo le micro aziende delle Marche (-11,1 per cento) hanno subito una flessione percentuale superiore alla nostra (vedi Tab. 1). Ricordiamo che le aziende con meno di 20 addetti costituiscono il 98 per cento circa delle aziende totali presenti in Veneto.<\/p>\n<p><strong>L\u2019Sos \u00e8 lanciato dall\u2019Ufficio studi della CGIA.<\/strong><\/p>\n<p>Quali sono le cause di questa stretta creditizia alle nostre piccolissime imprese? In linea di massima sono almeno tre e strettamente legate tra loro. In sintesi esse sono:<\/p>\n<p><em>l\u2019aumento dei tassi di interesse imposto dalla BCE in questo ultimo anno ha reso molto costoso indebitarsi. Pertanto, molte imprese, soprattutto di media\/grande dimensione, hanno preferito ricorrere a forme di autofinanziamento;<\/em><\/p>\n<p><em>il calo dei volumi di credito \u00e8 correlato anche alla frenata del Pil che ha provocato una flessione della domanda di prestiti;<\/em><\/p>\n<p><em>le banche hanno meno liquidit\u00e0 a disposizione sia perch\u00e9 devono restituire alla BCE i fondi Tltro (altri 174 miliardi di euro entro settembre 2024), sia perch\u00e9 la raccolta \u00e8 diminuita;<\/em><\/p>\n<p>La combinazione di questi fenomeni ha spinto molti istituti di credito a \u201csacrificare\u201d il credito pi\u00f9 complicato: ovvero quello da erogare alle piccolissime imprese che, tendenzialmente, presenta costi di istruttoria relativamente pi\u00f9 elevati e una gestione amministrativa molto complicata.<\/p>\n<p><strong class=\"photoswipe-wrapper\"><a class=\"dt-pswp-item pspw-wrap-ready\" href=\"https:\/\/www.radiopiu.net\/wordpress\/wp-content\/uploads\/2023\/11\/Schermata-2023-11-04-alle-15.11.42.png\" data-dt-img-description=\"\" data-large_image_width=\"1228\" data-large_image_height=\"690\"><img loading=\"lazy\" decoding=\"async\" class=\"size-medium wp-image-359925 alignleft\" src=\"https:\/\/www.radiopiu.net\/wordpress\/wp-content\/uploads\/2023\/11\/Schermata-2023-11-04-alle-15.11.42-300x169.png\" sizes=\"auto, (max-width: 300px) 100vw, 300px\" srcset=\"https:\/\/www.radiopiu.net\/wordpress\/wp-content\/uploads\/2023\/11\/Schermata-2023-11-04-alle-15.11.42-300x169.png 300w, https:\/\/www.radiopiu.net\/wordpress\/wp-content\/uploads\/2023\/11\/Schermata-2023-11-04-alle-15.11.42-1024x575.png 1024w, https:\/\/www.radiopiu.net\/wordpress\/wp-content\/uploads\/2023\/11\/Schermata-2023-11-04-alle-15.11.42-768x432.png 768w, https:\/\/www.radiopiu.net\/wordpress\/wp-content\/uploads\/2023\/11\/Schermata-2023-11-04-alle-15.11.42.png 1228w\" alt=\"\" width=\"300\" height=\"169\" \/><\/a>I rischi e cosa fare<\/strong><br \/>\nSenza liquidit\u00e0 una impresa, soprattutto piccola, non pu\u00f2 fare investimenti, spesso \u00e8 costretta a ritardare i pagamenti ai fornitori e nei casi pi\u00f9 critici inizia a non versare con regolarit\u00e0 gli stipendi ai propri dipendenti. Per evitare che tutto questo provochi una chiusura definitiva dell\u2019attivit\u00e0 o, peggio ancora, che i titolari scivolino nella rete tesa dalle organizzazioni criminali che, in questi momenti, sono sempre disponibili a prestare soldi ad aziende in difficolt\u00e0, \u00e8 necessario che il Governo intervenga subito, rifinanziando il fondo di garanzia per le Pmi che era stato potenziato nel periodo del Covid.<\/p>\n<p>Grazie a questo paracadute molti istituti di credito si troverebbero nelle condizioni di prestare i soldi senza correre alcun rischio di veder aumentare le insolvenze. Ricordiamo che tra il marzo 2020 e il giugno 2022, per sostenere le imprese colpite dall\u2019emergenza pandemica il Fondo di Garanzia ha garantito a livello nazionale oltre 256,8 miliardi di euro di prestiti.<\/p>\n<p><strong>Tra le piccole imprese il credit crunch pi\u00f9 forte \u00e8 avvenuto lungo la dorsale adriatica<\/strong><br \/>\nTra le aziende con meno di 20 addetti, nell\u2019ultimo anno (agosto 2023 sullo stesso mese del 2022), la riduzione del credito in Veneto \u00e8 stata pari a 1,3 miliardi di euro (-10,2 per cento). Attualmente, l\u2019ammontare complessivo dei prestiti bancari concessi alle piccolissime imprese della nostra regione \u00e8 di 11,4 miliardi di euro. La contrazione regionale pi\u00f9 importante ha comunque riguardato le Marche (-11,1 per cento pari a un valore assoluto di -421 milioni di euro). Seguono, come gi\u00e0 detto, il Veneto (-10,2 per cento pari a -1,3 miliardi di euro), il Friuli Venezia Giulia (-10,1 per cento che corrisponde a -265 milioni di euro) e la Lombardia (sempre -10,1 per cento pari a -2,3 miliardi di euro). Le situazioni meno \u201ccritiche\u201d si sono verificate in Sardegna (-6,7 per cento pari a -178 milioni di euro), in Trentino Alto Adige (-6,4 per cento pari a -515 milioni di euro) e, in particolar modo, nel Lazio (-6,3 per cento pari a -481 milioni di euro) (vedi Tab. 1).<br \/>\nIn Veneto la stretta ha riguardato soprattutto Padova, Venezia e Rovigo<br \/>\nA livello provinciale veneto, invece, la flessione pi\u00f9 importante ha interessato le piccole imprese con meno di 20 addetti della provincia di Padova che, in un anno, hanno subito un \u201ctaglio\u201d degli impieghi bancari vivi dell\u201911,6 per cento (- 298,5 milioni di euro). Seguono la Citt\u00e0 Metropolitana di Venezia con il -11,3 per cento (-237,7 milioni di euro) e Rovigo con il -10,7 per cento (-74,2 milioni di euro). Pi\u00f9 contenuta la stretta verificatasi a Vicenza e Treviso (entrambe con -10,3 per cento). In termini assoluti, per\u00f2, la prima ha subito una decurtazione dei prestiti pari a 161,9 milioni di euro, la seconda ben 239,6 milioni. Dopodich\u00e8, scorgiamo Belluno con il -8,7 per cento (-41,6 milioni di euro) e, infine, Verona con il -8,3 per cento (-247,5 milioni di euro) (vedi Tab. 2).<\/p>\n<p>&nbsp;<\/p>\n<p>&nbsp;<\/p>\n<hr \/>\n<p>&nbsp;<\/p>\n<h2><span style=\"color: #ff6600;\">ALLA RADIO<\/span><\/h2>\n<h2><strong><img loading=\"lazy\" decoding=\"async\" class=\"alignleft\" src=\"https:\/\/www.radiopiu.net\/wordpress\/wp-content\/uploads\/2019\/11\/favretti.jpeg\" width=\"222\" height=\"111\" \/><\/strong><span style=\"color: #3366ff;\">LA RASSEGNA STAMPA DA L&#8217;AMICO DEL POPOLO<\/span><\/h2>\n<p><strong>AUDIO<\/strong><\/p>\n<p><strong>DI GIANNI SANTOMASO<\/strong><\/p>\n<p>OSPITE: Giorgio Favretti<\/p>\n<audio class=\"wp-audio-shortcode\" id=\"audio-359864-7\" preload=\"none\" style=\"width: 100%;\" controls=\"controls\"><source type=\"audio\/mpeg\" src=\"https:\/\/www.radiopiu.net\/wordpress\/wp-content\/uploads\/2023\/11\/RASSEGNA-GIANNI-1.mp3?_=7\" \/><a href=\"https:\/\/www.radiopiu.net\/wordpress\/wp-content\/uploads\/2023\/11\/RASSEGNA-GIANNI-1.mp3\">https:\/\/www.radiopiu.net\/wordpress\/wp-content\/uploads\/2023\/11\/RASSEGNA-GIANNI-1.mp3<\/a><\/audio>\n<p>&nbsp;<\/p>\n<p>&nbsp;<\/p>\n<h2><strong><a class=\"dt-pswp-item\" href=\"https:\/\/www.radiopiu.net\/wordpress\/wp-content\/uploads\/2020\/12\/DON-GIORGIO-LISE.jpg\" data-dt-img-description=\"\" data-large_image_width=\"1600\" data-large_image_height=\"901\"><img loading=\"lazy\" decoding=\"async\" class=\" wp-image-177420 alignleft\" src=\"https:\/\/www.radiopiu.net\/wordpress\/wp-content\/uploads\/2020\/12\/DON-GIORGIO-LISE-300x169.jpg\" alt=\"\" width=\"215\" height=\"121\" srcset=\"https:\/\/www.radiopiu.net\/wordpress\/wp-content\/uploads\/2020\/12\/DON-GIORGIO-LISE-300x169.jpg 300w, https:\/\/www.radiopiu.net\/wordpress\/wp-content\/uploads\/2020\/12\/DON-GIORGIO-LISE-1024x577.jpg 1024w, https:\/\/www.radiopiu.net\/wordpress\/wp-content\/uploads\/2020\/12\/DON-GIORGIO-LISE-768x432.jpg 768w, https:\/\/www.radiopiu.net\/wordpress\/wp-content\/uploads\/2020\/12\/DON-GIORGIO-LISE-1536x865.jpg 1536w, https:\/\/www.radiopiu.net\/wordpress\/wp-content\/uploads\/2020\/12\/DON-GIORGIO-LISE.jpg 1600w\" sizes=\"auto, (max-width: 215px) 100vw, 215px\" \/><\/a><\/strong><span style=\"color: #339966;\">DUE MINUTI PER TE<\/span><\/h2>\n<p><strong>APPUNTAMENTO DELLA DOMENICA CON IL PENSIERO DI MONSIGNOR GIORGIO LISE<\/strong><\/p>\n<audio class=\"wp-audio-shortcode\" id=\"audio-359864-8\" preload=\"none\" style=\"width: 100%;\" controls=\"controls\"><source type=\"audio\/mpeg\" src=\"https:\/\/www.radiopiu.net\/wordpress\/wp-content\/uploads\/2023\/11\/DON-GIORGIO.mp3?_=8\" \/><a href=\"https:\/\/www.radiopiu.net\/wordpress\/wp-content\/uploads\/2023\/11\/DON-GIORGIO.mp3\">https:\/\/www.radiopiu.net\/wordpress\/wp-content\/uploads\/2023\/11\/DON-GIORGIO.mp3<\/a><\/audio>\n<p>&nbsp;<\/p>\n<p>&nbsp;<\/p>\n<hr \/>\n<p>&nbsp;<\/p>\n<p><img loading=\"lazy\" decoding=\"async\" class=\"wp-image-359482 size-full aligncenter\" src=\"https:\/\/www.radiopiu.net\/wordpress\/wp-content\/uploads\/2023\/11\/8938049633869303275.jpg\" alt=\"\" width=\"500\" height=\"261\" srcset=\"https:\/\/www.radiopiu.net\/wordpress\/wp-content\/uploads\/2023\/11\/8938049633869303275.jpg 500w, https:\/\/www.radiopiu.net\/wordpress\/wp-content\/uploads\/2023\/11\/8938049633869303275-300x157.jpg 300w\" sizes=\"auto, (max-width: 500px) 100vw, 500px\" \/><\/p>\n<p>&nbsp;<\/p>\n<p>&nbsp;<\/p>\n<p>&nbsp;<\/p>\n<p>&nbsp;<\/p>\n<hr \/>\n<p>&nbsp;<\/p>\n<h2><span style=\"color: #ff0000;\">GLI APPUNTAMENTI DELLA SETTIMANA\u00a0<\/span><\/h2>\n<blockquote>\n<h3>CONCERTO CON FILIPPO GAMBA<\/h3>\n<\/blockquote>\n<p><strong>BELLUNO<\/strong> Domani alle 20:30 al teatro Comunale concerto di pianiforte con\u00a0 Filippo Gamba. Ciclo integrale delle Sonate per pianoforte di Beethoven,7\u00b0 concerto.<\/p>\n<p>&nbsp;<\/p>\n<blockquote>\n<h3>SOTTO IL MANTELLO&#8230;CON L&#8217;ASSOCIAZIONE CUCCHINI<\/h3>\n<\/blockquote>\n<p><strong>BELLUNO<\/strong> Appuntamento a cura dell\u2019Associazione Cucchini, venerdi 10 novembre in sala Bianchi alle 18. \u201cSotto il mantello\u201d,\u00a0 relatori &#8211; la dottoressa Cristina Vargas e il dottor Lorenzo Bolzonello,\u00a0 parleranno\u00a0 apertamente del tema delicato dell\u2019avvicinamento al fine vita del morente e al conseguente periodo del lutto per chi resta.<\/p>\n<p>&nbsp;<\/p>\n<blockquote>\n<h3>IL CUORE A TEATRO<\/h3>\n<\/blockquote>\n<p><strong>VOLTAGO<\/strong> Sabato 11 novembre alle 20.30 in sala Polifunzionale G. De Col, &#8220;l&#8217;albergo dei nevrastenici&#8221; con la Compagna del Teatro del cuore. Ingresso ad offerta libera.<\/p>\n<p>&nbsp;<\/p>\n<p>&nbsp;<\/p>\n<p>&nbsp;<\/p>\n<p><strong>agordo<\/strong> LA LUCCIOLATA CON I BOCE DA RIF, GRUPPO ALPINI, COMUNE DI AGORDO. LA LUCCIOLATA DA AGORDO A RIF: DOMENICA 12 NOVEMBRE DALLE 14, DA PIAZZA SANTA MARIA. ALL&#8217;ARRIVO, A RIF, CASTAGNE E VIN BRULE&#8217;. ISCRIZIONE AD OFFERTA LIBERA, E INTERO RICAVATO PER LA GESTIONE DELLA CASA VIA DI NATALE DI AVIANO LA PASSEGGIATA DELLA SOLIDARIETA&#8217;&#8230;.<\/p>\n<p><a class=\"dt-pswp-item\" href=\"https:\/\/www.radiopiu.net\/wordpress\/wp-content\/uploads\/2023\/11\/Senza-nome.png\" data-dt-img-description=\"\" data-large_image_width=\"437\" data-large_image_height=\"399\"><img loading=\"lazy\" decoding=\"async\" class=\"wp-image-359506 aligncenter\" src=\"https:\/\/www.radiopiu.net\/wordpress\/wp-content\/uploads\/2023\/11\/Senza-nome-300x274.png\" alt=\"\" width=\"214\" height=\"195\" srcset=\"https:\/\/www.radiopiu.net\/wordpress\/wp-content\/uploads\/2023\/11\/Senza-nome-300x274.png 300w, https:\/\/www.radiopiu.net\/wordpress\/wp-content\/uploads\/2023\/11\/Senza-nome.png 437w\" sizes=\"auto, (max-width: 214px) 100vw, 214px\" \/><\/a><\/p>\n<p>&nbsp;<\/p>\n<hr \/>\n<p>&nbsp;<\/p>\n<blockquote class=\"wp-embedded-content\" data-secret=\"H4h2YNMfFk\"><p><a href=\"https:\/\/www.radiopiu.net\/wordpress\/la-costruzione-in-pietra-del-ponte-di-lantrago-e-le-grandi-alluvioni-a-la-valle-agordina-nella-seconda-meta-del-1800-sesta-parte\/\">LA COSTRUZIONE IN PIETRA DEL PONTE DI LANTRAGO E LE GRANDI ALLUVIONI A LA VALLE AGORDINA NELLA SECONDA META\u2019 DEL 1800 \u2013 SESTA PARTE<\/a><\/p><\/blockquote>\n<p><iframe loading=\"lazy\" class=\"wp-embedded-content\" sandbox=\"allow-scripts\" security=\"restricted\" style=\"position: absolute; clip: rect(1px, 1px, 1px, 1px);\" title=\"&#8220;LA COSTRUZIONE IN PIETRA DEL PONTE DI LANTRAGO E LE GRANDI ALLUVIONI A LA VALLE AGORDINA NELLA SECONDA META\u2019 DEL 1800 \u2013 SESTA PARTE&#8221; &#8212; Radio Pi\u00f9\" src=\"https:\/\/www.radiopiu.net\/wordpress\/la-costruzione-in-pietra-del-ponte-di-lantrago-e-le-grandi-alluvioni-a-la-valle-agordina-nella-seconda-meta-del-1800-sesta-parte\/embed\/#?secret=aFcftkAs7V#?secret=H4h2YNMfFk\" data-secret=\"H4h2YNMfFk\" width=\"600\" height=\"338\" frameborder=\"0\" marginwidth=\"0\" marginheight=\"0\" scrolling=\"no\"><\/iframe><\/p>\n<p>&nbsp;<\/p>\n<hr \/>\n<p>&nbsp;<\/p>\n<div class=\"message spoilers-container\" dir=\"auto\">\n<div class=\"column\">\n<div class=\"message spoilers-container\" dir=\"auto\">\n<div class=\"column\">\n<p><img loading=\"lazy\" decoding=\"async\" class=\"aligncenter wp-image-61954 size-full\" src=\"https:\/\/www.radiopiu.net\/wordpress\/wp-content\/uploads\/2018\/09\/viabilita.jpeg\" sizes=\"auto, (max-width: 800px) 100vw, 800px\" srcset=\"https:\/\/www.radiopiu.net\/wordpress\/wp-content\/uploads\/2018\/09\/viabilita.jpeg 800w, https:\/\/www.radiopiu.net\/wordpress\/wp-content\/uploads\/2018\/09\/viabilita-300x38.jpeg 300w, https:\/\/www.radiopiu.net\/wordpress\/wp-content\/uploads\/2018\/09\/viabilita-768x96.jpeg 768w\" alt=\"\" width=\"800\" height=\"100\" \/><\/p>\n<\/div>\n<\/div>\n<div class=\"message spoilers-container\" dir=\"auto\">\n<div class=\"column\">\n<p>&nbsp;<\/p>\n<\/div>\n<\/div>\n<\/div>\n<\/div>\n<blockquote class=\"wp-embedded-content\" data-secret=\"5wx6aKoTl1\"><p><a href=\"https:\/\/www.radiopiu.net\/wordpress\/viabilita\/\">viabilita<\/a><\/p><\/blockquote>\n<p><iframe loading=\"lazy\" class=\"wp-embedded-content\" sandbox=\"allow-scripts\" security=\"restricted\" style=\"position: absolute; clip: rect(1px, 1px, 1px, 1px);\" title=\"&#8220;viabilita&#8221; &#8212; Radio Pi\u00f9\" src=\"https:\/\/www.radiopiu.net\/wordpress\/viabilita\/embed\/#?secret=LRtREFWOZ8#?secret=5wx6aKoTl1\" data-secret=\"5wx6aKoTl1\" width=\"600\" height=\"338\" frameborder=\"0\" marginwidth=\"0\" marginheight=\"0\" scrolling=\"no\"><\/iframe><\/p>\n<div class=\"message spoilers-container\" dir=\"auto\">\n<div class=\"column\">\n<div class=\"message spoilers-container\" dir=\"auto\">\n<div class=\"column\">\n<div>\n<div dir=\"ltr\">\n<div class=\"gmail_quote\">\n<div dir=\"ltr\">\n<div><\/div>\n<div><\/div>\n<\/div>\n<\/div>\n<\/div>\n<\/div>\n<hr \/>\n<p>&nbsp;<\/p>\n<p><a class=\"dt-pswp-item\" href=\"https:\/\/www.radiopiu.net\/wordpress\/wp-content\/uploads\/2018\/09\/WhatsApp-Image-2018-09-20-at-16.04.06.jpeg\" data-dt-img-description=\"\" data-large_image_width=\"800\" data-large_image_height=\"100\"><img loading=\"lazy\" decoding=\"async\" class=\"wp-image-61378 size-full aligncenter\" src=\"https:\/\/www.radiopiu.net\/wordpress\/wp-content\/uploads\/2018\/09\/WhatsApp-Image-2018-09-20-at-16.04.06.jpeg\" alt=\"\" width=\"800\" height=\"100\" srcset=\"https:\/\/www.radiopiu.net\/wordpress\/wp-content\/uploads\/2018\/09\/WhatsApp-Image-2018-09-20-at-16.04.06.jpeg 800w, https:\/\/www.radiopiu.net\/wordpress\/wp-content\/uploads\/2018\/09\/WhatsApp-Image-2018-09-20-at-16.04.06-300x38.jpeg 300w, https:\/\/www.radiopiu.net\/wordpress\/wp-content\/uploads\/2018\/09\/WhatsApp-Image-2018-09-20-at-16.04.06-768x96.jpeg 768w\" sizes=\"auto, (max-width: 800px) 100vw, 800px\" \/><\/a><\/p>\n<\/div>\n<\/div>\n<p>&nbsp;<\/p>\n<\/div>\n<\/div>\n<p><center><\/center><center><\/center><center><b>OGGI<\/b><\/center>Per buona parte della giornata cielo poco nuvoloso per modesti addensamenti, fatta salva la possibilit\u00e0 di qualche nebbia o banco di nubi basse al primo mattino in qualche valle; in serata possibile nuova formazione di nubi basse, che potranno risultare anche estese sui settori prealpini.<br \/>\n<b>Precipitazioni: <\/b>Assenti (0%).<br \/>\n<b>Temperature: <\/b>In quota senza notevoli variazioni; nelle valli minime in calo, eccetto in caso di nubi basse, con moderata inversione termica soprattutto nei settori innevati, e massime stazionarie o in lieve calo.<\/p>\n<hr \/>\n<p><center><b>DOMANI<\/b><\/center>Cielo in genere parzialmente nuvoloso per addensamenti irregolari anche per nubi basse, le quali risulteranno pi\u00f9 insistenti sui settori prealpini, dove il tempo potr\u00e0 risultare pi\u00f9 fresco e uggioso.<br \/>\n<b>Precipitazioni: <\/b>Non escluso del tutto qualche breve piovasco o pioviggine fino al pomeriggio, eventualmente pi\u00f9 probabili sulle Prealpi (10\/30%), perlopi\u00f9 assenti sulle Dolomiti (0\/10%); nel caso in cui si verificassero, sar\u00e0 possibile qualche fiocco di neve oltre i 1500\/1700 m.<br \/>\n<b>Temperature: <\/b>In calo in quota; nelle valli minime in aumento e massime in calo.<\/p>\n<hr \/>\n<p><center><b>MERCOLEDI<\/b><\/center>Tempo perlopi\u00f9 soleggiato e stabile, con cielo sereno o poco nuvoloso, anche se si dovr\u00e0 considerare l&#8217;insidia di qualche residua nube bassa fino al primo mattino, specie sulle Prealpi. Temperature minime in calo, eccetto in caso di nubi basse; massime stazionarie.<\/p>\n<hr \/>\n<p><center><b>GIOVEDI<\/b><\/center>Al mattino perlopi\u00f9 soleggiato eccetto in caso di nubi basse, possibili soprattutto su qualche settore prealpino. Al pomeriggio aumento della nuvolosit\u00e0 fino a cielo coperto in serata, quando saranno possibili le prime precipitazioni a partire da ovest, pi\u00f9 diffuse sulle Prealpi.<\/p>\n<p>&nbsp;<\/p>\n<p>&nbsp;<\/p>\n<div class=\"message spoilers-container\" dir=\"auto\">\n<hr \/>\n<p>&nbsp;<\/p>\n<p><img loading=\"lazy\" decoding=\"async\" class=\"wp-image-60761 size-full aligncenter\" src=\"https:\/\/www.radiopiu.net\/wordpress\/wp-content\/uploads\/2018\/09\/sport.jpg\" alt=\"\" width=\"800\" height=\"100\" srcset=\"https:\/\/www.radiopiu.net\/wordpress\/wp-content\/uploads\/2018\/09\/sport.jpg 800w, https:\/\/www.radiopiu.net\/wordpress\/wp-content\/uploads\/2018\/09\/sport-300x38.jpg 300w, https:\/\/www.radiopiu.net\/wordpress\/wp-content\/uploads\/2018\/09\/sport-768x96.jpg 768w\" sizes=\"auto, (max-width: 800px) 100vw, 800px\" \/><\/p>\n<p>&nbsp;<\/p>\n<p><span style=\"color: #0000ff;\"><strong>CALCIO<\/strong><\/span><\/p>\n<blockquote>\n<h3>L&#8217;AGORDINA PERDE CON IL GEMELLE, PIAVE VITTORIOSO CON L&#8217;ALPES CESIO<\/h3>\n<\/blockquote>\n<p><strong><a class=\"dt-pswp-item\" href=\"https:\/\/www.radiopiu.net\/wordpress\/wp-content\/uploads\/2020\/05\/CALCIO-2020.jpg\" data-dt-img-description=\"\" data-large_image_width=\"1920\" data-large_image_height=\"1059\"><img loading=\"lazy\" decoding=\"async\" class=\" wp-image-135669 alignleft\" src=\"https:\/\/www.radiopiu.net\/wordpress\/wp-content\/uploads\/2020\/05\/CALCIO-2020-300x165.jpg\" alt=\"\" width=\"209\" height=\"115\" srcset=\"https:\/\/www.radiopiu.net\/wordpress\/wp-content\/uploads\/2020\/05\/CALCIO-2020-300x165.jpg 300w, https:\/\/www.radiopiu.net\/wordpress\/wp-content\/uploads\/2020\/05\/CALCIO-2020-1024x565.jpg 1024w, https:\/\/www.radiopiu.net\/wordpress\/wp-content\/uploads\/2020\/05\/CALCIO-2020-768x424.jpg 768w, https:\/\/www.radiopiu.net\/wordpress\/wp-content\/uploads\/2020\/05\/CALCIO-2020-1536x847.jpg 1536w, https:\/\/www.radiopiu.net\/wordpress\/wp-content\/uploads\/2020\/05\/CALCIO-2020.jpg 1920w\" sizes=\"auto, (max-width: 209px) 100vw, 209px\" \/><\/a>di Marco Gaz<\/strong><\/p>\n<p><span style=\"color: #ff0000;\"><strong>TERZA CATEGORIA<\/strong><\/span><\/p>\n<p><strong>GEMELLE \u2013 AGORDINA 2-1<\/strong><\/p>\n<p>GOL AGORDINA: Dal Don<\/p>\n<p>Seconda sconfitta consecutiva per l\u2019Agordina di Terza Categoria che non riesce a racimolare punti contro il Gemelle primo della classe. Sul campo di Borgo Valbelluna la squadra di Chiea va sotto per poi pareggiare i conti nella ripresa ma nel finale il Gemelle trova il gol della vittoria. Padroni di casa che iniziano subito a premere sfiorando la traversa con la prima conclusione. Risponde l\u2019Agordina ma il cross in area di Sibillon non viene deviato da nessuno. Al 22\u2019 Gemelle in vantaggio su ribaltamento di fronte. Nel finale di tempo i ragazzi di Agordo si avvicinano al gol con Dal Don e subito dopo Mezzacasa e Pellegrini si ostacolano al momento del tiro. Nella ripresa arriva subito il pareggio degli uomini di Chiea grazie ad una punizione di Dal Don. Continuano a premere gli agordini che per\u00f2 non riescono a trovare il gol del vantaggio. In pieno recupero il Gemelle chiude la sfida con la rete che vale i tre punti.<\/p>\n<p><strong>ALPES CESIO \u2013 PIAVE 0-2<\/strong><\/p>\n<p><strong>IL SERVIZIO DI ANDREA BALDASSI, PORTAVOCE DEL PIAVE CALCIO<\/strong><\/p>\n<audio class=\"wp-audio-shortcode\" id=\"audio-359864-9\" preload=\"none\" style=\"width: 100%;\" controls=\"controls\"><source type=\"audio\/mpeg\" src=\"https:\/\/www.radiopiu.net\/wordpress\/wp-content\/uploads\/2023\/11\/BALDA-PIAVE.mp3?_=9\" \/><a href=\"https:\/\/www.radiopiu.net\/wordpress\/wp-content\/uploads\/2023\/11\/BALDA-PIAVE.mp3\">https:\/\/www.radiopiu.net\/wordpress\/wp-content\/uploads\/2023\/11\/BALDA-PIAVE.mp3<\/a><\/audio>\n<p>&nbsp;<\/p>\n<p><span style=\"color: #008000;\"><strong>GIOVANILI AGORDINA<\/strong><\/span><\/p>\n<p><span style=\"color: #ff0000;\"><strong>JUNIORES<\/strong><\/span><\/p>\n<p><strong>AGORDINA \u2013 PARE\u2019 3-0<\/strong><\/p>\n<p>GOL AGORDINA: 2 Autogol, Tafallari<\/p>\n<p>Continua a vincere la Juniores di De Zaiacomo che rimane in testa alla classifica del campionato delle provincie di Belluno e Treviso. A pagarne le spese il Par\u00e8 che all\u2019Ivano Dorigo di Agordo esce sconfitto per 3 a 0. Al 33\u2019 si aprono le marcature con un autogol, palla di Paolin che viene deviata da un avversario. Nella ripresa il secondo gol ancora su autorete. Confusione in area, tiro di Casera e deviazione di un difensore del Par\u00e8. Nel finale la terza rete agordina con Tafallari che in contropiede anticipa il portiere.<\/p>\n<p><span style=\"color: #ff0000;\"><strong>ALLIEVI <\/strong><\/span><\/p>\n<p><strong>AGORDINA \u2013 PIAVE 6-2<\/strong><\/p>\n<p>GOL AGORDINA: 3 Soccol, 2 Ganz, Marcon<\/p>\n<p>Punteggio tennistico per l\u2019Agordina di Renato Orzetti che incamera tre punti facili contro il Piave. Soccol e Ganz portano in vantaggio la formazione di Agordo nel primo tempo. Nella ripresa l\u2019Agordina dilaga con altre due reti di Soccol e un gol a testa per Ganz e Marcon. Il Piave si deve accontentare di due reti messe a segno.<\/p>\n<p><span style=\"color: #ff0000;\"><strong>GIOVANISSIMI<\/strong><\/span><\/p>\n<p><strong>DYNAMO VELLAI \u2013 AGORDINA sq. A 2-7<\/strong><\/p>\n<p>GOL AGORDINA: 3 Da Ronch, 2 Rudatis, Dell\u2019Osbel, Decima<\/p>\n<p>Ottima prestazione della squadra A dell\u2019Agordina Giovanissimi che torna a vincere e lo fa con un ampio punteggio. In terra feltrina i giovani agordini rifilano sette gol alla Dynamo Vellai e con i tre punti conquistati restano al secondo posto della classifica.<\/p>\n<p><strong>AGORDINA sq. B \u2013 PEDAVENA 0-3<\/strong><\/p>\n<p>Ancora una sconfitta per la seconda squadra dell\u2019Agordina Giovanissimi che sul campo di Canale D\u2019Agordo non riesce a contenere il Pedavena. Penultima posizione in classifica per gli agordini con una sola vittoria in stagione.<\/p>\n<p>&nbsp;<\/p>\n<p><span style=\"color: #0000ff;\"><strong>HOCKEY SU GHIACCIO<\/strong><\/span><\/p>\n<blockquote>\n<h3>ALLEGHE VITTORIOSO AD APPIANO, FELTRE SCONFITTO DAI CAMPIONI IN CARICA DEL VARESE<\/h3>\n<\/blockquote>\n<p><strong><a class=\"dt-pswp-item\" href=\"https:\/\/www.radiopiu.net\/wordpress\/wp-content\/uploads\/2023\/10\/hockey.jpg\" data-dt-img-description=\"\" data-large_image_width=\"1280\" data-large_image_height=\"961\"><img loading=\"lazy\" decoding=\"async\" class=\" wp-image-359038 alignleft\" src=\"https:\/\/www.radiopiu.net\/wordpress\/wp-content\/uploads\/2023\/10\/hockey-300x225.jpg\" alt=\"\" width=\"188\" height=\"141\" srcset=\"https:\/\/www.radiopiu.net\/wordpress\/wp-content\/uploads\/2023\/10\/hockey-300x225.jpg 300w, https:\/\/www.radiopiu.net\/wordpress\/wp-content\/uploads\/2023\/10\/hockey-1024x769.jpg 1024w, https:\/\/www.radiopiu.net\/wordpress\/wp-content\/uploads\/2023\/10\/hockey-768x577.jpg 768w, https:\/\/www.radiopiu.net\/wordpress\/wp-content\/uploads\/2023\/10\/hockey.jpg 1280w\" sizes=\"auto, (max-width: 188px) 100vw, 188px\" \/><\/a>di Marco Gaz<\/strong><\/p>\n<p><span style=\"color: #ff0000;\"><strong>UNDICESIMA GIORNTA IHL<\/strong><\/span><\/p>\n<p><strong>APPIANO \u2013 ALLEGHE 3-5<\/strong><\/p>\n<p>PARZIALI: 1-1, 1-3, 1-1<\/p>\n<p>GOL: Pt. 4\u201932\u201d Testori, 16\u201945\u201d Tombolato. St. 6\u201926\u201d G. Vinatzer, 8\u201912\u201d Graf, 10\u201914\u201d A. Vinatzer, 14\u201952\u201d De Val. Tt. 11\u201922\u201d A. Vinatzer, 12\u201955\u201d Frick<\/p>\n<p>Dopo il passo falso di mercoled\u00ec scorso con il Bressanone, l\u2019Alleghe torna a vincere e lo fa sul campo ostico di Appiano dopo una partita giocata a ritmi alti in cui le civette hanno saputo essere pi\u00f9 incisive sotto porta. Un match maschio con scontri al limite del regolamento. Tre punti importanti per la squadra allenata da Scapienello che la prossima settimana dovr\u00e0 affrontare la lunga trasferta in terra lombarda per affrontare i campioni in carica del Varese. \u00a0Bastano pochi minuti alle civette per sbloccare il punteggio. A siglare la rete del vantaggio alleghese ci pensa Testori che riesce a sorprendere il portiere avversario. Gli altoatesini non ci stanno e prendono di mira la porta difesa da Scola. In pi\u00f9 occasioni il golie agordino deve fare gli straordinari per salvare il risultato. L\u2019Appiano pareggia i conti. Tutto nasce da una penalit\u00e0 combinata agli alleghesi. Confusione in area e disco che termina alle spalle di Scola. Ad inizio secondo tempo gli agordini sembrano stentare ad ingranare la marcia giusta. L\u2019Appiano gestisce bene la partita giocando duro al limite del regolamento. Nel peggiore momento per le civette, l\u2019Alleghe si riporta in vantaggio. Agordini con l\u2019uomo in pi\u00f9 e colpo vincente di Gabriel Vinatzer. Ma la risposta altoatesina arriva subito dopo. Appiano in powerplay e gol di Graf. I biancorossi tirano fuori le unghie e nel giro di pochi minuti calano il poker. Andreas Vinatzer riporta avanti l\u2019Alleghe e dopo De Val trova il pertugio per battere il portiere. I ragazzi di Scapinello cercano di gestire al meglio la partita concedendo poco o niente ai padroni di casa. A chiudere la sfida ci pensa Andreas Vinatzer che mette la firma sulla doppietta personale. Errore difensivo degli agordini e Appiano che accorcia le distanze subito dopo. Nel finale i padroni di casa provano a colpire con il sesto uomo di movimento ma gli alleghesi si chiudono in difesa incamerando tre punti importanti.<\/p>\n<p><strong>FELTRE \u2013 VARESE 2-4<\/strong><\/p>\n<p>PARZIALI: 0-0, 1-2, 1-2<\/p>\n<p>GOL: St. 1\u201914\u201d e 7\u201912\u201d Pietroniro, 8\u201904\u201d Blaha, Tt. 3\u201952\u201d Blaha, 13\u201921\u201d Pietroniro, 19\u201926\u201d Piroso<\/p>\n<p>Il Varese incamera tre punti ed espugna il Drio Le Rive di Feltre dopo una partita combattuta con i padroni di casa che vanno sotto per due volte, recuperano poi crollano nel finale. \u00a0Il Feltre soffre le incursioni dei ccampioni in carica del Varese ma riesce a creare anche delle buone occasioni. La difesa feltrina si difende bene e si va alla prima pausa con il risultato ad occhiali. Al rientro dagli spogliatoi il Varese si porta in vantaggio. Lombardi che raddoppiano ma il Feltre reagisce e accorcia subito le distanze con Blaha. Nel terzo drittel i padroni di casa trovano il pareggio, ancora con Blaha. La partita sembra prendere il binario giusto per i feltrini ma i campioni in carica riescono a riportarsi avanti.<\/p>\n<p><strong>CLASSIFICA<\/strong><\/p>\n<p>Caldaro 27 punti, Pergine 24, Varese 21, Alleghe 19, Appiano 18, Feltre 14, Fiemme e Bressanone 12, Como 8, Valpellice 7, Dobbiaco 3.<\/p>\n<p>&nbsp;<\/p>\n<blockquote>\n<h3>UN BUON FINE SETTIMANA PER LE GIOVANI DELL&#8217;ALLEGHE HOCKEY<\/h3>\n<\/blockquote>\n<p><strong><a class=\"dt-pswp-item\" href=\"https:\/\/www.radiopiu.net\/wordpress\/wp-content\/uploads\/2022\/01\/HOCKEY-2022.jpg\" data-dt-img-description=\"\" data-large_image_width=\"1920\" data-large_image_height=\"1280\"><img loading=\"lazy\" decoding=\"async\" class=\" wp-image-255780 alignleft\" src=\"https:\/\/www.radiopiu.net\/wordpress\/wp-content\/uploads\/2022\/01\/HOCKEY-2022-300x200.jpg\" alt=\"\" width=\"161\" height=\"107\" srcset=\"https:\/\/www.radiopiu.net\/wordpress\/wp-content\/uploads\/2022\/01\/HOCKEY-2022-300x200.jpg 300w, https:\/\/www.radiopiu.net\/wordpress\/wp-content\/uploads\/2022\/01\/HOCKEY-2022-1024x683.jpg 1024w, https:\/\/www.radiopiu.net\/wordpress\/wp-content\/uploads\/2022\/01\/HOCKEY-2022-768x512.jpg 768w, https:\/\/www.radiopiu.net\/wordpress\/wp-content\/uploads\/2022\/01\/HOCKEY-2022-1536x1024.jpg 1536w, https:\/\/www.radiopiu.net\/wordpress\/wp-content\/uploads\/2022\/01\/HOCKEY-2022.jpg 1920w\" sizes=\"auto, (max-width: 161px) 100vw, 161px\" \/><\/a>di Marco Gaz<\/strong><\/p>\n<p><span style=\"color: #ff0000;\"><strong>UNDER 19<\/strong><\/span><\/p>\n<p><strong>CORTINA\/ALLEGHE \u2013 VAL PUSTERIA 8-4<\/strong><\/p>\n<p>GOL CORTINA\/ALLEGHE: 5 De Luca, 2 Talamini, Consatntini<\/p>\n<p>Tutto facile per la formazione del Cortina\/Alleghe under 19 che all\u2019Olimpico di Cortina fa la voce grossa con il Val Pusteria. Dopo un primo tempo combattuto la compagine bellunese mette al sicuro il risultato nel secondo tempo per poi dilagare nella terza frazione. Talamini porta in vantaggio la squadra mista e gli altoatesini rispondono. De Luca va a segno subito dopo ma la risposta degli ospiti non si fa attendere. Constantini e De Luca portano a quattro le marcature prima della prima pausa. Cortina\/Alleghe che incrementa il vantaggio due volte ancora con De Luca ma i pusteresi accorciano. Nel terzo tempo chiudono la sfida le reti di Talamini e De Luca.<\/p>\n<p><span style=\"color: #ff0000;\"><strong>UNDER 16<\/strong><\/span><\/p>\n<p><strong>CORTINA\/ALLEGHE \u2013 APPIANO 4-3<\/strong><\/p>\n<p>GOL CORTINA\/ALLEGHE: Venturi, Viel, Fontanive, Evangelisti<\/p>\n<p>Vittoria di misura per la formazione under 16 del Cortina\/Alleghe che conquista tre punti sudati contro l\u2019Appiano. Bellunesi subito in vantaggio con Venturi ma gli altoatesini rispondo poco dopo. Viel riporta in vantaggio la squadra mista bellunese e nel secondo drittel arriva la terza rete con Fontanive. Risponde l\u2019Appiano ma a chiudere il match ci pensa Evangelisti. Nel terzo tempo arriva l\u2019ultima rete ospite poi il Cortina\/Alleghe si chiude in difesa.<\/p>\n<p>&nbsp;<\/p>\n<p><span style=\"color: #ff0000;\"><strong>UNDER 14 <\/strong><\/span><\/p>\n<p><strong>ALLEGHE\/CORTINA TURNO DI RIPOSO<\/strong><\/p>\n<p>&nbsp;<\/p>\n<blockquote>\n<h3>IL VAL PUSTERIA SI AGGIUDICA L&#8217;ALLEGHE TOURNAMENT 2023<\/h3>\n<\/blockquote>\n<p><strong>ALLEGHE<\/strong> Due gioni di festa all&#8217;Alvise De Toni di Alleghe con i giovani Under 11 che si sono sfidati per la conquista dell&#8217;Alleghe Tournament Never Give Up 2023. Nove le formazioni iscritte al torneo che si sono sfidate in un torneo all&#8217;italiana per poi giocarsi il titolo nel pomeriggio di domenica. Ad avere la meglio il Val Pusteria che per la seconda volta si \u00e8 aggiudicato il trofeo organizzato dall&#8217;Alleghe Hockey battendo in finale l&#8217;Asiago per 6 a 0.\u00a0<strong>LA CLASSIFICA FINALE:\u00a0<\/strong>1. Val Pusteria, 2. Asiago, 3. Merano, 4. Zoldo, 5. Laives, 6. Alleghe\/Cortina, 7. Alta Badia, 8. Padova, 9. Feltreghiaccio.\u00a0<strong>PREMI SPECIALI: <\/strong>giocatore pi\u00f9 giovane Davide Pianezze (Alleghe\/Cortina), top scorer Lavrin Kopfsguter (Val Pusteria), miglior portiere Noah Scariot (Asiago), miglior giocatore Erik Oberrauch (Val Pusteria), coppa disciplina al Feltreghiaccio.<\/p>\n\n\t\t\t<style type='text\/css'>\n\t\t\t\t#gallery-12 {\n\t\t\t\t\tmargin: auto;\n\t\t\t\t}\n\t\t\t\t#gallery-12 .gallery-item {\n\t\t\t\t\tfloat: left;\n\t\t\t\t\tmargin-top: 10px;\n\t\t\t\t\ttext-align: center;\n\t\t\t\t\twidth: 33%;\n\t\t\t\t}\n\t\t\t\t#gallery-12 img {\n\t\t\t\t\tborder: 2px solid #cfcfcf;\n\t\t\t\t}\n\t\t\t\t#gallery-12 .gallery-caption {\n\t\t\t\t\tmargin-left: 0;\n\t\t\t\t}\n\t\t\t\t\/* see gallery_shortcode() in wp-includes\/media.php *\/\n\t\t\t<\/style>\n\t\t<div id='gallery-12' class='dt-gallery-container gallery galleryid-359864 gallery-columns-3 gallery-size-medium'><dl class='gallery-item'>\n\t\t\t\t<dt class='gallery-icon landscape'>\n\t\t\t\t\t<a class=\"rollover rollover-zoom dt-pswp-item\" title=\"a136a59a-7ca9-4fe4-b867-1c7170f84316-1\" data-dt-img-description=\"\" data-large_image_width=\"1024\" data-large_image_height=\"768\"href='https:\/\/www.radiopiu.net\/wordpress\/wp-content\/uploads\/2023\/11\/a136a59a-7ca9-4fe4-b867-1c7170f84316-1.jpg'><img loading=\"lazy\" decoding=\"async\" width=\"300\" height=\"225\" src=\"https:\/\/www.radiopiu.net\/wordpress\/wp-content\/uploads\/2023\/11\/a136a59a-7ca9-4fe4-b867-1c7170f84316-1-300x225.jpg\" class=\"attachment-medium size-medium\" alt=\"\" srcset=\"https:\/\/www.radiopiu.net\/wordpress\/wp-content\/uploads\/2023\/11\/a136a59a-7ca9-4fe4-b867-1c7170f84316-1-300x225.jpg 300w, https:\/\/www.radiopiu.net\/wordpress\/wp-content\/uploads\/2023\/11\/a136a59a-7ca9-4fe4-b867-1c7170f84316-1-768x576.jpg 768w, https:\/\/www.radiopiu.net\/wordpress\/wp-content\/uploads\/2023\/11\/a136a59a-7ca9-4fe4-b867-1c7170f84316-1.jpg 1024w\" sizes=\"auto, (max-width: 300px) 100vw, 300px\" \/><\/a>\n\t\t\t\t<\/dt><\/dl><dl class='gallery-item'>\n\t\t\t\t<dt class='gallery-icon landscape'>\n\t\t\t\t\t<a class=\"rollover rollover-zoom dt-pswp-item\" title=\"05a800f6-1bc1-4dc4-9b15-5ad457d98073\" data-dt-img-description=\"\" data-large_image_width=\"1024\" data-large_image_height=\"768\"href='https:\/\/www.radiopiu.net\/wordpress\/wp-content\/uploads\/2023\/11\/05a800f6-1bc1-4dc4-9b15-5ad457d98073.jpg'><img loading=\"lazy\" decoding=\"async\" width=\"300\" height=\"225\" src=\"https:\/\/www.radiopiu.net\/wordpress\/wp-content\/uploads\/2023\/11\/05a800f6-1bc1-4dc4-9b15-5ad457d98073-300x225.jpg\" class=\"attachment-medium size-medium\" alt=\"\" srcset=\"https:\/\/www.radiopiu.net\/wordpress\/wp-content\/uploads\/2023\/11\/05a800f6-1bc1-4dc4-9b15-5ad457d98073-300x225.jpg 300w, https:\/\/www.radiopiu.net\/wordpress\/wp-content\/uploads\/2023\/11\/05a800f6-1bc1-4dc4-9b15-5ad457d98073-768x576.jpg 768w, https:\/\/www.radiopiu.net\/wordpress\/wp-content\/uploads\/2023\/11\/05a800f6-1bc1-4dc4-9b15-5ad457d98073.jpg 1024w\" sizes=\"auto, (max-width: 300px) 100vw, 300px\" \/><\/a>\n\t\t\t\t<\/dt><\/dl><dl class='gallery-item'>\n\t\t\t\t<dt class='gallery-icon landscape'>\n\t\t\t\t\t<a class=\"rollover rollover-zoom dt-pswp-item\" title=\"0187f825-3fdd-44a7-b692-2fe5b3b151ff\" data-dt-img-description=\"\" data-large_image_width=\"1024\" data-large_image_height=\"768\"href='https:\/\/www.radiopiu.net\/wordpress\/wp-content\/uploads\/2023\/11\/0187f825-3fdd-44a7-b692-2fe5b3b151ff.jpg'><img loading=\"lazy\" decoding=\"async\" width=\"300\" height=\"225\" src=\"https:\/\/www.radiopiu.net\/wordpress\/wp-content\/uploads\/2023\/11\/0187f825-3fdd-44a7-b692-2fe5b3b151ff-300x225.jpg\" class=\"attachment-medium size-medium\" alt=\"\" srcset=\"https:\/\/www.radiopiu.net\/wordpress\/wp-content\/uploads\/2023\/11\/0187f825-3fdd-44a7-b692-2fe5b3b151ff-300x225.jpg 300w, https:\/\/www.radiopiu.net\/wordpress\/wp-content\/uploads\/2023\/11\/0187f825-3fdd-44a7-b692-2fe5b3b151ff-768x576.jpg 768w, https:\/\/www.radiopiu.net\/wordpress\/wp-content\/uploads\/2023\/11\/0187f825-3fdd-44a7-b692-2fe5b3b151ff.jpg 1024w\" sizes=\"auto, (max-width: 300px) 100vw, 300px\" \/><\/a>\n\t\t\t\t<\/dt><\/dl><br style=\"clear: both\" \/>\n\t\t\t<\/div>\n\n<p><strong>\u00a0LA DIRETTA RADIO PIU&#8217; DELLE PREMIAZIONI<\/strong><\/p>\n<p><iframe loading=\"lazy\" title=\"ALLEGHE TOURNAMENT 2023 - LE PREMIAZIONI\" width=\"1200\" height=\"675\" src=\"https:\/\/www.youtube.com\/embed\/4wVdzFnmdvo?feature=oembed\" frameborder=\"0\" allow=\"accelerometer; autoplay; clipboard-write; encrypted-media; gyroscope; picture-in-picture; web-share\" allowfullscreen><\/iframe><\/p>\n<p>&nbsp;<\/p>\n<p><span style=\"color: #0000ff;\"><strong>PALLAVOLO<\/strong><\/span><\/p>\n<blockquote>\n<h3>PALLAVOLO BELLUNO FEMMINILE: BENE LA SERIE C, SCONFITTA PER LA SERIE D<\/h3>\n<\/blockquote>\n<p><span style=\"color: #ff0000;\"><strong><a class=\"dt-pswp-item\" href=\"https:\/\/www.radiopiu.net\/wordpress\/wp-content\/uploads\/2023\/11\/La_grinta_di_Degortes.jpg\" data-dt-img-description=\"\" data-large_image_width=\"1817\" data-large_image_height=\"1094\"><img loading=\"lazy\" decoding=\"async\" class=\" wp-image-359982 alignleft\" src=\"https:\/\/www.radiopiu.net\/wordpress\/wp-content\/uploads\/2023\/11\/La_grinta_di_Degortes-300x181.jpg\" alt=\"\" width=\"167\" height=\"101\" srcset=\"https:\/\/www.radiopiu.net\/wordpress\/wp-content\/uploads\/2023\/11\/La_grinta_di_Degortes-300x181.jpg 300w, https:\/\/www.radiopiu.net\/wordpress\/wp-content\/uploads\/2023\/11\/La_grinta_di_Degortes-1024x617.jpg 1024w, https:\/\/www.radiopiu.net\/wordpress\/wp-content\/uploads\/2023\/11\/La_grinta_di_Degortes-768x462.jpg 768w, https:\/\/www.radiopiu.net\/wordpress\/wp-content\/uploads\/2023\/11\/La_grinta_di_Degortes-1536x925.jpg 1536w, https:\/\/www.radiopiu.net\/wordpress\/wp-content\/uploads\/2023\/11\/La_grinta_di_Degortes.jpg 1817w\" sizes=\"auto, (max-width: 167px) 100vw, 167px\" \/><\/a>SERIE C<\/strong><\/span><\/p>\n<p><b>HOMECLICK SB VOLLEY-SICELL GS VOLPE 3-0 (<\/b><strong>26-24, 26-24, 25-18)<\/strong><\/p>\n<p>Tre punti in tre set. E terza vittoria in un trittico di sfide di campionato: \u00e8 proprio vero che \u201c3\u201d \u00e8 il numero perfetto. Lo \u00e8, a tutti gli effetti, per una Pallavolo Belluno Femminile capace di esaltare il suo pubblico e di superare un sestetto con cui condivideva la vetta della graduatoria: la\u00a0Sicell Gs Volpe. Fuori piove, ma all\u2019interno del palasport di via Gabelli brillano le stelle della\u00a0SB Volley: da chi, entrando dalla panchina, \u00e8 riuscita a imprimere una svolta alla gara, come Nausicaa Maschio, alle centrali (15 punti in tandem per Fiabane e Pombia), passando per Elena Barp e la sua regia illuminata, Degortes e una grinta contagiosa, fino a tutte le altre. Al De Mas, \u00e8 ancora festa: prima, durante (anche grazie all\u2019apporto dello speaker Nicol\u00f2 Dalla Gasperina) e soprattutto dopo il match.<\/p>\n<p><span style=\"color: #ff0000;\"><strong>SERIE D<\/strong><\/span><\/p>\n<p><b>VIRTUS VOLLEY-HOMECLICK SB VOLLEY 3-1 (<\/b><strong>25-13, 21-25, 25-21, 25-19)<\/strong><\/p>\n<p>La Homeclick non riesce a sbloccarsi nel campionato femminile di serie D. Ma forse quella di Borgo Venezia, nel Veronese, non era la serata ideale per dare una scossa alla classifica. Perch\u00e9 \u00e8 vero che siamo solo all\u2019inizio della stagione, ma la Virtus Volley non \u00e8 prima e a punteggio pieno per grazia ricevuta. E, alla lunga, ha avuto la meglio sulle ragazze guidate da coach Diego Pezzei.<span class=\"gmail-Apple-converted-space\">\u00a0<\/span><\/p>\n<p>&nbsp;<\/p>\n<blockquote>\n<h3>VOLLEY CLUB AGORDINO: BENE LA PRIMA SQUADRA E L&#8217;UNDER 14. DERBY UNDER 16 ALLA SPES BELLUNO<\/h3>\n<\/blockquote>\n<p><strong><a class=\"dt-pswp-item\" href=\"https:\/\/www.radiopiu.net\/wordpress\/wp-content\/uploads\/2023\/11\/e802c333-ff26-418f-9b3e-55801820ebd9.jpg\" data-dt-img-description=\"\" data-large_image_width=\"1600\" data-large_image_height=\"1204\"><img loading=\"lazy\" decoding=\"async\" class=\" wp-image-360089 alignleft\" src=\"https:\/\/www.radiopiu.net\/wordpress\/wp-content\/uploads\/2023\/11\/e802c333-ff26-418f-9b3e-55801820ebd9-300x226.jpg\" alt=\"\" width=\"175\" height=\"132\" srcset=\"https:\/\/www.radiopiu.net\/wordpress\/wp-content\/uploads\/2023\/11\/e802c333-ff26-418f-9b3e-55801820ebd9-300x226.jpg 300w, https:\/\/www.radiopiu.net\/wordpress\/wp-content\/uploads\/2023\/11\/e802c333-ff26-418f-9b3e-55801820ebd9-1024x771.jpg 1024w, https:\/\/www.radiopiu.net\/wordpress\/wp-content\/uploads\/2023\/11\/e802c333-ff26-418f-9b3e-55801820ebd9-768x578.jpg 768w, https:\/\/www.radiopiu.net\/wordpress\/wp-content\/uploads\/2023\/11\/e802c333-ff26-418f-9b3e-55801820ebd9-1536x1156.jpg 1536w, https:\/\/www.radiopiu.net\/wordpress\/wp-content\/uploads\/2023\/11\/e802c333-ff26-418f-9b3e-55801820ebd9.jpg 1600w\" sizes=\"auto, (max-width: 175px) 100vw, 175px\" \/><\/a>di Marco Gaz<\/strong><\/p>\n<p><span style=\"color: #ff0000;\"><strong>PRIMA DIVISIONE<\/strong><\/span><\/p>\n<p><strong>GIORGIONE \u2013 VOLLEY CLUB AGORDINO 0-3 (16-25, 25-27, 21-25)<\/strong><\/p>\n<p>Esordio vincente per il Volley Club Agordino che in terra trevigiana strappa tre punti al Giorgione in tre set. La squadra di De Nardin, dopo aver riposato alla prima giornata, fa subito vedere di che pasta \u00e8 fatta e mette a segno un ottimo risultato alla prima vera uscita stagionale. Primo parziale con le agordine che rifilano 9 punti alle trevigiane. Nel secondo set si lotta punto a punto ma il Volley Club Agordino ha la meglio. Terzo periodo equilibrato ma a chiudere la sfida ci pensano le agordine.<\/p>\n<p><span style=\"color: #ff0000;\"><strong>UNDER 16 <\/strong><\/span><\/p>\n<p><strong>VOLLEY CLUB AGORDINO \u2013 SPES BELLUNO 2-3 (18-25, 21-25, 26-24, 25-20, 12-15)<\/strong><\/p>\n<p>Un solo punto per il Volley Club Agordino nel derby bellunese Under 16 contro la Spes. Le bellunesi la spuntano al tie break ma le agordine, sotto nei primi due set, escono a testa alta da una sfida in bilico fino alla fine. Spes che si aggiudica i primi due parziali ma agordine che pareggiano i conti nel terzo e quarto set. Fatale il tie break per la compagine di Agordo che non riesce ad evitare alcuni errori.<\/p>\n<p><span style=\"color: #ff0000;\"><strong>UNDER 14 <\/strong><\/span><\/p>\n<p><strong>VOLLEY CLUB AGORDINO \u2013 PEDEMONTANA 3-0 (25-19, 25-17, 25-10)<\/strong><\/p>\n<p>Ancora un risultato utile per la formazione under 16 del Volley Club Agordino che al PalaRova di Agordo atterra la Pedemontana in tre set. Tutto facile per le agordine che, dopo aver iniziato con il freno a mano tirato, hanno vinto la partita con facilit\u00e0.<\/p>\n<p>&nbsp;<\/p>\n<p><span style=\"color: #0000ff;\"><strong>CORSA CAMPESTRE\u00a0<\/strong><\/span><\/p>\n<p>&nbsp;<\/p>\n<blockquote>\n<h2>ELISA BORTOLI, PRIMA A LEVICO<\/h2>\n<\/blockquote>\n<p><strong><a class=\"dt-pswp-item\" href=\"https:\/\/www.radiopiu.net\/wordpress\/wp-content\/uploads\/2018\/09\/Elisa-Bortoli-Studentessa-Atleta.jpg\" data-dt-img-description=\"\" data-large_image_width=\"462\" data-large_image_height=\"306\"><img loading=\"lazy\" decoding=\"async\" class=\"wp-image-59669 alignleft\" src=\"https:\/\/www.radiopiu.net\/wordpress\/wp-content\/uploads\/2018\/09\/Elisa-Bortoli-Studentessa-Atleta-300x199.jpg\" alt=\"\" width=\"173\" height=\"115\" srcset=\"https:\/\/www.radiopiu.net\/wordpress\/wp-content\/uploads\/2018\/09\/Elisa-Bortoli-Studentessa-Atleta-300x199.jpg 300w, https:\/\/www.radiopiu.net\/wordpress\/wp-content\/uploads\/2018\/09\/Elisa-Bortoli-Studentessa-Atleta.jpg 462w\" sizes=\"auto, (max-width: 173px) 100vw, 173px\" \/><\/a>ELISA BORTOLI, PRIMA A LEVICO<\/strong><\/p>\n<p>In Valsugana Elisa Bortoli ha dato il meglio di se in vista dei campionati europei. Al memorial Mauro Andreatta, vittoria dell&#8217;agordina dell&#8217;Esercito in categoria promesse-senior. Ha preceduto Letizia di Lisa e la cadorina Gaia Colli dei Carabinieri. Sesta Marina Giotto, atletica Brugnera. Bene anche l&#8217;alpagota Chiara Pedol (Atletica Dolomiti Belluno), prima nella gara Juniores. In ambito maschile, a livello assoluto doppia top ten grazie a Mihail Sirbu (Gs Quantin Alpenplus) e Osvaldo Zanella (Atletica Brugnera Friulintagli), rispettivamente settimo e ottavo.<\/p>\n<p>&nbsp;<\/p>\n<p>&nbsp;<\/p>\n<blockquote>\n<h3>IN 450 A RONCHENA PER LA SECONDA PROVA DEL CAMPIONATO PROVINCIALE DI CORSA CAMPESTRE DEL CENTRO SPORTIVO ITALIANO<\/h3>\n<\/blockquote>\n<p><strong><a class=\"dt-pswp-item\" href=\"https:\/\/www.radiopiu.net\/wordpress\/wp-content\/uploads\/2023\/11\/csibelluno_camp_prov_corss_partenza-ronchena_05.11.2023.jpg\" data-dt-img-description=\"\" data-large_image_width=\"2393\" data-large_image_height=\"1595\"><img loading=\"lazy\" decoding=\"async\" class=\" wp-image-360100 alignleft\" src=\"https:\/\/www.radiopiu.net\/wordpress\/wp-content\/uploads\/2023\/11\/csibelluno_camp_prov_corss_partenza-ronchena_05.11.2023-300x200.jpg\" alt=\"\" width=\"161\" height=\"107\" srcset=\"https:\/\/www.radiopiu.net\/wordpress\/wp-content\/uploads\/2023\/11\/csibelluno_camp_prov_corss_partenza-ronchena_05.11.2023-300x200.jpg 300w, https:\/\/www.radiopiu.net\/wordpress\/wp-content\/uploads\/2023\/11\/csibelluno_camp_prov_corss_partenza-ronchena_05.11.2023-1024x683.jpg 1024w, https:\/\/www.radiopiu.net\/wordpress\/wp-content\/uploads\/2023\/11\/csibelluno_camp_prov_corss_partenza-ronchena_05.11.2023-768x512.jpg 768w, https:\/\/www.radiopiu.net\/wordpress\/wp-content\/uploads\/2023\/11\/csibelluno_camp_prov_corss_partenza-ronchena_05.11.2023-1536x1024.jpg 1536w, https:\/\/www.radiopiu.net\/wordpress\/wp-content\/uploads\/2023\/11\/csibelluno_camp_prov_corss_partenza-ronchena_05.11.2023-2048x1365.jpg 2048w\" sizes=\"auto, (max-width: 161px) 100vw, 161px\" \/><\/a>BORGO VALBELLUNA<\/strong> Sono stati 450 i concorrenti che ieri hanno dato vita alla seconda prova del Campionato provinciale di corsa campestre del Centro sportivo italiano, evento proposto dal comitato Csi di Belluno in sinergia con quello di Feltre. Si \u00e8 gareggiato a Ronchena di Lentiai (comune di Borgo Valbelluna), in una giornata di bel tempo dopo il meteo avverso dei giorni scorsi. Percorso caratterizzato da continui saliscendi proposto dal Gs La Piave 2000. Nella classifica complessiva per societ\u00e0 (Trofeo Passsport), vittoria per il Gs Astra Quero. I ragazzi e le ragazze del presidente Luigi Collavo hanno bissato il successo di due settimane fa a Pelos di Cadore, precedendo i padroni di casa del Gs La Piave 2000 e la Virtus Nemeggio. \u00a0 A livello giovanile (memorial Serafino Barp) vittoria del Gs La Piave 2000 su Astra Quero e Polisportiva Santa Giustina. Per quanto riguarda le graduatorie assolute, a livello femminile si \u00e8 imposta Lucia Arnoldo (Atletica Zoldo), davanti a Manuela Bulf (Atletica Agordina) e Chiara Facchin (La Piave 2000).<\/p>\n<p>&nbsp;<\/p>\n<p><span style=\"color: #0000ff;\"><strong>CORSA SU STRADA<\/strong><\/span><\/p>\n<blockquote>\n<h3><a class=\"dt-pswp-item\" href=\"https:\/\/www.radiopiu.net\/wordpress\/wp-content\/uploads\/2023\/11\/San-Biagio_b_Larrivo-di-Bamoussa.jpg\" data-dt-img-description=\"\" data-large_image_width=\"1280\" data-large_image_height=\"853\"><img loading=\"lazy\" decoding=\"async\" class=\" wp-image-360102 alignleft\" src=\"https:\/\/www.radiopiu.net\/wordpress\/wp-content\/uploads\/2023\/11\/San-Biagio_b_Larrivo-di-Bamoussa-300x200.jpg\" alt=\"\" width=\"171\" height=\"114\" srcset=\"https:\/\/www.radiopiu.net\/wordpress\/wp-content\/uploads\/2023\/11\/San-Biagio_b_Larrivo-di-Bamoussa-300x200.jpg 300w, https:\/\/www.radiopiu.net\/wordpress\/wp-content\/uploads\/2023\/11\/San-Biagio_b_Larrivo-di-Bamoussa-1024x682.jpg 1024w, https:\/\/www.radiopiu.net\/wordpress\/wp-content\/uploads\/2023\/11\/San-Biagio_b_Larrivo-di-Bamoussa-768x512.jpg 768w, https:\/\/www.radiopiu.net\/wordpress\/wp-content\/uploads\/2023\/11\/San-Biagio_b_Larrivo-di-Bamoussa.jpg 1280w\" sizes=\"auto, (max-width: 171px) 100vw, 171px\" \/><\/a>BAMOUSSA SI AGGIUDICA LA MARATONINA DI SAN BIAGIO<\/h3>\n<\/blockquote>\n<p><strong>SAN BIAGIO DI CALLALTA (TV) <\/strong>La Maratonina di San Biagio si colora d\u2019azzurro. L\u2019edizione numero 4 della gara di San Biagio di Callalta (Treviso), non lontana dal primato di partecipanti (quasi 530 classificati), incorona il bellunese Abdoullah Bamoussa (Atl. Brugnera Friulintagli) che, due settimane dopo il debutto in maratona a Venezia, corre a ritmo di record e chiude in 1h06\u201953\u201d.<\/p>\n<p>&nbsp;<\/p>\n<\/div>\n","protected":false},"excerpt":{"rendered":"<p>40esimo di RADIOPIU\u2026. LA VOCE DELL\u2019EMOZIONE ISCRIVITI AL NOSTRO CANALE\u00a0\u00a0YOUTUBE PER SEGUIRE IN DIRETTA I PRINCIPALI PROGRAMMI DI RADIO PIU\u2019 E LE FUTURE DIRETTE IN ESTERNA. PER ISCRIVERTI CLICCA QUI\u00a0E PREMI\u00a0 \u201cIscriviti\u201d\u00a0 &nbsp; &nbsp; LA PRIMA NEVE, SULLE PISTE &#8220;CANNONI&#8221; ACCESI. PIAZZA BIANCA ANCHE A CANALE D&#8217;AGORDO (foto Eros) da viabilita&#8217; provincia belluno VPB &nbsp;&hellip;<\/p>\n","protected":false},"author":4,"featured_media":360085,"comment_status":"closed","ping_status":"closed","sticky":false,"template":"","format":"standard","meta":{"_monsterinsights_skip_tracking":false,"_monsterinsights_sitenote_active":false,"_monsterinsights_sitenote_note":"","_monsterinsights_sitenote_category":0,"footnotes":""},"categories":[51,86,49],"tags":[],"class_list":["post-359864","post","type-post","status-publish","format-standard","has-post-thumbnail","hentry","category-evidenza-top","category-gr","category-news-18","category-51","category-86","category-49","description-off"],"img_url":"https:\/\/www.radiopiu.net\/wordpress\/wp-content\/uploads\/2023\/11\/40e914ff-9bad-4102-8211-863bd9150eb4.jpg","_links":{"self":[{"href":"https:\/\/www.radiopiu.net\/wordpress\/wp-json\/wp\/v2\/posts\/359864","targetHints":{"allow":["GET"]}}],"collection":[{"href":"https:\/\/www.radiopiu.net\/wordpress\/wp-json\/wp\/v2\/posts"}],"about":[{"href":"https:\/\/www.radiopiu.net\/wordpress\/wp-json\/wp\/v2\/types\/post"}],"author":[{"embeddable":true,"href":"https:\/\/www.radiopiu.net\/wordpress\/wp-json\/wp\/v2\/users\/4"}],"replies":[{"embeddable":true,"href":"https:\/\/www.radiopiu.net\/wordpress\/wp-json\/wp\/v2\/comments?post=359864"}],"version-history":[{"count":0,"href":"https:\/\/www.radiopiu.net\/wordpress\/wp-json\/wp\/v2\/posts\/359864\/revisions"}],"wp:featuredmedia":[{"embeddable":true,"href":"https:\/\/www.radiopiu.net\/wordpress\/wp-json\/wp\/v2\/media\/360085"}],"wp:attachment":[{"href":"https:\/\/www.radiopiu.net\/wordpress\/wp-json\/wp\/v2\/media?parent=359864"}],"wp:term":[{"taxonomy":"category","embeddable":true,"href":"https:\/\/www.radiopiu.net\/wordpress\/wp-json\/wp\/v2\/categories?post=359864"},{"taxonomy":"post_tag","embeddable":true,"href":"https:\/\/www.radiopiu.net\/wordpress\/wp-json\/wp\/v2\/tags?post=359864"}],"curies":[{"name":"wp","href":"https:\/\/api.w.org\/{rel}","templated":true}]}}