{"id":359871,"date":"2023-11-04T11:09:12","date_gmt":"2023-11-04T10:09:12","guid":{"rendered":"https:\/\/www.radiopiu.net\/wordpress\/?p=359871"},"modified":"2023-11-04T11:09:12","modified_gmt":"2023-11-04T10:09:12","slug":"filiera-del-legno-in-crescita-valorizzarla-puntando-sullartigianalita","status":"publish","type":"post","link":"https:\/\/www.radiopiu.net\/wordpress\/filiera-del-legno-in-crescita-valorizzarla-puntando-sullartigianalita\/","title":{"rendered":"\u00abFILIERA DEL LEGNO IN CRESCITA VALORIZZARLA PUNTANDO SULL&#8217;ARTIGIANALIT\u00c0\u00bb"},"content":{"rendered":"<p>&nbsp;<\/p>\n<blockquote><p><em><strong>LONGARONE<\/strong>\u00a0 Alcuni dati, che documentano una crescita della filiera del legno anche in provincia di Belluno, presentati al convegno \u201cRicostruiamo la filiera del legno\u201d svoltosi ieri pomeriggio, a cura di Appia CNA Belluno, ad Arredamont 2023. Durante l&#8217;appuntamento alcuni esponenti provinciali, regionali e nazionali di CNA hanno fatto un&#8217;appello per la valorizzazione della stessa filiera.<\/em><\/p><\/blockquote>\n<p>&nbsp;<\/p>\n<p><em>L&#8217;appello degli esponenti provinciali, regionali e nazionali di CNA in occasione del convegno \u201cRicostruiamo la filiera del legno\u201d ad Arredamont<\/em><\/p>\n<p>+ 18% in cinque anni nella silvicoltura ed utilizzo di aree forestali, addirittura +21,6% nella fabbricazione di mobili: continuano a crescere le aziende della filiera del legno in provincia di Belluno. Questi alcuni dei dati presentati ieri pomeriggio a Longarone Fiere Dolomiti, in occasione del convegno organizzato da Appia CNA Belluno \u201cRicostruiamo la filiera del legno\u201d ad Arredamont 2023 che ha registrato pi\u00f9 di 80 iscritti.<\/p>\n<p>&nbsp;<\/p>\n<p><strong>I dati <\/strong><\/p>\n<p><a class=\"dt-pswp-item\" href=\"https:\/\/www.radiopiu.net\/wordpress\/wp-content\/uploads\/2023\/11\/Appia-CNA-Convegno-filiera-legno-Arredamont-Nicola-Andrighetto-ETIFOR-scaled.jpg\" data-dt-img-description=\"\" data-large_image_width=\"2560\" data-large_image_height=\"1707\"><img loading=\"lazy\" decoding=\"async\" class=\"size-medium wp-image-359878 alignleft\" src=\"https:\/\/www.radiopiu.net\/wordpress\/wp-content\/uploads\/2023\/11\/Appia-CNA-Convegno-filiera-legno-Arredamont-Nicola-Andrighetto-ETIFOR-300x200.jpg\" alt=\"\" width=\"300\" height=\"200\" srcset=\"https:\/\/www.radiopiu.net\/wordpress\/wp-content\/uploads\/2023\/11\/Appia-CNA-Convegno-filiera-legno-Arredamont-Nicola-Andrighetto-ETIFOR-300x200.jpg 300w, https:\/\/www.radiopiu.net\/wordpress\/wp-content\/uploads\/2023\/11\/Appia-CNA-Convegno-filiera-legno-Arredamont-Nicola-Andrighetto-ETIFOR-1024x683.jpg 1024w, https:\/\/www.radiopiu.net\/wordpress\/wp-content\/uploads\/2023\/11\/Appia-CNA-Convegno-filiera-legno-Arredamont-Nicola-Andrighetto-ETIFOR-768x512.jpg 768w, https:\/\/www.radiopiu.net\/wordpress\/wp-content\/uploads\/2023\/11\/Appia-CNA-Convegno-filiera-legno-Arredamont-Nicola-Andrighetto-ETIFOR-1536x1024.jpg 1536w, https:\/\/www.radiopiu.net\/wordpress\/wp-content\/uploads\/2023\/11\/Appia-CNA-Convegno-filiera-legno-Arredamont-Nicola-Andrighetto-ETIFOR-2048x1365.jpg 2048w\" sizes=\"auto, (max-width: 300px) 100vw, 300px\" \/><\/a>Sono 741 (629 sedi d\u2019imprese e 112 unit\u00e0 locali) le realt\u00e0 attive <strong>in provincia di Belluno <\/strong>nella filiera del legno (dati Camera di Commercio Treviso-Belluno su dati Infocamere al 30 giugno 2023), che rappresentano quasi il 9% delle aziende venete del settore. Dal 2018 ad oggi si \u00e8 registrato un costante aumento dei numeri nel comparto della silvicoltura e attivit\u00e0 forestali (da 228 a 270, +18,4%), mentre il comparto segherie e prime lavorazioni ha segnato un importante calo (319 contro 367 di un lustro fa, -13%). Cresce invece oltre il 20% (+21,6%; 125 nel 2018, 152 nel 2023, dato pressoch\u00e9 stabile rispetto al 2022) il numero delle aziende di produzione di mobili. Nelle 629 sedi di impresa, di cui 492 imprese artigiane, risultano impiegati 1.687 addetti (il 6,3% sul totale dei lavoratori veneti del settore), di cui 1231 nell\u2019artigianato. Il peso del comparto artigiano \u00e8 evidente: rappresenta il 78% delle sedi d\u2019impresa ed il 73% degli addetti. La maggior parte delle imprese artigiane bellunesi accoglie tra 1 e 5 addetti (oltre il 73% dei lavoratori \u00e8 <a class=\"dt-pswp-item\" href=\"https:\/\/www.radiopiu.net\/wordpress\/wp-content\/uploads\/2023\/11\/Appia-CNA-Convegno-filiera-legno-Arredamont-Silvia-Cestaro-Consigliere-Regione-Veneto-scaled.jpg\" data-dt-img-description=\"\" data-large_image_width=\"2560\" data-large_image_height=\"1706\"><img loading=\"lazy\" decoding=\"async\" class=\"size-medium wp-image-359881 alignright\" src=\"https:\/\/www.radiopiu.net\/wordpress\/wp-content\/uploads\/2023\/11\/Appia-CNA-Convegno-filiera-legno-Arredamont-Silvia-Cestaro-Consigliere-Regione-Veneto-300x200.jpg\" alt=\"\" width=\"300\" height=\"200\" srcset=\"https:\/\/www.radiopiu.net\/wordpress\/wp-content\/uploads\/2023\/11\/Appia-CNA-Convegno-filiera-legno-Arredamont-Silvia-Cestaro-Consigliere-Regione-Veneto-300x200.jpg 300w, https:\/\/www.radiopiu.net\/wordpress\/wp-content\/uploads\/2023\/11\/Appia-CNA-Convegno-filiera-legno-Arredamont-Silvia-Cestaro-Consigliere-Regione-Veneto-1024x683.jpg 1024w, https:\/\/www.radiopiu.net\/wordpress\/wp-content\/uploads\/2023\/11\/Appia-CNA-Convegno-filiera-legno-Arredamont-Silvia-Cestaro-Consigliere-Regione-Veneto-768x512.jpg 768w, https:\/\/www.radiopiu.net\/wordpress\/wp-content\/uploads\/2023\/11\/Appia-CNA-Convegno-filiera-legno-Arredamont-Silvia-Cestaro-Consigliere-Regione-Veneto-1536x1024.jpg 1536w, https:\/\/www.radiopiu.net\/wordpress\/wp-content\/uploads\/2023\/11\/Appia-CNA-Convegno-filiera-legno-Arredamont-Silvia-Cestaro-Consigliere-Regione-Veneto-2048x1365.jpg 2048w\" sizes=\"auto, (max-width: 300px) 100vw, 300px\" \/><\/a>occupato in aziende di queste dimensioni). <strong>In Veneto<\/strong>, l\u2019area forestale si estende a poco pi\u00f9 di 465.000 ettari: circa un quarto dell\u2019area veneta \u00e8 coperto da foreste, la cui superficie negli ultimi decenni \u00e8 aumentata, ma solo il 16% della superficie forestale veneta \u00e8 dotato di un piano di riassetto valido. La Filiera del Legno in Veneto \u00e8 composta da 8.358 imprese (dati al 30 giugno 2023) e conta complessivamente su 46.582 addetti. Nella stragrande maggioranza le imprese boschive venete sono costituite da ditte individuali o da microimprese. Il Veneto \u00e8 la prima regione italiana per addetti e fatturato nel settore del mobile, con aziende che di media superano i 10 dipendenti. Gli stati da dove le aziende venete importano maggiormente i prodotti della silvicoltura sono Bosnia-Erzegovina, Stati uniti e Croazia. A differenza dei prodotti della selvicoltura, il comparto veneto dei mobili ha un saldo commerciale estremamente positivo, dove il valore dell\u2019export supera di dieci volte l\u2019import. Le principali destinazioni dei mobili prodotti sono europee (Francia, Germania in primis), seguiti dagli Stati Uniti. (FOTO SILVIA CESTARO, CONSIGLIERE REGIONE VENETO)<\/p>\n<p>&nbsp;<\/p>\n<p><strong>I commenti\u00a0\u00a0<\/strong><\/p>\n<p><strong>MASSIMO SPOSATO, PRESIDENTE APPIA CNA BELLUNO\u00a0<\/strong><\/p>\n<audio class=\"wp-audio-shortcode\" id=\"audio-359871-1\" preload=\"none\" style=\"width: 100%;\" controls=\"controls\"><source type=\"audio\/mpeg\" src=\"https:\/\/www.radiopiu.net\/wordpress\/wp-content\/uploads\/2023\/11\/Massimo-Sposato-Presidente-Appia-CNA-Belluno-Convegno-filiera-legno-Arredamont.mp3?_=1\" \/><a href=\"https:\/\/www.radiopiu.net\/wordpress\/wp-content\/uploads\/2023\/11\/Massimo-Sposato-Presidente-Appia-CNA-Belluno-Convegno-filiera-legno-Arredamont.mp3\">https:\/\/www.radiopiu.net\/wordpress\/wp-content\/uploads\/2023\/11\/Massimo-Sposato-Presidente-Appia-CNA-Belluno-Convegno-filiera-legno-Arredamont.mp3<\/a><\/audio>\n<p><a class=\"dt-pswp-item\" href=\"https:\/\/www.radiopiu.net\/wordpress\/wp-content\/uploads\/2023\/11\/Appia-CNA-Convegno-filiera-legno-Arredamont-Massimo-Sposato-Presidente-Appia-CNA-Belluno-2-scaled.jpg\" data-dt-img-description=\"\" data-large_image_width=\"2560\" data-large_image_height=\"1707\"><img loading=\"lazy\" decoding=\"async\" class=\"size-medium wp-image-359873 alignleft\" src=\"https:\/\/www.radiopiu.net\/wordpress\/wp-content\/uploads\/2023\/11\/Appia-CNA-Convegno-filiera-legno-Arredamont-Massimo-Sposato-Presidente-Appia-CNA-Belluno-2-300x200.jpg\" alt=\"\" width=\"300\" height=\"200\" srcset=\"https:\/\/www.radiopiu.net\/wordpress\/wp-content\/uploads\/2023\/11\/Appia-CNA-Convegno-filiera-legno-Arredamont-Massimo-Sposato-Presidente-Appia-CNA-Belluno-2-300x200.jpg 300w, https:\/\/www.radiopiu.net\/wordpress\/wp-content\/uploads\/2023\/11\/Appia-CNA-Convegno-filiera-legno-Arredamont-Massimo-Sposato-Presidente-Appia-CNA-Belluno-2-1024x683.jpg 1024w, https:\/\/www.radiopiu.net\/wordpress\/wp-content\/uploads\/2023\/11\/Appia-CNA-Convegno-filiera-legno-Arredamont-Massimo-Sposato-Presidente-Appia-CNA-Belluno-2-768x512.jpg 768w, https:\/\/www.radiopiu.net\/wordpress\/wp-content\/uploads\/2023\/11\/Appia-CNA-Convegno-filiera-legno-Arredamont-Massimo-Sposato-Presidente-Appia-CNA-Belluno-2-1536x1024.jpg 1536w, https:\/\/www.radiopiu.net\/wordpress\/wp-content\/uploads\/2023\/11\/Appia-CNA-Convegno-filiera-legno-Arredamont-Massimo-Sposato-Presidente-Appia-CNA-Belluno-2-2048x1365.jpg 2048w\" sizes=\"auto, (max-width: 300px) 100vw, 300px\" \/><\/a>\u00abI concetti emersi nel corso del convegno ci permettono di affermare con forza l\u2019importanza di perseguire anche a livello locale, ma con il supporto di una strategia politica nazionale, la valorizzazione del settore legno e, in particolare la lavorazione del mobile, che ci vede tra i paesi leader in Europa e nel mondo, e di cui anche il territorio bellunese rappresenta un\u2019eccellenza anche in termini numerici visto che, con circa il 9% di aziende del settore, arriva quasi al pari delle altre province venete. &#8211; dichiara il <strong>Presidente Appia CNA Belluno, Massimo Sposato <\/strong>&#8211; Oggi che il trend \u00e8 in crescita rispetto ad anni precedenti, eccezione fatta per il comparto segherie causa le note vicende della necessit\u00e0 di importazione di materie prime, dobbiamo investire in questo settore, valorizzando il know-how dell\u2019artigianalit\u00e0 che ci contraddistingue. Ci\u00f2 va di pari passo con la necessaria sinergia di tutti i soggetti della filiera del bosco-legno nazionale, attraverso la sfida del Cluster Italia Foresta Legno\u00bb.<\/p>\n<p>&nbsp;<\/p>\n<p><strong> I commenti\u00a0\u00a0<\/strong><\/p>\n<p><strong>MORENO DE COL, PRESIDENTE CNA VENETO<\/strong><\/p>\n<audio class=\"wp-audio-shortcode\" id=\"audio-359871-2\" preload=\"none\" style=\"width: 100%;\" controls=\"controls\"><source type=\"audio\/mpeg\" src=\"https:\/\/www.radiopiu.net\/wordpress\/wp-content\/uploads\/2023\/11\/Moreno-De-Col-Presidente-CNA-Veneto-Convegno-filiera-legno-Arredamont.mp3?_=2\" \/><a href=\"https:\/\/www.radiopiu.net\/wordpress\/wp-content\/uploads\/2023\/11\/Moreno-De-Col-Presidente-CNA-Veneto-Convegno-filiera-legno-Arredamont.mp3\">https:\/\/www.radiopiu.net\/wordpress\/wp-content\/uploads\/2023\/11\/Moreno-De-Col-Presidente-CNA-Veneto-Convegno-filiera-legno-Arredamont.mp3<\/a><\/audio>\n<p>&nbsp;<\/p>\n<p><a class=\"dt-pswp-item\" href=\"https:\/\/www.radiopiu.net\/wordpress\/wp-content\/uploads\/2023\/11\/Appia-CNA-Convegno-filiera-legno-Arredamont-Moreno-De-Col-Presidente-CNA-Veneto-1-scaled.jpg\" data-dt-img-description=\"\" data-large_image_width=\"2560\" data-large_image_height=\"1707\"><img loading=\"lazy\" decoding=\"async\" class=\"size-medium wp-image-359875 alignleft\" src=\"https:\/\/www.radiopiu.net\/wordpress\/wp-content\/uploads\/2023\/11\/Appia-CNA-Convegno-filiera-legno-Arredamont-Moreno-De-Col-Presidente-CNA-Veneto-1-300x200.jpg\" alt=\"\" width=\"300\" height=\"200\" srcset=\"https:\/\/www.radiopiu.net\/wordpress\/wp-content\/uploads\/2023\/11\/Appia-CNA-Convegno-filiera-legno-Arredamont-Moreno-De-Col-Presidente-CNA-Veneto-1-300x200.jpg 300w, https:\/\/www.radiopiu.net\/wordpress\/wp-content\/uploads\/2023\/11\/Appia-CNA-Convegno-filiera-legno-Arredamont-Moreno-De-Col-Presidente-CNA-Veneto-1-1024x683.jpg 1024w, https:\/\/www.radiopiu.net\/wordpress\/wp-content\/uploads\/2023\/11\/Appia-CNA-Convegno-filiera-legno-Arredamont-Moreno-De-Col-Presidente-CNA-Veneto-1-768x512.jpg 768w, https:\/\/www.radiopiu.net\/wordpress\/wp-content\/uploads\/2023\/11\/Appia-CNA-Convegno-filiera-legno-Arredamont-Moreno-De-Col-Presidente-CNA-Veneto-1-1536x1024.jpg 1536w, https:\/\/www.radiopiu.net\/wordpress\/wp-content\/uploads\/2023\/11\/Appia-CNA-Convegno-filiera-legno-Arredamont-Moreno-De-Col-Presidente-CNA-Veneto-1-2048x1365.jpg 2048w\" sizes=\"auto, (max-width: 300px) 100vw, 300px\" \/><\/a>\u00abLa svolta green \u00e8 diventata oramai improrogabile per il nostro Paese. \u2013 ha commentato <strong>il Presidente CNA Veneto Moreno De Col <\/strong>\u2013 L\u2019Europa ci impone un cambio di passo per quanto riguarda la gestione del nostro patrimonio forestale, principale alleato per contrastare il cambiamento climatico e la perdita di biodiversit\u00e0. Una sapiente gestione di questo patrimonio rappresenta un indotto fondamentale per l\u2019economia della nostra regione. Ma \u00e8 necessario poter contare su politiche di sostegno al comparto che consentano di superare il gap per quanto riguarda la prima parte della filiera del legno legata alla forte necessit\u00e0 di importazione delle materie prime dai paesi esteri, compensando con la seconda parte della filiera relativa alla produzione di arredi e manufatti in legno nella quale abbiamo migliori performance. Una attenta programmazione da parte della politica negli interventi di sostegno al comparto pu\u00f2 aiutarci anche a superare il pregiudizio che il lavoro nell&#8217;impresa artigiana del legno sia percepito come realt\u00e0 povera e antiquata, e senza prospettive occupazionali per i giovani. Riteniamo fondamentale avviare una attenta riflessione sulla risorsa del legno e la costituzione del Cluster Italia Foresta Legno, di cui la CNA \u00e8 tra i soci fondatori, ne costituisce il punto di partenza\u00bb.<\/p>\n<p>&nbsp;<\/p>\n<p><strong><a class=\"dt-pswp-item\" href=\"https:\/\/www.radiopiu.net\/wordpress\/wp-content\/uploads\/2023\/11\/Appia-CNA-Convegno-filiera-legno-Arredamont-Carlo-Piemonte-Direttore-Cluster-Italia-Foresta-Legno-scaled.jpg\" data-dt-img-description=\"\" data-large_image_width=\"2560\" data-large_image_height=\"1706\"><img loading=\"lazy\" decoding=\"async\" class=\" wp-image-359882 alignleft\" src=\"https:\/\/www.radiopiu.net\/wordpress\/wp-content\/uploads\/2023\/11\/Appia-CNA-Convegno-filiera-legno-Arredamont-Carlo-Piemonte-Direttore-Cluster-Italia-Foresta-Legno-300x200.jpg\" alt=\"\" width=\"242\" height=\"161\" srcset=\"https:\/\/www.radiopiu.net\/wordpress\/wp-content\/uploads\/2023\/11\/Appia-CNA-Convegno-filiera-legno-Arredamont-Carlo-Piemonte-Direttore-Cluster-Italia-Foresta-Legno-300x200.jpg 300w, https:\/\/www.radiopiu.net\/wordpress\/wp-content\/uploads\/2023\/11\/Appia-CNA-Convegno-filiera-legno-Arredamont-Carlo-Piemonte-Direttore-Cluster-Italia-Foresta-Legno-1024x683.jpg 1024w, https:\/\/www.radiopiu.net\/wordpress\/wp-content\/uploads\/2023\/11\/Appia-CNA-Convegno-filiera-legno-Arredamont-Carlo-Piemonte-Direttore-Cluster-Italia-Foresta-Legno-768x512.jpg 768w, https:\/\/www.radiopiu.net\/wordpress\/wp-content\/uploads\/2023\/11\/Appia-CNA-Convegno-filiera-legno-Arredamont-Carlo-Piemonte-Direttore-Cluster-Italia-Foresta-Legno-1536x1024.jpg 1536w, https:\/\/www.radiopiu.net\/wordpress\/wp-content\/uploads\/2023\/11\/Appia-CNA-Convegno-filiera-legno-Arredamont-Carlo-Piemonte-Direttore-Cluster-Italia-Foresta-Legno-2048x1365.jpg 2048w\" sizes=\"auto, (max-width: 242px) 100vw, 242px\" \/><\/a>I commenti\u00a0\u00a0<\/strong><\/p>\n<p><strong>CARLO PIEMONTE DIRETTORE CLUSTER ITALIA FORESTA LEGNO\u00a0<\/strong><\/p>\n<audio class=\"wp-audio-shortcode\" id=\"audio-359871-3\" preload=\"none\" style=\"width: 100%;\" controls=\"controls\"><source type=\"audio\/mpeg\" src=\"https:\/\/www.radiopiu.net\/wordpress\/wp-content\/uploads\/2023\/11\/Carlo-Piemonte-Direttore-Cluster-Italia-Foresta-Legno-Convegno-filiera-legno-Arredamont.mp3?_=3\" \/><a href=\"https:\/\/www.radiopiu.net\/wordpress\/wp-content\/uploads\/2023\/11\/Carlo-Piemonte-Direttore-Cluster-Italia-Foresta-Legno-Convegno-filiera-legno-Arredamont.mp3\">https:\/\/www.radiopiu.net\/wordpress\/wp-content\/uploads\/2023\/11\/Carlo-Piemonte-Direttore-Cluster-Italia-Foresta-Legno-Convegno-filiera-legno-Arredamont.mp3<\/a><\/audio>\n<p>&nbsp;<\/p>\n<p><a class=\"dt-pswp-item\" href=\"https:\/\/www.radiopiu.net\/wordpress\/wp-content\/uploads\/2023\/11\/Appia-CNA-Convegno-filiera-legno-Arredamont-Sala-generica-2-scaled.jpg\" data-dt-img-description=\"\" data-large_image_width=\"2560\" data-large_image_height=\"1707\"><img loading=\"lazy\" decoding=\"async\" class=\"size-medium wp-image-359880 alignleft\" src=\"https:\/\/www.radiopiu.net\/wordpress\/wp-content\/uploads\/2023\/11\/Appia-CNA-Convegno-filiera-legno-Arredamont-Sala-generica-2-300x200.jpg\" alt=\"\" width=\"300\" height=\"200\" srcset=\"https:\/\/www.radiopiu.net\/wordpress\/wp-content\/uploads\/2023\/11\/Appia-CNA-Convegno-filiera-legno-Arredamont-Sala-generica-2-300x200.jpg 300w, https:\/\/www.radiopiu.net\/wordpress\/wp-content\/uploads\/2023\/11\/Appia-CNA-Convegno-filiera-legno-Arredamont-Sala-generica-2-1024x683.jpg 1024w, https:\/\/www.radiopiu.net\/wordpress\/wp-content\/uploads\/2023\/11\/Appia-CNA-Convegno-filiera-legno-Arredamont-Sala-generica-2-768x512.jpg 768w, https:\/\/www.radiopiu.net\/wordpress\/wp-content\/uploads\/2023\/11\/Appia-CNA-Convegno-filiera-legno-Arredamont-Sala-generica-2-1536x1024.jpg 1536w, https:\/\/www.radiopiu.net\/wordpress\/wp-content\/uploads\/2023\/11\/Appia-CNA-Convegno-filiera-legno-Arredamont-Sala-generica-2-2048x1365.jpg 2048w\" sizes=\"auto, (max-width: 300px) 100vw, 300px\" \/><\/a>\u00abL\u2019appello, lanciato dalla CNA, \u201cRicostruiamo la filiera del legno\u201d si pone l\u2019obiettivo di costruire tutte le condizioni necessarie per far raggiungere al nostro Paese la sovranit\u00e0 forestale: creare una filiera del legno virtuosa per avere una maggiore capacit\u00e0 autonoma di produzione di qualit\u00e0. &#8211;\u00a0 commenta <strong>Massimo Goti, Presidente di CNA Legno e Arredo <\/strong>&#8211; Il punto di partenza per riconnettere in sinergia tutti i soggetti della filiera del bosco-legno nazionale \u00e8 il Cluster Italia Foresta Legno, di cui siamo soci fondatori. Il nostro compito sar\u00e0 quello di far sentire la voce e i bisogni del mondo delle piccole e medie imprese artigiane per sfruttare al meglio la risorsa legnosa italiana su tutta la filiera, dal mobile alla bioedilizia\u00bb.<\/p>\n<p>&nbsp;<\/p>\n<p>Al convegno hanno partecipato anche Alessandra Stefani, Direttore Generale delle Foreste, Ministero dell\u2019agricoltura, della sovranit\u00e0 alimentare e delle foreste; Nicola Andrighetto, di ETIFOR (spin-off dell&#8217;Universit\u00e0 degli Studi di Padova, con un focus su \u201cLa filiera del legno: una fotografia delle principali caratteristiche e potenzialit\u00e0\u201d; Carlo Piemonte, Direttore Cluster Italia Foresta Legno; Ennio Vigne, Presidente UNCEM Veneto e Presidente del Parco Nazionale delle Dolomiti Bellunesi; Gianantonio Da Re, Europarlamentare e membro di ENVI &#8211; Commissione per l\u2019Ambiente, la sanit\u00e0 pubblica e la sicurezza alimentare. L\u2019evento \u00e8 stato realizzato grazie al contributo di Ebav.<\/p>\n<p>&nbsp;<\/p>\n","protected":false},"excerpt":{"rendered":"<p>&nbsp; LONGARONE\u00a0 Alcuni dati, che documentano una crescita della filiera del legno anche in provincia di Belluno, presentati al convegno \u201cRicostruiamo la filiera del legno\u201d svoltosi ieri pomeriggio, a cura di Appia CNA Belluno, ad Arredamont 2023. Durante l&#8217;appuntamento alcuni esponenti provinciali, regionali e nazionali di CNA hanno fatto un&#8217;appello per la valorizzazione della stessa&hellip;<\/p>\n","protected":false},"author":4,"featured_media":359873,"comment_status":"closed","ping_status":"closed","sticky":false,"template":"","format":"standard","meta":{"_monsterinsights_skip_tracking":false,"_monsterinsights_sitenote_active":false,"_monsterinsights_sitenote_note":"","_monsterinsights_sitenote_category":0,"footnotes":""},"categories":[49],"tags":[],"class_list":["post-359871","post","type-post","status-publish","format-standard","has-post-thumbnail","hentry","category-news-18","category-49","description-off"],"img_url":"https:\/\/www.radiopiu.net\/wordpress\/wp-content\/uploads\/2023\/11\/Appia-CNA-Convegno-filiera-legno-Arredamont-Massimo-Sposato-Presidente-Appia-CNA-Belluno-2-scaled.jpg","_links":{"self":[{"href":"https:\/\/www.radiopiu.net\/wordpress\/wp-json\/wp\/v2\/posts\/359871","targetHints":{"allow":["GET"]}}],"collection":[{"href":"https:\/\/www.radiopiu.net\/wordpress\/wp-json\/wp\/v2\/posts"}],"about":[{"href":"https:\/\/www.radiopiu.net\/wordpress\/wp-json\/wp\/v2\/types\/post"}],"author":[{"embeddable":true,"href":"https:\/\/www.radiopiu.net\/wordpress\/wp-json\/wp\/v2\/users\/4"}],"replies":[{"embeddable":true,"href":"https:\/\/www.radiopiu.net\/wordpress\/wp-json\/wp\/v2\/comments?post=359871"}],"version-history":[{"count":0,"href":"https:\/\/www.radiopiu.net\/wordpress\/wp-json\/wp\/v2\/posts\/359871\/revisions"}],"wp:featuredmedia":[{"embeddable":true,"href":"https:\/\/www.radiopiu.net\/wordpress\/wp-json\/wp\/v2\/media\/359873"}],"wp:attachment":[{"href":"https:\/\/www.radiopiu.net\/wordpress\/wp-json\/wp\/v2\/media?parent=359871"}],"wp:term":[{"taxonomy":"category","embeddable":true,"href":"https:\/\/www.radiopiu.net\/wordpress\/wp-json\/wp\/v2\/categories?post=359871"},{"taxonomy":"post_tag","embeddable":true,"href":"https:\/\/www.radiopiu.net\/wordpress\/wp-json\/wp\/v2\/tags?post=359871"}],"curies":[{"name":"wp","href":"https:\/\/api.w.org\/{rel}","templated":true}]}}