{"id":359924,"date":"2023-11-04T15:13:03","date_gmt":"2023-11-04T14:13:03","guid":{"rendered":"https:\/\/www.radiopiu.net\/wordpress\/?p=359924"},"modified":"2023-11-04T15:13:03","modified_gmt":"2023-11-04T14:13:03","slug":"imprese-venete-e-credit-crunch-le-piccolissime-nella-stretta-creditizia","status":"publish","type":"post","link":"https:\/\/www.radiopiu.net\/wordpress\/imprese-venete-e-credit-crunch-le-piccolissime-nella-stretta-creditizia\/","title":{"rendered":"IMPRESE VENETE: E\u2019 CREDIT CRUNCH &#8211; le piccolissime nella stretta creditizia"},"content":{"rendered":"<p class=\"p1\"><b> <a class=\"dt-pswp-item\" href=\"https:\/\/www.radiopiu.net\/wordpress\/wp-content\/uploads\/2023\/11\/Schermata-2023-11-04-alle-15.11.27.png\" data-dt-img-description=\"\" data-large_image_width=\"1228\" data-large_image_height=\"1540\"><img loading=\"lazy\" decoding=\"async\" class=\"size-medium wp-image-359926 alignleft\" src=\"https:\/\/www.radiopiu.net\/wordpress\/wp-content\/uploads\/2023\/11\/Schermata-2023-11-04-alle-15.11.27-239x300.png\" alt=\"\" width=\"239\" height=\"300\" srcset=\"https:\/\/www.radiopiu.net\/wordpress\/wp-content\/uploads\/2023\/11\/Schermata-2023-11-04-alle-15.11.27-239x300.png 239w, https:\/\/www.radiopiu.net\/wordpress\/wp-content\/uploads\/2023\/11\/Schermata-2023-11-04-alle-15.11.27-817x1024.png 817w, https:\/\/www.radiopiu.net\/wordpress\/wp-content\/uploads\/2023\/11\/Schermata-2023-11-04-alle-15.11.27-768x963.png 768w, https:\/\/www.radiopiu.net\/wordpress\/wp-content\/uploads\/2023\/11\/Schermata-2023-11-04-alle-15.11.27-1225x1536.png 1225w, https:\/\/www.radiopiu.net\/wordpress\/wp-content\/uploads\/2023\/11\/Schermata-2023-11-04-alle-15.11.27.png 1228w\" sizes=\"auto, (max-width: 239px) 100vw, 239px\" \/><\/a>Dopo le Marche, il Veneto \u00e8 la regione d\u2019Italia dove le piccolissime imprese sono state pi\u00f9 interessate dalla stretta creditizia<\/b><\/p>\n<p class=\"p1\">E\u2019 ormai credit crunch: nell\u2019ultimo anno in cui i dati sono disponibili (agosto 2023 su stesso mese del 2022), gli impieghi bancari vivi alle imprese venete con meno di 20 addetti sono diminuiti del 10,2 per cento. In termini assoluti la contrazione \u00e8 stata pari a 1,3 miliardi di euro. A livello nazionale solo le micro aziende delle Marche (-11,1 per cento) hanno subito una flessione percentuale superiore alla nostra (vedi Tab. 1). Ricordiamo che le aziende con meno di 20 addetti costituiscono il 98 per cento circa delle aziende totali presenti in Veneto.<\/p>\n<p><strong>L\u2019Sos \u00e8 lanciato dall\u2019Ufficio studi della CGIA.<\/strong><\/p>\n<p>Quali sono le cause di questa stretta creditizia alle nostre piccolissime imprese? In linea di massima sono almeno tre e strettamente legate tra loro. In sintesi esse sono:<\/p>\n<p><em>l\u2019aumento dei tassi di interesse imposto dalla BCE in questo ultimo anno ha reso molto costoso indebitarsi. Pertanto, molte imprese, soprattutto di media\/grande dimensione, hanno preferito ricorrere a forme di autofinanziamento;<\/em><\/p>\n<p><em>il calo dei volumi di credito \u00e8 correlato anche alla frenata del Pil che ha provocato una flessione della domanda di prestiti;<\/em><\/p>\n<p><em>le banche hanno meno liquidit\u00e0 a disposizione sia perch\u00e9 devono restituire alla BCE i fondi Tltro (altri 174 miliardi di euro entro settembre 2024), sia perch\u00e9 la raccolta \u00e8 diminuita;<\/em><\/p>\n<p>La combinazione di questi fenomeni ha spinto molti istituti di credito a \u201csacrificare\u201d il credito pi\u00f9 complicato: ovvero quello da erogare alle piccolissime imprese che, tendenzialmente, presenta costi di istruttoria relativamente pi\u00f9 elevati e una gestione amministrativa molto complicata.<\/p>\n<p><strong><a class=\"dt-pswp-item\" href=\"https:\/\/www.radiopiu.net\/wordpress\/wp-content\/uploads\/2023\/11\/Schermata-2023-11-04-alle-15.11.42.png\" data-dt-img-description=\"\" data-large_image_width=\"1228\" data-large_image_height=\"690\"><img loading=\"lazy\" decoding=\"async\" class=\"size-medium wp-image-359925 alignleft\" src=\"https:\/\/www.radiopiu.net\/wordpress\/wp-content\/uploads\/2023\/11\/Schermata-2023-11-04-alle-15.11.42-300x169.png\" alt=\"\" width=\"300\" height=\"169\" srcset=\"https:\/\/www.radiopiu.net\/wordpress\/wp-content\/uploads\/2023\/11\/Schermata-2023-11-04-alle-15.11.42-300x169.png 300w, https:\/\/www.radiopiu.net\/wordpress\/wp-content\/uploads\/2023\/11\/Schermata-2023-11-04-alle-15.11.42-1024x575.png 1024w, https:\/\/www.radiopiu.net\/wordpress\/wp-content\/uploads\/2023\/11\/Schermata-2023-11-04-alle-15.11.42-768x432.png 768w, https:\/\/www.radiopiu.net\/wordpress\/wp-content\/uploads\/2023\/11\/Schermata-2023-11-04-alle-15.11.42.png 1228w\" sizes=\"auto, (max-width: 300px) 100vw, 300px\" \/><\/a>I rischi e cosa fare<\/strong><br \/>\nSenza liquidit\u00e0 una impresa, soprattutto piccola, non pu\u00f2 fare investimenti, spesso \u00e8 costretta a ritardare i pagamenti ai fornitori e nei casi pi\u00f9 critici inizia a non versare con regolarit\u00e0 gli stipendi ai propri dipendenti. Per evitare che tutto questo provochi una chiusura definitiva dell\u2019attivit\u00e0 o, peggio ancora, che i titolari scivolino nella rete tesa dalle organizzazioni criminali che, in questi momenti, sono sempre disponibili a prestare soldi ad aziende in difficolt\u00e0, \u00e8 necessario che il Governo intervenga subito, rifinanziando il fondo di garanzia per le Pmi che era stato potenziato nel periodo del Covid.<\/p>\n<p>Grazie a questo paracadute molti istituti di credito si troverebbero nelle condizioni di prestare i soldi senza correre alcun rischio di veder aumentare le insolvenze. Ricordiamo che tra il marzo 2020 e il giugno 2022, per sostenere le imprese colpite dall\u2019emergenza pandemica il Fondo di Garanzia ha garantito a livello nazionale oltre 256,8 miliardi di euro di prestiti.<\/p>\n<p><strong>Tra le piccole imprese il credit crunch pi\u00f9 forte \u00e8 avvenuto lungo la dorsale adriatica<\/strong><br \/>\nTra le aziende con meno di 20 addetti, nell\u2019ultimo anno (agosto 2023 sullo stesso mese del 2022), la riduzione del credito in Veneto \u00e8 stata pari a 1,3 miliardi di euro (-10,2 per cento). Attualmente, l\u2019ammontare complessivo dei prestiti bancari concessi alle piccolissime imprese della nostra regione \u00e8 di 11,4 miliardi di euro. La contrazione regionale pi\u00f9 importante ha comunque riguardato le Marche (-11,1 per cento pari a un valore assoluto di -421 milioni di euro). Seguono, come gi\u00e0 detto, il Veneto (-10,2 per cento pari a -1,3 miliardi di euro), il Friuli Venezia Giulia (-10,1 per cento che corrisponde a -265 milioni di euro) e la Lombardia (sempre -10,1 per cento pari a -2,3 miliardi di euro). Le situazioni meno \u201ccritiche\u201d si sono verificate in Sardegna (-6,7 per cento pari a -178 milioni di euro), in Trentino Alto Adige (-6,4 per cento pari a -515 milioni di euro) e, in particolar modo, nel Lazio (-6,3 per cento pari a -481 milioni di euro) (vedi Tab. 1).<br \/>\nIn Veneto la stretta ha riguardato soprattutto Padova, Venezia e Rovigo<br \/>\nA livello provinciale veneto, invece, la flessione pi\u00f9 importante ha interessato le piccole imprese con meno di 20 addetti della provincia di Padova che, in un anno, hanno subito un \u201ctaglio\u201d degli impieghi bancari vivi dell\u201911,6 per cento (- 298,5 milioni di euro). Seguono la Citt\u00e0 Metropolitana di Venezia con il -11,3 per cento (-237,7 milioni di euro) e Rovigo con il -10,7 per cento (-74,2 milioni di euro). Pi\u00f9 contenuta la stretta verificatasi a Vicenza e Treviso (entrambe con -10,3 per cento). In termini assoluti, per\u00f2, la prima ha subito una decurtazione dei prestiti pari a 161,9 milioni di euro, la seconda ben 239,6 milioni. Dopodich\u00e8, scorgiamo Belluno con il -8,7 per cento (-41,6 milioni di euro) e, infine, Verona con il -8,3 per cento (-247,5 milioni di euro) (vedi Tab. 2).<\/p>\n","protected":false},"excerpt":{"rendered":"<p>Dopo le Marche, il Veneto \u00e8 la regione d\u2019Italia dove le piccolissime imprese sono state pi\u00f9 interessate dalla stretta creditizia E\u2019 ormai credit crunch: nell\u2019ultimo anno in cui i dati sono disponibili (agosto 2023 su stesso mese del 2022), gli impieghi bancari vivi alle imprese venete con meno di 20 addetti sono diminuiti del 10,2&hellip;<\/p>\n","protected":false},"author":2,"featured_media":146655,"comment_status":"closed","ping_status":"closed","sticky":false,"template":"","format":"standard","meta":{"_monsterinsights_skip_tracking":false,"_monsterinsights_sitenote_active":false,"_monsterinsights_sitenote_note":"","_monsterinsights_sitenote_category":0,"footnotes":""},"categories":[49],"tags":[],"class_list":["post-359924","post","type-post","status-publish","format-standard","has-post-thumbnail","hentry","category-news-18","category-49","description-off"],"img_url":"https:\/\/www.radiopiu.net\/wordpress\/wp-content\/uploads\/2020\/06\/vista-frontale-dei-soldi-della-holding-della-persona_23-2148547912.jpg","_links":{"self":[{"href":"https:\/\/www.radiopiu.net\/wordpress\/wp-json\/wp\/v2\/posts\/359924","targetHints":{"allow":["GET"]}}],"collection":[{"href":"https:\/\/www.radiopiu.net\/wordpress\/wp-json\/wp\/v2\/posts"}],"about":[{"href":"https:\/\/www.radiopiu.net\/wordpress\/wp-json\/wp\/v2\/types\/post"}],"author":[{"embeddable":true,"href":"https:\/\/www.radiopiu.net\/wordpress\/wp-json\/wp\/v2\/users\/2"}],"replies":[{"embeddable":true,"href":"https:\/\/www.radiopiu.net\/wordpress\/wp-json\/wp\/v2\/comments?post=359924"}],"version-history":[{"count":0,"href":"https:\/\/www.radiopiu.net\/wordpress\/wp-json\/wp\/v2\/posts\/359924\/revisions"}],"wp:featuredmedia":[{"embeddable":true,"href":"https:\/\/www.radiopiu.net\/wordpress\/wp-json\/wp\/v2\/media\/146655"}],"wp:attachment":[{"href":"https:\/\/www.radiopiu.net\/wordpress\/wp-json\/wp\/v2\/media?parent=359924"}],"wp:term":[{"taxonomy":"category","embeddable":true,"href":"https:\/\/www.radiopiu.net\/wordpress\/wp-json\/wp\/v2\/categories?post=359924"},{"taxonomy":"post_tag","embeddable":true,"href":"https:\/\/www.radiopiu.net\/wordpress\/wp-json\/wp\/v2\/tags?post=359924"}],"curies":[{"name":"wp","href":"https:\/\/api.w.org\/{rel}","templated":true}]}}