{"id":359940,"date":"2023-11-04T17:04:30","date_gmt":"2023-11-04T16:04:30","guid":{"rendered":"https:\/\/www.radiopiu.net\/wordpress\/?p=359940"},"modified":"2023-11-04T17:07:42","modified_gmt":"2023-11-04T16:07:42","slug":"tre-interventi-del-suem-118-per-altrettante-gravi-emergenze","status":"publish","type":"post","link":"https:\/\/www.radiopiu.net\/wordpress\/tre-interventi-del-suem-118-per-altrettante-gravi-emergenze\/","title":{"rendered":"TRE INTERVENTI DEL SUEM 118 PER ALTRETTANTE GRAVI EMERGENZE"},"content":{"rendered":"<p><strong><a class=\"dt-pswp-item\" href=\"https:\/\/www.radiopiu.net\/wordpress\/wp-content\/uploads\/2023\/08\/suem.png\" data-dt-img-description=\"\" data-large_image_width=\"273\" data-large_image_height=\"127\"><img loading=\"lazy\" decoding=\"async\" class=\" wp-image-348238 alignleft\" src=\"https:\/\/www.radiopiu.net\/wordpress\/wp-content\/uploads\/2023\/08\/suem.png\" alt=\"\" width=\"245\" height=\"114\" \/><\/a>REDAZIONE<\/strong> La giornata del SUEM 118 \u00e8 iniziata questa mattina alle 10 quando l&#8217;ambulanza \u00e8 stata chiamata a Santa Giustina dove un&#8217;auto e una bicicletta si sono scontrate. Un uomo di Belluno di 43 anni \u00e8 stato trasportato al Pronto Soccorso di Feltre. Nella tarda mattinata, dopo le 11, l&#8217;ambulanza e l&#8217;elicottero Falco sono intervenuti a Pedavena per soccorrere un uomo di 37 anni che aveva accusato un malore ed \u00e8 stato portato al San Martino di Belluno. Alle 14 l&#8217;elicottero \u00e8 volato a Sappada per soccorrere un uomo a causa di un politrauma. Il 66enne friulano \u00e8 stato elitrasportato all&#8217;ospedale di Udine.<\/p>\n<p>&nbsp;<\/p>\n<p>&nbsp;<\/p>\n<p>*******<\/p>\n","protected":false},"excerpt":{"rendered":"<p>REDAZIONE La giornata del SUEM 118 \u00e8 iniziata questa mattina alle 10 quando l&#8217;ambulanza \u00e8 stata chiamata a Santa Giustina dove un&#8217;auto e una bicicletta si sono scontrate. Un uomo di Belluno di 43 anni \u00e8 stato trasportato al Pronto Soccorso di Feltre. Nella tarda mattinata, dopo le 11, l&#8217;ambulanza e l&#8217;elicottero Falco sono intervenuti&hellip;<\/p>\n","protected":false},"author":4,"featured_media":212226,"comment_status":"closed","ping_status":"closed","sticky":false,"template":"","format":"standard","meta":{"_monsterinsights_skip_tracking":false,"_monsterinsights_sitenote_active":false,"_monsterinsights_sitenote_note":"","_monsterinsights_sitenote_category":0,"footnotes":""},"categories":[49],"tags":[],"class_list":["post-359940","post","type-post","status-publish","format-standard","has-post-thumbnail","hentry","category-news-18","category-49","description-off"],"img_url":"https:\/\/www.radiopiu.net\/wordpress\/wp-content\/uploads\/2021\/05\/203e932f-d79d-423b-a9df-af7325d671e8.jpg","_links":{"self":[{"href":"https:\/\/www.radiopiu.net\/wordpress\/wp-json\/wp\/v2\/posts\/359940","targetHints":{"allow":["GET"]}}],"collection":[{"href":"https:\/\/www.radiopiu.net\/wordpress\/wp-json\/wp\/v2\/posts"}],"about":[{"href":"https:\/\/www.radiopiu.net\/wordpress\/wp-json\/wp\/v2\/types\/post"}],"author":[{"embeddable":true,"href":"https:\/\/www.radiopiu.net\/wordpress\/wp-json\/wp\/v2\/users\/4"}],"replies":[{"embeddable":true,"href":"https:\/\/www.radiopiu.net\/wordpress\/wp-json\/wp\/v2\/comments?post=359940"}],"version-history":[{"count":0,"href":"https:\/\/www.radiopiu.net\/wordpress\/wp-json\/wp\/v2\/posts\/359940\/revisions"}],"wp:featuredmedia":[{"embeddable":true,"href":"https:\/\/www.radiopiu.net\/wordpress\/wp-json\/wp\/v2\/media\/212226"}],"wp:attachment":[{"href":"https:\/\/www.radiopiu.net\/wordpress\/wp-json\/wp\/v2\/media?parent=359940"}],"wp:term":[{"taxonomy":"category","embeddable":true,"href":"https:\/\/www.radiopiu.net\/wordpress\/wp-json\/wp\/v2\/categories?post=359940"},{"taxonomy":"post_tag","embeddable":true,"href":"https:\/\/www.radiopiu.net\/wordpress\/wp-json\/wp\/v2\/tags?post=359940"}],"curies":[{"name":"wp","href":"https:\/\/api.w.org\/{rel}","templated":true}]}}