{"id":359981,"date":"2023-11-05T10:27:55","date_gmt":"2023-11-05T09:27:55","guid":{"rendered":"https:\/\/www.radiopiu.net\/wordpress\/?p=359981"},"modified":"2023-11-05T10:27:55","modified_gmt":"2023-11-05T09:27:55","slug":"37-cm-di-neve-fresca-a-col-dei-baldi-i-dati-delle-ultime-nevicate-di-arpav-dolomiti","status":"publish","type":"post","link":"https:\/\/www.radiopiu.net\/wordpress\/37-cm-di-neve-fresca-a-col-dei-baldi-i-dati-delle-ultime-nevicate-di-arpav-dolomiti\/","title":{"rendered":"37 CM DI NEVE FRESCA A COL DEI BALDI. I DATI DELLE ULTIME NEVICATE DI ARPAV DOLOMITI"},"content":{"rendered":"<p><strong>REDAZIONE<\/strong> Sono 37 i cm di neve fresca che sono stati registrati a Col dei Baldi ad Alleghe, la zona dove la neve \u00e8 scesa pi\u00f9 copiosamente. Registrati dei buoni accumuli anche a Casera Doana e Malga Losch a Frassen\u00e8<\/p>\n<p><strong>IL BOLLETTINO NEVE AL SUOLO DI ARPAV DOLOMITI<\/strong><\/p>\n<a href=\"https:\/\/www.radiopiu.net\/wordpress\/wp-content\/uploads\/2023\/11\/2023_11_05_Dolomiti-Neve-al-Suolo.pdf\" class=\"pdfemb-viewer\" style=\"\" data-width=\"max\" data-height=\"max\" data-toolbar=\"top\" data-toolbar-fixed=\"on\">2023_11_05_Dolomiti Neve al Suolo<\/a>\n<p>&nbsp;<\/p>\n<p>&nbsp;<\/p>\n<p>******<\/p>\n","protected":false},"excerpt":{"rendered":"<p>REDAZIONE Sono 37 i cm di neve fresca che sono stati registrati a Col dei Baldi ad Alleghe, la zona dove la neve \u00e8 scesa pi\u00f9 copiosamente. Registrati dei buoni accumuli anche a Casera Doana e Malga Losch a Frassen\u00e8 IL BOLLETTINO NEVE AL SUOLO DI ARPAV DOLOMITI &nbsp; &nbsp; ******<\/p>\n","protected":false},"author":4,"featured_media":178011,"comment_status":"closed","ping_status":"closed","sticky":false,"template":"","format":"standard","meta":{"_monsterinsights_skip_tracking":false,"_monsterinsights_sitenote_active":false,"_monsterinsights_sitenote_note":"","_monsterinsights_sitenote_category":0,"footnotes":""},"categories":[49],"tags":[],"class_list":["post-359981","post","type-post","status-publish","format-standard","has-post-thumbnail","hentry","category-news-18","category-49","description-off"],"img_url":"https:\/\/www.radiopiu.net\/wordpress\/wp-content\/uploads\/2020\/12\/fiocco-neve.jpg","_links":{"self":[{"href":"https:\/\/www.radiopiu.net\/wordpress\/wp-json\/wp\/v2\/posts\/359981","targetHints":{"allow":["GET"]}}],"collection":[{"href":"https:\/\/www.radiopiu.net\/wordpress\/wp-json\/wp\/v2\/posts"}],"about":[{"href":"https:\/\/www.radiopiu.net\/wordpress\/wp-json\/wp\/v2\/types\/post"}],"author":[{"embeddable":true,"href":"https:\/\/www.radiopiu.net\/wordpress\/wp-json\/wp\/v2\/users\/4"}],"replies":[{"embeddable":true,"href":"https:\/\/www.radiopiu.net\/wordpress\/wp-json\/wp\/v2\/comments?post=359981"}],"version-history":[{"count":0,"href":"https:\/\/www.radiopiu.net\/wordpress\/wp-json\/wp\/v2\/posts\/359981\/revisions"}],"wp:featuredmedia":[{"embeddable":true,"href":"https:\/\/www.radiopiu.net\/wordpress\/wp-json\/wp\/v2\/media\/178011"}],"wp:attachment":[{"href":"https:\/\/www.radiopiu.net\/wordpress\/wp-json\/wp\/v2\/media?parent=359981"}],"wp:term":[{"taxonomy":"category","embeddable":true,"href":"https:\/\/www.radiopiu.net\/wordpress\/wp-json\/wp\/v2\/categories?post=359981"},{"taxonomy":"post_tag","embeddable":true,"href":"https:\/\/www.radiopiu.net\/wordpress\/wp-json\/wp\/v2\/tags?post=359981"}],"curies":[{"name":"wp","href":"https:\/\/api.w.org\/{rel}","templated":true}]}}