{"id":360042,"date":"2023-11-06T05:28:40","date_gmt":"2023-11-06T04:28:40","guid":{"rendered":"https:\/\/www.radiopiu.net\/wordpress\/?p=360042"},"modified":"2023-11-06T08:37:26","modified_gmt":"2023-11-06T07:37:26","slug":"incidente-mortale-a-listolade-perde-la-vita-un-anziano-di-agordo","status":"publish","type":"post","link":"https:\/\/www.radiopiu.net\/wordpress\/incidente-mortale-a-listolade-perde-la-vita-un-anziano-di-agordo\/","title":{"rendered":"INCIDENTE MORTALE A LISTOLADE di TAIBON, lungo la regionale 203 agordina.  PERDE LA VITA UN ANZIANO DI AGORDO"},"content":{"rendered":"<p>&nbsp;<\/p>\n<blockquote><p><strong>TAIBON <\/strong>Incidente mortale alle 15.30 lungo la regionale 203 agordina all&#8217;altezza. In prossimit\u00e0 del bivio per la Val Corpassa e il centro della frazione (poco prima del semaforo) due auto, una Panda con a bordo due anziani\u00a0 e un pick up Mitsubishi sono entrate in collisione. Uno scontro violento, mortale per il passeggero della Panda, un anziano Bruno De Nardin 88 anni di Agordo nato e cresciuto in frazione Rif. Tramortito, ferito e sotto shock anche il conducente dell&#8217;utilitaria. La Panda sembra scendesse dalla comunale e stava per immettersi sulla regionale 203 agordina. Inevitabile lo scontro. Sul posto il personale medico dell&#8217;ospedale Papa Luciani di Agordo e i vigili del fuoco. A nulla sono valsi i tentativi di salvare l&#8217;uomo, troppo gravi le lesioni. In ospedale per accertamenti anche il conducente della Panda e del pick up.\u00a0 Disagi lungo la regionale 203 agordina, con code in direzione nord, ha invece aiutato nell&#8217;altro senso la strada comunale adibita a ciclabile. Immediato l&#8217;intervento del Pronto Soccorso di Agordo e dei vigili del fuoco,\u00a0 e dei Carabinieri di Cencenighe per i rilievi del caso. A questo proposito gli uomini dell&#8217;Arma si rivolgono ad eventuali testimoni per poter ricostruire il sinistro. Rivolgersi ai Carabinieri di Cencenighe 0437 591102<strong><br \/>\n<\/strong><\/p>\n<div class=\"addthis_sharing_toolbox\" data-url=\"http:\/\/sfoglio.corrierealpi.gelocal.it\/share_article.php?article_id=13297938\" data-title=\"Schianto mortale sulla regionale 203 Perde la vita un pensionato di Agordo\"><\/div>\n<div class=\"articlePlainText\">\n<div class=\"articlePlainText\">\n<div class=\"articlePlainText\"><a class=\"dt-pswp-item\" href=\"https:\/\/www.radiopiu.net\/wordpress\/wp-content\/uploads\/2023\/11\/Senza-nome-23.png\" data-dt-img-description=\"\" data-large_image_width=\"252\" data-large_image_height=\"170\"><img loading=\"lazy\" decoding=\"async\" class=\"size-full wp-image-360140 alignleft\" src=\"https:\/\/www.radiopiu.net\/wordpress\/wp-content\/uploads\/2023\/11\/Senza-nome-23.png\" alt=\"\" width=\"252\" height=\"170\" \/><\/a>Bruno De Nardin, 88 anni, pensionato di Agordo era a bordo della Panda di\u00a0 Sebastiano Scussel &#8220;bastianin&#8221;, De Nardin &#8220;Gerda&#8221;\u00a0 era\u00a0 in auto insieme al vecchio amico. Bruno De Nardin era originario della frazione agordina di Rif, dove era nato e cresciuto. Aveva deciso di spostarsi ad Agordo dopo il matrimonio con Giuseppina, dal loro matrimonio sono nate Nilla e Roberta. Figlio di Simone e Bernardina De Nardin aveva 13 fratelli ed erano rimasti in tre: oltre a lui, le sorelle Jolanda, che \u00e8 la conosciutissima titolare dello storico Caff\u00e8 Stazione di viale Sommariva e Luciana, che \u00e8 di La Valle Agordina.<\/div>\n<div><\/div>\n<div><\/div>\n<\/div>\n<p><strong>\u00a0<\/strong><\/p>\n<p><em><a class=\"dt-pswp-item\" href=\"https:\/\/www.radiopiu.net\/wordpress\/wp-content\/uploads\/2023\/11\/Senza-nome-24.png\" data-dt-img-description=\"\" data-large_image_width=\"187\" data-large_image_height=\"131\"><img loading=\"lazy\" decoding=\"async\" class=\"size-full wp-image-360147 alignleft\" src=\"https:\/\/www.radiopiu.net\/wordpress\/wp-content\/uploads\/2023\/11\/Senza-nome-24.png\" alt=\"\" width=\"187\" height=\"131\" \/><\/a> <\/em><\/p>\n<p><em>\u00a0<\/em><\/p>\n<p><em>\u00abIl cordoglio mio personale e da parte dell&#8217;amministrazione comunale alla famiglia De Nardin\u00bb, sottolinea il sindaco di Agordo, Roberto Chissal\u00e8, \u00abconoscevo bene Bruno De Nardin e sapevo che era il fratello di Jolanda, la storica barista del nostro paese. Da quando viveva in centro e non pi\u00f9 a Rif, capitava che lo incontrassi in piazza della Libert\u00e0 e non poteva certo mancare un amichevole saluto&#8221;.\u00a0\u00a0<\/em><\/p>\n<p>&nbsp;<\/p>\n<\/div>\n<\/blockquote>\n<div><\/div>\n<div><\/div>\n<p>&nbsp;<\/p>\n\n\t\t\t<style type='text\/css'>\n\t\t\t\t#gallery-1 {\n\t\t\t\t\tmargin: auto;\n\t\t\t\t}\n\t\t\t\t#gallery-1 .gallery-item {\n\t\t\t\t\tfloat: left;\n\t\t\t\t\tmargin-top: 10px;\n\t\t\t\t\ttext-align: center;\n\t\t\t\t\twidth: 25%;\n\t\t\t\t}\n\t\t\t\t#gallery-1 img {\n\t\t\t\t\tborder: 2px solid #cfcfcf;\n\t\t\t\t}\n\t\t\t\t#gallery-1 .gallery-caption {\n\t\t\t\t\tmargin-left: 0;\n\t\t\t\t}\n\t\t\t\t\/* see gallery_shortcode() in wp-includes\/media.php *\/\n\t\t\t<\/style>\n\t\t<div id='gallery-1' class='dt-gallery-container gallery galleryid-360042 gallery-columns-4 gallery-size-thumbnail'><dl class='gallery-item'>\n\t\t\t\t<dt class='gallery-icon landscape'>\n\t\t\t\t\t<a class=\"rollover rollover-zoom dt-pswp-item\" title=\"Senza nome\" data-dt-img-description=\"\" data-large_image_width=\"1246\" data-large_image_height=\"560\"href='https:\/\/www.radiopiu.net\/wordpress\/wp-content\/uploads\/2023\/11\/Senza-nome-20.png'><img loading=\"lazy\" decoding=\"async\" width=\"150\" height=\"150\" src=\"https:\/\/www.radiopiu.net\/wordpress\/wp-content\/uploads\/2023\/11\/Senza-nome-20-150x150.png\" class=\"attachment-thumbnail size-thumbnail\" alt=\"\" \/><\/a>\n\t\t\t\t<\/dt><\/dl><dl class='gallery-item'>\n\t\t\t\t<dt class='gallery-icon landscape'>\n\t\t\t\t\t<a class=\"rollover rollover-zoom dt-pswp-item\" title=\"54f87d42-9e05-4e94-9006-dc2786d77369\" data-dt-img-description=\"\" data-large_image_width=\"2048\" data-large_image_height=\"1152\"href='https:\/\/www.radiopiu.net\/wordpress\/wp-content\/uploads\/2023\/11\/54f87d42-9e05-4e94-9006-dc2786d77369.jpg'><img loading=\"lazy\" decoding=\"async\" width=\"150\" height=\"150\" src=\"https:\/\/www.radiopiu.net\/wordpress\/wp-content\/uploads\/2023\/11\/54f87d42-9e05-4e94-9006-dc2786d77369-150x150.jpg\" class=\"attachment-thumbnail size-thumbnail\" alt=\"\" \/><\/a>\n\t\t\t\t<\/dt><\/dl><dl class='gallery-item'>\n\t\t\t\t<dt class='gallery-icon landscape'>\n\t\t\t\t\t<a class=\"rollover rollover-zoom dt-pswp-item\" title=\"485bcb5e-96aa-49b8-8c20-44b8e44d351f\" data-dt-img-description=\"\" data-large_image_width=\"1600\" data-large_image_height=\"1200\"href='https:\/\/www.radiopiu.net\/wordpress\/wp-content\/uploads\/2023\/11\/485bcb5e-96aa-49b8-8c20-44b8e44d351f.jpg'><img loading=\"lazy\" decoding=\"async\" width=\"150\" height=\"150\" src=\"https:\/\/www.radiopiu.net\/wordpress\/wp-content\/uploads\/2023\/11\/485bcb5e-96aa-49b8-8c20-44b8e44d351f-150x150.jpg\" class=\"attachment-thumbnail size-thumbnail\" alt=\"\" \/><\/a>\n\t\t\t\t<\/dt><\/dl><dl class='gallery-item'>\n\t\t\t\t<dt class='gallery-icon landscape'>\n\t\t\t\t\t<a class=\"rollover rollover-zoom dt-pswp-item\" title=\"564adf0a-cc3a-4e00-9076-58ecd0285ec1\" data-dt-img-description=\"\" data-large_image_width=\"1920\" data-large_image_height=\"1080\"href='https:\/\/www.radiopiu.net\/wordpress\/wp-content\/uploads\/2023\/11\/564adf0a-cc3a-4e00-9076-58ecd0285ec1.jpg'><img loading=\"lazy\" decoding=\"async\" width=\"150\" height=\"150\" src=\"https:\/\/www.radiopiu.net\/wordpress\/wp-content\/uploads\/2023\/11\/564adf0a-cc3a-4e00-9076-58ecd0285ec1-150x150.jpg\" class=\"attachment-thumbnail size-thumbnail\" alt=\"\" \/><\/a>\n\t\t\t\t<\/dt><\/dl><br style=\"clear: both\" \/>\n\t\t\t<\/div>\n\n\n\t\t\t<style type='text\/css'>\n\t\t\t\t#gallery-2 {\n\t\t\t\t\tmargin: auto;\n\t\t\t\t}\n\t\t\t\t#gallery-2 .gallery-item {\n\t\t\t\t\tfloat: left;\n\t\t\t\t\tmargin-top: 10px;\n\t\t\t\t\ttext-align: center;\n\t\t\t\t\twidth: 50%;\n\t\t\t\t}\n\t\t\t\t#gallery-2 img {\n\t\t\t\t\tborder: 2px solid #cfcfcf;\n\t\t\t\t}\n\t\t\t\t#gallery-2 .gallery-caption {\n\t\t\t\t\tmargin-left: 0;\n\t\t\t\t}\n\t\t\t\t\/* see gallery_shortcode() in wp-includes\/media.php *\/\n\t\t\t<\/style>\n\t\t<div id='gallery-2' class='dt-gallery-container gallery galleryid-360042 gallery-columns-2 gallery-size-medium'><dl class='gallery-item'>\n\t\t\t\t<dt class='gallery-icon portrait'>\n\t\t\t\t\t<a class=\"rollover rollover-zoom dt-pswp-item\" title=\"4c9e4fca-b520-4f8f-ae51-8162c2fad5e4\" data-dt-img-description=\"\" data-large_image_width=\"899\" data-large_image_height=\"1599\"href='https:\/\/www.radiopiu.net\/wordpress\/wp-content\/uploads\/2023\/11\/4c9e4fca-b520-4f8f-ae51-8162c2fad5e4.jpg'><img loading=\"lazy\" decoding=\"async\" width=\"169\" height=\"300\" src=\"https:\/\/www.radiopiu.net\/wordpress\/wp-content\/uploads\/2023\/11\/4c9e4fca-b520-4f8f-ae51-8162c2fad5e4-169x300.jpg\" class=\"attachment-medium size-medium\" alt=\"\" srcset=\"https:\/\/www.radiopiu.net\/wordpress\/wp-content\/uploads\/2023\/11\/4c9e4fca-b520-4f8f-ae51-8162c2fad5e4-169x300.jpg 169w, https:\/\/www.radiopiu.net\/wordpress\/wp-content\/uploads\/2023\/11\/4c9e4fca-b520-4f8f-ae51-8162c2fad5e4-576x1024.jpg 576w, https:\/\/www.radiopiu.net\/wordpress\/wp-content\/uploads\/2023\/11\/4c9e4fca-b520-4f8f-ae51-8162c2fad5e4-768x1366.jpg 768w, https:\/\/www.radiopiu.net\/wordpress\/wp-content\/uploads\/2023\/11\/4c9e4fca-b520-4f8f-ae51-8162c2fad5e4-864x1536.jpg 864w, https:\/\/www.radiopiu.net\/wordpress\/wp-content\/uploads\/2023\/11\/4c9e4fca-b520-4f8f-ae51-8162c2fad5e4.jpg 899w\" sizes=\"auto, (max-width: 169px) 100vw, 169px\" \/><\/a>\n\t\t\t\t<\/dt><\/dl><dl class='gallery-item'>\n\t\t\t\t<dt class='gallery-icon portrait'>\n\t\t\t\t\t<a class=\"rollover rollover-zoom dt-pswp-item\" title=\"0c960d61-78d1-4206-997f-32580607ca61\" data-dt-img-description=\"\" data-large_image_width=\"899\" data-large_image_height=\"1599\"href='https:\/\/www.radiopiu.net\/wordpress\/wp-content\/uploads\/2023\/11\/0c960d61-78d1-4206-997f-32580607ca61.jpg'><img loading=\"lazy\" decoding=\"async\" width=\"169\" height=\"300\" src=\"https:\/\/www.radiopiu.net\/wordpress\/wp-content\/uploads\/2023\/11\/0c960d61-78d1-4206-997f-32580607ca61-169x300.jpg\" class=\"attachment-medium size-medium\" alt=\"\" srcset=\"https:\/\/www.radiopiu.net\/wordpress\/wp-content\/uploads\/2023\/11\/0c960d61-78d1-4206-997f-32580607ca61-169x300.jpg 169w, https:\/\/www.radiopiu.net\/wordpress\/wp-content\/uploads\/2023\/11\/0c960d61-78d1-4206-997f-32580607ca61-576x1024.jpg 576w, https:\/\/www.radiopiu.net\/wordpress\/wp-content\/uploads\/2023\/11\/0c960d61-78d1-4206-997f-32580607ca61-768x1366.jpg 768w, https:\/\/www.radiopiu.net\/wordpress\/wp-content\/uploads\/2023\/11\/0c960d61-78d1-4206-997f-32580607ca61-864x1536.jpg 864w, https:\/\/www.radiopiu.net\/wordpress\/wp-content\/uploads\/2023\/11\/0c960d61-78d1-4206-997f-32580607ca61.jpg 899w\" sizes=\"auto, (max-width: 169px) 100vw, 169px\" \/><\/a>\n\t\t\t\t<\/dt><\/dl><br style=\"clear: both\" \/>\n\t\t\t<\/div>\n\n<p>&nbsp;<\/p>\n<p>&nbsp;<\/p>\n<hr \/>\n<p>&nbsp;<\/p>\n","protected":false},"excerpt":{"rendered":"<p>&nbsp; TAIBON Incidente mortale alle 15.30 lungo la regionale 203 agordina all&#8217;altezza. In prossimit\u00e0 del bivio per la Val Corpassa e il centro della frazione (poco prima del semaforo) due auto, una Panda con a bordo due anziani\u00a0 e un pick up Mitsubishi sono entrate in collisione. Uno scontro violento, mortale per il passeggero della&hellip;<\/p>\n","protected":false},"author":4,"featured_media":360118,"comment_status":"closed","ping_status":"closed","sticky":false,"template":"","format":"standard","meta":{"_monsterinsights_skip_tracking":false,"_monsterinsights_sitenote_active":false,"_monsterinsights_sitenote_note":"","_monsterinsights_sitenote_category":0,"footnotes":""},"categories":[51,49],"tags":[],"class_list":["post-360042","post","type-post","status-publish","format-standard","has-post-thumbnail","hentry","category-evidenza-top","category-news-18","category-51","category-49","description-off"],"img_url":"https:\/\/www.radiopiu.net\/wordpress\/wp-content\/uploads\/2023\/11\/Senza-nome-21.png","_links":{"self":[{"href":"https:\/\/www.radiopiu.net\/wordpress\/wp-json\/wp\/v2\/posts\/360042","targetHints":{"allow":["GET"]}}],"collection":[{"href":"https:\/\/www.radiopiu.net\/wordpress\/wp-json\/wp\/v2\/posts"}],"about":[{"href":"https:\/\/www.radiopiu.net\/wordpress\/wp-json\/wp\/v2\/types\/post"}],"author":[{"embeddable":true,"href":"https:\/\/www.radiopiu.net\/wordpress\/wp-json\/wp\/v2\/users\/4"}],"replies":[{"embeddable":true,"href":"https:\/\/www.radiopiu.net\/wordpress\/wp-json\/wp\/v2\/comments?post=360042"}],"version-history":[{"count":0,"href":"https:\/\/www.radiopiu.net\/wordpress\/wp-json\/wp\/v2\/posts\/360042\/revisions"}],"wp:featuredmedia":[{"embeddable":true,"href":"https:\/\/www.radiopiu.net\/wordpress\/wp-json\/wp\/v2\/media\/360118"}],"wp:attachment":[{"href":"https:\/\/www.radiopiu.net\/wordpress\/wp-json\/wp\/v2\/media?parent=360042"}],"wp:term":[{"taxonomy":"category","embeddable":true,"href":"https:\/\/www.radiopiu.net\/wordpress\/wp-json\/wp\/v2\/categories?post=360042"},{"taxonomy":"post_tag","embeddable":true,"href":"https:\/\/www.radiopiu.net\/wordpress\/wp-json\/wp\/v2\/tags?post=360042"}],"curies":[{"name":"wp","href":"https:\/\/api.w.org\/{rel}","templated":true}]}}