{"id":360072,"date":"2023-11-06T05:26:13","date_gmt":"2023-11-06T04:26:13","guid":{"rendered":"https:\/\/www.radiopiu.net\/wordpress\/?p=360072"},"modified":"2023-11-06T05:31:04","modified_gmt":"2023-11-06T04:31:04","slug":"caso-di-meningite-a-quero-vas-laggiornamento-dellulss-1-dolomiti","status":"publish","type":"post","link":"https:\/\/www.radiopiu.net\/wordpress\/caso-di-meningite-a-quero-vas-laggiornamento-dellulss-1-dolomiti\/","title":{"rendered":"CASO DI MENINGITE A QUERO VAS: L&#8217;AGGIORNAMENTO DELL&#8217;ULSS 1 DOLOMITI"},"content":{"rendered":"<p><a class=\"dt-pswp-item\" href=\"https:\/\/www.radiopiu.net\/wordpress\/wp-content\/uploads\/2018\/01\/Feltre-Ulss-2-Santa-Maria-del-Prato-Foto-ANSA-Imc.jpg\" data-dt-img-description=\"Una veduta esterna dell'ospedale di Feltre dove sono stati ricoverati alcuni feriti dell'incidente che ha coinvolto un pullman ribaltatosi in zona Carpen, vicino Feltre, 29 maggio 2014. ANSA\/ ANDREA SOLERO\" data-large_image_width=\"1000\" data-large_image_height=\"666\"><img loading=\"lazy\" decoding=\"async\" class=\"alignleft wp-image-42393 \" src=\"https:\/\/www.radiopiu.net\/wordpress\/wp-content\/uploads\/2018\/01\/Feltre-Ulss-2-Santa-Maria-del-Prato-Foto-ANSA-Imc-300x200.jpg\" alt=\"\" width=\"201\" height=\"134\" srcset=\"https:\/\/www.radiopiu.net\/wordpress\/wp-content\/uploads\/2018\/01\/Feltre-Ulss-2-Santa-Maria-del-Prato-Foto-ANSA-Imc-300x200.jpg 300w, https:\/\/www.radiopiu.net\/wordpress\/wp-content\/uploads\/2018\/01\/Feltre-Ulss-2-Santa-Maria-del-Prato-Foto-ANSA-Imc-768x511.jpg 768w, https:\/\/www.radiopiu.net\/wordpress\/wp-content\/uploads\/2018\/01\/Feltre-Ulss-2-Santa-Maria-del-Prato-Foto-ANSA-Imc.jpg 1000w\" sizes=\"auto, (max-width: 201px) 100vw, 201px\" \/><\/a><strong>FELTRE <\/strong>In relazione al caso di meningite a carico di un giovane di 17 anni di Quero Vas ricoverato ieri in Rianimazione all\u2019ospedale di Feltre si segnala quanto segue: Le condizioni cliniche del giovane sono stabili. La prognosi rimane riservata. Il Dipartimento di Prevenzione ha concluso le due giornate di lavoro dedicate alla profilassi dei contatti del caso. Presso l\u2019ambulatorio attivato per l\u2019occasione nello stabile di Borgo Ruga a Feltre sono state erogate 105 dosi di antibiotico nella tipologia che prevede un\u2019unica dose. L\u2019operativit\u00e0 si \u00e8 svolta dalle 18.00 alle 21.00 e oltre di ieri sera e dalle 9.00 alle 16.00 e oltre di oggi. Consistente \u00e8 stata anche l\u2019attivit\u00e0 di informazione telefonica. Nell\u2019ambito della normale attivit\u00e0 del Dipartimento di prevenzione prevista per domani a Borgo Ruga potranno essere recuperate eventuali nuove richieste. A Feltre si sono rivolti in prevalenza i contatti stretti dell\u2019ambito extrascolastico (tempo libero, etc). L\u2019indagine epidemiologica ha messo in evidenza che il giovane paziente gioca a calcio in una squadra locale ma l\u2019ultimo contatto con il gruppo sportivo era avvenuto prima del 27 ottobre (data di riferimento per valorizzare i contatti al fine della profilassi) escludendo, quindi, questi sportivi dalle misure precauzionali. In parallelo all\u2019attivit\u00e0 dell\u2019Ulss 1 Dolomiti, l\u2019Ulss 2 Marca Trevigiana ha attivato nella scuola frequentata dal giovane a Valdobbiadene un punto erogativo della profilassi, soprattutto a favore dei compagni di classe e degli insegnanti del giovane per la gran parte residenti in provincia di Treviso. Complessivamente il Dipartimento di Prevenzione dell\u2019Ulss 2 ha somministrato 56 dosi preventive.<\/p>\n<p>&nbsp;<\/p>\n<p>&nbsp;<\/p>\n<p>**********<\/p>\n","protected":false},"excerpt":{"rendered":"<p>FELTRE In relazione al caso di meningite a carico di un giovane di 17 anni di Quero Vas ricoverato ieri in Rianimazione all\u2019ospedale di Feltre si segnala quanto segue: Le condizioni cliniche del giovane sono stabili. La prognosi rimane riservata. Il Dipartimento di Prevenzione ha concluso le due giornate di lavoro dedicate alla profilassi dei&hellip;<\/p>\n","protected":false},"author":4,"featured_media":42393,"comment_status":"closed","ping_status":"closed","sticky":false,"template":"","format":"standard","meta":{"_monsterinsights_skip_tracking":false,"_monsterinsights_sitenote_active":false,"_monsterinsights_sitenote_note":"","_monsterinsights_sitenote_category":0,"footnotes":""},"categories":[51,49],"tags":[],"class_list":["post-360072","post","type-post","status-publish","format-standard","has-post-thumbnail","hentry","category-evidenza-top","category-news-18","category-51","category-49","description-off"],"img_url":"https:\/\/www.radiopiu.net\/wordpress\/wp-content\/uploads\/2018\/01\/Feltre-Ulss-2-Santa-Maria-del-Prato-Foto-ANSA-Imc.jpg","_links":{"self":[{"href":"https:\/\/www.radiopiu.net\/wordpress\/wp-json\/wp\/v2\/posts\/360072","targetHints":{"allow":["GET"]}}],"collection":[{"href":"https:\/\/www.radiopiu.net\/wordpress\/wp-json\/wp\/v2\/posts"}],"about":[{"href":"https:\/\/www.radiopiu.net\/wordpress\/wp-json\/wp\/v2\/types\/post"}],"author":[{"embeddable":true,"href":"https:\/\/www.radiopiu.net\/wordpress\/wp-json\/wp\/v2\/users\/4"}],"replies":[{"embeddable":true,"href":"https:\/\/www.radiopiu.net\/wordpress\/wp-json\/wp\/v2\/comments?post=360072"}],"version-history":[{"count":0,"href":"https:\/\/www.radiopiu.net\/wordpress\/wp-json\/wp\/v2\/posts\/360072\/revisions"}],"wp:featuredmedia":[{"embeddable":true,"href":"https:\/\/www.radiopiu.net\/wordpress\/wp-json\/wp\/v2\/media\/42393"}],"wp:attachment":[{"href":"https:\/\/www.radiopiu.net\/wordpress\/wp-json\/wp\/v2\/media?parent=360072"}],"wp:term":[{"taxonomy":"category","embeddable":true,"href":"https:\/\/www.radiopiu.net\/wordpress\/wp-json\/wp\/v2\/categories?post=360072"},{"taxonomy":"post_tag","embeddable":true,"href":"https:\/\/www.radiopiu.net\/wordpress\/wp-json\/wp\/v2\/tags?post=360072"}],"curies":[{"name":"wp","href":"https:\/\/api.w.org\/{rel}","templated":true}]}}