{"id":360194,"date":"2023-11-06T10:13:12","date_gmt":"2023-11-06T09:13:12","guid":{"rendered":"https:\/\/www.radiopiu.net\/wordpress\/?p=360194"},"modified":"2023-11-06T10:13:28","modified_gmt":"2023-11-06T09:13:28","slug":"laurora-boreale-un-evento-raro-dalle-nostre-parti","status":"publish","type":"post","link":"https:\/\/www.radiopiu.net\/wordpress\/laurora-boreale-un-evento-raro-dalle-nostre-parti\/","title":{"rendered":"L&#8217;AURORA BOREALE, UN EVENTO RARO DALLE NOSTRE PARTI"},"content":{"rendered":"<p><strong>di Claudio Pra<\/strong><\/p>\n<p>Ieri, domenica 5 novembre, un p\u00f3 dopo il tramonto, si \u00e8 verificato sui cieli del nord Italia un evento molto raro, solitamente visibile a latitudini molto pi\u00f9 elevate. Si tratta dell&#8217;aurora boreale, che tinge il cielo di fantastici colori. Purtroppo il fenomeno \u00e8 difficilmente prevedibile ed ancora pi\u00f9 difficile \u00e8 prevedere la sua estensione, che solitamente non coinvolge il nostro paese. Praticamente impossibile poi prevedere l&#8217;orario. Chi ieri sera ha avuto la fortuna di guardare a nord nel momento giusto ha visto il cielo tingersi di rosso\/viola, rimanendo probabilmente esterrefatto da un qualcosa di spettacolare e suggestivo ma nello stesso tempo inquietante. L&#8217;aurora boreale si verifica nei periodi di intensa attivit\u00e0 solare, quando la nostra stella pu\u00f2 indirizzare intensi flussi di particelle verso la Terra. Le particelle, interagendo con la magnetosfera terrestre che ci scherma da queste nocive radiazioni, da vita a un grande spettacolo di colori solitamente visibile nei dintorni del circolo polare artico e che solo sporadicamente si spingono pi\u00f9 a sud. Si potr\u00e0 riosservare un simile spettacolo nei prossimi giorni. Occhi al cielo per saperlo.<\/p>\n<p><strong>Fotogramma tratto da una webcam posta sul Faloria<\/strong><\/p>\n<p><a class=\"dt-pswp-item\" href=\"https:\/\/www.radiopiu.net\/wordpress\/wp-content\/uploads\/2023\/11\/93421f6a-aab3-48fa-82de-0c4db1e88588.jpg\" data-dt-img-description=\"\" data-large_image_width=\"1600\" data-large_image_height=\"1021\"><img loading=\"lazy\" decoding=\"async\" class=\"alignnone wp-image-360196 size-large\" src=\"https:\/\/www.radiopiu.net\/wordpress\/wp-content\/uploads\/2023\/11\/93421f6a-aab3-48fa-82de-0c4db1e88588-1024x653.jpg\" alt=\"\" width=\"1024\" height=\"653\" srcset=\"https:\/\/www.radiopiu.net\/wordpress\/wp-content\/uploads\/2023\/11\/93421f6a-aab3-48fa-82de-0c4db1e88588-1024x653.jpg 1024w, https:\/\/www.radiopiu.net\/wordpress\/wp-content\/uploads\/2023\/11\/93421f6a-aab3-48fa-82de-0c4db1e88588-300x191.jpg 300w, https:\/\/www.radiopiu.net\/wordpress\/wp-content\/uploads\/2023\/11\/93421f6a-aab3-48fa-82de-0c4db1e88588-768x490.jpg 768w, https:\/\/www.radiopiu.net\/wordpress\/wp-content\/uploads\/2023\/11\/93421f6a-aab3-48fa-82de-0c4db1e88588-1536x980.jpg 1536w, https:\/\/www.radiopiu.net\/wordpress\/wp-content\/uploads\/2023\/11\/93421f6a-aab3-48fa-82de-0c4db1e88588.jpg 1600w\" sizes=\"auto, (max-width: 1024px) 100vw, 1024px\" \/><\/a><\/p>\n<p>&nbsp;<\/p>\n<p>&nbsp;<\/p>\n<p>********<\/p>\n","protected":false},"excerpt":{"rendered":"<p>di Claudio Pra Ieri, domenica 5 novembre, un p\u00f3 dopo il tramonto, si \u00e8 verificato sui cieli del nord Italia un evento molto raro, solitamente visibile a latitudini molto pi\u00f9 elevate. Si tratta dell&#8217;aurora boreale, che tinge il cielo di fantastici colori. Purtroppo il fenomeno \u00e8 difficilmente prevedibile ed ancora pi\u00f9 difficile \u00e8 prevedere la&hellip;<\/p>\n","protected":false},"author":4,"featured_media":360196,"comment_status":"closed","ping_status":"closed","sticky":false,"template":"","format":"standard","meta":{"_monsterinsights_skip_tracking":false,"_monsterinsights_sitenote_active":false,"_monsterinsights_sitenote_note":"","_monsterinsights_sitenote_category":0,"footnotes":""},"categories":[49],"tags":[],"class_list":["post-360194","post","type-post","status-publish","format-standard","has-post-thumbnail","hentry","category-news-18","category-49","description-off"],"img_url":"https:\/\/www.radiopiu.net\/wordpress\/wp-content\/uploads\/2023\/11\/93421f6a-aab3-48fa-82de-0c4db1e88588.jpg","_links":{"self":[{"href":"https:\/\/www.radiopiu.net\/wordpress\/wp-json\/wp\/v2\/posts\/360194","targetHints":{"allow":["GET"]}}],"collection":[{"href":"https:\/\/www.radiopiu.net\/wordpress\/wp-json\/wp\/v2\/posts"}],"about":[{"href":"https:\/\/www.radiopiu.net\/wordpress\/wp-json\/wp\/v2\/types\/post"}],"author":[{"embeddable":true,"href":"https:\/\/www.radiopiu.net\/wordpress\/wp-json\/wp\/v2\/users\/4"}],"replies":[{"embeddable":true,"href":"https:\/\/www.radiopiu.net\/wordpress\/wp-json\/wp\/v2\/comments?post=360194"}],"version-history":[{"count":0,"href":"https:\/\/www.radiopiu.net\/wordpress\/wp-json\/wp\/v2\/posts\/360194\/revisions"}],"wp:featuredmedia":[{"embeddable":true,"href":"https:\/\/www.radiopiu.net\/wordpress\/wp-json\/wp\/v2\/media\/360196"}],"wp:attachment":[{"href":"https:\/\/www.radiopiu.net\/wordpress\/wp-json\/wp\/v2\/media?parent=360194"}],"wp:term":[{"taxonomy":"category","embeddable":true,"href":"https:\/\/www.radiopiu.net\/wordpress\/wp-json\/wp\/v2\/categories?post=360194"},{"taxonomy":"post_tag","embeddable":true,"href":"https:\/\/www.radiopiu.net\/wordpress\/wp-json\/wp\/v2\/tags?post=360194"}],"curies":[{"name":"wp","href":"https:\/\/api.w.org\/{rel}","templated":true}]}}