{"id":360200,"date":"2023-11-06T23:59:36","date_gmt":"2023-11-06T22:59:36","guid":{"rendered":"https:\/\/www.radiopiu.net\/wordpress\/?p=360200"},"modified":"2023-11-06T10:33:14","modified_gmt":"2023-11-06T09:33:14","slug":"seconda-sconfitta-consecutiva-per-lagordina","status":"publish","type":"post","link":"https:\/\/www.radiopiu.net\/wordpress\/seconda-sconfitta-consecutiva-per-lagordina\/","title":{"rendered":"SECONDA SCONFITTA CONSECUTIVA PER L&#8217;AGORDINA"},"content":{"rendered":"<p><strong><a class=\"dt-pswp-item\" href=\"https:\/\/www.radiopiu.net\/wordpress\/wp-content\/uploads\/2019\/09\/AGORDINA-CALCIO.jpeg\" data-dt-img-description=\"\" data-large_image_width=\"225\" data-large_image_height=\"225\"><img loading=\"lazy\" decoding=\"async\" class=\" wp-image-97575 alignleft\" src=\"https:\/\/www.radiopiu.net\/wordpress\/wp-content\/uploads\/2019\/09\/AGORDINA-CALCIO.jpeg\" alt=\"\" width=\"110\" height=\"110\" srcset=\"https:\/\/www.radiopiu.net\/wordpress\/wp-content\/uploads\/2019\/09\/AGORDINA-CALCIO.jpeg 225w, https:\/\/www.radiopiu.net\/wordpress\/wp-content\/uploads\/2019\/09\/AGORDINA-CALCIO-150x150.jpeg 150w\" sizes=\"auto, (max-width: 110px) 100vw, 110px\" \/><\/a>di Marco Gaz<\/strong><\/p>\n<p><strong>REDAZIONE<\/strong> Per la seconda settimana consecutiva l&#8217;Agordina di Terza Categoria non riesce ad incamerare punti. Dopo la sconfitta di misura con il Fortogna all&#8217;Ivano Dorigo, la squadra di Chiea si \u00e8 dovuta arrendere con la capolista Gemelle. A Borgo Valbelluna i ragazzi di Agordo non hanno demeritato ed hanno giocato una sfida alla pari contro un avversario che fin dall&#8217;inizio \u00e8 candidato alla promozione in seconda categoria. Dopo aver subito il gol, l&#8217;Agordina ha reagito pareggiando i conti con Dal Don e schiacciando gli avversari in difesa alla ricerca di una rete che valeva tre punti. Nel finale un calo di concentrazione \u00e8 stato fatale per i ragazzi di Chiea e il Gemelle si \u00e8 aggiudicato la sfida in pieno recupero. Ora la testa va alla prossima settimana quando ad Agordo arriver\u00e0 il Cortina, squadra di met\u00e0 classifica.<\/p>\n<p>&nbsp;<\/p>\n<p>&nbsp;<\/p>\n<p>********<\/p>\n","protected":false},"excerpt":{"rendered":"<p>di Marco Gaz REDAZIONE Per la seconda settimana consecutiva l&#8217;Agordina di Terza Categoria non riesce ad incamerare punti. Dopo la sconfitta di misura con il Fortogna all&#8217;Ivano Dorigo, la squadra di Chiea si \u00e8 dovuta arrendere con la capolista Gemelle. A Borgo Valbelluna i ragazzi di Agordo non hanno demeritato ed hanno giocato una sfida&hellip;<\/p>\n","protected":false},"author":4,"featured_media":360218,"comment_status":"closed","ping_status":"closed","sticky":false,"template":"","format":"standard","meta":{"_monsterinsights_skip_tracking":false,"_monsterinsights_sitenote_active":false,"_monsterinsights_sitenote_note":"","_monsterinsights_sitenote_category":0,"footnotes":""},"categories":[49],"tags":[],"class_list":["post-360200","post","type-post","status-publish","format-standard","has-post-thumbnail","hentry","category-news-18","category-49","description-off"],"img_url":"https:\/\/www.radiopiu.net\/wordpress\/wp-content\/uploads\/2023\/11\/calcio.jpg","_links":{"self":[{"href":"https:\/\/www.radiopiu.net\/wordpress\/wp-json\/wp\/v2\/posts\/360200","targetHints":{"allow":["GET"]}}],"collection":[{"href":"https:\/\/www.radiopiu.net\/wordpress\/wp-json\/wp\/v2\/posts"}],"about":[{"href":"https:\/\/www.radiopiu.net\/wordpress\/wp-json\/wp\/v2\/types\/post"}],"author":[{"embeddable":true,"href":"https:\/\/www.radiopiu.net\/wordpress\/wp-json\/wp\/v2\/users\/4"}],"replies":[{"embeddable":true,"href":"https:\/\/www.radiopiu.net\/wordpress\/wp-json\/wp\/v2\/comments?post=360200"}],"version-history":[{"count":0,"href":"https:\/\/www.radiopiu.net\/wordpress\/wp-json\/wp\/v2\/posts\/360200\/revisions"}],"wp:featuredmedia":[{"embeddable":true,"href":"https:\/\/www.radiopiu.net\/wordpress\/wp-json\/wp\/v2\/media\/360218"}],"wp:attachment":[{"href":"https:\/\/www.radiopiu.net\/wordpress\/wp-json\/wp\/v2\/media?parent=360200"}],"wp:term":[{"taxonomy":"category","embeddable":true,"href":"https:\/\/www.radiopiu.net\/wordpress\/wp-json\/wp\/v2\/categories?post=360200"},{"taxonomy":"post_tag","embeddable":true,"href":"https:\/\/www.radiopiu.net\/wordpress\/wp-json\/wp\/v2\/tags?post=360200"}],"curies":[{"name":"wp","href":"https:\/\/api.w.org\/{rel}","templated":true}]}}