{"id":360226,"date":"2023-11-06T10:57:32","date_gmt":"2023-11-06T09:57:32","guid":{"rendered":"https:\/\/www.radiopiu.net\/wordpress\/?p=360226"},"modified":"2023-11-06T13:43:28","modified_gmt":"2023-11-06T12:43:28","slug":"ciao-dionisia-buon-viaggio","status":"publish","type":"post","link":"https:\/\/www.radiopiu.net\/wordpress\/ciao-dionisia-buon-viaggio\/","title":{"rendered":"CIAO DIONISIA, BUON VIAGGIO!"},"content":{"rendered":"<p><strong><a class=\"dt-pswp-item\" href=\"https:\/\/www.radiopiu.net\/wordpress\/wp-content\/uploads\/2023\/11\/544d12ab-7e62-4b44-a37b-03ff4009da63.jpg\" data-dt-img-description=\"\" data-large_image_width=\"403\" data-large_image_height=\"620\"><img loading=\"lazy\" decoding=\"async\" class=\" wp-image-360227 alignleft\" src=\"https:\/\/www.radiopiu.net\/wordpress\/wp-content\/uploads\/2023\/11\/544d12ab-7e62-4b44-a37b-03ff4009da63-195x300.jpg\" alt=\"\" width=\"162\" height=\"249\" srcset=\"https:\/\/www.radiopiu.net\/wordpress\/wp-content\/uploads\/2023\/11\/544d12ab-7e62-4b44-a37b-03ff4009da63-195x300.jpg 195w, https:\/\/www.radiopiu.net\/wordpress\/wp-content\/uploads\/2023\/11\/544d12ab-7e62-4b44-a37b-03ff4009da63.jpg 403w\" sizes=\"auto, (max-width: 162px) 100vw, 162px\" \/><\/a><\/strong><\/p>\n<p><strong>FALCADE <\/strong>Dionisia Pizziol \u00e8 stata una donna straordinaria, la cui vita \u00e8 stata un&#8217;esemplare testimonianza di dedizione alla famiglia e alla comunit\u00e0. Nata a Cordenons (Pordenone), ha trascorso una vita intera dedicandosi con amore ai suoi cari e ai suoi concittadini. Il suo viaggio terreno \u00e8 stato caratterizzato da una profonda dedizione verso la famiglia, iniziando con il nonno Piero e poi continuando con il marito Emilio e i figli Elena, Katia e Piero. Inoltre, ha avuto il privilegio di godere della compagnia di numerosi nipoti, dimostrando quanto fosse importante per lei la dimensione familiare. Ma Dionisia non si \u00e8 limitata a essere una madre e una nonna straordinaria. Ha anche svolto un ruolo attivo nella sua comunit\u00e0, lavorando in un negozio sotto casa &#8220;Cagnati Sport&#8221; che ha gestito fino a pochi decenni fa. Questo dimostra quanto fosse coinvolta nella vita di chi le stava intorno, pronta a contribuire in qualsiasi modo possibile. Inoltre, Dionisia Pizziol \u00e8 stata la sposa di Emilio Cagnati, il Direttore di RADIO PIU&#8217;, e ci\u00f2 ha ulteriormente evidenziato il suo ruolo importante nella vita. Oggi, mentre salutiamo Dionisia Pizziol, ricordiamo con affetto e gratitudine una donna che ha lasciato un segno indelebile nella vita di coloro che l&#8217;hanno conosciuta. La sua gentilezza, la sua dedizione alla famiglia e alla comunit\u00e0 e il suo amore per gli altri rimarranno sempre nei nostri cuori. Un abbraccio affettuoso va a tutta la famiglia e ai nipoti, mentre conserviamo nella memoria i grandi ricordi che Dionisia ci ha regalato.<\/p>\n<div class=\"flex-1 overflow-hidden\">\n<div class=\"react-scroll-to-bottom--css-cxizq-79elbk h-full\">\n<div class=\"react-scroll-to-bottom--css-cxizq-1n7m0yu\">\n<div class=\"flex flex-col text-sm gizmo:pb-9 dark:bg-gray-800 gizmo:dark:bg-transparent\">\n<div class=\"group w-full text-token-text-primary border-b border-black\/10 gizmo:border-0 dark:border-gray-900\/50 gizmo:dark:border-0 bg-gray-50 gizmo:bg-transparent dark:bg-[#444654] gizmo:dark:bg-transparent\" data-testid=\"conversation-turn-3\">\n<div class=\"p-4 gizmo:py-2 justify-center text-base md:gap-6 md:py-6 m-auto\">\n<div class=\"flex flex-1 gap-4 text-base mx-auto md:gap-6 gizmo:gap-3 gizmo:md:px-5 gizmo:lg:px-1 gizmo:xl:px-5 md:max-w-2xl lg:max-w-[38rem] gizmo:md:max-w-3xl gizmo:lg:max-w-[40rem] gizmo:xl:max-w-[48rem] xl:max-w-3xl }\">\n<div class=\"relative flex w-[calc(100%-50px)] flex-col gizmo:w-full lg:w-[calc(100%-115px)] agent-turn\">\n<div class=\"flex-col gap-1 md:gap-3\">\n<div class=\"flex justify-between empty:hidden gizmo:justify-start gizmo:gap-3 lg:block gizmo:lg:flex\"><\/div>\n<\/div>\n<\/div>\n<\/div>\n<\/div>\n<\/div>\n<\/div>\n<\/div>\n<\/div>\n<\/div>\n<div class=\"w-full pt-2 md:pt-0 border-t md:border-t-0 gizmo:border-t-0 dark:border-white\/20 md:border-transparent md:dark:border-transparent md:pl-2 gizmo:pl-0 gizmo:md:pl-0 md:w-[calc(100%-.5rem)] absolute bottom-0 left-0 md:bg-vert-light-gradient bg-white dark:bg-gray-800 md:!bg-transparent dark:md:bg-vert-dark-gradient\">\n<form class=\"stretch mx-2 flex flex-row gap-3 last:mb-2 md:mx-4 md:last:mb-6 lg:mx-auto lg:max-w-2xl xl:max-w-3xl\">\n<div class=\"relative flex h-full flex-1 items-stretch md:flex-col\">\n<div class=\"flex w-full items-center\">mirko<\/div>\n<\/div>\n<\/form>\n<\/div>\n<p>&nbsp;<\/p>\n<p>&nbsp;<\/p>\n<p><a class=\"dt-pswp-item\" href=\"https:\/\/www.radiopiu.net\/wordpress\/wp-content\/uploads\/2023\/11\/75274426-1a2a-438b-be64-463aafd809da.jpg\" data-dt-img-description=\"\" data-large_image_width=\"1200\" data-large_image_height=\"1600\"><img loading=\"lazy\" decoding=\"async\" class=\"size-medium wp-image-360228 aligncenter\" src=\"https:\/\/www.radiopiu.net\/wordpress\/wp-content\/uploads\/2023\/11\/75274426-1a2a-438b-be64-463aafd809da-225x300.jpg\" alt=\"\" width=\"225\" height=\"300\" srcset=\"https:\/\/www.radiopiu.net\/wordpress\/wp-content\/uploads\/2023\/11\/75274426-1a2a-438b-be64-463aafd809da-225x300.jpg 225w, https:\/\/www.radiopiu.net\/wordpress\/wp-content\/uploads\/2023\/11\/75274426-1a2a-438b-be64-463aafd809da-768x1024.jpg 768w, https:\/\/www.radiopiu.net\/wordpress\/wp-content\/uploads\/2023\/11\/75274426-1a2a-438b-be64-463aafd809da-1152x1536.jpg 1152w, https:\/\/www.radiopiu.net\/wordpress\/wp-content\/uploads\/2023\/11\/75274426-1a2a-438b-be64-463aafd809da.jpg 1200w\" sizes=\"auto, (max-width: 225px) 100vw, 225px\" \/><\/a><\/p>\n<p>&nbsp;<\/p>\n<hr \/>\n<p>&nbsp;<\/p>\n","protected":false},"excerpt":{"rendered":"<p>FALCADE Dionisia Pizziol \u00e8 stata una donna straordinaria, la cui vita \u00e8 stata un&#8217;esemplare testimonianza di dedizione alla famiglia e alla comunit\u00e0. Nata a Cordenons (Pordenone), ha trascorso una vita intera dedicandosi con amore ai suoi cari e ai suoi concittadini. Il suo viaggio terreno \u00e8 stato caratterizzato da una profonda dedizione verso la famiglia,&hellip;<\/p>\n","protected":false},"author":4,"featured_media":360229,"comment_status":"closed","ping_status":"closed","sticky":false,"template":"","format":"standard","meta":{"_monsterinsights_skip_tracking":false,"_monsterinsights_sitenote_active":false,"_monsterinsights_sitenote_note":"","_monsterinsights_sitenote_category":0,"footnotes":""},"categories":[49],"tags":[],"class_list":["post-360226","post","type-post","status-publish","format-standard","has-post-thumbnail","hentry","category-news-18","category-49","description-off"],"img_url":"https:\/\/www.radiopiu.net\/wordpress\/wp-content\/uploads\/2023\/11\/Senza-nome-25.png","_links":{"self":[{"href":"https:\/\/www.radiopiu.net\/wordpress\/wp-json\/wp\/v2\/posts\/360226","targetHints":{"allow":["GET"]}}],"collection":[{"href":"https:\/\/www.radiopiu.net\/wordpress\/wp-json\/wp\/v2\/posts"}],"about":[{"href":"https:\/\/www.radiopiu.net\/wordpress\/wp-json\/wp\/v2\/types\/post"}],"author":[{"embeddable":true,"href":"https:\/\/www.radiopiu.net\/wordpress\/wp-json\/wp\/v2\/users\/4"}],"replies":[{"embeddable":true,"href":"https:\/\/www.radiopiu.net\/wordpress\/wp-json\/wp\/v2\/comments?post=360226"}],"version-history":[{"count":0,"href":"https:\/\/www.radiopiu.net\/wordpress\/wp-json\/wp\/v2\/posts\/360226\/revisions"}],"wp:featuredmedia":[{"embeddable":true,"href":"https:\/\/www.radiopiu.net\/wordpress\/wp-json\/wp\/v2\/media\/360229"}],"wp:attachment":[{"href":"https:\/\/www.radiopiu.net\/wordpress\/wp-json\/wp\/v2\/media?parent=360226"}],"wp:term":[{"taxonomy":"category","embeddable":true,"href":"https:\/\/www.radiopiu.net\/wordpress\/wp-json\/wp\/v2\/categories?post=360226"},{"taxonomy":"post_tag","embeddable":true,"href":"https:\/\/www.radiopiu.net\/wordpress\/wp-json\/wp\/v2\/tags?post=360226"}],"curies":[{"name":"wp","href":"https:\/\/api.w.org\/{rel}","templated":true}]}}