{"id":360353,"date":"2023-11-08T05:59:43","date_gmt":"2023-11-08T04:59:43","guid":{"rendered":"https:\/\/www.radiopiu.net\/wordpress\/?p=360353"},"modified":"2023-11-08T14:30:11","modified_gmt":"2023-11-08T13:30:11","slug":"giornale-radiopiu-08-novembre-2023-direttore-mirko-mezzacasada-40-anni-25-giugno-1983-25-giugno-2023","status":"publish","type":"post","link":"https:\/\/www.radiopiu.net\/wordpress\/giornale-radiopiu-08-novembre-2023-direttore-mirko-mezzacasada-40-anni-25-giugno-1983-25-giugno-2023\/","title":{"rendered":"GIORNALE RADIOPIU 08 NOVEMBRE 2023 DIRETTORE MIRKO MEZZACASA\u2026DA 40 ANNI 25 GIUGNO 1983-25 GIUGNO 2023"},"content":{"rendered":"<h1 class=\"entry-title photoswipe-wrapper\">40esimo di RADIOPIU\u2026. LA VOCE DELL\u2019EMOZIONE<\/h1>\n<h2><span style=\"color: #ff0000;\">ISCRIVITI AL NOSTRO CANALE\u00a0\u00a0YOUTUBE PER SEGUIRE IN DIRETTA I PRINCIPALI PROGRAMMI DI RADIO PIU\u2019 E LE FUTURE DIRETTE IN ESTERNA. PER ISCRIVERTI <a style=\"color: #ff0000;\" href=\"https:\/\/youtube.com\/@radiopiu1527\">CLICCA QUI\u00a0<\/a>E PREMI\u00a0 \u201cIscriviti\u201d\u00a0<\/span><\/h2>\n<p>&nbsp;<\/p>\n<p>&nbsp;<\/p>\n<hr \/>\n<p>&nbsp;<\/p>\n<p><a class=\"dt-pswp-item\" href=\"https:\/\/www.radiopiu.net\/wordpress\/wp-content\/uploads\/2023\/10\/34f4cfc6-e863-46e9-9695-8df44be63421.jpg\" data-dt-img-description=\"\" data-large_image_width=\"1200\" data-large_image_height=\"1200\"><img loading=\"lazy\" decoding=\"async\" class=\"wp-image-357393 alignleft\" src=\"https:\/\/www.radiopiu.net\/wordpress\/wp-content\/uploads\/2023\/10\/34f4cfc6-e863-46e9-9695-8df44be63421-300x300.jpg\" alt=\"\" width=\"81\" height=\"81\" srcset=\"https:\/\/www.radiopiu.net\/wordpress\/wp-content\/uploads\/2023\/10\/34f4cfc6-e863-46e9-9695-8df44be63421-300x300.jpg 300w, https:\/\/www.radiopiu.net\/wordpress\/wp-content\/uploads\/2023\/10\/34f4cfc6-e863-46e9-9695-8df44be63421-1024x1024.jpg 1024w, https:\/\/www.radiopiu.net\/wordpress\/wp-content\/uploads\/2023\/10\/34f4cfc6-e863-46e9-9695-8df44be63421-150x150.jpg 150w, https:\/\/www.radiopiu.net\/wordpress\/wp-content\/uploads\/2023\/10\/34f4cfc6-e863-46e9-9695-8df44be63421-768x768.jpg 768w, https:\/\/www.radiopiu.net\/wordpress\/wp-content\/uploads\/2023\/10\/34f4cfc6-e863-46e9-9695-8df44be63421.jpg 1200w\" sizes=\"auto, (max-width: 81px) 100vw, 81px\" \/><\/a>OGGI ALLA RADIO: <strong>ALLE 7<\/strong> LA RASSEGNA STAMPA LOCALE FLASH, PER CHI COME NOI ALLE SETTE DEL MATTINO VA DI FRETTA, TANTE NOTIZIE IN POCHE CHIACCHIERE. <strong>ALLE OTTO<\/strong> L&#8217;APPROFONDIMENTO NELLA STORICA RASSEGNA STAMPA LOCALE<\/p>\n<p><strong>ALLE 10.30 E 1900<\/strong> se non la smetti di mando dal preside SCUOLA CON LA PROF. MARIA ROSA SALMAZO. <strong>ALLE 9<\/strong> LIBER, DI LIANA CAVALLET &#8211;\u00a0 <strong>ALLE 10.10 E 18.10<\/strong> CISL LA VOCE PER I LAVORATORI\u00a0 CON ANNALISA DAL MAS <strong>ALLE 13.10<\/strong> FABRIZIO PESCOSTA DALLA PICCOLA BAITA ALLE 16.30 EVA OLIVIERI, LA LUCCIOLATA A RIF<strong> ALLE 18.30<\/strong> NCONTONSE CON MYLLI CREPAZ, OSPITE MARCO PALLA\u00a0 <strong>ALLE 15<\/strong> MARCO V DAL FARRA, RIMASTI PIU&#8217; AVANTI<\/p>\n<p><b>\u00a0\u00a0<\/b><\/p>\n<p>&nbsp;<\/p>\n<hr \/>\n<p>&nbsp;<\/p>\n<blockquote>\n<h3 style=\"text-align: left;\"><img decoding=\"async\" class=\"alignleft\" src=\"https:\/\/www.radiopiu.net\/wordpress\/wp-content\/uploads\/2023\/11\/Senza-nome-31.png\" \/>GIOVEDI L&#8217;ULTIMO SALUTO A WALTER<\/h3>\n<p><em>La divisa da vigile del fuoco sulla bara di Walter Locatello. E chiss\u00e0 quanti colleghi e amici ci saranno ai funerali fissati per domani, alle 15, nella chiesa arcipretale di Puos d&#8217;Alpago.\u00a0<\/em><\/p><\/blockquote>\n<div dir=\"auto\">\n<p><strong>REDAZIONE<\/strong> Giovedi alle 15 nella chiesa Arcipretale di Puos d&#8217;Alpago saranno celebrati i funerali di Walter Locatello, l&#8217;amato, padre, marito, figlio e vigile del fuoco di 44 anni scomparso drammaticamente lo scorso giovedi mentre adempieva al suo dovere con quello spirito di sacrificio che in lui era insito. Giovedi una comunit\u00e0 e i colleghi vigili del fuoco abbracceranno nel dolore la moglie Sybil con Martino, i genitori Giacinto e Carla, i suoceri Giosu\u00e8 e Maria Teresa, il cognato Daniel.<\/p>\n<p><strong>PROCLAMATO IL LUTTO CITTADINO\u00a0<\/strong> con la sospensione di tutte le manifestazioni pubbliche domani, giorno dei funerali, con l&#8217;esposizione della bandiera a mezz&#8217;asta negli uffici pubblici e l&#8217;invito a tutte le scuole ad osservare un minuto di silenzio in onore di Walter Locatello.<br \/>\n<strong>LA RACCOLTA FONDI:<\/strong> Un amico fraterno\u00a0 Maurizio Torri ha lanciato la raccolta fondi &#8220;Sostieni Martino&#8221; in favore della moglie Sybil Genoria e del suo bambino: il dato aggiornato a ieri sera superava i 30 mila euro ed \u00e8 destinato a salire di molto. Centinaia di donazioni sulla piattaforma in rete gofundme. Si stanno muovendo anche i coscritti della classe 1979, oltre al mondo del volontariato e dello sport. Una raccolta \u00e8 in corso anche alla Botte del Re, una pizzeria di Calalzo collegata con il distaccamento dei vigili dei Pieve di Cadore, mentre le offerte in chiesa andranno in beneficenza.<\/p>\n<\/div>\n<div dir=\"auto\"><\/div>\n<div dir=\"auto\">\n<hr \/>\n<\/div>\n<div dir=\"auto\"><\/div>\n<div dir=\"auto\"><\/div>\n<blockquote>\n<h2 dir=\"auto\">VENERDI L&#8217;ULTIMO SALUTO A &#8220;GERDA&#8221;<\/h2>\n<\/blockquote>\n<div dir=\"auto\">\n<p><img decoding=\"async\" class=\"aligncenter\" src=\"https:\/\/www.radiopiu.net\/wordpress\/wp-content\/uploads\/2023\/11\/Senza-nome-39.png\" \/><\/p>\n<p>&nbsp;<\/p>\n<p><strong>AGORDO<\/strong> I funerali si terranno venerd\u00ec alle 14 nella chiesa Arcidiaconale di Agordo. La sua moglie Giuseppina, le figlie Nilla con Olindo, Massimo, Ilaria, Fabio e la piccola Desiree, cos\u00ec come i figli Roberto con Maurizio, Marina, Daniele e Marco, le sorelle e i famigliari lo ricordano con affetto. Dopo le esequie, \u00e8 previsto il trasferimento al cimitero con mezzi propri.<\/p>\n<p>&nbsp;<\/p>\n<p>&nbsp;<\/p>\n<p>seguenze mortali per De Nardin. Rilievi dei Carabinieri di Cencenighe e alcooltest negativo per entrambi i conducenti.<\/p><\/div>\n<div dir=\"auto\"><\/div>\n<div dir=\"auto\"><\/div>\n<hr \/>\n<p>&nbsp;<\/p>\n<blockquote>\n<h3>LAVORI ALLA RETE IDRICA A RIVAMONTE E FALCADE<\/h3>\n<\/blockquote>\n<p><strong>RIVAMONTE<\/strong> Gestione Servizi Pubblici informa che, per lavori alla rete idrica comunale, oggi dalle 9 a FINE LAVORI., verr\u00e0 sospesa l\u2019erogazione dell\u2019acqua a RIVAMONTE AGORDINO nelle vie ROSSON, ROMA, VILLAGRANDE, CANOP, TOS.<\/p>\n<p><strong>FALCADE<\/strong> Per lavori alla rete idrica comunale, oggi dalle 10 alle 12, verr\u00e0 sospesa l\u2019erogazione dell\u2019acqua a FALCADE in -via CIMA D&#8217;AUTA, A. MORO e Piazza 20 AGOSTO.<\/p>\n<p>&nbsp;<\/p>\n<hr \/>\n<p>&nbsp;<\/p>\n<blockquote>\n<h2>Caso di meningite: aggiornamento della ulss1 dolomiti<\/h2>\n<\/blockquote>\n<p><strong><a class=\"dt-pswp-item\" href=\"https:\/\/www.radiopiu.net\/wordpress\/wp-content\/uploads\/2023\/11\/th-4.jpg\" data-dt-img-description=\"\" data-large_image_width=\"320\" data-large_image_height=\"180\"><img loading=\"lazy\" decoding=\"async\" class=\"size-medium wp-image-359967 alignleft\" src=\"https:\/\/www.radiopiu.net\/wordpress\/wp-content\/uploads\/2023\/11\/th-4-300x169.jpg\" alt=\"\" width=\"300\" height=\"169\" srcset=\"https:\/\/www.radiopiu.net\/wordpress\/wp-content\/uploads\/2023\/11\/th-4-300x169.jpg 300w, https:\/\/www.radiopiu.net\/wordpress\/wp-content\/uploads\/2023\/11\/th-4.jpg 320w\" sizes=\"auto, (max-width: 300px) 100vw, 300px\" \/><\/a>BELLUNO <\/strong>La giornata di ieri \u00e8 caratterizzata da una chiara evidenza di miglioramento clinico del ragazzo colpito da meningite e ricoverato da sabato scorso nell\u2019unit\u00e0 operativa di Rianimazione dell\u2019ospedale di Feltre. Il quadro obiettivo e laboratoristico sta evolvendo positivamente. Il Dipartimento di Prevenzione ha quasi completato le prime telefonate di sorveglianza attiva ai contatti di caso sottoposti a profilassi senza riscontrare situazioni degne di nota. Il dato \u00e8 importante in quanto l\u2019incubazione media della meningite meningococcica \u00e8 di 3-4 giorni. Le prime telefonate di sorveglianza verranno concluse entro domani. A 10 giorni dall\u2019ultimo contatto con il caso clinico le persone profilassate riceveranno la telefonata di fine sorveglianza che chiuder\u00e0 il periodo di osservazione, essendo l\u2019incubazione massima della malattia pari a 10 giorni.<\/p>\n<p>&nbsp;<\/p>\n<hr \/>\n<p>&nbsp;<\/p>\n<p>&nbsp;<\/p>\n<blockquote>\n<h3>L&#8217;ALPAGO SALUTA LO STORICO SINDACO &#8220;PARTIGIANO&#8221;<\/h3>\n<\/blockquote>\n<p><strong><a class=\"dt-pswp-item\" href=\"https:\/\/www.radiopiu.net\/wordpress\/wp-content\/uploads\/2023\/11\/CECCON-1.png\" data-dt-img-description=\"\" data-large_image_width=\"288\" data-large_image_height=\"320\"><img loading=\"lazy\" decoding=\"async\" class=\"wp-image-360429 alignleft\" src=\"https:\/\/www.radiopiu.net\/wordpress\/wp-content\/uploads\/2023\/11\/CECCON-1-270x300.png\" alt=\"\" width=\"155\" height=\"172\" srcset=\"https:\/\/www.radiopiu.net\/wordpress\/wp-content\/uploads\/2023\/11\/CECCON-1-270x300.png 270w, https:\/\/www.radiopiu.net\/wordpress\/wp-content\/uploads\/2023\/11\/CECCON-1.png 288w\" sizes=\"auto, (max-width: 155px) 100vw, 155px\" \/><\/a>TAMBRE D&#8217;ALPAGO<\/strong> E&#8217; mancato Marco Bortoluzzi, 88 anni, per 21 anni sindaco e amministratore del Comune di Tambre, storico esponente bellunese prima del Partito comunista e poi di Rifondazione ma anche militante antifascista, colonna dell&#8217;Anpi. Bortoluzzi, eletto sindaco per l\u2019ultima volta nel 1997, protagonista dell\u2019amministrazione di Tambre per quattro mandati, aveva ricoperto anche l\u2019incarico di consigliere provinciale.\u00a0 Molti i messaggi di cordoglio diffusi attraverso i social. <em>\u00abCon Marco ho condiviso trent\u2019anni di politica\u00bb, lo piange Gino Sperandio, presidente provinciale dell\u2019Anpi, \u00ababbiamo avuto un percorso politico parallelo, dallo scioglimento del Pci fino a Rifondazione e, soprattutto negli ultimi anni, dentro l&#8217;Anpi. I tratti principali della sua attivit\u00e0 politica sono stati la militanza antifascista e l\u2019attenzione alla difesa dei valori della Costituzione, l&#8217;Anpi la sentiva come casa sua\u00bb.\u00a0<\/em>L\u2019ultimo saluto a Marco Bortoluzzi verr\u00e0 celebrato domani alle 11, con rito civile, all\u2019esterno del municipio di Tambre.<\/p>\n<hr \/>\n<p>&nbsp;<\/p>\n<blockquote>\n<h3>OGGI I FUNERALI DELLA 67ENNE COLTA DA MALORE<\/h3>\n<\/blockquote>\n<p><strong> <a class=\"dt-pswp-item\" href=\"https:\/\/www.radiopiu.net\/wordpress\/wp-content\/uploads\/2023\/11\/Senza-nome-34.png\" data-dt-img-description=\"\" data-large_image_width=\"333\" data-large_image_height=\"388\"><img loading=\"lazy\" decoding=\"async\" class=\"wp-image-360440 alignleft\" src=\"https:\/\/www.radiopiu.net\/wordpress\/wp-content\/uploads\/2023\/11\/Senza-nome-34-257x300.png\" alt=\"\" width=\"104\" height=\"121\" srcset=\"https:\/\/www.radiopiu.net\/wordpress\/wp-content\/uploads\/2023\/11\/Senza-nome-34-257x300.png 257w, https:\/\/www.radiopiu.net\/wordpress\/wp-content\/uploads\/2023\/11\/Senza-nome-34.png 333w\" sizes=\"auto, (max-width: 104px) 100vw, 104px\" \/><\/a>PELOS DI CADORE<\/strong>\u00a0 Si svolgeranno oggi alle 15, nella chiesa parrocchiale di San Bernardino i funerali di Amelia Da Rin Della Mora vedova Mazzucco, la 67enne deceduta luned\u00ec pomeriggio a Pelos in seguito ad un malore. La donna si \u00e8 sentita male nell&#8217;auto con cui, in compagnia di alcuni familiari, stava rientrando dal supermercato di Laggio di Cadore.<\/p>\n<p>&nbsp;<\/p>\n<p>&nbsp;<\/p>\n<p>&nbsp;<\/p>\n<hr \/>\n<h3><\/h3>\n<h3><\/h3>\n<h3><a class=\"dt-pswp-item\" href=\"https:\/\/www.radiopiu.net\/wordpress\/wp-content\/uploads\/2023\/11\/Senza-nome-25.png\" data-dt-img-description=\"\" data-large_image_width=\"465\" data-large_image_height=\"328\"><img loading=\"lazy\" decoding=\"async\" class=\"wp-image-360229 alignleft\" src=\"https:\/\/www.radiopiu.net\/wordpress\/wp-content\/uploads\/2023\/11\/Senza-nome-25-300x212.png\" alt=\"\" width=\"127\" height=\"90\" srcset=\"https:\/\/www.radiopiu.net\/wordpress\/wp-content\/uploads\/2023\/11\/Senza-nome-25-300x212.png 300w, https:\/\/www.radiopiu.net\/wordpress\/wp-content\/uploads\/2023\/11\/Senza-nome-25.png 465w\" sizes=\"auto, (max-width: 127px) 100vw, 127px\" \/><\/a><\/h3>\n<h3>VENERDI I FUNERALI DI DIONISIA<\/h3>\n<p><strong>FALCADE<\/strong> Si svolgeranno venerdi alle 14.30 in chiesa a Falcade i funerali di Dionisia Pizziol, ne danno l&#8217;annuncio il marito Emilio Cagnati, i figli Elena con Asia, Piero con Nicole, Sharon, Ena, Katia con Nicola, Joshua, Pietro, Federico, le sorelle Iria e Silvana la cognata e i nipoti<br \/>\nUn sentito ringraziamento dalla famiglia ai dottori Massimiliano Mosca e Giovanni Magra per averla assistita professionalmente in questi anni e a tutto il personale Asca di Agordo per le amorevoli cure prestate nell&#8217;ultimo periodo.<\/p>\n<p>&nbsp;<\/p>\n<p>&nbsp;<\/p>\n<p>&nbsp;<\/p>\n<hr \/>\n<p>&nbsp;<\/p>\n<blockquote>\n<h3>CON LE RUOTE ALL&#8217;ARIA IL CAMION DELLA VALPE<\/h3>\n<\/blockquote>\n<p><strong>SOSPIROLO\u00a0<\/strong> Camioncino della Valpe si ribalta. Danni al veicolo che stava trasportando rifiuti, mentre se l&#8217;\u00e8 cavata con qualche contusione il conducente.\u00a0 Ad Oregne l&#8217;autista ha perso improvvisamente il controllo e si \u00e8 ribaltato su un fianco,\u00a0 i vigili del fuoco del Comando di Belluno,\u00a0 hanno dovuto usare l&#8217;autogr\u00f9 per raddrizzare il veicolo e rimetterlo sulle quattro ruote per farlo rimuovere e ripartire. Il traffico ha ricominciato a scorrere regolarmente che erano circa le 14 e non sono mancati i disagi.<\/p>\n<p>&nbsp;<\/p>\n<p>&nbsp;<\/p>\n<hr \/>\n<p>&nbsp;<\/p>\n<h1><strong>LE DIRETTE DI RADIOPIU&#8217;<\/strong><\/h1>\n<p><strong>IERI SERA CONSIGLIO COMUNALE A VOLTAGO<\/strong>, otto domande della minoranza sulla frazione di Frassen\u00e8 e le puntuali risposte del sindaco. Debito fuori bilancio per 117 mila euro, da pagare. Effetti dei progetti a regia dei fondi di confine.<\/p>\n<p>https:\/\/www.facebook.com\/radiopiu\/videos\/2057238864610164<\/p>\n<p>&nbsp;<\/p>\n<p>&nbsp;<\/p>\n<hr \/>\n<p>&nbsp;<\/p>\n<blockquote>\n<h3><a class=\"dt-pswp-item\" href=\"https:\/\/www.radiopiu.net\/wordpress\/wp-content\/uploads\/2023\/11\/Senza-nome-36.png\" data-dt-img-description=\"\" data-large_image_width=\"631\" data-large_image_height=\"273\"><img loading=\"lazy\" decoding=\"async\" class=\"size-medium wp-image-360446 alignleft\" src=\"https:\/\/www.radiopiu.net\/wordpress\/wp-content\/uploads\/2023\/11\/Senza-nome-36-300x130.png\" alt=\"\" width=\"300\" height=\"130\" srcset=\"https:\/\/www.radiopiu.net\/wordpress\/wp-content\/uploads\/2023\/11\/Senza-nome-36-300x130.png 300w, https:\/\/www.radiopiu.net\/wordpress\/wp-content\/uploads\/2023\/11\/Senza-nome-36.png 631w\" sizes=\"auto, (max-width: 300px) 100vw, 300px\" \/><\/a>IERI, L&#8217;INTITOLAZIONE DEL TEATRO COMUNALE A DINO BUZZATI<\/h3>\n<\/blockquote>\n<p><strong>BELLUNO<\/strong> La Giunta comunale, su invito dell&#8217;Associazionne Internazionale Dino Buzzati, ha intitolato il Teatro Comunale all&#8217;illustre scrittore di origini bellunesi. La cerimonia di intitolazione ieri sera al Teatro Comunale. Dopo i saluti istituzionali, tra cui quello in video registrazione del Ministro della cultura Sangiuliano,\u00a0 brevi testimoniane di persone a vario titolo vicine all&#8217;artista e lo spettacolo &#8220;La telefonista&#8221;, di Dino Buzzati, interpretato dall&#8217;attrice Antonella Morassutti.<\/p>\n<p>&nbsp;<\/p>\n<p><strong>IL SINDACO DI BELLUNO OSCAR DE PELLEGRIN<\/strong><\/p>\n<audio class=\"wp-audio-shortcode\" id=\"audio-360353-1\" preload=\"none\" style=\"width: 100%;\" controls=\"controls\"><source type=\"audio\/mpeg\" src=\"https:\/\/www.radiopiu.net\/wordpress\/wp-content\/uploads\/2023\/11\/Sindaco.mp3?_=1\" \/><a href=\"https:\/\/www.radiopiu.net\/wordpress\/wp-content\/uploads\/2023\/11\/Sindaco.mp3\">https:\/\/www.radiopiu.net\/wordpress\/wp-content\/uploads\/2023\/11\/Sindaco.mp3<\/a><\/audio>\n<p><strong>L&#8217;ASSESSORE ALLA CULTURA DEL COMUNE DI BELLUNO RAFFAELE ADDAMIANO<\/strong><\/p>\n<audio class=\"wp-audio-shortcode\" id=\"audio-360353-2\" preload=\"none\" style=\"width: 100%;\" controls=\"controls\"><source type=\"audio\/mpeg\" src=\"https:\/\/www.radiopiu.net\/wordpress\/wp-content\/uploads\/2023\/11\/Assessore-Addamiano.mp3?_=2\" \/><a href=\"https:\/\/www.radiopiu.net\/wordpress\/wp-content\/uploads\/2023\/11\/Assessore-Addamiano.mp3\">https:\/\/www.radiopiu.net\/wordpress\/wp-content\/uploads\/2023\/11\/Assessore-Addamiano.mp3<\/a><\/audio>\n<p><strong>PATRIZIA DALLA ROSA, FONDAZIONE DINO BUZZATI<\/strong><\/p>\n<audio class=\"wp-audio-shortcode\" id=\"audio-360353-3\" preload=\"none\" style=\"width: 100%;\" controls=\"controls\"><source type=\"audio\/mpeg\" src=\"https:\/\/www.radiopiu.net\/wordpress\/wp-content\/uploads\/2023\/11\/PATRIZIA-DALLA-ROSA.mp3?_=3\" \/><a href=\"https:\/\/www.radiopiu.net\/wordpress\/wp-content\/uploads\/2023\/11\/PATRIZIA-DALLA-ROSA.mp3\">https:\/\/www.radiopiu.net\/wordpress\/wp-content\/uploads\/2023\/11\/PATRIZIA-DALLA-ROSA.mp3<\/a><\/audio>\n<p>&nbsp;<\/p>\n<p>&nbsp;<\/p>\n<hr \/>\n<p>&nbsp;<\/p>\n<p>&nbsp;<\/p>\n<blockquote>\n<h3>BILANCIO PREVISIONALE 2024<\/h3>\n<\/blockquote>\n<p><em>Ammontano a 29 milioni 500 mila euro le spese in capo al Comune ma, al momento, la disponibilit\u00e0 \u00e8 di poco pi\u00f9 di 27 milioni. Sindaco: \u201cMancano 2 milioni di euro, sforzi enormi per non alzare le tasse\u201d Nessun aumento sul fronte Imu, solo una modifica del sostegno finora riservato ai negozi sfitti.\u00a0<\/em><\/p>\n<p><strong>BELLUNO<\/strong> Chiuso il bilancio previsionale 2024: per il Comune di Belluno, grandi difficolt\u00e0 a far quadrare i conti. E\u2019 infatti aumentato rispetto allo scorso anno il gap tra il costo complessivo dei servizi erogati dal Comune e le entrate a disposizione per la parte corrente perch\u00e9, al momento, mancano all\u2019appello circa 2 milioni di euro a causa dell\u2019aumento del costo dei servizi. &#8220;Non vogliamo tagliare servizi, \u00e8 fondamentale che il Comune continui a sostenere il cittadino anche in questo momento difficile, ci siamo limitati a ritoccare qualche tariffa\u201d lo dice il sindaco Oscar De Pellegrin<\/p>\n<p><iframe loading=\"lazy\" title=\"IMG 3709\" width=\"1200\" height=\"675\" src=\"https:\/\/www.youtube.com\/embed\/-LRxStnyKsQ?feature=oembed\" frameborder=\"0\" allow=\"accelerometer; autoplay; clipboard-write; encrypted-media; gyroscope; picture-in-picture; web-share\" allowfullscreen><\/iframe><\/p>\n<p>&nbsp;<\/p>\n<p>&nbsp;<\/p>\n<hr \/>\n<p>&nbsp;<\/p>\n<p>&nbsp;<\/p>\n<blockquote>\n<h3>IL CONSIGLIO PROVINCIALE APPROVA IL PAT. PADRIN &#8220;NON E&#8217; STATO FACILE&#8221;<\/h3>\n<\/blockquote>\n<blockquote><p><em><img loading=\"lazy\" decoding=\"async\" class=\"alignleft\" src=\"https:\/\/www.radiopiu.net\/wordpress\/wp-content\/uploads\/2021\/06\/6bda7d20-2bca-46b1-9c47-7864eeb8da9e.jpg\" width=\"324\" height=\"182\" \/>Parte da oggi il percorso per realizzare la Belluno dei prossimi anni: approvato in consiglio provinciale il Piano di Assetto Territoriale del Comune di Belluno.\u00a0<\/em><\/p><\/blockquote>\n<p><strong>BELLUNO<\/strong><\/p>\n<p><strong>DI DANIELE DALVIT<\/strong><\/p>\n<audio class=\"wp-audio-shortcode\" id=\"audio-360353-4\" preload=\"none\" style=\"width: 100%;\" controls=\"controls\"><source type=\"audio\/mpeg\" src=\"https:\/\/www.radiopiu.net\/wordpress\/wp-content\/uploads\/2023\/11\/Radio-Piu-Servizio-Approvazione-PAT-Belluno.mp3?_=4\" \/><a href=\"https:\/\/www.radiopiu.net\/wordpress\/wp-content\/uploads\/2023\/11\/Radio-Piu-Servizio-Approvazione-PAT-Belluno.mp3\">https:\/\/www.radiopiu.net\/wordpress\/wp-content\/uploads\/2023\/11\/Radio-Piu-Servizio-Approvazione-PAT-Belluno.mp3<\/a><\/audio>\n<p>&nbsp;<\/p>\n<hr \/>\n<p>&nbsp;<\/p>\n<p><strong>AGORDO<\/strong><\/p>\n<p><strong>DI GIANNI SANTOMASO\u00a0<\/strong><\/p>\n<div class=\"articlePlainText\">A oltre quarant&#8217;anni dal precedente, un nuovo restauro ha interessato il capitello del Cristo delle Pianezze. L&#8217;edificio religioso si trova appena sopra l&#8217;abitato di Valcozzena di Agordo, lungo la 347 che porta a Voltago.<\/div>\n<div><\/div>\n<div><\/div>\n<div>\n<audio class=\"wp-audio-shortcode\" id=\"audio-360353-5\" preload=\"none\" style=\"width: 100%;\" controls=\"controls\"><source type=\"audio\/mpeg\" src=\"https:\/\/www.radiopiu.net\/wordpress\/wp-content\/uploads\/2023\/11\/gianni-pianizze-1.mp3?_=5\" \/><a href=\"https:\/\/www.radiopiu.net\/wordpress\/wp-content\/uploads\/2023\/11\/gianni-pianizze-1.mp3\">https:\/\/www.radiopiu.net\/wordpress\/wp-content\/uploads\/2023\/11\/gianni-pianizze-1.mp3<\/a><\/audio>\n<p>&nbsp;<\/p>\n\n\t\t\t<style type='text\/css'>\n\t\t\t\t#gallery-1 {\n\t\t\t\t\tmargin: auto;\n\t\t\t\t}\n\t\t\t\t#gallery-1 .gallery-item {\n\t\t\t\t\tfloat: left;\n\t\t\t\t\tmargin-top: 10px;\n\t\t\t\t\ttext-align: center;\n\t\t\t\t\twidth: 25%;\n\t\t\t\t}\n\t\t\t\t#gallery-1 img {\n\t\t\t\t\tborder: 2px solid #cfcfcf;\n\t\t\t\t}\n\t\t\t\t#gallery-1 .gallery-caption {\n\t\t\t\t\tmargin-left: 0;\n\t\t\t\t}\n\t\t\t\t\/* see gallery_shortcode() in wp-includes\/media.php *\/\n\t\t\t<\/style>\n\t\t<div id='gallery-1' class='dt-gallery-container gallery galleryid-360353 gallery-columns-4 gallery-size-thumbnail'><dl class='gallery-item'>\n\t\t\t\t<dt class='gallery-icon landscape'>\n\t\t\t\t\t<a class=\"rollover\" href='https:\/\/www.radiopiu.net\/wordpress\/giornale-radiopiu-08-novembre-2023-direttore-mirko-mezzacasada-40-anni-25-giugno-1983-25-giugno-2023\/13-agosto-2023-il-cristo-delle-pianizze-dopo-il-restauro-del-tet\/'><img loading=\"lazy\" decoding=\"async\" width=\"150\" height=\"150\" src=\"https:\/\/www.radiopiu.net\/wordpress\/wp-content\/uploads\/2023\/11\/Pianezze-2023-faccia-150x150.jpg\" class=\"attachment-thumbnail size-thumbnail\" alt=\"\" \/><\/a>\n\t\t\t\t<\/dt><\/dl><dl class='gallery-item'>\n\t\t\t\t<dt class='gallery-icon portrait'>\n\t\t\t\t\t<a class=\"rollover\" href='https:\/\/www.radiopiu.net\/wordpress\/giornale-radiopiu-08-novembre-2023-direttore-mirko-mezzacasada-40-anni-25-giugno-1983-25-giugno-2023\/13-agosto-2023-il-cristo-delle-pianizze-dopo-il-restauro-del-tet-2\/'><img loading=\"lazy\" decoding=\"async\" width=\"150\" height=\"150\" src=\"https:\/\/www.radiopiu.net\/wordpress\/wp-content\/uploads\/2023\/11\/Pianezze-2023-150x150.jpg\" class=\"attachment-thumbnail size-thumbnail\" alt=\"\" \/><\/a>\n\t\t\t\t<\/dt><\/dl><dl class='gallery-item'>\n\t\t\t\t<dt class='gallery-icon portrait'>\n\t\t\t\t\t<a class=\"rollover\" href='https:\/\/www.radiopiu.net\/wordpress\/giornale-radiopiu-08-novembre-2023-direttore-mirko-mezzacasada-40-anni-25-giugno-1983-25-giugno-2023\/echi-pianezze-2023\/'><img loading=\"lazy\" decoding=\"async\" width=\"150\" height=\"150\" src=\"https:\/\/www.radiopiu.net\/wordpress\/wp-content\/uploads\/2023\/11\/Echi-Pianezze-2023-150x150.jpg\" class=\"attachment-thumbnail size-thumbnail\" alt=\"\" \/><\/a>\n\t\t\t\t<\/dt><\/dl><dl class='gallery-item'>\n\t\t\t\t<dt class='gallery-icon landscape'>\n\t\t\t\t\t<a class=\"rollover\" href='https:\/\/www.radiopiu.net\/wordpress\/giornale-radiopiu-08-novembre-2023-direttore-mirko-mezzacasada-40-anni-25-giugno-1983-25-giugno-2023\/pianezze-dedica-1978\/'><img loading=\"lazy\" decoding=\"async\" width=\"150\" height=\"150\" src=\"https:\/\/www.radiopiu.net\/wordpress\/wp-content\/uploads\/2023\/11\/Pianezze-dedica-1978-150x150.jpg\" class=\"attachment-thumbnail size-thumbnail\" alt=\"\" \/><\/a>\n\t\t\t\t<\/dt><\/dl><br style=\"clear: both\" \/>\n\t\t\t<\/div>\n\n<p>&nbsp;<\/p>\n<p>&nbsp;<\/p>\n<\/div>\n<p>&nbsp;<\/p>\n<p>&nbsp;<\/p>\n<p>&nbsp;<\/p>\n<hr \/>\n<p>&nbsp;<\/p>\n<blockquote>\n<h2>&#8220;Un Futuro Sostenibile per Belluno: La Creazione del Consorzio Forestale e le Opportunit\u00e0 che Offre&#8221;<\/h2>\n<\/blockquote>\n<div dir=\"ltr\">\n<blockquote>\n<div><em><span style=\"font-family: arial, sans-serif;\">&#8220;Non \u00e8 una scommessa: la filiera del legno \u00e8 il futuro di queste terre, \u00e8 una vera risorsa e opportunit\u00e0 per rendere attrattivo e abitabile il territorio montano&#8221;.<\/span><\/em><span style=\"font-family: georgia, serif; font-size: large;\"><br \/>\n<\/span><\/div>\n<\/blockquote>\n<\/div>\n<p><strong><img loading=\"lazy\" decoding=\"async\" class=\"alignleft\" src=\"https:\/\/www.radiopiu.net\/wordpress\/wp-content\/uploads\/2021\/01\/BELLUNO-ALPINA.jpg\" width=\"168\" height=\"153\" \/>BELLUNO\u00a0 <\/strong>L&#8217;associazione Belluno Alpina sottolinea l&#8217;importanza della creazione di un consorzio forestale nei territori montani per affrontare il progressivo avanzamento del bosco, che cresce del 30% ogni 10 anni, minacciando molti paesi. Questo consorzio non solo promuover\u00e0 lo sviluppo economico e sociale ma permetter\u00e0 anche risparmi per gli enti pubblici. L&#8217;interesse delle associazioni di categoria e dei rappresentanti delle istituzioni regionali e nazionali indica che ci sono opportunit\u00e0 di finanziamento e supporto burocratico disponibili. La valorizzazione delle foreste non solo contribuir\u00e0 alla lotta contro lo spopolamento e al contrasto al dissesto idrogeologico ma anche aiuter\u00e0 a ridurre i costi energetici degli enti pubblici. Sfruttando biomasse dai boschi curati, si potr\u00e0 ottenere energia pulita e a basso costo per il riscaldamento degli edifici pubblici.<\/p>\n<p>&nbsp;<\/p>\n<p>&nbsp;<\/p>\n<hr \/>\n<p>&nbsp;<\/p>\n<blockquote>\n<h3>IL BILANCIO AD UNA SETTIMANA DAL MALTEMPO<\/h3>\n<\/blockquote>\n<p><strong>VENEZIA<\/strong>\u00a0 La Regione ha inviato al Governo la richiesta di stato di emergenza per l\u2019ondata di maltempo della scorsa settimana. La prima stima: almeno 100 milioni di euro di danni e 500 milioni di opere di diaframmatura necessarie per garantire sempre maggiore sicurezza al territorio. Dai primi censimenti, ancora in corso per le fasi di maggior dettaglio, sono rilevanti i danni anche alle spiagge che, in alcuni casi, sono state letteralmente spazzate via dalle mareggiate. Ad esempio a Bibione su 7 km di costa c\u2019\u00e8 stata un\u2019erosione del fondo sabbioso di 40 cm, per un totale di danni stimati al momento di 4 milioni di euro a Bibione spiaggia e 1,5 milioni a Bibione Pineta. Allo stesso modo sono state martoriati anche i litorali di Jesolo, Caorle, Eraclea Mare, Rosolina, Sottomarina, Chioggia e le altre localit\u00e0 della costa.<\/p>\n<p><strong>IL PRESIDENTE DELLA REGIONE LUCA ZAIA\u00a0<\/strong><\/p>\n<div style=\"width: 1200px;\" class=\"wp-video\"><video class=\"wp-video-shortcode\" id=\"video-360353-1\" width=\"1200\" height=\"675\" preload=\"metadata\" controls=\"controls\"><source type=\"video\/mp4\" src=\"https:\/\/www.radiopiu.net\/wordpress\/wp-content\/uploads\/2023\/11\/07-11-2023-ZAIA-MALTEMPO.mp4?_=1\" \/><a href=\"https:\/\/www.radiopiu.net\/wordpress\/wp-content\/uploads\/2023\/11\/07-11-2023-ZAIA-MALTEMPO.mp4\">https:\/\/www.radiopiu.net\/wordpress\/wp-content\/uploads\/2023\/11\/07-11-2023-ZAIA-MALTEMPO.mp4<\/a><\/video><\/div>\n<p>&nbsp;<\/p>\n<hr \/>\n<p>&nbsp;<\/p>\n<blockquote>\n<h3>UNA MELA&#8230;. PER LA COMUNITA&#8217; VILLA\u00a0 SAN FRANCESCO DI FACEN<\/h3>\n<\/blockquote>\n<p><strong><a class=\"dt-pswp-item\" href=\"https:\/\/www.radiopiu.net\/wordpress\/wp-content\/uploads\/2023\/11\/MELE-RACCOLTE_A.jpg\" data-dt-img-description=\"\" data-large_image_width=\"1536\" data-large_image_height=\"2048\"><img loading=\"lazy\" decoding=\"async\" class=\" wp-image-360381 alignleft\" src=\"https:\/\/www.radiopiu.net\/wordpress\/wp-content\/uploads\/2023\/11\/MELE-RACCOLTE_A-225x300.jpg\" alt=\"\" width=\"105\" height=\"140\" srcset=\"https:\/\/www.radiopiu.net\/wordpress\/wp-content\/uploads\/2023\/11\/MELE-RACCOLTE_A-225x300.jpg 225w, https:\/\/www.radiopiu.net\/wordpress\/wp-content\/uploads\/2023\/11\/MELE-RACCOLTE_A-768x1024.jpg 768w, https:\/\/www.radiopiu.net\/wordpress\/wp-content\/uploads\/2023\/11\/MELE-RACCOLTE_A-1152x1536.jpg 1152w, https:\/\/www.radiopiu.net\/wordpress\/wp-content\/uploads\/2023\/11\/MELE-RACCOLTE_A.jpg 1536w\" sizes=\"auto, (max-width: 105px) 100vw, 105px\" \/><\/a>FELTRE<\/strong> Il Club Lions Castello di Alboino di Feltre ha organizzato una raccolta di mele a scopo benefico per sostenere le iniziative a favore degli ospiti della Comunit\u00e0 Villa San Francesco di Facen di Pedavena. I soci e i volontari del club hanno raccolto e venduto mele da un meleto biologico dell&#8217;Azienda Agricola Feltrina di Cesiomaggiore. Complessivamente sono state raccolte 54 cassette di mele Fuji e altre variet\u00e0. Parte delle mele \u00e8 stata consegnata alla Comunit\u00e0, mentre altre sono state vendute ai soci e agli amici. Questa iniziativa ha promosso l&#8217;amicizia e la solidariet\u00e0 all&#8217;interno del club e contribuir\u00e0 a sostenere i giovani della Comunit\u00e0 di Facen, con ulteriori iniziative in programma per il periodo natalizio. L&#8217;idea \u00e8 stata proposta da un membro del club e ha ricevuto un caloroso sostegno da parte di tutti i soci e volontari.<\/p>\n<p>&nbsp;<\/p>\n<p>&nbsp;<\/p>\n<hr \/>\n<p>&nbsp;<\/p>\n<blockquote>\n<h3>\u00a0Il Generale Antonio Mostacchi ispeziona le Riserve Naturali di Belluno colpite dai disastri naturali<\/h3>\n<\/blockquote>\n<p><strong> <a class=\"dt-pswp-item\" href=\"https:\/\/www.radiopiu.net\/wordpress\/wp-content\/uploads\/2023\/11\/carabinieri-forestali.jpg\" data-dt-img-description=\"\" data-large_image_width=\"620\" data-large_image_height=\"339\"><img loading=\"lazy\" decoding=\"async\" class=\"size-medium wp-image-360425 alignleft\" src=\"https:\/\/www.radiopiu.net\/wordpress\/wp-content\/uploads\/2023\/11\/carabinieri-forestali-300x164.jpg\" alt=\"\" width=\"300\" height=\"164\" srcset=\"https:\/\/www.radiopiu.net\/wordpress\/wp-content\/uploads\/2023\/11\/carabinieri-forestali-300x164.jpg 300w, https:\/\/www.radiopiu.net\/wordpress\/wp-content\/uploads\/2023\/11\/carabinieri-forestali.jpg 620w\" sizes=\"auto, (max-width: 300px) 100vw, 300px\" \/><\/a>BELLUNO <\/strong>Il Generale Antonio Mostacchi, Comandante dei Carabinieri per la Tutela della Biodiversit\u00e0, ha visitato ieri le Riserve Naturali dello Stato coinvolte recentemente da eventi calamitosi per valutarne lo stato attuale. Durante la visita, il Generale Mostacchi ha incontrato il personale tecnico, le unit\u00e0 operative e i quadri dei Nuclei per la Tutela della Biodiversit\u00e0. Il briefing si \u00e8 svolto presso la Riserva Naturale di Celarda ed \u00e8 stato anche presenziato dal Comandante della Regione Carabinieri Forestale &#8220;Veneto&#8221;, Generale di Brigata Francesco Pennacchini, e dal Comandante del Reparto Carabinieri Biodiversit\u00e0 di Belluno, Colonnello Gianfranco Munari. Sono stati pianificati interventi tempestivi di recupero e ripristino degli equilibri naturali nelle aree colpite dagli eventi temporaleschi. Tali operazioni sono gi\u00e0 in corso e coinvolgeranno unit\u00e0 altamente specializzate dell&#8217;Arma Forestale, in particolare nella zona di Valcordevole, nei pressi del Centro di Selezione Equestre del Reparto Biodiversit\u00e0 di Belluno. Il Generale Mostacchi ha espresso il suo impegno per garantire la tutela delle riserve naturali e la ripresa degli ecosistemi danneggiati, sottolineando l&#8217;importanza della biodiversit\u00e0 per la regione e l&#8217;ecosistema in generale. I carabinieri forestali collaboreranno strettamente con le autorit\u00e0 locali e gli esperti ambientali per garantire una risposta efficace ai danni causati dagli eventi calamitosi. L&#8217;intervento delle forze dell&#8217;ordine \u00e8 fondamentale per preservare la bellezza e l&#8217;integrit\u00e0 delle Riserve Naturali di Belluno e contribuire al ripristino dell&#8217;equilibrio naturale dopo le catastrofi ambientali.<\/p>\n<hr \/>\n<p>&nbsp;<\/p>\n<blockquote>\n<h3>CASA DI SOGGIORNO DI TAIBON, LA VERA STORIA DI UOMINI E INTERESSI, PARLA BULF, RIBATTONO I SIDNACI AGORDINI<\/h3>\n<\/blockquote>\n<p><strong>REDAZIONE<\/strong>\u00a0 Nel giro di tre giorni Gianni Santomaso \u00e8 entrato nel vivo del problema, quello dei dipendenti che il 31 dicembre non sanno se avranno ancora un lavoro e uno stipendio, gli anziani e i famigliari che non capiscono cosa succede. A fare chiarezza, ma siamo solo all&#8217;inizio,\u00a0 ci ha pensato il Corriere delle Alpi e Radio Pi\u00f9 con i tre servizi che qui riproponiamo in attesa di un appuntamento ulteriormente chiarificatore, attese, con gli amministratori di Asca e Unione Montana Agordina<\/p>\n<p>&nbsp;<\/p>\n<p>02 NOVEMBRE 2023<\/p>\n<p><strong>IN ALTO MARE IL PASSAGGIO DELLA CASA DI SOGGIORNO DI TAIBON AD ASCA<\/strong><\/p>\n<p><strong><a class=\"dt-pswp-item\" href=\"https:\/\/www.radiopiu.net\/wordpress\/wp-content\/uploads\/2021\/02\/CASA-SOGGIORNO-TAIBON.jpg\" data-dt-img-description=\"\" data-large_image_width=\"512\" data-large_image_height=\"324\"><img loading=\"lazy\" decoding=\"async\" class=\" wp-image-190126 alignleft\" src=\"https:\/\/www.radiopiu.net\/wordpress\/wp-content\/uploads\/2021\/02\/CASA-SOGGIORNO-TAIBON-300x190.jpg\" alt=\"\" width=\"180\" height=\"114\" srcset=\"https:\/\/www.radiopiu.net\/wordpress\/wp-content\/uploads\/2021\/02\/CASA-SOGGIORNO-TAIBON-300x190.jpg 300w, https:\/\/www.radiopiu.net\/wordpress\/wp-content\/uploads\/2021\/02\/CASA-SOGGIORNO-TAIBON.jpg 512w\" sizes=\"auto, (max-width: 180px) 100vw, 180px\" \/><\/a>TAIBON<\/strong><\/p>\n<p>DI GIANNI SANTOMASO<\/p>\n<audio class=\"wp-audio-shortcode\" id=\"audio-360353-6\" preload=\"none\" style=\"width: 100%;\" controls=\"controls\"><source type=\"audio\/mpeg\" src=\"https:\/\/www.radiopiu.net\/wordpress\/wp-content\/uploads\/2023\/11\/GIANNI-IN-ALTO-MARE-I-RAPPORTI-PER-IL-PASSAGGIO-DELLA-CASA-DI-SOGGIORNO-DI-TAIBON-AD-ASCA.mp3?_=6\" \/><a href=\"https:\/\/www.radiopiu.net\/wordpress\/wp-content\/uploads\/2023\/11\/GIANNI-IN-ALTO-MARE-I-RAPPORTI-PER-IL-PASSAGGIO-DELLA-CASA-DI-SOGGIORNO-DI-TAIBON-AD-ASCA.mp3\">https:\/\/www.radiopiu.net\/wordpress\/wp-content\/uploads\/2023\/11\/GIANNI-IN-ALTO-MARE-I-RAPPORTI-PER-IL-PASSAGGIO-DELLA-CASA-DI-SOGGIORNO-DI-TAIBON-AD-ASCA.mp3<\/a><\/audio>\n<p>&nbsp;<\/p>\n<p><strong>PASSAGGIO DELLA CASA DI RIPOSO DI TAIBON AD ASCA. PARLA BRUNO BULF<\/strong><\/p>\n<p><strong><a class=\"dt-pswp-item\" href=\"https:\/\/www.radiopiu.net\/wordpress\/wp-content\/uploads\/2019\/05\/TAIBON-BRUNO-BULF.jpg\" data-dt-img-description=\"\" data-large_image_width=\"236\" data-large_image_height=\"300\"><img loading=\"lazy\" decoding=\"async\" class=\" wp-image-86481 alignleft\" src=\"https:\/\/www.radiopiu.net\/wordpress\/wp-content\/uploads\/2019\/05\/TAIBON-BRUNO-BULF-236x300.jpg\" alt=\"\" width=\"126\" height=\"160\" \/><\/a>TAIBON<\/strong><\/p>\n<p>DI GIANNI SANTOMASO<\/p>\n<audio class=\"wp-audio-shortcode\" id=\"audio-360353-7\" preload=\"none\" style=\"width: 100%;\" controls=\"controls\"><source type=\"audio\/mpeg\" src=\"https:\/\/www.radiopiu.net\/wordpress\/wp-content\/uploads\/2023\/11\/GIANNI-PASSAGGIO-DELLA-CASA-DI-RIPOSO-DI-TAIBON-AD-ASCA.-PARLA-BRUNO-BULF.mp3?_=7\" \/><a href=\"https:\/\/www.radiopiu.net\/wordpress\/wp-content\/uploads\/2023\/11\/GIANNI-PASSAGGIO-DELLA-CASA-DI-RIPOSO-DI-TAIBON-AD-ASCA.-PARLA-BRUNO-BULF.mp3\">https:\/\/www.radiopiu.net\/wordpress\/wp-content\/uploads\/2023\/11\/GIANNI-PASSAGGIO-DELLA-CASA-DI-RIPOSO-DI-TAIBON-AD-ASCA.-PARLA-BRUNO-BULF.mp3<\/a><\/audio>\n<p>&nbsp;<\/p>\n<p>&nbsp;<\/p>\n<hr \/>\n<p>&nbsp;<\/p>\n<p>4 NOVEMBRE 2023<\/p>\n<p><strong>CASA DI SOGGIORNO TAIBON: I SINDACI AGORDINI SCARTANO LA RICHIESTA AVANZATA DA BRUNO BULF<\/strong><\/p>\n<p>&nbsp;<\/p>\n<p><strong><a class=\"dt-pswp-item\" href=\"https:\/\/www.radiopiu.net\/wordpress\/wp-content\/uploads\/2021\/02\/CASA-SOGGIORNO-TAIBON.jpg\" data-dt-img-description=\"\" data-large_image_width=\"512\" data-large_image_height=\"324\"><img loading=\"lazy\" decoding=\"async\" class=\" wp-image-190126 alignleft\" src=\"https:\/\/www.radiopiu.net\/wordpress\/wp-content\/uploads\/2021\/02\/CASA-SOGGIORNO-TAIBON-300x190.jpg\" alt=\"\" width=\"221\" height=\"140\" srcset=\"https:\/\/www.radiopiu.net\/wordpress\/wp-content\/uploads\/2021\/02\/CASA-SOGGIORNO-TAIBON-300x190.jpg 300w, https:\/\/www.radiopiu.net\/wordpress\/wp-content\/uploads\/2021\/02\/CASA-SOGGIORNO-TAIBON.jpg 512w\" sizes=\"auto, (max-width: 221px) 100vw, 221px\" \/><\/a>TAIBON<\/strong><\/p>\n<p>DI GIANNI SANTOMASO<\/p>\n<audio class=\"wp-audio-shortcode\" id=\"audio-360353-8\" preload=\"none\" style=\"width: 100%;\" controls=\"controls\"><source type=\"audio\/mpeg\" src=\"https:\/\/www.radiopiu.net\/wordpress\/wp-content\/uploads\/2023\/11\/GIANNI-CASA-DI-SOGGIORNO-TAIBON-I-SINDACI-AGORDINI-SCARTANO-LA-RICHIESTA-AVANZATA-DA-BRUNO-BULF.mp3?_=8\" \/><a href=\"https:\/\/www.radiopiu.net\/wordpress\/wp-content\/uploads\/2023\/11\/GIANNI-CASA-DI-SOGGIORNO-TAIBON-I-SINDACI-AGORDINI-SCARTANO-LA-RICHIESTA-AVANZATA-DA-BRUNO-BULF.mp3\">https:\/\/www.radiopiu.net\/wordpress\/wp-content\/uploads\/2023\/11\/GIANNI-CASA-DI-SOGGIORNO-TAIBON-I-SINDACI-AGORDINI-SCARTANO-LA-RICHIESTA-AVANZATA-DA-BRUNO-BULF.mp3<\/a><\/audio>\n<p>&nbsp;<\/p>\n<p>&nbsp;<\/p>\n<hr \/>\n<p>&nbsp;<\/p>\n<blockquote>\n<h2 align=\"JUSTIFY\"><span style=\"font-size: medium;\"><b>GLI ALPINI E LA SCUOLA DI MUGNAI<br \/>\nUna collaborazione importante tra generazioni da rendere ancora pi\u00f9 solida<\/b><\/span><\/h2>\n<\/blockquote>\n<p align=\"JUSTIFY\"><span style=\"font-size: medium;\"><strong><a class=\"dt-pswp-item\" href=\"https:\/\/www.radiopiu.net\/wordpress\/wp-content\/uploads\/2023\/03\/ALPINI.png\" data-dt-img-description=\"\" data-large_image_width=\"245\" data-large_image_height=\"208\"><img loading=\"lazy\" decoding=\"async\" class=\" wp-image-326487 alignleft\" src=\"https:\/\/www.radiopiu.net\/wordpress\/wp-content\/uploads\/2023\/03\/ALPINI.png\" alt=\"\" width=\"208\" height=\"177\" \/><\/a>FELTRE<\/strong> <\/span><span style=\"font-size: medium;\">Come da tradizione ormai decennale, a ridosso delle Celebrazioni istituzionali del 4 novembre, il Gruppo Alpini della frazione ha voluto ricordare i Caduti di tutte le guerre, in particolare quelle Mondiali. <\/span><span style=\"font-size: medium;\">Alla cerimonia, officiata dal parroco Don Mirko Pozzobon, hanno partecipato alunni,insegnanti della scuola primaria del paese e il Dirigente Scolastico dell\u2019Istituto Comprensivo di Feltre, Mauro De Lazzer, oltre a numerose autorit\u00e0 civili e militari, tra cui una rappresentanza del Corpo dei Bersaglieri. <\/span><span style=\"font-size: medium;\">Nei diversi interventi, tutti hanno sottolineato come, in questo difficile momento storico, sia ancora pi\u00f9 urgente la necessit\u00e0 di trasmettere alle giovani generazioni i valori della pace, della fratellanza, della solidariet\u00e0, della patria e della democrazia, che da sempre caratterizzano il Corpo degli Alpini.\u00a0 I<\/span><span style=\"font-size: medium;\">l Sindaco di Feltre, Viviana Fusaro, e il Presidente dell\u2019ANA cittadina, Stefano Mariech, prima della deposizione della Corona al Monumeto dei Caduti hanno consegnato il Tricolore agli alunni della classe quinta. <\/span><span style=\"font-size: medium;\">. <\/span><span style=\"font-size: medium;\">La collaborazione tra gli Alpini e la scuola rappresenta da anni un importante ponte tra le generazioni, ragion per cui, si sta pensando di renderla ancora pi\u00f9 solida e sistematica, programmando nuove attivit\u00e0 rivolte, oltre che ai ragazzi pi\u00f9 grandi, anche alle altre classi del plesso.<\/span><\/p>\n<p>&nbsp;<\/p>\n<hr \/>\n<p>&nbsp;<\/p>\n<blockquote>\n<h3>CODERDOJO PER IMPARARE A FARE UN VIDEOGIOCO<\/h3>\n<\/blockquote>\n<p><strong><a class=\"dt-pswp-item\" href=\"https:\/\/www.radiopiu.net\/wordpress\/wp-content\/uploads\/2023\/11\/SCR-20231106-lgej.jpeg\" data-dt-img-description=\"\" data-large_image_width=\"1198\" data-large_image_height=\"702\"><img loading=\"lazy\" decoding=\"async\" class=\" wp-image-360239 alignleft\" src=\"https:\/\/www.radiopiu.net\/wordpress\/wp-content\/uploads\/2023\/11\/SCR-20231106-lgej-300x176.jpeg\" alt=\"\" width=\"189\" height=\"111\" srcset=\"https:\/\/www.radiopiu.net\/wordpress\/wp-content\/uploads\/2023\/11\/SCR-20231106-lgej-300x176.jpeg 300w, https:\/\/www.radiopiu.net\/wordpress\/wp-content\/uploads\/2023\/11\/SCR-20231106-lgej-1024x600.jpeg 1024w, https:\/\/www.radiopiu.net\/wordpress\/wp-content\/uploads\/2023\/11\/SCR-20231106-lgej-768x450.jpeg 768w, https:\/\/www.radiopiu.net\/wordpress\/wp-content\/uploads\/2023\/11\/SCR-20231106-lgej.jpeg 1198w\" sizes=\"auto, (max-width: 189px) 100vw, 189px\" \/><\/a>BELLUNO<\/strong> Il 25 novembre presso l&#8217;UrbanHub di Belluno Dolomiti verr\u00e0 offerto un &#8220;CoderDojo&#8221;, un laboratorio di programmazione per gli studenti delle scuole medie. Questo evento mira a introdurre i giovani al mondo della programmazione e delle tecnologie digitali, consentendo loro di sviluppare abilit\u00e0 utili per il futuro e coltivare la loro passione per la tecnologia. Il CoderDojo Belluno Centro \u00e8 organizzato dagli studenti di informatica dell&#8217;Istituto Segato Brustolon di Belluno, con il coordinamento del professor Gianni Bua Corona, e si propone di diventare un appuntamento ricorrente per imparare a programmare, creare siti web, sviluppare app e affrontare sfide tecnologiche. Gli incontri saranno guidati da volontari esperti in programmazione e tecnologie digitali e sono aperti a tutti, senza alcuna spesa. L&#8217;obiettivo principale \u00e8 ispirare i giovani a esplorare il mondo della tecnologia e sviluppare competenze digitali in modo creativo e collaborativo.<\/p>\n<p>&nbsp;<\/p>\n<p>&nbsp;<\/p>\n<hr \/>\n<p>&nbsp;<\/p>\n<blockquote>\n<h3><a class=\"dt-pswp-item\" href=\"https:\/\/www.radiopiu.net\/wordpress\/wp-content\/uploads\/2022\/03\/LOGO-PACE-E-DISARMO.jpg\" data-dt-img-description=\"\" data-large_image_width=\"1200\" data-large_image_height=\"1200\"><img loading=\"lazy\" decoding=\"async\" class=\" wp-image-264065 alignleft\" src=\"https:\/\/www.radiopiu.net\/wordpress\/wp-content\/uploads\/2022\/03\/LOGO-PACE-E-DISARMO-300x300.jpg\" alt=\"\" width=\"113\" height=\"113\" srcset=\"https:\/\/www.radiopiu.net\/wordpress\/wp-content\/uploads\/2022\/03\/LOGO-PACE-E-DISARMO-300x300.jpg 300w, https:\/\/www.radiopiu.net\/wordpress\/wp-content\/uploads\/2022\/03\/LOGO-PACE-E-DISARMO-1024x1024.jpg 1024w, https:\/\/www.radiopiu.net\/wordpress\/wp-content\/uploads\/2022\/03\/LOGO-PACE-E-DISARMO-150x150.jpg 150w, https:\/\/www.radiopiu.net\/wordpress\/wp-content\/uploads\/2022\/03\/LOGO-PACE-E-DISARMO-768x768.jpg 768w, https:\/\/www.radiopiu.net\/wordpress\/wp-content\/uploads\/2022\/03\/LOGO-PACE-E-DISARMO.jpg 1200w\" sizes=\"auto, (max-width: 113px) 100vw, 113px\" \/><\/a>PACE E DISARMO CHIEDONO LA PACE TRA ISRAELIANI E PALESTINESI<\/h3>\n<\/blockquote>\n<p><strong>BELLUNO<\/strong> Fermiamo la violenza, aiutiamo israeliani e palestinesi a fare la pace. Due frasi semplici, un appello ragionevole. E\u0300 questo l\u2019invito che Pace &amp; Disarmo, coordinamento provinciale di Belluno, lancia a tutti i cittadini per venerdi\u0300 10 novembre alle ore 18.00 in piazza Duomo. A chi partecipera\u0300 si chiede di sventolare la bandiera della pace, di cantare e di tenere accesa una candela.<\/p>\n<p>&nbsp;<\/p>\n<p>&nbsp;<\/p>\n<hr \/>\n<p>&nbsp;<\/p>\n<blockquote>\n<h3>CON LIBERA CONTRO L&#8217;ILLEGALITA&#8217;<\/h3>\n<\/blockquote>\n<p><strong>DI GIANNI SANTOMASO<\/strong><\/p>\n<audio class=\"wp-audio-shortcode\" id=\"audio-360353-9\" preload=\"none\" style=\"width: 100%;\" controls=\"controls\"><source type=\"audio\/mpeg\" src=\"https:\/\/www.radiopiu.net\/wordpress\/wp-content\/uploads\/2023\/11\/LIBERA-GIANNI.mp3?_=9\" \/><a href=\"https:\/\/www.radiopiu.net\/wordpress\/wp-content\/uploads\/2023\/11\/LIBERA-GIANNI.mp3\">https:\/\/www.radiopiu.net\/wordpress\/wp-content\/uploads\/2023\/11\/LIBERA-GIANNI.mp3<\/a><\/audio>\n<p>&nbsp;<\/p>\n<p><strong><a class=\"dt-pswp-item\" href=\"https:\/\/www.radiopiu.net\/wordpress\/wp-content\/uploads\/2023\/07\/LIBERA-BELLUNO.png\" data-dt-img-description=\"\" data-large_image_width=\"681\" data-large_image_height=\"681\"><img loading=\"lazy\" decoding=\"async\" class=\"wp-image-342607 alignleft\" src=\"https:\/\/www.radiopiu.net\/wordpress\/wp-content\/uploads\/2023\/07\/LIBERA-BELLUNO-300x300.png\" alt=\"\" width=\"162\" height=\"162\" \/> <\/a>AGORDO.<\/strong> \u201cPreveniamo l\u2019illegalit\u00e0\u201d \u00e8 il titolo dell\u2019incontro promosso dal Presidio Agordino di Libera \u201cLucia Precenzano e Salvatore Aversa\u201d in collaborazione con l\u2019Unione montana agordina che si svolger\u00e0 mercoled\u00ec 8 novembre alle 18 in sala don Tamis ad Agordo. Saranno presenti Piermario Fop, co-referente regionale di \u201cLibera. Associazione, nomi e numeri contro le mafie\u201d, e Paolo Galeano, sindaco di Preganziol e referente di Avviso Pubblico Veneto.<br \/>\nL\u2019obiettivo dell\u2019incontro \u00e8 quello di far conoscere in particolare agli amministratori pubblici della vallata, ma anche al resto della cittadinanza, la realt\u00e0 di Avviso Pubblico, una rete di enti locali che si impegna a promuovere la cultura della legalit\u00e0 e della cittadinanza responsabile. \u201cAspetti \u2013 dice il presidio agordino di Libera \u2013 che diventano fondamentali tanto pi\u00f9 in una realt\u00e0 come quella veneta in cui le mafie hanno dimostrato di essere presenti e di trovare terreno fertile\u201d.<\/p>\n<p>&nbsp;<\/p>\n<p>&nbsp;<\/p>\n<hr \/>\n<p>&nbsp;<\/p>\n<blockquote>\n<h3>UN BANDO PER 23 ATLETI DA ASSEGNARE ALLE FIAMME ORO<\/h3>\n<\/blockquote>\n<p><strong>BELLUNO <\/strong>Sul Portale Unico del reclutamento, disponibile all\u2019indirizzo <a href=\"http:\/\/www.inpa.gov.it\">www.inpa.gov.it<\/a> nonch\u00e9 sul sito <a href=\"http:\/\/www.poliziadistato.it\">www.poliziadistato.it<\/a>, in data 27 ottobre 2023, \u00e8 stato pubblicato il bando di concorso pubblico, per titoli per l\u2019assunzione di 23 atleti da assegnare ai gruppi sportivi \u201cPolizia di Stato \u2013 Fiamme Oro\u201d, che saranno inquadrati nel ruolo degli genti e assistenti della Polizia di Stato, con la qualifica di agente. La domanda di partecipazione al concorso deve essere presentata entro il termine di trenta giorni, \u00a0decorrenti dal giorno successivo alla data di pubblicazione del bando sul\u00a0 Portale unico di reclutamento (<a href=\"http:\/\/www.inpa.gov.it\">www.inpa.gov.it<\/a>) o mediante la procedura informatica disponibile all\u2019indirizzo <a href=\"https:\/\/concorsionline.poliziadistato.it\">https:\/\/concorsionline.poliziadistato.it<\/a>.<\/p>\n<p>&nbsp;<\/p>\n<p>&nbsp;<\/p>\n<hr \/>\n<p>&nbsp;<\/p>\n<blockquote>\n<h3>LA MOSTRA FOTOGRAFICA TESTIMONI DEL TEMPO<\/h3>\n<\/blockquote>\n<p><strong>LONGARONE<\/strong> Prosegue la mostra fotografica &#8220;Testimoni del tempo \u2013 Quando le immagini raccontano la storia\u201d. Accolta al Centro culturale \u201cParri\u201d di Longarone, l\u2019esposizione potr\u00e0 essere visitata fino alla fine del mese. E non di ottobre, come previsto in un primo momento, bens\u00ec di novembre. Le immagini di Bepi Zanfron e della giovane Nicoletta Valla, infatti, sono state apprezzate al punto da far scattare la proroga della mostra<\/p>\n<p>&nbsp;<\/p>\n<hr \/>\n<p>&nbsp;<\/p>\n<blockquote>\n<h2>AMELIE, DAI JINGLE DI NATALE DI RADIO PIU&#8217; ALLA PUBBLICITA&#8217; DEL DIXAN<\/h2>\n<\/blockquote>\n<p><strong>REDAZIONE<\/strong> Rieccola la splendida Amelie,\u00a0 protagonista dell&#8217;inserto del Corriere della Sera con\u00a0 i desideri dei pi\u00f9 piccoli, i loro sogni. In edicola e in formato digitale il nuovo numero. Fotografo &#8211; <a class=\"x1i10hfl xjbqb8w x6umtig x1b1mbwd xaqea5y xav7gou x9f619 x1ypdohk xt0psk2 xe8uvvx xdj266r x11i5rnm xat24cr x1mh8g0r xexx8yu x4uap5 x18d9i69 xkhd6sd x16tdsg8 x1hl2dhg xggy1nq x1a2a7pz notranslate _a6hd\" tabindex=\"0\" role=\"link\" href=\"https:\/\/www.instagram.com\/federico_leone_\/\">@federico_leone_<\/a> Model &#8211; Amelie<\/p>\n<p><a class=\"dt-pswp-item\" href=\"https:\/\/www.radiopiu.net\/wordpress\/wp-content\/uploads\/2023\/11\/AMELIA.png\" data-dt-img-description=\"\" data-large_image_width=\"572\" data-large_image_height=\"590\"><img loading=\"lazy\" decoding=\"async\" class=\"size-medium wp-image-360420 aligncenter\" src=\"https:\/\/www.radiopiu.net\/wordpress\/wp-content\/uploads\/2023\/11\/AMELIA-291x300.png\" alt=\"\" width=\"291\" height=\"300\" srcset=\"https:\/\/www.radiopiu.net\/wordpress\/wp-content\/uploads\/2023\/11\/AMELIA-291x300.png 291w, https:\/\/www.radiopiu.net\/wordpress\/wp-content\/uploads\/2023\/11\/AMELIA.png 572w\" sizes=\"auto, (max-width: 291px) 100vw, 291px\" \/><\/a><\/p>\n<p>&nbsp;<\/p>\n<p>&nbsp;<\/p>\n<hr \/>\n<p>&nbsp;<\/p>\n<p>&nbsp;<\/p>\n<h2><span style=\"color: #800080;\">PROFUMO DI&#8230;UVA! L&#8217;EVENTO ENOGRASTRONOMICO DI DEGUSTAZIONE ALLA &#8220;PICCOLA BAITA&#8221;<\/span><\/h2>\n<p><b><span style=\"font-size: large;\">E&#8217; tempo di UVA! Unisciti a noi per una serata indimenticabile all&#8217;Agriturismo Piccola Baita a Falcade, dove la cucina agricola di chef Fabrizio Pescosta si fonde con gli aromatici vini di tre vignaioli della Valbelluna. Venerd\u00ec 10 novembre dalle ore 20 ti aspettiamo per degustare il territorio in un&#8217;esperienza unica a tu per tu con i vignaioli. UVA: Non perdere questa serata speciale a Sappade di Falcade. Su prenotazione al <span style=\"color: #000000;\">\u00a0349 321 3527.\u00a0<\/span><\/span><\/b><\/p>\n<p>&nbsp;<\/p>\n<p><a class=\"dt-pswp-item\" href=\"https:\/\/www.radiopiu.net\/wordpress\/wp-content\/uploads\/2023\/11\/Senza-nome-16.png\" data-dt-img-description=\"\" data-large_image_width=\"291\" data-large_image_height=\"213\"><img loading=\"lazy\" decoding=\"async\" class=\"wp-image-359815 alignleft\" src=\"https:\/\/www.radiopiu.net\/wordpress\/wp-content\/uploads\/2023\/11\/Senza-nome-16.png\" alt=\"\" width=\"198\" height=\"145\" \/><\/a><strong>L&#8217;INTERVISTA di MIRKO MEZZACASA\u00a0\u00a0<\/strong><\/p>\n<p>&nbsp;<\/p>\n<p><strong><span style=\"color: #ff0000;\">OSPITE, FABRIZIO &#8220;AGRICHEF&#8221; PESCOSTA<\/span><\/strong><\/p>\n<p>&nbsp;<\/p>\n<audio class=\"wp-audio-shortcode\" id=\"audio-360353-10\" preload=\"none\" style=\"width: 100%;\" controls=\"controls\"><source type=\"audio\/mpeg\" src=\"https:\/\/www.radiopiu.net\/wordpress\/wp-content\/uploads\/2023\/11\/FABRIZIO-PESCOSTA-OTTOBRE-2023-NOVEMBRE-1.mp3?_=10\" \/><a href=\"https:\/\/www.radiopiu.net\/wordpress\/wp-content\/uploads\/2023\/11\/FABRIZIO-PESCOSTA-OTTOBRE-2023-NOVEMBRE-1.mp3\">https:\/\/www.radiopiu.net\/wordpress\/wp-content\/uploads\/2023\/11\/FABRIZIO-PESCOSTA-OTTOBRE-2023-NOVEMBRE-1.mp3<\/a><\/audio>\n<p>&nbsp;<\/p>\n<p>&nbsp;<\/p>\n<hr \/>\n<p>&nbsp;<\/p>\n<p>&nbsp;<\/p>\n<h2><span style=\"color: #008080;\">&#8220;DINTORN E FORA VIA&#8221;\u00a0<\/span><span style=\"color: #008080;\"> IL PROGRAMMA\u00a0 <\/span><span style=\"color: #008080;\">A CURA DEL MUSLA<\/span><\/h2>\n<p><strong><a class=\"dt-pswp-item\" href=\"https:\/\/www.radiopiu.net\/wordpress\/wp-content\/uploads\/2023\/10\/GIORNALE-QUOTIDIANO.jpg\" data-dt-img-description=\"\" data-large_image_width=\"1280\" data-large_image_height=\"853\"><img loading=\"lazy\" decoding=\"async\" class=\" wp-image-356264 alignleft\" src=\"https:\/\/www.radiopiu.net\/wordpress\/wp-content\/uploads\/2023\/10\/GIORNALE-QUOTIDIANO-300x200.jpg\" alt=\"\" width=\"176\" height=\"117\" srcset=\"https:\/\/www.radiopiu.net\/wordpress\/wp-content\/uploads\/2023\/10\/GIORNALE-QUOTIDIANO-300x200.jpg 300w, https:\/\/www.radiopiu.net\/wordpress\/wp-content\/uploads\/2023\/10\/GIORNALE-QUOTIDIANO-1024x682.jpg 1024w, https:\/\/www.radiopiu.net\/wordpress\/wp-content\/uploads\/2023\/10\/GIORNALE-QUOTIDIANO-768x512.jpg 768w, https:\/\/www.radiopiu.net\/wordpress\/wp-content\/uploads\/2023\/10\/GIORNALE-QUOTIDIANO.jpg 1280w\" sizes=\"auto, (max-width: 176px) 100vw, 176px\" \/><\/a>PUNTATA 07 NOVEMBRE <span style=\"color: #ff0000;\"><span style=\"color: #000000;\">VERONICA LEZUO<\/span><\/span><\/strong><\/p>\n<audio class=\"wp-audio-shortcode\" id=\"audio-360353-11\" preload=\"none\" style=\"width: 100%;\" controls=\"controls\"><source type=\"audio\/mpeg\" src=\"https:\/\/www.radiopiu.net\/wordpress\/wp-content\/uploads\/2023\/11\/MUSLA-1.mp3?_=11\" \/><a href=\"https:\/\/www.radiopiu.net\/wordpress\/wp-content\/uploads\/2023\/11\/MUSLA-1.mp3\">https:\/\/www.radiopiu.net\/wordpress\/wp-content\/uploads\/2023\/11\/MUSLA-1.mp3<\/a><\/audio>\n<p><strong>\u00a0 \u00a0<\/strong><\/p>\n<p>&nbsp;<\/p>\n<hr \/>\n<p>&nbsp;<\/p>\n<p>&nbsp;<\/p>\n<p>&nbsp;<\/p>\n<p><strong>LA RACCOLTA COMPLETA <a href=\"https:\/\/www.radiopiu.net\/wordpress\/musla\/\">CLICCA QUI<\/a><\/strong><\/p>\n<p>&nbsp;<\/p>\n<h2><span style=\"color: #99cc00;\">VOCI RIBELLI: CONVERSAZIONI SENZA FILTRI PER RAGAZZI AUDACI<\/span><\/h2>\n<p><a class=\"dt-pswp-item\" href=\"https:\/\/www.radiopiu.net\/wordpress\/wp-content\/uploads\/2023\/09\/ass.-dafne.png\" data-dt-img-description=\"\" data-large_image_width=\"225\" data-large_image_height=\"225\"><img loading=\"lazy\" decoding=\"async\" class=\" wp-image-352143 alignleft\" src=\"https:\/\/www.radiopiu.net\/wordpress\/wp-content\/uploads\/2023\/09\/ass.-dafne.png\" alt=\"\" width=\"98\" height=\"98\" srcset=\"https:\/\/www.radiopiu.net\/wordpress\/wp-content\/uploads\/2023\/09\/ass.-dafne.png 225w, https:\/\/www.radiopiu.net\/wordpress\/wp-content\/uploads\/2023\/09\/ass.-dafne-150x150.png 150w\" sizes=\"auto, (max-width: 98px) 100vw, 98px\" \/><\/a>Benvenuti a &#8220;VOCI RIBELLI: CONVERSAZIONI SENZA FILTRI PER RAGAZZI AUDACI,&#8221; il podcast che sfida gli stereotipi e apre la porta a conversazioni senza paura per i giovani coraggiosi. Questo podcast, prodotto dall&#8217;Associazione Dafne con la regia di Lorenzo Cassol, \u00e8 il luogo dove la voce dell&#8217;audacia incontra la sincerit\u00e0 pi\u00f9 profonda.<\/p>\n<p><strong>PUNTATA 08 &#8211; 07 NOVEMBRE 2023<\/strong><\/p>\n<audio class=\"wp-audio-shortcode\" id=\"audio-360353-12\" preload=\"none\" style=\"width: 100%;\" controls=\"controls\"><source type=\"audio\/mpeg\" src=\"https:\/\/www.radiopiu.net\/wordpress\/wp-content\/uploads\/2023\/10\/VR-2.mp3?_=12\" \/><a href=\"https:\/\/www.radiopiu.net\/wordpress\/wp-content\/uploads\/2023\/10\/VR-2.mp3\">https:\/\/www.radiopiu.net\/wordpress\/wp-content\/uploads\/2023\/10\/VR-2.mp3<\/a><\/audio>\n<p>&nbsp;<\/p>\n<p><strong>LA RACCOLTA COMPLETA <a href=\"https:\/\/www.radiopiu.net\/wordpress\/voci-ribelli-conversazioni-senza-filtri-per-ragazzi-audaci-la-raccolta\/\">CLICCA QUI<\/a><\/strong><\/p>\n<p>&nbsp;<\/p>\n<p>&nbsp;<\/p>\n<hr \/>\n<p>&nbsp;<\/p>\n<p>&nbsp;<\/p>\n<p>&nbsp;<\/p>\n<h2><span style=\"color: #ff0000;\">IL LIBRO DI ANNICCHIARICO AL VINCENZO SAVIO &#8211; AUDITORIUM CON LA \u201cPETTIROSSO AGORDINO\u201d<\/span><\/h2>\n<p><strong><a class=\"dt-pswp-item\" href=\"https:\/\/www.radiopiu.net\/wordpress\/wp-content\/uploads\/2023\/11\/5963f6ff-7c55-41ad-8522-46c5314d42b7.jpg\" data-dt-img-description=\"\" data-large_image_width=\"2048\" data-large_image_height=\"1152\"><img loading=\"lazy\" decoding=\"async\" class=\" wp-image-360322 alignleft\" src=\"https:\/\/www.radiopiu.net\/wordpress\/wp-content\/uploads\/2023\/11\/5963f6ff-7c55-41ad-8522-46c5314d42b7-300x169.jpg\" alt=\"\" width=\"195\" height=\"110\" srcset=\"https:\/\/www.radiopiu.net\/wordpress\/wp-content\/uploads\/2023\/11\/5963f6ff-7c55-41ad-8522-46c5314d42b7-300x169.jpg 300w, https:\/\/www.radiopiu.net\/wordpress\/wp-content\/uploads\/2023\/11\/5963f6ff-7c55-41ad-8522-46c5314d42b7-1024x576.jpg 1024w, https:\/\/www.radiopiu.net\/wordpress\/wp-content\/uploads\/2023\/11\/5963f6ff-7c55-41ad-8522-46c5314d42b7-768x432.jpg 768w, https:\/\/www.radiopiu.net\/wordpress\/wp-content\/uploads\/2023\/11\/5963f6ff-7c55-41ad-8522-46c5314d42b7-1536x864.jpg 1536w, https:\/\/www.radiopiu.net\/wordpress\/wp-content\/uploads\/2023\/11\/5963f6ff-7c55-41ad-8522-46c5314d42b7.jpg 2048w\" sizes=\"auto, (max-width: 195px) 100vw, 195px\" \/><\/a>DI MIRKO MEZZACASA<\/strong><\/p>\n<p>OSPITI: Sonia D&#8217;Agostini, presidente Pettirosso Agordino, e la dottoressa Laura Miana, psicologa<\/p>\n<audio class=\"wp-audio-shortcode\" id=\"audio-360353-13\" preload=\"none\" style=\"width: 100%;\" controls=\"controls\"><source type=\"audio\/mpeg\" src=\"https:\/\/www.radiopiu.net\/wordpress\/wp-content\/uploads\/2023\/11\/I-CURA-CARI-PETTIROSSO-AGORDINO.mp3?_=13\" \/><a href=\"https:\/\/www.radiopiu.net\/wordpress\/wp-content\/uploads\/2023\/11\/I-CURA-CARI-PETTIROSSO-AGORDINO.mp3\">https:\/\/www.radiopiu.net\/wordpress\/wp-content\/uploads\/2023\/11\/I-CURA-CARI-PETTIROSSO-AGORDINO.mp3<\/a><\/audio>\n<p>&nbsp;<\/p>\n<p>&nbsp;<\/p>\n<p>&nbsp;<\/p>\n<hr \/>\n<p>&nbsp;<\/p>\n<h2><span style=\"color: #00ccff;\">SALUTE E SOCIETA&#8217;<\/span><\/h2>\n<p><a class=\"dt-pswp-item\" href=\"https:\/\/www.radiopiu.net\/wordpress\/wp-content\/uploads\/2023\/11\/17eab4b1-8666-fa4f-5e3c-48e18e0a5716.jpg\" data-dt-img-description=\"Doctor giving a senior woman vaccination. Virus protection. COVID-2019.\" data-large_image_width=\"800\" data-large_image_height=\"445\"><img loading=\"lazy\" decoding=\"async\" class=\"wp-image-360171 alignleft\" src=\"https:\/\/www.radiopiu.net\/wordpress\/wp-content\/uploads\/2023\/11\/17eab4b1-8666-fa4f-5e3c-48e18e0a5716-300x167.jpg\" alt=\"\" width=\"165\" height=\"92\" srcset=\"https:\/\/www.radiopiu.net\/wordpress\/wp-content\/uploads\/2023\/11\/17eab4b1-8666-fa4f-5e3c-48e18e0a5716-300x167.jpg 300w, https:\/\/www.radiopiu.net\/wordpress\/wp-content\/uploads\/2023\/11\/17eab4b1-8666-fa4f-5e3c-48e18e0a5716-768x427.jpg 768w, https:\/\/www.radiopiu.net\/wordpress\/wp-content\/uploads\/2023\/11\/17eab4b1-8666-fa4f-5e3c-48e18e0a5716.jpg 800w\" sizes=\"auto, (max-width: 165px) 100vw, 165px\" \/><\/a><strong>Nuovo piano nazionale di prevenzione vaccinale <\/strong>Quali sono le principali indicazioni presenti nel nuovo Piano Nazionale di Prevenzione Vaccinale. Danilo Magliano ne parlato con Carlo Signorelli durante la conferenza straordinaria nazionale di sanit\u00e0 pubblica della SITI. <strong>RemaRoma per la vita <\/strong>Sport, salute e solidariet\u00e0 sono il filo conduttore della due giorni dedicata alla ricerca e alla cura del tumore al seno con il convegno medico roma breast days e la gara di canottaggio sul tevere remaroma per la vita.<\/p>\n<p><strong>PUNTATA DEL 06 NOVEMBRE 2023<\/strong><\/p>\n<audio class=\"wp-audio-shortcode\" id=\"audio-360353-14\" preload=\"none\" style=\"width: 100%;\" controls=\"controls\"><source type=\"audio\/mpeg\" src=\"https:\/\/www.radiopiu.net\/wordpress\/wp-content\/uploads\/2023\/11\/SALUTE.mp3?_=14\" \/><a href=\"https:\/\/www.radiopiu.net\/wordpress\/wp-content\/uploads\/2023\/11\/SALUTE.mp3\">https:\/\/www.radiopiu.net\/wordpress\/wp-content\/uploads\/2023\/11\/SALUTE.mp3<\/a><\/audio>\n<p>&nbsp;<\/p>\n<p>&nbsp;<\/p>\n<p>&nbsp;<\/p>\n<p>&nbsp;<\/p>\n<hr \/>\n<h3 align=\"CENTER\"><span style=\"color: #000000;\"><span style=\"font-family: Arial, serif;\"><span style=\"font-size: medium;\"><b>\u00a0<\/b><\/span><\/span><\/span><\/h3>\n<h3 align=\"CENTER\"><span style=\"color: #000000;\"><span style=\"font-family: Arial, serif;\"><span style=\"font-size: medium;\"><b>Torna il contest fotografico #Acquaprotagonista di Viveracqua.<\/b><\/span><\/span><\/span><\/h3>\n<p><strong>\u00a0BELLUNO <\/strong>Al via la quarta edizione del concorso fotografico. Il contest, lanciato per la prima volta nel 2017 con l\u2019obiettivo di coinvolgere i cittadini veneti nella tutela e nella valorizzazione della risorsa idrica, quest\u2019anno propone l\u2019importante tema dei cambiamenti climatici: in uno scatto, professionisti e semplici amatori della fotografia residenti nella regione potranno raccontare e catturare l\u2019acqua nelle sue molteplici forme e nella sua infinita variet\u00e0. Le foto, inedite, dovranno essere inviate entro il 31 gennaio. Info <span style=\"font-family: Arial, serif;\"><span style=\"font-size: medium;\">\u00a0\u00a0<a href=\"http:\/\/www.viveracqua.it\/\">www.viveracqua.it<\/a><\/span><\/span><\/p>\n<p>&nbsp;<\/p>\n<p>&nbsp;<\/p>\n<hr \/>\n<p>&nbsp;<\/p>\n<h2><span style=\"color: #ff0000;\">GLI APPUNTAMENTI DELLA SETTIMANA\u00a0\u00a0<\/span><\/h2>\n<blockquote>\n<h3>SOTTO IL MANTELLO&#8230;CON L&#8217;ASSOCIAZIONE CUCCHINI<\/h3>\n<\/blockquote>\n<p><strong>BELLUNO<\/strong> Appuntamento a cura dell\u2019Associazione Cucchini, venerdi 10 novembre in sala Bianchi alle 18. \u201cSotto il mantello\u201d,\u00a0 relatori &#8211; la dottoressa Cristina Vargas e il dottor Lorenzo Bolzonello,\u00a0 parleranno\u00a0 apertamente del tema delicato dell\u2019avvicinamento al fine vita del morente e al conseguente periodo del lutto per chi resta.<\/p>\n<p>&nbsp;<\/p>\n<blockquote>\n<h3>SCRIVIMI DALLA CINA<\/h3>\n<\/blockquote>\n<p><strong>GOSALDO<\/strong>\u00a0 Sabato alle 17 nelle ex scuole medie di Don, lettura teatralizzata in musica, il racconto di una storia d&#8217;amore dall&#8217;altro capo del mondo con &#8220;scrivimi dalla Cina&#8221;, presentato da Martina Lazzari, organizzato dagli amici della Biblioteca con il patrocinio del Comune di Gosaldo.<\/p>\n<p>&nbsp;<\/p>\n<blockquote>\n<h3>IL CUORE A TEATRO<\/h3>\n<\/blockquote>\n<p><strong>VOLTAGO<\/strong> Sabato 11 novembre alle 20.30 in sala Polifunzionale G. De Col, &#8220;l&#8217;albergo dei nevrastenici&#8221; con la Compagna del Teatro del cuore.<\/p>\n<p>&nbsp;<\/p>\n<blockquote>\n<h3>A TEATRO AL NOF FILO DI CENCENIGHE<\/h3>\n<\/blockquote>\n<p><strong>CENCENIGHE<\/strong> Sabato alle 20:30 al Nof Fil\u00f2 di Cencenighe la compagnia instabile Don Bosco presenta la commedia teatrale &#8220;La Terrazza&#8221;. Commedia brillante, giallo-comica, leggera anzi leggerissima. Ingresso ad offerta libera. Ingresso libero <a class=\"dt-pswp-item\" href=\"https:\/\/www.radiopiu.net\/wordpress\/wp-content\/uploads\/2023\/11\/LA-COMPAGNIA-INSTABILE-DON-BOSCO-PRESENTA-LA-TERRAZZA.jpg\" data-dt-img-description=\"\" data-large_image_width=\"1414\" data-large_image_height=\"2000\"><img loading=\"lazy\" decoding=\"async\" class=\"size-medium wp-image-360250 aligncenter\" src=\"https:\/\/www.radiopiu.net\/wordpress\/wp-content\/uploads\/2023\/11\/LA-COMPAGNIA-INSTABILE-DON-BOSCO-PRESENTA-LA-TERRAZZA-212x300.jpg\" alt=\"\" width=\"212\" height=\"300\" srcset=\"https:\/\/www.radiopiu.net\/wordpress\/wp-content\/uploads\/2023\/11\/LA-COMPAGNIA-INSTABILE-DON-BOSCO-PRESENTA-LA-TERRAZZA-212x300.jpg 212w, https:\/\/www.radiopiu.net\/wordpress\/wp-content\/uploads\/2023\/11\/LA-COMPAGNIA-INSTABILE-DON-BOSCO-PRESENTA-LA-TERRAZZA-724x1024.jpg 724w, https:\/\/www.radiopiu.net\/wordpress\/wp-content\/uploads\/2023\/11\/LA-COMPAGNIA-INSTABILE-DON-BOSCO-PRESENTA-LA-TERRAZZA-768x1086.jpg 768w, https:\/\/www.radiopiu.net\/wordpress\/wp-content\/uploads\/2023\/11\/LA-COMPAGNIA-INSTABILE-DON-BOSCO-PRESENTA-LA-TERRAZZA-1086x1536.jpg 1086w, https:\/\/www.radiopiu.net\/wordpress\/wp-content\/uploads\/2023\/11\/LA-COMPAGNIA-INSTABILE-DON-BOSCO-PRESENTA-LA-TERRAZZA.jpg 1414w\" sizes=\"auto, (max-width: 212px) 100vw, 212px\" \/><\/a><\/p>\n<p>&nbsp;<\/p>\n<p><strong>AGORDO <\/strong> LA LUCCIOLATA CON I BOCE DA RIF, GRUPPO ALPINI, COMUNE DI AGORDO. LA LUCCIOLATA DA AGORDO A RIF: DOMENICA 12 NOVEMBRE DALLE 14, DA PIAZZA SANTA MARIA. ALL&#8217;ARRIVO, A RIF, CASTAGNE E VIN BRULE&#8217;. ISCRIZIONE AD OFFERTA LIBERA, E INTERO RICAVATO PER LA GESTIONE DELLA CASA VIA DI NATALE DI AVIANO LA PASSEGGIATA DELLA SOLIDARIETA&#8217;&#8230;.<\/p>\n<p><a class=\"dt-pswp-item\" href=\"https:\/\/www.radiopiu.net\/wordpress\/wp-content\/uploads\/2023\/11\/Senza-nome.png\" data-dt-img-description=\"\" data-large_image_width=\"437\" data-large_image_height=\"399\"><img loading=\"lazy\" decoding=\"async\" class=\"wp-image-359506 aligncenter\" src=\"https:\/\/www.radiopiu.net\/wordpress\/wp-content\/uploads\/2023\/11\/Senza-nome-300x274.png\" alt=\"\" width=\"214\" height=\"195\" srcset=\"https:\/\/www.radiopiu.net\/wordpress\/wp-content\/uploads\/2023\/11\/Senza-nome-300x274.png 300w, https:\/\/www.radiopiu.net\/wordpress\/wp-content\/uploads\/2023\/11\/Senza-nome.png 437w\" sizes=\"auto, (max-width: 214px) 100vw, 214px\" \/><\/a><\/p>\n<p>&nbsp;<\/p>\n<blockquote>\n<h3>VISITE GRATUITE ALLA CRIPTA E AL POLITTICO DI SAN MARTINO NELLA CATTEDRALE DI BELLUNO, DOMENICA 12 NOVEMBRE<\/h3>\n<\/blockquote>\n<p><strong>BELLUNO<\/strong> Anche quest\u2019anno per festeggiare insieme il patrono di Belluno, l\u2019Associazione Campedel propone delle visite gratuite alla cripta del Duomo di Belluno e al polittico di San Martino. Domenica 12 novembre i soci della Campedel accompagneranno i visitatori in tre turni, alle 14.30, alle 15.30 e alle 16.30 alla scoperta di questo meraviglioso luogo che ospita dal 1873, in seguito al tremendo terremoto che colp\u00ec la citt\u00e0, il grande polittico con le storie del santo eseguito a fine Quattrocento dal Maestro della Cappella Galletti e riadattato a met\u00e0 Cinquecento dal bellunese Nicol\u00f2 De Stefani. Ingresso alla cripta in fondo alla navata sinistra, non \u00e8 necessaria la prenotazione. Le visite sono organizzate in collaborazione con la parrocchia Duomo-Loreto.<\/p>\n<p>&nbsp;<\/p>\n<blockquote>\n<h3>CINQUE EVENTI PER I 40 ANNI DEL CENTRO INTERNAZIONALE DEL LIBRO PARLATO &#8220;A. SERNAGIOTTO&#8221;<\/h3>\n<\/blockquote>\n<p><strong><a class=\"dt-pswp-item\" href=\"https:\/\/www.radiopiu.net\/wordpress\/wp-content\/uploads\/2023\/11\/1f9b39ac-7445-4292-9e66-746ed8bde8d9.jpg\" data-dt-img-description=\"\" data-large_image_width=\"800\" data-large_image_height=\"1067\"><img loading=\"lazy\" decoding=\"async\" class=\" wp-image-360368 alignleft\" src=\"https:\/\/www.radiopiu.net\/wordpress\/wp-content\/uploads\/2023\/11\/1f9b39ac-7445-4292-9e66-746ed8bde8d9-225x300.jpg\" alt=\"\" width=\"182\" height=\"243\" srcset=\"https:\/\/www.radiopiu.net\/wordpress\/wp-content\/uploads\/2023\/11\/1f9b39ac-7445-4292-9e66-746ed8bde8d9-225x300.jpg 225w, https:\/\/www.radiopiu.net\/wordpress\/wp-content\/uploads\/2023\/11\/1f9b39ac-7445-4292-9e66-746ed8bde8d9-768x1024.jpg 768w, https:\/\/www.radiopiu.net\/wordpress\/wp-content\/uploads\/2023\/11\/1f9b39ac-7445-4292-9e66-746ed8bde8d9.jpg 800w\" sizes=\"auto, (max-width: 182px) 100vw, 182px\" \/><\/a>FELTRE<\/strong> Sono 5 gli eventi in programma per celebrare i 40 anni del Libro Parlato di Feltre &#8220;A. Sernagiotto&#8221;.<\/p>\n<p><strong>SABATO 11 NOVEMBRE<\/strong> alle 18 al Caff\u00e8 Letterario ENAIP una conferenza multimediale con Lara Fiori e Gaetano Zagra. Lettere che Mozart scrisse alla sua amata Constanze<\/p>\n<p><strong>MERCOLEDI 22 NOVEMBRE <\/strong>alle 18 in Sala Ocri la presentazione del romanzo &#8220;Navigante di poppa&#8221;: Incontro con l&#8217;autrice Loredana Borghetto, presenta Cristina Pierotti<\/p>\n<p><strong>SABATO 9 DICEMBRE <\/strong>alle 18 in Sala Ocri Letture ad alta voce dedicate a Italo Calvino con Fabio Dalla Zuanna e Anna Branciforti<\/p>\n<p><strong>LUNEDI 18 DICEMBRE <\/strong>alle 18 in Sala Ocri Flavio Faoro: da Oltre le vette ai racconti e alle fiabe, presenta Luisa Alchini. Letture ad alta voce del gruppo Libri Parlanti<\/p>\n<p><strong>VENERDI 22 DICEMBRE <\/strong>alle 18 in Sala Ocri Presentazione del libro &#8220;Il saldatore del Vajont&#8221; con l&#8217;autore Antonio G. Bortoluzzi &#8211; presenta Nicola Maccagnan<\/p>\n<p>&nbsp;<\/p>\n<p>&nbsp;<\/p>\n<p>&nbsp;<\/p>\n<h2><span style=\"color: #ff0000;\">PROSSIMAMENTE<\/span><\/h2>\n<p><a class=\"dt-pswp-item\" href=\"https:\/\/www.radiopiu.net\/wordpress\/wp-content\/uploads\/2023\/11\/6ef13c6c-f912-41cf-a15e-5220bf2d3c7f.jpg\" data-dt-img-description=\"\" data-large_image_width=\"1131\" data-large_image_height=\"1600\"><img loading=\"lazy\" decoding=\"async\" class=\"size-medium wp-image-360248 alignleft\" src=\"https:\/\/www.radiopiu.net\/wordpress\/wp-content\/uploads\/2023\/11\/6ef13c6c-f912-41cf-a15e-5220bf2d3c7f-212x300.jpg\" alt=\"\" width=\"212\" height=\"300\" srcset=\"https:\/\/www.radiopiu.net\/wordpress\/wp-content\/uploads\/2023\/11\/6ef13c6c-f912-41cf-a15e-5220bf2d3c7f-212x300.jpg 212w, https:\/\/www.radiopiu.net\/wordpress\/wp-content\/uploads\/2023\/11\/6ef13c6c-f912-41cf-a15e-5220bf2d3c7f-724x1024.jpg 724w, https:\/\/www.radiopiu.net\/wordpress\/wp-content\/uploads\/2023\/11\/6ef13c6c-f912-41cf-a15e-5220bf2d3c7f-768x1086.jpg 768w, https:\/\/www.radiopiu.net\/wordpress\/wp-content\/uploads\/2023\/11\/6ef13c6c-f912-41cf-a15e-5220bf2d3c7f-1086x1536.jpg 1086w, https:\/\/www.radiopiu.net\/wordpress\/wp-content\/uploads\/2023\/11\/6ef13c6c-f912-41cf-a15e-5220bf2d3c7f.jpg 1131w\" sizes=\"auto, (max-width: 212px) 100vw, 212px\" \/><\/a><br \/>\n<strong>rivamonte<\/strong> IL PRESIDIO LIBERA AGORDINO LUCIA PRECENZANO, SALVATORE AVERSA TI INVITA A &#8220;RIPARTIAMO DAI DIRITTI UMANI&#8221;, DIRITTO ALLA SALUTE, DIGNITA&#8217; E UGUAGLIANZA. SABATO 18 NOVEMBRE ALLE 20.30 ALLA CASA DELLA GIOVENTU&#8217; DI RIVAMONTE &#8220;MUSICAL PICCOLE DONNE&#8221; MESSO IN SCENA DALLA COMPAGNIA TTM, IN COLLABORAZIONE CON L&#8217;ASSOCIAZIONE BELLUNO DONNA. INGRESSO LIBERO, OFFERTE DEVOLUTE ALL&#8217;ASSOCIAZIONE BELLUNO DONNA, DA 20 ANNI A FIANCO DELLE DONNE. SABATO 18 NOVEMBRE 20.30 CASA DELLA GIOVENTU&#8217; DI RIVAMONTE, CON LIBERA AGORDINO, IN COLLABORAZIONE CON LA PROLOCO DI RIVAMONTE E IL PATROCINIO DELLE PARROCCHIE DEL POI E DEI FOLLI MA SPERANZOSI<\/p>\n<p>&nbsp;<\/p>\n<p>&nbsp;<\/p>\n<p>&nbsp;<\/p>\n<p>&nbsp;<\/p>\n<p>&nbsp;<\/p>\n<hr \/>\n<p>&nbsp;<\/p>\n<p>&nbsp;<\/p>\n<div class=\"message spoilers-container\" dir=\"auto\">\n<div class=\"column\">\n<div class=\"message spoilers-container\" dir=\"auto\">\n<div class=\"column\">\n<p><img loading=\"lazy\" decoding=\"async\" class=\"aligncenter wp-image-61954 size-full\" src=\"https:\/\/www.radiopiu.net\/wordpress\/wp-content\/uploads\/2018\/09\/viabilita.jpeg\" sizes=\"auto, (max-width: 800px) 100vw, 800px\" srcset=\"https:\/\/www.radiopiu.net\/wordpress\/wp-content\/uploads\/2018\/09\/viabilita.jpeg 800w, https:\/\/www.radiopiu.net\/wordpress\/wp-content\/uploads\/2018\/09\/viabilita-300x38.jpeg 300w, https:\/\/www.radiopiu.net\/wordpress\/wp-content\/uploads\/2018\/09\/viabilita-768x96.jpeg 768w\" alt=\"\" width=\"800\" height=\"100\" \/><\/p>\n<\/div>\n<\/div>\n<div class=\"message spoilers-container\" dir=\"auto\">\n<div class=\"column\">\n<p>&nbsp;<\/p>\n<\/div>\n<\/div>\n<\/div>\n<\/div>\n<blockquote class=\"wp-embedded-content\" data-secret=\"WIow5xpugL\"><p><a href=\"https:\/\/www.radiopiu.net\/wordpress\/viabilita\/\">viabilita<\/a><\/p><\/blockquote>\n<p><iframe loading=\"lazy\" class=\"wp-embedded-content\" sandbox=\"allow-scripts\" security=\"restricted\" style=\"position: absolute; clip: rect(1px, 1px, 1px, 1px);\" title=\"&#8220;viabilita&#8221; &#8212; Radio Pi\u00f9\" src=\"https:\/\/www.radiopiu.net\/wordpress\/viabilita\/embed\/#?secret=6a7hIQsT7e#?secret=WIow5xpugL\" data-secret=\"WIow5xpugL\" width=\"600\" height=\"338\" frameborder=\"0\" marginwidth=\"0\" marginheight=\"0\" scrolling=\"no\"><\/iframe><\/p>\n<div class=\"message spoilers-container\" dir=\"auto\">\n<div class=\"column\">\n<div class=\"message spoilers-container\" dir=\"auto\">\n<div class=\"column\">\n<div>\n<div dir=\"ltr\">\n<div class=\"gmail_quote\">\n<div dir=\"ltr\">\n<div><\/div>\n<div><\/div>\n<\/div>\n<\/div>\n<\/div>\n<\/div>\n<hr \/>\n<p>&nbsp;<\/p>\n<p><a class=\"dt-pswp-item\" href=\"https:\/\/www.radiopiu.net\/wordpress\/wp-content\/uploads\/2018\/09\/WhatsApp-Image-2018-09-20-at-16.04.06.jpeg\" data-dt-img-description=\"\" data-large_image_width=\"800\" data-large_image_height=\"100\"><img loading=\"lazy\" decoding=\"async\" class=\"wp-image-61378 size-full aligncenter\" src=\"https:\/\/www.radiopiu.net\/wordpress\/wp-content\/uploads\/2018\/09\/WhatsApp-Image-2018-09-20-at-16.04.06.jpeg\" alt=\"\" width=\"800\" height=\"100\" srcset=\"https:\/\/www.radiopiu.net\/wordpress\/wp-content\/uploads\/2018\/09\/WhatsApp-Image-2018-09-20-at-16.04.06.jpeg 800w, https:\/\/www.radiopiu.net\/wordpress\/wp-content\/uploads\/2018\/09\/WhatsApp-Image-2018-09-20-at-16.04.06-300x38.jpeg 300w, https:\/\/www.radiopiu.net\/wordpress\/wp-content\/uploads\/2018\/09\/WhatsApp-Image-2018-09-20-at-16.04.06-768x96.jpeg 768w\" sizes=\"auto, (max-width: 800px) 100vw, 800px\" \/><\/a><\/p>\n<\/div>\n<\/div>\n<p>&nbsp;<\/p>\n<\/div>\n<\/div>\n<p><center><\/center><center><\/center><center><b>OGGI<\/b><\/center>Tempo ben soleggiato e stabile con cielo terso sui monti veneti, a parte la Valbelluna per l&#8217;insidia nebbia nelle ore pi\u00f9 fredde, localmente anche per locali banchi di nubi basse nei settori solitamente pi\u00f9 umidi.<br \/>\n<b>Precipitazioni: <\/b>Del tutto assenti in giornata, salvo residue deboli precipitazioni notturne su parte della provincia di Belluno, nevose oltre i 1200-1400 m.<br \/>\n<b>Temperature: <\/b>Minime in calo con gelate oltre i 500-700 m; massime in leggera diminuzione alle quote medie, specie nelle valli in ombra, mentre saranno in rialzo nei fondovalle prealpini e sulle cime pi\u00f9 alte.<\/p>\n<hr \/>\n<p><center><b>DOMANI<\/b><\/center>Al mattino sole velato da nubi alte che tenderanno ad estendersi ed infittirsi gradualmente; sulle Prealpi non esclusa l&#8217;aggiunta di nebbia, anche di qualche banco di nubi basse a ridosso della pedemontana. Dalle ore centrali in poi crescente nuvolosit\u00e0 stratiforme fino a cielo coperto ovunque entro il tardo pomeriggio.<br \/>\n<b>Precipitazioni: <\/b>Probabilit\u00e0 bassa al mattino (0%), nel corso del pomeriggio la probabilit\u00e0 crescer\u00e0 fino a diventare alta (80-90%) per fenomeni sempre pi\u00f9 diffusi, deboli sulle Dolomiti, a tratti moderati sulle Prealpi. Il limite neve sar\u00e0 sui 1300-1500 m, localmente 1100-1200 m su Dolomiti.<br \/>\n<b>Temperature: <\/b>Minime in rialzo oltre i 2200 m, pressoch\u00e9 stazionarie attorno ai 1500-2000 m e in calo sotto tali quote per buon irraggiamento notturno, pi\u00f9 sensibile nelle valli innevate. Massime in generale diminuzione.<\/p>\n<hr \/>\n<p><center><b>VENERDI<\/b><\/center>Lieve maltempo notturno, poi tendenza ad un intervallo di variabilit\u00e0, prima che la nuvolosit\u00e0 cresca di nuovo, anche per addensamenti cumuliformi associati al rischio di nuovi rovesci, specie al pomeriggio, nevosi oltre i 1200-1400 m, localmente pi\u00f9 in basso nelle valli dolomitiche pi\u00f9 chiuse. Generale lieve calo termico, eccetto rialzo delle minime del mattino alle quote pi\u00f9 basse.<\/p>\n<hr \/>\n<p><center><b>SABATO<\/b><\/center>Miglioramento del tempo con sole e cielo sereno su gran parte della montagna veneta, ad eccezione delle Dolomiti pi\u00f9 settentrionali, dove qualche annuvolamento potr\u00e0 sconfinare oltre lo spartiacque. Temperature in generale diminuzione, specie in quota, eccetto locali aumenti nelle valli per temporanee condizioni di favonio.<\/p>\n<p>&nbsp;<\/p>\n<div class=\"message spoilers-container\" dir=\"auto\">\n<hr \/>\n<p>&nbsp;<\/p>\n<p><img loading=\"lazy\" decoding=\"async\" class=\"wp-image-60761 size-full aligncenter\" src=\"https:\/\/www.radiopiu.net\/wordpress\/wp-content\/uploads\/2018\/09\/sport.jpg\" alt=\"\" width=\"800\" height=\"100\" srcset=\"https:\/\/www.radiopiu.net\/wordpress\/wp-content\/uploads\/2018\/09\/sport.jpg 800w, https:\/\/www.radiopiu.net\/wordpress\/wp-content\/uploads\/2018\/09\/sport-300x38.jpg 300w, https:\/\/www.radiopiu.net\/wordpress\/wp-content\/uploads\/2018\/09\/sport-768x96.jpg 768w\" sizes=\"auto, (max-width: 800px) 100vw, 800px\" \/><\/p>\n<p>&nbsp;<\/p>\n<p><span style=\"color: #0000ff;\"><strong>NUOTO<\/strong><\/span><\/p>\n<blockquote>\n<h3>OTTIMI RISULTATI PER LA SPORTIVAMENTE BELLUNO A BOLZANO<\/h3>\n<\/blockquote>\n<p><strong><a class=\"dt-pswp-item\" href=\"https:\/\/www.radiopiu.net\/wordpress\/wp-content\/uploads\/2023\/11\/Prima_uscita_ricca_di_soddisfazioni.jpg\" data-dt-img-description=\"\" data-large_image_width=\"640\" data-large_image_height=\"560\"><img loading=\"lazy\" decoding=\"async\" class=\" wp-image-360380 alignleft\" src=\"https:\/\/www.radiopiu.net\/wordpress\/wp-content\/uploads\/2023\/11\/Prima_uscita_ricca_di_soddisfazioni-300x263.jpg\" alt=\"\" width=\"190\" height=\"167\" srcset=\"https:\/\/www.radiopiu.net\/wordpress\/wp-content\/uploads\/2023\/11\/Prima_uscita_ricca_di_soddisfazioni-300x263.jpg 300w, https:\/\/www.radiopiu.net\/wordpress\/wp-content\/uploads\/2023\/11\/Prima_uscita_ricca_di_soddisfazioni.jpg 640w\" sizes=\"auto, (max-width: 190px) 100vw, 190px\" \/><\/a>BELLUNO<\/strong> Gli atleti della Sportivamente Belluno si sono distinti positivamente all&#8217;International Swimmeeting S\u00fcdtirol-Alto Adige, tenutosi nella piscina &#8220;Albert Pircher&#8221; di Bolzano. La competizione ha visto la partecipazione di 27 atleti della squadra bellunese insieme ad altre 35 squadre e nuotatori internazionali di alto livello, tra cui alcuni atleti di fama olimpica e mondiale. Filippo Monestier ha ottenuto ottimi risultati, qualificandosi per i Criteria Nazionali Giovanili nei 50 stile (23&#8243;69) e 100 stile (51&#8243;44). Anche Elisa Petten\u00f2 ha ottenuto buoni piazzamenti, come il secondo posto nei 100 dorso (1&#8217;05&#8243;36) e il terzo posto nei 50 dorso (30&#8243;62). Anna Simon (2009) ha ottenuto medaglie in tutte le gare in cui ha partecipato, tra cui il secondo posto nei 100 stile (59&#8243;48) e nei 50 stile (27&#8243;51). Alessandro Nerviani ha primeggiato nei 50 rana (32&#8243;73) ed \u00e8 stato secondo nei 100 rana (1&#8217;11&#8243;79) e nei 50 stile (25&#8243;17), ottenendo il terzo posto nei 100 stile (55&#8243;73). Matteo Longi ha conquistato l&#8217;oro nei 50 delfino con un tempo di 28&#8243;01. Nel complesso, la Sportivamente Belluno si \u00e8 posizionata al settimo posto nella classifica a squadre. Pienamente soddisfatti gli allenatori Alberto Cassol e Giulia Bortot. L\u2019auspicio \u00e8 che la stagione possa proseguire come \u00e8 iniziata.<\/p>\n<p>&nbsp;<\/p>\n<p>&nbsp;<\/p>\n<p><span style=\"color: #0000ff;\"><strong>CALCIO A 5<\/strong><\/span><\/p>\n<blockquote>\n<h3>GIESSE PER LO SPORT\u2026CON LA CANOTTIERI BELLUNO CALCIO A 5<\/h3>\n<\/blockquote>\n<div class=\"x11i5rnm xat24cr x1mh8g0r x1vvkbs xtlvy1s x126k92a\">\n<h4 dir=\"auto\"><a class=\"dt-pswp-item\" href=\"https:\/\/www.radiopiu.net\/wordpress\/wp-content\/uploads\/2023\/10\/Senza-nome-57.png\" data-dt-img-description=\"\" data-large_image_width=\"317\" data-large_image_height=\"322\"><img loading=\"lazy\" decoding=\"async\" class=\"size-medium wp-image-358116 aligncenter\" src=\"https:\/\/www.radiopiu.net\/wordpress\/wp-content\/uploads\/2023\/10\/Senza-nome-57-295x300.png\" alt=\"\" width=\"295\" height=\"300\" srcset=\"https:\/\/www.radiopiu.net\/wordpress\/wp-content\/uploads\/2023\/10\/Senza-nome-57-295x300.png 295w, https:\/\/www.radiopiu.net\/wordpress\/wp-content\/uploads\/2023\/10\/Senza-nome-57.png 317w\" sizes=\"auto, (max-width: 295px) 100vw, 295px\" \/><\/a><\/h4>\n<h4 dir=\"auto\"><\/h4>\n<h4 dir=\"auto\">GIESSE PER LO SPORT&#8221; &#8230; con la Canottieri Belluno, calcio a 5. Tutto sul campionato di serie A2, girone A. Il programma alla RADIO che da ascolto ai talenti del calcio a 5 bellunese. IN COLLABORAZIONE CON GIESSE RISARCIMENTO DANNI A BELLUNO<\/h4>\n<\/div>\n<div class=\"x11i5rnm xat24cr x1mh8g0r x1vvkbs xtlvy1s x126k92a\">\n<h4 dir=\"auto\"><a class=\"x1i10hfl xjbqb8w x6umtig x1b1mbwd xaqea5y xav7gou x9f619 x1ypdohk xt0psk2 xe8uvvx xdj266r x11i5rnm xat24cr x1mh8g0r xexx8yu x4uap5 x18d9i69 xkhd6sd x16tdsg8 x1hl2dhg xggy1nq x1a2a7pz xt0b8zv x1qq9wsj xo1l8bm\" tabindex=\"0\" role=\"link\" href=\"https:\/\/www.facebook.com\/groups\/radiopiu\/?__cft__[0]=AZVtB3sskZBwGsu89zeRk9eNMGUFohz53TdYmXZyePAKPt8cBeKCqA03znGJk9wPaqHDXQ5yMBG_hrsUX03xH8fdmlMazTirW3KRFEY3Kr2cyBd_5Es2MvKnqyd6ZcahL6_M_zOo19o5N5tV8NHsHcfP&amp;__tn__=-UK-R\"><span class=\"xt0psk2\">RADIO PIU&#8217; EMITTENTE AGORDINA (Taibon_32027)<\/span><\/a>: IL LUNEDI ALLE 16.30, IL MARTEDI ALLE 13.05<\/h4>\n<h4 dir=\"auto\">RADIO CLUB 103 IL LUNEDI ALLE 16.20 E MARTEDI ALLE 13.40<\/h4>\n<h4 dir=\"auto\"><a class=\"x1i10hfl xjbqb8w x6umtig x1b1mbwd xaqea5y xav7gou x9f619 x1ypdohk xt0psk2 xe8uvvx xdj266r x11i5rnm xat24cr x1mh8g0r xexx8yu x4uap5 x18d9i69 xkhd6sd x16tdsg8 x1hl2dhg xggy1nq x1a2a7pz xt0b8zv x1qq9wsj xo1l8bm\" tabindex=\"0\" role=\"link\" href=\"https:\/\/www.facebook.com\/groups\/61488111720\/user\/100063652837062\/?__cft__[0]=AZVtB3sskZBwGsu89zeRk9eNMGUFohz53TdYmXZyePAKPt8cBeKCqA03znGJk9wPaqHDXQ5yMBG_hrsUX03xH8fdmlMazTirW3KRFEY3Kr2cyBd_5Es2MvKnqyd6ZcahL6_M_zOo19o5N5tV8NHsHcfP&amp;__tn__=-]K-R\"><span class=\"xt0psk2\">Radio Primiero<\/span><\/a> IL LUNEDI ALLE 10.30 E MARTEDI ALLE 12.30<\/h4>\n<p><strong><a class=\"dt-pswp-item\" href=\"https:\/\/www.radiopiu.net\/wordpress\/wp-content\/uploads\/2023\/11\/399120955_817188140413016_4318258640255329554_n.jpg\" data-dt-img-description=\"\" data-large_image_width=\"752\" data-large_image_height=\"373\"><img loading=\"lazy\" decoding=\"async\" class=\" wp-image-360175 alignleft\" src=\"https:\/\/www.radiopiu.net\/wordpress\/wp-content\/uploads\/2023\/11\/399120955_817188140413016_4318258640255329554_n-300x149.jpg\" alt=\"\" width=\"242\" height=\"120\" srcset=\"https:\/\/www.radiopiu.net\/wordpress\/wp-content\/uploads\/2023\/11\/399120955_817188140413016_4318258640255329554_n-300x149.jpg 300w, https:\/\/www.radiopiu.net\/wordpress\/wp-content\/uploads\/2023\/11\/399120955_817188140413016_4318258640255329554_n.jpg 752w\" sizes=\"auto, (max-width: 242px) 100vw, 242px\" \/><\/a>PUNTATA 03 &#8211; 06 NOVEMBRE 2023<\/strong><\/p>\n<p><span style=\"color: #0000ff;\"><strong>QUARTA GIORNATA SERIE A2 &#8211; GIRONE A<\/strong><\/span><\/p>\n<p><strong>AVIS ISOLA \u2013 CANOTTIERI BELLUNO 4-4<\/strong><\/p>\n<p>Reti: PT 2.07 Dos Santos, 9.07 Piazza (A), 14.26 Torino (A), 18.12 Morrone su rigore (A); ST 3.10 Piazza (A), 4.30 Dos Santos, 5.03 Dall\u2019\u00d2, 19.10 Robinho<\/p>\n<audio class=\"wp-audio-shortcode\" id=\"audio-360353-15\" preload=\"none\" style=\"width: 100%;\" controls=\"controls\"><source type=\"audio\/mpeg\" src=\"https:\/\/www.radiopiu.net\/wordpress\/wp-content\/uploads\/2023\/11\/GIESSECALCIO.mp3?_=15\" \/><a href=\"https:\/\/www.radiopiu.net\/wordpress\/wp-content\/uploads\/2023\/11\/GIESSECALCIO.mp3\">https:\/\/www.radiopiu.net\/wordpress\/wp-content\/uploads\/2023\/11\/GIESSECALCIO.mp3<\/a><\/audio>\n<p>&nbsp;<\/p>\n<p><strong>LA RACCOLTA COMPLETA <a href=\"https:\/\/www.radiopiu.net\/wordpress\/giesse-per-lo-sport-con-la-canottieri-belluno-calcio-a-5\/\">CLICCA QUI<\/a><\/strong><\/p>\n<\/div>\n<p>&nbsp;<\/p>\n<\/div>\n","protected":false},"excerpt":{"rendered":"<p>40esimo di RADIOPIU\u2026. LA VOCE DELL\u2019EMOZIONE ISCRIVITI AL NOSTRO CANALE\u00a0\u00a0YOUTUBE PER SEGUIRE IN DIRETTA I PRINCIPALI PROGRAMMI DI RADIO PIU\u2019 E LE FUTURE DIRETTE IN ESTERNA. PER ISCRIVERTI CLICCA QUI\u00a0E PREMI\u00a0 \u201cIscriviti\u201d\u00a0 &nbsp; &nbsp; &nbsp; OGGI ALLA RADIO: ALLE 7 LA RASSEGNA STAMPA LOCALE FLASH, PER CHI COME NOI ALLE SETTE DEL MATTINO VA DI&hellip;<\/p>\n","protected":false},"author":4,"featured_media":360446,"comment_status":"closed","ping_status":"closed","sticky":false,"template":"","format":"standard","meta":{"_monsterinsights_skip_tracking":false,"_monsterinsights_sitenote_active":false,"_monsterinsights_sitenote_note":"","_monsterinsights_sitenote_category":0,"footnotes":""},"categories":[51,86,49],"tags":[],"class_list":["post-360353","post","type-post","status-publish","format-standard","has-post-thumbnail","hentry","category-evidenza-top","category-gr","category-news-18","category-51","category-86","category-49","description-off"],"img_url":"https:\/\/www.radiopiu.net\/wordpress\/wp-content\/uploads\/2023\/11\/Senza-nome-36.png","_links":{"self":[{"href":"https:\/\/www.radiopiu.net\/wordpress\/wp-json\/wp\/v2\/posts\/360353","targetHints":{"allow":["GET"]}}],"collection":[{"href":"https:\/\/www.radiopiu.net\/wordpress\/wp-json\/wp\/v2\/posts"}],"about":[{"href":"https:\/\/www.radiopiu.net\/wordpress\/wp-json\/wp\/v2\/types\/post"}],"author":[{"embeddable":true,"href":"https:\/\/www.radiopiu.net\/wordpress\/wp-json\/wp\/v2\/users\/4"}],"replies":[{"embeddable":true,"href":"https:\/\/www.radiopiu.net\/wordpress\/wp-json\/wp\/v2\/comments?post=360353"}],"version-history":[{"count":0,"href":"https:\/\/www.radiopiu.net\/wordpress\/wp-json\/wp\/v2\/posts\/360353\/revisions"}],"wp:featuredmedia":[{"embeddable":true,"href":"https:\/\/www.radiopiu.net\/wordpress\/wp-json\/wp\/v2\/media\/360446"}],"wp:attachment":[{"href":"https:\/\/www.radiopiu.net\/wordpress\/wp-json\/wp\/v2\/media?parent=360353"}],"wp:term":[{"taxonomy":"category","embeddable":true,"href":"https:\/\/www.radiopiu.net\/wordpress\/wp-json\/wp\/v2\/categories?post=360353"},{"taxonomy":"post_tag","embeddable":true,"href":"https:\/\/www.radiopiu.net\/wordpress\/wp-json\/wp\/v2\/tags?post=360353"}],"curies":[{"name":"wp","href":"https:\/\/api.w.org\/{rel}","templated":true}]}}