{"id":360392,"date":"2023-11-07T14:37:10","date_gmt":"2023-11-07T13:37:10","guid":{"rendered":"https:\/\/www.radiopiu.net\/wordpress\/?p=360392"},"modified":"2023-11-07T14:40:46","modified_gmt":"2023-11-07T13:40:46","slug":"360392-2","status":"publish","type":"post","link":"https:\/\/www.radiopiu.net\/wordpress\/360392-2\/","title":{"rendered":"&#8220;Un Futuro Sostenibile per Belluno: La Creazione del Consorzio Forestale e le Opportunit\u00e0 che Offre&#8221;"},"content":{"rendered":"<div class=\"flex-1 overflow-hidden\">\n<div class=\"react-scroll-to-bottom--css-jdudg-79elbk h-full\">\n<div class=\"react-scroll-to-bottom--css-jdudg-1n7m0yu\">\n<div class=\"flex flex-col text-sm gizmo:pb-9 dark:bg-gray-800 gizmo:dark:bg-transparent\">\n<div class=\"group w-full text-token-text-primary border-b border-black\/10 gizmo:border-0 dark:border-gray-900\/50 gizmo:dark:border-0 bg-gray-50 gizmo:bg-transparent dark:bg-[#444654] gizmo:dark:bg-transparent\" data-testid=\"conversation-turn-3\">\n<div class=\"p-4 gizmo:py-2 justify-center text-base md:gap-6 md:py-6 m-auto\">\n<div class=\"flex flex-1 gap-4 text-base mx-auto md:gap-6 gizmo:gap-3 gizmo:md:px-5 gizmo:lg:px-1 gizmo:xl:px-5 md:max-w-2xl lg:max-w-[38rem] gizmo:md:max-w-3xl gizmo:lg:max-w-[40rem] gizmo:xl:max-w-[48rem] xl:max-w-3xl }\">\n<div class=\"relative flex w-[calc(100%-50px)] flex-col gizmo:w-full lg:w-[calc(100%-115px)] agent-turn\">\n<div class=\"flex-col gap-1 md:gap-3\">\n<div class=\"flex flex-grow flex-col max-w-full gap-3 gizmo:gap-0\">\n<div class=\"min-h-[20px] flex flex-col items-start gap-3 whitespace-pre-wrap break-words overflow-x-auto\" data-message-author-role=\"assistant\" data-message-id=\"4c9d9257-f75b-4967-86ea-2c557de9ec8b\">\n<div class=\"markdown prose w-full break-words dark:prose-invert dark\">\n<div dir=\"ltr\">\n<blockquote>\n<div><em><span style=\"font-family: arial, sans-serif;\">&#8220;Non \u00e8 una scommessa: la filiera del legno \u00e8 il futuro di queste terre, \u00e8 una vera risorsa e opportunit\u00e0 per rendere attrattivo e abitabile il territorio montano&#8221;.<\/span><\/em><span style=\"font-family: georgia, serif; font-size: large;\"><br \/>\n<\/span><\/div>\n<\/blockquote>\n<\/div>\n<p><strong><img loading=\"lazy\" decoding=\"async\" class=\"alignleft\" src=\"https:\/\/www.radiopiu.net\/wordpress\/wp-content\/uploads\/2021\/01\/BELLUNO-ALPINA.jpg\" width=\"168\" height=\"153\" \/>BELLUNO\u00a0 <\/strong>L&#8217;associazione Belluno Alpina sottolinea l&#8217;importanza della creazione di un consorzio forestale nei territori montani per affrontare il progressivo avanzamento del bosco, che cresce del 30% ogni 10 anni, minacciando molti paesi. Questo consorzio non solo promuover\u00e0 lo sviluppo economico e sociale ma permetter\u00e0 anche risparmi per gli enti pubblici. L&#8217;interesse delle associazioni di categoria e dei rappresentanti delle istituzioni regionali e nazionali indica che ci sono opportunit\u00e0 di finanziamento e supporto burocratico disponibili. La valorizzazione delle foreste non solo contribuir\u00e0 alla lotta contro lo spopolamento e al contrasto al dissesto idrogeologico ma anche aiuter\u00e0 a ridurre i costi energetici degli enti pubblici. Sfruttando biomasse dai boschi curati, si potr\u00e0 ottenere energia pulita e a basso costo per il riscaldamento degli edifici pubblici. Inoltre, la creazione del consorzio fornir\u00e0 un mercato e risorse immediate alle imprese private, sostenendo la ricostruzione della filiera del legno. Questo progetto pilota pu\u00f2 attirare investimenti privati e finanziamenti pubblici, creando un rapporto virtuoso con Regione e Stato. La filiera del legno \u00e8 vista come il futuro di queste terre, capace di rendere il territorio montano attrattivo e abitabile, stimolando anche lo sviluppo del turismo attraverso un ambiente curato.<em> \u00c8 urgente che i Comuni comprendano l&#8217;importanza di questa iniziativa altrimenti rischiano di essere superati dai privati, perdendo l&#8217;opportunit\u00e0 di partecipare a un processo proficuo e vantaggioso. <span style=\"font-family: arial, sans-serif;\"><em>La<\/em> testimonianza del sindaco di Seren del Grappa &#8211; insiste Belluno Alpina &#8211;\u00a0 \u00e8 significativa: anzich\u00e9 continuare a lamentarsi per il caro energia a fronte di tagli continui ai trasferimenti, si cominci a riscaldare gli edifici pubblici \u2013 pensiamo alla piscina o alle palestre \u2013 con impianti a biomasse. Di certo, con tutti i boschi che da anni non vengono curati a dovere e con tutti gli scarti a terra, nel nostro territorio la materia prima non manca; avremmo cos\u00ec energia pulita e a basso costo, mantenendo allo stesso tempo curate le nostre aree&#8221;.<\/span><\/em><\/p>\n<\/div>\n<\/div>\n<\/div>\n<\/div>\n<\/div>\n<\/div>\n<\/div>\n<\/div>\n<\/div>\n<\/div>\n<\/div>\n<\/div>\n<div dir=\"ltr\"><\/div>\n<div dir=\"ltr\"><\/div>\n<div class=\"w-full pt-2 md:pt-0 border-t md:border-t-0 gizmo:border-t-0 dark:border-white\/20 md:border-transparent md:dark:border-transparent md:pl-2 gizmo:pl-0 gizmo:md:pl-0 md:w-[calc(100%-.5rem)] absolute bottom-0 left-0 md:bg-vert-light-gradient bg-white dark:bg-gray-800 md:!bg-transparent dark:md:bg-vert-dark-gradient\">\n<form class=\"stretch mx-2 flex flex-row gap-3 last:mb-2 md:mx-4 md:last:mb-6 lg:mx-auto lg:max-w-2xl xl:max-w-3xl\">\n<div class=\"relative flex h-full flex-1 items-stretch md:flex-col\">\n<div>\n<div class=\"h-full flex ml-1 md:w-full md:m-auto md:mb-4 gap-0 md:gap-2 justify-center\">\n<div class=\"flex items-center md:items-end\">\n<div data-projection-id=\"46\">\n<div class=\"flex w-full gap-2 items-center justify-center\">\n<p>&#8212;<\/p>\n<\/div>\n<\/div>\n<\/div>\n<\/div>\n<\/div>\n<div class=\"flex w-full items-center\"><\/div>\n<\/div>\n<\/form>\n<\/div>\n","protected":false},"excerpt":{"rendered":"<p>&#8220;Non \u00e8 una scommessa: la filiera del legno \u00e8 il futuro di queste terre, \u00e8 una vera risorsa e opportunit\u00e0 per rendere attrattivo e abitabile il territorio montano&#8221;. BELLUNO\u00a0 L&#8217;associazione Belluno Alpina sottolinea l&#8217;importanza della creazione di un consorzio forestale nei territori montani per affrontare il progressivo avanzamento del bosco, che cresce del 30% ogni&hellip;<\/p>\n","protected":false},"author":4,"featured_media":185689,"comment_status":"closed","ping_status":"closed","sticky":false,"template":"","format":"standard","meta":{"_monsterinsights_skip_tracking":false,"_monsterinsights_sitenote_active":false,"_monsterinsights_sitenote_note":"","_monsterinsights_sitenote_category":0,"footnotes":""},"categories":[49],"tags":[],"class_list":["post-360392","post","type-post","status-publish","format-standard","has-post-thumbnail","hentry","category-news-18","category-49","description-off"],"img_url":"https:\/\/www.radiopiu.net\/wordpress\/wp-content\/uploads\/2021\/01\/BELLUNO-ALPINA.jpg","_links":{"self":[{"href":"https:\/\/www.radiopiu.net\/wordpress\/wp-json\/wp\/v2\/posts\/360392","targetHints":{"allow":["GET"]}}],"collection":[{"href":"https:\/\/www.radiopiu.net\/wordpress\/wp-json\/wp\/v2\/posts"}],"about":[{"href":"https:\/\/www.radiopiu.net\/wordpress\/wp-json\/wp\/v2\/types\/post"}],"author":[{"embeddable":true,"href":"https:\/\/www.radiopiu.net\/wordpress\/wp-json\/wp\/v2\/users\/4"}],"replies":[{"embeddable":true,"href":"https:\/\/www.radiopiu.net\/wordpress\/wp-json\/wp\/v2\/comments?post=360392"}],"version-history":[{"count":0,"href":"https:\/\/www.radiopiu.net\/wordpress\/wp-json\/wp\/v2\/posts\/360392\/revisions"}],"wp:featuredmedia":[{"embeddable":true,"href":"https:\/\/www.radiopiu.net\/wordpress\/wp-json\/wp\/v2\/media\/185689"}],"wp:attachment":[{"href":"https:\/\/www.radiopiu.net\/wordpress\/wp-json\/wp\/v2\/media?parent=360392"}],"wp:term":[{"taxonomy":"category","embeddable":true,"href":"https:\/\/www.radiopiu.net\/wordpress\/wp-json\/wp\/v2\/categories?post=360392"},{"taxonomy":"post_tag","embeddable":true,"href":"https:\/\/www.radiopiu.net\/wordpress\/wp-json\/wp\/v2\/tags?post=360392"}],"curies":[{"name":"wp","href":"https:\/\/api.w.org\/{rel}","templated":true}]}}