{"id":360419,"date":"2024-12-13T04:41:44","date_gmt":"2024-12-13T03:41:44","guid":{"rendered":"https:\/\/www.radiopiu.net\/wordpress\/?p=360419"},"modified":"2024-12-13T04:47:45","modified_gmt":"2024-12-13T03:47:45","slug":"amelie-racconta-i-desideri-dei-bambini-dal-detersivo-alla-carta-stampata","status":"publish","type":"post","link":"https:\/\/www.radiopiu.net\/wordpress\/amelie-racconta-i-desideri-dei-bambini-dal-detersivo-alla-carta-stampata\/","title":{"rendered":"RIECCO LA NOSTRA AMELIE&#8230;LA NUOVA PUBBLICITA&#8217; NEL GIORNO DEL COMPLEANNO"},"content":{"rendered":"<p>&nbsp;<\/p>\n<blockquote>\n<h3><img loading=\"lazy\" decoding=\"async\" class=\"alignleft\" src=\"https:\/\/www.radiopiu.net\/wordpress\/wp-content\/uploads\/2023\/11\/Senza-nome-159.png\" width=\"182\" height=\"154\" \/><\/h3>\n<\/blockquote>\n<p><strong>REDAZIONE<\/strong> E&#8217; partita la nuova pubblicit\u00e0. Tra i protagonisti del nuovo spot televisivo c&#8217;\u00e8 anche Amelie, una bambina non nuova agli ascoltatori di Radio Pi\u00f9, gi\u00e0 aveva realizzato il jingle sulle note di Feliz Navidad di Jos\u00e9 Feliciano e successivamente con &#8220;come \u00e8 bello fare l&#8217;amore da Trieste in giu&#8217;&#8230;<\/p>\n<div style=\"width: 640px;\" class=\"wp-video\"><video class=\"wp-video-shortcode\" id=\"video-360419-1\" width=\"640\" height=\"368\" preload=\"metadata\" controls=\"controls\"><source type=\"video\/mp4\" src=\"https:\/\/www.radiopiu.net\/wordpress\/wp-content\/uploads\/2023\/11\/WhatsApp-Video-2024-12-12-at-21.02.42.mp4?_=1\" \/><a href=\"https:\/\/www.radiopiu.net\/wordpress\/wp-content\/uploads\/2023\/11\/WhatsApp-Video-2024-12-12-at-21.02.42.mp4\">https:\/\/www.radiopiu.net\/wordpress\/wp-content\/uploads\/2023\/11\/WhatsApp-Video-2024-12-12-at-21.02.42.mp4<\/a><\/video><\/div>\n<p>&nbsp;<\/p>\n<p>&nbsp;<\/p>\n<p>&nbsp;<\/p>\n<p><span style=\"color: #ff0000;\"><strong>ARCHIVIO<\/strong><\/span><\/p>\n<p><strong>REDAZIONE<\/strong> Rieccola la splendida Amelie,\u00a0 protagonista dell&#8217;inserto del Corriere della Sera con\u00a0 i desideri dei pi\u00f9 piccoli, i loro sogni. In edicola e in formato digitale il nuovo numero. Fotografo &#8211; <a class=\"x1i10hfl xjbqb8w x6umtig x1b1mbwd xaqea5y xav7gou x9f619 x1ypdohk xt0psk2 xe8uvvx xdj266r x11i5rnm xat24cr x1mh8g0r xexx8yu x4uap5 x18d9i69 xkhd6sd x16tdsg8 x1hl2dhg xggy1nq x1a2a7pz notranslate _a6hd\" tabindex=\"0\" role=\"link\" href=\"https:\/\/www.instagram.com\/federico_leone_\/\">@federico_leone_<\/a> Model &#8211; Amelie<\/p>\n<p><a class=\"dt-pswp-item\" href=\"https:\/\/www.radiopiu.net\/wordpress\/wp-content\/uploads\/2023\/11\/AMELIA.png\" data-dt-img-description=\"\" data-large_image_width=\"572\" data-large_image_height=\"590\">S<\/a>SS<\/p>\n<hr \/>\n<p>archivio, 2022<\/p>\n<blockquote>\n<h3>AMELIE, DAI JINGLE DI NATALE DI RADIO PIU&#8217; ALLA PUBBLICITA&#8217; DEL DIXAN<\/h3>\n<\/blockquote>\n<p><strong>REDAZIONE<\/strong> E&#8217; partita la nuova pubblicit\u00e0 del Dixan, il famoso detersivo per la biancheria. Tra i protagonisti del nuovo spot televisivo c&#8217;\u00e8 anche Amelie, una bambina non nuova agli ascoltatori di Radio Pi\u00f9. Infatti durante il periodo Natalizio Amelie aveva realizzato il jingle sulle note di Feliz Navidad di Jos\u00e9 Feliciano e successivamente con &#8220;come \u00e8 bello fare l&#8217;amore da Trieste in giu&#8217;&#8230; RADIOPIU&#8217;&#8230; per i 40 anni della radio.\u00a0 Siamo orgogliosi di aver tenuto a &#8220;battesimo&#8221; Amelie con i jingle di Natale. Ora per lei una nuova esperienza davanti alle telecamere per lo spot televisivo del famoso detersivo.<\/p>\n<p><strong>IL JINGLE DI NATALE DI RADIO PIU&#8217;<\/strong><\/p>\n<audio class=\"wp-audio-shortcode\" id=\"audio-360419-1\" preload=\"none\" style=\"width: 100%;\" controls=\"controls\"><source type=\"audio\/mpeg\" src=\"https:\/\/www.radiopiu.net\/wordpress\/wp-content\/uploads\/2023\/09\/WhatsApp-Audio-2023-09-19-at-17.29.42.mp3?_=1\" \/><a href=\"https:\/\/www.radiopiu.net\/wordpress\/wp-content\/uploads\/2023\/09\/WhatsApp-Audio-2023-09-19-at-17.29.42.mp3\">https:\/\/www.radiopiu.net\/wordpress\/wp-content\/uploads\/2023\/09\/WhatsApp-Audio-2023-09-19-at-17.29.42.mp3<\/a><\/audio>\n<p>&nbsp;<\/p>\n<p><strong>LO SPOT TELEVISIVO DEL DIXAN<\/strong><\/p>\n<div style=\"width: 1200px;\" class=\"wp-video\"><video class=\"wp-video-shortcode\" id=\"video-360419-2\" width=\"1200\" height=\"675\" preload=\"metadata\" controls=\"controls\"><source type=\"video\/mp4\" src=\"https:\/\/www.radiopiu.net\/wordpress\/wp-content\/uploads\/2023\/09\/WhatsApp-Video-2023-09-19-at-17.26.15.mp4?_=2\" \/><a href=\"https:\/\/www.radiopiu.net\/wordpress\/wp-content\/uploads\/2023\/09\/WhatsApp-Video-2023-09-19-at-17.26.15.mp4\">https:\/\/www.radiopiu.net\/wordpress\/wp-content\/uploads\/2023\/09\/WhatsApp-Video-2023-09-19-at-17.26.15.mp4<\/a><\/video><\/div>\n<p>&nbsp;<\/p>\n<p>&nbsp;<\/p>\n","protected":false},"excerpt":{"rendered":"<p>&nbsp; REDAZIONE E&#8217; partita la nuova pubblicit\u00e0. Tra i protagonisti del nuovo spot televisivo c&#8217;\u00e8 anche Amelie, una bambina non nuova agli ascoltatori di Radio Pi\u00f9, gi\u00e0 aveva realizzato il jingle sulle note di Feliz Navidad di Jos\u00e9 Feliciano e successivamente con &#8220;come \u00e8 bello fare l&#8217;amore da Trieste in giu&#8217;&#8230; &nbsp; &nbsp; &nbsp; ARCHIVIO&hellip;<\/p>\n","protected":false},"author":4,"featured_media":424636,"comment_status":"closed","ping_status":"closed","sticky":false,"template":"","format":"standard","meta":{"_monsterinsights_skip_tracking":false,"_monsterinsights_sitenote_active":false,"_monsterinsights_sitenote_note":"","_monsterinsights_sitenote_category":0,"footnotes":""},"categories":[104,49],"tags":[],"class_list":["post-360419","post","type-post","status-publish","format-standard","has-post-thumbnail","hentry","category-evidenza_3","category-news-18","category-104","category-49","description-off"],"img_url":"https:\/\/www.radiopiu.net\/wordpress\/wp-content\/uploads\/2023\/11\/Senza-nome-159.png","_links":{"self":[{"href":"https:\/\/www.radiopiu.net\/wordpress\/wp-json\/wp\/v2\/posts\/360419","targetHints":{"allow":["GET"]}}],"collection":[{"href":"https:\/\/www.radiopiu.net\/wordpress\/wp-json\/wp\/v2\/posts"}],"about":[{"href":"https:\/\/www.radiopiu.net\/wordpress\/wp-json\/wp\/v2\/types\/post"}],"author":[{"embeddable":true,"href":"https:\/\/www.radiopiu.net\/wordpress\/wp-json\/wp\/v2\/users\/4"}],"replies":[{"embeddable":true,"href":"https:\/\/www.radiopiu.net\/wordpress\/wp-json\/wp\/v2\/comments?post=360419"}],"version-history":[{"count":2,"href":"https:\/\/www.radiopiu.net\/wordpress\/wp-json\/wp\/v2\/posts\/360419\/revisions"}],"predecessor-version":[{"id":424637,"href":"https:\/\/www.radiopiu.net\/wordpress\/wp-json\/wp\/v2\/posts\/360419\/revisions\/424637"}],"wp:featuredmedia":[{"embeddable":true,"href":"https:\/\/www.radiopiu.net\/wordpress\/wp-json\/wp\/v2\/media\/424636"}],"wp:attachment":[{"href":"https:\/\/www.radiopiu.net\/wordpress\/wp-json\/wp\/v2\/media?parent=360419"}],"wp:term":[{"taxonomy":"category","embeddable":true,"href":"https:\/\/www.radiopiu.net\/wordpress\/wp-json\/wp\/v2\/categories?post=360419"},{"taxonomy":"post_tag","embeddable":true,"href":"https:\/\/www.radiopiu.net\/wordpress\/wp-json\/wp\/v2\/tags?post=360419"}],"curies":[{"name":"wp","href":"https:\/\/api.w.org\/{rel}","templated":true}]}}