{"id":360423,"date":"2023-11-08T05:42:57","date_gmt":"2023-11-08T04:42:57","guid":{"rendered":"https:\/\/www.radiopiu.net\/wordpress\/?p=360423"},"modified":"2023-11-08T06:17:02","modified_gmt":"2023-11-08T05:17:02","slug":"gli-alpini-e-la-scuola-di-mugnai","status":"publish","type":"post","link":"https:\/\/www.radiopiu.net\/wordpress\/gli-alpini-e-la-scuola-di-mugnai\/","title":{"rendered":"GLI ALPINI E LA SCUOLA DI MUGNAI"},"content":{"rendered":"<blockquote>\n<h2 align=\"JUSTIFY\"><span style=\"font-size: medium;\"><b>Una collaborazione importante tra generazioni da rendere ancora pi\u00f9 solida<\/b><\/span><\/h2>\n<\/blockquote>\n<p align=\"JUSTIFY\"><span style=\"font-size: medium;\"><strong><a class=\"dt-pswp-item\" href=\"https:\/\/www.radiopiu.net\/wordpress\/wp-content\/uploads\/2023\/03\/ALPINI.png\" data-dt-img-description=\"\" data-large_image_width=\"245\" data-large_image_height=\"208\"><img loading=\"lazy\" decoding=\"async\" class=\" wp-image-326487 alignleft\" src=\"https:\/\/www.radiopiu.net\/wordpress\/wp-content\/uploads\/2023\/03\/ALPINI.png\" alt=\"\" width=\"208\" height=\"177\" \/><\/a>FELTRE<\/strong> <\/span><span style=\"font-size: medium;\">Come da tradizione ormai decennale, a ridosso delle Celebrazioni istituzionali del 4 novembre, il Gruppo Alpini della frazione ha voluto ricordare i Caduti di tutte le guerre, in particolare quelle Mondiali. <\/span><span style=\"font-size: medium;\">Alla cerimonia, officiata dal parroco Don Mirko Pozzobon, hanno partecipato alunni,insegnanti della scuola primaria del paese e il Dirigente Scolastico dell\u2019Istituto Comprensivo di Feltre, Mauro De Lazzer, oltre a numerose autorit\u00e0 civili e militari, tra cui una rappresentanza del Corpo dei Bersaglieri. <\/span><span style=\"font-size: medium;\">Nei diversi interventi, tutti hanno sottolineato come, in questo difficile momento storico, sia ancora pi\u00f9 urgente la necessit\u00e0 di trasmettere alle giovani generazioni i valori della pace, della fratellanza, della solidariet\u00e0, della patria e della democrazia, che da sempre caratterizzano il Corpo degli Alpini.\u00a0 I<\/span><span style=\"font-size: medium;\">l Sindaco di Feltre, Viviana Fusaro, e il Presidente dell\u2019ANA cittadina, Stefano Mariech, prima della deposizione della Corona al Monumeto dei Caduti hanno consegnato il Tricolore agli alunni della classe quinta. <\/span><span style=\"font-size: medium;\">. <\/span><span style=\"font-size: medium;\">La collaborazione tra gli Alpini e la scuola rappresenta da anni un importante ponte tra le generazioni, ragion per cui, si sta pensando di renderla ancora pi\u00f9 solida e sistematica, programmando nuove attivit\u00e0 rivolte, oltre che ai ragazzi pi\u00f9 grandi, anche alle altre classi del plesso.<\/span><\/p>\n","protected":false},"excerpt":{"rendered":"<p>Una collaborazione importante tra generazioni da rendere ancora pi\u00f9 solida FELTRE Come da tradizione ormai decennale, a ridosso delle Celebrazioni istituzionali del 4 novembre, il Gruppo Alpini della frazione ha voluto ricordare i Caduti di tutte le guerre, in particolare quelle Mondiali. Alla cerimonia, officiata dal parroco Don Mirko Pozzobon, hanno partecipato alunni,insegnanti della scuola&hellip;<\/p>\n","protected":false},"author":4,"featured_media":326487,"comment_status":"closed","ping_status":"closed","sticky":false,"template":"","format":"standard","meta":{"_monsterinsights_skip_tracking":false,"_monsterinsights_sitenote_active":false,"_monsterinsights_sitenote_note":"","_monsterinsights_sitenote_category":0,"footnotes":""},"categories":[51,49],"tags":[],"class_list":["post-360423","post","type-post","status-publish","format-standard","has-post-thumbnail","hentry","category-evidenza-top","category-news-18","category-51","category-49","description-off"],"img_url":"https:\/\/www.radiopiu.net\/wordpress\/wp-content\/uploads\/2023\/03\/ALPINI.png","_links":{"self":[{"href":"https:\/\/www.radiopiu.net\/wordpress\/wp-json\/wp\/v2\/posts\/360423","targetHints":{"allow":["GET"]}}],"collection":[{"href":"https:\/\/www.radiopiu.net\/wordpress\/wp-json\/wp\/v2\/posts"}],"about":[{"href":"https:\/\/www.radiopiu.net\/wordpress\/wp-json\/wp\/v2\/types\/post"}],"author":[{"embeddable":true,"href":"https:\/\/www.radiopiu.net\/wordpress\/wp-json\/wp\/v2\/users\/4"}],"replies":[{"embeddable":true,"href":"https:\/\/www.radiopiu.net\/wordpress\/wp-json\/wp\/v2\/comments?post=360423"}],"version-history":[{"count":0,"href":"https:\/\/www.radiopiu.net\/wordpress\/wp-json\/wp\/v2\/posts\/360423\/revisions"}],"wp:featuredmedia":[{"embeddable":true,"href":"https:\/\/www.radiopiu.net\/wordpress\/wp-json\/wp\/v2\/media\/326487"}],"wp:attachment":[{"href":"https:\/\/www.radiopiu.net\/wordpress\/wp-json\/wp\/v2\/media?parent=360423"}],"wp:term":[{"taxonomy":"category","embeddable":true,"href":"https:\/\/www.radiopiu.net\/wordpress\/wp-json\/wp\/v2\/categories?post=360423"},{"taxonomy":"post_tag","embeddable":true,"href":"https:\/\/www.radiopiu.net\/wordpress\/wp-json\/wp\/v2\/tags?post=360423"}],"curies":[{"name":"wp","href":"https:\/\/api.w.org\/{rel}","templated":true}]}}