{"id":360426,"date":"2023-11-08T05:43:49","date_gmt":"2023-11-08T04:43:49","guid":{"rendered":"https:\/\/www.radiopiu.net\/wordpress\/?p=360426"},"modified":"2023-11-08T06:16:50","modified_gmt":"2023-11-08T05:16:50","slug":"il-generale-antonio-mostacchi-ispeziona-le-riserve-naturali-di-belluno-colpite-dai-disastri-naturali","status":"publish","type":"post","link":"https:\/\/www.radiopiu.net\/wordpress\/il-generale-antonio-mostacchi-ispeziona-le-riserve-naturali-di-belluno-colpite-dai-disastri-naturali\/","title":{"rendered":"\u00a0Il Generale Antonio Mostacchi ispeziona le Riserve Naturali di Belluno colpite dai disastri naturali"},"content":{"rendered":"<blockquote>\n<h3><\/h3>\n<\/blockquote>\n<p><strong> <a class=\"dt-pswp-item\" href=\"https:\/\/www.radiopiu.net\/wordpress\/wp-content\/uploads\/2023\/11\/carabinieri-forestali.jpg\" data-dt-img-description=\"\" data-large_image_width=\"620\" data-large_image_height=\"339\"><img loading=\"lazy\" decoding=\"async\" class=\"size-medium wp-image-360425 alignleft\" src=\"https:\/\/www.radiopiu.net\/wordpress\/wp-content\/uploads\/2023\/11\/carabinieri-forestali-300x164.jpg\" alt=\"\" width=\"300\" height=\"164\" srcset=\"https:\/\/www.radiopiu.net\/wordpress\/wp-content\/uploads\/2023\/11\/carabinieri-forestali-300x164.jpg 300w, https:\/\/www.radiopiu.net\/wordpress\/wp-content\/uploads\/2023\/11\/carabinieri-forestali.jpg 620w\" sizes=\"auto, (max-width: 300px) 100vw, 300px\" \/><\/a>BELLUNO <\/strong>Il Generale Antonio Mostacchi, Comandante dei Carabinieri per la Tutela della Biodiversit\u00e0, ha visitato ieri le Riserve Naturali dello Stato coinvolte recentemente da eventi calamitosi per valutarne lo stato attuale. Durante la visita, il Generale Mostacchi ha incontrato il personale tecnico, le unit\u00e0 operative e i quadri dei Nuclei per la Tutela della Biodiversit\u00e0. Il briefing si \u00e8 svolto presso la Riserva Naturale di Celarda ed \u00e8 stato anche presenziato dal Comandante della Regione Carabinieri Forestale &#8220;Veneto&#8221;, Generale di Brigata Francesco Pennacchini, e dal Comandante del Reparto Carabinieri Biodiversit\u00e0 di Belluno, Colonnello Gianfranco Munari. Sono stati pianificati interventi tempestivi di recupero e ripristino degli equilibri naturali nelle aree colpite dagli eventi temporaleschi. Tali operazioni sono gi\u00e0 in corso e coinvolgeranno unit\u00e0 altamente specializzate dell&#8217;Arma Forestale, in particolare nella zona di Valcordevole, nei pressi del Centro di Selezione Equestre del Reparto Biodiversit\u00e0 di Belluno. Il Generale Mostacchi ha espresso il suo impegno per garantire la tutela delle riserve naturali e la ripresa degli ecosistemi danneggiati, sottolineando l&#8217;importanza della biodiversit\u00e0 per la regione e l&#8217;ecosistema in generale. I carabinieri forestali collaboreranno strettamente con le autorit\u00e0 locali e gli esperti ambientali per garantire una risposta efficace ai danni causati dagli eventi calamitosi. L&#8217;intervento delle forze dell&#8217;ordine \u00e8 fondamentale per preservare la bellezza e l&#8217;integrit\u00e0 delle Riserve Naturali di Belluno e contribuire al ripristino dell&#8217;equilibrio naturale dopo le catastrofi ambientali.<\/p>\n<p>&nbsp;<\/p>\n<hr \/>\n<p>&nbsp;<\/p>\n","protected":false},"excerpt":{"rendered":"<p>BELLUNO Il Generale Antonio Mostacchi, Comandante dei Carabinieri per la Tutela della Biodiversit\u00e0, ha visitato ieri le Riserve Naturali dello Stato coinvolte recentemente da eventi calamitosi per valutarne lo stato attuale. Durante la visita, il Generale Mostacchi ha incontrato il personale tecnico, le unit\u00e0 operative e i quadri dei Nuclei per la Tutela della Biodiversit\u00e0.&hellip;<\/p>\n","protected":false},"author":4,"featured_media":360425,"comment_status":"closed","ping_status":"closed","sticky":false,"template":"","format":"standard","meta":{"_monsterinsights_skip_tracking":false,"_monsterinsights_sitenote_active":false,"_monsterinsights_sitenote_note":"","_monsterinsights_sitenote_category":0,"footnotes":""},"categories":[51,49],"tags":[],"class_list":["post-360426","post","type-post","status-publish","format-standard","has-post-thumbnail","hentry","category-evidenza-top","category-news-18","category-51","category-49","description-off"],"img_url":"https:\/\/www.radiopiu.net\/wordpress\/wp-content\/uploads\/2023\/11\/carabinieri-forestali.jpg","_links":{"self":[{"href":"https:\/\/www.radiopiu.net\/wordpress\/wp-json\/wp\/v2\/posts\/360426","targetHints":{"allow":["GET"]}}],"collection":[{"href":"https:\/\/www.radiopiu.net\/wordpress\/wp-json\/wp\/v2\/posts"}],"about":[{"href":"https:\/\/www.radiopiu.net\/wordpress\/wp-json\/wp\/v2\/types\/post"}],"author":[{"embeddable":true,"href":"https:\/\/www.radiopiu.net\/wordpress\/wp-json\/wp\/v2\/users\/4"}],"replies":[{"embeddable":true,"href":"https:\/\/www.radiopiu.net\/wordpress\/wp-json\/wp\/v2\/comments?post=360426"}],"version-history":[{"count":0,"href":"https:\/\/www.radiopiu.net\/wordpress\/wp-json\/wp\/v2\/posts\/360426\/revisions"}],"wp:featuredmedia":[{"embeddable":true,"href":"https:\/\/www.radiopiu.net\/wordpress\/wp-json\/wp\/v2\/media\/360425"}],"wp:attachment":[{"href":"https:\/\/www.radiopiu.net\/wordpress\/wp-json\/wp\/v2\/media?parent=360426"}],"wp:term":[{"taxonomy":"category","embeddable":true,"href":"https:\/\/www.radiopiu.net\/wordpress\/wp-json\/wp\/v2\/categories?post=360426"},{"taxonomy":"post_tag","embeddable":true,"href":"https:\/\/www.radiopiu.net\/wordpress\/wp-json\/wp\/v2\/tags?post=360426"}],"curies":[{"name":"wp","href":"https:\/\/api.w.org\/{rel}","templated":true}]}}