{"id":360470,"date":"2023-11-09T05:46:36","date_gmt":"2023-11-09T04:46:36","guid":{"rendered":"https:\/\/www.radiopiu.net\/wordpress\/?p=360470"},"modified":"2023-11-09T09:11:12","modified_gmt":"2023-11-09T08:11:12","slug":"giornale-radiopiu-09-novembre-2023-direttore-mirko-mezzacasada-40-anni-25-giugno-1983-25-giugno-2023","status":"publish","type":"post","link":"https:\/\/www.radiopiu.net\/wordpress\/giornale-radiopiu-09-novembre-2023-direttore-mirko-mezzacasada-40-anni-25-giugno-1983-25-giugno-2023\/","title":{"rendered":"GIORNALE RADIOPIU 09 NOVEMBRE 2023 DIRETTORE MIRKO MEZZACASA\u2026DA 40 ANNI 25 GIUGNO 1983-25 GIUGNO 2023"},"content":{"rendered":"<h1 class=\"entry-title photoswipe-wrapper\">40esimo di RADIOPIU\u2026. LA VOCE DELL\u2019EMOZIONE<\/h1>\n<h2><span style=\"color: #ff0000;\">ISCRIVITI AL NOSTRO CANALE\u00a0\u00a0YOUTUBE PER SEGUIRE IN DIRETTA I PRINCIPALI PROGRAMMI DI RADIO PIU\u2019 E LE FUTURE DIRETTE IN ESTERNA. PER ISCRIVERTI <a style=\"color: #ff0000;\" href=\"https:\/\/youtube.com\/@radiopiu1527\">CLICCA QUI\u00a0<\/a>E PREMI\u00a0 \u201cIscriviti\u201d\u00a0<\/span><\/h2>\n<p>&nbsp;<\/p>\n<div class=\"page-title-head hgroup\">\n<blockquote>\n<h2 class=\"entry-title\">FOTO: ALBA IN MARMOLADA ORE 5.45 DEL 9 NOVEMBRE<\/h2>\n<\/blockquote>\n<\/div>\n<div class=\"page-title-breadcrumbs\">\n<blockquote>\n<h2>di Diego Andriollo Funivia Marmolada.<\/h2>\n<\/blockquote>\n<div id=\"gallery-1\" class=\"dt-gallery-container gallery galleryid-360624 gallery-columns-1 gallery-size-full\">\n\n\t\t\t<style type='text\/css'>\n\t\t\t\t#gallery-1 {\n\t\t\t\t\tmargin: auto;\n\t\t\t\t}\n\t\t\t\t#gallery-1 .gallery-item {\n\t\t\t\t\tfloat: left;\n\t\t\t\t\tmargin-top: 10px;\n\t\t\t\t\ttext-align: center;\n\t\t\t\t\twidth: 50%;\n\t\t\t\t}\n\t\t\t\t#gallery-1 img {\n\t\t\t\t\tborder: 2px solid #cfcfcf;\n\t\t\t\t}\n\t\t\t\t#gallery-1 .gallery-caption {\n\t\t\t\t\tmargin-left: 0;\n\t\t\t\t}\n\t\t\t\t\/* see gallery_shortcode() in wp-includes\/media.php *\/\n\t\t\t<\/style>\n\t\t<div id='gallery-1' class='dt-gallery-container gallery galleryid-360470 gallery-columns-2 gallery-size-medium'><dl class='gallery-item'>\n\t\t\t\t<dt class='gallery-icon landscape'>\n\t\t\t\t\t<a class=\"rollover rollover-zoom dt-pswp-item\" title=\"76175283-a160-42e3-add7-5d0e1649abc8\" data-dt-img-description=\"\" data-large_image_width=\"1024\" data-large_image_height=\"768\"href='https:\/\/www.radiopiu.net\/wordpress\/wp-content\/uploads\/2023\/11\/76175283-a160-42e3-add7-5d0e1649abc8.jpg'><img loading=\"lazy\" decoding=\"async\" width=\"300\" height=\"225\" src=\"https:\/\/www.radiopiu.net\/wordpress\/wp-content\/uploads\/2023\/11\/76175283-a160-42e3-add7-5d0e1649abc8-300x225.jpg\" class=\"attachment-medium size-medium\" alt=\"\" srcset=\"https:\/\/www.radiopiu.net\/wordpress\/wp-content\/uploads\/2023\/11\/76175283-a160-42e3-add7-5d0e1649abc8-300x225.jpg 300w, https:\/\/www.radiopiu.net\/wordpress\/wp-content\/uploads\/2023\/11\/76175283-a160-42e3-add7-5d0e1649abc8-768x576.jpg 768w, https:\/\/www.radiopiu.net\/wordpress\/wp-content\/uploads\/2023\/11\/76175283-a160-42e3-add7-5d0e1649abc8.jpg 1024w\" sizes=\"auto, (max-width: 300px) 100vw, 300px\" \/><\/a>\n\t\t\t\t<\/dt><\/dl><dl class='gallery-item'>\n\t\t\t\t<dt class='gallery-icon landscape'>\n\t\t\t\t\t<a class=\"rollover rollover-zoom dt-pswp-item\" title=\"a197aa8f-4553-4d79-877c-111e33424fca\" data-dt-img-description=\"\" data-large_image_width=\"1024\" data-large_image_height=\"768\"href='https:\/\/www.radiopiu.net\/wordpress\/wp-content\/uploads\/2023\/11\/a197aa8f-4553-4d79-877c-111e33424fca.jpg'><img loading=\"lazy\" decoding=\"async\" width=\"300\" height=\"225\" src=\"https:\/\/www.radiopiu.net\/wordpress\/wp-content\/uploads\/2023\/11\/a197aa8f-4553-4d79-877c-111e33424fca-300x225.jpg\" class=\"attachment-medium size-medium\" alt=\"\" srcset=\"https:\/\/www.radiopiu.net\/wordpress\/wp-content\/uploads\/2023\/11\/a197aa8f-4553-4d79-877c-111e33424fca-300x225.jpg 300w, https:\/\/www.radiopiu.net\/wordpress\/wp-content\/uploads\/2023\/11\/a197aa8f-4553-4d79-877c-111e33424fca-768x576.jpg 768w, https:\/\/www.radiopiu.net\/wordpress\/wp-content\/uploads\/2023\/11\/a197aa8f-4553-4d79-877c-111e33424fca.jpg 1024w\" sizes=\"auto, (max-width: 300px) 100vw, 300px\" \/><\/a>\n\t\t\t\t<\/dt><\/dl><br style=\"clear: both\" \/>\n\t\t\t<\/div>\n\n<\/div>\n<\/div>\n<p>&nbsp;<\/p>\n<p>&nbsp;<\/p>\n<p>&nbsp;<\/p>\n<hr \/>\n<p>&nbsp;<\/p>\n<p><a class=\"dt-pswp-item\" href=\"https:\/\/www.radiopiu.net\/wordpress\/wp-content\/uploads\/2023\/10\/34f4cfc6-e863-46e9-9695-8df44be63421.jpg\" data-dt-img-description=\"\" data-large_image_width=\"1200\" data-large_image_height=\"1200\"><img loading=\"lazy\" decoding=\"async\" class=\"wp-image-357393 alignleft\" src=\"https:\/\/www.radiopiu.net\/wordpress\/wp-content\/uploads\/2023\/10\/34f4cfc6-e863-46e9-9695-8df44be63421-300x300.jpg\" alt=\"\" width=\"81\" height=\"81\" srcset=\"https:\/\/www.radiopiu.net\/wordpress\/wp-content\/uploads\/2023\/10\/34f4cfc6-e863-46e9-9695-8df44be63421-300x300.jpg 300w, https:\/\/www.radiopiu.net\/wordpress\/wp-content\/uploads\/2023\/10\/34f4cfc6-e863-46e9-9695-8df44be63421-1024x1024.jpg 1024w, https:\/\/www.radiopiu.net\/wordpress\/wp-content\/uploads\/2023\/10\/34f4cfc6-e863-46e9-9695-8df44be63421-150x150.jpg 150w, https:\/\/www.radiopiu.net\/wordpress\/wp-content\/uploads\/2023\/10\/34f4cfc6-e863-46e9-9695-8df44be63421-768x768.jpg 768w, https:\/\/www.radiopiu.net\/wordpress\/wp-content\/uploads\/2023\/10\/34f4cfc6-e863-46e9-9695-8df44be63421.jpg 1200w\" sizes=\"auto, (max-width: 81px) 100vw, 81px\" \/><\/a>OGGI ALLA RADIO: <strong>ALLE 7<\/strong> LA RASSEGNA STAMPA LOCALE FLASH, PER CHI COME NOI ALLE SETTE DEL MATTINO VA DI FRETTA, TANTE NOTIZIE IN POCHE CHIACCHIERE. <strong>ALLE OTTO<\/strong> L&#8217;APPROFONDIMENTO NELLA STORICA RASSEGNA STAMPA LOCALE<\/p>\n<p>&nbsp;<\/p>\n<p><strong>ALLE 10.30 E 1900<\/strong>\u00a0 CON LA PETTIROSSO AGORDINO, SONIA D&#8217;AGOSTINI E LAURA MIANA <strong>ALLE 9<\/strong> IL COUNTRY DI ALEX NASCINBEN &#8211;\u00a0 <strong>ALLE 13.10<\/strong>\u00a0 EVA OLIVIERI, LA LUCCIOLATA A RIF<strong> ALLE 18.30<\/strong>\u00a0 SALUTE E SOCIETA&#8217;, DOTTOR MARCO CARACCIOLO\u00a0 <b>\u00a0 ALLE 10.30 <\/b>Gianpietro Argenta, &#8220;chiurgo&#8221; del legno, dalla falegnameria di Sedico.<b> ALLE 16.30 <\/b>Sonia d&#8217;Agostini, Laura Miana, la serata all&#8217;auditorium di Agordo con la Pettirosso Agordino<\/p>\n<p>&nbsp;<\/p>\n<hr \/>\n<p>&nbsp;<\/p>\n<p>&nbsp;<\/p>\n<div class=\"articlePlainSubHead\"><strong><a class=\"dt-pswp-item\" href=\"https:\/\/www.radiopiu.net\/wordpress\/wp-content\/uploads\/2023\/11\/Senza-nome-43.png\" data-dt-img-description=\"\" data-large_image_width=\"240\" data-large_image_height=\"273\"><img loading=\"lazy\" decoding=\"async\" class=\"wp-image-360617 alignleft\" src=\"https:\/\/www.radiopiu.net\/wordpress\/wp-content\/uploads\/2023\/11\/Senza-nome-43.png\" alt=\"\" width=\"149\" height=\"169\" \/><\/a>LAMON\u00a0 San Donato, strada riaperta<\/strong><\/div>\n<div class=\"articlePlainText\"><\/div>\n<div class=\"articlePlainText\">Riaperta ieri in anticipo sulle previsioni, dopo i lavori svolti in mattinata, la comunale Lamon &#8211; San Donato &#8211; passo Brocon, nel tratto gi\u00e0 chiuso per caduta massi sulla carreggiata. Il sindaco Maccagnan ha potuto cos\u00ec ordinare la riapertura.<\/div>\n<p>&nbsp;<\/p>\n<p>&nbsp;<\/p>\n<p>&nbsp;<\/p>\n<p>&nbsp;<\/p>\n<hr \/>\n<p>&nbsp;<\/p>\n<blockquote>\n<h3>DAL 15 NOVEMBRE ENTRA IN VIGORE L&#8217;OBBLIGO DI PNEUMATICI INVERNALI<\/h3>\n<\/blockquote>\n<p><strong>SEDICO <\/strong>Veneto Strade comunica che dal 15 novembre scatta l&#8217;obbligo di circolare con pneumatici invernali o di avere a bordo catene da neve o altri mezzi antisdrucciolevoli omologati. L&#8217;obbligo ha validit\u00e0 fino al 15 aprile 2023.<\/p>\n<p>&nbsp;<\/p>\n<p>&nbsp;<\/p>\n<hr \/>\n<p>&nbsp;<\/p>\n<blockquote>\n<h3 style=\"text-align: left;\"><img decoding=\"async\" class=\"alignleft\" src=\"https:\/\/www.radiopiu.net\/wordpress\/wp-content\/uploads\/2023\/11\/Senza-nome-31.png\" \/><\/h3>\n<div class=\"page-title-head hgroup\">\n<h1 class=\"entry-title\">IN UN GIORNO: 72 MILA EURO NEL RICORDO DI WALTER, OGGI L\u2019ULTIMO SALUTO<\/h1>\n<\/div>\n<div class=\"page-title-breadcrumbs\"><\/div>\n<p><em>La divisa da vigile del fuoco sulla bara di Walter Locatello. E chiss\u00e0 quanti colleghi e amici ci saranno ai funerali fissati per\u00a0 oggi, alle 15, nella chiesa arcipretale di Puos d&#8217;Alpago.\u00a0<\/em><\/p><\/blockquote>\n<div dir=\"auto\">\n<p>Alle 15 nella chiesa Arcipretale di Puos d&#8217;Alpago saranno celebrati i funerali di Walter Locatello, l&#8217;amato, padre, marito, figlio e vigile del fuoco di 44 anni scomparso drammaticamente lo scorso giovedi mentre adempieva al suo dovere con quello spirito di sacrificio che in lui era insito. Giovedi una comunit\u00e0 e i colleghi vigili del fuoco abbracceranno nel dolore la moglie Sybil con Martino, i genitori Giacinto e Carla, i suoceri Giosu\u00e8 e Maria Teresa, il cognato Daniel.<\/p>\n<p><strong>LA RACCOLTA FONDI:<\/strong> Un amico fraterno\u00a0 Maurizio Torri ha lanciato la raccolta fondi &#8220;Sostieni Martino&#8221; in favore della moglie Sybil Genoria e del suo bambino. Centinaia di donazioni sulla piattaforma in rete gofundme. Si stanno muovendo anche i coscritti della classe 1979, oltre al mondo del volontariato e dello sport. Una raccolta \u00e8 in corso anche alla Botte del Re, una pizzeria di Calalzo collegata con il distaccamento dei vigili dei Pieve di Cadore, mentre le offerte in chiesa andranno in beneficenza. Anche dal GIORNALE RADIO PIU e canali social di Radio Pi\u00f9 si puo&#8217; raggiungere la piattaforma per le donazioni, ad oggi sono stati raccolti oltre 72mila euro<\/p>\n<\/div>\n<h1>per donazioni <span style=\"color: #0000ff;\"><strong><a style=\"color: #0000ff;\" href=\"https:\/\/gofund.me\/39c3f464\">CLICCA QUI<\/a><\/strong><\/span><\/h1>\n<div><\/div>\n<hr \/>\n<p>&nbsp;<\/p>\n<p>&nbsp;<\/p>\n<blockquote>\n<h3><a class=\"dt-pswp-item\" href=\"https:\/\/www.radiopiu.net\/wordpress\/wp-content\/uploads\/2023\/11\/Senza-nome-39.png\" data-dt-img-description=\"\" data-large_image_width=\"375\" data-large_image_height=\"289\"><img loading=\"lazy\" decoding=\"async\" class=\"size-medium wp-image-360547 alignleft\" src=\"https:\/\/www.radiopiu.net\/wordpress\/wp-content\/uploads\/2023\/11\/Senza-nome-39-300x231.png\" alt=\"\" width=\"300\" height=\"231\" srcset=\"https:\/\/www.radiopiu.net\/wordpress\/wp-content\/uploads\/2023\/11\/Senza-nome-39-300x231.png 300w, https:\/\/www.radiopiu.net\/wordpress\/wp-content\/uploads\/2023\/11\/Senza-nome-39.png 375w\" sizes=\"auto, (max-width: 300px) 100vw, 300px\" \/><\/a>L&#8217;ULTIMO SALUTO A &#8220;GERDA&#8221; BRUNO DE NARDIN<\/h3>\n<\/blockquote>\n<p><strong>AGORDO<\/strong> I funerali si terranno domani alle 14 nella chiesa Arcidiaconale di Agordo. Lo ricordano con affetto la\u00a0 moglie Giuseppina, le figlie Nilla con Olindo, Massimo, Ilaria, Fabio e la piccola Desiree, cos\u00ec come i figli Roberta con Maurizio, Marina, Daniele e Marco, le sorelle e i famigliari. Dopo le esequie, \u00e8 previsto il trasferimento al cimitero con mezzi propri.<\/p>\n<p>&nbsp;<\/p>\n<p>&nbsp;<\/p>\n<p>&nbsp;<\/p>\n<p>&nbsp;<\/p>\n<p>&nbsp;<\/p>\n<hr \/>\n<p>&nbsp;<\/p>\n<p>&nbsp;<\/p>\n<h3><a class=\"dt-pswp-item\" href=\"https:\/\/www.radiopiu.net\/wordpress\/wp-content\/uploads\/2023\/11\/Senza-nome-25.png\" data-dt-img-description=\"\" data-large_image_width=\"465\" data-large_image_height=\"328\"><img loading=\"lazy\" decoding=\"async\" class=\"wp-image-360229 alignleft\" src=\"https:\/\/www.radiopiu.net\/wordpress\/wp-content\/uploads\/2023\/11\/Senza-nome-25-300x212.png\" alt=\"\" width=\"127\" height=\"90\" srcset=\"https:\/\/www.radiopiu.net\/wordpress\/wp-content\/uploads\/2023\/11\/Senza-nome-25-300x212.png 300w, https:\/\/www.radiopiu.net\/wordpress\/wp-content\/uploads\/2023\/11\/Senza-nome-25.png 465w\" sizes=\"auto, (max-width: 127px) 100vw, 127px\" \/><\/a><\/h3>\n<h3>DOMANI I FUNERALI DI DIONISIA<\/h3>\n<p><strong>FALCADE<\/strong> Si svolgeranno domani alle 14.30 in chiesa a Falcade i funerali di Dionisia Pizziol, ne danno l&#8217;annuncio il marito Emilio Cagnati, i figli Elena con Asia, Piero con Nicole, Sharon, Ena, Katia con Nicola, Joshua, Pietro, Federico, le sorelle Iria e Silvana la cognata e i nipoti<br \/>\nUn sentito ringraziamento dalla famiglia ai dottori Massimiliano Mosca e Giovanni Magra per averla assistita professionalmente in questi anni e a tutto il personale Asca di Agordo per le amorevoli cure prestate nell&#8217;ultimo periodo.<\/p>\n<p>&nbsp;<\/p>\n<p>&nbsp;<\/p>\n<hr \/>\n<p>&nbsp;<\/p>\n<blockquote>\n<h3><span style=\"color: #0000ff;\"><strong><a class=\"dt-pswp-item\" href=\"https:\/\/www.radiopiu.net\/wordpress\/wp-content\/uploads\/2023\/11\/400143774_10232120917433599_145182332298280629_n.jpg\" data-dt-img-description=\"\" data-large_image_width=\"637\" data-large_image_height=\"484\"><img loading=\"lazy\" decoding=\"async\" class=\"wp-image-360618 alignleft\" src=\"https:\/\/www.radiopiu.net\/wordpress\/wp-content\/uploads\/2023\/11\/400143774_10232120917433599_145182332298280629_n-300x228.jpg\" alt=\"\" width=\"179\" height=\"136\" srcset=\"https:\/\/www.radiopiu.net\/wordpress\/wp-content\/uploads\/2023\/11\/400143774_10232120917433599_145182332298280629_n-300x228.jpg 300w, https:\/\/www.radiopiu.net\/wordpress\/wp-content\/uploads\/2023\/11\/400143774_10232120917433599_145182332298280629_n.jpg 637w\" sizes=\"auto, (max-width: 179px) 100vw, 179px\" \/><\/a><\/strong><\/span>E&#8217; MORTO &#8220;DALLAS&#8221; IL MAESTRO DI SCI<\/h3>\n<\/blockquote>\n<p><strong>CORTINA\u00a0<\/strong> Lutto nella Conca Ampezzana per la morte di Osvaldo Alberti, conosciuto come Dallas. Sportivo, maestro di sci e gi\u00e0 atleta di bob e chilometro lanciato. Domani alle 15 i funerali.<\/p>\n<p>il ricordo e una splendida foto sulla pagina facebook <span style=\"color: #0000ff;\"><strong><a style=\"color: #0000ff;\" href=\"https:\/\/www.facebook.com\/groups\/880660446676881\/\">ORANGE CORTINA\u00a0<\/a><br \/>\n<span class=\"\"><span class=\"xt0psk2\"><a class=\"x1i10hfl xjbqb8w x6umtig x1b1mbwd xaqea5y xav7gou x9f619 x1ypdohk xt0psk2 xe8uvvx xdj266r x11i5rnm xat24cr x1mh8g0r xexx8yu x4uap5 x18d9i69 xkhd6sd x16tdsg8 x1hl2dhg xggy1nq x1a2a7pz x1heor9g xt0b8zv\" tabindex=\"0\" role=\"link\" href=\"https:\/\/www.facebook.com\/groups\/880660446676881\/user\/100011219228660\/?__cft__[0]=AZVfASjs4oFmtD51Tv5I_gUhbz5oR3002Zg3F7dO0jv_5BAHrJDpyV3QTAXODe_1xQxfEcx9egOUHS3f7NrXZDbIJWQZdVDXBLorXrDSitHYbkB5ew5uZcD-WIWP3RHI5PlnTUGgXC8aPtO7ekydBmGNSClCdtxgQR5IbLTyDXCpAPpAQqqgphGXOGO_jEo_ONc&amp;__tn__=R]-R\" aria-hidden=\"false\"><span class=\"x3nfvp2\"><span class=\"x193iq5w xeuugli x13faqbe x1vvkbs x1xmvt09 x1lliihq x1s928wv xhkezso x1gmr53x x1cpjm7i x1fgarty x1943h6x x4zkp8e x676frb x1nxh6w3 x1sibtaa x1s688f xzsf02u\" dir=\"auto\">Francesco Pontelli<\/span><\/span><\/a> &#8220;Q<\/span><\/span><\/strong><\/span><em>uanto mi dispiace.. veramente.. mi ricordo quando alla mattina preparava il tracciato per gli atleti al Padeon sul Cristallo &#8230;lo conoscevo bene .. condoglianze alla famiglia&#8230;un abbraccio forte&#8221;\u00a0<\/em><\/p>\n<p>&nbsp;<\/p>\n<p>&nbsp;<\/p>\n<hr \/>\n<p>&nbsp;<\/p>\n<blockquote>\n<h3>CON IL CAMION: TIRA DIRITTO E TRAVOLGE LA SBARRA DEL PASSAGGIO A LIVELLO<\/h3>\n<\/blockquote>\n<p><strong><a class=\"dt-pswp-item\" href=\"https:\/\/www.radiopiu.net\/wordpress\/wp-content\/uploads\/2023\/11\/Senza-nome-42.png\" data-dt-img-description=\"\" data-large_image_width=\"426\" data-large_image_height=\"258\"><img loading=\"lazy\" decoding=\"async\" class=\" wp-image-360611 alignleft\" src=\"https:\/\/www.radiopiu.net\/wordpress\/wp-content\/uploads\/2023\/11\/Senza-nome-42-300x182.png\" alt=\"\" width=\"206\" height=\"125\" srcset=\"https:\/\/www.radiopiu.net\/wordpress\/wp-content\/uploads\/2023\/11\/Senza-nome-42-300x182.png 300w, https:\/\/www.radiopiu.net\/wordpress\/wp-content\/uploads\/2023\/11\/Senza-nome-42.png 426w\" sizes=\"auto, (max-width: 206px) 100vw, 206px\" \/><\/a>SANTA GIUSTINA<\/strong> Ieri, un camion ha colpito una sbarra del passaggio a livello a Formegan mentre si stava abbassando, causando danni alla sbarra che \u00e8 finita sulla siepe. L&#8217;incidente, che \u00e8 avvenuto prima del passaggio del treno delle 14:50, non ha causato conseguenze gravi. Il camion, in viaggio lungo via Nazionale in direzione di Feltre, \u00e8 riuscito a passare senza rimanere bloccato.<\/p>\n<p>Il sindaco Ivan Minella conferma la necessit\u00e0 di trovare una soluzione alternativa al traffico deviato a causa dei lavori al cavalcaferrovia e propone di sospendere i treni fino a Natale e sostituirli con pullman per mantenere le sbarre sempre alzate, aspettando una risposta positiva da parte di Anas e Trenitalia.<\/p>\n<p>&nbsp;<\/p>\n<p>&nbsp;<\/p>\n<p>&nbsp;<\/p>\n<hr \/>\n<p>&nbsp;<\/p>\n<p>&nbsp;<\/p>\n<div class=\"page-title-head hgroup\">\n<blockquote>\n<h3 class=\"entry-title\">Tentata truffa sugli anziani ad Agordo: una nonna saggia e avvertita<\/h3>\n<\/blockquote>\n<\/div>\n<div class=\"page-title-breadcrumbs\">\n<p><strong><img loading=\"lazy\" decoding=\"async\" class=\"alignleft\" src=\"https:\/\/www.radiopiu.net\/wordpress\/wp-content\/uploads\/2023\/11\/phone-499991_1280.jpg\" width=\"202\" height=\"134\" \/>REDAZIONE<\/strong>\u00a0Un&#8217;altra tentata truffa ai danni degli anziani\u00a0 ad Agordo. In questa occasione, una nonna ha rifiutato di cadere nella rete dei truffatori, dimostrando grande lucidit\u00e0 e astuzia. Il nipote di questa coraggiosa anziana ha condiviso la vicenda per mettere in guardia la popolazione e sensibilizzare l&#8217;opinione pubblica.<\/p>\n<p>La truffa \u00e8 iniziata con una chiamata inattesa sulla linea fissa di casa, avvenuta a met\u00e0 mattinata. Dall&#8217;altro capo della cornetta, una voce femminile, fingendosi la figlia della nonna, ha raccontato di essere stata ricoverata d&#8217;urgenza in ospedale a causa di un tumore maligno. La truffatrice ha sostenuto che aveva bisogno di una somma di denaro considerevole per iniziare immediatamente le cure, chiedendo alla nonna di rivelare quanto contante avesse in casa. La truffa, nota come &#8220;finta emergenza familiare,&#8221; \u00e8 un modus operandi tristemente noto, ma questa \u00e8 stata una delle prime segnalazioni di questo genere in vallata. I truffatori si sono rivelati particolarmente persuasivi al telefono, chiamando pi\u00f9 volte nella speranza di ottenere i soldi. Fortunatamente, la nonna coinvolta nella vicenda \u00e8 riuscita a mantenere la calma e non ha ceduto alla pressione. <em>&#8220;Mia nonna \u00e8 ancora molto sveglia,&#8221; ha dichiarato il nipote, &#8220;e non c&#8217;\u00e8 cascata nella trappola dei truffatori. Tuttavia, era preoccupata che avessero il suo numero di telefono e alcune informazioni personali.&#8221;<\/em><\/p>\n<p>Questo episodio sottolinea l&#8217;importanza di sensibilizzare la comunit\u00e0, in particolare gli anziani, sulle frodi telefoniche e le truffe che possono colpire chiunque. \u00c8 essenziale che i cittadini siano informati su queste tattiche fraudolente e sappiano come riconoscerle e reagire in modo appropriato. La nonna coinvolta in questo caso \u00e8 un esempio di come l&#8217;informazione e la prudenza possono proteggere dalle truffe.<\/p>\n<p>Le autorit\u00e0 locali, compreso il corpo dei Carabinieri, continuano a lavorare per prevenire queste situazioni e per individuare i truffatori. Nel frattempo, \u00e8 fondamentale rimanere vigili e condividere queste storie per proteggere gli anziani e le persone vulnerabili dalla frode.<\/p>\n<\/div>\n<p>&nbsp;<\/p>\n<hr \/>\n<p>&nbsp;<\/p>\n<p>&nbsp;<\/p>\n<blockquote>\n<h3>EMERGENZA IN VAL FIORENTINA, IL SINDACO DI BORCA &#8220;APPRENSIONE PER LA STRADA BLOCCATA&#8221;<\/h3>\n<\/blockquote>\n<p><a class=\"dt-pswp-item\" href=\"https:\/\/www.radiopiu.net\/wordpress\/wp-content\/uploads\/2023\/11\/Senza-nome-41.png\" data-dt-img-description=\"\" data-large_image_width=\"503\" data-large_image_height=\"300\"><img loading=\"lazy\" decoding=\"async\" class=\" wp-image-360608 alignleft\" src=\"https:\/\/www.radiopiu.net\/wordpress\/wp-content\/uploads\/2023\/11\/Senza-nome-41-300x179.png\" alt=\"\" width=\"236\" height=\"141\" srcset=\"https:\/\/www.radiopiu.net\/wordpress\/wp-content\/uploads\/2023\/11\/Senza-nome-41-300x179.png 300w, https:\/\/www.radiopiu.net\/wordpress\/wp-content\/uploads\/2023\/11\/Senza-nome-41.png 503w\" sizes=\"auto, (max-width: 236px) 100vw, 236px\" \/><\/a><strong>BORCA DI CADORE\u00a0<\/strong> Il sindaco di Borca, Bortolo Sala, ha espresso preoccupazione riguardo alla situazione della strada silvo pastorale della val Fiorentina, colpita da una colata detritica dal Pelmo. Dopo l&#8217;ordinanza di chiusura, la ditta Sevis \u00e8 stata incaricata dei lavori di sgombero, ma al momento tutto \u00e8 fermo.<\/p>\n<p>Sala sottolinea l&#8217;importanza di intervenire prima del gelo e promette di sollecitare la ditta. I gestori del rifugio Citt\u00e0 di Fiume attendono la riapertura della strada, mentre i lavori al tetto proseguono nonostante i disagi. Il sindaco prevede eventuali problemi di parcheggio per i turisti e mantiene il divieto fino a garantire la sicurezza del sentiero. La situazione coinvolge anche la Regola di San Vito, proprietaria del terreno.<\/p>\n<p>&nbsp;<\/p>\n<hr \/>\n<p>&nbsp;<\/p>\n<div class=\"group w-full text-token-text-primary border-b border-black\/10 gizmo:border-0 dark:border-gray-900\/50 gizmo:dark:border-0 bg-gray-50 gizmo:bg-transparent dark:bg-[#444654] gizmo:dark:bg-transparent\" data-testid=\"conversation-turn-7\">\n<div class=\"p-4 gizmo:py-2 justify-center text-base md:gap-6 md:py-6 m-auto\">\n<div class=\"flex flex-1 gap-4 text-base mx-auto md:gap-6 gizmo:gap-3 gizmo:md:px-5 gizmo:lg:px-1 gizmo:xl:px-5 md:max-w-2xl lg:max-w-[38rem] gizmo:md:max-w-3xl gizmo:lg:max-w-[40rem] gizmo:xl:max-w-[48rem] xl:max-w-3xl }\">\n<div class=\"relative flex w-[calc(100%-50px)] flex-col gizmo:w-full lg:w-[calc(100%-115px)] agent-turn\">\n<div class=\"flex-col gap-1 md:gap-3\">\n<div class=\"flex flex-grow flex-col max-w-full gap-3 gizmo:gap-0\">\n<div class=\"min-h-[20px] text-message peer flex flex-col items-start gap-3 whitespace-pre-wrap break-words peer-[.text-message]:mt-5 overflow-x-auto\" data-message-author-role=\"assistant\" data-message-id=\"9ec17be3-549a-4e08-869c-b1599ff3de0a\">\n<div class=\"markdown prose w-full break-words dark:prose-invert dark\">\n<blockquote>\n<h2>Condannato a 4 anni e 2 mesi per estorsione a danno di prete nel Feltrino.<\/h2>\n<\/blockquote>\n<\/div>\n<\/div>\n<\/div>\n<div class=\"flex justify-between empty:hidden gizmo:justify-start gizmo:gap-3 lg:block gizmo:lg:flex\">\n<div class=\"text-gray-400 flex self-end lg:self-center justify-center gizmo:lg:justify-start mt-2 gizmo:mt-0 visible lg:gap-1 lg:absolute lg:top-0 lg:translate-x-full lg:right-0 lg:mt-0 lg:pl-2 gap-2 md:gap-3\"><strong>FELTRE<\/strong> Un uomo di 33 anni, Bajram Zivolji, \u00e8 stato condannato a 4 anni e 2 mesi per estorsione nei confronti di un anziano prete nel Feltrino. Nel 2019, Zivolji aveva chiesto aiuto economico al prete, affermando di trovarsi in difficolt\u00e0. Dopo aver ricevuto denaro e versamenti su una carta Postepay per alcuni mesi, ha minacciato il prete di diffamazione, costringendolo a continuare i pagamenti. I versamenti complessivi sono stati di oltre 36 mila euro. Durante il processo, la difesa ha sostenuto che il prete agisse liberamente, mentre l&#8217;accusa aveva chiesto una condanna di 7 anni e mezzo. La difesa ha ottenuto l&#8217;applicazione di attenuanti generiche e valuter\u00e0 un eventuale appello.<\/div>\n<\/div>\n<\/div>\n<\/div>\n<\/div>\n<\/div>\n<\/div>\n<p>&nbsp;<\/p>\n<p>&nbsp;<\/p>\n<hr \/>\n<p>&nbsp;<\/p>\n<blockquote>\n<h3>LA PRIMA AL TEATRO DINO BUZZATI: QUANDO LA MUSICA LEGA E SALVA GLI ANIMI, CASSETTA E I TALENTUOSI MUSICISTI<\/h3>\n<\/blockquote>\n<p><strong>DI BRUNELLA MORO<\/strong><\/p>\n<p><strong>BELLUNO<\/strong>\u00a0 Una serata all&#8217;insegna dell\u2019 emozione, ieri sera al teatro Comunale\u00a0 Dino Buzzati di Belluno. dove si \u00e8 svolto il tradizionale concerto di San Martino, realizzato dalla collaborazione tra l\u2019associazione Euritmus e il liceo musicale Renier .Un concerto sinfonico, composto da giovani musicisti diretti dal maestro Delio Cassetta . il primo evento culturale che il prestigioso luogo ospita col suo nuovo nome. Quattro ragazzi solisti, studenti meritevoli del liceo musicale Renier, si sono alternati nelle loro magistrali esibizioni accompagnati dall\u2019orchestra sinfonica delle Alpi. Giovani talenti. grandi promesse: Christopher Olivotto al pianoforte, Daniele Parizzi alla tromba, Roberta Quariglio al flauto e Theodor Florescu alla chitarra. Un regalo, per la nostra comunit\u00e0. La musica lega e salva gli animi.<\/p>\n<p><strong>AUDIO<\/strong><\/p>\n<audio class=\"wp-audio-shortcode\" id=\"audio-360470-1\" preload=\"none\" style=\"width: 100%;\" controls=\"controls\"><source type=\"audio\/mpeg\" src=\"https:\/\/www.radiopiu.net\/wordpress\/wp-content\/uploads\/2023\/11\/IERI-SERA-BELLUNO-BRUNELLA.mp3?_=1\" \/><a href=\"https:\/\/www.radiopiu.net\/wordpress\/wp-content\/uploads\/2023\/11\/IERI-SERA-BELLUNO-BRUNELLA.mp3\">https:\/\/www.radiopiu.net\/wordpress\/wp-content\/uploads\/2023\/11\/IERI-SERA-BELLUNO-BRUNELLA.mp3<\/a><\/audio>\n<p>&nbsp;<\/p>\n\n\t\t\t<style type='text\/css'>\n\t\t\t\t#gallery-2 {\n\t\t\t\t\tmargin: auto;\n\t\t\t\t}\n\t\t\t\t#gallery-2 .gallery-item {\n\t\t\t\t\tfloat: left;\n\t\t\t\t\tmargin-top: 10px;\n\t\t\t\t\ttext-align: center;\n\t\t\t\t\twidth: 33%;\n\t\t\t\t}\n\t\t\t\t#gallery-2 img {\n\t\t\t\t\tborder: 2px solid #cfcfcf;\n\t\t\t\t}\n\t\t\t\t#gallery-2 .gallery-caption {\n\t\t\t\t\tmargin-left: 0;\n\t\t\t\t}\n\t\t\t\t\/* see gallery_shortcode() in wp-includes\/media.php *\/\n\t\t\t<\/style>\n\t\t<div id='gallery-2' class='dt-gallery-container gallery galleryid-360470 gallery-columns-3 gallery-size-thumbnail'><dl class='gallery-item'>\n\t\t\t\t<dt class='gallery-icon portrait'>\n\t\t\t\t\t<a class=\"rollover rollover-zoom dt-pswp-item\" title=\"53fef897-9a71-403c-9e66-889f2f35b2be\" data-dt-img-description=\"\" data-large_image_width=\"707\" data-large_image_height=\"1024\"href='https:\/\/www.radiopiu.net\/wordpress\/wp-content\/uploads\/2023\/11\/53fef897-9a71-403c-9e66-889f2f35b2be.jpg'><img loading=\"lazy\" decoding=\"async\" width=\"150\" height=\"150\" src=\"https:\/\/www.radiopiu.net\/wordpress\/wp-content\/uploads\/2023\/11\/53fef897-9a71-403c-9e66-889f2f35b2be-150x150.jpg\" class=\"attachment-thumbnail size-thumbnail\" alt=\"\" \/><\/a>\n\t\t\t\t<\/dt><\/dl><dl class='gallery-item'>\n\t\t\t\t<dt class='gallery-icon portrait'>\n\t\t\t\t\t<a class=\"rollover rollover-zoom dt-pswp-item\" title=\"06dd35bf-8195-4ecd-a498-4d475e38cc68\" data-dt-img-description=\"\" data-large_image_width=\"631\" data-large_image_height=\"1024\"href='https:\/\/www.radiopiu.net\/wordpress\/wp-content\/uploads\/2023\/11\/06dd35bf-8195-4ecd-a498-4d475e38cc68.jpg'><img loading=\"lazy\" decoding=\"async\" width=\"150\" height=\"150\" src=\"https:\/\/www.radiopiu.net\/wordpress\/wp-content\/uploads\/2023\/11\/06dd35bf-8195-4ecd-a498-4d475e38cc68-150x150.jpg\" class=\"attachment-thumbnail size-thumbnail\" alt=\"\" \/><\/a>\n\t\t\t\t<\/dt><\/dl><dl class='gallery-item'>\n\t\t\t\t<dt class='gallery-icon portrait'>\n\t\t\t\t\t<a class=\"rollover rollover-zoom dt-pswp-item\" title=\"771a595c-49c7-41db-b0a2-f08154cb89bb\" data-dt-img-description=\"\" data-large_image_width=\"750\" data-large_image_height=\"850\"href='https:\/\/www.radiopiu.net\/wordpress\/wp-content\/uploads\/2023\/11\/771a595c-49c7-41db-b0a2-f08154cb89bb.jpg'><img loading=\"lazy\" decoding=\"async\" width=\"150\" height=\"150\" src=\"https:\/\/www.radiopiu.net\/wordpress\/wp-content\/uploads\/2023\/11\/771a595c-49c7-41db-b0a2-f08154cb89bb-150x150.jpg\" class=\"attachment-thumbnail size-thumbnail\" alt=\"\" \/><\/a>\n\t\t\t\t<\/dt><\/dl><br style=\"clear: both\" \/><dl class='gallery-item'>\n\t\t\t\t<dt class='gallery-icon portrait'>\n\t\t\t\t\t<a class=\"rollover rollover-zoom dt-pswp-item\" title=\"0c047cb6-3cfd-4a14-aecf-962733087523\" data-dt-img-description=\"\" data-large_image_width=\"750\" data-large_image_height=\"936\"href='https:\/\/www.radiopiu.net\/wordpress\/wp-content\/uploads\/2023\/11\/0c047cb6-3cfd-4a14-aecf-962733087523.jpg'><img loading=\"lazy\" decoding=\"async\" width=\"150\" height=\"150\" src=\"https:\/\/www.radiopiu.net\/wordpress\/wp-content\/uploads\/2023\/11\/0c047cb6-3cfd-4a14-aecf-962733087523-150x150.jpg\" class=\"attachment-thumbnail size-thumbnail\" alt=\"\" \/><\/a>\n\t\t\t\t<\/dt><\/dl><dl class='gallery-item'>\n\t\t\t\t<dt class='gallery-icon landscape'>\n\t\t\t\t\t<a class=\"rollover rollover-zoom dt-pswp-item\" title=\"d120af6d-d273-4ac4-941e-c0aeb59ab674\" data-dt-img-description=\"\" data-large_image_width=\"1024\" data-large_image_height=\"431\"href='https:\/\/www.radiopiu.net\/wordpress\/wp-content\/uploads\/2023\/11\/d120af6d-d273-4ac4-941e-c0aeb59ab674.jpg'><img loading=\"lazy\" decoding=\"async\" width=\"150\" height=\"150\" src=\"https:\/\/www.radiopiu.net\/wordpress\/wp-content\/uploads\/2023\/11\/d120af6d-d273-4ac4-941e-c0aeb59ab674-150x150.jpg\" class=\"attachment-thumbnail size-thumbnail\" alt=\"\" \/><\/a>\n\t\t\t\t<\/dt><\/dl><dl class='gallery-item'>\n\t\t\t\t<dt class='gallery-icon portrait'>\n\t\t\t\t\t<a class=\"rollover rollover-zoom dt-pswp-item\" title=\"Dino_Buzzati\" data-dt-img-description=\"\" data-large_image_width=\"250\" data-large_image_height=\"333\"href='https:\/\/www.radiopiu.net\/wordpress\/wp-content\/uploads\/2021\/08\/Dino_Buzzati.jpg'><img loading=\"lazy\" decoding=\"async\" width=\"150\" height=\"150\" src=\"https:\/\/www.radiopiu.net\/wordpress\/wp-content\/uploads\/2021\/08\/Dino_Buzzati-150x150.jpg\" class=\"attachment-thumbnail size-thumbnail\" alt=\"\" \/><\/a>\n\t\t\t\t<\/dt><\/dl><br style=\"clear: both\" \/>\n\t\t\t<\/div>\n\n<p>&nbsp;<\/p>\n<p>&nbsp;<\/p>\n<hr \/>\n<p>&nbsp;<\/p>\n<blockquote>\n<h3>CALENDARIO STORICO DELL\u2019ARMA DEI CARABINIERI 2024: L\u2019IMPEGNO QUOTIDIANO DELL\u2019ARMA IN FAVORE DELLE COMUNITA\u2019<\/h3>\n<\/blockquote>\n<p><strong><a class=\"dt-pswp-item\" href=\"https:\/\/www.radiopiu.net\/wordpress\/wp-content\/uploads\/2023\/11\/Calend-Carab-2024_ITA_ok_Pagina_01-scaled.jpg\" data-dt-img-description=\"\" data-large_image_width=\"1861\" data-large_image_height=\"2560\"><img loading=\"lazy\" decoding=\"async\" class=\" wp-image-360523 alignleft\" src=\"https:\/\/www.radiopiu.net\/wordpress\/wp-content\/uploads\/2023\/11\/Calend-Carab-2024_ITA_ok_Pagina_01-218x300.jpg\" alt=\"\" width=\"131\" height=\"180\" srcset=\"https:\/\/www.radiopiu.net\/wordpress\/wp-content\/uploads\/2023\/11\/Calend-Carab-2024_ITA_ok_Pagina_01-218x300.jpg 218w, https:\/\/www.radiopiu.net\/wordpress\/wp-content\/uploads\/2023\/11\/Calend-Carab-2024_ITA_ok_Pagina_01-744x1024.jpg 744w, https:\/\/www.radiopiu.net\/wordpress\/wp-content\/uploads\/2023\/11\/Calend-Carab-2024_ITA_ok_Pagina_01-768x1056.jpg 768w, https:\/\/www.radiopiu.net\/wordpress\/wp-content\/uploads\/2023\/11\/Calend-Carab-2024_ITA_ok_Pagina_01-1117x1536.jpg 1117w, https:\/\/www.radiopiu.net\/wordpress\/wp-content\/uploads\/2023\/11\/Calend-Carab-2024_ITA_ok_Pagina_01-1489x2048.jpg 1489w, https:\/\/www.radiopiu.net\/wordpress\/wp-content\/uploads\/2023\/11\/Calend-Carab-2024_ITA_ok_Pagina_01-scaled.jpg 1861w\" sizes=\"auto, (max-width: 131px) 100vw, 131px\" \/><\/a>BELLUNO<\/strong>Il Calendario storico dell&#8217;Arma dei Carabinieri celebra i 210 anni dell&#8217;Arma con 12 racconti, uno per ciascun mese, che mettono in luce il senso del dovere, il sacrificio silenzioso e il coraggio dei Carabinieri. Questi racconti rappresentano azioni legate all&#8217;altruismo, come il salvataggio in battaglia di Carlo Alberto e la consegna delle pensioni durante la pandemia. Il Calendario, curato da Massimo Gramellini e con tavole curate dallo studio di design Pininfarina, rappresenta un connubio di immagini e parole che esaltano l&#8217;umanit\u00e0 e il coraggio dei Carabinieri. Ogni pagina del Calendario trasmette il senso del dovere, la fedelt\u00e0 alla bandiera e l&#8217;amore per l&#8217;Italia che guida l&#8217;Arma dei Carabinieri. Una delle tavole del Calendario \u00e8 dedicata a una storia dell&#8217;Arma di Belluno, in cui una Carabiniere, Martina Pigliapoco, ha salvato una donna su un ponte. Il Calendario si propone di trasmettere un messaggio di rassicurazione sociale e di rafforzamento dei valori istituzionali dell&#8217;Arma dei Carabinieri.<\/p>\n<p><strong>IL CALENDARIO 2024<\/strong><\/p>\n\n\t\t\t<style type='text\/css'>\n\t\t\t\t#gallery-3 {\n\t\t\t\t\tmargin: auto;\n\t\t\t\t}\n\t\t\t\t#gallery-3 .gallery-item {\n\t\t\t\t\tfloat: left;\n\t\t\t\t\tmargin-top: 10px;\n\t\t\t\t\ttext-align: center;\n\t\t\t\t\twidth: 12%;\n\t\t\t\t}\n\t\t\t\t#gallery-3 img {\n\t\t\t\t\tborder: 2px solid #cfcfcf;\n\t\t\t\t}\n\t\t\t\t#gallery-3 .gallery-caption {\n\t\t\t\t\tmargin-left: 0;\n\t\t\t\t}\n\t\t\t\t\/* see gallery_shortcode() in wp-includes\/media.php *\/\n\t\t\t<\/style>\n\t\t<div id='gallery-3' class='dt-gallery-container gallery galleryid-360470 gallery-columns-8 gallery-size-thumbnail'><dl class='gallery-item'>\n\t\t\t\t<dt class='gallery-icon landscape'>\n\t\t\t\t\t<a class=\"rollover rollover-zoom dt-pswp-item\" title=\"Calend Carab 2024_ITA_ok_Pagina_02_03\" data-dt-img-description=\"\" data-large_image_width=\"2560\" data-large_image_height=\"1759\"href='https:\/\/www.radiopiu.net\/wordpress\/wp-content\/uploads\/2023\/11\/Calend-Carab-2024_ITA_ok_Pagina_02_03-scaled.jpg'><img loading=\"lazy\" decoding=\"async\" width=\"150\" height=\"150\" src=\"https:\/\/www.radiopiu.net\/wordpress\/wp-content\/uploads\/2023\/11\/Calend-Carab-2024_ITA_ok_Pagina_02_03-150x150.jpg\" class=\"attachment-thumbnail size-thumbnail\" alt=\"\" \/><\/a>\n\t\t\t\t<\/dt><\/dl><dl class='gallery-item'>\n\t\t\t\t<dt class='gallery-icon landscape'>\n\t\t\t\t\t<a class=\"rollover rollover-zoom dt-pswp-item\" title=\"Calend Carab 2024_ITA_ok_Pagina_04_05\" data-dt-img-description=\"\" data-large_image_width=\"2560\" data-large_image_height=\"1759\"href='https:\/\/www.radiopiu.net\/wordpress\/wp-content\/uploads\/2023\/11\/Calend-Carab-2024_ITA_ok_Pagina_04_05-scaled.jpg'><img loading=\"lazy\" decoding=\"async\" width=\"150\" height=\"150\" src=\"https:\/\/www.radiopiu.net\/wordpress\/wp-content\/uploads\/2023\/11\/Calend-Carab-2024_ITA_ok_Pagina_04_05-150x150.jpg\" class=\"attachment-thumbnail size-thumbnail\" alt=\"\" \/><\/a>\n\t\t\t\t<\/dt><\/dl><dl class='gallery-item'>\n\t\t\t\t<dt class='gallery-icon landscape'>\n\t\t\t\t\t<a class=\"rollover rollover-zoom dt-pswp-item\" title=\"Calend Carab 2024_ITA_ok_Pagina_06_07\" data-dt-img-description=\"\" data-large_image_width=\"2560\" data-large_image_height=\"1759\"href='https:\/\/www.radiopiu.net\/wordpress\/wp-content\/uploads\/2023\/11\/Calend-Carab-2024_ITA_ok_Pagina_06_07-scaled.jpg'><img loading=\"lazy\" decoding=\"async\" width=\"150\" height=\"150\" src=\"https:\/\/www.radiopiu.net\/wordpress\/wp-content\/uploads\/2023\/11\/Calend-Carab-2024_ITA_ok_Pagina_06_07-150x150.jpg\" class=\"attachment-thumbnail size-thumbnail\" alt=\"\" \/><\/a>\n\t\t\t\t<\/dt><\/dl><dl class='gallery-item'>\n\t\t\t\t<dt class='gallery-icon landscape'>\n\t\t\t\t\t<a class=\"rollover rollover-zoom dt-pswp-item\" title=\"Calend Carab 2024_ITA_ok_Pagina_08_09\" data-dt-img-description=\"\" data-large_image_width=\"2560\" data-large_image_height=\"1759\"href='https:\/\/www.radiopiu.net\/wordpress\/wp-content\/uploads\/2023\/11\/Calend-Carab-2024_ITA_ok_Pagina_08_09-scaled.jpg'><img loading=\"lazy\" decoding=\"async\" width=\"150\" height=\"150\" src=\"https:\/\/www.radiopiu.net\/wordpress\/wp-content\/uploads\/2023\/11\/Calend-Carab-2024_ITA_ok_Pagina_08_09-150x150.jpg\" class=\"attachment-thumbnail size-thumbnail\" alt=\"\" \/><\/a>\n\t\t\t\t<\/dt><\/dl><dl class='gallery-item'>\n\t\t\t\t<dt class='gallery-icon landscape'>\n\t\t\t\t\t<a class=\"rollover rollover-zoom dt-pswp-item\" title=\"Calend Carab 2024_ITA_ok_Pagina_10_11\" data-dt-img-description=\"\" data-large_image_width=\"2560\" data-large_image_height=\"1759\"href='https:\/\/www.radiopiu.net\/wordpress\/wp-content\/uploads\/2023\/11\/Calend-Carab-2024_ITA_ok_Pagina_10_11-scaled.jpg'><img loading=\"lazy\" decoding=\"async\" width=\"150\" height=\"150\" src=\"https:\/\/www.radiopiu.net\/wordpress\/wp-content\/uploads\/2023\/11\/Calend-Carab-2024_ITA_ok_Pagina_10_11-150x150.jpg\" class=\"attachment-thumbnail size-thumbnail\" alt=\"\" \/><\/a>\n\t\t\t\t<\/dt><\/dl><dl class='gallery-item'>\n\t\t\t\t<dt class='gallery-icon landscape'>\n\t\t\t\t\t<a class=\"rollover rollover-zoom dt-pswp-item\" title=\"Calend Carab 2024_ITA_ok_Pagina_12_13\" data-dt-img-description=\"\" data-large_image_width=\"2560\" data-large_image_height=\"1759\"href='https:\/\/www.radiopiu.net\/wordpress\/wp-content\/uploads\/2023\/11\/Calend-Carab-2024_ITA_ok_Pagina_12_13-scaled.jpg'><img loading=\"lazy\" decoding=\"async\" width=\"150\" height=\"150\" src=\"https:\/\/www.radiopiu.net\/wordpress\/wp-content\/uploads\/2023\/11\/Calend-Carab-2024_ITA_ok_Pagina_12_13-150x150.jpg\" class=\"attachment-thumbnail size-thumbnail\" alt=\"\" \/><\/a>\n\t\t\t\t<\/dt><\/dl><dl class='gallery-item'>\n\t\t\t\t<dt class='gallery-icon landscape'>\n\t\t\t\t\t<a class=\"rollover rollover-zoom dt-pswp-item\" title=\"Calend Carab 2024_ITA_ok_Pagina_14_15\" data-dt-img-description=\"\" data-large_image_width=\"2560\" data-large_image_height=\"1759\"href='https:\/\/www.radiopiu.net\/wordpress\/wp-content\/uploads\/2023\/11\/Calend-Carab-2024_ITA_ok_Pagina_14_15-scaled.jpg'><img loading=\"lazy\" decoding=\"async\" width=\"150\" height=\"150\" src=\"https:\/\/www.radiopiu.net\/wordpress\/wp-content\/uploads\/2023\/11\/Calend-Carab-2024_ITA_ok_Pagina_14_15-150x150.jpg\" class=\"attachment-thumbnail size-thumbnail\" alt=\"\" \/><\/a>\n\t\t\t\t<\/dt><\/dl><dl class='gallery-item'>\n\t\t\t\t<dt class='gallery-icon landscape'>\n\t\t\t\t\t<a class=\"rollover rollover-zoom dt-pswp-item\" title=\"Calend Carab 2024_ITA_ok_Pagina_16_17\" data-dt-img-description=\"\" data-large_image_width=\"2560\" data-large_image_height=\"1761\"href='https:\/\/www.radiopiu.net\/wordpress\/wp-content\/uploads\/2023\/11\/Calend-Carab-2024_ITA_ok_Pagina_16_17-scaled.jpg'><img loading=\"lazy\" decoding=\"async\" width=\"150\" height=\"150\" src=\"https:\/\/www.radiopiu.net\/wordpress\/wp-content\/uploads\/2023\/11\/Calend-Carab-2024_ITA_ok_Pagina_16_17-150x150.jpg\" class=\"attachment-thumbnail size-thumbnail\" alt=\"\" \/><\/a>\n\t\t\t\t<\/dt><\/dl><br style=\"clear: both\" \/><dl class='gallery-item'>\n\t\t\t\t<dt class='gallery-icon landscape'>\n\t\t\t\t\t<a class=\"rollover rollover-zoom dt-pswp-item\" title=\"Calend Carab 2024_ITA_ok_Pagina_18_19\" data-dt-img-description=\"\" data-large_image_width=\"2560\" data-large_image_height=\"1760\"href='https:\/\/www.radiopiu.net\/wordpress\/wp-content\/uploads\/2023\/11\/Calend-Carab-2024_ITA_ok_Pagina_18_19-scaled.jpg'><img loading=\"lazy\" decoding=\"async\" width=\"150\" height=\"150\" src=\"https:\/\/www.radiopiu.net\/wordpress\/wp-content\/uploads\/2023\/11\/Calend-Carab-2024_ITA_ok_Pagina_18_19-150x150.jpg\" class=\"attachment-thumbnail size-thumbnail\" alt=\"\" \/><\/a>\n\t\t\t\t<\/dt><\/dl><dl class='gallery-item'>\n\t\t\t\t<dt class='gallery-icon landscape'>\n\t\t\t\t\t<a class=\"rollover rollover-zoom dt-pswp-item\" title=\"Calend Carab 2024_ITA_ok_Pagina_20_21\" data-dt-img-description=\"\" data-large_image_width=\"2560\" data-large_image_height=\"1759\"href='https:\/\/www.radiopiu.net\/wordpress\/wp-content\/uploads\/2023\/11\/Calend-Carab-2024_ITA_ok_Pagina_20_21-scaled.jpg'><img loading=\"lazy\" decoding=\"async\" width=\"150\" height=\"150\" src=\"https:\/\/www.radiopiu.net\/wordpress\/wp-content\/uploads\/2023\/11\/Calend-Carab-2024_ITA_ok_Pagina_20_21-150x150.jpg\" class=\"attachment-thumbnail size-thumbnail\" alt=\"\" \/><\/a>\n\t\t\t\t<\/dt><\/dl><dl class='gallery-item'>\n\t\t\t\t<dt class='gallery-icon landscape'>\n\t\t\t\t\t<a class=\"rollover rollover-zoom dt-pswp-item\" title=\"Calend Carab 2024_ITA_ok_Pagina_22_23\" data-dt-img-description=\"\" data-large_image_width=\"2560\" data-large_image_height=\"1759\"href='https:\/\/www.radiopiu.net\/wordpress\/wp-content\/uploads\/2023\/11\/Calend-Carab-2024_ITA_ok_Pagina_22_23-scaled.jpg'><img loading=\"lazy\" decoding=\"async\" width=\"150\" height=\"150\" src=\"https:\/\/www.radiopiu.net\/wordpress\/wp-content\/uploads\/2023\/11\/Calend-Carab-2024_ITA_ok_Pagina_22_23-150x150.jpg\" class=\"attachment-thumbnail size-thumbnail\" alt=\"\" \/><\/a>\n\t\t\t\t<\/dt><\/dl><dl class='gallery-item'>\n\t\t\t\t<dt class='gallery-icon landscape'>\n\t\t\t\t\t<a class=\"rollover rollover-zoom dt-pswp-item\" title=\"Calend Carab 2024_ITA_ok_Pagina_24_25\" data-dt-img-description=\"\" data-large_image_width=\"2560\" data-large_image_height=\"1759\"href='https:\/\/www.radiopiu.net\/wordpress\/wp-content\/uploads\/2023\/11\/Calend-Carab-2024_ITA_ok_Pagina_24_25-scaled.jpg'><img loading=\"lazy\" decoding=\"async\" width=\"150\" height=\"150\" src=\"https:\/\/www.radiopiu.net\/wordpress\/wp-content\/uploads\/2023\/11\/Calend-Carab-2024_ITA_ok_Pagina_24_25-150x150.jpg\" class=\"attachment-thumbnail size-thumbnail\" alt=\"\" \/><\/a>\n\t\t\t\t<\/dt><\/dl><dl class='gallery-item'>\n\t\t\t\t<dt class='gallery-icon landscape'>\n\t\t\t\t\t<a class=\"rollover rollover-zoom dt-pswp-item\" title=\"Calend Carab 2024_ITA_ok_Pagina_26_27\" data-dt-img-description=\"\" data-large_image_width=\"2560\" data-large_image_height=\"1760\"href='https:\/\/www.radiopiu.net\/wordpress\/wp-content\/uploads\/2023\/11\/Calend-Carab-2024_ITA_ok_Pagina_26_27-scaled.jpg'><img loading=\"lazy\" decoding=\"async\" width=\"150\" height=\"150\" src=\"https:\/\/www.radiopiu.net\/wordpress\/wp-content\/uploads\/2023\/11\/Calend-Carab-2024_ITA_ok_Pagina_26_27-150x150.jpg\" class=\"attachment-thumbnail size-thumbnail\" alt=\"\" \/><\/a>\n\t\t\t\t<\/dt><\/dl><dl class='gallery-item'>\n\t\t\t\t<dt class='gallery-icon landscape'>\n\t\t\t\t\t<a class=\"rollover rollover-zoom dt-pswp-item\" title=\"Calend Carab 2024_ITA_ok_Pagina_28_29\" data-dt-img-description=\"\" data-large_image_width=\"2560\" data-large_image_height=\"1759\"href='https:\/\/www.radiopiu.net\/wordpress\/wp-content\/uploads\/2023\/11\/Calend-Carab-2024_ITA_ok_Pagina_28_29-scaled.jpg'><img loading=\"lazy\" decoding=\"async\" width=\"150\" height=\"150\" src=\"https:\/\/www.radiopiu.net\/wordpress\/wp-content\/uploads\/2023\/11\/Calend-Carab-2024_ITA_ok_Pagina_28_29-150x150.jpg\" class=\"attachment-thumbnail size-thumbnail\" alt=\"\" \/><\/a>\n\t\t\t\t<\/dt><\/dl><dl class='gallery-item'>\n\t\t\t\t<dt class='gallery-icon landscape'>\n\t\t\t\t\t<a class=\"rollover rollover-zoom dt-pswp-item\" title=\"Calend Carab 2024_ITA_ok_Pagina_30_31\" data-dt-img-description=\"\" data-large_image_width=\"2560\" data-large_image_height=\"1759\"href='https:\/\/www.radiopiu.net\/wordpress\/wp-content\/uploads\/2023\/11\/Calend-Carab-2024_ITA_ok_Pagina_30_31-scaled.jpg'><img loading=\"lazy\" decoding=\"async\" width=\"150\" height=\"150\" src=\"https:\/\/www.radiopiu.net\/wordpress\/wp-content\/uploads\/2023\/11\/Calend-Carab-2024_ITA_ok_Pagina_30_31-150x150.jpg\" class=\"attachment-thumbnail size-thumbnail\" alt=\"\" \/><\/a>\n\t\t\t\t<\/dt><\/dl><dl class='gallery-item'>\n\t\t\t\t<dt class='gallery-icon portrait'>\n\t\t\t\t\t<a class=\"rollover rollover-zoom dt-pswp-item\" title=\"Calend Carab 2024_ITA_ok_Pagina_32\" data-dt-img-description=\"\" data-large_image_width=\"1861\" data-large_image_height=\"2560\"href='https:\/\/www.radiopiu.net\/wordpress\/wp-content\/uploads\/2023\/11\/Calend-Carab-2024_ITA_ok_Pagina_32-scaled.jpg'><img loading=\"lazy\" decoding=\"async\" width=\"150\" height=\"150\" src=\"https:\/\/www.radiopiu.net\/wordpress\/wp-content\/uploads\/2023\/11\/Calend-Carab-2024_ITA_ok_Pagina_32-150x150.jpg\" class=\"attachment-thumbnail size-thumbnail\" alt=\"\" \/><\/a>\n\t\t\t\t<\/dt><\/dl><br style=\"clear: both\" \/>\n\t\t\t<\/div>\n\n<p>&nbsp;<\/p>\n<p>&nbsp;<\/p>\n<hr \/>\n<p>&nbsp;<\/p>\n<p>&nbsp;<\/p>\n<blockquote>\n<h3>INTERVENTO DI RECUPERO E CONSOLIDAMENTO DELLA PASSERELLA CICLOPEDONALE SUL TORRENTE CAORAME IN LOCALITA&#8217; PONT<\/h3>\n<\/blockquote>\n<p><strong>FELTRE<\/strong> L&#8217;Amministrazione comunale di Feltre ha approvato una delibera per finanziare il ripristino della passerella ciclopedonale sul torrente Caorame a Pont, che \u00e8 stata resa inutilizzabile a causa di danni causati da eventi atmosferici. Questa passerella faceva parte di un progetto denominato &#8220;Valorizzazione Turistica del Territorio Feltrino&#8221; finanziato con fondi nel 2011. Tuttavia, a causa di una piena del fiume Caorame legata alla tempesta Vaia tra ottobre e novembre 2018, la passerella ha subito danni strutturali significativi. Attualmente, la passerella non \u00e8 utilizzabile e l&#8217;interruzione del percorso ciclabile tra Busche e Feltre \u00e8 un problema. L&#8217;intervento di ripristino richiede un finanziamento complessivo di 250.000 euro.<\/p>\n<p><strong>ANDREA BONA, ASSESSORE DEL COMUNE DI FELTRE<\/strong><\/p>\n<audio class=\"wp-audio-shortcode\" id=\"audio-360470-2\" preload=\"none\" style=\"width: 100%;\" controls=\"controls\"><source type=\"audio\/mpeg\" src=\"https:\/\/www.radiopiu.net\/wordpress\/wp-content\/uploads\/2023\/11\/Audio-ass.-Bona-su-passerella-Caorame.mp3?_=2\" \/><a href=\"https:\/\/www.radiopiu.net\/wordpress\/wp-content\/uploads\/2023\/11\/Audio-ass.-Bona-su-passerella-Caorame.mp3\">https:\/\/www.radiopiu.net\/wordpress\/wp-content\/uploads\/2023\/11\/Audio-ass.-Bona-su-passerella-Caorame.mp3<\/a><\/audio>\n<p>&nbsp;<\/p>\n\n\t\t\t<style type='text\/css'>\n\t\t\t\t#gallery-4 {\n\t\t\t\t\tmargin: auto;\n\t\t\t\t}\n\t\t\t\t#gallery-4 .gallery-item {\n\t\t\t\t\tfloat: left;\n\t\t\t\t\tmargin-top: 10px;\n\t\t\t\t\ttext-align: center;\n\t\t\t\t\twidth: 50%;\n\t\t\t\t}\n\t\t\t\t#gallery-4 img {\n\t\t\t\t\tborder: 2px solid #cfcfcf;\n\t\t\t\t}\n\t\t\t\t#gallery-4 .gallery-caption {\n\t\t\t\t\tmargin-left: 0;\n\t\t\t\t}\n\t\t\t\t\/* see gallery_shortcode() in wp-includes\/media.php *\/\n\t\t\t<\/style>\n\t\t<div id='gallery-4' class='dt-gallery-container gallery galleryid-360470 gallery-columns-2 gallery-size-medium'><dl class='gallery-item'>\n\t\t\t\t<dt class='gallery-icon landscape'>\n\t\t\t\t\t<a class=\"rollover rollover-zoom dt-pswp-item\" title=\"Passerella Caorame 1\" data-dt-img-description=\"\" data-large_image_width=\"1920\" data-large_image_height=\"1080\"href='https:\/\/www.radiopiu.net\/wordpress\/wp-content\/uploads\/2023\/11\/Passerella-Caorame-1.jpg'><img loading=\"lazy\" decoding=\"async\" width=\"300\" height=\"169\" src=\"https:\/\/www.radiopiu.net\/wordpress\/wp-content\/uploads\/2023\/11\/Passerella-Caorame-1-300x169.jpg\" class=\"attachment-medium size-medium\" alt=\"\" srcset=\"https:\/\/www.radiopiu.net\/wordpress\/wp-content\/uploads\/2023\/11\/Passerella-Caorame-1-300x169.jpg 300w, https:\/\/www.radiopiu.net\/wordpress\/wp-content\/uploads\/2023\/11\/Passerella-Caorame-1-1024x576.jpg 1024w, https:\/\/www.radiopiu.net\/wordpress\/wp-content\/uploads\/2023\/11\/Passerella-Caorame-1-768x432.jpg 768w, https:\/\/www.radiopiu.net\/wordpress\/wp-content\/uploads\/2023\/11\/Passerella-Caorame-1-1536x864.jpg 1536w, https:\/\/www.radiopiu.net\/wordpress\/wp-content\/uploads\/2023\/11\/Passerella-Caorame-1.jpg 1920w\" sizes=\"auto, (max-width: 300px) 100vw, 300px\" \/><\/a>\n\t\t\t\t<\/dt><\/dl><dl class='gallery-item'>\n\t\t\t\t<dt class='gallery-icon landscape'>\n\t\t\t\t\t<a class=\"rollover rollover-zoom dt-pswp-item\" title=\"Passerella Caorame 2\" data-dt-img-description=\"\" data-large_image_width=\"1920\" data-large_image_height=\"1080\"href='https:\/\/www.radiopiu.net\/wordpress\/wp-content\/uploads\/2023\/11\/Passerella-Caorame-2.jpg'><img loading=\"lazy\" decoding=\"async\" width=\"300\" height=\"169\" src=\"https:\/\/www.radiopiu.net\/wordpress\/wp-content\/uploads\/2023\/11\/Passerella-Caorame-2-300x169.jpg\" class=\"attachment-medium size-medium\" alt=\"\" srcset=\"https:\/\/www.radiopiu.net\/wordpress\/wp-content\/uploads\/2023\/11\/Passerella-Caorame-2-300x169.jpg 300w, https:\/\/www.radiopiu.net\/wordpress\/wp-content\/uploads\/2023\/11\/Passerella-Caorame-2-1024x576.jpg 1024w, https:\/\/www.radiopiu.net\/wordpress\/wp-content\/uploads\/2023\/11\/Passerella-Caorame-2-768x432.jpg 768w, https:\/\/www.radiopiu.net\/wordpress\/wp-content\/uploads\/2023\/11\/Passerella-Caorame-2-1536x864.jpg 1536w, https:\/\/www.radiopiu.net\/wordpress\/wp-content\/uploads\/2023\/11\/Passerella-Caorame-2.jpg 1920w\" sizes=\"auto, (max-width: 300px) 100vw, 300px\" \/><\/a>\n\t\t\t\t<\/dt><\/dl><br style=\"clear: both\" \/>\n\t\t\t<\/div>\n\n<p>&nbsp;<\/p>\n<hr \/>\n<p>&nbsp;<\/p>\n<p>&nbsp;<\/p>\n<p>&nbsp;<\/p>\n<blockquote>\n<h2>400 MILA EURO PER CARACOI AGOIN E CARACOI CIMAI, INTERVIENE LA PROVINCIA<\/h2>\n<\/blockquote>\n<blockquote><p><em><img decoding=\"async\" src=\"https:\/\/www.radiopiu.net\/wordpress\/wp-content\/uploads\/2023\/11\/371541726_1842862689461893_3325287545339803027_n.jpg\" \/><\/em><\/p>\n<p><em>Approvato dal consiglio provinciale il finanziamento da oltre 400mila euro per la messa in sicurezza della strada di accesso alle frazioni Caracoi Agoin e Caracoi Cimai in Comune di Rocca Pietore, compromessa da una frana a fine agosto.<\/em><\/p><\/blockquote>\n<p><strong>DA BELLUNO<\/strong><\/p>\n<p><strong>DANIELE DALVIT<\/strong><\/p>\n<audio class=\"wp-audio-shortcode\" id=\"audio-360470-3\" preload=\"none\" style=\"width: 100%;\" controls=\"controls\"><source type=\"audio\/mpeg\" src=\"https:\/\/www.radiopiu.net\/wordpress\/wp-content\/uploads\/2023\/11\/Radio-Piu-Servizio-Intervento-provincia-Rocca-Pietore.mp3?_=3\" \/><a href=\"https:\/\/www.radiopiu.net\/wordpress\/wp-content\/uploads\/2023\/11\/Radio-Piu-Servizio-Intervento-provincia-Rocca-Pietore.mp3\">https:\/\/www.radiopiu.net\/wordpress\/wp-content\/uploads\/2023\/11\/Radio-Piu-Servizio-Intervento-provincia-Rocca-Pietore.mp3<\/a><\/audio>\n<p>&nbsp;<\/p>\n<hr \/>\n<p>&nbsp;<\/p>\n<blockquote>\n<h2>MENO 2 ML SUL BILANCIO PREVISIONALE E SUI CONTI IN CONSIGLIO SI SFIORA LA RISSA<\/h2>\n<\/blockquote>\n<p>BELLUNO Ieri sera dal TG BELLUNESE di ANTENNA 3 in onda alle 19.30 sul canale 10 del digitale terrestre. Alle 19 le anticipazioni alla radio<\/p>\n<p><span style=\"color: #ff0000;\"><strong>DI TIZIANA BOLOGNANI<br \/>\n<\/strong><\/span>Intervista al sindaco, Oscar De Pellegrin<\/p>\n<p><iframe loading=\"lazy\" title=\"MENO 2 ML SUL BILANCIO PREVISIONALE E SUI CONTI IN CONSIGLIO SI SFIORA LA RISSA | 08\/11\/2023\" width=\"1200\" height=\"675\" src=\"https:\/\/www.youtube.com\/embed\/-KFBHzNmyeU?start=72&#038;feature=oembed\" frameborder=\"0\" allow=\"accelerometer; autoplay; clipboard-write; encrypted-media; gyroscope; picture-in-picture; web-share\" allowfullscreen><\/iframe><\/p>\n<p>&nbsp;<\/p>\n<p>&nbsp;<\/p>\n<hr \/>\n<blockquote>\n<h3>DE BERNARDIN: &#8220;GLI ANIMALISTI DA TASTIERA, COSA DICONO DEGLI OLTRE 700 OVINI UCCISI IN 4 ANNI IN ALPAGO?&#8221;<\/h3>\n<\/blockquote>\n<p><strong><img loading=\"lazy\" decoding=\"async\" class=\"alignleft\" src=\"https:\/\/www.radiopiu.net\/wordpress\/wp-content\/uploads\/2023\/11\/wolf-in-sheeps-clothing-2577813_640.jpg\" width=\"163\" height=\"101\" \/>BELLUNO<\/strong> <em>&#8220;I selvatici devono fare i selvatici, la cattiva gestione porta solo ad una cattiva convivenza, contro natura\u201d<\/em>. Sono le parole del segretario provinciale della Lega \u2013 Liga Veneta Andrea De Bernardin in merito al tema lupi e gestione sul territorio. Il 90% degli ovini uccisi negli ultimi 4 anni sono in Alpago, oltre 700 capi . Quali le soluzioni? De Bernardin: &#8220;Controllo di tipo venatorio della specie, come avviene in Austria e in Slovenia. Due Paesi dove, non a caso, la convivenza \u00e8 tranquilla e pacifica\u201d. \u201cChi si preoccupa tanto di &#8220;Bambotto&#8221; (il cervo di oltre 150 chili, dalle corna enormi, al quale per anni gli abitanti di San Tomaso davano da mangiare nel giardino di casa quando non proprio in casa) o chi si preoccupa dei lupi, dovrebbe pensare alle centinaia di pecore, asini, agnelli uccisi dal grande predatore&#8221;<em> in questi anni \u2013 conclude il segretario -. Il lupo deve essere indotto a stare nei boschi, lontano dall\u2019ambiente umano e se servono metodi duri non dobbiamo vietarli a prescindere e inorridire per buonismo. A me, personalmente, fanno inorridire le foto che ormai quotidianamente si vedono di povere bestie sbranate e ridotte a brandelli da branchi di lupi ai quali non sono riuscite a fuggire&#8221;.\u00a0<\/em><\/p>\n<p>&nbsp;<\/p>\n<p><strong><a class=\"dt-pswp-item\" href=\"https:\/\/www.radiopiu.net\/wordpress\/wp-content\/uploads\/2021\/03\/ANDREA-DE-BERNARDIN.jpg\" data-dt-img-description=\"andrea de bernardin\" data-large_image_width=\"960\" data-large_image_height=\"540\"><img loading=\"lazy\" decoding=\"async\" class=\" wp-image-195558 alignleft\" src=\"https:\/\/www.radiopiu.net\/wordpress\/wp-content\/uploads\/2021\/03\/ANDREA-DE-BERNARDIN-300x169.jpg\" alt=\"\" width=\"234\" height=\"132\" srcset=\"https:\/\/www.radiopiu.net\/wordpress\/wp-content\/uploads\/2021\/03\/ANDREA-DE-BERNARDIN-300x169.jpg 300w, https:\/\/www.radiopiu.net\/wordpress\/wp-content\/uploads\/2021\/03\/ANDREA-DE-BERNARDIN-768x432.jpg 768w, https:\/\/www.radiopiu.net\/wordpress\/wp-content\/uploads\/2021\/03\/ANDREA-DE-BERNARDIN.jpg 960w\" sizes=\"auto, (max-width: 234px) 100vw, 234px\" \/><\/a>IL SEGRETARIO DELLA LEGA NORD DI BELLUNO\u00a0 ANDREA DE BERNARDIN<\/strong><\/p>\n<blockquote><p><em>&#8220;La situazione al momento \u00e8 leggermente fuori controllo, perci\u00f2 invito a usare meno buonismo e pi\u00f9 pragmatismo\u201d\u00a0<\/em><\/p><\/blockquote>\n<audio class=\"wp-audio-shortcode\" id=\"audio-360470-4\" preload=\"none\" style=\"width: 100%;\" controls=\"controls\"><source type=\"audio\/mpeg\" src=\"https:\/\/www.radiopiu.net\/wordpress\/wp-content\/uploads\/2023\/11\/ANDREA.mp3?_=4\" \/><a href=\"https:\/\/www.radiopiu.net\/wordpress\/wp-content\/uploads\/2023\/11\/ANDREA.mp3\">https:\/\/www.radiopiu.net\/wordpress\/wp-content\/uploads\/2023\/11\/ANDREA.mp3<\/a><\/audio>\n<p>&nbsp;<\/p>\n<p>&nbsp;<\/p>\n<hr \/>\n<p><strong>\u00a0<\/strong><\/p>\n<blockquote>\n<h1><strong><a class=\"dt-pswp-item\" href=\"https:\/\/www.radiopiu.net\/wordpress\/wp-content\/uploads\/2023\/10\/CODOLE.jpg\" data-dt-img-description=\"\" data-large_image_width=\"1318\" data-large_image_height=\"763\"><img loading=\"lazy\" decoding=\"async\" class=\"wp-image-358744 alignleft\" src=\"https:\/\/www.radiopiu.net\/wordpress\/wp-content\/uploads\/2023\/10\/CODOLE-300x174.jpg\" alt=\"\" width=\"150\" height=\"87\" srcset=\"https:\/\/www.radiopiu.net\/wordpress\/wp-content\/uploads\/2023\/10\/CODOLE-300x174.jpg 300w, https:\/\/www.radiopiu.net\/wordpress\/wp-content\/uploads\/2023\/10\/CODOLE-1024x593.jpg 1024w, https:\/\/www.radiopiu.net\/wordpress\/wp-content\/uploads\/2023\/10\/CODOLE-768x445.jpg 768w, https:\/\/www.radiopiu.net\/wordpress\/wp-content\/uploads\/2023\/10\/CODOLE.jpg 1318w\" sizes=\"auto, (max-width: 150px) 100vw, 150px\" \/><\/a>&#8220;Golosaria&#8221; Celebra l&#8217;Eccellenza: 14 Ristoranti Bellunesi Premiati\u00a0<\/strong><\/h1>\n<p><em>Il ristorante Alle Codole sottolinea che il premio \u00e8 un motivo di grande soddisfazione in un anno gi\u00e0 ricco di successi. Un riconoscimento che conferma l&#8217;eccellenza gastronomica della provincia di Belluno e la capacit\u00e0 dei suoi chef di offrire esperienze culinarie indimenticabili.<\/em><\/p><\/blockquote>\n<p><strong><a class=\"dt-pswp-item\" href=\"https:\/\/www.radiopiu.net\/wordpress\/wp-content\/uploads\/2023\/10\/ALLE-CODOLE-300x225-1.jpg\" data-dt-img-description=\"\" data-large_image_width=\"300\" data-large_image_height=\"225\"><img loading=\"lazy\" decoding=\"async\" class=\" wp-image-357257 alignleft\" src=\"https:\/\/www.radiopiu.net\/wordpress\/wp-content\/uploads\/2023\/10\/ALLE-CODOLE-300x225-1.jpg\" alt=\"\" width=\"215\" height=\"161\" \/><\/a>REDAZIONE<\/strong> La fiera Golosaria, tenutasi a Milano, ha conferito il prestigioso riconoscimento &#8220;Il golosario ristoranti del Gatti Massobrio&#8221; a 14 ristoranti della provincia di Belluno. Questi locali, sia storici che emergenti, sono stati elogiati per la qualit\u00e0 della cucina, la selezione dei vini, il servizio impeccabile e la capacit\u00e0 di reinterpretare la tradizione attraverso piatti raffinati e curati.<\/p>\n<div class=\"flex-1 overflow-hidden\">\n<div class=\"react-scroll-to-bottom--css-ctuhd-79elbk h-full\">\n<div class=\"react-scroll-to-bottom--css-ctuhd-1n7m0yu\">\n<div class=\"flex flex-col text-sm gizmo:pb-9 dark:bg-gray-800 gizmo:dark:bg-transparent\">\n<div class=\"group w-full text-token-text-primary border-b border-black\/10 gizmo:border-0 dark:border-gray-900\/50 gizmo:dark:border-0 bg-gray-50 gizmo:bg-transparent dark:bg-[#444654] gizmo:dark:bg-transparent\" data-testid=\"conversation-turn-7\">\n<div class=\"p-4 gizmo:py-2 justify-center text-base md:gap-6 md:py-6 m-auto\">\n<div class=\"flex flex-1 gap-4 text-base mx-auto md:gap-6 gizmo:gap-3 gizmo:md:px-5 gizmo:lg:px-1 gizmo:xl:px-5 md:max-w-2xl lg:max-w-[38rem] gizmo:md:max-w-3xl gizmo:lg:max-w-[40rem] gizmo:xl:max-w-[48rem] xl:max-w-3xl }\">\n<div class=\"relative flex w-[calc(100%-50px)] flex-col gizmo:w-full lg:w-[calc(100%-115px)] agent-turn\">\n<div class=\"flex-col gap-1 md:gap-3\">\n<div class=\"flex flex-grow flex-col max-w-full gap-3 gizmo:gap-0\">\n<div class=\"min-h-[20px] text-message peer flex flex-col items-start gap-3 whitespace-pre-wrap break-words peer-[.text-message]:mt-5 overflow-x-auto\" data-message-author-role=\"assistant\" data-message-id=\"54221e68-d9be-4c9c-ae0f-853814224101\">\n<div class=\"markdown prose w-full break-words dark:prose-invert dark\">\n<p>Tra i premiati, spicca la prima volta del ristorante Alle Codole di Canale d&#8217;Agordo, che celebra anche il suo 50\u00ba anniversario di attivit\u00e0. Diego Tibolla, gestore del locale insieme ai fratelli Oscar e Livia, esprime la sua emozione per questo riconoscimento ottenuto in totale anonimato durante le visite degli ispettori della guida.<\/p>\n<p>La guida ha assegnato la corona a ristoranti illustri come Primo a Belluno, Dolada a Pieve d&#8217;Alpago, Da Ezio ad Alano di Piave, Locanda San Lorenzo a Puos d&#8217;Alpago, SanBrite a Cortina, El Brite de Larieto a Cortina e Locanda San Martino a Chies d&#8217;Alpago. Altri locali, come Da Aurelio a Colle Santa Lucia, Rosapetra a Cortina, Enoteca contemporanea a Feltre, Il meloncino al camineto a Cortina, Panevin a Feltre e Baita Pra Solio a San Vito di Cadore, sono stati premiati con il faccino radioso.<\/p>\n<p>&nbsp;<\/p>\n<\/div>\n<\/div>\n<\/div>\n<div class=\"flex justify-between empty:hidden gizmo:justify-start gizmo:gap-3 lg:block gizmo:lg:flex\"><\/div>\n<\/div>\n<\/div>\n<\/div>\n<\/div>\n<\/div>\n<\/div>\n<\/div>\n<\/div>\n<\/div>\n<div class=\"w-full pt-2 md:pt-0 border-t md:border-t-0 gizmo:border-t-0 dark:border-white\/20 md:border-transparent md:dark:border-transparent md:pl-2 gizmo:pl-0 gizmo:md:pl-0 md:w-[calc(100%-.5rem)] absolute bottom-0 left-0 md:bg-vert-light-gradient bg-white dark:bg-gray-800 md:!bg-transparent dark:md:bg-vert-dark-gradient\">\n<form class=\"stretch mx-2 flex flex-row gap-3 last:mb-2 md:mx-4 md:last:mb-6 lg:mx-auto lg:max-w-2xl xl:max-w-3xl\">\n<div class=\"relative flex h-full flex-1 items-stretch md:flex-col\">\n<div>\n<div class=\"h-full flex ml-1 md:w-full md:m-auto md:mb-4 gap-0 md:gap-2 justify-center\"><\/div>\n<\/div>\n<\/div>\n<\/form>\n<\/div>\n<p>&nbsp;<\/p>\n<hr \/>\n<p>&nbsp;<\/p>\n<h1>LE INTERROGAZIONI DELLA MINORANZA NEL CONSIGLIO COMUNALE DI VOLTAGO, E IL DEBITO FUORI BILANCIO PER 117 MILA EURO SPESE LEGALI E INTERESSI PASSIVI COMPRESI<\/h1>\n<p><strong>di GIANNI SANTOMASO\u00a0<\/strong><\/p>\n<audio class=\"wp-audio-shortcode\" id=\"audio-360470-5\" preload=\"none\" style=\"width: 100%;\" controls=\"controls\"><source type=\"audio\/mpeg\" src=\"https:\/\/www.radiopiu.net\/wordpress\/wp-content\/uploads\/2023\/11\/frassene-gianni.mp3?_=5\" \/><a href=\"https:\/\/www.radiopiu.net\/wordpress\/wp-content\/uploads\/2023\/11\/frassene-gianni.mp3\">https:\/\/www.radiopiu.net\/wordpress\/wp-content\/uploads\/2023\/11\/frassene-gianni.mp3<\/a><\/audio>\n<p>&nbsp;<\/p>\n<h1><strong>LE DIRETTE DI RADIOPIU&#8217;\u00a0<\/strong><\/h1>\n<p><strong>IERI SERA CONSIGLIO COMUNALE A VOLTAGO<\/strong>, otto domande della minoranza sulla frazione di Frassen\u00e8 e le puntuali risposte del sindaco. Debito fuori bilancio per 117 mila euro, da pagare. Effetti dei progetti a regia dei fondi di confine.<\/p>\n<p>https:\/\/www.facebook.com\/radiopiu\/videos\/2057238864610164<\/p>\n<p>&nbsp;<\/p>\n<hr \/>\n<p>&nbsp;<\/p>\n<blockquote>\n<h2>DALLA SALA DON TAMIS CON LIBERA &#8211; LA DIRETTA<\/h2>\n<p><strong>AGORDO<\/strong> \u201cPreveniamo l\u2019illegalit\u00e0\u201d \u00e8 il titolo dell\u2019incontro promosso dal Presidio Agordino di Libera \u201cLucia Precenzano e Salvatore Aversa\u201d in collaborazione con l\u2019Unione montana agordina. Saranno presenti Piermario Fop, co-referente regionale di \u201cLibera. Associazione, nomi e numeri contro le mafie\u201d, e Paolo Galeano, sindaco di Preganziol e referente di Avviso Pubblico Veneto.<\/p>\n<p>&nbsp;<\/p><\/blockquote>\n<p><strong>LA DIRETTA RADIO PIU&#8217;<\/strong><\/p>\n<p>https:\/\/www.facebook.com\/radiopiu\/videos\/347666197669406\/<\/p>\n<p>******<\/p>\n<p>&nbsp;<\/p>\n<p>&nbsp;<\/p>\n<p>&nbsp;<\/p>\n<hr \/>\n<p>&nbsp;<\/p>\n<h3>DI SERENA SOPPERA<\/h3>\n<p><iframe loading=\"lazy\" title=\"Visita al Centro Minerario di Valle Imperina e inaugurazione ostello\" width=\"1200\" height=\"675\" src=\"https:\/\/www.youtube.com\/embed\/DbJw7iLYzVI?feature=oembed\" frameborder=\"0\" allow=\"accelerometer; autoplay; clipboard-write; encrypted-media; gyroscope; picture-in-picture; web-share\" allowfullscreen><\/iframe><\/p>\n<p>&nbsp;<\/p>\n<p>&nbsp;<\/p>\n<p>&nbsp;<\/p>\n<hr \/>\n<p>&nbsp;<\/p>\n<blockquote>\n<h3>CASA DI SOGGIORNO DI TAIBON AGORDINO, QUALE FUTURO?<\/h3>\n<\/blockquote>\n<blockquote>\n<h3><span style=\"color: #ff0000;\">VERSO IL 31 DICEMBRE 2023\u00a0<\/span><\/h3>\n<p><strong><a class=\"dt-pswp-item\" href=\"https:\/\/www.radiopiu.net\/wordpress\/wp-content\/uploads\/2021\/02\/CASA-SOGGIORNO-TAIBON.jpg\" data-dt-img-description=\"\" data-large_image_width=\"512\" data-large_image_height=\"324\"><img loading=\"lazy\" decoding=\"async\" class=\" wp-image-190126 alignleft\" src=\"https:\/\/www.radiopiu.net\/wordpress\/wp-content\/uploads\/2021\/02\/CASA-SOGGIORNO-TAIBON-300x190.jpg\" alt=\"\" width=\"221\" height=\"140\" srcset=\"https:\/\/www.radiopiu.net\/wordpress\/wp-content\/uploads\/2021\/02\/CASA-SOGGIORNO-TAIBON-300x190.jpg 300w, https:\/\/www.radiopiu.net\/wordpress\/wp-content\/uploads\/2021\/02\/CASA-SOGGIORNO-TAIBON.jpg 512w\" sizes=\"auto, (max-width: 221px) 100vw, 221px\" \/><\/a><\/strong><\/p><\/blockquote>\n<p><strong>IL RACCONTO A PUNTATE, DI GIANNI SANTOMASO\u00a0<\/strong><\/p>\n<audio class=\"wp-audio-shortcode\" id=\"audio-360470-6\" preload=\"none\" style=\"width: 100%;\" controls=\"controls\"><source type=\"audio\/mpeg\" src=\"https:\/\/www.radiopiu.net\/wordpress\/wp-content\/uploads\/2023\/11\/SPECIALE-CASA-DI-SOGGIORNO-TAIBON.mp3?_=6\" \/><a href=\"https:\/\/www.radiopiu.net\/wordpress\/wp-content\/uploads\/2023\/11\/SPECIALE-CASA-DI-SOGGIORNO-TAIBON.mp3\">https:\/\/www.radiopiu.net\/wordpress\/wp-content\/uploads\/2023\/11\/SPECIALE-CASA-DI-SOGGIORNO-TAIBON.mp3<\/a><\/audio>\n<p>&nbsp;<\/p>\n<hr \/>\n<p>&nbsp;<\/p>\n<blockquote>\n<h3>ENNESIMA CHIUSURA LUNGO L&#8217;ALEMAGNA, E PARTE L&#8217;INTERROGAZIONE<\/h3>\n<\/blockquote>\n<div dir=\"auto\"><strong>VENEZIA<\/strong>\u00a0 <em>\u201cPer l\u2019ennesima volta la strada statale Alemagna viene chiusa causa maltempo: un evento che avviene puntualmente in occasione di condizioni meteo che rischiano di provocare frane e lo sfondamento delle barriere di protezione dell\u2019arteria viaria. \u00c8 evidente la necessit\u00e0 di una svolta concreta, di cui la Regione deve farsi carico, almeno intervenendo sul Governo, Anas e Autostrade per l\u2019Italia&#8221;.\u00a0 <\/em>Questo il commento dei consiglieri regionali del PD Veneto, Andrea Zanoni e Francesca Zottis, alla luce della chiusura provvisoria a Fadalto, nel Comune di Vittorio Veneto della statale 51 \u201cdi Alemagna\u201d. I due esponenti dem hanno presentato al proposito un\u2019interrogazione \u201cper sapere se la Giunta ha intenzione\u00a0 di muoversi per ottenere con urgenza gli interventi definitivi di messa in sicurezza di questa arteria di fondamentale importanza. <em>Da tempo &#8211; concludono i consiglieri -si parla di un progetto per realizzare delle gallerie paramassi, ma nulla si \u00e8 ancora concretizzato&#8221;.\u00a0<\/em><\/div>\n<p>&nbsp;<\/p>\n<p>&nbsp;<\/p>\n<hr \/>\n<p>&nbsp;<\/p>\n<blockquote>\n<h3><a class=\"dt-pswp-item\" href=\"https:\/\/www.radiopiu.net\/wordpress\/wp-content\/uploads\/2023\/11\/Mazzucchi.jpg\" data-dt-img-description=\"\" data-large_image_width=\"1286\" data-large_image_height=\"1212\"><img loading=\"lazy\" decoding=\"async\" class=\" wp-image-360563 alignleft\" src=\"https:\/\/www.radiopiu.net\/wordpress\/wp-content\/uploads\/2023\/11\/Mazzucchi-300x283.jpg\" alt=\"\" width=\"214\" height=\"202\" srcset=\"https:\/\/www.radiopiu.net\/wordpress\/wp-content\/uploads\/2023\/11\/Mazzucchi-300x283.jpg 300w, https:\/\/www.radiopiu.net\/wordpress\/wp-content\/uploads\/2023\/11\/Mazzucchi-1024x965.jpg 1024w, https:\/\/www.radiopiu.net\/wordpress\/wp-content\/uploads\/2023\/11\/Mazzucchi-768x724.jpg 768w, https:\/\/www.radiopiu.net\/wordpress\/wp-content\/uploads\/2023\/11\/Mazzucchi.jpg 1286w\" sizes=\"auto, (max-width: 214px) 100vw, 214px\" \/><\/a>350 MILA EURO PER LA MESSA IN SICUREZZA DELLA STRADA PER BORGO MAZZUCCHI<\/h3>\n<\/blockquote>\n<p>&nbsp;<\/p>\n<p><strong>PONTE NELLE ALPI\u00a0<\/strong> La Regione Veneto risponde per la localit\u00e0 Mazzucchi nell\u2019Oltrerai, intervento nato dalla necessit\u00e0 di intervenire per il drenaggio e la pulizia del versante nord della strada d\u2019accesso al paese. Si rende necessaria, infatti, la realizzazione di opere di messa in sicurezza della zona, al fine di garantire la percorribilit\u00e0 in sicurezza della strada comunale di entrata all\u2019abitato, al confine con l\u2019Alpago. La Regione ha dato parere favorevole a un riparto di 350mila euro e i fondi sono stati rimodulati rispetto a un altro intervento che aveva gi\u00e0 trovato copertura finanziaria nel territorio pontalpino.\u00a0 Non nasconde la sua soddisfazione il sindaco Paolo Vendramini: <em>\u00abGrazie a questo intervento e al finanziamento regionale, ammontano a oltre 2 milioni di euro le opere per la difesa del suolo nel comune. Anche le ultime allerte meteo e l\u2019evidente cambiamento climatico, ci fanno capire quanto siano fondamentali la Protezione civile e la messa in sicurezza del territorio. Cos\u00ec come \u00e8 importante aver aperto il tavolo di concertazione con il Comune di Alpago per la pulizia delle valli, oltre all\u2019attenzione verso il fiumicello Rai e la zona Paludi, Lizzona, La Secca, Ponte delle Schiette.<\/em><\/p>\n<p>&nbsp;<\/p>\n<p>&nbsp;<\/p>\n<hr \/>\n<p>&nbsp;<\/p>\n<div class=\"page-title-head hgroup\"><\/div>\n<blockquote>\n<h1>LONGARONE :\u00a0 DA EX SAFILO A MARCOLIN: FOCUS SOCIO-ISTITUZIONALE SULL\u2019OCCHIALERIA<\/h1>\n<\/blockquote>\n<p>BELLUNO Ieri sera dal TG BELLUNESE di ANTENNA 3 in onda alle 19.30 sul canale 10 del digitale terrestre. Alle 19 le anticipazioni alla radio<\/p>\n<p><strong>DI TIZIANA BOLOGNANI<\/strong><\/p>\n<p>Intervistati ELENA DONAZZAN (ASSESSORA LAVORO REGIONE VENETO), ROSARIO MARTINES (UILTEC UIL BELLUNO), GIAMPIERO MARRA (FILCTEM CGIL BELLUNO), MAURO DALLA ROSA (FEMCA CISL BELLUNO), ROBERTO PADRIN (SINDACO DI LONGARONE)<\/p>\n<p><iframe loading=\"lazy\" title=\"DA EX SAFILO A MARCOLIN: FOCUS SOCIO-ISTITUZIONALE SULL&#039;OCCHIALERIA  | 08\/11\/2023\" width=\"1200\" height=\"675\" src=\"https:\/\/www.youtube.com\/embed\/UFCBB_wcdv4?feature=oembed\" frameborder=\"0\" allow=\"accelerometer; autoplay; clipboard-write; encrypted-media; gyroscope; picture-in-picture; web-share\" allowfullscreen><\/iframe><\/p>\n<p>&nbsp;<\/p>\n<hr \/>\n<p>&nbsp;<\/p>\n<p>&nbsp;<\/p>\n<blockquote>\n<h2>Un incontro speciale a Cencenighe per celebrare il lavoro prezioso di ASCA e dei suoi volontari&#8221;<\/h2>\n<\/blockquote>\n<p><strong>DI GIANNI SANTOMASO\u00a0<\/strong><\/p>\n<audio class=\"wp-audio-shortcode\" id=\"audio-360470-7\" preload=\"none\" style=\"width: 100%;\" controls=\"controls\"><source type=\"audio\/mpeg\" src=\"https:\/\/www.radiopiu.net\/wordpress\/wp-content\/uploads\/2023\/11\/asca-martedei.mp3?_=7\" \/><a href=\"https:\/\/www.radiopiu.net\/wordpress\/wp-content\/uploads\/2023\/11\/asca-martedei.mp3\">https:\/\/www.radiopiu.net\/wordpress\/wp-content\/uploads\/2023\/11\/asca-martedei.mp3<\/a><\/audio>\n<p>&nbsp;<\/p>\n<p><img loading=\"lazy\" decoding=\"async\" class=\"alignleft\" src=\"https:\/\/www.radiopiu.net\/wordpress\/wp-content\/uploads\/2023\/11\/f7717a6f-e140-4b3b-a404-f54a121d5381.jpg\" width=\"245\" height=\"156\" \/><strong>CENCENIGHE <\/strong>In un&#8217;atmosfera di gioia e riconoscenza,\u00a0 ASCA ha organizzato un evento straordinario presso il Nof Fil\u00f2. L&#8217;occasione \u00e8 stata un&#8217;opportunit\u00e0 unica per incontrare gli anziani che frequentano i centri sollievo di Agordo, Rocca, Gosaldo e, naturalmente, Cencenighe. L&#8217;evento ha permesso di ringraziare pubblicamente i volontari e la psicologa Stefania Troian per il loro prezioso contributo nel gestire i centri di sollievo. Questi\u00a0 dedicano il loro tempo e le loro energie per garantire un servizio di alta qualit\u00e0 che comprende il trasporto, attivit\u00e0 ricreative e riabilitative. Inoltre, sempre pi\u00f9 spesso, queste attivit\u00e0 coinvolgono i bambini del nido e i ragazzi della scuola media, creando una connessione intergenerazionale unica. L&#8217;evento \u00e8 stato allietato dal sottofondo musicale di Fabiano e Franco e ha incluso una deliziosa merenda. Ma il momento clou dell&#8217;incontro \u00e8 stato il filmato ideato dalla psicologa Stefania Troian. Il filmato ha ripercorso le tappe e i momenti pi\u00f9 significativi dei quattro centri di sollievo dell&#8217;Agordino, offrendo uno sguardo approfondito sulla vita all&#8217;interno di queste strutture e le riflessioni dei volontari, che sono diventati veri punti di riferimento nei centri di sollievo.<\/p>\n<div class=\"flex-1 overflow-hidden\">\n<div class=\"react-scroll-to-bottom--css-iajbi-79elbk h-full\">\n<div class=\"react-scroll-to-bottom--css-iajbi-1n7m0yu\">\n<div class=\"flex flex-col text-sm gizmo:pb-9 dark:bg-gray-800 gizmo:dark:bg-transparent\">\n<div class=\"group w-full text-token-text-primary border-b border-black\/10 gizmo:border-0 dark:border-gray-900\/50 gizmo:dark:border-0 bg-gray-50 gizmo:bg-transparent dark:bg-[#444654] gizmo:dark:bg-transparent\" data-testid=\"conversation-turn-3\">\n<div class=\"p-4 gizmo:py-2 justify-center text-base md:gap-6 md:py-6 m-auto\">\n<div class=\"flex flex-1 gap-4 text-base mx-auto md:gap-6 gizmo:gap-3 gizmo:md:px-5 gizmo:lg:px-1 gizmo:xl:px-5 md:max-w-2xl lg:max-w-[38rem] gizmo:md:max-w-3xl gizmo:lg:max-w-[40rem] gizmo:xl:max-w-[48rem] xl:max-w-3xl }\">\n<div class=\"relative flex w-[calc(100%-50px)] flex-col gizmo:w-full lg:w-[calc(100%-115px)] agent-turn\">\n<div class=\"flex-col gap-1 md:gap-3\">\n<div class=\"flex flex-grow flex-col max-w-full gap-3 gizmo:gap-0\">\n<div class=\"min-h-[20px] text-message peer flex flex-col items-start gap-3 whitespace-pre-wrap break-words peer-[.text-message]:mt-5 overflow-x-auto\" data-message-author-role=\"assistant\" data-message-id=\"59881e1d-9714-438c-b84e-2b9fbd757a0c\">\n<div class=\"markdown prose w-full break-words dark:prose-invert dark\">\n<p>L&#8217;evento ha riunito oltre 80 partecipanti, tra cui i sindaci Mauro Soppelsa, Andrea De Bernardin, Danilo De Toni, Ezio Zuanel, e il vice di San Tomaso, Maria Jos\u00e9. Tutti hanno espresso la loro soddisfazione per l&#8217;importante lavoro svolto da ASCA sul territorio e la loro gratitudine per l&#8217;incrollabile impegno dei volontari. Hanno condiviso con l&#8217;amministratore dell&#8217;Azienda Consortile Mariachiara Santin e il Direttore Paolo Santesso l&#8217;importanza cruciale di questi servizi, che fungono da luoghi di benessere, cura e relazioni per la comunit\u00e0. L&#8217;evento ha rappresentato un momento straordinario di celebrazione e riconoscimento per tutti coloro che contribuiscono a rendere questi centri di sollievo un pilastro fondamentale nella vita delle persone anziane e della comunit\u00e0 nel suo complesso. ASCA e i suoi volontari continuano a dimostrare il loro impegno e dedizione nel creare un ambiente di sostegno e solidariet\u00e0.<\/p>\n<\/div>\n<\/div>\n<\/div>\n<div class=\"flex justify-between empty:hidden gizmo:justify-start gizmo:gap-3 lg:block gizmo:lg:flex\"><\/div>\n<\/div>\n<\/div>\n<\/div>\n<\/div>\n<\/div>\n<div class=\"relative\">\n<div class=\"absolute left-1\/2 top-0 mt-2 flex w-10\/12 -translate-x-1\/2 items-start justify-center sm:mt-[6px]\">\n<div data-projection-id=\"61\">\n<div class=\"flex items-center justify-center gap-4 text-sm text-gray-500\">\n<div class=\"flex items-center gap-1\"><\/div>\n<\/div>\n<\/div>\n<\/div>\n<\/div>\n<div><\/div>\n<div class=\"h-36 md:h-48 flex-shrink-0\">\n<hr \/>\n<\/div>\n<p>&nbsp;<\/p>\n<\/div>\n<\/div>\n<\/div>\n<\/div>\n<blockquote>\n<h3>MENZIONE SPECIALE PER L&#8217;OSPEDALE DI FELTRE<\/h3>\n<\/blockquote>\n<p><strong>DI DANIELE DALVIT<\/strong><\/p>\n<audio class=\"wp-audio-shortcode\" id=\"audio-360470-8\" preload=\"none\" style=\"width: 100%;\" controls=\"controls\"><source type=\"audio\/mpeg\" src=\"https:\/\/www.radiopiu.net\/wordpress\/wp-content\/uploads\/2023\/11\/Radio-Piu-Servizio-Premio-percorso-tumore-prostata.mp3?_=8\" \/><a href=\"https:\/\/www.radiopiu.net\/wordpress\/wp-content\/uploads\/2023\/11\/Radio-Piu-Servizio-Premio-percorso-tumore-prostata.mp3\">https:\/\/www.radiopiu.net\/wordpress\/wp-content\/uploads\/2023\/11\/Radio-Piu-Servizio-Premio-percorso-tumore-prostata.mp3<\/a><\/audio>\n<p>&nbsp;<\/p>\n<p><strong><a class=\"dt-pswp-item\" href=\"https:\/\/www.radiopiu.net\/wordpress\/wp-content\/uploads\/2023\/11\/WhatsApp-Image-2023-11-08-at-16.25.22.jpeg\" data-dt-img-description=\"\" data-large_image_width=\"2040\" data-large_image_height=\"1530\"><img loading=\"lazy\" decoding=\"async\" class=\"size-medium wp-image-360580 alignleft\" src=\"https:\/\/www.radiopiu.net\/wordpress\/wp-content\/uploads\/2023\/11\/WhatsApp-Image-2023-11-08-at-16.25.22-300x225.jpeg\" alt=\"\" width=\"300\" height=\"225\" srcset=\"https:\/\/www.radiopiu.net\/wordpress\/wp-content\/uploads\/2023\/11\/WhatsApp-Image-2023-11-08-at-16.25.22-300x225.jpeg 300w, https:\/\/www.radiopiu.net\/wordpress\/wp-content\/uploads\/2023\/11\/WhatsApp-Image-2023-11-08-at-16.25.22-1024x768.jpeg 1024w, https:\/\/www.radiopiu.net\/wordpress\/wp-content\/uploads\/2023\/11\/WhatsApp-Image-2023-11-08-at-16.25.22-768x576.jpeg 768w, https:\/\/www.radiopiu.net\/wordpress\/wp-content\/uploads\/2023\/11\/WhatsApp-Image-2023-11-08-at-16.25.22-1536x1152.jpeg 1536w, https:\/\/www.radiopiu.net\/wordpress\/wp-content\/uploads\/2023\/11\/WhatsApp-Image-2023-11-08-at-16.25.22.jpeg 2040w\" sizes=\"auto, (max-width: 300px) 100vw, 300px\" \/><\/a>FELTRE\u00a0<\/strong> Il Commissario Giuseppe Dal Ben ha condiviso l&#8217;orgoglio per la menzione speciale ottenuto dall&#8217;ospedale di Feltre per il percorso riabilitativo post intervento alla prostata nell&#8217;ambito del concorso nazionale promosso dalla fondazione Onda che \u00a0ha premiato gli ospedali che si distinguono. Un apposito Comitato di esperti istituito da Fondazione Onda ha esaminato le candidature pervenute e ha premiato o dato una menzione\u00a0 ai migliori percorsi ospedalieri\u00a0 per la gestione delle complicanze funzionali sessuali post trattamento del tumore della prostata.\u00a0 La qualit\u00e0 del lavoro svolto al Santa Maria del Prato \u00e8 stata riconosciuta con l\u2019assegnazione l\u2019anno scorso del Bollino Azzurro all\u2019Ospedale di Feltre dalla Fondazione Osservatorio Nazionale sulla salute della donna e di genere (Fondazione ONDA) e quest\u2019anno di una menzione speciale al Santa Maria del Prato per la riabilitazione funzionale post-operatoria.<\/p>\n<p>&nbsp;<\/p>\n<hr \/>\n<p>&nbsp;<\/p>\n<blockquote>\n<h2>22 DICEMBRE, PALALUXOTTICA: LA FESTA DI NATALE<\/h2>\n<h2>PER ALCUNI GIORNI VEDREMO FINALMENTE I PARCHEGGI DEL PALALUXOTTICA SULLA PIANA DEI MOGN &#8220;ESAURITI&#8221; COME NON SUCCEDE NEGLI ALTRI 360 GIORNI L&#8217;ANNO MENTRE I DIPENDENTI NON TROVANO PARCHEGGI, VENGONO PUNTUALMENTE SANZIONATI DAI VIGILI URBANI DI AGORDO E LA NAVETTA NON C&#8217;E&#8217; PIU&#8217; PERCHE&#8217; COME HA DETTO L&#8217;AZIENDA&#8230; COSTA TROPPO.<\/h2>\n<\/blockquote>\n<p><strong><img loading=\"lazy\" decoding=\"async\" class=\"alignleft\" src=\"https:\/\/www.radiopiu.net\/wordpress\/wp-content\/uploads\/2020\/05\/PALALUXOTTICA.jpg\" width=\"194\" height=\"109\" \/>REDAZIONE<\/strong> Dopo alcuni anni si assenza, per il covid, per la morte dell&#8217;amato Cavalier Leonardo Del Vecchio, il Palaluxottica riapre alla festa. E&#8217; ufficiale, come anticipato alcuni giorni fa in seguito ad alcuni annunci di ricerca personale, il 22 dicembre alle 20 sar\u00e0 festa con l&#8217;immancabile ospite che Luxottica anche quest&#8217;anno terr\u00e0 segreto fino a poche ore prima di mettere le gambe sotto i\u00a0 tavoli. Sar\u00e0 la prima festa senza il Cavaliere, ma non mancher\u00e0 l&#8217;amico di sempre, il Cavalier Luigi Francavilla, pronto a salire con emozione il palco del Palaluxottica.<\/p>\n<p>&nbsp;<\/p>\n<p>&nbsp;<\/p>\n<p>&nbsp;<\/p>\n<hr \/>\n<p>&nbsp;<\/p>\n<blockquote>\n<h3>MERRY ARTIGIANE, IL MERCATINO NATALIZIO DI ARTIGIANATO<\/h3>\n<\/blockquote>\n<p><strong><a class=\"dt-pswp-item\" href=\"https:\/\/www.radiopiu.net\/wordpress\/wp-content\/uploads\/2023\/11\/Locandina-Merry-Artigiane-2023.jpg\" data-dt-img-description=\"\" data-large_image_width=\"1080\" data-large_image_height=\"1920\"><img loading=\"lazy\" decoding=\"async\" class=\" wp-image-360511 alignleft\" src=\"https:\/\/www.radiopiu.net\/wordpress\/wp-content\/uploads\/2023\/11\/Locandina-Merry-Artigiane-2023-169x300.jpg\" alt=\"\" width=\"119\" height=\"212\" srcset=\"https:\/\/www.radiopiu.net\/wordpress\/wp-content\/uploads\/2023\/11\/Locandina-Merry-Artigiane-2023-169x300.jpg 169w, https:\/\/www.radiopiu.net\/wordpress\/wp-content\/uploads\/2023\/11\/Locandina-Merry-Artigiane-2023-576x1024.jpg 576w, https:\/\/www.radiopiu.net\/wordpress\/wp-content\/uploads\/2023\/11\/Locandina-Merry-Artigiane-2023-768x1365.jpg 768w, https:\/\/www.radiopiu.net\/wordpress\/wp-content\/uploads\/2023\/11\/Locandina-Merry-Artigiane-2023-864x1536.jpg 864w, https:\/\/www.radiopiu.net\/wordpress\/wp-content\/uploads\/2023\/11\/Locandina-Merry-Artigiane-2023.jpg 1080w\" sizes=\"auto, (max-width: 119px) 100vw, 119px\" \/><\/a>di Alessia Dall&#8217;O<\/strong><\/p>\n<p><strong>SAN GREGORIO NELLE ALPI\u00a0<\/strong>\u00c8 stato presentato con entusiasmo il mercatino &#8220;Merry Artigiane&#8221;, un evento natalizio dedicato all&#8217;artigianato di eccellenza. Creato da Paola Nard e Franca Bortot, due talentuose artigiane bellunesi,, il mercatino si terr\u00e0 presso la Fondazione Lucia De Conz a San Gregorio Nelle Alpi nel pomeriggio del 18 novembre e dalle 10 alle 19 del 19 novembre. La Fondazione ospiter\u00e0 21 imprenditrici che hanno trasformato la loro passione e arte in professione. L&#8217;evento offre prodotti artigianali unici, visite guidate, e diversi laboratori per grandi e piccini. &#8220;Merry Artigiane&#8221; promuove l&#8217;artigianato come mezzo di sostentamento e il valore della rete di imprenditrici femminili, che si mettono insieme per creare iniziative nel territorio.<\/p>\n<p>La partecipazione \u00e8 un&#8217;occasione per sostenere le piccole realt\u00e0 locali e non solo che ogni giorno con il proprio lavoro animano la nostra realt\u00e0 di montagna. Per ulteriori dettagli su programma e parterre artigiane si consiglia di cercare &#8220;Merry Artigiane&#8221; sui principali social media e nei motori di ricerca. L\u2019evento si terr\u00e0 anche in caso di maltempo.<\/p>\n<p>&nbsp;<\/p>\n<p>&nbsp;<\/p>\n<hr \/>\n<p>&nbsp;<\/p>\n<blockquote>\n<h3>I LICEI \u201cGALILEI-TIZIANO\u201d APRONO LE PORTE<\/h3>\n<\/blockquote>\n<p><strong>BELLUNO<\/strong> I Licei &#8220;Galilei-Tiziano&#8221; di Belluno offriranno un calendario di eventi pomeridiani per aiutare gli studenti delle Scuole Secondarie di Primo Grado e le loro famiglie nell&#8217;orientamento verso l&#8217;offerta formativa dei Licei Classico, Scientifico e Scientifico opzione Scienze Applicate. Saranno organizzati laboratori esperienziali per dare un&#8217;idea delle discipline dei vari indirizzi di studio, e &#8220;Scuola aperta&#8221; per dialogare con il personale scolastico e conoscere l&#8217;offerta formativa completa. I laboratori si terranno in diverse date, e i link per la prenotazione saranno resi disponibili sul sito internet dell&#8217;istituto. Il Liceo Scientifico e il Liceo Scientifico opzione Scienze Applicate saranno presentati il 25 novembre, il 16 dicembre e il 13 gennaio 2024, mentre il Liceo Classico sar\u00e0 presentato il 2 dicembre e il 13 gennaio 2024.<\/p>\n\n\t\t\t<style type='text\/css'>\n\t\t\t\t#gallery-5 {\n\t\t\t\t\tmargin: auto;\n\t\t\t\t}\n\t\t\t\t#gallery-5 .gallery-item {\n\t\t\t\t\tfloat: left;\n\t\t\t\t\tmargin-top: 10px;\n\t\t\t\t\ttext-align: center;\n\t\t\t\t\twidth: 50%;\n\t\t\t\t}\n\t\t\t\t#gallery-5 img {\n\t\t\t\t\tborder: 2px solid #cfcfcf;\n\t\t\t\t}\n\t\t\t\t#gallery-5 .gallery-caption {\n\t\t\t\t\tmargin-left: 0;\n\t\t\t\t}\n\t\t\t\t\/* see gallery_shortcode() in wp-includes\/media.php *\/\n\t\t\t<\/style>\n\t\t<div id='gallery-5' class='dt-gallery-container gallery galleryid-360470 gallery-columns-2 gallery-size-medium'><dl class='gallery-item'>\n\t\t\t\t<dt class='gallery-icon landscape'>\n\t\t\t\t\t<a class=\"rollover rollover-zoom dt-pswp-item\" title=\"Scuola-aperta-23-24-orizzontale-730x485\" data-dt-img-description=\"\" data-large_image_width=\"730\" data-large_image_height=\"485\"href='https:\/\/www.radiopiu.net\/wordpress\/wp-content\/uploads\/2023\/11\/Scuola-aperta-23-24-orizzontale-730x485-1.png'><img loading=\"lazy\" decoding=\"async\" width=\"300\" height=\"199\" src=\"https:\/\/www.radiopiu.net\/wordpress\/wp-content\/uploads\/2023\/11\/Scuola-aperta-23-24-orizzontale-730x485-1-300x199.png\" class=\"attachment-medium size-medium\" alt=\"\" srcset=\"https:\/\/www.radiopiu.net\/wordpress\/wp-content\/uploads\/2023\/11\/Scuola-aperta-23-24-orizzontale-730x485-1-300x199.png 300w, https:\/\/www.radiopiu.net\/wordpress\/wp-content\/uploads\/2023\/11\/Scuola-aperta-23-24-orizzontale-730x485-1.png 730w\" sizes=\"auto, (max-width: 300px) 100vw, 300px\" \/><\/a>\n\t\t\t\t<\/dt><\/dl><dl class='gallery-item'>\n\t\t\t\t<dt class='gallery-icon landscape'>\n\t\t\t\t\t<a class=\"rollover rollover-zoom dt-pswp-item\" title=\"laboratori_esperienziali-1-730x485\" data-dt-img-description=\"\" data-large_image_width=\"730\" data-large_image_height=\"485\"href='https:\/\/www.radiopiu.net\/wordpress\/wp-content\/uploads\/2023\/11\/laboratori_esperienziali-1-730x485-1.png'><img loading=\"lazy\" decoding=\"async\" width=\"300\" height=\"199\" src=\"https:\/\/www.radiopiu.net\/wordpress\/wp-content\/uploads\/2023\/11\/laboratori_esperienziali-1-730x485-1-300x199.png\" class=\"attachment-medium size-medium\" alt=\"\" srcset=\"https:\/\/www.radiopiu.net\/wordpress\/wp-content\/uploads\/2023\/11\/laboratori_esperienziali-1-730x485-1-300x199.png 300w, https:\/\/www.radiopiu.net\/wordpress\/wp-content\/uploads\/2023\/11\/laboratori_esperienziali-1-730x485-1.png 730w\" sizes=\"auto, (max-width: 300px) 100vw, 300px\" \/><\/a>\n\t\t\t\t<\/dt><\/dl><br style=\"clear: both\" \/>\n\t\t\t<\/div>\n\n<p>&nbsp;<\/p>\n<hr \/>\n<p>&nbsp;<\/p>\n<blockquote class=\"wp-embedded-content\" data-secret=\"K9zqicDYWJ\"><p><a href=\"https:\/\/www.radiopiu.net\/wordpress\/amelie-racconta-i-desideri-dei-bambini-dal-detersivo-alla-carta-stampata\/\">AMELIE&#8230; RACCONTA I DESIDERI DEI BAMBINI. dal detersivo alla carta stampata<\/a><\/p><\/blockquote>\n<p><iframe loading=\"lazy\" class=\"wp-embedded-content\" sandbox=\"allow-scripts\" security=\"restricted\" style=\"position: absolute; clip: rect(1px, 1px, 1px, 1px);\" title=\"&#8220;AMELIE&#8230; RACCONTA I DESIDERI DEI BAMBINI. dal detersivo alla carta stampata&#8221; &#8212; Radio Pi\u00f9\" src=\"https:\/\/www.radiopiu.net\/wordpress\/amelie-racconta-i-desideri-dei-bambini-dal-detersivo-alla-carta-stampata\/embed\/#?secret=3iVBMqESJ0#?secret=K9zqicDYWJ\" data-secret=\"K9zqicDYWJ\" width=\"600\" height=\"338\" frameborder=\"0\" marginwidth=\"0\" marginheight=\"0\" scrolling=\"no\"><\/iframe><\/p>\n<p>&nbsp;<\/p>\n<hr \/>\n<p>&nbsp;<\/p>\n<blockquote>\n<h3><a class=\"dt-pswp-item\" href=\"https:\/\/www.radiopiu.net\/wordpress\/wp-content\/uploads\/2022\/03\/LOGO-PACE-E-DISARMO.jpg\" data-dt-img-description=\"\" data-large_image_width=\"1200\" data-large_image_height=\"1200\"><img loading=\"lazy\" decoding=\"async\" class=\" wp-image-264065 alignleft\" src=\"https:\/\/www.radiopiu.net\/wordpress\/wp-content\/uploads\/2022\/03\/LOGO-PACE-E-DISARMO-300x300.jpg\" alt=\"\" width=\"113\" height=\"113\" srcset=\"https:\/\/www.radiopiu.net\/wordpress\/wp-content\/uploads\/2022\/03\/LOGO-PACE-E-DISARMO-300x300.jpg 300w, https:\/\/www.radiopiu.net\/wordpress\/wp-content\/uploads\/2022\/03\/LOGO-PACE-E-DISARMO-1024x1024.jpg 1024w, https:\/\/www.radiopiu.net\/wordpress\/wp-content\/uploads\/2022\/03\/LOGO-PACE-E-DISARMO-150x150.jpg 150w, https:\/\/www.radiopiu.net\/wordpress\/wp-content\/uploads\/2022\/03\/LOGO-PACE-E-DISARMO-768x768.jpg 768w, https:\/\/www.radiopiu.net\/wordpress\/wp-content\/uploads\/2022\/03\/LOGO-PACE-E-DISARMO.jpg 1200w\" sizes=\"auto, (max-width: 113px) 100vw, 113px\" \/><\/a>PACE E DISARMO CHIEDONO LA PACE TRA ISRAELIANI E PALESTINESI<\/h3>\n<\/blockquote>\n<p><strong>BELLUNO<\/strong> Fermiamo la violenza, aiutiamo israeliani e palestinesi a fare la pace. Due frasi semplici, un appello ragionevole. E\u0300 questo l\u2019invito che Pace &amp; Disarmo, coordinamento provinciale di Belluno, lancia a tutti i cittadini per venerdi\u0300 10 novembre alle ore 18.00 in piazza Duomo. A chi partecipera\u0300 si chiede di sventolare la bandiera della pace, di cantare e di tenere accesa una candela.<\/p>\n<p>&nbsp;<\/p>\n<p>&nbsp;<\/p>\n<hr \/>\n<p>&nbsp;<\/p>\n<blockquote>\n<h3>UN BANDO PER 23 ATLETI DA ASSEGNARE ALLE FIAMME ORO<\/h3>\n<\/blockquote>\n<p><strong>BELLUNO <\/strong>Sul Portale Unico del reclutamento, disponibile all\u2019indirizzo <a href=\"http:\/\/www.inpa.gov.it\">www.inpa.gov.it<\/a> nonch\u00e9 sul sito <a href=\"http:\/\/www.poliziadistato.it\">www.poliziadistato.it<\/a>, in data 27 ottobre 2023, \u00e8 stato pubblicato il bando di concorso pubblico, per titoli per l\u2019assunzione di 23 atleti da assegnare ai gruppi sportivi \u201cPolizia di Stato \u2013 Fiamme Oro\u201d, che saranno inquadrati nel ruolo degli genti e assistenti della Polizia di Stato, con la qualifica di agente. La domanda di partecipazione al concorso deve essere presentata entro il termine di trenta giorni, \u00a0decorrenti dal giorno successivo alla data di pubblicazione del bando sul\u00a0 Portale unico di reclutamento (<a href=\"http:\/\/www.inpa.gov.it\">www.inpa.gov.it<\/a>) o mediante la procedura informatica disponibile all\u2019indirizzo <a href=\"https:\/\/concorsionline.poliziadistato.it\">https:\/\/concorsionline.poliziadistato.it<\/a>.<\/p>\n<p>&nbsp;<\/p>\n<p>&nbsp;<\/p>\n<hr \/>\n<p>&nbsp;<\/p>\n<blockquote>\n<h3>LA MOSTRA FOTOGRAFICA TESTIMONI DEL TEMPO<\/h3>\n<\/blockquote>\n<p><strong>LONGARONE<\/strong> Prosegue la mostra fotografica &#8220;Testimoni del tempo \u2013 Quando le immagini raccontano la storia\u201d. Accolta al Centro culturale \u201cParri\u201d di Longarone, l\u2019esposizione potr\u00e0 essere visitata fino alla fine del mese. E non di ottobre, come previsto in un primo momento, bens\u00ec di novembre. Le immagini di Bepi Zanfron e della giovane Nicoletta Valla, infatti, sono state apprezzate al punto da far scattare la proroga della mostra<\/p>\n<p>&nbsp;<\/p>\n<p>&nbsp;<\/p>\n<hr \/>\n<p>&nbsp;<\/p>\n<blockquote class=\"wp-embedded-content\" data-secret=\"cBeeTug7F8\"><p><a href=\"https:\/\/www.radiopiu.net\/wordpress\/40-anni-di-libro-parlato-a-feltre-e\/\">40 ANNI DI LIBRO PARLATO A FELTRE E\u2026<\/a><\/p><\/blockquote>\n<p><iframe loading=\"lazy\" class=\"wp-embedded-content\" sandbox=\"allow-scripts\" security=\"restricted\" style=\"position: absolute; clip: rect(1px, 1px, 1px, 1px);\" title=\"&#8220;40 ANNI DI LIBRO PARLATO A FELTRE E\u2026&#8221; &#8212; Radio Pi\u00f9\" src=\"https:\/\/www.radiopiu.net\/wordpress\/40-anni-di-libro-parlato-a-feltre-e\/embed\/#?secret=2xLiw0UQg7#?secret=cBeeTug7F8\" data-secret=\"cBeeTug7F8\" width=\"600\" height=\"338\" frameborder=\"0\" marginwidth=\"0\" marginheight=\"0\" scrolling=\"no\"><\/iframe><\/p>\n<p>&nbsp;<\/p>\n<hr \/>\n<p>&nbsp;<\/p>\n<h2><span style=\"color: #ff6600;\">IERI ALLA RADIO<\/span><\/h2>\n<h2><span style=\"color: #ff0000;\">LIBER, IL NUOVO PROGRAMMA DI LIANA CAVALLET<\/span><\/h2>\n<p><strong>PUNTATA 08 &#8211; 08 NOVEMBRE 2023 &#8220;IO POSSO&#8221; PIF, MARCO LILLO<\/strong><\/p>\n<p><a class=\"dt-pswp-item\" href=\"https:\/\/www.radiopiu.net\/wordpress\/wp-content\/uploads\/2023\/11\/d63b92ab-768c-4e50-bf89-39ebe1995a1c.jpg\" data-dt-img-description=\"\" data-large_image_width=\"306\" data-large_image_height=\"455\"><img loading=\"lazy\" decoding=\"async\" class=\"aligncenter wp-image-360481 size-medium\" src=\"https:\/\/www.radiopiu.net\/wordpress\/wp-content\/uploads\/2023\/11\/d63b92ab-768c-4e50-bf89-39ebe1995a1c-202x300.jpg\" alt=\"\" width=\"202\" height=\"300\" srcset=\"https:\/\/www.radiopiu.net\/wordpress\/wp-content\/uploads\/2023\/11\/d63b92ab-768c-4e50-bf89-39ebe1995a1c-202x300.jpg 202w, https:\/\/www.radiopiu.net\/wordpress\/wp-content\/uploads\/2023\/11\/d63b92ab-768c-4e50-bf89-39ebe1995a1c.jpg 306w\" sizes=\"auto, (max-width: 202px) 100vw, 202px\" \/><\/a><\/p>\n<audio class=\"wp-audio-shortcode\" id=\"audio-360470-9\" preload=\"none\" style=\"width: 100%;\" controls=\"controls\"><source type=\"audio\/mpeg\" src=\"https:\/\/www.radiopiu.net\/wordpress\/wp-content\/uploads\/2023\/11\/LIANA-1.mp3?_=9\" \/><a href=\"https:\/\/www.radiopiu.net\/wordpress\/wp-content\/uploads\/2023\/11\/LIANA-1.mp3\">https:\/\/www.radiopiu.net\/wordpress\/wp-content\/uploads\/2023\/11\/LIANA-1.mp3<\/a><\/audio>\n<p>&nbsp;<\/p>\n<p><strong>LA RACCOLTA COMPLETA <a href=\"https:\/\/www.radiopiu.net\/wordpress\/liber-il-nuovo-programma-di-liana-cavalet-la-raccolta-2\/\">CLICCA QUI<\/a><\/strong><\/p>\n<p>&nbsp;<\/p>\n<h2><a class=\"dt-pswp-item\" href=\"https:\/\/www.radiopiu.net\/wordpress\/wp-content\/uploads\/2022\/11\/scuola-zaino.jpeg\" data-dt-img-description=\"\" data-large_image_width=\"626\" data-large_image_height=\"417\"><img loading=\"lazy\" decoding=\"async\" class=\" wp-image-306830 alignleft\" src=\"https:\/\/www.radiopiu.net\/wordpress\/wp-content\/uploads\/2022\/11\/scuola-zaino-300x200.jpeg\" alt=\"\" width=\"156\" height=\"104\" srcset=\"https:\/\/www.radiopiu.net\/wordpress\/wp-content\/uploads\/2022\/11\/scuola-zaino-300x200.jpeg 300w, https:\/\/www.radiopiu.net\/wordpress\/wp-content\/uploads\/2022\/11\/scuola-zaino.jpeg 626w\" sizes=\"auto, (max-width: 156px) 100vw, 156px\" \/><\/a><span style=\"color: #3366ff;\">SE NON LA SMETTI TI MANDO DAL PRESIDE<\/span><\/h2>\n<p><strong>DI MIRKO MEZZACASA<\/strong><\/p>\n<p>IN STUDIO MARIA ROSA SALMAZO<\/p>\n<audio class=\"wp-audio-shortcode\" id=\"audio-360470-10\" preload=\"none\" style=\"width: 100%;\" controls=\"controls\"><source type=\"audio\/mpeg\" src=\"https:\/\/www.radiopiu.net\/wordpress\/wp-content\/uploads\/2023\/11\/se-non-la-smetti-8-2023.mp3?_=10\" \/><a href=\"https:\/\/www.radiopiu.net\/wordpress\/wp-content\/uploads\/2023\/11\/se-non-la-smetti-8-2023.mp3\">https:\/\/www.radiopiu.net\/wordpress\/wp-content\/uploads\/2023\/11\/se-non-la-smetti-8-2023.mp3<\/a><\/audio>\n<p>&nbsp;<\/p>\n<p>&nbsp;<\/p>\n<p>&nbsp;<\/p>\n<h2><span style=\"color: #008000;\">CISL E FEMCA CISL LA VOCE PER I LAVORATORI<\/span><\/h2>\n<p><a class=\"dt-pswp-item\" href=\"https:\/\/www.radiopiu.net\/wordpress\/wp-content\/uploads\/2022\/01\/th-7.jpg\" data-dt-img-description=\"\" data-large_image_width=\"202\" data-large_image_height=\"202\"><img loading=\"lazy\" decoding=\"async\" class=\" wp-image-253706 alignleft\" src=\"https:\/\/www.radiopiu.net\/wordpress\/wp-content\/uploads\/2022\/01\/th-7.jpg\" alt=\"\" width=\"102\" height=\"102\" srcset=\"https:\/\/www.radiopiu.net\/wordpress\/wp-content\/uploads\/2022\/01\/th-7.jpg 202w, https:\/\/www.radiopiu.net\/wordpress\/wp-content\/uploads\/2022\/01\/th-7-150x150.jpg 150w\" sizes=\"auto, (max-width: 102px) 100vw, 102px\" \/><\/a>08 NOVEMBRE 2023<\/p>\n<h3>PUNTATA 48, ANNALISA DAL MAS FEMCA CISL SEDICO<\/h3>\n<audio class=\"wp-audio-shortcode\" id=\"audio-360470-11\" preload=\"none\" style=\"width: 100%;\" controls=\"controls\"><source type=\"audio\/mpeg\" src=\"https:\/\/www.radiopiu.net\/wordpress\/wp-content\/uploads\/2023\/11\/FEMCA-CISL.mp3?_=11\" \/><a href=\"https:\/\/www.radiopiu.net\/wordpress\/wp-content\/uploads\/2023\/11\/FEMCA-CISL.mp3\">https:\/\/www.radiopiu.net\/wordpress\/wp-content\/uploads\/2023\/11\/FEMCA-CISL.mp3<\/a><\/audio>\n<p>&nbsp;<\/p>\n<p>&nbsp;<\/p>\n<p>&nbsp;<\/p>\n<p><strong>LA RACCOLTA COMPLETA<a href=\"https:\/\/www.radiopiu.net\/wordpress\/cisl-e-femca-cisl-la-vocef\/\"> CLICCA QUI<\/a><\/strong><\/p>\n<p>&nbsp;<\/p>\n<h2><strong><a class=\"dt-pswp-item\" href=\"https:\/\/www.radiopiu.net\/wordpress\/wp-content\/uploads\/2023\/11\/Senza-nome-38.png\" data-dt-img-description=\"\" data-large_image_width=\"437\" data-large_image_height=\"399\"><img loading=\"lazy\" decoding=\"async\" class=\" wp-image-360494 alignleft\" src=\"https:\/\/www.radiopiu.net\/wordpress\/wp-content\/uploads\/2023\/11\/Senza-nome-38-300x274.png\" alt=\"\" width=\"145\" height=\"132\" srcset=\"https:\/\/www.radiopiu.net\/wordpress\/wp-content\/uploads\/2023\/11\/Senza-nome-38-300x274.png 300w, https:\/\/www.radiopiu.net\/wordpress\/wp-content\/uploads\/2023\/11\/Senza-nome-38.png 437w\" sizes=\"auto, (max-width: 145px) 100vw, 145px\" \/><\/a><\/strong><span style=\"color: #003366;\">DOMENICA LA LUCCIOLATA PER LA CASA VIA DI NATALE DI AVIANO<\/span><\/h2>\n<p><strong>DI MIRKO MEZZACASA<\/strong><\/p>\n<p>Ospite: Eva Olivier<\/p>\n<audio class=\"wp-audio-shortcode\" id=\"audio-360470-12\" preload=\"none\" style=\"width: 100%;\" controls=\"controls\"><source type=\"audio\/mpeg\" src=\"https:\/\/www.radiopiu.net\/wordpress\/wp-content\/uploads\/2023\/11\/eva-oliviero-lucciolata.mp3?_=12\" \/><a href=\"https:\/\/www.radiopiu.net\/wordpress\/wp-content\/uploads\/2023\/11\/eva-oliviero-lucciolata.mp3\">https:\/\/www.radiopiu.net\/wordpress\/wp-content\/uploads\/2023\/11\/eva-oliviero-lucciolata.mp3<\/a><\/audio>\n<p>&nbsp;<\/p>\n<p>&nbsp;<\/p>\n<p>&nbsp;<\/p>\n<h2><span style=\"color: #800080;\">PROFUMO DI&#8230;UVA! L&#8217;EVENTO ENOGRASTRONOMICO DI DEGUSTAZIONE ALLA &#8220;PICCOLA BAITA&#8221;<\/span><\/h2>\n<p><b><span style=\"font-size: large;\">E&#8217; tempo di UVA! Unisciti a noi per una serata indimenticabile all&#8217;Agriturismo Piccola Baita a Falcade, dove la cucina agricola di chef Fabrizio Pescosta si fonde con gli aromatici vini di tre vignaioli della Valbelluna. Venerd\u00ec 10 novembre dalle ore 20 ti aspettiamo per degustare il territorio in un&#8217;esperienza unica a tu per tu con i vignaioli. UVA: Non perdere questa serata speciale a Sappade di Falcade. Su prenotazione al <span style=\"color: #000000;\">\u00a0349 321 3527.\u00a0<\/span><\/span><\/b><\/p>\n<p>&nbsp;<\/p>\n<p><a class=\"dt-pswp-item\" href=\"https:\/\/www.radiopiu.net\/wordpress\/wp-content\/uploads\/2023\/11\/Senza-nome-16.png\" data-dt-img-description=\"\" data-large_image_width=\"291\" data-large_image_height=\"213\"><img loading=\"lazy\" decoding=\"async\" class=\"wp-image-359815 alignleft\" src=\"https:\/\/www.radiopiu.net\/wordpress\/wp-content\/uploads\/2023\/11\/Senza-nome-16.png\" alt=\"\" width=\"198\" height=\"145\" \/><\/a><strong>L&#8217;INTERVISTA di MIRKO MEZZACASA\u00a0\u00a0<\/strong><\/p>\n<p>&nbsp;<\/p>\n<p><strong><span style=\"color: #ff0000;\">OSPITE, FABRIZIO &#8220;AGRICHEF&#8221; PESCOSTA<\/span><\/strong><\/p>\n<p>&nbsp;<\/p>\n<audio class=\"wp-audio-shortcode\" id=\"audio-360470-13\" preload=\"none\" style=\"width: 100%;\" controls=\"controls\"><source type=\"audio\/mpeg\" src=\"https:\/\/www.radiopiu.net\/wordpress\/wp-content\/uploads\/2023\/11\/FABRIZIO-PESCOSTA-OTTOBRE-2023-NOVEMBRE-1.mp3?_=13\" \/><a href=\"https:\/\/www.radiopiu.net\/wordpress\/wp-content\/uploads\/2023\/11\/FABRIZIO-PESCOSTA-OTTOBRE-2023-NOVEMBRE-1.mp3\">https:\/\/www.radiopiu.net\/wordpress\/wp-content\/uploads\/2023\/11\/FABRIZIO-PESCOSTA-OTTOBRE-2023-NOVEMBRE-1.mp3<\/a><\/audio>\n<p>&nbsp;<\/p>\n<p>&nbsp;<\/p>\n<p>&nbsp;<\/p>\n<hr \/>\n<p>&nbsp;<\/p>\n<h3 align=\"CENTER\"><span style=\"color: #000000;\"><span style=\"font-family: Arial, serif;\"><span style=\"font-size: medium;\"><b>Torna il contest fotografico #Acquaprotagonista di Viveracqua.<\/b><\/span><\/span><\/span><\/h3>\n<p><strong>\u00a0BELLUNO <\/strong>Al via la quarta edizione del concorso fotografico. Il contest, lanciato per la prima volta nel 2017 con l\u2019obiettivo di coinvolgere i cittadini veneti nella tutela e nella valorizzazione della risorsa idrica, quest\u2019anno propone l\u2019importante tema dei cambiamenti climatici: in uno scatto, professionisti e semplici amatori della fotografia residenti nella regione potranno raccontare e catturare l\u2019acqua nelle sue molteplici forme e nella sua infinita variet\u00e0. Le foto, inedite, dovranno essere inviate entro il 31 gennaio. Info <span style=\"font-family: Arial, serif;\"><span style=\"font-size: medium;\">\u00a0\u00a0<a href=\"http:\/\/www.viveracqua.it\/\">www.viveracqua.it<\/a><\/span><\/span><\/p>\n<p>&nbsp;<\/p>\n<p>&nbsp;<\/p>\n<hr \/>\n<p>&nbsp;<\/p>\n<h2><span style=\"color: #ff0000;\">GLI APPUNTAMENTI DELLA SETTIMANA\u00a0\u00a0<\/span><\/h2>\n<blockquote>\n<h3>SOTTO IL MANTELLO&#8230;CON L&#8217;ASSOCIAZIONE CUCCHINI<\/h3>\n<\/blockquote>\n<p><strong>BELLUNO<\/strong> Appuntamento a cura dell\u2019Associazione Cucchini, domani in sala Bianchi alle 18. \u201cSotto il mantello\u201d,\u00a0 relatori &#8211; la dottoressa Cristina Vargas e il dottor Lorenzo Bolzonello,\u00a0 parleranno\u00a0 apertamente del tema delicato dell\u2019avvicinamento al fine vita del morente e al conseguente periodo del lutto per chi resta.<\/p>\n<p>&nbsp;<\/p>\n<blockquote>\n<h3>SCRIVIMI DALLA CINA<\/h3>\n<\/blockquote>\n<p><strong>GOSALDO<\/strong>\u00a0 Sabato alle 17 nelle ex scuole medie di Don, lettura teatralizzata in musica, il racconto di una storia d&#8217;amore dall&#8217;altro capo del mondo con &#8220;scrivimi dalla Cina&#8221;, presentato da Martina Lazzari, organizzato dagli amici della Biblioteca con il patrocinio del Comune di Gosaldo.<\/p>\n<p>&nbsp;<\/p>\n<blockquote>\n<h3>IL CUORE A TEATRO<\/h3>\n<\/blockquote>\n<p><strong>VOLTAGO<\/strong> Sabato 11 novembre alle 20.30 in sala Polifunzionale G. De Col, &#8220;l&#8217;albergo dei nevrastenici&#8221; con la Compagna del Teatro del cuore.<\/p>\n<p>&nbsp;<\/p>\n<blockquote>\n<h3>A TEATRO AL NOF FILO DI CENCENIGHE<\/h3>\n<\/blockquote>\n<p><strong>CENCENIGHE<\/strong> Sabato alle 20:30 al Nof Fil\u00f2 di Cencenighe la compagnia instabile Don Bosco presenta la commedia teatrale &#8220;La Terrazza&#8221;. Commedia brillante, giallo-comica, leggera anzi leggerissima. Ingresso ad offerta libera. Ingresso libero <a class=\"dt-pswp-item\" href=\"https:\/\/www.radiopiu.net\/wordpress\/wp-content\/uploads\/2023\/11\/LA-COMPAGNIA-INSTABILE-DON-BOSCO-PRESENTA-LA-TERRAZZA.jpg\" data-dt-img-description=\"\" data-large_image_width=\"1414\" data-large_image_height=\"2000\"><img loading=\"lazy\" decoding=\"async\" class=\"size-medium wp-image-360250 aligncenter\" src=\"https:\/\/www.radiopiu.net\/wordpress\/wp-content\/uploads\/2023\/11\/LA-COMPAGNIA-INSTABILE-DON-BOSCO-PRESENTA-LA-TERRAZZA-212x300.jpg\" alt=\"\" width=\"212\" height=\"300\" srcset=\"https:\/\/www.radiopiu.net\/wordpress\/wp-content\/uploads\/2023\/11\/LA-COMPAGNIA-INSTABILE-DON-BOSCO-PRESENTA-LA-TERRAZZA-212x300.jpg 212w, https:\/\/www.radiopiu.net\/wordpress\/wp-content\/uploads\/2023\/11\/LA-COMPAGNIA-INSTABILE-DON-BOSCO-PRESENTA-LA-TERRAZZA-724x1024.jpg 724w, https:\/\/www.radiopiu.net\/wordpress\/wp-content\/uploads\/2023\/11\/LA-COMPAGNIA-INSTABILE-DON-BOSCO-PRESENTA-LA-TERRAZZA-768x1086.jpg 768w, https:\/\/www.radiopiu.net\/wordpress\/wp-content\/uploads\/2023\/11\/LA-COMPAGNIA-INSTABILE-DON-BOSCO-PRESENTA-LA-TERRAZZA-1086x1536.jpg 1086w, https:\/\/www.radiopiu.net\/wordpress\/wp-content\/uploads\/2023\/11\/LA-COMPAGNIA-INSTABILE-DON-BOSCO-PRESENTA-LA-TERRAZZA.jpg 1414w\" sizes=\"auto, (max-width: 212px) 100vw, 212px\" \/><\/a><\/p>\n<p>&nbsp;<\/p>\n<p><strong>AGORDO <\/strong> LA LUCCIOLATA CON I BOCE DA RIF, GRUPPO ALPINI, COMUNE DI AGORDO. LA LUCCIOLATA DA AGORDO A RIF: DOMENICA 12 NOVEMBRE DALLE 14, DA PIAZZA SANTA MARIA. ALL&#8217;ARRIVO, A RIF, CASTAGNE E VIN BRULE&#8217;. ISCRIZIONE AD OFFERTA LIBERA, E INTERO RICAVATO PER LA GESTIONE DELLA CASA VIA DI NATALE DI AVIANO LA PASSEGGIATA DELLA SOLIDARIETA&#8217;&#8230;.<\/p>\n<p><a class=\"dt-pswp-item\" href=\"https:\/\/www.radiopiu.net\/wordpress\/wp-content\/uploads\/2023\/11\/Senza-nome.png\" data-dt-img-description=\"\" data-large_image_width=\"437\" data-large_image_height=\"399\"><img loading=\"lazy\" decoding=\"async\" class=\"wp-image-359506 aligncenter\" src=\"https:\/\/www.radiopiu.net\/wordpress\/wp-content\/uploads\/2023\/11\/Senza-nome-300x274.png\" alt=\"\" width=\"214\" height=\"195\" srcset=\"https:\/\/www.radiopiu.net\/wordpress\/wp-content\/uploads\/2023\/11\/Senza-nome-300x274.png 300w, https:\/\/www.radiopiu.net\/wordpress\/wp-content\/uploads\/2023\/11\/Senza-nome.png 437w\" sizes=\"auto, (max-width: 214px) 100vw, 214px\" \/><\/a><\/p>\n<p>&nbsp;<\/p>\n<blockquote>\n<h3>VISITE GRATUITE ALLA CRIPTA E AL POLITTICO DI SAN MARTINO NELLA CATTEDRALE DI BELLUNO, DOMENICA 12 NOVEMBRE<\/h3>\n<\/blockquote>\n<p><strong>BELLUNO<\/strong> Anche quest\u2019anno per festeggiare insieme il patrono di Belluno, l\u2019Associazione Campedel propone delle visite gratuite alla cripta del Duomo di Belluno e al polittico di San Martino. Domenica 12 novembre i soci della Campedel accompagneranno i visitatori in tre turni, alle 14.30, alle 15.30 e alle 16.30 alla scoperta di questo meraviglioso luogo che ospita dal 1873, in seguito al tremendo terremoto che colp\u00ec la citt\u00e0, il grande polittico con le storie del santo eseguito a fine Quattrocento dal Maestro della Cappella Galletti e riadattato a met\u00e0 Cinquecento dal bellunese Nicol\u00f2 De Stefani. Ingresso alla cripta in fondo alla navata sinistra, non \u00e8 necessaria la prenotazione. Le visite sono organizzate in collaborazione con la parrocchia Duomo-Loreto.<\/p>\n<p>&nbsp;<\/p>\n<blockquote>\n<h3>CINQUE EVENTI PER I 40 ANNI DEL CENTRO INTERNAZIONALE DEL LIBRO PARLATO &#8220;A. SERNAGIOTTO&#8221;<\/h3>\n<\/blockquote>\n<p><strong><a class=\"dt-pswp-item\" href=\"https:\/\/www.radiopiu.net\/wordpress\/wp-content\/uploads\/2023\/11\/1f9b39ac-7445-4292-9e66-746ed8bde8d9.jpg\" data-dt-img-description=\"\" data-large_image_width=\"800\" data-large_image_height=\"1067\"><img loading=\"lazy\" decoding=\"async\" class=\" wp-image-360368 alignleft\" src=\"https:\/\/www.radiopiu.net\/wordpress\/wp-content\/uploads\/2023\/11\/1f9b39ac-7445-4292-9e66-746ed8bde8d9-225x300.jpg\" alt=\"\" width=\"182\" height=\"243\" srcset=\"https:\/\/www.radiopiu.net\/wordpress\/wp-content\/uploads\/2023\/11\/1f9b39ac-7445-4292-9e66-746ed8bde8d9-225x300.jpg 225w, https:\/\/www.radiopiu.net\/wordpress\/wp-content\/uploads\/2023\/11\/1f9b39ac-7445-4292-9e66-746ed8bde8d9-768x1024.jpg 768w, https:\/\/www.radiopiu.net\/wordpress\/wp-content\/uploads\/2023\/11\/1f9b39ac-7445-4292-9e66-746ed8bde8d9.jpg 800w\" sizes=\"auto, (max-width: 182px) 100vw, 182px\" \/><\/a>FELTRE<\/strong> Sono 5 gli eventi in programma per celebrare i 40 anni del Libro Parlato di Feltre &#8220;A. Sernagiotto&#8221;.<\/p>\n<p><strong>SABATO 11 NOVEMBRE<\/strong> alle 18 al Caff\u00e8 Letterario ENAIP una conferenza multimediale con Lara Fiori e Gaetano Zagra. Lettere che Mozart scrisse alla sua amata Constanze<\/p>\n<p><strong>MERCOLEDI 22 NOVEMBRE <\/strong>alle 18 in Sala Ocri la presentazione del romanzo &#8220;Navigante di poppa&#8221;: Incontro con l&#8217;autrice Loredana Borghetto, presenta Cristina Pierotti<\/p>\n<p><strong>SABATO 9 DICEMBRE <\/strong>alle 18 in Sala Ocri Letture ad alta voce dedicate a Italo Calvino con Fabio Dalla Zuanna e Anna Branciforti<\/p>\n<p><strong>LUNEDI 18 DICEMBRE <\/strong>alle 18 in Sala Ocri Flavio Faoro: da Oltre le vette ai racconti e alle fiabe, presenta Luisa Alchini. Letture ad alta voce del gruppo Libri Parlanti<\/p>\n<p><strong>VENERDI 22 DICEMBRE <\/strong>alle 18 in Sala Ocri Presentazione del libro &#8220;Il saldatore del Vajont&#8221; con l&#8217;autore Antonio G. Bortoluzzi &#8211; presenta Nicola Maccagnan<\/p>\n<p>&nbsp;<\/p>\n<p>&nbsp;<\/p>\n<p>&nbsp;<\/p>\n<h2><span style=\"color: #ff0000;\">PROSSIMAMENTE<\/span><\/h2>\n<p><a class=\"dt-pswp-item\" href=\"https:\/\/www.radiopiu.net\/wordpress\/wp-content\/uploads\/2023\/11\/6ef13c6c-f912-41cf-a15e-5220bf2d3c7f.jpg\" data-dt-img-description=\"\" data-large_image_width=\"1131\" data-large_image_height=\"1600\"><img loading=\"lazy\" decoding=\"async\" class=\"size-medium wp-image-360248 alignleft\" src=\"https:\/\/www.radiopiu.net\/wordpress\/wp-content\/uploads\/2023\/11\/6ef13c6c-f912-41cf-a15e-5220bf2d3c7f-212x300.jpg\" alt=\"\" width=\"212\" height=\"300\" srcset=\"https:\/\/www.radiopiu.net\/wordpress\/wp-content\/uploads\/2023\/11\/6ef13c6c-f912-41cf-a15e-5220bf2d3c7f-212x300.jpg 212w, https:\/\/www.radiopiu.net\/wordpress\/wp-content\/uploads\/2023\/11\/6ef13c6c-f912-41cf-a15e-5220bf2d3c7f-724x1024.jpg 724w, https:\/\/www.radiopiu.net\/wordpress\/wp-content\/uploads\/2023\/11\/6ef13c6c-f912-41cf-a15e-5220bf2d3c7f-768x1086.jpg 768w, https:\/\/www.radiopiu.net\/wordpress\/wp-content\/uploads\/2023\/11\/6ef13c6c-f912-41cf-a15e-5220bf2d3c7f-1086x1536.jpg 1086w, https:\/\/www.radiopiu.net\/wordpress\/wp-content\/uploads\/2023\/11\/6ef13c6c-f912-41cf-a15e-5220bf2d3c7f.jpg 1131w\" sizes=\"auto, (max-width: 212px) 100vw, 212px\" \/><\/a><br \/>\n<strong>Rivamonte<\/strong> IL PRESIDIO LIBERA AGORDINO LUCIA PRECENZANO, SALVATORE AVERSA TI INVITA A &#8220;RIPARTIAMO DAI DIRITTI UMANI&#8221;, DIRITTO ALLA SALUTE, DIGNITA&#8217; E UGUAGLIANZA. SABATO 18 NOVEMBRE ALLE 20.30 ALLA CASA DELLA GIOVENTU&#8217; DI RIVAMONTE &#8220;MUSICAL PICCOLE DONNE&#8221; MESSO IN SCENA DALLA COMPAGNIA TTM, IN COLLABORAZIONE CON L&#8217;ASSOCIAZIONE BELLUNO DONNA. INGRESSO LIBERO, OFFERTE DEVOLUTE ALL&#8217;ASSOCIAZIONE BELLUNO DONNA, DA 20 ANNI A FIANCO DELLE DONNE. SABATO 18 NOVEMBRE 20.30 CASA DELLA GIOVENTU&#8217; DI RIVAMONTE, CON LIBERA AGORDINO, IN COLLABORAZIONE CON LA PROLOCO DI RIVAMONTE E IL PATROCINIO DELLE PARROCCHIE DEL POI E DEI FOLLI MA SPERANZOSI<\/p>\n<p>&nbsp;<\/p>\n<p>&nbsp;<\/p>\n<p>&nbsp;<\/p>\n<p>&nbsp;<\/p>\n<p>&nbsp;<\/p>\n<hr \/>\n<p>&nbsp;<\/p>\n<p>&nbsp;<\/p>\n<div class=\"message spoilers-container\" dir=\"auto\">\n<div class=\"column\">\n<div class=\"message spoilers-container\" dir=\"auto\">\n<div class=\"column\">\n<p><img loading=\"lazy\" decoding=\"async\" class=\"aligncenter wp-image-61954 size-full\" src=\"https:\/\/www.radiopiu.net\/wordpress\/wp-content\/uploads\/2018\/09\/viabilita.jpeg\" sizes=\"auto, (max-width: 800px) 100vw, 800px\" srcset=\"https:\/\/www.radiopiu.net\/wordpress\/wp-content\/uploads\/2018\/09\/viabilita.jpeg 800w, https:\/\/www.radiopiu.net\/wordpress\/wp-content\/uploads\/2018\/09\/viabilita-300x38.jpeg 300w, https:\/\/www.radiopiu.net\/wordpress\/wp-content\/uploads\/2018\/09\/viabilita-768x96.jpeg 768w\" alt=\"\" width=\"800\" height=\"100\" \/><\/p>\n<\/div>\n<\/div>\n<div class=\"message spoilers-container\" dir=\"auto\">\n<div class=\"column\">\n<p>&nbsp;<\/p>\n<\/div>\n<\/div>\n<\/div>\n<\/div>\n<blockquote class=\"wp-embedded-content\" data-secret=\"hEyepmZZjg\"><p><a href=\"https:\/\/www.radiopiu.net\/wordpress\/viabilita\/\">viabilita<\/a><\/p><\/blockquote>\n<p><iframe loading=\"lazy\" class=\"wp-embedded-content\" sandbox=\"allow-scripts\" security=\"restricted\" style=\"position: absolute; clip: rect(1px, 1px, 1px, 1px);\" title=\"&#8220;viabilita&#8221; &#8212; Radio Pi\u00f9\" src=\"https:\/\/www.radiopiu.net\/wordpress\/viabilita\/embed\/#?secret=sH7KH2rClC#?secret=hEyepmZZjg\" data-secret=\"hEyepmZZjg\" width=\"600\" height=\"338\" frameborder=\"0\" marginwidth=\"0\" marginheight=\"0\" scrolling=\"no\"><\/iframe><\/p>\n<div class=\"message spoilers-container\" dir=\"auto\">\n<div class=\"column\">\n<div class=\"message spoilers-container\" dir=\"auto\">\n<div class=\"column\">\n<div>\n<div dir=\"ltr\">\n<div class=\"gmail_quote\">\n<div dir=\"ltr\">\n<div><\/div>\n<div><\/div>\n<\/div>\n<\/div>\n<\/div>\n<\/div>\n<hr \/>\n<p>&nbsp;<\/p>\n<p><a class=\"dt-pswp-item\" href=\"https:\/\/www.radiopiu.net\/wordpress\/wp-content\/uploads\/2018\/09\/WhatsApp-Image-2018-09-20-at-16.04.06.jpeg\" data-dt-img-description=\"\" data-large_image_width=\"800\" data-large_image_height=\"100\"><img loading=\"lazy\" decoding=\"async\" class=\"wp-image-61378 size-full aligncenter\" src=\"https:\/\/www.radiopiu.net\/wordpress\/wp-content\/uploads\/2018\/09\/WhatsApp-Image-2018-09-20-at-16.04.06.jpeg\" alt=\"\" width=\"800\" height=\"100\" srcset=\"https:\/\/www.radiopiu.net\/wordpress\/wp-content\/uploads\/2018\/09\/WhatsApp-Image-2018-09-20-at-16.04.06.jpeg 800w, https:\/\/www.radiopiu.net\/wordpress\/wp-content\/uploads\/2018\/09\/WhatsApp-Image-2018-09-20-at-16.04.06-300x38.jpeg 300w, https:\/\/www.radiopiu.net\/wordpress\/wp-content\/uploads\/2018\/09\/WhatsApp-Image-2018-09-20-at-16.04.06-768x96.jpeg 768w\" sizes=\"auto, (max-width: 800px) 100vw, 800px\" \/><\/a><\/p>\n<\/div>\n<\/div>\n<p>&nbsp;<\/p>\n<\/div>\n<\/div>\n<p><center><\/center><center><\/center><center><b>OGGI<\/b><\/center><b>Tempo atteso: <\/b>Al mattino sole velato da sottili nubi alte che tenderanno ad estendersi ed infittirsi gradualmente fino a met\u00e0 pomeriggio; sulle Prealpi non esclusa l&#8217;aggiunta di nebbia mattutina, anche di qualche banco di nubi basse a ridosso della pedemontana. Da met\u00e0 pomeriggio in poi intensificazione della nuvolosit\u00e0 e successivo lieve peggioramento a partire dalle Prealpi occidentali, in estensione al resto della montagna veneta in serata.<br \/>\n<b>Precipitazioni: <\/b>Probabilit\u00e0 bassa fino al primo pomeriggio sulle Prealpi occidentali e fino al tardo pomeriggio sul Bellunese, prima di crescere in serata (60-80%) per fenomeni sempre pi\u00f9 diffusi, deboli sulle Dolomiti, a tratti moderati sulle Prealpi occidentali. Il limite neve sar\u00e0 sui 1300-1500 m, localmente 1100-1200 m su Dolomiti in tarda serata.<br \/>\n<b>Temperature: <\/b>Minime in rialzo oltre i 2200 m, pressoch\u00e9 stazionarie attorno ai 1500-2000 m e in calo sotto tali quote per buon irraggiamento notturno, pi\u00f9 sensibile nelle valli innevate. Massime in generale diminuzione.<\/p>\n<hr \/>\n<p><center><b>DOMANI<\/b><\/center><b>Tempo atteso: <\/b>Lieve maltempo notturno, poi tendenza ad un intervallo di variabilit\u00e0 con schiarite, prima che la nuvolosit\u00e0 cresca di nuovo, anche per addensamenti cumuliformi associati a qualche sporadico rovescio pomeridiano.<br \/>\n<b>Precipitazioni: <\/b>Nel corso della notte la probabilit\u00e0 sar\u00e0 alta (80-90%) per fenomeni diffusi, deboli sulle Dolomiti, a tratti moderati sulle Prealpi. Il limite neve sar\u00e0 sui 1300-1500 m, localmente un po&#8217; pi\u00f9 basso in alcune valli dolomitiche. Al mattino pausa senza precipitazioni, prima che l&#8217;instabilit\u00e0 riprenda con qualche rovescio pomeridiano (50-60%), nevoso oltre i 1500-1600 m.<br \/>\n<b>Temperature: <\/b>Generale lieve calo termico sulle cime, pressoch\u00e9 stazionarie alle quote medio-alte.<\/p>\n<hr \/>\n<p><center><b>SABATO<\/b><\/center>Sole e cielo sereno sulle Prealpi, mentre le Dolomiti saranno interessate da schiarite e nuvolosit\u00e0 irregolare sconfinata oltre lo spartiacque, in grado di dar luogo a qualche rovescio di neve burrascosa sulle cime e alle quote medio-alte al mattino, prima che il tempo migliori anche su quest&#8217;ultime. Temperature in generale diminuzione, specie in quota, eccetto locali aumenti nelle valli per temporanee condizioni di favonio.<\/p>\n<hr \/>\n<p><center><b>DOMENICA<\/b><\/center>In prevalenza soleggiato con qualche sottili velature del cielo alla sera. Contenuta insidia nebbia o banchi di nubi basse in alcuni fondovalle durante le ore pi\u00f9 fredde. Temperature in generale ulteriore lieve flessione.<\/p>\n<p>&nbsp;<\/p>\n<div class=\"message spoilers-container\" dir=\"auto\">\n<hr \/>\n<p>&nbsp;<\/p>\n<p><img loading=\"lazy\" decoding=\"async\" class=\"wp-image-60761 size-full aligncenter\" src=\"https:\/\/www.radiopiu.net\/wordpress\/wp-content\/uploads\/2018\/09\/sport.jpg\" alt=\"\" width=\"800\" height=\"100\" srcset=\"https:\/\/www.radiopiu.net\/wordpress\/wp-content\/uploads\/2018\/09\/sport.jpg 800w, https:\/\/www.radiopiu.net\/wordpress\/wp-content\/uploads\/2018\/09\/sport-300x38.jpg 300w, https:\/\/www.radiopiu.net\/wordpress\/wp-content\/uploads\/2018\/09\/sport-768x96.jpg 768w\" sizes=\"auto, (max-width: 800px) 100vw, 800px\" \/><\/p>\n<p>&nbsp;<\/p>\n<p><span style=\"color: #0000ff;\"><strong>HOCKEY SU GHIACCIO<\/strong><\/span><\/p>\n<blockquote>\n<h3>UN BUON GIRONE DI ANDATA PER L&#8217;ALLEGHE HOCKEY IN IHL, UN PO&#8217; MENO PER IL FELTRE<\/h3>\n<\/blockquote>\n<p><strong><a class=\"dt-pswp-item\" href=\"https:\/\/www.radiopiu.net\/wordpress\/wp-content\/uploads\/2023\/01\/hockey.jpg\" data-dt-img-description=\"\" data-large_image_width=\"1920\" data-large_image_height=\"1280\"><img loading=\"lazy\" decoding=\"async\" class=\" wp-image-315616 alignleft\" src=\"https:\/\/www.radiopiu.net\/wordpress\/wp-content\/uploads\/2023\/01\/hockey-300x200.jpg\" alt=\"\" width=\"171\" height=\"114\" srcset=\"https:\/\/www.radiopiu.net\/wordpress\/wp-content\/uploads\/2023\/01\/hockey-300x200.jpg 300w, https:\/\/www.radiopiu.net\/wordpress\/wp-content\/uploads\/2023\/01\/hockey-1024x683.jpg 1024w, https:\/\/www.radiopiu.net\/wordpress\/wp-content\/uploads\/2023\/01\/hockey-768x512.jpg 768w, https:\/\/www.radiopiu.net\/wordpress\/wp-content\/uploads\/2023\/01\/hockey-1536x1024.jpg 1536w, https:\/\/www.radiopiu.net\/wordpress\/wp-content\/uploads\/2023\/01\/hockey.jpg 1920w\" sizes=\"auto, (max-width: 171px) 100vw, 171px\" \/><\/a>di Marco Gaz<\/strong><\/p>\n<p><strong>REDAZIONE<\/strong> E&#8217; terminato nello scorso fine settimana il girone di andata della IHL e l&#8217;Alleghe Hockey si trova al quarto posto in classifica dopo le prime 10 partite giocate. Un buon inizio di stagione per la formazione allenata da Scapinello con 6 vittorie e 4 sconfitte, di cui una all&#8217;overtime all&#8217;esordio con i campioni in carica del Varese. Le civette hanno perso nei 60 minuti solo con Pergine, Caldaro e Bressanone. Per il resto solo vittorie. 19 i punti messi a segno dai biancorossi che si piazzano nella zona master round, cio\u00e8 tra le formazione che si aggiudicano i playoff. Il Feltre ha chiuso il girone di andata al sesto posto con 14 punti messi a segno. La strada si fa in salita per la formazione allenata da Fontana che non si pu\u00f2 permettere tanti passi falsi per agguantare la parte alta della classifica e non dover giocare un relegation round con le formazioni che lottano per la qualificazione alla fase finale. Mancano ancora 10 partite alla fine della stagione regolare e a partire da sabato inizia il girone di ritorno. L&#8217;Alleghe sar\u00e0 in terra lombarda per affrontare il Varese. Domenica tocca al Feltre che giocher\u00e0 in trasferta con il Como.<\/p>\n<p>&nbsp;<\/p>\n<p><span style=\"color: #0000ff;\"><strong>PALLAVOLO<\/strong><\/span><\/p>\n<blockquote>\n<h3>PER SCHIRO IL CLIMA DELLA BELLUNO VOLLEY E&#8217; BUONO<\/h3>\n<\/blockquote>\n<p><a class=\"dt-pswp-item\" href=\"https:\/\/www.radiopiu.net\/wordpress\/wp-content\/uploads\/2023\/11\/Schiro_al_servizio.jpg\" data-dt-img-description=\"\" data-large_image_width=\"1247\" data-large_image_height=\"1280\"><img loading=\"lazy\" decoding=\"async\" class=\" wp-image-360504 alignleft\" src=\"https:\/\/www.radiopiu.net\/wordpress\/wp-content\/uploads\/2023\/11\/Schiro_al_servizio-292x300.jpg\" alt=\"\" width=\"128\" height=\"132\" srcset=\"https:\/\/www.radiopiu.net\/wordpress\/wp-content\/uploads\/2023\/11\/Schiro_al_servizio-292x300.jpg 292w, https:\/\/www.radiopiu.net\/wordpress\/wp-content\/uploads\/2023\/11\/Schiro_al_servizio-998x1024.jpg 998w, https:\/\/www.radiopiu.net\/wordpress\/wp-content\/uploads\/2023\/11\/Schiro_al_servizio-768x788.jpg 768w, https:\/\/www.radiopiu.net\/wordpress\/wp-content\/uploads\/2023\/11\/Schiro_al_servizio.jpg 1247w\" sizes=\"auto, (max-width: 128px) 100vw, 128px\" \/><\/a>Sedici, tredici e ancora sedici punti. Ma anche cinque servizi vincenti (quattro dei quali nella sfida pi\u00f9 recente, a San Don\u00e0 di Piave) e quattro muri. Sono i numeri di una delle note pi\u00f9 liete di questo avvio di campionato per il Belluno Volley: i numeri confezionati da Andrea Schiro. Complice la gara in meno, il Belluno Volley naviga attualmente a met\u00e0 classifica, con un bilancio di due vittorie e altrettante sconfitte: \u00abIl clima nel gruppo \u00e8 ottimo. Ci supportiamo a vicenda e ci aiutiamo l\u2019uno con l\u2019altro. \u00c8 forte il senso di unit\u00e0 nel collettivo, cos\u00ec come lo spirito di gruppo\u00bb. Il prossimo avversario occupa l\u2019ultimo posto in graduatoria con un punto all\u2019attivo. Ma Schiro avverte: \u00abNonostante il piazzamento in classifica, la WiMore \u00e8 comunque una compagine con qualit\u00e0. In ogni caso, siamo determinati a dare il massimo in campo. Ci aspettiamo una bella sfida\u00bb.<\/p>\n<p>&nbsp;<\/p>\n<p>&nbsp;<\/p>\n<p>&nbsp;<\/p>\n<\/div>\n","protected":false},"excerpt":{"rendered":"<p>40esimo di RADIOPIU\u2026. LA VOCE DELL\u2019EMOZIONE ISCRIVITI AL NOSTRO CANALE\u00a0\u00a0YOUTUBE PER SEGUIRE IN DIRETTA I PRINCIPALI PROGRAMMI DI RADIO PIU\u2019 E LE FUTURE DIRETTE IN ESTERNA. PER ISCRIVERTI CLICCA QUI\u00a0E PREMI\u00a0 \u201cIscriviti\u201d\u00a0 &nbsp; FOTO: ALBA IN MARMOLADA ORE 5.45 DEL 9 NOVEMBRE di Diego Andriollo Funivia Marmolada. &nbsp; &nbsp; &nbsp; &nbsp; OGGI ALLA RADIO: ALLE&hellip;<\/p>\n","protected":false},"author":4,"featured_media":360611,"comment_status":"closed","ping_status":"closed","sticky":false,"template":"","format":"standard","meta":{"_monsterinsights_skip_tracking":false,"_monsterinsights_sitenote_active":false,"_monsterinsights_sitenote_note":"","_monsterinsights_sitenote_category":0,"footnotes":""},"categories":[51,86,49],"tags":[],"class_list":["post-360470","post","type-post","status-publish","format-standard","has-post-thumbnail","hentry","category-evidenza-top","category-gr","category-news-18","category-51","category-86","category-49","description-off"],"img_url":"https:\/\/www.radiopiu.net\/wordpress\/wp-content\/uploads\/2023\/11\/Senza-nome-42.png","_links":{"self":[{"href":"https:\/\/www.radiopiu.net\/wordpress\/wp-json\/wp\/v2\/posts\/360470","targetHints":{"allow":["GET"]}}],"collection":[{"href":"https:\/\/www.radiopiu.net\/wordpress\/wp-json\/wp\/v2\/posts"}],"about":[{"href":"https:\/\/www.radiopiu.net\/wordpress\/wp-json\/wp\/v2\/types\/post"}],"author":[{"embeddable":true,"href":"https:\/\/www.radiopiu.net\/wordpress\/wp-json\/wp\/v2\/users\/4"}],"replies":[{"embeddable":true,"href":"https:\/\/www.radiopiu.net\/wordpress\/wp-json\/wp\/v2\/comments?post=360470"}],"version-history":[{"count":0,"href":"https:\/\/www.radiopiu.net\/wordpress\/wp-json\/wp\/v2\/posts\/360470\/revisions"}],"wp:featuredmedia":[{"embeddable":true,"href":"https:\/\/www.radiopiu.net\/wordpress\/wp-json\/wp\/v2\/media\/360611"}],"wp:attachment":[{"href":"https:\/\/www.radiopiu.net\/wordpress\/wp-json\/wp\/v2\/media?parent=360470"}],"wp:term":[{"taxonomy":"category","embeddable":true,"href":"https:\/\/www.radiopiu.net\/wordpress\/wp-json\/wp\/v2\/categories?post=360470"},{"taxonomy":"post_tag","embeddable":true,"href":"https:\/\/www.radiopiu.net\/wordpress\/wp-json\/wp\/v2\/tags?post=360470"}],"curies":[{"name":"wp","href":"https:\/\/api.w.org\/{rel}","templated":true}]}}