{"id":360510,"date":"2023-11-08T11:29:52","date_gmt":"2023-11-08T10:29:52","guid":{"rendered":"https:\/\/www.radiopiu.net\/wordpress\/?p=360510"},"modified":"2023-11-08T11:31:21","modified_gmt":"2023-11-08T10:31:21","slug":"merry-artigiane-il-mercatino-natalizio-di-artigianatoooo","status":"publish","type":"post","link":"https:\/\/www.radiopiu.net\/wordpress\/merry-artigiane-il-mercatino-natalizio-di-artigianatoooo\/","title":{"rendered":"MERRY ARTIGIANE, IL MERCATINO NATALIZIO DI ARTIGIANATO"},"content":{"rendered":"<p><strong><a class=\"dt-pswp-item\" href=\"https:\/\/www.radiopiu.net\/wordpress\/wp-content\/uploads\/2023\/11\/Locandina-Merry-Artigiane-2023.jpg\" data-dt-img-description=\"\" data-large_image_width=\"1080\" data-large_image_height=\"1920\"><img loading=\"lazy\" decoding=\"async\" class=\" wp-image-360511 alignleft\" src=\"https:\/\/www.radiopiu.net\/wordpress\/wp-content\/uploads\/2023\/11\/Locandina-Merry-Artigiane-2023-169x300.jpg\" alt=\"\" width=\"144\" height=\"256\" srcset=\"https:\/\/www.radiopiu.net\/wordpress\/wp-content\/uploads\/2023\/11\/Locandina-Merry-Artigiane-2023-169x300.jpg 169w, https:\/\/www.radiopiu.net\/wordpress\/wp-content\/uploads\/2023\/11\/Locandina-Merry-Artigiane-2023-576x1024.jpg 576w, https:\/\/www.radiopiu.net\/wordpress\/wp-content\/uploads\/2023\/11\/Locandina-Merry-Artigiane-2023-768x1365.jpg 768w, https:\/\/www.radiopiu.net\/wordpress\/wp-content\/uploads\/2023\/11\/Locandina-Merry-Artigiane-2023-864x1536.jpg 864w, https:\/\/www.radiopiu.net\/wordpress\/wp-content\/uploads\/2023\/11\/Locandina-Merry-Artigiane-2023.jpg 1080w\" sizes=\"auto, (max-width: 144px) 100vw, 144px\" \/><\/a>di Alessia Dall&#8217;O<\/strong><\/p>\n<p><strong>SAN GREGORIO NELLE ALPI <\/strong>Con grande entusiasmo e aria di novit\u00e0 \u00e8 stato presentato il mercatino &#8220;Merry Artigiane&#8221;, un affascinante momento natalizio dedicato alle eccellenze artigianali, che aprir\u00e0 ufficialmente le sue porte presso la Fondazione Lucia De Conz a San Gregorio Nelle Alpi sabato 18 e domenica 19 novembre. Questo evento, creato da due amiche e talentuose artigiane, Paola Nard e Franca Bortot, promette di essere una vera e propria oasi di creativit\u00e0, arte e impresa.<\/p>\n<p><strong>Il mercatino di Natale<\/strong><br \/>\nLa Fondazione ospiter\u00e0 nelle sue stanze appena ristrutturate 21 donne imprenditrici che hanno fatto del loro talento e della loro passione una professione che le sostiene economicamente. Il market aprir\u00e0 sabato 18 novembre dalle 13 alle 19 e domenica 19 novembre dalle 10 alle 19 con ingresso libero, con conferma del parterre evento anche in caso di pioggia.\u00a0 Paola Nard,\u00a0 titolare di \u201cLe Argille di Paola\u201d, artigiana dal 2009 nel Comune di Sedico dichiara: \u201c<em>Durante il fine settimana le artigiane esporranno i loro prodotti che potranno diventare i primi regali di Natale o semplicemente un acquisto di un prodotto unico fatto a mano. Ci saranno anche tante attivit\u00e0 collaterali: le visite alla struttura con la guida Marta Azzalini, i laboratori sul cioccolato e di degustazione t\u00e8, ma anche laboratori per i pi\u00f9 piccini. Il programma \u00e8 molto ricco di intrattenimenti e inclusivo, poich\u00e8 spazia diversi interessi.\u201d<\/em><\/p>\n<p><strong><a class=\"dt-pswp-item\" href=\"https:\/\/www.radiopiu.net\/wordpress\/wp-content\/uploads\/2023\/11\/Franca-Bortot-Sinistra-e-Paola-Nard-destra-le-ideatrici-di-MERRY-ARTIGIANE.jpg\" data-dt-img-description=\"\" data-large_image_width=\"1539\" data-large_image_height=\"2048\"><img loading=\"lazy\" decoding=\"async\" class=\"size-medium wp-image-360512 alignright\" src=\"https:\/\/www.radiopiu.net\/wordpress\/wp-content\/uploads\/2023\/11\/Franca-Bortot-Sinistra-e-Paola-Nard-destra-le-ideatrici-di-MERRY-ARTIGIANE-225x300.jpg\" alt=\"\" width=\"225\" height=\"300\" srcset=\"https:\/\/www.radiopiu.net\/wordpress\/wp-content\/uploads\/2023\/11\/Franca-Bortot-Sinistra-e-Paola-Nard-destra-le-ideatrici-di-MERRY-ARTIGIANE-225x300.jpg 225w, https:\/\/www.radiopiu.net\/wordpress\/wp-content\/uploads\/2023\/11\/Franca-Bortot-Sinistra-e-Paola-Nard-destra-le-ideatrici-di-MERRY-ARTIGIANE-770x1024.jpg 770w, https:\/\/www.radiopiu.net\/wordpress\/wp-content\/uploads\/2023\/11\/Franca-Bortot-Sinistra-e-Paola-Nard-destra-le-ideatrici-di-MERRY-ARTIGIANE-768x1022.jpg 768w, https:\/\/www.radiopiu.net\/wordpress\/wp-content\/uploads\/2023\/11\/Franca-Bortot-Sinistra-e-Paola-Nard-destra-le-ideatrici-di-MERRY-ARTIGIANE-1154x1536.jpg 1154w, https:\/\/www.radiopiu.net\/wordpress\/wp-content\/uploads\/2023\/11\/Franca-Bortot-Sinistra-e-Paola-Nard-destra-le-ideatrici-di-MERRY-ARTIGIANE.jpg 1539w\" sizes=\"auto, (max-width: 225px) 100vw, 225px\" \/><\/a>L\u2019idea<\/strong><br \/>\nSulla nascita dell\u2019idea, Paola aggiunge: <em>\u201cIo e Franca Bortot abbiamo collaborato nella creazione di una collezione e da l\u00ec non ci siamo pi\u00f9 lasciate. Anche \u2018Merry Artigiane\u2019 \u00e8 un esempio concreto del come fare rete possa essere uno strumento importante per lavorare in un territorio come quello della Provincia di Belluno: insieme si crea e si aggiunge valore<\/em>\u201d.<br \/>\nChi acquista prodotti artigianali spesso lo fa per gusto personale, ma nel mentre con la propria scelta crea un riflesso, quello di sostenere piccole realt\u00e0 che animano il territorio, spesso anche di progetti femminili. \u201c<em>Nella creazione del market natalizio abbiamo tenuto conto di tre aspetti fondamentali: in primis di sostenere con questa occasione di promozione il vero mondo artigiano che si distingue bene per modalit\u00e0 e possibilit\u00e0 dal mercato hobbista. Ci teniamo molto a questo punto, per mandare un segnale forte, ovvero che di artigianato si pu\u00f2 vivere! In secondo luogo, ci siamo adoperate per cercare donne imprenditrici come lo siamo noi e ultimo ma non meno importante, abbiamo cercato di portare una proposta nel nostro territorio per far conoscere il mondo dell\u2019artigianato. Siamo molto liete che la Fondazione Lucia De Conz abbia aderito a questo progetto con molto interesse e partecipazione attiva dandoci tutto il supporto di cui avevamo bisogno.<\/em>\u201d<\/p>\n<p><strong><a class=\"dt-pswp-item\" href=\"https:\/\/www.radiopiu.net\/wordpress\/wp-content\/uploads\/2023\/11\/Fondazione-Lucia-De-Conz.jpg\" data-dt-img-description=\"\" data-large_image_width=\"1500\" data-large_image_height=\"2000\"><img loading=\"lazy\" decoding=\"async\" class=\" wp-image-360513 alignleft\" src=\"https:\/\/www.radiopiu.net\/wordpress\/wp-content\/uploads\/2023\/11\/Fondazione-Lucia-De-Conz-225x300.jpg\" alt=\"\" width=\"108\" height=\"144\" srcset=\"https:\/\/www.radiopiu.net\/wordpress\/wp-content\/uploads\/2023\/11\/Fondazione-Lucia-De-Conz-225x300.jpg 225w, https:\/\/www.radiopiu.net\/wordpress\/wp-content\/uploads\/2023\/11\/Fondazione-Lucia-De-Conz-768x1024.jpg 768w, https:\/\/www.radiopiu.net\/wordpress\/wp-content\/uploads\/2023\/11\/Fondazione-Lucia-De-Conz-1152x1536.jpg 1152w, https:\/\/www.radiopiu.net\/wordpress\/wp-content\/uploads\/2023\/11\/Fondazione-Lucia-De-Conz.jpg 1500w\" sizes=\"auto, (max-width: 108px) 100vw, 108px\" \/><\/a>Il mondo artigiano<\/strong><br \/>\nTutte le informazioni sul mercatino e le artigiane sono disponibili sui social network o digitando \u2018Merry Artigiane\u2019 nei principali motori di ricerca. \u201c<em>Questo \u00e8 l\u2019anno zero, in cui partiamo e cerchiamo di capire come risponde la nostra offerta su questo territorio.Non escludiamo che in futuro la manifestazione si ripeta e si allarghi.<\/em>\u201d conclude Nard. \u201c<em>L\u2019idea di base \u00e8 sempre comunque quella di fare rete, condividere idee, esperienze e spunti. Nel mondo artigiano abbiamo bisogno anche di questo e speriamo di creare un gruppo sempre pi\u00f9 proattivo e interessato che sappia anche farsi riconoscere come un punto di forza e valore nei piccoli centri.<\/em>\u201d<\/p>\n<p>&nbsp;<\/p>\n<p>&nbsp;<\/p>\n<p>***********<\/p>\n","protected":false},"excerpt":{"rendered":"<p>di Alessia Dall&#8217;O SAN GREGORIO NELLE ALPI Con grande entusiasmo e aria di novit\u00e0 \u00e8 stato presentato il mercatino &#8220;Merry Artigiane&#8221;, un affascinante momento natalizio dedicato alle eccellenze artigianali, che aprir\u00e0 ufficialmente le sue porte presso la Fondazione Lucia De Conz a San Gregorio Nelle Alpi sabato 18 e domenica 19 novembre. Questo evento, creato&hellip;<\/p>\n","protected":false},"author":4,"featured_media":360514,"comment_status":"closed","ping_status":"closed","sticky":false,"template":"","format":"standard","meta":{"_monsterinsights_skip_tracking":false,"_monsterinsights_sitenote_active":false,"_monsterinsights_sitenote_note":"","_monsterinsights_sitenote_category":0,"footnotes":""},"categories":[49],"tags":[],"class_list":["post-360510","post","type-post","status-publish","format-standard","has-post-thumbnail","hentry","category-news-18","category-49","description-off"],"img_url":"https:\/\/www.radiopiu.net\/wordpress\/wp-content\/uploads\/2023\/11\/SCR-20231108-kktq.png","_links":{"self":[{"href":"https:\/\/www.radiopiu.net\/wordpress\/wp-json\/wp\/v2\/posts\/360510","targetHints":{"allow":["GET"]}}],"collection":[{"href":"https:\/\/www.radiopiu.net\/wordpress\/wp-json\/wp\/v2\/posts"}],"about":[{"href":"https:\/\/www.radiopiu.net\/wordpress\/wp-json\/wp\/v2\/types\/post"}],"author":[{"embeddable":true,"href":"https:\/\/www.radiopiu.net\/wordpress\/wp-json\/wp\/v2\/users\/4"}],"replies":[{"embeddable":true,"href":"https:\/\/www.radiopiu.net\/wordpress\/wp-json\/wp\/v2\/comments?post=360510"}],"version-history":[{"count":0,"href":"https:\/\/www.radiopiu.net\/wordpress\/wp-json\/wp\/v2\/posts\/360510\/revisions"}],"wp:featuredmedia":[{"embeddable":true,"href":"https:\/\/www.radiopiu.net\/wordpress\/wp-json\/wp\/v2\/media\/360514"}],"wp:attachment":[{"href":"https:\/\/www.radiopiu.net\/wordpress\/wp-json\/wp\/v2\/media?parent=360510"}],"wp:term":[{"taxonomy":"category","embeddable":true,"href":"https:\/\/www.radiopiu.net\/wordpress\/wp-json\/wp\/v2\/categories?post=360510"},{"taxonomy":"post_tag","embeddable":true,"href":"https:\/\/www.radiopiu.net\/wordpress\/wp-json\/wp\/v2\/tags?post=360510"}],"curies":[{"name":"wp","href":"https:\/\/api.w.org\/{rel}","templated":true}]}}