{"id":360569,"date":"2023-11-09T05:36:57","date_gmt":"2023-11-09T04:36:57","guid":{"rendered":"https:\/\/www.radiopiu.net\/wordpress\/?p=360569"},"modified":"2023-11-09T06:05:08","modified_gmt":"2023-11-09T05:05:08","slug":"un-pomeriggio-con-gli-anziani-al-nof-filo-di-cencenighe","status":"publish","type":"post","link":"https:\/\/www.radiopiu.net\/wordpress\/un-pomeriggio-con-gli-anziani-al-nof-filo-di-cencenighe\/","title":{"rendered":"UN POMERIGGIO CON GLI ANZIANI AL NOF FILO&#8217; DI CENCENIGHE"},"content":{"rendered":"<h2>&#8220;Un incontro speciale per celebrare il lavoro prezioso di ASCA e dei suoi volontari&#8221;<\/h2>\n<p><strong><img loading=\"lazy\" decoding=\"async\" class=\"alignleft\" src=\"https:\/\/www.radiopiu.net\/wordpress\/wp-content\/uploads\/2023\/11\/f7717a6f-e140-4b3b-a404-f54a121d5381.jpg\" width=\"245\" height=\"156\" \/>CENCENIGHE <\/strong>In un&#8217;atmosfera di gioia e riconoscenza,\u00a0 ASCA ha organizzato un evento straordinario presso il Nof Fil\u00f2. L&#8217;occasione \u00e8 stata un&#8217;opportunit\u00e0 unica per incontrare gli anziani che frequentano i centri sollievo di Agordo, Rocca, Gosaldo e, naturalmente, Cencenighe. L&#8217;evento ha permesso di ringraziare pubblicamente i volontari e la psicologa Stefania Troian per il loro prezioso contributo nel gestire i centri di sollievo. Questi\u00a0 dedicano il loro tempo e le loro energie per garantire un servizio di alta qualit\u00e0 che comprende il trasporto, attivit\u00e0 ricreative e riabilitative. Inoltre, sempre pi\u00f9 spesso, queste attivit\u00e0 coinvolgono i bambini del nido e i ragazzi della scuola media, creando una connessione intergenerazionale unica. L&#8217;evento \u00e8 stato allietato dal sottofondo musicale di Fabiano e Franco e ha incluso una deliziosa merenda. Ma il momento clou dell&#8217;incontro \u00e8 stato il filmato ideato dalla psicologa Stefania Troian. Il filmato ha ripercorso le tappe e i momenti pi\u00f9 significativi dei quattro centri di sollievo dell&#8217;Agordino, offrendo uno sguardo approfondito sulla vita all&#8217;interno di queste strutture e le riflessioni dei volontari, che sono diventati veri punti di riferimento nei centri di sollievo.<\/p>\n<div class=\"flex-1 overflow-hidden\">\n<div class=\"react-scroll-to-bottom--css-iajbi-79elbk h-full\">\n<div class=\"react-scroll-to-bottom--css-iajbi-1n7m0yu\">\n<div class=\"flex flex-col text-sm gizmo:pb-9 dark:bg-gray-800 gizmo:dark:bg-transparent\">\n<div class=\"group w-full text-token-text-primary border-b border-black\/10 gizmo:border-0 dark:border-gray-900\/50 gizmo:dark:border-0 bg-gray-50 gizmo:bg-transparent dark:bg-[#444654] gizmo:dark:bg-transparent\" data-testid=\"conversation-turn-3\">\n<div class=\"p-4 gizmo:py-2 justify-center text-base md:gap-6 md:py-6 m-auto\">\n<div class=\"flex flex-1 gap-4 text-base mx-auto md:gap-6 gizmo:gap-3 gizmo:md:px-5 gizmo:lg:px-1 gizmo:xl:px-5 md:max-w-2xl lg:max-w-[38rem] gizmo:md:max-w-3xl gizmo:lg:max-w-[40rem] gizmo:xl:max-w-[48rem] xl:max-w-3xl }\">\n<div class=\"relative flex w-[calc(100%-50px)] flex-col gizmo:w-full lg:w-[calc(100%-115px)] agent-turn\">\n<div class=\"flex-col gap-1 md:gap-3\">\n<div class=\"flex flex-grow flex-col max-w-full gap-3 gizmo:gap-0\">\n<div class=\"min-h-[20px] text-message peer flex flex-col items-start gap-3 whitespace-pre-wrap break-words peer-[.text-message]:mt-5 overflow-x-auto\" data-message-author-role=\"assistant\" data-message-id=\"59881e1d-9714-438c-b84e-2b9fbd757a0c\">\n<div class=\"markdown prose w-full break-words dark:prose-invert dark\">\n<p>L&#8217;evento ha riunito oltre 80 partecipanti, tra cui i sindaci Mauro Soppelsa, Andrea De Bernardin, Danilo De Toni, Ezio Zuanel, e il vice di San Tomaso, Maria Jos\u00e9. Tutti hanno espresso la loro soddisfazione per l&#8217;importante lavoro svolto da ASCA sul territorio e la loro gratitudine per l&#8217;incrollabile impegno dei volontari. Hanno condiviso con l&#8217;amministratore dell&#8217;Azienda Consortile Mariachiara Santin e il Direttore Paolo Santesso l&#8217;importanza cruciale di questi servizi, che fungono da luoghi di benessere, cura e relazioni per la comunit\u00e0. L&#8217;evento ha rappresentato un momento straordinario di celebrazione e riconoscimento per tutti coloro che contribuiscono a rendere questi centri di sollievo un pilastro fondamentale nella vita delle persone anziane e della comunit\u00e0 nel suo complesso. ASCA e i suoi volontari continuano a dimostrare il loro impegno e dedizione nel creare un ambiente di sostegno e solidariet\u00e0.<\/p>\n<\/div>\n<\/div>\n<\/div>\n<\/div>\n<\/div>\n<\/div>\n<\/div>\n<\/div>\n<\/div>\n<\/div>\n<\/div>\n<\/div>\n<p>&nbsp;<\/p>\n<p>___<\/p>\n<p>&nbsp;<\/p>\n<p>&nbsp;<\/p>\n<p>___<\/p>\n","protected":false},"excerpt":{"rendered":"<p>&#8220;Un incontro speciale per celebrare il lavoro prezioso di ASCA e dei suoi volontari&#8221; CENCENIGHE In un&#8217;atmosfera di gioia e riconoscenza,\u00a0 ASCA ha organizzato un evento straordinario presso il Nof Fil\u00f2. L&#8217;occasione \u00e8 stata un&#8217;opportunit\u00e0 unica per incontrare gli anziani che frequentano i centri sollievo di Agordo, Rocca, Gosaldo e, naturalmente, Cencenighe. L&#8217;evento ha permesso&hellip;<\/p>\n","protected":false},"author":4,"featured_media":360570,"comment_status":"closed","ping_status":"closed","sticky":false,"template":"","format":"standard","meta":{"_monsterinsights_skip_tracking":false,"_monsterinsights_sitenote_active":false,"_monsterinsights_sitenote_note":"","_monsterinsights_sitenote_category":0,"footnotes":""},"categories":[104,49],"tags":[],"class_list":["post-360569","post","type-post","status-publish","format-standard","has-post-thumbnail","hentry","category-evidenza_3","category-news-18","category-104","category-49","description-off"],"img_url":"https:\/\/www.radiopiu.net\/wordpress\/wp-content\/uploads\/2023\/11\/f7717a6f-e140-4b3b-a404-f54a121d5381.jpg","_links":{"self":[{"href":"https:\/\/www.radiopiu.net\/wordpress\/wp-json\/wp\/v2\/posts\/360569","targetHints":{"allow":["GET"]}}],"collection":[{"href":"https:\/\/www.radiopiu.net\/wordpress\/wp-json\/wp\/v2\/posts"}],"about":[{"href":"https:\/\/www.radiopiu.net\/wordpress\/wp-json\/wp\/v2\/types\/post"}],"author":[{"embeddable":true,"href":"https:\/\/www.radiopiu.net\/wordpress\/wp-json\/wp\/v2\/users\/4"}],"replies":[{"embeddable":true,"href":"https:\/\/www.radiopiu.net\/wordpress\/wp-json\/wp\/v2\/comments?post=360569"}],"version-history":[{"count":0,"href":"https:\/\/www.radiopiu.net\/wordpress\/wp-json\/wp\/v2\/posts\/360569\/revisions"}],"wp:featuredmedia":[{"embeddable":true,"href":"https:\/\/www.radiopiu.net\/wordpress\/wp-json\/wp\/v2\/media\/360570"}],"wp:attachment":[{"href":"https:\/\/www.radiopiu.net\/wordpress\/wp-json\/wp\/v2\/media?parent=360569"}],"wp:term":[{"taxonomy":"category","embeddable":true,"href":"https:\/\/www.radiopiu.net\/wordpress\/wp-json\/wp\/v2\/categories?post=360569"},{"taxonomy":"post_tag","embeddable":true,"href":"https:\/\/www.radiopiu.net\/wordpress\/wp-json\/wp\/v2\/tags?post=360569"}],"curies":[{"name":"wp","href":"https:\/\/api.w.org\/{rel}","templated":true}]}}