{"id":360656,"date":"2023-11-10T05:57:28","date_gmt":"2023-11-10T04:57:28","guid":{"rendered":"https:\/\/www.radiopiu.net\/wordpress\/?p=360656"},"modified":"2023-11-10T12:47:29","modified_gmt":"2023-11-10T11:47:29","slug":"giornale-radiopiu-10-novembre-2023-direttore-mirko-mezzacasada-40-anni-25-giugno-1983-25-giugno-2023","status":"publish","type":"post","link":"https:\/\/www.radiopiu.net\/wordpress\/giornale-radiopiu-10-novembre-2023-direttore-mirko-mezzacasada-40-anni-25-giugno-1983-25-giugno-2023\/","title":{"rendered":"GIORNALE RADIOPIU 10 NOVEMBRE 2023 DIRETTORE MIRKO MEZZACASA\u2026DA 40 ANNI 25 GIUGNO 1983-25 GIUGNO 2023"},"content":{"rendered":"<h1 class=\"entry-title photoswipe-wrapper\">40esimo di RADIOPIU\u2026. LA VOCE DELL\u2019EMOZIONE<\/h1>\n<h2><span style=\"color: #ff0000;\">ISCRIVITI AL NOSTRO CANALE\u00a0\u00a0YOUTUBE PER SEGUIRE IN DIRETTA I PRINCIPALI PROGRAMMI DI RADIO PIU\u2019 E LE FUTURE DIRETTE IN ESTERNA. PER ISCRIVERTI <a style=\"color: #ff0000;\" href=\"https:\/\/youtube.com\/@radiopiu1527\">CLICCA QUI\u00a0<\/a>E PREMI\u00a0 \u201cIscriviti\u201d\u00a0<\/span><\/h2>\n<p>&nbsp;<\/p>\n<p><a class=\"dt-pswp-item\" href=\"https:\/\/www.radiopiu.net\/wordpress\/wp-content\/uploads\/2023\/11\/Locandina_infanzia-adolescenza-scaled.jpg\" data-dt-img-description=\"\" data-large_image_width=\"2560\" data-large_image_height=\"2560\"><img loading=\"lazy\" decoding=\"async\" class=\"size-medium wp-image-360720 aligncenter\" src=\"https:\/\/www.radiopiu.net\/wordpress\/wp-content\/uploads\/2023\/11\/Locandina_infanzia-adolescenza-300x300.jpg\" alt=\"\" width=\"300\" height=\"300\" srcset=\"https:\/\/www.radiopiu.net\/wordpress\/wp-content\/uploads\/2023\/11\/Locandina_infanzia-adolescenza-300x300.jpg 300w, https:\/\/www.radiopiu.net\/wordpress\/wp-content\/uploads\/2023\/11\/Locandina_infanzia-adolescenza-1024x1024.jpg 1024w, https:\/\/www.radiopiu.net\/wordpress\/wp-content\/uploads\/2023\/11\/Locandina_infanzia-adolescenza-150x150.jpg 150w, https:\/\/www.radiopiu.net\/wordpress\/wp-content\/uploads\/2023\/11\/Locandina_infanzia-adolescenza-768x768.jpg 768w, https:\/\/www.radiopiu.net\/wordpress\/wp-content\/uploads\/2023\/11\/Locandina_infanzia-adolescenza-1536x1536.jpg 1536w, https:\/\/www.radiopiu.net\/wordpress\/wp-content\/uploads\/2023\/11\/Locandina_infanzia-adolescenza-2048x2048.jpg 2048w\" sizes=\"auto, (max-width: 300px) 100vw, 300px\" \/><\/a><\/p>\n<p>&nbsp;<\/p>\n<hr \/>\n<p>&nbsp;<\/p>\n<p><a class=\"dt-pswp-item\" href=\"https:\/\/www.radiopiu.net\/wordpress\/wp-content\/uploads\/2023\/10\/34f4cfc6-e863-46e9-9695-8df44be63421.jpg\" data-dt-img-description=\"\" data-large_image_width=\"1200\" data-large_image_height=\"1200\"><img loading=\"lazy\" decoding=\"async\" class=\"wp-image-357393 alignleft\" src=\"https:\/\/www.radiopiu.net\/wordpress\/wp-content\/uploads\/2023\/10\/34f4cfc6-e863-46e9-9695-8df44be63421-300x300.jpg\" alt=\"\" width=\"81\" height=\"81\" srcset=\"https:\/\/www.radiopiu.net\/wordpress\/wp-content\/uploads\/2023\/10\/34f4cfc6-e863-46e9-9695-8df44be63421-300x300.jpg 300w, https:\/\/www.radiopiu.net\/wordpress\/wp-content\/uploads\/2023\/10\/34f4cfc6-e863-46e9-9695-8df44be63421-1024x1024.jpg 1024w, https:\/\/www.radiopiu.net\/wordpress\/wp-content\/uploads\/2023\/10\/34f4cfc6-e863-46e9-9695-8df44be63421-150x150.jpg 150w, https:\/\/www.radiopiu.net\/wordpress\/wp-content\/uploads\/2023\/10\/34f4cfc6-e863-46e9-9695-8df44be63421-768x768.jpg 768w, https:\/\/www.radiopiu.net\/wordpress\/wp-content\/uploads\/2023\/10\/34f4cfc6-e863-46e9-9695-8df44be63421.jpg 1200w\" sizes=\"auto, (max-width: 81px) 100vw, 81px\" \/><\/a>OGGI ALLA RADIO: <strong>ALLE 7<\/strong> LA RASSEGNA STAMPA LOCALE FLASH, PER CHI COME NOI ALLE SETTE DEL MATTINO VA DI FRETTA, TANTE NOTIZIE IN POCHE CHIACCHIERE. <strong>ALLE OTTO<\/strong> L&#8217;APPROFONDIMENTO NELLA STORICA RASSEGNA STAMPA LOCALE<\/p>\n<p>&nbsp;<\/p>\n<p><strong>ALLE 10.30 E 1900<\/strong>\u00a0 CON LA PETTIROSSO AGORDINO, SONIA D&#8217;AGOSTINI E LAURA MIANA <strong>ALLE 9 <\/strong>ANNI OTTANTA CON MONICA FONTANIVE\u00a0\u00a0<strong>ALLE 13.10<\/strong>\u00a0 GIANPIETRO ARGENTA IDEE NUOVE\u00a0 FALEGNAMERIA <strong>\u00a0ALLE 10 10 E\u00a0 18.30<\/strong>\u00a0 MUSLA LE NOVE IN LADIN<b>\u00a0 ALLE 19\u00a0<\/b> \u00a0ALLE\u00a0 RENZO MINELLA, NEVE ED EVENTI A FALCADE-SAN PELLEGRINO<\/p>\n<p>&nbsp;<\/p>\n<hr \/>\n<p>&nbsp;<\/p>\n<blockquote>\n<h1 class=\"entry-title photoswipe-wrapper\"><a class=\"dt-pswp-item\" href=\"https:\/\/www.radiopiu.net\/wordpress\/wp-content\/uploads\/2023\/11\/th-6.jpg\" data-dt-img-description=\"\" data-large_image_width=\"145\" data-large_image_height=\"97\"><img loading=\"lazy\" decoding=\"async\" class=\"size-full wp-image-360780 alignleft\" src=\"https:\/\/www.radiopiu.net\/wordpress\/wp-content\/uploads\/2023\/11\/th-6.jpg\" alt=\"\" width=\"145\" height=\"97\" \/><\/a><\/h1>\n<p><strong>W LE CASTAGNE&#8230;.FINE SETTIMANA DI FESTA A RIF E TOCCOL DI AGORDO\u00a0<\/strong><\/p><\/blockquote>\n<p>IN AGORDINO NON MANCANO GLI EVENTI IMPORTANTI: domenica castagne a Rif nel corso della Lucciolata per la via di Aviano. LA VALLE, castagna in piazza, domenica alle 15.30 con la proloco. Non mancheranno gli ambienti pubblici che con l&#8217;ombretta aggiungeranno una calda castagna come da anni succede al Bar Carlin<\/p>\n<blockquote><p><em><strong>A CAVIOLA DAL 18 AL 21 NOVEMBRE: SAGRA MADONNA DELLA SALUTE<\/strong>. Sabato 18 novembre alle 15 castagnata con il gruppo giovani,dalle 18 cucina anche da asporto Domenica 9 Messa, 10 trucca bambini e animazione, 11.15 cucina anche da asporto, con intrattenimento musicale. pomeriggio Torneo di Risiko e Monopoli Gara di Briscola e Castagnata con gli Alpini e \u201cL\u2019era na volta valk de doz\u201d. Gara di Torte con ricavato devoluto alla Croce Verde; iscrizioni al numero 349 1945681 <\/em><em>Marted\u00ec 21, Madonna della Salute con rosario e messe alla chiesa Madonna della Salute. Dalle 11.15 cucina anche da asporto NEI TRE GIORNI, PESCA DI BENEFICIENZA PRESSO I LOCALI ADIACENTI ALLA CHIESA PARROCCHIALE. <\/em><em>Manifestazioni a cura del Gruppo Alpini Caviola Cime d\u2019Auta, Parrocchia e ProLoco di Caviola<\/em><\/p><\/blockquote>\n<p>&nbsp;<\/p>\n<blockquote>\n<h3><a class=\"dt-pswp-item\" href=\"https:\/\/www.radiopiu.net\/wordpress\/wp-content\/uploads\/2020\/07\/frana-Val-Fiorentina-620x330-1.jpg\" data-dt-img-description=\"\" data-large_image_width=\"620\" data-large_image_height=\"330\"><img loading=\"lazy\" decoding=\"async\" class=\"wp-image-150370 alignleft\" src=\"https:\/\/www.radiopiu.net\/wordpress\/wp-content\/uploads\/2020\/07\/frana-Val-Fiorentina-620x330-1-300x160.jpg\" alt=\"\" width=\"197\" height=\"105\" srcset=\"https:\/\/www.radiopiu.net\/wordpress\/wp-content\/uploads\/2020\/07\/frana-Val-Fiorentina-620x330-1-300x160.jpg 300w, https:\/\/www.radiopiu.net\/wordpress\/wp-content\/uploads\/2020\/07\/frana-Val-Fiorentina-620x330-1.jpg 620w\" sizes=\"auto, (max-width: 197px) 100vw, 197px\" \/><\/a>IL RECUPERO DEI GATTINI IN GALLERIA<\/h3>\n<\/blockquote>\n<p>A Radio Pi\u00f9 nei giorni scorsi l&#8217;annuncio &#8220;gattini in galleria, prudenza&#8221;. Lungo la provinciale 20 tra Caprile e Selva di Cadore, nelle gallerie sono stati segnalati tre gattini randagi o abbandonati. Le &#8220;gattare&#8221; agordine non hanno perso tempo attivando vigili del fuoco e Carabinieri. Un micio \u00e8 stato salvato, per gli altri la &#8220;caccia&#8221; continua.<\/p>\n<p>&nbsp;<\/p>\n<p>&nbsp;<\/p>\n<hr \/>\n<p>&nbsp;<\/p>\n<div class=\"page-title-head hgroup\">\n<blockquote>\n<h3 class=\"entry-title\">CENCENIGHE, LA VALLE: ABBONATI ALL\u2019INQUINAMENTO DELLE ACQUE<\/h3>\n<\/blockquote>\n<\/div>\n<div class=\"page-title-breadcrumbs\">\n<p><strong><img decoding=\"async\" class=\"alignleft\" src=\"https:\/\/www.radiopiu.net\/wordpress\/wp-content\/uploads\/2021\/06\/th-12.jpg\" \/>CENCENIGHE<\/strong> Ed ora quanti giorni trascorreranno prima della cessata emergenza? Una settimana come nei casi miglior, o 10-15 giorni come pi\u00f9 volte riscontrato. Famiglie costrette a centellinare l&#8217;acqua e comperarla per sicurezza al supermercato, oppure prendere la tanica per mettersi in fila all&#8217;autobotte. In attesa che dagli uffici di Belluno di GSP venga dato l&#8217;ordine di inviare la bolletta per un servizio idrico che lascia a desiderare. A Cencenighe di sicuro:\u00a0 acqua inquinata in localit\u00e0 PRA&#8217; DI MEZZO e\u00a0 non pu\u00f2 essere usata per scopi alimentari. Verr\u00e0 effettuato servizio sostitutivo con cisterna in localit\u00e0 Pr\u00e0 di Mezzo.<\/p>\n<p><strong>LA VALLE\u00a0<\/strong> Acqua inquinata a RONCHE, NOACH, LE CAMPE e CANCELLADE\u00a0 non \u00e8 potabile e non pu\u00f2 essere usata per scopi alimentari. Verr\u00e0 effettuato servizio sostitutivo con autobotte in localit\u00e0 Le Campe e con cisterna in localit\u00e0 Ronche.<\/p>\n<p>&nbsp;<\/p>\n<\/div>\n<p>&nbsp;<\/p>\n<hr \/>\n<p>&nbsp;<\/p>\n<blockquote>\n<h3>DAL 15 NOVEMBRE ENTRA IN VIGORE L&#8217;OBBLIGO DI PNEUMATICI INVERNALI<\/h3>\n<\/blockquote>\n<p><strong>SEDICO <\/strong>Veneto Strade comunica che dal 15 novembre scatta l&#8217;obbligo di circolare con pneumatici invernali o di avere a bordo catene da neve o altri mezzi antisdrucciolevoli omologati. L&#8217;obbligo ha validit\u00e0 fino al 15 aprile 2023.<\/p>\n<p>&nbsp;<\/p>\n<p>&nbsp;<\/p>\n<hr \/>\n<p>&nbsp;<\/p>\n<blockquote>\n<h3>RIAPERTA, A SENSO UNICO ALTERNATO, LA SS 52 \u201cCARNICA\u201d TRA IL BIVIO CON LA SS 51BIS E CIMA GOGNA<\/h3>\n<\/blockquote>\n<p><b><a class=\"dt-pswp-item\" href=\"https:\/\/www.radiopiu.net\/wordpress\/wp-content\/uploads\/2023\/11\/Senza-nome-52.png\" data-dt-img-description=\"\" data-large_image_width=\"684\" data-large_image_height=\"378\"><img loading=\"lazy\" decoding=\"async\" class=\"size-medium wp-image-360763 alignleft\" src=\"https:\/\/www.radiopiu.net\/wordpress\/wp-content\/uploads\/2023\/11\/Senza-nome-52-300x166.png\" alt=\"\" width=\"300\" height=\"166\" srcset=\"https:\/\/www.radiopiu.net\/wordpress\/wp-content\/uploads\/2023\/11\/Senza-nome-52-300x166.png 300w, https:\/\/www.radiopiu.net\/wordpress\/wp-content\/uploads\/2023\/11\/Senza-nome-52.png 684w\" sizes=\"auto, (max-width: 300px) 100vw, 300px\" \/><\/a>VENEZIA\u00a0 <\/b>Ieri\u00a0<b> A<\/b>nas ha riaperto al traffico, in regime di senso unico alternato, la strada statale 52 \u201cCarnica\u201d tra il bivio con la SS51 bis e la localit\u00e0 Cima Gogna, precedente chiusa per una frana verificatasi durante il maltempo che la settimana scorsa ha colpito la Regione del Veneto. Si sono infatti concluse le operazioni di messa in sicurezza e monitoraggio del versante, eseguite dal personale Anas e dalle ditte incaricate. Lungo il tratto, appena cessata l\u2019allerta meteo, sono stati eseguiti senza sosta prima gli interventi disgaggio delle rocce instabili e le operazioni di esplorazione delle pareti rocciose e, successivamente si \u00e8 proceduto ad installare le reti paramassi in quota. In regime di senso unico alternato i lavori proseguiranno con l&#8217;installazione anche delle barriere paramassi, al termine delle quali attivit\u00e0 sar\u00e0 possibile la riapertura della statale a doppio senso di marcia.<\/p>\n<p>&nbsp;<\/p>\n<p>&nbsp;<\/p>\n<p>&nbsp;<\/p>\n<hr \/>\n<p>&nbsp;<\/p>\n<blockquote>\n<h3>DA NERVESA PER UN POLITRAUMA AD AURONZO PER UN DECESSO, IL VOLO DEL FALCO<\/h3>\n<\/blockquote>\n<p><strong><img loading=\"lazy\" decoding=\"async\" class=\"alignleft\" src=\"https:\/\/www.radiopiu.net\/wordpress\/wp-content\/uploads\/2020\/05\/falco.jpg\" width=\"155\" height=\"116\" \/>REDAZIONE<\/strong> Due interventi dell&#8217;elicottero Falco e un terzo di Eli Bressanone. Mattinata impegnativa quella di ieri\u00a0 per uomini e donne del Suem 118. Prima chiamata a met\u00e0 mattinata a Nervesa della Battaglia, soccorso un uomo e trasportato non in gravi condizioni all&#8217;ospedale di Montebelluna. Secondo intervento a Selva di Cadore in soccorso di un trentenne di Belluno infortunatosi agli arti inferiori e trasferito al San Martino del capoluogo. Infine, ad Auronzo, una volta forzata la porta dell&#8217;abitazione il tragico rinvenimento di un uomo di 68 anni di Belluno ritrovato privo di vita.<\/p>\n<p>&nbsp;<\/p>\n<blockquote>\n<h3>INVESTITA A SEDICO, MUORE DOPO IL RICOVERO IN OSPEDALE<\/h3>\n<\/blockquote>\n<p>&nbsp;<\/p>\n<p><strong><img loading=\"lazy\" decoding=\"async\" class=\"alignleft\" src=\"https:\/\/www.radiopiu.net\/wordpress\/wp-content\/uploads\/2023\/11\/Senza-nome-57.png\" width=\"210\" height=\"122\" \/>BELLUNO <\/strong>Una donna di 73 anni, Zaira Bogo, \u00e8 stata investita da una Panda guidata da un uomo di Sedico mentre cercava di attraversare la strada vicino al bar ristorante al Carpen. L&#8217;uomo alla guida della Panda si \u00e8 fermato per soccorrere la donna, ma le sue condizioni sono risultate gravi. La\u00a0 donna\u00a0 \u00e8 stata trasportata d&#8217;urgenza all&#8217;ospedale San Martino di Belluno, ma purtroppo \u00e8 deceduta poco dopo il ricovero<\/p>\n<p>&nbsp;<\/p>\n<p><strong><a class=\"dt-pswp-item\" href=\"https:\/\/www.radiopiu.net\/wordpress\/wp-content\/uploads\/2023\/11\/Senza-nome-58.png\" data-dt-img-description=\"\" data-large_image_width=\"306\" data-large_image_height=\"372\"><img loading=\"lazy\" decoding=\"async\" class=\"wp-image-360790 alignleft\" src=\"https:\/\/www.radiopiu.net\/wordpress\/wp-content\/uploads\/2023\/11\/Senza-nome-58-247x300.png\" alt=\"\" width=\"125\" height=\"152\" srcset=\"https:\/\/www.radiopiu.net\/wordpress\/wp-content\/uploads\/2023\/11\/Senza-nome-58-247x300.png 247w, https:\/\/www.radiopiu.net\/wordpress\/wp-content\/uploads\/2023\/11\/Senza-nome-58.png 306w\" sizes=\"auto, (max-width: 125px) 100vw, 125px\" \/><\/a>FELTRE<\/strong> Ombretta Boselli, sacrestana di 73 anni, \u00e8 deceduta a causa di un grave incidente avvenuto a Murle. Luned\u00ec sera \u00e8 stata investita da un furgone guidato da un compaesano quarantenne mentre si dirigeva a sistemare la chiesa di Pedavena. Le lesioni riportate, tra cui un trauma cranico, sono risultate fatali. La comunit\u00e0 si stringe attorno alla sua famiglia e al conducente del veicolo coinvolto. La procedura medico-legale ha confermato la morte cerebrale, e la procura di Belluno ha aperto un fascicolo per omicidio stradale. Ancora da fissare le esequie.<\/p>\n<p><strong>\u00a0FELTRE<\/strong> Oggi in cattedrale alle 15 i funerali di Maria Fiabane\u00a0 82 anni mancata dopo 20 giorni di agoni in seguito all&#8217;investimento mentre l&#8217;anziana era in carrozzina, sulle strisce pedonali davanti alla caserma dei Carabinieri. Eventuali offerte saranno devoluto all&#8217;ospedale Santa Maria del Prato.<\/p>\n<p><b>SEDICO\u00a0 <\/b>Poco prima delle 21, un uomo di colore di circa 40 anni \u00e8 stato investito mentre percorreva la strada con la sua bicicletta a Mas di Sedico, vicino al Bar Extra. Fortunatamente, l&#8217;uomo ha riportato solo lievi ferite, ed \u00e8 stato trasportato all&#8217;ospedale di Belluno. La bicicletta \u00e8 stata gettata a lato della strada. La polizia \u00e8 intervenuta sul posto.<\/p>\n<p><b>COLLE SANTA LUCIA\u00a0 <\/b>Intorno alle 20, un ulteriore incidente si \u00e8 verificato sul Passo Giau, dove una moto \u00e8 caduta a causa delle pericolose condizioni stradali causate dalla pioggia. Il conducente della moto ha riportato solo ferite lievi ma \u00e8 stato comunque ricoverato in ospedale con alcune fratture.<\/p>\n<p><strong>SELVA DI CADORE<\/strong> Un altro incidente sul lavoro nei boschi, un uomo di 30 anni \u00e8 rimasto schiacciato dal tronco nel cantiere forestale. E&#8217; stato soccorso dall&#8217;elicottero Eli Bressanone. Falco era infatti impegnato in Comelico per un analogo caso con un operaio di 46 anni di Danta di Cadore che ha riportato ferite agli arti inferiori<\/p>\n<p><strong>AURONZO<\/strong> Non lo sentivano da un paio di giorni, il 68enne Tullio Zanvettori abitante di via De Filippo ad Auronzo aveva accusato un grave malore: lo hanno trovato in fin di vita sdraiato sul divano. Un flebile segnale di vita per l&#8217;ex finanziere, 68 anni, ben conosciuto in paese: si \u00e8 spento durante i soccorsi avvenuti sia con il personale medico giunto in ambulanza, sia con l&#8217;equipe di Falco che avrebbe dovuto trasferirlo d&#8217;urgenza in ospedale a Belluno. Per l&#8217;uomo un problema probabilmente a livello cerebrale che non gli ha dato scampo.<\/p>\n<p><strong>FELTRE I<\/strong>l Soccorso alpino\u00a0 ha soccorso una cercatrice di funghi scivolata nei boschi non lontano da casa, in localit\u00e0 Canal. Una squadra ha raggiunto la 55enne di Feltre,\u00a0 che si \u00e8 fratturata una gamba. Caricata in barella, l&#8217;infortunata \u00e8 stata calata dai soccorritori lungo un ripido prato per 150 metri. Trasferita poi nell&#8217;ambulanza, \u00e8 stata accompagnata all&#8217;ospedale di Feltre<\/p>\n<p>&nbsp;<\/p>\n<hr \/>\n<blockquote>\n<h3>LACRIME TRA LE DOMANDE DEI PERCHE&#8217; DI UNA VITA NON VISSUTA<\/h3>\n<\/blockquote>\n<p><strong><img loading=\"lazy\" decoding=\"async\" class=\"alignleft\" src=\"https:\/\/www.radiopiu.net\/wordpress\/wp-content\/uploads\/2023\/11\/b34f01ae-4c81-4037-8173-d96471f0f6a0.jpg\" width=\"251\" height=\"188\" \/><\/strong><strong>PUOS D&#8217;ALPAGO<\/strong> Mica facile spiegare perch\u00e8, perch\u00e9 un marito esemplare, un padre e un lavoratore capace di spendersi per gli altri, per vocazione. Perch\u00e8?<\/p>\n<p>Le parole non asciugano le lacrime, gli abbracci e le carezze dei tanti amici aiutano. Nella chiesa di Puos, in Alpago, i funerali di Walter Locatello, il 44enne vigile del fuoco inghiottito dalle acque di un canale una settimana fa e il cui corpo privo di vita \u00e8 stato ritrovato luned\u00ec nel lago di Santa Croce. La bara \u00e8 stata trasportata a bordo di un mezzo dei pompieri,\u00a0 \u00a0gli stessi che in uniforme\u00a0 rossa l&#8217;hanno poi portata all&#8217;interno. Centinaia le persone presenti, mentre la raccolta fondi per sostenere la famiglia\u00a0 sfiora gli 85mila euro.<\/p>\n<div dir=\"auto\">\n<p><strong>LA RACCOLTA FONDI:<\/strong> Un amico fraterno\u00a0 Maurizio Torri ha lanciato la raccolta fondi &#8220;Sostieni Martino&#8221; in favore della moglie Sybil Genoria e del suo bambino. Centinaia di donazioni sulla piattaforma in rete gofundme. Si stanno muovendo anche i coscritti della classe 1979, oltre al mondo del volontariato e dello sport. Una raccolta \u00e8 in corso anche alla Botte del Re, una pizzeria di Calalzo collegata con il distaccamento dei vigili dei Pieve di Cadore, mentre le offerte in chiesa andranno in beneficenza. Anche dal GIORNALE RADIO PIU e canali social di Radio Pi\u00f9 si puo&#8217; raggiungere la piattaforma per le donazioni, ad oggi sono stati raccolti oltre\u00a0 83 mila euro<\/p>\n<\/div>\n<h1>per donazioni <span style=\"color: #0000ff;\"><strong><a style=\"color: #0000ff;\" href=\"https:\/\/gofund.me\/39c3f464\">CLICCA QUI<\/a><\/strong><\/span><\/h1>\n<p>&nbsp;<\/p>\n<blockquote>\n<h3 class=\"_title post-title entry-title\"><a class=\"dt-pswp-item\" href=\"https:\/\/www.radiopiu.net\/wordpress\/wp-content\/uploads\/2023\/11\/Senza-nome-53.png\" data-dt-img-description=\"\" data-large_image_width=\"711\" data-large_image_height=\"310\"><img loading=\"lazy\" decoding=\"async\" class=\"alignnone wp-image-360768 size-full\" src=\"https:\/\/www.radiopiu.net\/wordpress\/wp-content\/uploads\/2023\/11\/Senza-nome-53.png\" alt=\"\" width=\"711\" height=\"310\" srcset=\"https:\/\/www.radiopiu.net\/wordpress\/wp-content\/uploads\/2023\/11\/Senza-nome-53.png 711w, https:\/\/www.radiopiu.net\/wordpress\/wp-content\/uploads\/2023\/11\/Senza-nome-53-300x131.png 300w\" sizes=\"auto, (max-width: 711px) 100vw, 711px\" \/><\/a><\/h3>\n<h3><\/h3>\n<h3><\/h3>\n<h3 class=\"_title post-title entry-title\">L\u2019ULTIMO STRAZIANTE SALUTO A WALTER LOCATELLO<\/h3>\n<\/blockquote>\n<p>IERI SERA DAL TG DI ANTENNA 3, E OGNI SERA ALLE 19 LE ANTICIPAZIONI A RADIO PIU&#8217;<\/p>\n<p>DI FABIO FIORAVANZI<br \/>\nIntervistati MARIANO SAVASTANO (PREFETTO BELLUNO), ANTONIO DEL GALLO (COMANDANTE VIGILI DEL FUOCO BELLUNO), ROBERTO PADRIN (PRESIDENTE PROVINCIA BELLUNO), GIANPAOLO BOTTACIN (ASSESSORE PROTEZIONE CIVILE REGIONE VENETO)<\/p>\n<p><iframe loading=\"lazy\" title=\"L&#039;ULTIMO STRAZIANTE SALUTO A WALTER LOCATELLO  | 09\/11\/2023\" width=\"1200\" height=\"675\" src=\"https:\/\/www.youtube.com\/embed\/TFkTKRKxmI8?feature=oembed\" frameborder=\"0\" allow=\"accelerometer; autoplay; clipboard-write; encrypted-media; gyroscope; picture-in-picture; web-share\" allowfullscreen><\/iframe><\/p>\n<p>&nbsp;<\/p>\n<hr \/>\n<p>&nbsp;<\/p>\n<blockquote>\n<h3>RINNOVATO IL SERBATOIO DELL\u2019ACQUEDOTTO DI LE COSTE A FALCADE<\/h3>\n<\/blockquote>\n<p><strong>BELLUNO <\/strong>Nuova vita al serbatoio dell\u2019acquedotto di Le Coste, in Comune di Falcade, che garantisce l\u2019approvvigionamento idrico a tutto il centro cittadino. Bim Gsp, infatti, con un investimento di 180mila euro, ha provveduto a ristrutturarlo integralmente. L\u2019intervento, nello specifico, ha permesso il risanamento e l\u2019impermeabilizzazione delle pareti interne e della copertura, la sostituzione di tutte le tubazioni interne e del valvolame idraulico, l\u2019installazione di un nuovo debatterizzatore a raggi UV per la disinfezione dell\u2019acqua prima della distribuzione all\u2019utenza, la posa, infine, di scale, parapetti e punti di ancoraggio per gli accessi in sicurezza all\u2019impianto. Contestualmente, sono stati posati circa 200 metri di nuove tubazioni in arrivo e uscita dal serbatoio, in sostituzione delle esistenti ormai vetuste, e installato il sistema di telecontrollo per il monitoraggio da remoto.<\/p>\n\n\t\t\t<style type='text\/css'>\n\t\t\t\t#gallery-1 {\n\t\t\t\t\tmargin: auto;\n\t\t\t\t}\n\t\t\t\t#gallery-1 .gallery-item {\n\t\t\t\t\tfloat: left;\n\t\t\t\t\tmargin-top: 10px;\n\t\t\t\t\ttext-align: center;\n\t\t\t\t\twidth: 33%;\n\t\t\t\t}\n\t\t\t\t#gallery-1 img {\n\t\t\t\t\tborder: 2px solid #cfcfcf;\n\t\t\t\t}\n\t\t\t\t#gallery-1 .gallery-caption {\n\t\t\t\t\tmargin-left: 0;\n\t\t\t\t}\n\t\t\t\t\/* see gallery_shortcode() in wp-includes\/media.php *\/\n\t\t\t<\/style>\n\t\t<div id='gallery-1' class='dt-gallery-container gallery galleryid-360656 gallery-columns-3 gallery-size-thumbnail'><dl class='gallery-item'>\n\t\t\t\t<dt class='gallery-icon landscape'>\n\t\t\t\t\t<a class=\"rollover rollover-zoom dt-pswp-item\" title=\"1_il serbatoio di Le Coste a Falcade (esterno)\" data-dt-img-description=\"\" data-large_image_width=\"1541\" data-large_image_height=\"1156\"href='https:\/\/www.radiopiu.net\/wordpress\/wp-content\/uploads\/2023\/11\/1_il-serbatoio-di-Le-Coste-a-Falcade-esterno.jpg'><img loading=\"lazy\" decoding=\"async\" width=\"150\" height=\"150\" src=\"https:\/\/www.radiopiu.net\/wordpress\/wp-content\/uploads\/2023\/11\/1_il-serbatoio-di-Le-Coste-a-Falcade-esterno-150x150.jpg\" class=\"attachment-thumbnail size-thumbnail\" alt=\"\" \/><\/a>\n\t\t\t\t<\/dt><\/dl><dl class='gallery-item'>\n\t\t\t\t<dt class='gallery-icon portrait'>\n\t\t\t\t\t<a class=\"rollover rollover-zoom dt-pswp-item\" title=\"2_la posa delle condotte\" data-dt-img-description=\"\" data-large_image_width=\"1181\" data-large_image_height=\"1575\"href='https:\/\/www.radiopiu.net\/wordpress\/wp-content\/uploads\/2023\/11\/2_la-posa-delle-condotte.jpg'><img loading=\"lazy\" decoding=\"async\" width=\"150\" height=\"150\" src=\"https:\/\/www.radiopiu.net\/wordpress\/wp-content\/uploads\/2023\/11\/2_la-posa-delle-condotte-150x150.jpg\" class=\"attachment-thumbnail size-thumbnail\" alt=\"\" \/><\/a>\n\t\t\t\t<\/dt><\/dl><dl class='gallery-item'>\n\t\t\t\t<dt class='gallery-icon portrait'>\n\t\t\t\t\t<a class=\"rollover rollover-zoom dt-pswp-item\" title=\"3_il debatterizzatore a raggi UV\" data-dt-img-description=\"\" data-large_image_width=\"1000\" data-large_image_height=\"1333\"href='https:\/\/www.radiopiu.net\/wordpress\/wp-content\/uploads\/2023\/11\/3_il-debatterizzatore-a-raggi-UV.jpg'><img loading=\"lazy\" decoding=\"async\" width=\"150\" height=\"150\" src=\"https:\/\/www.radiopiu.net\/wordpress\/wp-content\/uploads\/2023\/11\/3_il-debatterizzatore-a-raggi-UV-150x150.jpg\" class=\"attachment-thumbnail size-thumbnail\" alt=\"\" \/><\/a>\n\t\t\t\t<\/dt><\/dl><br style=\"clear: both\" \/>\n\t\t\t<\/div>\n\n<p>&nbsp;<\/p>\n<hr \/>\n<p>&nbsp;<\/p>\n<blockquote>\n<h3>PESSIMO ESEMPIO. DAGLI SCRANNI UN BRUTTO MESSAGGIO ANCHE VERSO LE NUOVE GENERAZIONI.<\/h3>\n<p><em>BELLUNO AL CENTRO FA QUADRATO INTORNO A FRANCO ROCCON<\/em><\/p><\/blockquote>\n<p><strong> <img decoding=\"async\" class=\"alignleft\" src=\"https:\/\/www.radiopiu.net\/wordpress\/wp-content\/uploads\/2023\/11\/Senza-nome-46.png\" \/>BELLUNO<\/strong> Durante la seduta del consiglio comunale il consigliere comunale di minoranza ed ex candidato sindaco Giuseppe Vignato ha dato in escandescenze dapprima insultando ad alta voce pi\u00f9 volte l&#8217;assessore Franco Roccon con epiteti irripetibili e infine, non contento di ci\u00f2, rivolgendogli il dito medio uscendo dall&#8217;aula dopo che l&#8217;assessore ne aveva chiesto correttamente le scuse.\u00a0 Tali comportamenti squalificano chi li ha messi in atto e sviliscono un luogo dove si discute di argomenti amministrativi che interessano tutti i cittadini.\u00a0 Nel condannare tali atti volgari e fuori contesto ci preme rivolgere all&#8217;assessore Franco Roccon la nostra totale vicinanza e solidariet\u00e0 personale e politica.\u00a0 La competizione elettorale di un anno fa purtroppo ci aveva gi\u00e0 regalato, da parte del candidato sindaco della sinistra, altri momenti assai diseducativi e frutto di quello che molto semplicemente possiamo definire come sciatteria politica.\u00a0 Questi inqualificabili episodi dimostrano ancora una volta il diverso spessore umano e politico del Sindaco Oscar De Pellegrin, persona capace e rispettosa.\u00a0 Stigmatizzando tali comportamenti ci auguriamo che non abbiano pi\u00f9 a ripetersi in quanto chi ha responsabilit\u00e0 amministrative dovrebbe dare il buon esempio ai propri cittadini!<\/p>\n<p>&nbsp;<\/p>\n<blockquote>\n<h3>GRUPPO CONSILIARE FRATELLI D\u2019ITALIA-GIORGIA MELONI<\/h3>\n<\/blockquote>\n<h3><a class=\"dt-pswp-item\" href=\"https:\/\/www.radiopiu.net\/wordpress\/wp-content\/uploads\/2023\/11\/Senza-nome-50.png\" data-dt-img-description=\"\" data-large_image_width=\"139\" data-large_image_height=\"131\"><img loading=\"lazy\" decoding=\"async\" class=\"size-full wp-image-360719 alignleft\" src=\"https:\/\/www.radiopiu.net\/wordpress\/wp-content\/uploads\/2023\/11\/Senza-nome-50.png\" alt=\"\" width=\"139\" height=\"131\" \/><\/a><\/h3>\n<p><strong>BELLUNO<\/strong>\u00a0 Condanniamo gli atti volgari e fuori contesto a cui tutti noi consiglieri e cittadini di Belluno abbiamo dovuto assistere nel corso del consiglio comunale; rivolgiamo all\u2019assessore Franco Roccon la nostra tota- le vicinanza e solidariet\u00e0 personale e politica a fronte delle offese reite- rate durante la seduta, culminate con un gesto offensivo e ingiustificato da parte dell\u2019ex candidato sindaco Vignato. Purtroppo riscontriamo ancora una volta un comportamento inqualifica bile da parte di alcuni Consiglieri di Valore Comune.\u00a0 Se si \u00e8 ritenuto che in seno alla maggioranza ci fossero problemi, che nella realt\u00e0 non ci sono, questi atteggiamenti della minoranza palesano invece quanto essa sia inconsistente e di basso livello, poich\u00e9 anzich\u00e9 essere parte attiva nell&#8217;amministrazione cittadina si riducono ad esibire volgarit\u00e0 ed insulti. I rappresentanti comunali di Fratelli d\u2019Italia- Giorgia Meloni non con- dividono questa dialettica, ribadendo il concetto per cui nell&#8217;agone poli- tico\/amministrativo non \u00e8 accettabile alcuno scadimento in volgarit\u00e0 e mancanza di rispetto.<\/p>\n<p>Alessandro Farina, Simone Bristot, Valentina Dalla Cort, Armando Stefani e gli Assessori Comunali Monica Mazzoccoli, Raffaele Addamiano<\/p>\n<p>&nbsp;<\/p>\n<blockquote>\n<h3 class=\"_title post-title entry-title\">\u00a0CONSIGLIO AL FULMICOTONE. OLIVOTTO: \u00abDALLA GIUNTA SOLO BUGIE AI CITTADINI<\/h3>\n<\/blockquote>\n<p>IERI SERA DAL TG DI ANTENNA 3, E OGNI SERA ALLE 19 LE ANTICIPAZIONI A RADIO PIU&#8217;<\/p>\n<p>DI TIZIANA BOLOGNANI<\/p>\n<p><iframe loading=\"lazy\" title=\"CONSIGLIO AL FULMICOTONE. OLIVOTTO: \u00abDALLA GIUNTA SOLO BUGIE AI CITTADINI\u00bb | 09\/11\/2023\" width=\"1200\" height=\"675\" src=\"https:\/\/www.youtube.com\/embed\/S9O-iTceNLI?feature=oembed\" frameborder=\"0\" allow=\"accelerometer; autoplay; clipboard-write; encrypted-media; gyroscope; picture-in-picture; web-share\" allowfullscreen><\/iframe><\/p>\n<p>&nbsp;<\/p>\n<p>&nbsp;<\/p>\n<hr \/>\n<p>&nbsp;<\/p>\n<p><span style=\"color: #ff0000;\">OLIMPIADI MILANO-CORTINA 2026\u00a0<\/span><\/p>\n<blockquote>\n<h3>PISTA DA BOB LA COMMEDIA PIRANDELLINA<\/h3>\n<\/blockquote>\n<p><strong>ROMA<\/strong> Da Palazzo Madama nuovo intervento della senatrice di Alleanza Verdi e Sinistra Aurora Floridia, sulla pista da bobper le Olimpiadi 2026 <em>&#8220;E&#8217; diventata\u00a0 &#8211; dice &#8211; una commedia Pirandelliana, una pista, nessuna, centomila. Il presidente del Coni e della fondazione Milano \u2013 Cortina, Malag\u00f2 continua a usare i \u2018se\u2019 e i \u2018ma\u2019 sulla possibilit\u00e0 che Cesana possa ospitare le gare olimpiche di bob, slittino e skeleton. Tutti \u2018mezzucci\u2019 legati alla ricerca di finanziamenti per accontentare tutti, anche i delusi come il presidente del Veneto, Luca Zaia&#8221;.\u00a0<\/em> Per questo la Floridia chiede al Ministro dello sport Abodi di riferire in Aula.<\/p>\n<blockquote><p>&nbsp;<\/p>\n<p>&nbsp;<\/p><\/blockquote>\n<hr \/>\n<blockquote><p>&nbsp;<\/p>\n<h3>DOLOMITI AMBIENTE: NESSUNA OFFERTA DOPO LA DISMISSIONE DELLA PROVINCIA<\/h3>\n<\/blockquote>\n<h3><a class=\"dt-pswp-item\" href=\"https:\/\/www.radiopiu.net\/wordpress\/wp-content\/uploads\/2023\/11\/Senza-nome-47.png\" data-dt-img-description=\"\" data-large_image_width=\"493\" data-large_image_height=\"240\"><img loading=\"lazy\" decoding=\"async\" class=\"size-medium wp-image-360710 alignleft\" src=\"https:\/\/www.radiopiu.net\/wordpress\/wp-content\/uploads\/2023\/11\/Senza-nome-47-300x146.png\" alt=\"\" width=\"300\" height=\"146\" srcset=\"https:\/\/www.radiopiu.net\/wordpress\/wp-content\/uploads\/2023\/11\/Senza-nome-47-300x146.png 300w, https:\/\/www.radiopiu.net\/wordpress\/wp-content\/uploads\/2023\/11\/Senza-nome-47.png 493w\" sizes=\"auto, (max-width: 300px) 100vw, 300px\" \/><\/a><\/h3>\n<p><strong>BELLUNO\u00a0<\/strong> Acquirenti, nessuno. Si \u00e8 chiusa\u00a0 la procedura di evidenza pubblica per la dismissione della partecipazione della Provincia ne La Dolomiti Ambiente e non sono pervenute offerte. \u201cCome Amministratori pubblici dovremmo avere a cuore il futuro di un bene pubblico, nel contesto dei rifiuti, invece si \u00e8 vista una generale ostilit\u00e0 nei confronti de La Dolomiti Ambiente con considerazioni pubbliche che seppur ampiamente smentite, gettano cattiva luce sulla societ\u00e0&#8221; lo dice il consigliere provinciale Simone Deola.\u00a0 Permane comunque la possibilit\u00e0 per BIM Gsp di esercitare il diritto di prelazione. \u00a0A breve i sindaci saranno chiamati a esprimere mandato a Bim Gsp di esercitare il diritto di prelazione che, a questo punto, rappresenta l\u2019ultima ancora di salvataggio &#8220;Non tanto de La Dolomiti Ambiente &#8211; conclude Deola &#8211;\u00a0 quanto\u00a0 dell\u2019affidamento del servizio integrato di raccolta e smaltimento dei rifiuti in Provincia di Belluno\u201d<\/p>\n<p>&nbsp;<\/p>\n<hr \/>\n<p>&nbsp;<\/p>\n<blockquote>\n<h3>NEVEGAL, MANCA SOLO LA FIRMA SUL CONTRATTO<\/h3>\n<\/blockquote>\n<p><strong><img loading=\"lazy\" decoding=\"async\" class=\"alignleft\" src=\"https:\/\/www.radiopiu.net\/wordpress\/wp-content\/uploads\/2019\/09\/nevegal-visentin-nogherazza.jpg\" width=\"204\" height=\"152\" \/>BELLUNO<\/strong><\/p>\n<p><strong>DANIELE DALVIT<\/strong><\/p>\n<audio class=\"wp-audio-shortcode\" id=\"audio-360656-1\" preload=\"none\" style=\"width: 100%;\" controls=\"controls\"><source type=\"audio\/mpeg\" src=\"https:\/\/www.radiopiu.net\/wordpress\/wp-content\/uploads\/2023\/11\/Radio-Piu-Servizio-Aggiudicazione-gara-Nevegal.mp3?_=1\" \/><a href=\"https:\/\/www.radiopiu.net\/wordpress\/wp-content\/uploads\/2023\/11\/Radio-Piu-Servizio-Aggiudicazione-gara-Nevegal.mp3\">https:\/\/www.radiopiu.net\/wordpress\/wp-content\/uploads\/2023\/11\/Radio-Piu-Servizio-Aggiudicazione-gara-Nevegal.mp3<\/a><\/audio>\n<p>&nbsp;<\/p>\n<p>&nbsp;<\/p>\n<p>&nbsp;<\/p>\n<p>&nbsp;<\/p>\n<hr \/>\n<blockquote><p>&nbsp;<\/p>\n<h3>AL VIA IL RIPRISTINO DELLA PISTA AL CAMPO SCUOLA<\/h3>\n<\/blockquote>\n<p><strong> <a class=\"dt-pswp-item\" href=\"https:\/\/www.radiopiu.net\/wordpress\/wp-content\/uploads\/2023\/11\/Senza-nome-48.png\" data-dt-img-description=\"\" data-large_image_width=\"158\" data-large_image_height=\"118\"><img loading=\"lazy\" decoding=\"async\" class=\"size-full wp-image-360713 alignleft\" src=\"https:\/\/www.radiopiu.net\/wordpress\/wp-content\/uploads\/2023\/11\/Senza-nome-48.png\" alt=\"\" width=\"158\" height=\"118\" \/><\/a>BELLUNO<\/strong> Prender\u00e0 ufficialmente il via la prossima settimana il cantiere lungo la pista di rientro al campo scuola del Nevegal, in zona \u201cSitta\u201d danneggiata dal maltempo. Da uno smottamento di circa 40 metri di lunghezza e 20 di larghezza, con una profondit\u00e0 media di 2 metri. L\u2019acqua ha fatto cedere il terreno, trascinando a valle diversi metri cubi di sassi e terra. Il Comune interviene con maestranze e mezzi propri, cercando di ricreare il pi\u00f9 possibile il piano viabile e sciabile al servizio del rientro al campo scuola, gli scavi inizieranno la prossima settimana. E\u2019 in via di pianificazione a Medil dove allo stesso modo un tratto di strada ha ceduto rendendo del tutto impossibile il passaggio, stanziati,\u00a0 con una variazione di bilancio, 70 mila euro che rappresentano un primo ed emergenziale stanziamento per dare risposta agli abitanti della zona, agli ospiti del Cas e ai titolare dell\u2019azienda agricola vicina.<\/p>\n<blockquote><p>&nbsp;<\/p><\/blockquote>\n<hr \/>\n<blockquote><p>&nbsp;<\/p>\n<p><strong>LA RIPRESA CONTINUA, MA RALLENTA NEGLI ULTIMI MESI<\/strong><\/p><\/blockquote>\n<p><strong><a class=\"dt-pswp-item\" href=\"https:\/\/www.radiopiu.net\/wordpress\/wp-content\/uploads\/2021\/10\/consulenza-formazione-sicurezza-sul-lavoro-4.jpg\" data-dt-img-description=\"\" data-large_image_width=\"600\" data-large_image_height=\"450\"><img loading=\"lazy\" decoding=\"async\" class=\"wp-image-237753 alignleft\" src=\"https:\/\/www.radiopiu.net\/wordpress\/wp-content\/uploads\/2021\/10\/consulenza-formazione-sicurezza-sul-lavoro-4-300x225.jpg\" alt=\"\" width=\"177\" height=\"133\" srcset=\"https:\/\/www.radiopiu.net\/wordpress\/wp-content\/uploads\/2021\/10\/consulenza-formazione-sicurezza-sul-lavoro-4-300x225.jpg 300w, https:\/\/www.radiopiu.net\/wordpress\/wp-content\/uploads\/2021\/10\/consulenza-formazione-sicurezza-sul-lavoro-4.jpg 600w\" sizes=\"auto, (max-width: 177px) 100vw, 177px\" \/><\/a>VENEZIA I<\/strong>l turismo e le esportazioni si confermano i due pilastri dell\u2019economia veneta che contribuiscono a formare il PIL. Valore per il quale \u00e8 attesa una crescita pari al +0,9% in chiusura d\u2019anno e con una percentuale superiore rispetto a quella italiana pari allo 0,7%. Nel primo semestre 2023 la crescita delle esportazioni del comparto vitivinicolo conferma il primato del Veneto con 1.339 milioni di euro, il 35,5% del valore nazionale.\u00a0 Il mercato del lavoro, dopo un\u2019apertura vivace ad inizio anno, con il tasso di occupazione veneto che sale nel II trimestre 2023 al 71,6% rispetto al 67,7% del 2022, presenta un rallentamento. L\u2019ammontare complessivo delle assunzioni nel periodo gennaio-settembre 2023 si mantiene elevato (quasi 495mila) e ancora al di sopra del 2019 (+4,7%), ma si attesta su valori pressoch\u00e9 in linea con quelli registrati nell\u2019anno precedente (+0,3%)<\/p>\n<p>&nbsp;<\/p>\n<p>&nbsp;<\/p>\n<hr \/>\n<p>&nbsp;<\/p>\n<p>&nbsp;<\/p>\n<blockquote>\n<h2><strong>LAVORO. SEMINARIO \u201cPOLITICHE ATTIVE DEL LAVORO PER L\u2019OCCHIALERIA\u201d A BELLUNO. <\/strong><\/h2>\n<\/blockquote>\n<p><strong>BELLUNO<\/strong> Si \u00e8 svolto il seminario \u201cPolitiche Attive del Lavoro per l\u2019Occhialeria\u201d, organizzato dell\u2019assessorato al lavoro della Regione Veneto.\u00a0 Si \u00e8 aperto un confronto con le Parti che ha affrontato il problema della mancanza di figure professionali ricercate da parte delle aziende del settore sotto diversi profili, dall\u2019attrattivit\u00e0 del territorio per i giovani in cerca di lavoro, alla residenzialit\u00e0, all\u2019attivit\u00e0 di ricerca del personale e quindi alla formazione.\u00a0 <em>\u201cPer rendere il Patto territoriale efficace \u2013 ha evidenziato l\u2019assessore Elena Donazzan &#8211; sono fondamentali analisi dettagliate e momenti di confronto come questi. In un periodo di crisi demografica, \u00e8 ancora pi\u00f9 importante affinare gli strumenti e garantire l\u2019impegno di tutte le Parti per orientare le politiche attive del lavoro al fine rendere le persone disoccupate concretamente disponibili per il distretto&#8221;.<\/em><\/p>\n<p>&nbsp;<\/p>\n<p>&nbsp;<\/p>\n<hr \/>\n<blockquote><p>&nbsp;<\/p>\n<div id=\"divRplyFwdMsg\" dir=\"ltr\">\n<div><\/div>\n<\/div>\n<div dir=\"ltr\">\n<div class=\"x_elementToProof\">\n<h1 class=\"x_MsoNormal\" style=\"text-align: left;\" align=\"center\"><b><span class=\"x_ContentPasted0\">\u201cOdio razziale e antisemitismo incompatibili con principi della scuola costituzionale\u201d<\/span><\/b><\/h1>\n<p class=\"x_MsoNormal\"><strong><span class=\"x_ContentPasted0\"><a class=\"dt-pswp-item\" href=\"https:\/\/www.radiopiu.net\/wordpress\/wp-content\/uploads\/2023\/11\/Senza-nome-56.png\" data-dt-img-description=\"\" data-large_image_width=\"319\" data-large_image_height=\"248\"><img loading=\"lazy\" decoding=\"async\" class=\"wp-image-360771 alignleft\" src=\"https:\/\/www.radiopiu.net\/wordpress\/wp-content\/uploads\/2023\/11\/Senza-nome-56-300x233.png\" alt=\"\" width=\"155\" height=\"120\" srcset=\"https:\/\/www.radiopiu.net\/wordpress\/wp-content\/uploads\/2023\/11\/Senza-nome-56-300x233.png 300w, https:\/\/www.radiopiu.net\/wordpress\/wp-content\/uploads\/2023\/11\/Senza-nome-56.png 319w\" sizes=\"auto, (max-width: 155px) 100vw, 155px\" \/><\/a><\/span>RONCADE <\/strong><span class=\"x_ContentPasted0\">Con riguardo al caso della docente di matematica della scuola dell&#8217;Istituto H-Farm, che avrebbe pubblicato su Instagram un post, poi rimosso, corredato dalla scritta \u201cAndate all&#8217;inferno,\u00a0 Hitler aveva ragione su di voi ebrei\u201d, il Ministero dell\u2019Istruzione e del Merito, su impulso del Ministro Valditara, si \u00e8 prontamente attivato chiedendo al legale rappresentante dell\u2019istituto informazioni esaustive e immediate sui fatti e di essere messo a conoscenza delle misure adottate.\u00a0 <\/span><span class=\"x_ContentPasted0\"><em>\u201cOdio razziale e discriminazioni di ogni tipo sono incompatibili con i principi della nostra scuola che \u00e8 la scuola costituzionale, improntata al rispetto della persona. Come Ministero metteremo in campo tutte le azioni necessarie a debellare atteggiamenti simili\u201d<\/em>, cos\u00ec il Ministro dell\u2019Istruzione e del Merito Giuseppe Valditara.\u00a0\u00a0<\/span><\/p>\n<p>&nbsp;<\/p>\n<p>&nbsp;<\/p>\n<\/div>\n<\/div>\n<\/blockquote>\n<div dir=\"ltr\">\n<div class=\"x_elementToProof\">\n<hr \/>\n<p>&nbsp;<\/p>\n<\/div>\n<\/div>\n<blockquote>\n<div dir=\"ltr\">\n<div class=\"x_elementToProof\">\n<h3><a class=\"dt-pswp-item\" href=\"https:\/\/www.radiopiu.net\/wordpress\/wp-content\/uploads\/2020\/07\/e064d2b6-8625-40ed-9346-bc5fa19746bf.jpg\" data-dt-img-description=\"\" data-large_image_width=\"1600\" data-large_image_height=\"1200\"><img loading=\"lazy\" decoding=\"async\" class=\" wp-image-150740 alignleft\" src=\"https:\/\/www.radiopiu.net\/wordpress\/wp-content\/uploads\/2020\/07\/e064d2b6-8625-40ed-9346-bc5fa19746bf-300x225.jpg\" alt=\"\" width=\"151\" height=\"113\" srcset=\"https:\/\/www.radiopiu.net\/wordpress\/wp-content\/uploads\/2020\/07\/e064d2b6-8625-40ed-9346-bc5fa19746bf-300x225.jpg 300w, https:\/\/www.radiopiu.net\/wordpress\/wp-content\/uploads\/2020\/07\/e064d2b6-8625-40ed-9346-bc5fa19746bf-1024x768.jpg 1024w, https:\/\/www.radiopiu.net\/wordpress\/wp-content\/uploads\/2020\/07\/e064d2b6-8625-40ed-9346-bc5fa19746bf-768x576.jpg 768w, https:\/\/www.radiopiu.net\/wordpress\/wp-content\/uploads\/2020\/07\/e064d2b6-8625-40ed-9346-bc5fa19746bf-1536x1152.jpg 1536w, https:\/\/www.radiopiu.net\/wordpress\/wp-content\/uploads\/2020\/07\/e064d2b6-8625-40ed-9346-bc5fa19746bf.jpg 1600w\" sizes=\"auto, (max-width: 151px) 100vw, 151px\" \/><\/a>PARCHEGGI E VIABILITA&#8217; A FRASSENE&#8217;, BOTTA E RISPOSTA<\/h3>\n<p>&nbsp;<\/p>\n<p><strong>VOLTAGO<\/strong><\/p>\n<p><strong>DI GIANNI SANTOMASO<\/strong><\/p>\n<audio class=\"wp-audio-shortcode\" id=\"audio-360656-2\" preload=\"none\" style=\"width: 100%;\" controls=\"controls\"><source type=\"audio\/mpeg\" src=\"https:\/\/www.radiopiu.net\/wordpress\/wp-content\/uploads\/2023\/11\/frassene-gianni.mp3?_=2\" \/><a href=\"https:\/\/www.radiopiu.net\/wordpress\/wp-content\/uploads\/2023\/11\/frassene-gianni.mp3\">https:\/\/www.radiopiu.net\/wordpress\/wp-content\/uploads\/2023\/11\/frassene-gianni.mp3<\/a><\/audio>\n<p>&nbsp;<\/p>\n<p>&nbsp;<\/p>\n<hr \/>\n<p>&nbsp;<\/p>\n<p><strong>LA DIRETTA DI RADIOPIU\u00a0<\/strong><\/p>\n<p>https:\/\/www.facebook.com\/radiopiu\/videos\/2057238864610164<\/p>\n<p>&nbsp;<\/p>\n<p>&nbsp;<\/p>\n<\/div>\n<\/div>\n<\/blockquote>\n<div dir=\"ltr\">\n<hr \/>\n<\/div>\n<blockquote>\n<h3><\/h3>\n<h3>IN SALA DE LUCA LA PRESENTAZIONE DEL VOLUME &#8220;74 TRACCE DI SPUNTI&#8221;<\/h3>\n<\/blockquote>\n<p><strong><img loading=\"lazy\" decoding=\"async\" class=\"alignleft\" src=\"https:\/\/www.radiopiu.net\/wordpress\/wp-content\/uploads\/2023\/11\/th-5.jpg\" width=\"185\" height=\"123\" \/>BELLUNO<\/strong><\/p>\n<p><strong>DI DANIELE DALVIT<\/strong><\/p>\n<audio class=\"wp-audio-shortcode\" id=\"audio-360656-3\" preload=\"none\" style=\"width: 100%;\" controls=\"controls\"><source type=\"audio\/mpeg\" src=\"https:\/\/www.radiopiu.net\/wordpress\/wp-content\/uploads\/2023\/11\/Radio-Piu-Servizio-Presentazione-74-tracce-di-spunti.mp3?_=3\" \/><a href=\"https:\/\/www.radiopiu.net\/wordpress\/wp-content\/uploads\/2023\/11\/Radio-Piu-Servizio-Presentazione-74-tracce-di-spunti.mp3\">https:\/\/www.radiopiu.net\/wordpress\/wp-content\/uploads\/2023\/11\/Radio-Piu-Servizio-Presentazione-74-tracce-di-spunti.mp3<\/a><\/audio>\n<p>&nbsp;<\/p>\n<hr \/>\n<p>&nbsp;<\/p>\n<blockquote>\n<h3>MENZIONE SPECIALE PER LA HOLZMEDE, ORGOGLIO AGORDINO<\/h3>\n<\/blockquote>\n<p><strong>l&#8217;Aiel, Associazione Italiana Energie Agroforestali, ha assegnato la targa della Menzione Speciale Filiere Energetiche nell\u2019ambito del Premio Comunit\u00e0 Forestali Sostenibili alla ditta <a class=\"x1i10hfl xjbqb8w x6umtig x1b1mbwd xaqea5y xav7gou x9f619 x1ypdohk xt0psk2 xe8uvvx xdj266r x11i5rnm xat24cr x1mh8g0r xexx8yu x4uap5 x18d9i69 xkhd6sd x16tdsg8 x1hl2dhg xggy1nq x1a2a7pz xt0b8zv x1qq9wsj xo1l8bm\" tabindex=\"0\" role=\"link\" href=\"https:\/\/www.facebook.com\/holzmede?__cft__[0]=AZXJWh6hRoUJbKC3IOw-CKuDT5Zh5gHqvxcflItedc0sS80QWiXD4aN7sWWli8b_1k4qfkGUp90rkC9nEWQQx3KW9oHgwkRLT4rhO2adCXeO-dA_lfSlTRI8h7bspIYtjZEZIVpN-eSXQR2vZiqSBOQNR9Av_DY8hzwYZelImzdUxFTAHqfCzNTZqcKhYGn9lUE&amp;__tn__=-]K-R\"><span class=\"xt0psk2\">Holzmede <\/span><\/a>\u00a0di Amedeo De Nardin per l\u2018attenzione alla qualit\u00e0 dei biocombustibili legnosi prodotti e alla sostenibilit\u00e0 dei processi aziendali.<\/strong><\/p>\n<p><img decoding=\"async\" class=\"aligncenter\" src=\"https:\/\/www.radiopiu.net\/wordpress\/wp-content\/uploads\/2023\/11\/Senza-nome-51.png\" \/><\/p>\n<div class=\"et_pb_column et_pb_column_1_2 et_pb_column_3 et_pb_css_mix_blend_mode_passthrough\">\n<div class=\"et_pb_module et_pb_text et_pb_text_4 et_pb_text_align_left et_pb_bg_layout_light\">\n<div class=\"et_pb_text_inner\">\n<p><strong>STORIA<\/strong><br \/>\nNata nel\u00a0<strong>2004<\/strong>\u00a0comincia i primi interventi nelle zone dell\u2019agordino, dapprima offre servizi di lavori boschivi e miglioramento per poi dedicarsi anche alla filiera di\u00a0<strong>produzione del cippato<\/strong>.<br \/>\nSi acquistano apposite macchine e attrezzature che permettono nel tempo la produzione di volumi crescenti di questa biomassa ecosostenibile. L\u2019azienda cresce\u00a0<strong>costruendo una piattaforma a biomasse nel 2018<\/strong>\u00a0a la Valle agordina (BL) nel cuore delle Dolomiti bellunesi, che negli anni 2022-2023 si amplia e riprogetta con un impianto a basso impatto ambientale per la produzione del\u00a0<strong>pellet<\/strong>.<br \/>\nNel\u00a0<strong>2018 la tempesta Vaia<\/strong>\u00a0ha un impatto devastante sui versanti della montagna agordina, alberi abbattuti, versanti impervi, le complicazioni date dall\u2019avvento del bostrico rappresentano una sfida importante e una opportunit\u00e0, riuscire con un grande impiego di mezzi e personale a \u201cripulire\u201d via via i settori montani pi\u00f9 colpiti dagli schianti e impiegare il legno derivante in una risorsa ecosostenibile per il riscaldamento, il pellet.<\/p>\n<\/div>\n<\/div>\n<\/div>\n<div class=\"et_pb_column et_pb_column_1_2 et_pb_column_4 et_pb_css_mix_blend_mode_passthrough et-last-child\">\n<div class=\"et_pb_module et_pb_text et_pb_text_5 et_pb_text_align_left et_pb_bg_layout_light\">\n<div class=\"et_pb_text_inner\">\n<p><strong>Ad oggi<\/strong><br \/>\nL\u2019impresa Holzmede opera in tutto il nord Italia, eseguendo lavori boschivi e interventi di ripristino ambientale, cippatura biomasse, riforestazione e miglioramento di boschi degradati, oltre che lotti boschivi pesanti con esbosco, abbattimento e trasporto legname.<br \/>\nIl taglio di piante pericolanti o in generale il taglio in zone impervie effettuato secondo rigide norme di sicurezza e da\u00a0<strong>personale specializzato<\/strong>\u00a0(munito di patentino forestale a norma di legge), per garantire un lavoro efficace e sicuro.<strong>\u00a0Dal 2023<\/strong>\u00a0\u00e8 stata avviato un impianto di\u00a0<strong>produzione del pellet<\/strong>\u00a0a La Valle agordina (BL) la struttura \u00e8 stata progettata con la massima attenzione all\u2019efficientamento energetico cosi da avere un basso impatto ambientale. Qui si produce pellet certificato<strong>\u00a0En Plus A1<\/strong>\u00a0di solo legno di abete proveniente da\u00a0<strong>boschi<\/strong>\u00a0<strong>locali ovvero quelli delle Dolomiti Bellunesi.\u00a0<\/strong><\/p>\n<\/div>\n<\/div>\n<\/div>\n<p>&nbsp;<\/p>\n<blockquote><p>&nbsp;<\/p><\/blockquote>\n<hr \/>\n<p>&nbsp;<\/p>\n<blockquote>\n<h3>DILLO A RADIO PIU&#8217;&#8230;IL LANCIO DEL BIDONCINO<\/h3>\n<\/blockquote>\n<p><strong><a class=\"dt-pswp-item\" href=\"https:\/\/www.radiopiu.net\/wordpress\/wp-content\/uploads\/2023\/11\/IMG_20231109_094704514_HDR-scaled.jpg\" data-dt-img-description=\"\" data-large_image_width=\"1916\" data-large_image_height=\"2560\"><img loading=\"lazy\" decoding=\"async\" class=\" wp-image-360694 alignleft\" src=\"https:\/\/www.radiopiu.net\/wordpress\/wp-content\/uploads\/2023\/11\/IMG_20231109_094704514_HDR-224x300.jpg\" alt=\"\" width=\"95\" height=\"127\" srcset=\"https:\/\/www.radiopiu.net\/wordpress\/wp-content\/uploads\/2023\/11\/IMG_20231109_094704514_HDR-224x300.jpg 224w, https:\/\/www.radiopiu.net\/wordpress\/wp-content\/uploads\/2023\/11\/IMG_20231109_094704514_HDR-766x1024.jpg 766w, https:\/\/www.radiopiu.net\/wordpress\/wp-content\/uploads\/2023\/11\/IMG_20231109_094704514_HDR-768x1026.jpg 768w, https:\/\/www.radiopiu.net\/wordpress\/wp-content\/uploads\/2023\/11\/IMG_20231109_094704514_HDR-1149x1536.jpg 1149w, https:\/\/www.radiopiu.net\/wordpress\/wp-content\/uploads\/2023\/11\/IMG_20231109_094704514_HDR-1532x2048.jpg 1532w, https:\/\/www.radiopiu.net\/wordpress\/wp-content\/uploads\/2023\/11\/IMG_20231109_094704514_HDR-scaled.jpg 1916w\" sizes=\"auto, (max-width: 95px) 100vw, 95px\" \/><\/a>Riceviamo e pubblichiamo<\/strong><\/p>\n<p>Volevo condividere un piccolo sfogo di tutta la comunit\u00e0 di Sedico servita da Valpe Ambiente. Credo che tutti i cittadini siano stufi di dover raccogliere coperchi rotti dei bidoni, vetri lasciati in giro. Considerate le tariffe che paghiamo un minimo di civilt\u00e0 e rispetto per il prossimo dovrebbe essere d&#8217;obbligo.<\/p>\n<p>Lettera firmata<\/p>\n<p>&nbsp;<\/p>\n<p>&nbsp;<\/p>\n<hr \/>\n<p>&nbsp;<\/p>\n<p>&nbsp;<\/p>\n<h3>IL MURALE DI CARVE &#8220;ESPLORARE IL MONDO E LA NATURA, UNA FANTASTICA AVVENTURA!&#8221;<\/h3>\n<p><strong>BORGO VALBELLUNA<\/strong>\u00a0 Un bambino in cammino, con il suo sacchetto di giocattoli dal quale sporge un orsacchiotto, oggetto consolatorio, transizionale per eccellenza, che gli permette di andare avanti e di fare nuovi incontri in una Natura radiosa ed accogliente. L\u2019inaugurazione dell\u2019opera MURALE del pittore Alex Businato \u00e8 avvenuta durante la consueta castagnata con i nonni dei bambini e in presenza del sindaco,\u00a0 Stefano Cesa, del dirigente scolastico Umberto De Col, della collaboratrice Maria Cristina Colle, degli artisti Mariangela Mazza e Walter Bernardi, del capofrazione Davide Isotton e di Ivano Da Canal, presidente di Carve Viva, promotrice e finanziatrice del murale. Grandi apprezzamenti da parte di tutti sia per l\u2019opera muraria sia per l\u2019esibizione dei bambini con i loro canti e balli e recite di poesie.<\/p>\n<p><a class=\"dt-pswp-item\" href=\"https:\/\/www.radiopiu.net\/wordpress\/wp-content\/uploads\/2023\/11\/murales-Carve-ok.jpeg\" data-dt-img-description=\"\" data-large_image_width=\"1600\" data-large_image_height=\"900\"><img loading=\"lazy\" decoding=\"async\" class=\"size-medium wp-image-360721 aligncenter\" src=\"https:\/\/www.radiopiu.net\/wordpress\/wp-content\/uploads\/2023\/11\/murales-Carve-ok-300x169.jpeg\" alt=\"\" width=\"300\" height=\"169\" srcset=\"https:\/\/www.radiopiu.net\/wordpress\/wp-content\/uploads\/2023\/11\/murales-Carve-ok-300x169.jpeg 300w, https:\/\/www.radiopiu.net\/wordpress\/wp-content\/uploads\/2023\/11\/murales-Carve-ok-1024x576.jpeg 1024w, https:\/\/www.radiopiu.net\/wordpress\/wp-content\/uploads\/2023\/11\/murales-Carve-ok-768x432.jpeg 768w, https:\/\/www.radiopiu.net\/wordpress\/wp-content\/uploads\/2023\/11\/murales-Carve-ok-1536x864.jpeg 1536w, https:\/\/www.radiopiu.net\/wordpress\/wp-content\/uploads\/2023\/11\/murales-Carve-ok.jpeg 1600w\" sizes=\"auto, (max-width: 300px) 100vw, 300px\" \/><\/a><\/p>\n<p>&nbsp;<\/p>\n<p>&nbsp;<\/p>\n<hr \/>\n<blockquote>\n<h3>23 MILA EURO PER LE ASSOCIAZIONI DI VOLONTARIATO<\/h3>\n<\/blockquote>\n<p><strong><a class=\"dt-pswp-item\" href=\"https:\/\/www.radiopiu.net\/wordpress\/wp-content\/uploads\/2023\/08\/Municipio_di_Ponte_nelle_Alpi.jpg\" data-dt-img-description=\"\" data-large_image_width=\"768\" data-large_image_height=\"1024\"><img loading=\"lazy\" decoding=\"async\" class=\" wp-image-350148 alignleft\" src=\"https:\/\/www.radiopiu.net\/wordpress\/wp-content\/uploads\/2023\/08\/Municipio_di_Ponte_nelle_Alpi-225x300.jpg\" alt=\"\" width=\"120\" height=\"160\" srcset=\"https:\/\/www.radiopiu.net\/wordpress\/wp-content\/uploads\/2023\/08\/Municipio_di_Ponte_nelle_Alpi-225x300.jpg 225w, https:\/\/www.radiopiu.net\/wordpress\/wp-content\/uploads\/2023\/08\/Municipio_di_Ponte_nelle_Alpi.jpg 768w\" sizes=\"auto, (max-width: 120px) 100vw, 120px\" \/><\/a>PONTE NELLE ALPI <\/strong>Nella riunione di giunta di mercoled\u00ec, sono stati approvati i contributi alle associazioni e ai gruppi di volontariato che operano nel comune di Ponte nelle Alpi. Concretamente, si tratta di 23mila euro destinati in parti diverse, e in base alle domande, alle attivit\u00e0 svolte nel corso dell\u2019anno.<span class=\"gmail-Apple-converted-space\"> \u00a0<\/span>Nello specifico, si va dalle attivit\u00e0 dell\u2019Associazione Emigranti Bellunesi ai Marinai d\u2019Italia, dagli Artiglieri agli Alpini, dalle Scuole in Rete al Gruppo 90, fino al Fil\u00f2 di Sant\u2019Andrea e ai Comitati frazionali. In particolare, l\u2019Associazione Al.Bel Pont di Cadola ha ricevuto 500 euro per le iniziative e le giornate di manutenzione e pulizia della frazione; la Riserva di Caccia, 1.000 euro per la sistemazione dei sentieri; l\u2019Associazione Amici della Musica, 2.500 euro; la Protezione civile, 750 euro per le giornate di esercitazione; l\u2019Ecomuseo del Piave, 2.100 euro per le celebrazioni del 60. anniversario del Vajont; il Comitato frazionale di Cugnan, 7.000 euro per il recupero e la funzionalit\u00e0 dell\u2019ex latteria come centro sociale; la Pro Loco, 4.800 euro per la promozione e valorizzazione del territorio.<span class=\"gmail-Apple-converted-space\">\u00a0<\/span><\/p>\n<p>&nbsp;<\/p>\n<p>&nbsp;<\/p>\n<hr \/>\n<p>&nbsp;<\/p>\n<blockquote>\n<h3>\u00a0PER I DIRITTI DELL&#8217;INFANZIA E DELL&#8217;ADOLESCENZA.<\/h3>\n<\/blockquote>\n<p><strong><a class=\"dt-pswp-item\" href=\"https:\/\/www.radiopiu.net\/wordpress\/wp-content\/uploads\/2023\/11\/Locandina_infanzia-adolescenza-scaled.jpg\" data-dt-img-description=\"\" data-large_image_width=\"2560\" data-large_image_height=\"2560\"><img loading=\"lazy\" decoding=\"async\" class=\" wp-image-360720 alignleft\" src=\"https:\/\/www.radiopiu.net\/wordpress\/wp-content\/uploads\/2023\/11\/Locandina_infanzia-adolescenza-300x300.jpg\" alt=\"\" width=\"136\" height=\"136\" srcset=\"https:\/\/www.radiopiu.net\/wordpress\/wp-content\/uploads\/2023\/11\/Locandina_infanzia-adolescenza-300x300.jpg 300w, https:\/\/www.radiopiu.net\/wordpress\/wp-content\/uploads\/2023\/11\/Locandina_infanzia-adolescenza-1024x1024.jpg 1024w, https:\/\/www.radiopiu.net\/wordpress\/wp-content\/uploads\/2023\/11\/Locandina_infanzia-adolescenza-150x150.jpg 150w, https:\/\/www.radiopiu.net\/wordpress\/wp-content\/uploads\/2023\/11\/Locandina_infanzia-adolescenza-768x768.jpg 768w, https:\/\/www.radiopiu.net\/wordpress\/wp-content\/uploads\/2023\/11\/Locandina_infanzia-adolescenza-1536x1536.jpg 1536w, https:\/\/www.radiopiu.net\/wordpress\/wp-content\/uploads\/2023\/11\/Locandina_infanzia-adolescenza-2048x2048.jpg 2048w\" sizes=\"auto, (max-width: 136px) 100vw, 136px\" \/><\/a>BELLUNO\u00a0<\/strong> L\u2019Ulss Dolomiti, con i servizi dell&#8217;Infanzia Adolescenza Famiglia, organizza per tutti i bambini e ragazzi un\u2019iniziativa per promuovere la vicinanza e la presenza dei servizi nel territorio, in occasione della Giornata Internazionale dei Diritti dell\u2019infanzia e dell\u2019adolescenza. L\u2019appuntamento \u00e8 con il Camper \u201cFuori Posto\u201d domenica 12 novembre 2023 a partire dalle 10.00 fino alle 18.00 all\u2019interno della tradizionale \u201cFiera di San Martino\u201d a Belluno (a lato del Teatro Comunale). All\u2019iniziativa hanno aderito varie realt\u00e0 locali, quali gli Istituti Scolastici La Scuola di Estetica-Centro Consorzi e l&#8217;Istituto Catullo, UNICEF e Associazione Dafne che si occupano dell\u2019infanzia e dell\u2019adolescenza. Saranno proposte alcune attivit\u00e0: dal \u201ctruccabimbi\u201d ad opera degli studenti della Scuola di Estetica &#8211; Centro Consorzi per i pi\u00f9 piccoli, ai giochi in scatola, al percorso stradale con occhiali che simulano gli effetti del tasso alcolemico alterato per i ragazzi. Per l\u2019occasione saranno distribuiti anche dei freesbee con il logo realizzato in collaborazione con gli studenti del Liceo Artistico \u201cCatullo\u201d e rappresentativo dei risultati raccolti dai questionari compilati dai ragazzi. Saranno presenti anche Unicef e Associazione Dafne<\/p>\n<p>&nbsp;<\/p>\n<hr \/>\n<p>&nbsp;<\/p>\n<blockquote>\n<h3>LA FORZA DEL VOLONTARIATO, L&#8217;ATTACCAMENTO AL NOSTRO OSPEDALE<\/h3>\n<\/blockquote>\n<div class=\"gmail_quote\"><strong><img decoding=\"async\" src=\"https:\/\/www.radiopiu.net\/wordpress\/wp-content\/uploads\/2023\/11\/WhatsApp-Image-2023-11-09-at-16.10.17.jpeg\" \/><\/strong><\/div>\n<div><\/div>\n<div><\/div>\n<div class=\"gmail_quote\"><strong>AGORDO<\/strong> Il Commissario\u00a0 Giuseppe Dal Ben, all&#8217;ospedale Papa Luciani di Agordo, ha ringraziato le Associazioni di Volontariato dell&#8217;Agordino che hanno generosamente donato alcune attrezzature all&#8217;ospedale di Agordo. Le Associazioni <strong>Palio di Agordo, Us Le ville, Genitori sempre, Boce da rif, Pettirosso Agordino, Alpini &#8211; Protezione civile e Donatori sangue<\/strong> hanno unito le forze, come spesso accade in Agordino, e donato alcune attrezzature all&#8217;ospedale come una poltrona per prelievi, una barella per il Pronto Soccorso e un sistema di videoconferenza.<\/div>\n<div class=\"gmail_quote\">\n<div dir=\"auto\">\n<div dir=\"auto\"><\/div>\n<blockquote>\n<div dir=\"auto\"><em>&#8220;Un grazie sentito e di cuore per questa presenza costruttiva&#8221; ha commentato il Commissario Dal Ben soffermandosi con le Associazioni,\u00a0 &#8220;\u00e8 importante avere a fianco la Comunit\u00e0 per dare il meglio ai cittadini. Al di l\u00e0 delle donazioni materiali, il Volontariato rappresenta un partner importante che fa della solidariet\u00e0 un valore aggiunto ai servizi&#8221;<\/em><\/div>\n<\/blockquote>\n<\/div>\n<\/div>\n<div dir=\"auto\"><\/div>\n<blockquote><p>&nbsp;<\/p><\/blockquote>\n<hr \/>\n<p>&nbsp;<\/p>\n<blockquote>\n<h3><a class=\"dt-pswp-item\" href=\"https:\/\/www.radiopiu.net\/wordpress\/wp-content\/uploads\/2022\/03\/LOGO-PACE-E-DISARMO.jpg\" data-dt-img-description=\"\" data-large_image_width=\"1200\" data-large_image_height=\"1200\"><img loading=\"lazy\" decoding=\"async\" class=\" wp-image-264065 alignleft\" src=\"https:\/\/www.radiopiu.net\/wordpress\/wp-content\/uploads\/2022\/03\/LOGO-PACE-E-DISARMO-300x300.jpg\" alt=\"\" width=\"113\" height=\"113\" srcset=\"https:\/\/www.radiopiu.net\/wordpress\/wp-content\/uploads\/2022\/03\/LOGO-PACE-E-DISARMO-300x300.jpg 300w, https:\/\/www.radiopiu.net\/wordpress\/wp-content\/uploads\/2022\/03\/LOGO-PACE-E-DISARMO-1024x1024.jpg 1024w, https:\/\/www.radiopiu.net\/wordpress\/wp-content\/uploads\/2022\/03\/LOGO-PACE-E-DISARMO-150x150.jpg 150w, https:\/\/www.radiopiu.net\/wordpress\/wp-content\/uploads\/2022\/03\/LOGO-PACE-E-DISARMO-768x768.jpg 768w, https:\/\/www.radiopiu.net\/wordpress\/wp-content\/uploads\/2022\/03\/LOGO-PACE-E-DISARMO.jpg 1200w\" sizes=\"auto, (max-width: 113px) 100vw, 113px\" \/><\/a>PACE E DISARMO CHIEDONO LA PACE TRA ISRAELIANI E PALESTINESI<\/h3>\n<\/blockquote>\n<p><strong>BELLUNO<\/strong> Fermiamo la violenza, aiutiamo israeliani e palestinesi a fare la pace. Due frasi semplici, un appello ragionevole. E\u0300 questo l\u2019invito che Pace &amp; Disarmo, coordinamento provinciale di Belluno, lancia a tutti i cittadini per oggi alle ore 18.00 in piazza Duomo. A chi partecipera\u0300 si chiede di sventolare la bandiera della pace, di cantare e di tenere accesa una candela.<\/p>\n<p>&nbsp;<\/p>\n<p>&nbsp;<\/p>\n<hr \/>\n<p>&nbsp;<\/p>\n<blockquote>\n<h3>I CIOCCOLATINI DELL&#8217;AIRC IN PIAZZA LIBERTA&#8217; AD AGORDO<\/h3>\n<\/blockquote>\n<p><strong>AGORDO <\/strong>Tornano i cioccolatini della ricerca per sostenere l&#8217;Airc. Domani dalle 9 alle 12 in Piazza Libert\u00e0 ad Agordo. Una confezione regalo con i cioccolatini della prestigiosa marca Venchi<\/p>\n<p>&nbsp;<\/p>\n<p>&nbsp;<\/p>\n<hr \/>\n<p>&nbsp;<\/p>\n<blockquote>\n<h3>UN BANDO PER 23 ATLETI DA ASSEGNARE ALLE FIAMME ORO<\/h3>\n<\/blockquote>\n<p><strong>BELLUNO <\/strong>Sul Portale Unico del reclutamento, disponibile all\u2019indirizzo <a href=\"http:\/\/www.inpa.gov.it\">www.inpa.gov.it<\/a> nonch\u00e9 sul sito <a href=\"http:\/\/www.poliziadistato.it\">www.poliziadistato.it<\/a>, in data 27 ottobre 2023, \u00e8 stato pubblicato il bando di concorso pubblico, per titoli per l\u2019assunzione di 23 atleti da assegnare ai gruppi sportivi \u201cPolizia di Stato \u2013 Fiamme Oro\u201d, che saranno inquadrati nel ruolo degli genti e assistenti della Polizia di Stato, con la qualifica di agente. La domanda di partecipazione al concorso deve essere presentata entro il termine di trenta giorni, \u00a0decorrenti dal giorno successivo alla data di pubblicazione del bando sul\u00a0 Portale unico di reclutamento (<a href=\"http:\/\/www.inpa.gov.it\">www.inpa.gov.it<\/a>) o mediante la procedura informatica disponibile all\u2019indirizzo <a href=\"https:\/\/concorsionline.poliziadistato.it\">https:\/\/concorsionline.poliziadistato.it<\/a>.<\/p>\n<p>&nbsp;<\/p>\n<p>&nbsp;<\/p>\n<hr \/>\n<p>&nbsp;<\/p>\n<blockquote>\n<h3>LA MOSTRA FOTOGRAFICA TESTIMONI DEL TEMPO<\/h3>\n<\/blockquote>\n<p><strong>LONGARONE<\/strong> Prosegue la mostra fotografica &#8220;Testimoni del tempo \u2013 Quando le immagini raccontano la storia\u201d. Accolta al Centro culturale \u201cParri\u201d di Longarone, l\u2019esposizione potr\u00e0 essere visitata fino alla fine del mese. E non di ottobre, come previsto in un primo momento, bens\u00ec di novembre. Le immagini di Bepi Zanfron e della giovane Nicoletta Valla, infatti, sono state apprezzate al punto da far scattare la proroga della mostra<\/p>\n<p>&nbsp;<\/p>\n<p>&nbsp;<\/p>\n<hr \/>\n<p>&nbsp;<\/p>\n<blockquote class=\"wp-embedded-content\" data-secret=\"NPhGfouc90\"><p><a href=\"https:\/\/www.radiopiu.net\/wordpress\/40-anni-di-libro-parlato-a-feltre-e\/\">40 ANNI DI LIBRO PARLATO A FELTRE E\u2026<\/a><\/p><\/blockquote>\n<p><iframe loading=\"lazy\" class=\"wp-embedded-content\" sandbox=\"allow-scripts\" security=\"restricted\" style=\"position: absolute; clip: rect(1px, 1px, 1px, 1px);\" title=\"&#8220;40 ANNI DI LIBRO PARLATO A FELTRE E\u2026&#8221; &#8212; Radio Pi\u00f9\" src=\"https:\/\/www.radiopiu.net\/wordpress\/40-anni-di-libro-parlato-a-feltre-e\/embed\/#?secret=eI4DBBzPOz#?secret=NPhGfouc90\" data-secret=\"NPhGfouc90\" width=\"600\" height=\"338\" frameborder=\"0\" marginwidth=\"0\" marginheight=\"0\" scrolling=\"no\"><\/iframe><\/p>\n<p>&nbsp;<\/p>\n<hr \/>\n<p>&nbsp;<\/p>\n<h2><span style=\"color: #ff6600;\">IERI ALLA RADIO<\/span><\/h2>\n<h2><span style=\"color: #3366ff;\">ALLA FALEGNAMERIA NUOVE IDEE DI SEDICO CON GIANPIETRO ARGENTA<\/span><\/h2>\n<p><strong><a class=\"dt-pswp-item\" href=\"https:\/\/www.radiopiu.net\/wordpress\/wp-content\/uploads\/2023\/11\/611c612f-2698-40bf-8fb3-5a80f41b21f1.jpg\" data-dt-img-description=\"\" data-large_image_width=\"284\" data-large_image_height=\"169\"><img loading=\"lazy\" decoding=\"async\" class=\" wp-image-360688 alignleft\" src=\"https:\/\/www.radiopiu.net\/wordpress\/wp-content\/uploads\/2023\/11\/611c612f-2698-40bf-8fb3-5a80f41b21f1.jpg\" alt=\"\" width=\"212\" height=\"126\" \/><\/a>DI MIRKO MEZZACASA<\/strong><\/p>\n<p>OSPITE: Gianpietro Argenta, Falegnameria Nuove Idee<\/p>\n<audio class=\"wp-audio-shortcode\" id=\"audio-360656-4\" preload=\"none\" style=\"width: 100%;\" controls=\"controls\"><source type=\"audio\/mpeg\" src=\"https:\/\/www.radiopiu.net\/wordpress\/wp-content\/uploads\/2023\/11\/GIANPIETRO-ARGENTA.mp3?_=4\" \/><a href=\"https:\/\/www.radiopiu.net\/wordpress\/wp-content\/uploads\/2023\/11\/GIANPIETRO-ARGENTA.mp3\">https:\/\/www.radiopiu.net\/wordpress\/wp-content\/uploads\/2023\/11\/GIANPIETRO-ARGENTA.mp3<\/a><\/audio>\n<p>&nbsp;<\/p>\n\n\t\t\t<style type='text\/css'>\n\t\t\t\t#gallery-2 {\n\t\t\t\t\tmargin: auto;\n\t\t\t\t}\n\t\t\t\t#gallery-2 .gallery-item {\n\t\t\t\t\tfloat: left;\n\t\t\t\t\tmargin-top: 10px;\n\t\t\t\t\ttext-align: center;\n\t\t\t\t\twidth: 25%;\n\t\t\t\t}\n\t\t\t\t#gallery-2 img {\n\t\t\t\t\tborder: 2px solid #cfcfcf;\n\t\t\t\t}\n\t\t\t\t#gallery-2 .gallery-caption {\n\t\t\t\t\tmargin-left: 0;\n\t\t\t\t}\n\t\t\t\t\/* see gallery_shortcode() in wp-includes\/media.php *\/\n\t\t\t<\/style>\n\t\t<div id='gallery-2' class='dt-gallery-container gallery galleryid-360656 gallery-columns-4 gallery-size-medium'><dl class='gallery-item'>\n\t\t\t\t<dt class='gallery-icon landscape'>\n\t\t\t\t\t<a class=\"rollover rollover-zoom dt-pswp-item\" title=\"337887245_3525772370991527_6040198639004606190_n\" data-dt-img-description=\"\" data-large_image_width=\"2048\" data-large_image_height=\"1536\"href='https:\/\/www.radiopiu.net\/wordpress\/wp-content\/uploads\/2023\/11\/337887245_3525772370991527_6040198639004606190_n.jpg'><img loading=\"lazy\" decoding=\"async\" width=\"300\" height=\"225\" src=\"https:\/\/www.radiopiu.net\/wordpress\/wp-content\/uploads\/2023\/11\/337887245_3525772370991527_6040198639004606190_n-300x225.jpg\" class=\"attachment-medium size-medium\" alt=\"\" srcset=\"https:\/\/www.radiopiu.net\/wordpress\/wp-content\/uploads\/2023\/11\/337887245_3525772370991527_6040198639004606190_n-300x225.jpg 300w, https:\/\/www.radiopiu.net\/wordpress\/wp-content\/uploads\/2023\/11\/337887245_3525772370991527_6040198639004606190_n-1024x768.jpg 1024w, https:\/\/www.radiopiu.net\/wordpress\/wp-content\/uploads\/2023\/11\/337887245_3525772370991527_6040198639004606190_n-768x576.jpg 768w, https:\/\/www.radiopiu.net\/wordpress\/wp-content\/uploads\/2023\/11\/337887245_3525772370991527_6040198639004606190_n-1536x1152.jpg 1536w, https:\/\/www.radiopiu.net\/wordpress\/wp-content\/uploads\/2023\/11\/337887245_3525772370991527_6040198639004606190_n.jpg 2048w\" sizes=\"auto, (max-width: 300px) 100vw, 300px\" \/><\/a>\n\t\t\t\t<\/dt><\/dl><dl class='gallery-item'>\n\t\t\t\t<dt class='gallery-icon landscape'>\n\t\t\t\t\t<a class=\"rollover rollover-zoom dt-pswp-item\" title=\"337885028_738951654354092_9221351265870346571_n\" data-dt-img-description=\"\" data-large_image_width=\"2048\" data-large_image_height=\"1536\"href='https:\/\/www.radiopiu.net\/wordpress\/wp-content\/uploads\/2023\/11\/337885028_738951654354092_9221351265870346571_n.jpg'><img loading=\"lazy\" decoding=\"async\" width=\"300\" height=\"225\" src=\"https:\/\/www.radiopiu.net\/wordpress\/wp-content\/uploads\/2023\/11\/337885028_738951654354092_9221351265870346571_n-300x225.jpg\" class=\"attachment-medium size-medium\" alt=\"\" srcset=\"https:\/\/www.radiopiu.net\/wordpress\/wp-content\/uploads\/2023\/11\/337885028_738951654354092_9221351265870346571_n-300x225.jpg 300w, https:\/\/www.radiopiu.net\/wordpress\/wp-content\/uploads\/2023\/11\/337885028_738951654354092_9221351265870346571_n-1024x768.jpg 1024w, https:\/\/www.radiopiu.net\/wordpress\/wp-content\/uploads\/2023\/11\/337885028_738951654354092_9221351265870346571_n-768x576.jpg 768w, https:\/\/www.radiopiu.net\/wordpress\/wp-content\/uploads\/2023\/11\/337885028_738951654354092_9221351265870346571_n-1536x1152.jpg 1536w, https:\/\/www.radiopiu.net\/wordpress\/wp-content\/uploads\/2023\/11\/337885028_738951654354092_9221351265870346571_n.jpg 2048w\" sizes=\"auto, (max-width: 300px) 100vw, 300px\" \/><\/a>\n\t\t\t\t<\/dt><\/dl><dl class='gallery-item'>\n\t\t\t\t<dt class='gallery-icon landscape'>\n\t\t\t\t\t<a class=\"rollover rollover-zoom dt-pswp-item\" title=\"9f7c10a9-26ec-4e47-a0ad-1ace78ef2463\" data-dt-img-description=\"\" data-large_image_width=\"2048\" data-large_image_height=\"1152\"href='https:\/\/www.radiopiu.net\/wordpress\/wp-content\/uploads\/2023\/11\/9f7c10a9-26ec-4e47-a0ad-1ace78ef2463.jpg'><img loading=\"lazy\" decoding=\"async\" width=\"300\" height=\"169\" src=\"https:\/\/www.radiopiu.net\/wordpress\/wp-content\/uploads\/2023\/11\/9f7c10a9-26ec-4e47-a0ad-1ace78ef2463-300x169.jpg\" class=\"attachment-medium size-medium\" alt=\"\" srcset=\"https:\/\/www.radiopiu.net\/wordpress\/wp-content\/uploads\/2023\/11\/9f7c10a9-26ec-4e47-a0ad-1ace78ef2463-300x169.jpg 300w, https:\/\/www.radiopiu.net\/wordpress\/wp-content\/uploads\/2023\/11\/9f7c10a9-26ec-4e47-a0ad-1ace78ef2463-1024x576.jpg 1024w, https:\/\/www.radiopiu.net\/wordpress\/wp-content\/uploads\/2023\/11\/9f7c10a9-26ec-4e47-a0ad-1ace78ef2463-768x432.jpg 768w, https:\/\/www.radiopiu.net\/wordpress\/wp-content\/uploads\/2023\/11\/9f7c10a9-26ec-4e47-a0ad-1ace78ef2463-1536x864.jpg 1536w, https:\/\/www.radiopiu.net\/wordpress\/wp-content\/uploads\/2023\/11\/9f7c10a9-26ec-4e47-a0ad-1ace78ef2463.jpg 2048w\" sizes=\"auto, (max-width: 300px) 100vw, 300px\" \/><\/a>\n\t\t\t\t<\/dt><\/dl><dl class='gallery-item'>\n\t\t\t\t<dt class='gallery-icon landscape'>\n\t\t\t\t\t<a class=\"rollover rollover-zoom dt-pswp-item\" title=\"VVV\" data-dt-img-description=\"\" data-large_image_width=\"639\" data-large_image_height=\"408\"href='https:\/\/www.radiopiu.net\/wordpress\/wp-content\/uploads\/2023\/11\/VVV.png'><img loading=\"lazy\" decoding=\"async\" width=\"300\" height=\"192\" src=\"https:\/\/www.radiopiu.net\/wordpress\/wp-content\/uploads\/2023\/11\/VVV-300x192.png\" class=\"attachment-medium size-medium\" alt=\"\" srcset=\"https:\/\/www.radiopiu.net\/wordpress\/wp-content\/uploads\/2023\/11\/VVV-300x192.png 300w, https:\/\/www.radiopiu.net\/wordpress\/wp-content\/uploads\/2023\/11\/VVV.png 639w\" sizes=\"auto, (max-width: 300px) 100vw, 300px\" \/><\/a>\n\t\t\t\t<\/dt><\/dl><br style=\"clear: both\" \/>\n\t\t\t<\/div>\n\n<p>&nbsp;<\/p>\n<h2><strong><a class=\"dt-pswp-item\" href=\"https:\/\/www.radiopiu.net\/wordpress\/wp-content\/uploads\/2023\/11\/Senza-nome-38.png\" data-dt-img-description=\"\" data-large_image_width=\"437\" data-large_image_height=\"399\"><img loading=\"lazy\" decoding=\"async\" class=\" wp-image-360494 alignleft\" src=\"https:\/\/www.radiopiu.net\/wordpress\/wp-content\/uploads\/2023\/11\/Senza-nome-38-300x274.png\" alt=\"\" width=\"145\" height=\"132\" srcset=\"https:\/\/www.radiopiu.net\/wordpress\/wp-content\/uploads\/2023\/11\/Senza-nome-38-300x274.png 300w, https:\/\/www.radiopiu.net\/wordpress\/wp-content\/uploads\/2023\/11\/Senza-nome-38.png 437w\" sizes=\"auto, (max-width: 145px) 100vw, 145px\" \/><\/a><\/strong><span style=\"color: #003366;\">DOMENICA LA LUCCIOLATA PER LA CASA VIA DI NATALE DI AVIANO<\/span><\/h2>\n<p><strong>DI MIRKO MEZZACASA<\/strong><\/p>\n<p>Ospite: Eva Olivier<\/p>\n<audio class=\"wp-audio-shortcode\" id=\"audio-360656-5\" preload=\"none\" style=\"width: 100%;\" controls=\"controls\"><source type=\"audio\/mpeg\" src=\"https:\/\/www.radiopiu.net\/wordpress\/wp-content\/uploads\/2023\/11\/eva-oliviero-lucciolata.mp3?_=5\" \/><a href=\"https:\/\/www.radiopiu.net\/wordpress\/wp-content\/uploads\/2023\/11\/eva-oliviero-lucciolata.mp3\">https:\/\/www.radiopiu.net\/wordpress\/wp-content\/uploads\/2023\/11\/eva-oliviero-lucciolata.mp3<\/a><\/audio>\n<p>&nbsp;<\/p>\n<h2><span style=\"color: #ff0000;\">IL LIBRO DI ANNICCHIARICO AL VINCENZO SAVIO &#8211; AUDITORIUM CON LA \u201cPETTIROSSO AGORDINO\u201d<\/span><\/h2>\n<p><strong><a class=\"dt-pswp-item\" href=\"https:\/\/www.radiopiu.net\/wordpress\/wp-content\/uploads\/2023\/11\/5963f6ff-7c55-41ad-8522-46c5314d42b7.jpg\" data-dt-img-description=\"\" data-large_image_width=\"2048\" data-large_image_height=\"1152\"><img loading=\"lazy\" decoding=\"async\" class=\" wp-image-360322 alignleft\" src=\"https:\/\/www.radiopiu.net\/wordpress\/wp-content\/uploads\/2023\/11\/5963f6ff-7c55-41ad-8522-46c5314d42b7-300x169.jpg\" alt=\"\" width=\"195\" height=\"110\" srcset=\"https:\/\/www.radiopiu.net\/wordpress\/wp-content\/uploads\/2023\/11\/5963f6ff-7c55-41ad-8522-46c5314d42b7-300x169.jpg 300w, https:\/\/www.radiopiu.net\/wordpress\/wp-content\/uploads\/2023\/11\/5963f6ff-7c55-41ad-8522-46c5314d42b7-1024x576.jpg 1024w, https:\/\/www.radiopiu.net\/wordpress\/wp-content\/uploads\/2023\/11\/5963f6ff-7c55-41ad-8522-46c5314d42b7-768x432.jpg 768w, https:\/\/www.radiopiu.net\/wordpress\/wp-content\/uploads\/2023\/11\/5963f6ff-7c55-41ad-8522-46c5314d42b7-1536x864.jpg 1536w, https:\/\/www.radiopiu.net\/wordpress\/wp-content\/uploads\/2023\/11\/5963f6ff-7c55-41ad-8522-46c5314d42b7.jpg 2048w\" sizes=\"auto, (max-width: 195px) 100vw, 195px\" \/><\/a>DI MIRKO MEZZACASA<\/strong><\/p>\n<p>OSPITI: Sonia D&#8217;Agostini, presidente Pettirosso Agordino, e la dottoressa Laura Miana, psicologa<\/p>\n<audio class=\"wp-audio-shortcode\" id=\"audio-360656-6\" preload=\"none\" style=\"width: 100%;\" controls=\"controls\"><source type=\"audio\/mpeg\" src=\"https:\/\/www.radiopiu.net\/wordpress\/wp-content\/uploads\/2023\/11\/I-CURA-CARI-PETTIROSSO-AGORDINO.mp3?_=6\" \/><a href=\"https:\/\/www.radiopiu.net\/wordpress\/wp-content\/uploads\/2023\/11\/I-CURA-CARI-PETTIROSSO-AGORDINO.mp3\">https:\/\/www.radiopiu.net\/wordpress\/wp-content\/uploads\/2023\/11\/I-CURA-CARI-PETTIROSSO-AGORDINO.mp3<\/a><\/audio>\n<p>&nbsp;<\/p>\n<p>&nbsp;<\/p>\n<h2><span style=\"color: #800080;\">PROFUMO DI&#8230;UVA! L&#8217;EVENTO ENOGRASTRONOMICO DI DEGUSTAZIONE ALLA &#8220;PICCOLA BAITA&#8221;<\/span><\/h2>\n<p><b><span style=\"font-size: large;\">E&#8217; tempo di UVA! Unisciti a noi per una serata indimenticabile all&#8217;Agriturismo Piccola Baita a Falcade, dove la cucina agricola di chef Fabrizio Pescosta si fonde con gli aromatici vini di tre vignaioli della Valbelluna. Venerd\u00ec 10 novembre dalle ore 20 ti aspettiamo per degustare il territorio in un&#8217;esperienza unica a tu per tu con i vignaioli. UVA: Non perdere questa serata speciale a Sappade di Falcade. Su prenotazione al <span style=\"color: #000000;\">\u00a0349 321 3527.\u00a0<\/span><\/span><\/b><\/p>\n<p>&nbsp;<\/p>\n<p><a class=\"dt-pswp-item\" href=\"https:\/\/www.radiopiu.net\/wordpress\/wp-content\/uploads\/2023\/11\/Senza-nome-16.png\" data-dt-img-description=\"\" data-large_image_width=\"291\" data-large_image_height=\"213\"><img loading=\"lazy\" decoding=\"async\" class=\"wp-image-359815 alignleft\" src=\"https:\/\/www.radiopiu.net\/wordpress\/wp-content\/uploads\/2023\/11\/Senza-nome-16.png\" alt=\"\" width=\"198\" height=\"145\" \/><\/a><strong>L&#8217;INTERVISTA di MIRKO MEZZACASA\u00a0\u00a0<\/strong><\/p>\n<p>&nbsp;<\/p>\n<p><strong><span style=\"color: #ff0000;\">OSPITE, FABRIZIO &#8220;AGRICHEF&#8221; PESCOSTA<\/span><\/strong><\/p>\n<p>&nbsp;<\/p>\n<audio class=\"wp-audio-shortcode\" id=\"audio-360656-7\" preload=\"none\" style=\"width: 100%;\" controls=\"controls\"><source type=\"audio\/mpeg\" src=\"https:\/\/www.radiopiu.net\/wordpress\/wp-content\/uploads\/2023\/11\/FABRIZIO-PESCOSTA-OTTOBRE-2023-NOVEMBRE-1.mp3?_=7\" \/><a href=\"https:\/\/www.radiopiu.net\/wordpress\/wp-content\/uploads\/2023\/11\/FABRIZIO-PESCOSTA-OTTOBRE-2023-NOVEMBRE-1.mp3\">https:\/\/www.radiopiu.net\/wordpress\/wp-content\/uploads\/2023\/11\/FABRIZIO-PESCOSTA-OTTOBRE-2023-NOVEMBRE-1.mp3<\/a><\/audio>\n<p>&nbsp;<\/p>\n<blockquote class=\"wp-embedded-content\" data-secret=\"sk34QkpALG\"><p><a href=\"https:\/\/www.radiopiu.net\/wordpress\/rimasti-piu-avanti-p18\/\">&#8220;RIMASTI PIU&#8217; AVANTI&#8221;, ALLA SCOPERTA DELLA MUSICA BELLUNESE CON MARCO V. DAL FARRA<\/a><\/p><\/blockquote>\n<p><iframe loading=\"lazy\" class=\"wp-embedded-content\" sandbox=\"allow-scripts\" security=\"restricted\" style=\"position: absolute; clip: rect(1px, 1px, 1px, 1px);\" title=\"&#8220;&#8220;RIMASTI PIU&#8217; AVANTI&#8221;, ALLA SCOPERTA DELLA MUSICA BELLUNESE CON MARCO V. DAL FARRA&#8221; &#8212; Radio Pi\u00f9\" src=\"https:\/\/www.radiopiu.net\/wordpress\/rimasti-piu-avanti-p18\/embed\/#?secret=LjTVddY4q0#?secret=sk34QkpALG\" data-secret=\"sk34QkpALG\" width=\"600\" height=\"338\" frameborder=\"0\" marginwidth=\"0\" marginheight=\"0\" scrolling=\"no\"><\/iframe><\/p>\n<p>&nbsp;<\/p>\n<blockquote class=\"wp-embedded-content\" data-secret=\"HAq0IR46bv\"><p><a href=\"https:\/\/www.radiopiu.net\/wordpress\/amelie-racconta-i-desideri-dei-bambini-dal-detersivo-alla-carta-stampata\/\">AMELIE&#8230; RACCONTA I DESIDERI DEI BAMBINI. dal detersivo alla carta stampata<\/a><\/p><\/blockquote>\n<p><iframe loading=\"lazy\" class=\"wp-embedded-content\" sandbox=\"allow-scripts\" security=\"restricted\" style=\"position: absolute; clip: rect(1px, 1px, 1px, 1px);\" title=\"&#8220;AMELIE&#8230; RACCONTA I DESIDERI DEI BAMBINI. dal detersivo alla carta stampata&#8221; &#8212; Radio Pi\u00f9\" src=\"https:\/\/www.radiopiu.net\/wordpress\/amelie-racconta-i-desideri-dei-bambini-dal-detersivo-alla-carta-stampata\/embed\/#?secret=nyuG7snhcF#?secret=HAq0IR46bv\" data-secret=\"HAq0IR46bv\" width=\"600\" height=\"338\" frameborder=\"0\" marginwidth=\"0\" marginheight=\"0\" scrolling=\"no\"><\/iframe><\/p>\n<p>&nbsp;<\/p>\n<p>&nbsp;<\/p>\n<p>&nbsp;<\/p>\n<hr \/>\n<p>&nbsp;<\/p>\n<h3 align=\"CENTER\"><span style=\"color: #000000;\"><span style=\"font-family: Arial, serif;\"><span style=\"font-size: medium;\"><b>Torna il contest fotografico #Acquaprotagonista di Viveracqua.<\/b><\/span><\/span><\/span><\/h3>\n<p><strong>\u00a0BELLUNO <\/strong>Al via la quarta edizione del concorso fotografico. Il contest, lanciato per la prima volta nel 2017 con l\u2019obiettivo di coinvolgere i cittadini veneti nella tutela e nella valorizzazione della risorsa idrica, quest\u2019anno propone l\u2019importante tema dei cambiamenti climatici: in uno scatto, professionisti e semplici amatori della fotografia residenti nella regione potranno raccontare e catturare l\u2019acqua nelle sue molteplici forme e nella sua infinita variet\u00e0. Le foto, inedite, dovranno essere inviate entro il 31 gennaio. Info <span style=\"font-family: Arial, serif;\"><span style=\"font-size: medium;\">\u00a0\u00a0<a href=\"http:\/\/www.viveracqua.it\/\">www.viveracqua.it<\/a><\/span><\/span><\/p>\n<p>&nbsp;<\/p>\n<p>&nbsp;<\/p>\n<hr \/>\n<p>&nbsp;<\/p>\n<h2><span style=\"color: #ff0000;\">GLI APPUNTAMENTI DELLA SETTIMANA\u00a0\u00a0<\/span><\/h2>\n<blockquote>\n<h3>SOTTO IL MANTELLO&#8230;CON L&#8217;ASSOCIAZIONE CUCCHINI<\/h3>\n<\/blockquote>\n<p><strong>BELLUNO<\/strong> Appuntamento a cura dell\u2019Associazione Cucchini, oggi in sala Bianchi alle 18. \u201cSotto il mantello\u201d,\u00a0 relatori &#8211; la dottoressa Cristina Vargas e il dottor Lorenzo Bolzonello,\u00a0 parleranno\u00a0 apertamente del tema delicato dell\u2019avvicinamento al fine vita del morente e al conseguente periodo del lutto per chi resta.<\/p>\n<p>&nbsp;<\/p>\n<blockquote>\n<h3>SCRIVIMI DALLA CINA<\/h3>\n<\/blockquote>\n<p><strong>GOSALDO<\/strong>\u00a0 Domani alle 17 nelle ex scuole medie di Don, lettura teatralizzata in musica, il racconto di una storia d&#8217;amore dall&#8217;altro capo del mondo con &#8220;scrivimi dalla Cina&#8221;, presentato da Martina Lazzari, organizzato dagli amici della Biblioteca con il patrocinio del Comune di Gosaldo.<\/p>\n<p>&nbsp;<\/p>\n<blockquote>\n<h3>IL CUORE A TEATRO<\/h3>\n<\/blockquote>\n<p><strong>VOLTAGO<\/strong> Domani alle 20.30 in sala Polifunzionale G. De Col, &#8220;l&#8217;albergo dei nevrastenici&#8221; con la Compagna del Teatro del cuore.<\/p>\n<p>&nbsp;<\/p>\n<blockquote>\n<h3>A TEATRO AL NOF FILO DI CENCENIGHE<\/h3>\n<\/blockquote>\n<p><strong>CENCENIGHE<\/strong> Domani alle 20:30 al Nof Fil\u00f2 di Cencenighe la compagnia instabile Don Bosco presenta la commedia teatrale &#8220;La Terrazza&#8221;. Commedia brillante, giallo-comica, leggera anzi leggerissima. Ingresso ad offerta libera. Ingresso libero <a class=\"dt-pswp-item\" href=\"https:\/\/www.radiopiu.net\/wordpress\/wp-content\/uploads\/2023\/11\/LA-COMPAGNIA-INSTABILE-DON-BOSCO-PRESENTA-LA-TERRAZZA.jpg\" data-dt-img-description=\"\" data-large_image_width=\"1414\" data-large_image_height=\"2000\"><img loading=\"lazy\" decoding=\"async\" class=\"size-medium wp-image-360250 aligncenter\" src=\"https:\/\/www.radiopiu.net\/wordpress\/wp-content\/uploads\/2023\/11\/LA-COMPAGNIA-INSTABILE-DON-BOSCO-PRESENTA-LA-TERRAZZA-212x300.jpg\" alt=\"\" width=\"212\" height=\"300\" srcset=\"https:\/\/www.radiopiu.net\/wordpress\/wp-content\/uploads\/2023\/11\/LA-COMPAGNIA-INSTABILE-DON-BOSCO-PRESENTA-LA-TERRAZZA-212x300.jpg 212w, https:\/\/www.radiopiu.net\/wordpress\/wp-content\/uploads\/2023\/11\/LA-COMPAGNIA-INSTABILE-DON-BOSCO-PRESENTA-LA-TERRAZZA-724x1024.jpg 724w, https:\/\/www.radiopiu.net\/wordpress\/wp-content\/uploads\/2023\/11\/LA-COMPAGNIA-INSTABILE-DON-BOSCO-PRESENTA-LA-TERRAZZA-768x1086.jpg 768w, https:\/\/www.radiopiu.net\/wordpress\/wp-content\/uploads\/2023\/11\/LA-COMPAGNIA-INSTABILE-DON-BOSCO-PRESENTA-LA-TERRAZZA-1086x1536.jpg 1086w, https:\/\/www.radiopiu.net\/wordpress\/wp-content\/uploads\/2023\/11\/LA-COMPAGNIA-INSTABILE-DON-BOSCO-PRESENTA-LA-TERRAZZA.jpg 1414w\" sizes=\"auto, (max-width: 212px) 100vw, 212px\" \/><\/a><\/p>\n<p>&nbsp;<\/p>\n<p><strong>AGORDO <\/strong> LA LUCCIOLATA CON I BOCE DA RIF, GRUPPO ALPINI, COMUNE DI AGORDO. LA LUCCIOLATA DA AGORDO A RIF: DOMENICA 12 NOVEMBRE DALLE 14, DA PIAZZA SANTA MARIA. ALL&#8217;ARRIVO, A RIF, CASTAGNE E VIN BRULE&#8217;. ISCRIZIONE AD OFFERTA LIBERA, E INTERO RICAVATO PER LA GESTIONE DELLA CASA VIA DI NATALE DI AVIANO LA PASSEGGIATA DELLA SOLIDARIETA&#8217;&#8230;.<\/p>\n<p><a class=\"dt-pswp-item\" href=\"https:\/\/www.radiopiu.net\/wordpress\/wp-content\/uploads\/2023\/11\/Senza-nome.png\" data-dt-img-description=\"\" data-large_image_width=\"437\" data-large_image_height=\"399\"><img loading=\"lazy\" decoding=\"async\" class=\"wp-image-359506 aligncenter\" src=\"https:\/\/www.radiopiu.net\/wordpress\/wp-content\/uploads\/2023\/11\/Senza-nome-300x274.png\" alt=\"\" width=\"214\" height=\"195\" srcset=\"https:\/\/www.radiopiu.net\/wordpress\/wp-content\/uploads\/2023\/11\/Senza-nome-300x274.png 300w, https:\/\/www.radiopiu.net\/wordpress\/wp-content\/uploads\/2023\/11\/Senza-nome.png 437w\" sizes=\"auto, (max-width: 214px) 100vw, 214px\" \/><\/a><\/p>\n<p>&nbsp;<\/p>\n<blockquote>\n<h3>VISITE GRATUITE ALLA CRIPTA E AL POLITTICO DI SAN MARTINO NELLA CATTEDRALE DI BELLUNO, DOMENICA 12 NOVEMBRE<\/h3>\n<\/blockquote>\n<p><strong>BELLUNO<\/strong> Anche quest\u2019anno per festeggiare insieme il patrono di Belluno, l\u2019Associazione Campedel propone delle visite gratuite alla cripta del Duomo di Belluno e al polittico di San Martino. Domenica 12 novembre i soci della Campedel accompagneranno i visitatori in tre turni, alle 14.30, alle 15.30 e alle 16.30 alla scoperta di questo meraviglioso luogo che ospita dal 1873, in seguito al tremendo terremoto che colp\u00ec la citt\u00e0, il grande polittico con le storie del santo eseguito a fine Quattrocento dal Maestro della Cappella Galletti e riadattato a met\u00e0 Cinquecento dal bellunese Nicol\u00f2 De Stefani. Ingresso alla cripta in fondo alla navata sinistra, non \u00e8 necessaria la prenotazione. Le visite sono organizzate in collaborazione con la parrocchia Duomo-Loreto.<\/p>\n<p>&nbsp;<\/p>\n<blockquote>\n<h3>CINQUE EVENTI PER I 40 ANNI DEL CENTRO INTERNAZIONALE DEL LIBRO PARLATO &#8220;A. SERNAGIOTTO&#8221;<\/h3>\n<\/blockquote>\n<p><strong><a class=\"dt-pswp-item\" href=\"https:\/\/www.radiopiu.net\/wordpress\/wp-content\/uploads\/2023\/11\/1f9b39ac-7445-4292-9e66-746ed8bde8d9.jpg\" data-dt-img-description=\"\" data-large_image_width=\"800\" data-large_image_height=\"1067\"><img loading=\"lazy\" decoding=\"async\" class=\" wp-image-360368 alignleft\" src=\"https:\/\/www.radiopiu.net\/wordpress\/wp-content\/uploads\/2023\/11\/1f9b39ac-7445-4292-9e66-746ed8bde8d9-225x300.jpg\" alt=\"\" width=\"182\" height=\"243\" srcset=\"https:\/\/www.radiopiu.net\/wordpress\/wp-content\/uploads\/2023\/11\/1f9b39ac-7445-4292-9e66-746ed8bde8d9-225x300.jpg 225w, https:\/\/www.radiopiu.net\/wordpress\/wp-content\/uploads\/2023\/11\/1f9b39ac-7445-4292-9e66-746ed8bde8d9-768x1024.jpg 768w, https:\/\/www.radiopiu.net\/wordpress\/wp-content\/uploads\/2023\/11\/1f9b39ac-7445-4292-9e66-746ed8bde8d9.jpg 800w\" sizes=\"auto, (max-width: 182px) 100vw, 182px\" \/><\/a>FELTRE<\/strong> Sono 5 gli eventi in programma per celebrare i 40 anni del Libro Parlato di Feltre &#8220;A. Sernagiotto&#8221;.<\/p>\n<p><strong>DOMANI<\/strong> alle 18 al Caff\u00e8 Letterario ENAIP una conferenza multimediale con Lara Fiori e Gaetano Zagra. Lettere che Mozart scrisse alla sua amata Constanze<\/p>\n<p><strong>MERCOLEDI 22 NOVEMBRE <\/strong>alle 18 in Sala Ocri la presentazione del romanzo &#8220;Navigante di poppa&#8221;: Incontro con l&#8217;autrice Loredana Borghetto, presenta Cristina Pierotti<\/p>\n<p><strong>SABATO 9 DICEMBRE <\/strong>alle 18 in Sala Ocri Letture ad alta voce dedicate a Italo Calvino con Fabio Dalla Zuanna e Anna Branciforti<\/p>\n<p><strong>LUNEDI 18 DICEMBRE <\/strong>alle 18 in Sala Ocri Flavio Faoro: da Oltre le vette ai racconti e alle fiabe, presenta Luisa Alchini. Letture ad alta voce del gruppo Libri Parlanti<\/p>\n<p><strong>VENERDI 22 DICEMBRE <\/strong>alle 18 in Sala Ocri Presentazione del libro &#8220;Il saldatore del Vajont&#8221; con l&#8217;autore Antonio G. Bortoluzzi &#8211; presenta Nicola Maccagnan<\/p>\n<p>&nbsp;<\/p>\n<p>&nbsp;<\/p>\n<p>&nbsp;<\/p>\n<h2><span style=\"color: #ff0000;\">PROSSIMAMENTE<\/span><\/h2>\n<p><a class=\"dt-pswp-item\" href=\"https:\/\/www.radiopiu.net\/wordpress\/wp-content\/uploads\/2023\/11\/6ef13c6c-f912-41cf-a15e-5220bf2d3c7f.jpg\" data-dt-img-description=\"\" data-large_image_width=\"1131\" data-large_image_height=\"1600\"><img loading=\"lazy\" decoding=\"async\" class=\"size-medium wp-image-360248 alignleft\" src=\"https:\/\/www.radiopiu.net\/wordpress\/wp-content\/uploads\/2023\/11\/6ef13c6c-f912-41cf-a15e-5220bf2d3c7f-212x300.jpg\" alt=\"\" width=\"212\" height=\"300\" srcset=\"https:\/\/www.radiopiu.net\/wordpress\/wp-content\/uploads\/2023\/11\/6ef13c6c-f912-41cf-a15e-5220bf2d3c7f-212x300.jpg 212w, https:\/\/www.radiopiu.net\/wordpress\/wp-content\/uploads\/2023\/11\/6ef13c6c-f912-41cf-a15e-5220bf2d3c7f-724x1024.jpg 724w, https:\/\/www.radiopiu.net\/wordpress\/wp-content\/uploads\/2023\/11\/6ef13c6c-f912-41cf-a15e-5220bf2d3c7f-768x1086.jpg 768w, https:\/\/www.radiopiu.net\/wordpress\/wp-content\/uploads\/2023\/11\/6ef13c6c-f912-41cf-a15e-5220bf2d3c7f-1086x1536.jpg 1086w, https:\/\/www.radiopiu.net\/wordpress\/wp-content\/uploads\/2023\/11\/6ef13c6c-f912-41cf-a15e-5220bf2d3c7f.jpg 1131w\" sizes=\"auto, (max-width: 212px) 100vw, 212px\" \/><\/a><br \/>\n<strong>Rivamonte<\/strong> IL PRESIDIO LIBERA AGORDINO LUCIA PRECENZANO, SALVATORE AVERSA TI INVITA A &#8220;RIPARTIAMO DAI DIRITTI UMANI&#8221;, DIRITTO ALLA SALUTE, DIGNITA&#8217; E UGUAGLIANZA.<strong> SABATO 18 NOVEMBRE<\/strong> ALLE 20.30 ALLA CASA DELLA GIOVENTU&#8217; DI RIVAMONTE &#8220;MUSICAL PICCOLE DONNE&#8221; MESSO IN SCENA DALLA COMPAGNIA TTM, IN COLLABORAZIONE CON L&#8217;ASSOCIAZIONE BELLUNO DONNA. INGRESSO LIBERO, OFFERTE DEVOLUTE ALL&#8217;ASSOCIAZIONE BELLUNO DONNA, DA 20 ANNI A FIANCO DELLE DONNE. SABATO 18 NOVEMBRE 20.30 CASA DELLA GIOVENTU&#8217; DI RIVAMONTE, CON LIBERA AGORDINO, IN COLLABORAZIONE CON LA PROLOCO DI RIVAMONTE E IL PATROCINIO DELLE PARROCCHIE DEL POI E DEI FOLLI MA SPERANZOSI<\/p>\n<p>&nbsp;<\/p>\n<p>&nbsp;<\/p>\n<p>&nbsp;<\/p>\n<p>&nbsp;<\/p>\n<p>&nbsp;<\/p>\n<hr \/>\n<p>&nbsp;<\/p>\n<p>&nbsp;<\/p>\n<div class=\"message spoilers-container\" dir=\"auto\">\n<div class=\"column\">\n<div class=\"message spoilers-container\" dir=\"auto\">\n<div class=\"column\">\n<p><img loading=\"lazy\" decoding=\"async\" class=\"aligncenter wp-image-61954 size-full\" src=\"https:\/\/www.radiopiu.net\/wordpress\/wp-content\/uploads\/2018\/09\/viabilita.jpeg\" sizes=\"auto, (max-width: 800px) 100vw, 800px\" srcset=\"https:\/\/www.radiopiu.net\/wordpress\/wp-content\/uploads\/2018\/09\/viabilita.jpeg 800w, https:\/\/www.radiopiu.net\/wordpress\/wp-content\/uploads\/2018\/09\/viabilita-300x38.jpeg 300w, https:\/\/www.radiopiu.net\/wordpress\/wp-content\/uploads\/2018\/09\/viabilita-768x96.jpeg 768w\" alt=\"\" width=\"800\" height=\"100\" \/><\/p>\n<\/div>\n<\/div>\n<div class=\"message spoilers-container\" dir=\"auto\">\n<div class=\"column\">\n<p>&nbsp;<\/p>\n<\/div>\n<\/div>\n<\/div>\n<\/div>\n<blockquote class=\"wp-embedded-content\" data-secret=\"m4jRmt1RC5\"><p><a href=\"https:\/\/www.radiopiu.net\/wordpress\/viabilita\/\">viabilita<\/a><\/p><\/blockquote>\n<p><iframe loading=\"lazy\" class=\"wp-embedded-content\" sandbox=\"allow-scripts\" security=\"restricted\" style=\"position: absolute; clip: rect(1px, 1px, 1px, 1px);\" title=\"&#8220;viabilita&#8221; &#8212; Radio Pi\u00f9\" src=\"https:\/\/www.radiopiu.net\/wordpress\/viabilita\/embed\/#?secret=0JPRlqg6B5#?secret=m4jRmt1RC5\" data-secret=\"m4jRmt1RC5\" width=\"600\" height=\"338\" frameborder=\"0\" marginwidth=\"0\" marginheight=\"0\" scrolling=\"no\"><\/iframe><\/p>\n<div class=\"message spoilers-container\" dir=\"auto\">\n<div class=\"column\">\n<div class=\"message spoilers-container\" dir=\"auto\">\n<div class=\"column\">\n<div>\n<div dir=\"ltr\">\n<div class=\"gmail_quote\">\n<div dir=\"ltr\">\n<div><\/div>\n<div><\/div>\n<\/div>\n<\/div>\n<\/div>\n<\/div>\n<hr \/>\n<p>&nbsp;<\/p>\n<p><a class=\"dt-pswp-item\" href=\"https:\/\/www.radiopiu.net\/wordpress\/wp-content\/uploads\/2018\/09\/WhatsApp-Image-2018-09-20-at-16.04.06.jpeg\" data-dt-img-description=\"\" data-large_image_width=\"800\" data-large_image_height=\"100\"><img loading=\"lazy\" decoding=\"async\" class=\"wp-image-61378 size-full aligncenter\" src=\"https:\/\/www.radiopiu.net\/wordpress\/wp-content\/uploads\/2018\/09\/WhatsApp-Image-2018-09-20-at-16.04.06.jpeg\" alt=\"\" width=\"800\" height=\"100\" srcset=\"https:\/\/www.radiopiu.net\/wordpress\/wp-content\/uploads\/2018\/09\/WhatsApp-Image-2018-09-20-at-16.04.06.jpeg 800w, https:\/\/www.radiopiu.net\/wordpress\/wp-content\/uploads\/2018\/09\/WhatsApp-Image-2018-09-20-at-16.04.06-300x38.jpeg 300w, https:\/\/www.radiopiu.net\/wordpress\/wp-content\/uploads\/2018\/09\/WhatsApp-Image-2018-09-20-at-16.04.06-768x96.jpeg 768w\" sizes=\"auto, (max-width: 800px) 100vw, 800px\" \/><\/a><\/p>\n<\/div>\n<\/div>\n<p>&nbsp;<\/p>\n<\/div>\n<\/div>\n<p><center><\/center><center><\/center><center><b>OGGI<\/b><\/center>Diffuso maltempo notturno, a tratti anche di moderata intensit\u00e0. Al mattino tendenza alla variabilit\u00e0, anche ad un temporaneo miglioramento con riduzione della nuvolosit\u00e0 e rasserenamenti, prima che la copertura nuvolosa aumenti di nuovo per una fase instabile con addensamenti cumuliformi associati a rovesci pomeridiani.<br \/>\n<b>Precipitazioni: <\/b>Nottetempo probabilit\u00e0 alta (80-90%) per fenomeni diffusi, a tratti anche di moderata intensit\u00e0. Il limite neve sar\u00e0 tra i 1300-1500 m, localmente un po&#8217; pi\u00f9 basso (1000-1200 m) nelle valli dolomitiche pi\u00f9 chiuse. Al mattino lunga pausa senza precipitazioni, prima che l&#8217;instabilit\u00e0 dia luogo a rovesci pomeridiani (60-70%), nevosi oltre i 1300-1500 m.<br \/>\n<b>Temperature: <\/b>In generale lieve calo sulle cime con minime alla sera, pressoch\u00e9 stazionarie alle quote medio-alte e in generale lieve aumento sotto i 1500 m.<\/p>\n<hr \/>\n<p><center><b>DOMANI<\/b><\/center>Sole e cielo sereno sulle Prealpi, mentre le Dolomiti saranno interessate da residua nuvolosit\u00e0 notturna e mattutina, prima che il tempo migliori con prevalenza di tempo soleggiato, come gi\u00e0 avvenuto sulle Prealpi. Atmosfera ventosa e fredda in alta quota, mentre ci saranno condizioni di favonio in molte valli.<br \/>\n<b>Precipitazioni: <\/b>Assenti (0%), salvo un po&#8217; di neve burrascosa sulle cime settentrionali tra la notte e il primo mattino (10-20%).<br \/>\n<b>Temperature: <\/b>In generale diminuzione in quota con minime alla sera, mentre saranno in aumento nelle valli per temporanee condizioni di Foehn, anche se nei settori non interessati da quest&#8217;ultimo, le minime saranno in calo.<\/p>\n<hr \/>\n<p><center><b>DOMENICA<\/b><\/center>Al mattino ben soleggiato con cielo perlopi\u00f9 sereno; al pomeriggio solo in parte soleggiato per presenza di velature e nubi medio-alte sempre pi\u00f9 estese. Lieve insidia nebbia o banchi di nubi basse in alcuni fondovalle prealpini durante le ore pi\u00f9 fredde. Temperature in generale ulteriore lieve flessione sotto i 2400-2500 m ed in rialzo oltre tali quote.<\/p>\n<hr \/>\n<p><center><b>LUNEDI<\/b><\/center>Cielo parzialmente nuvoloso per nubi medio-alte stratiformi, con copertura pi\u00f9 intensa sulle Dolomiti al mattino, dove un po&#8217; di neve burrascosa potr\u00e0 cadere sulle cime pi\u00f9 alte. Temperature in generale rialzo, in maniera pi\u00f9 sensibile in quota<\/p>\n<p>&nbsp;<\/p>\n<div class=\"message spoilers-container\" dir=\"auto\">\n<hr \/>\n<p>&nbsp;<\/p>\n<p><img loading=\"lazy\" decoding=\"async\" class=\"wp-image-60761 size-full aligncenter\" src=\"https:\/\/www.radiopiu.net\/wordpress\/wp-content\/uploads\/2018\/09\/sport.jpg\" alt=\"\" width=\"800\" height=\"100\" srcset=\"https:\/\/www.radiopiu.net\/wordpress\/wp-content\/uploads\/2018\/09\/sport.jpg 800w, https:\/\/www.radiopiu.net\/wordpress\/wp-content\/uploads\/2018\/09\/sport-300x38.jpg 300w, https:\/\/www.radiopiu.net\/wordpress\/wp-content\/uploads\/2018\/09\/sport-768x96.jpg 768w\" sizes=\"auto, (max-width: 800px) 100vw, 800px\" \/><\/p>\n<p>&nbsp;<\/p>\n<p><span style=\"color: #0000ff;\"><strong>PALLAVOLO<\/strong><\/span><\/p>\n<blockquote>\n<h3>IL VOLLEY CLUB AGORDINO CROLLA CON IL RESANA NELLA SFIDA DI COPPA<\/h3>\n<\/blockquote>\n<p><strong><a class=\"dt-pswp-item\" href=\"https:\/\/www.radiopiu.net\/wordpress\/wp-content\/uploads\/2023\/01\/VOLLEY-2023.jpg\" data-dt-img-description=\"\" data-large_image_width=\"1920\" data-large_image_height=\"1280\"><img loading=\"lazy\" decoding=\"async\" class=\" wp-image-318320 alignleft\" src=\"https:\/\/www.radiopiu.net\/wordpress\/wp-content\/uploads\/2023\/01\/VOLLEY-2023-300x200.jpg\" alt=\"\" width=\"168\" height=\"112\" srcset=\"https:\/\/www.radiopiu.net\/wordpress\/wp-content\/uploads\/2023\/01\/VOLLEY-2023-300x200.jpg 300w, https:\/\/www.radiopiu.net\/wordpress\/wp-content\/uploads\/2023\/01\/VOLLEY-2023-1024x683.jpg 1024w, https:\/\/www.radiopiu.net\/wordpress\/wp-content\/uploads\/2023\/01\/VOLLEY-2023-768x512.jpg 768w, https:\/\/www.radiopiu.net\/wordpress\/wp-content\/uploads\/2023\/01\/VOLLEY-2023-1536x1024.jpg 1536w, https:\/\/www.radiopiu.net\/wordpress\/wp-content\/uploads\/2023\/01\/VOLLEY-2023.jpg 1920w\" sizes=\"auto, (max-width: 168px) 100vw, 168px\" \/><\/a>di Marco Gaz<\/strong><\/p>\n<p><span style=\"color: #ff0000;\"><strong>COPPA PRIMA DIVISIONE<\/strong><\/span><\/p>\n<p><strong>VOLLEY CLUB AGORDINO &#8211; RESANA 0-3 (16-25, 14-25, 18-25)<\/strong><\/p>\n<p>Passo falso del Volley Club Agordino nel match infrasettimanale valido per la Coppa di Prima Categoria. La squadra di De Nardin crolla con il Resana al PalaRova di Agordo. Le agordine non giocano bene e le avversarie chiudono la sfida in tre set. Un quarto di finale da dimenticare in fretta in vista dei prossimi impegni in campionato. Un match a senso unico con le trevigiane che fanno subito la voce grossa. La sfida continua con il Volley Club Agordino che stenta a tenere il passo delle avversarie e il Resana si aggiudica la partita.<\/p>\n<p>&nbsp;<\/p>\n<p>&nbsp;<\/p>\n<blockquote>\n<h2>24 PREALPI MASTER SHOW, DA DOMANI VIA ALLE ISCRIZIONI<\/h2>\n<\/blockquote>\n<p><strong><img loading=\"lazy\" decoding=\"async\" class=\"alignleft\" src=\"https:\/\/www.radiopiu.net\/wordpress\/wp-content\/uploads\/2023\/11\/f4a89554-aee0-4c2e-8c5f-234730013517.jpg\" width=\"257\" height=\"171\" \/>BELLUNO<\/strong><\/p>\n<p><strong>di ROBERTO BONA<\/strong><\/p>\n<p>&nbsp;<\/p>\n<audio class=\"wp-audio-shortcode\" id=\"audio-360656-8\" preload=\"none\" style=\"width: 100%;\" controls=\"controls\"><source type=\"audio\/mpeg\" src=\"https:\/\/www.radiopiu.net\/wordpress\/wp-content\/uploads\/2023\/11\/MasterShowRally.mp3?_=8\" \/><a href=\"https:\/\/www.radiopiu.net\/wordpress\/wp-content\/uploads\/2023\/11\/MasterShowRally.mp3\">https:\/\/www.radiopiu.net\/wordpress\/wp-content\/uploads\/2023\/11\/MasterShowRally.mp3<\/a><\/audio>\n<p>&nbsp;<\/p>\n<p>&nbsp;<\/p>\n<p>&nbsp;<\/p>\n<p>&nbsp;<\/p>\n<\/div>\n\n\t\t\t<style type='text\/css'>\n\t\t\t\t#gallery-3 {\n\t\t\t\t\tmargin: auto;\n\t\t\t\t}\n\t\t\t\t#gallery-3 .gallery-item {\n\t\t\t\t\tfloat: left;\n\t\t\t\t\tmargin-top: 10px;\n\t\t\t\t\ttext-align: center;\n\t\t\t\t\twidth: 100%;\n\t\t\t\t}\n\t\t\t\t#gallery-3 img {\n\t\t\t\t\tborder: 2px solid #cfcfcf;\n\t\t\t\t}\n\t\t\t\t#gallery-3 .gallery-caption {\n\t\t\t\t\tmargin-left: 0;\n\t\t\t\t}\n\t\t\t\t\/* see gallery_shortcode() in wp-includes\/media.php *\/\n\t\t\t<\/style>\n\t\t<div id='gallery-3' class='dt-gallery-container gallery galleryid-360656 gallery-columns-1 gallery-size-large'><dl class='gallery-item'>\n\t\t\t\t<dt class='gallery-icon landscape'>\n\t\t\t\t\t<a class=\"rollover rollover-zoom dt-pswp-item\" title=\"Locandina_infanzia adolescenza\" data-dt-img-description=\"\" data-large_image_width=\"2560\" data-large_image_height=\"2560\"href='https:\/\/www.radiopiu.net\/wordpress\/wp-content\/uploads\/2023\/11\/Locandina_infanzia-adolescenza-scaled.jpg'><img loading=\"lazy\" decoding=\"async\" width=\"1024\" height=\"1024\" src=\"https:\/\/www.radiopiu.net\/wordpress\/wp-content\/uploads\/2023\/11\/Locandina_infanzia-adolescenza-1024x1024.jpg\" class=\"attachment-large size-large\" alt=\"\" srcset=\"https:\/\/www.radiopiu.net\/wordpress\/wp-content\/uploads\/2023\/11\/Locandina_infanzia-adolescenza-1024x1024.jpg 1024w, https:\/\/www.radiopiu.net\/wordpress\/wp-content\/uploads\/2023\/11\/Locandina_infanzia-adolescenza-300x300.jpg 300w, https:\/\/www.radiopiu.net\/wordpress\/wp-content\/uploads\/2023\/11\/Locandina_infanzia-adolescenza-150x150.jpg 150w, https:\/\/www.radiopiu.net\/wordpress\/wp-content\/uploads\/2023\/11\/Locandina_infanzia-adolescenza-768x768.jpg 768w, https:\/\/www.radiopiu.net\/wordpress\/wp-content\/uploads\/2023\/11\/Locandina_infanzia-adolescenza-1536x1536.jpg 1536w, https:\/\/www.radiopiu.net\/wordpress\/wp-content\/uploads\/2023\/11\/Locandina_infanzia-adolescenza-2048x2048.jpg 2048w\" sizes=\"auto, (max-width: 1024px) 100vw, 1024px\" \/><\/a>\n\t\t\t\t<\/dt><\/dl><br style=\"clear: both\" \/>\n\t\t\t<\/div>\n\n","protected":false},"excerpt":{"rendered":"<p>40esimo di RADIOPIU\u2026. LA VOCE DELL\u2019EMOZIONE ISCRIVITI AL NOSTRO CANALE\u00a0\u00a0YOUTUBE PER SEGUIRE IN DIRETTA I PRINCIPALI PROGRAMMI DI RADIO PIU\u2019 E LE FUTURE DIRETTE IN ESTERNA. PER ISCRIVERTI CLICCA QUI\u00a0E PREMI\u00a0 \u201cIscriviti\u201d\u00a0 &nbsp; &nbsp; &nbsp; OGGI ALLA RADIO: ALLE 7 LA RASSEGNA STAMPA LOCALE FLASH, PER CHI COME NOI ALLE SETTE DEL MATTINO VA DI&hellip;<\/p>\n","protected":false},"author":4,"featured_media":360769,"comment_status":"closed","ping_status":"closed","sticky":false,"template":"","format":"standard","meta":{"_monsterinsights_skip_tracking":false,"_monsterinsights_sitenote_active":false,"_monsterinsights_sitenote_note":"","_monsterinsights_sitenote_category":0,"footnotes":""},"categories":[51,86,49],"tags":[],"class_list":["post-360656","post","type-post","status-publish","format-standard","has-post-thumbnail","hentry","category-evidenza-top","category-gr","category-news-18","category-51","category-86","category-49","description-off"],"img_url":"https:\/\/www.radiopiu.net\/wordpress\/wp-content\/uploads\/2023\/11\/Senza-nome-54.png","_links":{"self":[{"href":"https:\/\/www.radiopiu.net\/wordpress\/wp-json\/wp\/v2\/posts\/360656","targetHints":{"allow":["GET"]}}],"collection":[{"href":"https:\/\/www.radiopiu.net\/wordpress\/wp-json\/wp\/v2\/posts"}],"about":[{"href":"https:\/\/www.radiopiu.net\/wordpress\/wp-json\/wp\/v2\/types\/post"}],"author":[{"embeddable":true,"href":"https:\/\/www.radiopiu.net\/wordpress\/wp-json\/wp\/v2\/users\/4"}],"replies":[{"embeddable":true,"href":"https:\/\/www.radiopiu.net\/wordpress\/wp-json\/wp\/v2\/comments?post=360656"}],"version-history":[{"count":0,"href":"https:\/\/www.radiopiu.net\/wordpress\/wp-json\/wp\/v2\/posts\/360656\/revisions"}],"wp:featuredmedia":[{"embeddable":true,"href":"https:\/\/www.radiopiu.net\/wordpress\/wp-json\/wp\/v2\/media\/360769"}],"wp:attachment":[{"href":"https:\/\/www.radiopiu.net\/wordpress\/wp-json\/wp\/v2\/media?parent=360656"}],"wp:term":[{"taxonomy":"category","embeddable":true,"href":"https:\/\/www.radiopiu.net\/wordpress\/wp-json\/wp\/v2\/categories?post=360656"},{"taxonomy":"post_tag","embeddable":true,"href":"https:\/\/www.radiopiu.net\/wordpress\/wp-json\/wp\/v2\/tags?post=360656"}],"curies":[{"name":"wp","href":"https:\/\/api.w.org\/{rel}","templated":true}]}}