{"id":360670,"date":"2023-11-10T05:51:16","date_gmt":"2023-11-10T04:51:16","guid":{"rendered":"https:\/\/www.radiopiu.net\/wordpress\/?p=360670"},"modified":"2023-11-10T06:04:43","modified_gmt":"2023-11-10T05:04:43","slug":"pessimo-esempio-dagli-scranni-un-brutto-messaggio-anche-verso-le-nuove-generazioni","status":"publish","type":"post","link":"https:\/\/www.radiopiu.net\/wordpress\/pessimo-esempio-dagli-scranni-un-brutto-messaggio-anche-verso-le-nuove-generazioni\/","title":{"rendered":"PESSIMO ESEMPIO. DAGLI SCRANNI UN BRUTTO MESSAGGIO ANCHE VERSO LE NUOVE GENERAZIONI."},"content":{"rendered":"<blockquote><p><em>BELLUNO AL CENTRO FA QUADRATO INTORNO A FRANCO ROCCON<\/em><\/p><\/blockquote>\n<p><strong> <img decoding=\"async\" class=\"alignleft\" src=\"https:\/\/www.radiopiu.net\/wordpress\/wp-content\/uploads\/2023\/11\/Senza-nome-46.png\" \/>BELLUNO<\/strong> Durante la seduta del consiglio comunale il consigliere comunale di minoranza ed ex candidato sindaco Giuseppe Vignato ha dato in escandescenze dapprima insultando ad alta voce pi\u00f9 volte l&#8217;assessore Franco Roccon con epiteti irripetibili e infine, non contento di ci\u00f2, rivolgendogli il dito medio uscendo dall&#8217;aula dopo che l&#8217;assessore ne aveva chiesto correttamente le scuse.\u00a0 Tali comportamenti squalificano chi li ha messi in atto e sviliscono un luogo dove si discute di argomenti amministrativi che interessano tutti i cittadini.\u00a0 Nel condannare tali atti volgari e fuori contesto ci preme rivolgere all&#8217;assessore Franco Roccon la nostra totale vicinanza e solidariet\u00e0 personale e politica.\u00a0 La competizione elettorale di un anno fa purtroppo ci aveva gi\u00e0 regalato, da parte del candidato sindaco della sinistra, altri momenti assai diseducativi e frutto di quello che molto semplicemente possiamo definire come sciatteria politica.\u00a0 Questi inqualificabili episodi dimostrano ancora una volta il diverso spessore umano e politico del Sindaco Oscar De Pellegrin, persona capace e rispettosa.\u00a0 Stigmatizzando tali comportamenti ci auguriamo che non abbiano pi\u00f9 a ripetersi in quanto chi ha responsabilit\u00e0 amministrative dovrebbe dare il buon esempio ai propri cittadini!<\/p>\n<p>&nbsp;<\/p>\n<blockquote>\n<h3>GRUPPO CONSILIARE FRATELLI D\u2019ITALIA-GIORGIA MELONI<\/h3>\n<\/blockquote>\n<p><strong>BELLUNO<\/strong>\u00a0 Condanniamo gli atti volgari e fuori contesto a cui tutti noi consiglieri e cittadini di Belluno abbiamo dovuto assistere nel corso del consiglio comunale; rivolgiamo all\u2019assessore Franco Roccon la nostra tota- le vicinanza e solidariet\u00e0 personale e politica a fronte delle offese reite- rate durante la seduta, culminate con un gesto offensivo e ingiustificato<br \/>\nda parte dell\u2019ex candidato sindaco Vignato. Purtroppo riscontriamo ancora una volta un comportamento inqualifica-<br \/>\nbile da parte di alcuni Consiglieri di Valore Comune.\u00a0 Se si \u00e8 ritenuto che in seno alla maggioranza ci fossero problemi, che<br \/>\nnella realt\u00e0 non ci sono, questi atteggiamenti della minoranza palesano invece quanto essa sia inconsistente e di basso livello, poich\u00e9 anzich\u00e9 essere parte attiva nell&#8217;amministrazione cittadina si riducono ad esibire volgarit\u00e0 ed insulti. I rappresentanti comunali di Fratelli d\u2019Italia- Giorgia Meloni non con- dividono questa dialettica, ribadendo il concetto per cui nell&#8217;agone poli- tico\/amministrativo non \u00e8 accettabile alcuno scadimento in volgarit\u00e0 e mancanza di rispetto.<\/p>\n<p>Alessandro Farina, Simone Bristot, Valentina Dalla Cort, Armando Stefani e gli Assessori Comunali Monica Mazzoccoli, Raffaele Addamiano<\/p>\n<p>&nbsp;<\/p>\n<p>&nbsp;<\/p>\n<p>&nbsp;<\/p>\n<blockquote>\n<h2>MENO 2 ML SUL BILANCIO PREVISIONALE E SUI CONTI IN CONSIGLIO SI SFIORA LA RISSA<\/h2>\n<\/blockquote>\n<p>BELLUNO Ieri sera dal TG BELLUNESE di ANTENNA 3 in onda alle 19.30 sul canale 10 del digitale terrestre. Alle 19 le anticipazioni alla radio<\/p>\n<p><span style=\"color: #ff0000;\"><strong>DI TIZIANA BOLOGNANI<br \/>\n<\/strong><\/span>Intervista al sindaco, Oscar De Pellegrin<\/p>\n<p><iframe loading=\"lazy\" title=\"MENO 2 ML SUL BILANCIO PREVISIONALE E SUI CONTI IN CONSIGLIO SI SFIORA LA RISSA | 08\/11\/2023\" width=\"1200\" height=\"675\" src=\"https:\/\/www.youtube.com\/embed\/-KFBHzNmyeU?start=72&#038;feature=oembed\" frameborder=\"0\" allow=\"accelerometer; autoplay; clipboard-write; encrypted-media; gyroscope; picture-in-picture; web-share\" allowfullscreen><\/iframe><\/p>\n<p>&nbsp;<\/p>\n<p>&nbsp;<\/p>\n<hr \/>\n<p>&nbsp;<\/p>\n","protected":false},"excerpt":{"rendered":"<p>BELLUNO AL CENTRO FA QUADRATO INTORNO A FRANCO ROCCON BELLUNO Durante la seduta del consiglio comunale il consigliere comunale di minoranza ed ex candidato sindaco Giuseppe Vignato ha dato in escandescenze dapprima insultando ad alta voce pi\u00f9 volte l&#8217;assessore Franco Roccon con epiteti irripetibili e infine, non contento di ci\u00f2, rivolgendogli il dito medio uscendo&hellip;<\/p>\n","protected":false},"author":4,"featured_media":360677,"comment_status":"closed","ping_status":"closed","sticky":false,"template":"","format":"standard","meta":{"_monsterinsights_skip_tracking":false,"_monsterinsights_sitenote_active":false,"_monsterinsights_sitenote_note":"","_monsterinsights_sitenote_category":0,"footnotes":""},"categories":[51,49],"tags":[],"class_list":["post-360670","post","type-post","status-publish","format-standard","has-post-thumbnail","hentry","category-evidenza-top","category-news-18","category-51","category-49","description-off"],"img_url":"https:\/\/www.radiopiu.net\/wordpress\/wp-content\/uploads\/2023\/11\/Senza-nome-46.png","_links":{"self":[{"href":"https:\/\/www.radiopiu.net\/wordpress\/wp-json\/wp\/v2\/posts\/360670","targetHints":{"allow":["GET"]}}],"collection":[{"href":"https:\/\/www.radiopiu.net\/wordpress\/wp-json\/wp\/v2\/posts"}],"about":[{"href":"https:\/\/www.radiopiu.net\/wordpress\/wp-json\/wp\/v2\/types\/post"}],"author":[{"embeddable":true,"href":"https:\/\/www.radiopiu.net\/wordpress\/wp-json\/wp\/v2\/users\/4"}],"replies":[{"embeddable":true,"href":"https:\/\/www.radiopiu.net\/wordpress\/wp-json\/wp\/v2\/comments?post=360670"}],"version-history":[{"count":0,"href":"https:\/\/www.radiopiu.net\/wordpress\/wp-json\/wp\/v2\/posts\/360670\/revisions"}],"wp:featuredmedia":[{"embeddable":true,"href":"https:\/\/www.radiopiu.net\/wordpress\/wp-json\/wp\/v2\/media\/360677"}],"wp:attachment":[{"href":"https:\/\/www.radiopiu.net\/wordpress\/wp-json\/wp\/v2\/media?parent=360670"}],"wp:term":[{"taxonomy":"category","embeddable":true,"href":"https:\/\/www.radiopiu.net\/wordpress\/wp-json\/wp\/v2\/categories?post=360670"},{"taxonomy":"post_tag","embeddable":true,"href":"https:\/\/www.radiopiu.net\/wordpress\/wp-json\/wp\/v2\/tags?post=360670"}],"curies":[{"name":"wp","href":"https:\/\/api.w.org\/{rel}","templated":true}]}}