{"id":360731,"date":"2023-11-09T16:12:09","date_gmt":"2023-11-09T15:12:09","guid":{"rendered":"https:\/\/www.radiopiu.net\/wordpress\/?p=360731"},"modified":"2023-11-09T16:12:32","modified_gmt":"2023-11-09T15:12:32","slug":"360731-2","status":"publish","type":"post","link":"https:\/\/www.radiopiu.net\/wordpress\/360731-2\/","title":{"rendered":"LA FORZA DEL VOLONTARIATO, L&#8217;ATTACCAMENTO AL NOSTRO OSPEDALE"},"content":{"rendered":"<div class=\"gmail_quote\"><strong><img decoding=\"async\" src=\"https:\/\/www.radiopiu.net\/wordpress\/wp-content\/uploads\/2023\/11\/WhatsApp-Image-2023-11-09-at-16.10.17.jpeg\" \/><\/strong><\/div>\n<div><\/div>\n<div><\/div>\n<div class=\"gmail_quote\"><strong>AGORDO<\/strong> Il Commissario\u00a0 Giuseppe Dal Ben, all&#8217;ospedale Papa Luciani di Agordo, ha ringraziato le Associazioni di Volontariato dell&#8217;Agordino che hanno generosamente donato alcune attrezzature all&#8217;ospedale di Agordo. Le Associazioni <strong>Palio di Agordo, Us Le ville, Genitori sempre, Boce da rif, Pettirosso Agordino, Alpini &#8211; Protezione civile e Donatori sangue<\/strong> hanno unito le forze, come spesso accade in Agordino, e donato alcune attrezzature all&#8217;ospedale come una poltrona per prelievi, una barella per il Pronto Soccorso e un sistema di videoconferenza.<\/div>\n<div class=\"gmail_quote\">\n<div dir=\"auto\">\n<div dir=\"auto\"><\/div>\n<blockquote>\n<div dir=\"auto\"><em>&#8220;Un grazie sentito e di cuore per questa presenza costruttiva&#8221; ha commentato il Commissario Dal Ben soffermandosi con le Associazioni,\u00a0 &#8220;\u00e8 importante avere a fianco la Comunit\u00e0 per dare il meglio ai cittadini. Al di l\u00e0 delle donazioni materiali, il Volontariato rappresenta un partner importante che fa della solidariet\u00e0 un valore aggiunto ai servizi&#8221;<\/em><\/div>\n<\/blockquote>\n<\/div>\n<\/div>\n<div dir=\"auto\"><\/div>\n<div dir=\"auto\"><\/div>\n<div dir=\"auto\"><\/div>\n<div dir=\"auto\">\n<hr \/>\n<\/div>\n","protected":false},"excerpt":{"rendered":"<p>AGORDO Il Commissario\u00a0 Giuseppe Dal Ben, all&#8217;ospedale Papa Luciani di Agordo, ha ringraziato le Associazioni di Volontariato dell&#8217;Agordino che hanno generosamente donato alcune attrezzature all&#8217;ospedale di Agordo. Le Associazioni Palio di Agordo, Us Le ville, Genitori sempre, Boce da rif, Pettirosso Agordino, Alpini &#8211; Protezione civile e Donatori sangue hanno unito le forze, come spesso&hellip;<\/p>\n","protected":false},"author":4,"featured_media":360732,"comment_status":"closed","ping_status":"closed","sticky":false,"template":"","format":"standard","meta":{"_monsterinsights_skip_tracking":false,"_monsterinsights_sitenote_active":false,"_monsterinsights_sitenote_note":"","_monsterinsights_sitenote_category":0,"footnotes":""},"categories":[49],"tags":[],"class_list":["post-360731","post","type-post","status-publish","format-standard","has-post-thumbnail","hentry","category-news-18","category-49","description-off"],"img_url":"https:\/\/www.radiopiu.net\/wordpress\/wp-content\/uploads\/2023\/11\/WhatsApp-Image-2023-11-09-at-16.10.17.jpeg","_links":{"self":[{"href":"https:\/\/www.radiopiu.net\/wordpress\/wp-json\/wp\/v2\/posts\/360731","targetHints":{"allow":["GET"]}}],"collection":[{"href":"https:\/\/www.radiopiu.net\/wordpress\/wp-json\/wp\/v2\/posts"}],"about":[{"href":"https:\/\/www.radiopiu.net\/wordpress\/wp-json\/wp\/v2\/types\/post"}],"author":[{"embeddable":true,"href":"https:\/\/www.radiopiu.net\/wordpress\/wp-json\/wp\/v2\/users\/4"}],"replies":[{"embeddable":true,"href":"https:\/\/www.radiopiu.net\/wordpress\/wp-json\/wp\/v2\/comments?post=360731"}],"version-history":[{"count":0,"href":"https:\/\/www.radiopiu.net\/wordpress\/wp-json\/wp\/v2\/posts\/360731\/revisions"}],"wp:featuredmedia":[{"embeddable":true,"href":"https:\/\/www.radiopiu.net\/wordpress\/wp-json\/wp\/v2\/media\/360732"}],"wp:attachment":[{"href":"https:\/\/www.radiopiu.net\/wordpress\/wp-json\/wp\/v2\/media?parent=360731"}],"wp:term":[{"taxonomy":"category","embeddable":true,"href":"https:\/\/www.radiopiu.net\/wordpress\/wp-json\/wp\/v2\/categories?post=360731"},{"taxonomy":"post_tag","embeddable":true,"href":"https:\/\/www.radiopiu.net\/wordpress\/wp-json\/wp\/v2\/tags?post=360731"}],"curies":[{"name":"wp","href":"https:\/\/api.w.org\/{rel}","templated":true}]}}