{"id":360738,"date":"2023-11-10T05:56:27","date_gmt":"2023-11-10T04:56:27","guid":{"rendered":"https:\/\/www.radiopiu.net\/wordpress\/?p=360738"},"modified":"2023-11-10T06:39:43","modified_gmt":"2023-11-10T05:39:43","slug":"lacrime-tra-le-domande-dei-perche-di-una-vita-non-vissuta","status":"publish","type":"post","link":"https:\/\/www.radiopiu.net\/wordpress\/lacrime-tra-le-domande-dei-perche-di-una-vita-non-vissuta\/","title":{"rendered":"LACRIME TRA LE DOMANDE DEI PERCHE&#8217; DI UNA VITA NON VISSUTA"},"content":{"rendered":"<blockquote>\n<h3>LACRIME TRA LE DOMANDE DEI PERCHE&#8217; DI UNA VITA NON VISSUTA<\/h3>\n<\/blockquote>\n<p><strong><img loading=\"lazy\" decoding=\"async\" class=\"alignleft\" src=\"https:\/\/www.radiopiu.net\/wordpress\/wp-content\/uploads\/2023\/11\/b34f01ae-4c81-4037-8173-d96471f0f6a0.jpg\" width=\"251\" height=\"188\" \/><\/strong><strong>PUOS D&#8217;ALPAGO<\/strong> Mica facile spiegare perch\u00e8, perch\u00e9 un marito esemplare, un padre e un lavoratore capace di spendersi per gli altri, per vocazione. Perch\u00e8?<\/p>\n<p>Le parole non asciugano le lacrime, gli abbracci e le carezze dei tanti amici aiutano. Nella chiesa di Puos, in Alpago, i funerali di Walter Locatello, il 44enne vigile del fuoco inghiottito dalle acque di un canale una settimana fa e il cui corpo privo di vita \u00e8 stato ritrovato luned\u00ec nel lago di Santa Croce. La bara \u00e8 stata trasportata a bordo di un mezzo dei pompieri,\u00a0 \u00a0gli stessi che in uniforme\u00a0 rossa l&#8217;hanno poi portata all&#8217;interno. Centinaia le persone presenti, mentre la raccolta fondi per sostenere la famiglia\u00a0 ha superato i 90 mila euro.<\/p>\n<div dir=\"auto\">\n<p><strong>LA RACCOLTA FONDI:<\/strong> Un amico fraterno\u00a0 Maurizio Torri ha lanciato la raccolta fondi &#8220;Sostieni Martino&#8221; in favore della moglie Sybil Genoria e del suo bambino. Centinaia di donazioni sulla piattaforma in rete gofundme. Si stanno muovendo anche i coscritti della classe 1979, oltre al mondo del volontariato e dello sport. Una raccolta \u00e8 in corso anche alla Botte del Re, una pizzeria di Calalzo collegata con il distaccamento dei vigili dei Pieve di Cadore, mentre le offerte in chiesa andranno in beneficenza. Anche dal GIORNALE RADIO PIU e canali social di Radio Pi\u00f9 si puo&#8217; raggiungere la piattaforma per le donazioni, ad oggi sono stati raccolti oltre\u00a0 83 mila euro<\/p>\n<\/div>\n<h1>per donazioni <span style=\"color: #0000ff;\"><strong><a style=\"color: #0000ff;\" href=\"https:\/\/gofund.me\/39c3f464\">CLICCA QUI<\/a><\/strong><\/span><\/h1>\n<p>&nbsp;<\/p>\n<blockquote>\n<h3 class=\"_title post-title entry-title\"><a class=\"dt-pswp-item\" href=\"https:\/\/www.radiopiu.net\/wordpress\/wp-content\/uploads\/2023\/11\/Senza-nome-53.png\" data-dt-img-description=\"\" data-large_image_width=\"711\" data-large_image_height=\"310\"><img loading=\"lazy\" decoding=\"async\" class=\"alignnone wp-image-360768 size-full\" src=\"https:\/\/www.radiopiu.net\/wordpress\/wp-content\/uploads\/2023\/11\/Senza-nome-53.png\" alt=\"\" width=\"711\" height=\"310\" srcset=\"https:\/\/www.radiopiu.net\/wordpress\/wp-content\/uploads\/2023\/11\/Senza-nome-53.png 711w, https:\/\/www.radiopiu.net\/wordpress\/wp-content\/uploads\/2023\/11\/Senza-nome-53-300x131.png 300w\" sizes=\"auto, (max-width: 711px) 100vw, 711px\" \/><\/a><\/h3>\n<h3><\/h3>\n<h3><\/h3>\n<h3 class=\"_title post-title entry-title\">L\u2019ULTIMO STRAZIANTE SALUTO A WALTER LOCATELLO<\/h3>\n<\/blockquote>\n<p>IERI SERA DAL TG DI ANTENNA 3, E OGNI SERA ALLE 19 LE ANTICIPAZIONI A RADIO PIU&#8217;<\/p>\n<p>DI FABIO FIORAVANZI<br \/>\nIntervistati MARIANO SAVASTANO (PREFETTO BELLUNO), ANTONIO DEL GALLO (COMANDANTE VIGILI DEL FUOCO BELLUNO), ROBERTO PADRIN (PRESIDENTE PROVINCIA BELLUNO), GIANPAOLO BOTTACIN (ASSESSORE PROTEZIONE CIVILE REGIONE VENETO)<\/p>\n<p><iframe loading=\"lazy\" title=\"L&#039;ULTIMO STRAZIANTE SALUTO A WALTER LOCATELLO  | 09\/11\/2023\" width=\"1200\" height=\"675\" src=\"https:\/\/www.youtube.com\/embed\/TFkTKRKxmI8?feature=oembed\" frameborder=\"0\" allow=\"accelerometer; autoplay; clipboard-write; encrypted-media; gyroscope; picture-in-picture; web-share\" allowfullscreen><\/iframe><\/p>\n<p>&nbsp;<\/p>\n<p>&nbsp;<\/p>\n","protected":false},"excerpt":{"rendered":"<p>LACRIME TRA LE DOMANDE DEI PERCHE&#8217; DI UNA VITA NON VISSUTA PUOS D&#8217;ALPAGO Mica facile spiegare perch\u00e8, perch\u00e9 un marito esemplare, un padre e un lavoratore capace di spendersi per gli altri, per vocazione. Perch\u00e8? Le parole non asciugano le lacrime, gli abbracci e le carezze dei tanti amici aiutano. Nella chiesa di Puos, in&hellip;<\/p>\n","protected":false},"author":4,"featured_media":360739,"comment_status":"closed","ping_status":"closed","sticky":false,"template":"","format":"standard","meta":{"_monsterinsights_skip_tracking":false,"_monsterinsights_sitenote_active":false,"_monsterinsights_sitenote_note":"","_monsterinsights_sitenote_category":0,"footnotes":""},"categories":[51,49],"tags":[],"class_list":["post-360738","post","type-post","status-publish","format-standard","has-post-thumbnail","hentry","category-evidenza-top","category-news-18","category-51","category-49","description-off"],"img_url":"https:\/\/www.radiopiu.net\/wordpress\/wp-content\/uploads\/2023\/11\/b34f01ae-4c81-4037-8173-d96471f0f6a0.jpg","_links":{"self":[{"href":"https:\/\/www.radiopiu.net\/wordpress\/wp-json\/wp\/v2\/posts\/360738","targetHints":{"allow":["GET"]}}],"collection":[{"href":"https:\/\/www.radiopiu.net\/wordpress\/wp-json\/wp\/v2\/posts"}],"about":[{"href":"https:\/\/www.radiopiu.net\/wordpress\/wp-json\/wp\/v2\/types\/post"}],"author":[{"embeddable":true,"href":"https:\/\/www.radiopiu.net\/wordpress\/wp-json\/wp\/v2\/users\/4"}],"replies":[{"embeddable":true,"href":"https:\/\/www.radiopiu.net\/wordpress\/wp-json\/wp\/v2\/comments?post=360738"}],"version-history":[{"count":0,"href":"https:\/\/www.radiopiu.net\/wordpress\/wp-json\/wp\/v2\/posts\/360738\/revisions"}],"wp:featuredmedia":[{"embeddable":true,"href":"https:\/\/www.radiopiu.net\/wordpress\/wp-json\/wp\/v2\/media\/360739"}],"wp:attachment":[{"href":"https:\/\/www.radiopiu.net\/wordpress\/wp-json\/wp\/v2\/media?parent=360738"}],"wp:term":[{"taxonomy":"category","embeddable":true,"href":"https:\/\/www.radiopiu.net\/wordpress\/wp-json\/wp\/v2\/categories?post=360738"},{"taxonomy":"post_tag","embeddable":true,"href":"https:\/\/www.radiopiu.net\/wordpress\/wp-json\/wp\/v2\/tags?post=360738"}],"curies":[{"name":"wp","href":"https:\/\/api.w.org\/{rel}","templated":true}]}}