{"id":360811,"date":"2023-11-11T05:58:09","date_gmt":"2023-11-11T04:58:09","guid":{"rendered":"https:\/\/www.radiopiu.net\/wordpress\/?p=360811"},"modified":"2023-11-11T08:42:34","modified_gmt":"2023-11-11T07:42:34","slug":"giornale-radiopiu-11-novembre-2023-direttore-mirko-mezzacasada-40-anni-25-giugno-1983-25-giugno-2023","status":"publish","type":"post","link":"https:\/\/www.radiopiu.net\/wordpress\/giornale-radiopiu-11-novembre-2023-direttore-mirko-mezzacasada-40-anni-25-giugno-1983-25-giugno-2023\/","title":{"rendered":"GIORNALE RADIOPIU 11 NOVEMBRE 2023 DIRETTORE MIRKO MEZZACASA\u2026DA 40 ANNI 25 GIUGNO 1983-25 GIUGNO 2023"},"content":{"rendered":"<h1 class=\"entry-title photoswipe-wrapper\">40esimo di RADIOPIU\u2026. LA VOCE DELL\u2019EMOZIONE<\/h1>\n<h2><span style=\"color: #ff0000;\">ISCRIVITI AL NOSTRO CANALE\u00a0\u00a0YOUTUBE PER SEGUIRE IN DIRETTA I PRINCIPALI PROGRAMMI DI RADIO PIU\u2019 E LE FUTURE DIRETTE IN ESTERNA. PER ISCRIVERTI <a style=\"color: #ff0000;\" href=\"https:\/\/youtube.com\/@radiopiu1527\">CLICCA QUI\u00a0<\/a>E PREMI\u00a0 \u201cIscriviti\u201d\u00a0 \u00a0<\/span><\/h2>\n<p>&nbsp;<\/p>\n<hr \/>\n<p>&nbsp;<\/p>\n<blockquote>\n<h3>DOLOMITIBUS, PROBLEMA RISOLTO E FINE DELLE CRITICHE ALL&#8217;AZIENDA\u00a0 BELLUNESE<\/h3>\n<\/blockquote>\n<p><strong><img loading=\"lazy\" decoding=\"async\" class=\"alignleft\" src=\"https:\/\/www.radiopiu.net\/wordpress\/wp-content\/uploads\/2020\/06\/80c303ed-9a2e-49f0-8b20-3dd5e061bbf3.jpg\" width=\"191\" height=\"143\" \/>BELLUNO<\/strong> Dopo la manifestazione di Belluno il problema, perch\u00e8 di problema si tratta, della Dolomitibus \u00e8 scomparso. C&#8217;\u00e8 altro a cui pensare e chi rimane a piedi&#8230;si arrangi. Sono state tagliate una cinquantina di corse, la maggior parte nel capoluogo ma nessuno dice pi\u00f9 nulla. Ovvero, il taglio \u00e8 diventato strutturale, cronico, quotidiano. Il nuovo orario\u00a0 entrer\u00e0 in vigore luned\u00ec e prevede il taglio di 47 corse: 22 riguardano il servizio di trasporto urbano di Belluno\u00a0 25 le corse extraurbane\u00a0 soprattutto nello Zoldano, in Cadore e in Agordino. &#8220;Non lasceremo nessuno studente o lavoratore a piedi&#8221; ma centinaia di lavoratori vengono lasciati tutti i giorni a piedi&#8230; nei parcheggi attorno ad Agordo, perch\u00e9 \u00e8 stato scelto univocamente di tagliare il servizio delle navette <em>incasinando*<\/em> il capoluogo di vallata. Ma questo \u00e8 solo un esempio, ripetutamente piovono le critiche anche sulle linee inesistenti nei giorni in cui Luxottica \u00e8 chiusa,\u00a0 un non biglietto da visita per una provincia dedita anche al turismo.<\/p>\n<p><em>*Il termine &#8220;incasinare&#8221; \u00e8 un&#8217;espressione colloquiale in italiano e pu\u00f2 avere diversi significati a seconda del contesto. Di solito, si tratta di un termine informale che indica un disordine, un caos o una situazione confusa. Ad esempio, se qualcuno dice &#8220;ho incasinato tutto&#8221;, significa che ha creato una situazione complicata o confusa. Pu\u00f2 essere utilizzato anche in modo pi\u00f9 generico per descrivere situazioni o cose disordinate e disorganizzate. In alcuni contesti informali, pu\u00f2 anche essere usato per riferirsi a problemi o difficolt\u00e0, il nostro caso.\u00a0<\/em><\/p>\n<p>&nbsp;<\/p>\n<p>&nbsp;<\/p>\n<blockquote>\n<h3>VENERDI&#8217; LO SCIOPERO NAZIONALE DEI TRASPORTI<\/h3>\n<\/blockquote>\n<p><strong>REDAZIONE<\/strong> Venerd\u00ec \u00e8 in programma lo sciopero generale di tutti i trasporti pubblici e privati. Le Segreterie Territoriali FILT-CGIL e UILTRASPORTI hanno dato comunicazione di adesione allo stesso e nell\u2019ambito della rete servita dalle linee della Dolomiti Bus S.p.A., l\u2019accordo aziendale attuativo in materia di prestazioni minime. <strong>PREVEDE LA GARANZIA DEL SERVIZIO NELLE SEGUENTI FASCE ORARIE DALLE ORE 5:40 ALLE ORE 8:09 e DALLE ORE 12:10 ALLE ORE 15:39.<\/strong> Dolomiti Bus S.p.A. precisa che le corse in partenza prima dell\u2019inizio dello sciopero verranno effettuate regolarmente e che le stesse, una volta iniziate, proseguiranno sino al capolinea. I servizi verranno ripristinati completamente a partire dal giorno successivo.<\/p>\n<p>&nbsp;<\/p>\n<p>&nbsp;<\/p>\n<p>&nbsp;<\/p>\n<hr \/>\n<h3>DI FRODE IN FRODE&#8230; ATTENZIONE AI FAKE A NOME DI POSTE ITALIANE<\/h3>\n<blockquote><p><em>&#8220;\u00c8 uguale a poste italiane e proviene da un loro numero. Io non ho messo nessun dato e ho chiamato subito Poste che mi hanno confermato la frode&#8221;<\/em><\/p><\/blockquote>\n<h3><a class=\"dt-pswp-item\" href=\"https:\/\/www.radiopiu.net\/wordpress\/wp-content\/uploads\/2023\/11\/Senza-nome-62.png\" data-dt-img-description=\"\" data-large_image_width=\"419\" data-large_image_height=\"710\"><img loading=\"lazy\" decoding=\"async\" class=\"size-medium wp-image-360884 aligncenter\" src=\"https:\/\/www.radiopiu.net\/wordpress\/wp-content\/uploads\/2023\/11\/Senza-nome-62-177x300.png\" alt=\"\" width=\"177\" height=\"300\" srcset=\"https:\/\/www.radiopiu.net\/wordpress\/wp-content\/uploads\/2023\/11\/Senza-nome-62-177x300.png 177w, https:\/\/www.radiopiu.net\/wordpress\/wp-content\/uploads\/2023\/11\/Senza-nome-62.png 419w\" sizes=\"auto, (max-width: 177px) 100vw, 177px\" \/><\/a><\/h3>\n<p>&nbsp;<\/p>\n<hr \/>\n<p>&nbsp;<\/p>\n<p><a class=\"dt-pswp-item\" href=\"https:\/\/www.radiopiu.net\/wordpress\/wp-content\/uploads\/2023\/10\/34f4cfc6-e863-46e9-9695-8df44be63421.jpg\" data-dt-img-description=\"\" data-large_image_width=\"1200\" data-large_image_height=\"1200\"><img loading=\"lazy\" decoding=\"async\" class=\"wp-image-357393 alignleft\" src=\"https:\/\/www.radiopiu.net\/wordpress\/wp-content\/uploads\/2023\/10\/34f4cfc6-e863-46e9-9695-8df44be63421-300x300.jpg\" alt=\"\" width=\"81\" height=\"81\" srcset=\"https:\/\/www.radiopiu.net\/wordpress\/wp-content\/uploads\/2023\/10\/34f4cfc6-e863-46e9-9695-8df44be63421-300x300.jpg 300w, https:\/\/www.radiopiu.net\/wordpress\/wp-content\/uploads\/2023\/10\/34f4cfc6-e863-46e9-9695-8df44be63421-1024x1024.jpg 1024w, https:\/\/www.radiopiu.net\/wordpress\/wp-content\/uploads\/2023\/10\/34f4cfc6-e863-46e9-9695-8df44be63421-150x150.jpg 150w, https:\/\/www.radiopiu.net\/wordpress\/wp-content\/uploads\/2023\/10\/34f4cfc6-e863-46e9-9695-8df44be63421-768x768.jpg 768w, https:\/\/www.radiopiu.net\/wordpress\/wp-content\/uploads\/2023\/10\/34f4cfc6-e863-46e9-9695-8df44be63421.jpg 1200w\" sizes=\"auto, (max-width: 81px) 100vw, 81px\" \/><\/a>OGGI ALLA RADIO: <strong>ALLE 7<\/strong> LA RASSEGNA STAMPA LOCALE FLASH, PER CHI COME NOI ALLE SETTE DEL MATTINO VA DI FRETTA, TANTE NOTIZIE IN POCHE CHIACCHIERE. <strong>ALLE OTTO<\/strong> L&#8217;APPROFONDIMENTO NELLA STORICA RASSEGNA STAMPA LOCALE<\/p>\n<p>&nbsp;<\/p>\n<p>&nbsp;<\/p>\n<hr \/>\n<p>&nbsp;<\/p>\n<div class=\"page-title-head hgroup\">\n<blockquote>\n<h3 class=\"entry-title\">CENCENIGHE, LA VALLE: ABBONATI ALL\u2019INQUINAMENTO DELLE ACQUE<\/h3>\n<\/blockquote>\n<\/div>\n<div class=\"page-title-breadcrumbs\">\n<p><strong><img loading=\"lazy\" decoding=\"async\" class=\"alignleft\" src=\"https:\/\/www.radiopiu.net\/wordpress\/wp-content\/uploads\/2021\/06\/th-12.jpg\" width=\"159\" height=\"106\" \/>CENCENIGHE<\/strong> Acqua inquinata in localit\u00e0 PRA\u2019 DI MEZZO e\u00a0 non pu\u00f2 essere usata per scopi alimentari. Verr\u00e0 effettuato servizio sostitutivo con cisterna in localit\u00e0 Pr\u00e0 di Mezzo.<\/p>\n<p><strong>LA VALLE\u00a0<\/strong>\u00a0Acqua inquinata a RONCHE, NOACH, LE CAMPE e CANCELLADE\u00a0 non \u00e8 potabile e non pu\u00f2 essere usata per scopi alimentari. Verr\u00e0 effettuato servizio sostitutivo con autobotte in localit\u00e0 Le Campe e con cisterna in localit\u00e0 Ronche.<\/p>\n<p>&nbsp;<\/p>\n<p>&nbsp;<\/p>\n<\/div>\n<p>&nbsp;<\/p>\n<hr \/>\n<p>&nbsp;<\/p>\n<blockquote>\n<h3>LA VALLE: INCIDENTE SUL LAVORO PER UN BOSCAIOLO<\/h3>\n<\/blockquote>\n<p><strong><a class=\"dt-pswp-item\" href=\"https:\/\/www.radiopiu.net\/wordpress\/wp-content\/uploads\/2023\/11\/c6a9f98d-7e3c-4eb1-ac0c-4a6c8d55c013.jpg\" data-dt-img-description=\"\" data-large_image_width=\"964\" data-large_image_height=\"694\"><img loading=\"lazy\" decoding=\"async\" class=\"size-medium wp-image-360876 alignleft\" src=\"https:\/\/www.radiopiu.net\/wordpress\/wp-content\/uploads\/2023\/11\/c6a9f98d-7e3c-4eb1-ac0c-4a6c8d55c013-300x216.jpg\" alt=\"\" width=\"300\" height=\"216\" srcset=\"https:\/\/www.radiopiu.net\/wordpress\/wp-content\/uploads\/2023\/11\/c6a9f98d-7e3c-4eb1-ac0c-4a6c8d55c013-300x216.jpg 300w, https:\/\/www.radiopiu.net\/wordpress\/wp-content\/uploads\/2023\/11\/c6a9f98d-7e3c-4eb1-ac0c-4a6c8d55c013-768x553.jpg 768w, https:\/\/www.radiopiu.net\/wordpress\/wp-content\/uploads\/2023\/11\/c6a9f98d-7e3c-4eb1-ac0c-4a6c8d55c013.jpg 964w\" sizes=\"auto, (max-width: 300px) 100vw, 300px\" \/><\/a>LA VALLE<\/strong> Grave incidente\u00a0 in localit\u00e0 Pian de Val. Un boscaiolo di origini rumene residente a Limana\u00a0 si \u00e8 trovato intrappolato nell&#8217;abitacolo della sua jeep, che era uscita di strada. La prontezza di intervento \u00e8 stata fondamentale per evitare conseguenze ancora pi\u00f9 gravi. Sul luogo dell&#8217;incidente, caratterizzato da condizioni meteorologiche avverse e presenza di nebbia, \u00e8 stato dispiegato l&#8217;elicottero del Suem di Pieve di Cadore. Nonostante le difficolt\u00e0, l&#8217;equipaggio composto da personale medico e tecnico di elisoccorso \u00e8 riuscito a raggiungere il boscaiolo, che si trovava circa quindici metri sotto una strada forestale. I Vigili del fuoco hanno estratto l&#8217;infortunato dall&#8217;abitacolo, mentre il personale sanitario dell&#8217;ambulanza ha prestato le prime cure per un probabile politrauma. Successivamente, il 30enne \u00e8 stato imbarellato e trasportato fino all&#8217;ambulanza. Da l\u00ec \u00e8 stato trasferito con urgenza nell&#8217;elicottero, che attendeva sulla statale, per essere poi decollato in direzione dell&#8217;ospedale di Treviso. La presenza di una squadra del Soccorso alpino di Agordo ha contribuito all&#8217;efficacia dell&#8217;operazione di salvataggio. Grazie alla tempestivit\u00e0 e alla coordinazione delle diverse squadre di soccorso, \u00e8 stata evitata una potenziale tragedia, e il boscaiolo \u00e8 stato trasferito in ospedale per ricevere ulteriori cure e valutazioni mediche.<\/p>\n<p>&nbsp;<\/p>\n<p>&nbsp;<\/p>\n<p>&nbsp;<\/p>\n<p>&nbsp;<\/p>\n<p>&nbsp;<\/p>\n<hr \/>\n<p>&nbsp;<\/p>\n<blockquote>\n<h3>Tragedia a Mares: Investita e Uccisa Zaira Bogo, 73 Anni, Sull&#8217;Attraversamento Pedonale<\/h3>\n<\/blockquote>\n<p><strong><img loading=\"lazy\" decoding=\"async\" class=\"alignleft\" src=\"https:\/\/www.radiopiu.net\/wordpress\/wp-content\/uploads\/2023\/11\/Senza-nome-65.png\" width=\"121\" height=\"141\" \/>BELLUNO <\/strong>Zaira Bogo, 73 anni, figura amata a Mares per la sua umanit\u00e0 e simpatia, \u00e8 stata tragicamente investita sulla strisce pedonali. L&#8217;incidente \u00e8 avvenuto mentre rientrava a casa dopo la spesa, causando un politrauma fatale nonostante il conducente dell&#8217;auto non stesse viaggiando a velocit\u00e0 elevata. Zaira, moglie di Armando Clerici e madre di tre figli, era in pensione e si godeva la sua meritata tranquillit\u00e0. L&#8217;incidente ha suscitato dolore e sgomento nella comunit\u00e0 di Mares. L&#8217;autorit\u00e0 giudiziaria ha aperto un fascicolo per omicidio stradale nei confronti del conducente dell&#8217;utilitaria, sottoposto a controlli di legge e molto addolorato. La salma di Zaira Bogo \u00e8 ancora sotto l&#8217;autorit\u00e0 giudiziaria, in attesa del nulla osta per i funerali. La comunit\u00e0 si prepara a dare l&#8217;ultimo saluto a Zaira, che riposer\u00e0 nella chiesa di San Pietro a Salce, come da sua volont\u00e0.<\/p>\n<div class=\"flex-1 overflow-hidden\">\n<div class=\"react-scroll-to-bottom--css-rzqmm-79elbk h-full\">\n<div class=\"react-scroll-to-bottom--css-rzqmm-1n7m0yu\">\n<div class=\"flex flex-col text-sm gizmo:pb-9 dark:bg-gray-800 gizmo:dark:bg-transparent\">\n<div class=\"group w-full text-token-text-primary border-b border-black\/10 gizmo:border-0 dark:border-gray-900\/50 gizmo:dark:border-0 bg-gray-50 gizmo:bg-transparent dark:bg-[#444654] gizmo:dark:bg-transparent\" data-testid=\"conversation-turn-21\">\n<div class=\"p-4 gizmo:py-2 justify-center text-base md:gap-6 md:py-6 m-auto\">\n<div class=\"flex flex-1 gap-4 text-base mx-auto md:gap-6 gizmo:gap-3 gizmo:md:px-5 gizmo:lg:px-1 gizmo:xl:px-5 md:max-w-2xl lg:max-w-[38rem] gizmo:md:max-w-3xl gizmo:lg:max-w-[40rem] gizmo:xl:max-w-[48rem] xl:max-w-3xl }\">\n<div class=\"relative flex w-[calc(100%-50px)] flex-col gizmo:w-full lg:w-[calc(100%-115px)] agent-turn\">\n<div class=\"flex-col gap-1 md:gap-3\">\n<div class=\"flex justify-between empty:hidden gizmo:justify-start gizmo:gap-3 lg:block gizmo:lg:flex\"><\/div>\n<\/div>\n<\/div>\n<\/div>\n<\/div>\n<\/div>\n<\/div>\n<\/div>\n<\/div>\n<\/div>\n<div class=\"w-full pt-2 md:pt-0 border-t md:border-t-0 gizmo:border-t-0 dark:border-white\/20 md:border-transparent md:dark:border-transparent md:pl-2 gizmo:pl-0 gizmo:md:pl-0 md:w-[calc(100%-.5rem)] absolute bottom-0 left-0 md:bg-vert-light-gradient bg-white dark:bg-gray-800 md:!bg-transparent dark:md:bg-vert-dark-gradient\">\n<form class=\"stretch mx-2 flex flex-row gap-3 last:mb-2 md:mx-4 md:last:mb-6 lg:mx-auto lg:max-w-2xl xl:max-w-3xl\">\n<div class=\"relative flex h-full flex-1 items-stretch md:flex-col\">\n<div>\n<div class=\"h-full flex ml-1 md:w-full md:m-auto md:mb-4 gap-0 md:gap-2 justify-center\"><strong>FOTO CORRIERE DELLE ALPI<\/strong><\/div>\n<\/div>\n<\/div>\n<\/form>\n<\/div>\n<p>&nbsp;<\/p>\n<p>IERI SERA DAL TG DEI BELLUNESI SU ANTENNA 3, IN TUTTA LA PROVINCIA\u00a0 SUL CANALE 10 DEL DIGITALE TERRESTRE, DAL LUNEDI AL SABATO IL TG DELLE 19.30 E ALLE 19 LE ANTICIPAZIONI ALLA RADIO<\/p>\n<p>DI TIZIANA BOLOGNANI<\/p>\n<p><iframe loading=\"lazy\" title=\"INVESTITA DA UN&#039;AUTO, 73ENNE MUORE ALL&#039;OSPEDALE | 10\/11\/2023\" width=\"1200\" height=\"675\" src=\"https:\/\/www.youtube.com\/embed\/ywqWx5NfI5E?start=1&#038;feature=oembed\" frameborder=\"0\" allow=\"accelerometer; autoplay; clipboard-write; encrypted-media; gyroscope; picture-in-picture; web-share\" allowfullscreen><\/iframe><\/p>\n<p>&nbsp;<\/p>\n<p>&nbsp;<\/p>\n<hr \/>\n<p>&nbsp;<\/p>\n<p>&nbsp;<\/p>\n<div class=\"page-title-head hgroup\">\n<blockquote>\n<h3 class=\"entry-title\">COMMOZIONE PER \u201cDALLAS\u201d, IERI L\u2019ULTIMO SALUTO<\/h3>\n<\/blockquote>\n<\/div>\n<div class=\"page-title-breadcrumbs\">\n<p><img loading=\"lazy\" decoding=\"async\" class=\"alignleft\" src=\"https:\/\/www.radiopiu.net\/wordpress\/wp-content\/uploads\/2023\/11\/275f67c1-a02c-4a8a-98fb-4c5124afa731.jpg\" width=\"222\" height=\"125\" \/><strong>CORTINA<\/strong><\/p>\n<p><strong>DI BARBARA\u00a0 \u00a0PAOLAZZI_RADIOCLUB103<\/strong><\/p>\n<p>&nbsp;<\/p>\n<audio class=\"wp-audio-shortcode\" id=\"audio-360811-1\" preload=\"none\" style=\"width: 100%;\" controls=\"controls\"><source type=\"audio\/mpeg\" src=\"https:\/\/www.radiopiu.net\/wordpress\/wp-content\/uploads\/2023\/11\/BARABRA.mp3?_=1\" \/><a href=\"https:\/\/www.radiopiu.net\/wordpress\/wp-content\/uploads\/2023\/11\/BARABRA.mp3\">https:\/\/www.radiopiu.net\/wordpress\/wp-content\/uploads\/2023\/11\/BARABRA.mp3<\/a><\/audio>\n<p>&nbsp;<\/p>\n<\/div>\n<p>&nbsp;<\/p>\n<hr \/>\n<p>&nbsp;<\/p>\n<blockquote>\n<h3>OCCHIO FELTRINI! I LADRI SONO TORNATI:\u00a0 CI RISIAMO<\/h3>\n<\/blockquote>\n<p><strong>FELTRE<\/strong> Ancora furti nel feltrino una della zone pi\u00f9 martoriate della provincia. I malviventi arrivano, colpiscono e spariscono, poi non se ne parla pi\u00f9 fino al successivo episodio, oggi. Tra domenica e lunedi i ladri sono entrati in azione, hanno visitato cinque attivit\u00e0 commerciali tra Cesiomaggiore e Anzu&#8217;. Indagini in corso da parte dei Carabinieri al Bar Bianco di Cesiomaggiore, ristorante Bella Napoli, uffici di Feltre gas, ortofrutta Bont\u00e0 Tradizione e Bar la Ciusa.<\/p>\n<p>&nbsp;<\/p>\n<hr \/>\n<p>&nbsp;<\/p>\n<blockquote>\n<h3>RINVIATO A GIUDIZIO IL PADRE CHE MALTRATTAVA LA FIGLIA: ACCUSE GRAVI E TESTIMONIANZE SHOCK<\/h3>\n<\/blockquote>\n<blockquote><p><em>Il giornalista Gigi Sosso del Corriere delle Alpi riporta il caso di un padre della Valbelluna accusato di maltrattamenti aggravati verso la figlia<\/em><\/p><\/blockquote>\n<p><strong><img loading=\"lazy\" decoding=\"async\" class=\"alignleft\" src=\"https:\/\/www.radiopiu.net\/wordpress\/wp-content\/uploads\/2021\/09\/tribunale-belluno.jpg\" width=\"197\" height=\"131\" \/>BELLUNO<\/strong> Maltratta la figlia fino a cospargerla di vermi mentre dorme: un padre della Valbelluna a processo. Il\u00a0 Corriere delle Alpi riporta il grave caso di maltrattamenti in famiglia. Il padre, gi\u00e0 noto per il suo eccessivo consumo di alcolici, \u00e8 accusato di comportamenti violenti e minacce di morte rivolte alla figlia vulnerabile, con invalidit\u00e0 al 100 per cento. I fatti contestati includono bastonate, pugni, minacce di annegamento e taglio della gola, nonch\u00e9 il repellente gesto di cospargere la figlia di vermi mentre dormiva. La donna ha denunciato il padre lo scorso febbraio, dando il via a un procedimento penale che ora va a processo. La fase preliminare ha raccolto testimonianze shock da parte di parenti e vicini, e il giudice ha deciso il rinvio a giudizio. Il processo, nei prossimi mesi, vedr\u00e0 la ricostruzione dei terribili episodi, con la possibile audizione della parte offesa e la difesa dell&#8217;imputato che potrebbe optare per un rito alternativo.<\/p>\n<p>&nbsp;<\/p>\n<p>&nbsp;<\/p>\n<hr \/>\n<p>&nbsp;<\/p>\n<blockquote>\n<h2><a class=\"dt-pswp-item\" href=\"https:\/\/www.radiopiu.net\/wordpress\/wp-content\/uploads\/2023\/05\/CINQUETTI.jpg\" data-dt-img-description=\"\" data-large_image_width=\"2048\" data-large_image_height=\"1152\"><img loading=\"lazy\" decoding=\"async\" class=\" wp-image-336663 alignleft\" src=\"https:\/\/www.radiopiu.net\/wordpress\/wp-content\/uploads\/2023\/05\/CINQUETTI-300x169.jpg\" alt=\"\" width=\"234\" height=\"132\" srcset=\"https:\/\/www.radiopiu.net\/wordpress\/wp-content\/uploads\/2023\/05\/CINQUETTI-300x169.jpg 300w, https:\/\/www.radiopiu.net\/wordpress\/wp-content\/uploads\/2023\/05\/CINQUETTI-1024x576.jpg 1024w, https:\/\/www.radiopiu.net\/wordpress\/wp-content\/uploads\/2023\/05\/CINQUETTI-768x432.jpg 768w, https:\/\/www.radiopiu.net\/wordpress\/wp-content\/uploads\/2023\/05\/CINQUETTI-1536x864.jpg 1536w, https:\/\/www.radiopiu.net\/wordpress\/wp-content\/uploads\/2023\/05\/CINQUETTI.jpg 2048w\" sizes=\"auto, (max-width: 234px) 100vw, 234px\" \/><\/a>FUORI PERICOLO IL 17ENNE COLPITO DA MENINGITE<\/h2>\n<\/blockquote>\n<p><strong>BELLUNO<\/strong><\/p>\n<p><strong>DI DANIELE DALVIT<\/strong><\/p>\n<audio class=\"wp-audio-shortcode\" id=\"audio-360811-2\" preload=\"none\" style=\"width: 100%;\" controls=\"controls\"><source type=\"audio\/mpeg\" src=\"https:\/\/www.radiopiu.net\/wordpress\/wp-content\/uploads\/2023\/11\/Radio-Piu-Servizio-Vaccinazioni-meningite.mp3?_=2\" \/><a href=\"https:\/\/www.radiopiu.net\/wordpress\/wp-content\/uploads\/2023\/11\/Radio-Piu-Servizio-Vaccinazioni-meningite.mp3\">https:\/\/www.radiopiu.net\/wordpress\/wp-content\/uploads\/2023\/11\/Radio-Piu-Servizio-Vaccinazioni-meningite.mp3<\/a><\/audio>\n<p>&nbsp;<\/p>\n<p>&nbsp;<\/p>\n<blockquote>\n<h3>MENINGITE. DA INIZIO 2023 NOVE CASI IN VENETO<\/h3>\n<\/blockquote>\n<p><strong><a class=\"dt-pswp-item\" href=\"https:\/\/www.radiopiu.net\/wordpress\/wp-content\/uploads\/2023\/11\/th-4.jpg\" data-dt-img-description=\"\" data-large_image_width=\"320\" data-large_image_height=\"180\"><img loading=\"lazy\" decoding=\"async\" class=\"wp-image-359967 alignleft\" src=\"https:\/\/www.radiopiu.net\/wordpress\/wp-content\/uploads\/2023\/11\/th-4-300x169.jpg\" alt=\"\" width=\"227\" height=\"128\" srcset=\"https:\/\/www.radiopiu.net\/wordpress\/wp-content\/uploads\/2023\/11\/th-4-300x169.jpg 300w, https:\/\/www.radiopiu.net\/wordpress\/wp-content\/uploads\/2023\/11\/th-4.jpg 320w\" sizes=\"auto, (max-width: 227px) 100vw, 227px\" \/><\/a>VENEZIA<\/strong> Dal 2023, in Veneto sono stati registrati nove casi di meningite con tre casi notificati nella scorsa settimana, interessanti giovani fino a 17 anni nelle province di Padova, Belluno e Vicenza. I casi non sono collegati tra loro e sono dovuti a diverse cause. Un neonato di 5 mesi \u00e8 deceduto a Padova a causa della meningite da pneumococco, mentre un ragazzo di 17 anni nella provincia di Belluno \u00e8 affetto da meningite causata dal meningococco, ma le sue condizioni stanno migliorando. La Direzione Prevenzione della Regione Veneto segnala un aumento leggero delle meningiti da meningococco, in particolare di tipo B, tra il 2022 e il 2023. Sottolinea che il meningococco pu\u00f2 causare gravi quadri clinici come la meningite, soprattutto nei neonati e negli adolescenti. La Regione offre da anni gratuitamente vaccini. Nonostante l&#8217;importanza, il 22% degli adolescenti non si vaccina contro il meningococco.<\/p>\n<p>&nbsp;<\/p>\n<hr \/>\n<p>&nbsp;<\/p>\n<blockquote>\n<h3><strong>IL CAMPER &#8220;FUORI POSTO&#8221; PER LA GIORNATA DELL&#8217;INFANZIA<\/strong><\/h3>\n<\/blockquote>\n<p><em>Promozione dei Diritti dei Bambini organizzata dall&#8217;Ulss Dolomiti<\/em><\/p>\n<div class=\"flex-1 overflow-hidden\">\n<div class=\"react-scroll-to-bottom--css-rzqmm-79elbk h-full\">\n<div class=\"react-scroll-to-bottom--css-rzqmm-1n7m0yu\">\n<div class=\"flex flex-col text-sm gizmo:pb-9 dark:bg-gray-800 gizmo:dark:bg-transparent\">\n<div class=\"group w-full text-token-text-primary border-b border-black\/10 gizmo:border-0 dark:border-gray-900\/50 gizmo:dark:border-0 bg-gray-50 gizmo:bg-transparent dark:bg-[#444654] gizmo:dark:bg-transparent\" data-testid=\"conversation-turn-23\">\n<div class=\"p-4 gizmo:py-2 justify-center text-base md:gap-6 md:py-6 m-auto\">\n<div class=\"flex flex-1 gap-4 text-base mx-auto md:gap-6 gizmo:gap-3 gizmo:md:px-5 gizmo:lg:px-1 gizmo:xl:px-5 md:max-w-2xl lg:max-w-[38rem] gizmo:md:max-w-3xl gizmo:lg:max-w-[40rem] gizmo:xl:max-w-[48rem] xl:max-w-3xl }\">\n<div class=\"relative flex w-[calc(100%-50px)] flex-col gizmo:w-full lg:w-[calc(100%-115px)] agent-turn\">\n<div class=\"flex-col gap-1 md:gap-3\">\n<div class=\"flex flex-grow flex-col max-w-full gap-3 gizmo:gap-0\">\n<div class=\"min-h-[20px] text-message peer flex flex-col items-start gap-3 whitespace-pre-wrap break-words peer-[.text-message]:mt-5 overflow-x-auto\" data-message-author-role=\"assistant\" data-message-id=\"9a10f6e6-95f8-45ff-832c-9a7810cbce8d\">\n<div class=\"markdown prose w-full break-words dark:prose-invert dark\">\n<p><strong><a class=\"dt-pswp-item\" href=\"https:\/\/www.radiopiu.net\/wordpress\/wp-content\/uploads\/2018\/08\/ULSS1-DOLOMITI.jpeg\" data-dt-img-description=\"\" data-large_image_width=\"1280\" data-large_image_height=\"768\"><img loading=\"lazy\" decoding=\"async\" class=\"wp-image-57211 alignleft\" src=\"https:\/\/www.radiopiu.net\/wordpress\/wp-content\/uploads\/2018\/08\/ULSS1-DOLOMITI-300x180.jpeg\" alt=\"\" width=\"182\" height=\"109\" srcset=\"https:\/\/www.radiopiu.net\/wordpress\/wp-content\/uploads\/2018\/08\/ULSS1-DOLOMITI-300x180.jpeg 300w, https:\/\/www.radiopiu.net\/wordpress\/wp-content\/uploads\/2018\/08\/ULSS1-DOLOMITI-768x461.jpeg 768w, https:\/\/www.radiopiu.net\/wordpress\/wp-content\/uploads\/2018\/08\/ULSS1-DOLOMITI-1024x614.jpeg 1024w, https:\/\/www.radiopiu.net\/wordpress\/wp-content\/uploads\/2018\/08\/ULSS1-DOLOMITI.jpeg 1280w\" sizes=\"auto, (max-width: 182px) 100vw, 182px\" \/><\/a>BELLUNO<\/strong> &#8211; In occasione della Giornata internazionale dei Diritti dell&#8217;infanzia e dell&#8217;adolescenza, l&#8217;Ulss Dolomiti ha ideato un&#8217;iniziativa speciale per celebrare e promuovere i diritti dei pi\u00f9 piccoli. Il Camper &#8220;Fuori Posto&#8221; sar\u00e0 presente domani dalle 10 alle 18, all&#8217;interno della tradizionale &#8220;Fiera di San Martino&#8221; a Belluno, a lato del Teatro Comunale. Saranno offerte diverse attivit\u00e0 durante l&#8217;evento, tra cui il &#8220;truccabimbi&#8221; per i pi\u00f9 piccoli, giochi in scatola e un percorso stradale con occhiali simulanti gli effetti del tasso alcolemico alterato per i ragazzi. Inoltre, verranno distribuiti freesbee con il logo realizzato in collaborazione con gli studenti del Liceo Artistico Catullo.Gli operatori del camper saranno disponibili per fornire informazioni sulla prevenzione dei comportamenti a rischio per la salute psicofisica, sui servizi dedicati all&#8217;infanzia e adolescenza, e sul lavoro svolto dalle associazioni coinvolte. Un&#8217;occasione unica per avvicinare i bambini e i ragazzi ai servizi presenti nel territorio e promuovere il benessere delle nuove generazioni.<\/p>\n<p>&nbsp;<\/p>\n<hr \/>\n<p>&nbsp;<\/p>\n<blockquote>\n<h3>NUOVO CONTRATTO IN LUXOTTICA, ANCHE IERI RIUNIONE FIUME. SI EVINCE CHE LA FUMATA SIA STATA NERA<\/h3>\n<\/blockquote>\n<p><strong>AGORDO\u00a0<\/strong> Giorni importanti in Luxottica, ne va del futuro delle maestranze legato al nuovo contratto. Bocche cucite sui contenuti dei documenti, qualche cosa \u00e8 trapelato circa la possibilit\u00e0\u00a0 di una settimana corta (dal lunedi al giovedi) per 20 settimane l&#8217;anno, ma c&#8217;\u00e8 il &#8220;nodo&#8221; dei permessi che verrebbero probabilmente bruciati. Una delle tante voci di questi giorni mentre si attende il documento ufficiale.<\/p>\n<blockquote class=\"wp-embedded-content\" data-secret=\"Wamer6NiHA\"><p><a href=\"https:\/\/www.radiopiu.net\/wordpress\/in-attesa-degli-accordi-luxottica-sindacati-ecco-cosa-sceglie-lafert\/\">IN ATTESA DEGLI ACCORDI LUXOTTICA-SINDACATI ECCO COSA SCEGLIE &#8220;LAFERT&#8221;<\/a><\/p><\/blockquote>\n<p><iframe loading=\"lazy\" class=\"wp-embedded-content\" sandbox=\"allow-scripts\" security=\"restricted\" style=\"position: absolute; clip: rect(1px, 1px, 1px, 1px);\" title=\"&#8220;IN ATTESA DEGLI ACCORDI LUXOTTICA-SINDACATI ECCO COSA SCEGLIE &#8220;LAFERT&#8221;&#8221; &#8212; Radio Pi\u00f9\" src=\"https:\/\/www.radiopiu.net\/wordpress\/in-attesa-degli-accordi-luxottica-sindacati-ecco-cosa-sceglie-lafert\/embed\/#?secret=N0Qsz7YiU8#?secret=Wamer6NiHA\" data-secret=\"Wamer6NiHA\" width=\"600\" height=\"338\" frameborder=\"0\" marginwidth=\"0\" marginheight=\"0\" scrolling=\"no\"><\/iframe><\/p>\n<p>&nbsp;<\/p>\n<p>&nbsp;<\/p>\n<\/div>\n<\/div>\n<\/div>\n<\/div>\n<\/div>\n<\/div>\n<\/div>\n<\/div>\n<\/div>\n<\/div>\n<\/div>\n<\/div>\n<hr \/>\n<p>&nbsp;<\/p>\n<blockquote>\n<h3>BIDONI DELL&#8217;UMIDO ROTTI A SEDICO. VALPE RISPONDE<\/h3>\n<\/blockquote>\n<p><strong><a class=\"dt-pswp-item\" href=\"https:\/\/www.radiopiu.net\/wordpress\/wp-content\/uploads\/2021\/10\/VALPE.png\" data-dt-img-description=\"\" data-large_image_width=\"800\" data-large_image_height=\"400\"><img loading=\"lazy\" decoding=\"async\" class=\" wp-image-236977 alignleft\" src=\"https:\/\/www.radiopiu.net\/wordpress\/wp-content\/uploads\/2021\/10\/VALPE-300x150.png\" alt=\"\" width=\"202\" height=\"101\" srcset=\"https:\/\/www.radiopiu.net\/wordpress\/wp-content\/uploads\/2021\/10\/VALPE-300x150.png 300w, https:\/\/www.radiopiu.net\/wordpress\/wp-content\/uploads\/2021\/10\/VALPE-768x384.png 768w, https:\/\/www.radiopiu.net\/wordpress\/wp-content\/uploads\/2021\/10\/VALPE.png 800w\" sizes=\"auto, (max-width: 202px) 100vw, 202px\" \/><\/a>In seguito alla segnalazione arrivata in redazione, riceviamo e pubblichiamo la nota di Valpe Ambiente<\/strong><\/p>\n<div>Abbiamo gi\u00e0 provveduto a <span style=\"font-family: arial, helvetica, sans-serif; font-size: 10pt;\">richiamare l&#8217;attenzione su questi casi, sensibilizzando il personale operativo affinch\u00e9 durante la raccolta vengano adottate tutte le misure per evitare danneggiamenti ai contenitori. <\/span><span style=\"font-family: arial, helvetica, sans-serif; font-size: 10pt;\">Tuttavia, i contenitori esposti agli agenti atmosferici tendono a deteriorarsi nel tempo e le sollecitazioni durante le operazioni di raccolta possono determinare delle rotture. <\/span><span style=\"font-family: arial, helvetica, sans-serif; font-size: 10pt;\">A tal proposito evidenziamo che, in caso di danneggiamento del contenitore durante la raccolta, le utenze possono richiederne la sostituzione gratuita a domicilio contattando il numero verde <\/span><span style=\"font-family: arial, helvetica, sans-serif; font-size: 10pt;\"><span id=\"OBJ_PREFIX_DWT7320_com_zimbra_phone\" class=\"Object\" role=\"link\">800.94.76.73<\/span><\/span><\/div>\n<div><\/div>\n<div><span style=\"color: #ff0000;\"><strong>\u00a0<\/strong><\/span><\/div>\n<div><span style=\"color: #ff0000;\"><strong>LA SEGNALAZIONE DA SEDICO<\/strong><\/span><\/div>\n<blockquote>\n<h3 class=\"entry-title\">DILLO A RADIO PIU\u2019\u2026IL LANCIO DEL BIDONCINO<\/h3>\n<\/blockquote>\n<p><strong class=\"photoswipe-wrapper\"><a class=\"dt-pswp-item pspw-wrap-ready\" href=\"https:\/\/www.radiopiu.net\/wordpress\/wp-content\/uploads\/2023\/11\/IMG_20231109_094704514_HDR-scaled.jpg\" data-dt-img-description=\"\" data-large_image_width=\"1916\" data-large_image_height=\"2560\"><img loading=\"lazy\" decoding=\"async\" class=\" wp-image-360694 alignleft\" src=\"https:\/\/www.radiopiu.net\/wordpress\/wp-content\/uploads\/2023\/11\/IMG_20231109_094704514_HDR-224x300.jpg\" sizes=\"auto, (max-width: 95px) 100vw, 95px\" srcset=\"https:\/\/www.radiopiu.net\/wordpress\/wp-content\/uploads\/2023\/11\/IMG_20231109_094704514_HDR-224x300.jpg 224w, https:\/\/www.radiopiu.net\/wordpress\/wp-content\/uploads\/2023\/11\/IMG_20231109_094704514_HDR-766x1024.jpg 766w, https:\/\/www.radiopiu.net\/wordpress\/wp-content\/uploads\/2023\/11\/IMG_20231109_094704514_HDR-768x1026.jpg 768w, https:\/\/www.radiopiu.net\/wordpress\/wp-content\/uploads\/2023\/11\/IMG_20231109_094704514_HDR-1149x1536.jpg 1149w, https:\/\/www.radiopiu.net\/wordpress\/wp-content\/uploads\/2023\/11\/IMG_20231109_094704514_HDR-1532x2048.jpg 1532w, https:\/\/www.radiopiu.net\/wordpress\/wp-content\/uploads\/2023\/11\/IMG_20231109_094704514_HDR-scaled.jpg 1916w\" alt=\"\" width=\"95\" height=\"127\" \/><\/a>Riceviamo e pubblichiamo<\/strong><\/p>\n<p>Volevo condividere un piccolo sfogo di tutta la comunit\u00e0 di Sedico servita da Valpe Ambiente. Credo che tutti i cittadini siano stufi di dover raccogliere coperchi rotti dei bidoni, vetri lasciati in giro. Considerate le tariffe che paghiamo un minimo di civilt\u00e0 e rispetto per il prossimo dovrebbe essere d\u2019obbligo.<\/p>\n<p>Lettera firmata<\/p>\n<p>&nbsp;<\/p>\n<p>&nbsp;<\/p>\n<hr \/>\n<p>&nbsp;<\/p>\n<blockquote>\n<h3>A BELLUNO UN COMUNE SU 2 SENZA SPORTELLO BANCARIO<\/h3>\n<\/blockquote>\n<p><strong><a class=\"dt-pswp-item\" href=\"https:\/\/www.radiopiu.net\/wordpress\/wp-content\/uploads\/2020\/11\/Schermata-2020-11-11-alle-12.25.13.png\" data-dt-img-description=\"\" data-large_image_width=\"594\" data-large_image_height=\"310\"><img loading=\"lazy\" decoding=\"async\" class=\" wp-image-172025 alignleft\" src=\"https:\/\/www.radiopiu.net\/wordpress\/wp-content\/uploads\/2020\/11\/Schermata-2020-11-11-alle-12.25.13-300x157.png\" alt=\"\" width=\"182\" height=\"95\" srcset=\"https:\/\/www.radiopiu.net\/wordpress\/wp-content\/uploads\/2020\/11\/Schermata-2020-11-11-alle-12.25.13-300x157.png 300w, https:\/\/www.radiopiu.net\/wordpress\/wp-content\/uploads\/2020\/11\/Schermata-2020-11-11-alle-12.25.13.png 594w\" sizes=\"auto, (max-width: 182px) 100vw, 182px\" \/><\/a>BELLUNO<\/strong> La provincia di Belluno e Treviso ha sperimentato la chiusura di oltre un terzo degli sportelli bancari dal 2015, con met\u00e0 dei Comuni bellunesi ora privi di uno sportello. La desertificazione bancaria ha generato disagi per la popolazione e le imprese, evidenziati dalla First Cisl Belluno Treviso, rappresentante dei lavoratori del settore finanziario. L&#8217;organizzazione ha lanciato un appello alle istituzioni, alla politica locale e nazionale, e alle banche per affrontare il problema, proponendo un tavolo di confronto. I dati mostrano che la provincia di Belluno ha perso il 33% degli sportelli, mentre Treviso ha subito una diminuzione del 34%. Questo declino ha conseguenze sull&#8217;occupazione, con una diminuzione delle assunzioni e un invecchiamento della forza lavoro bancaria. La desertificazione impatta negativamente sulla vita quotidiana, specialmente per le piccole imprese, contribuendo alle dinamiche di spopolamento. La First Cisl sottolinea che, nonostante la digitalizzazione bancaria, l&#8217;Italia \u00e8 al di sotto della media europea, e i piccoli comuni possono avere problemi di connessione. La soluzione proposta \u00e8 un dialogo con le istituzioni e le banche per trovare soluzioni che preservino il benessere collettivo e l&#8217;occupazione, considerando il ruolo sociale delle banche sancito dalla Costituzione.<\/p>\n<p>&nbsp;<\/p>\n<p>&nbsp;<\/p>\n<hr \/>\n<p>&nbsp;<\/p>\n<blockquote>\n<h3>IL SALVATAGGIO ECCEZIONALE DI FLO: L&#8217;ELICOTTERO DRAGO 149 INTERVIENE PER UN CANE IN DIFFICOLT\u00c0<\/h3>\n<\/blockquote>\n<blockquote><p><em>Un incrocio tra il coraggio dei vigili del fuoco e l&#8217;efficienza dell&#8217;elicottero Drago 149 salva Flo, un cane di media taglia, intrappolato su una parete rocciosa in Val Bulera, vicino a &#8220;Ponte della Stua&#8221; nel comune di Alano di Piave.<\/em><\/p><\/blockquote>\n<p><strong>ALANO DI PIAVE Nel<\/strong> pomeriggio di ieri , il proprietario di Flo ha lanciato l&#8217;allarme dopo aver perso il controllo del suo animale, che inseguito da un animale selvatico \u00e8 finito\u00a0 in una situazione critica sulla roccia. I vigili del fuoco, con il supporto del personale di Feltre e dei volontari del Basso Feltrino, hanno tentato di raggiungere il cane dal sentiero, ma l&#8217;impresa si \u00e8 rivelata impossibile. Di fronte a tale ostacolo, i soccorritori si sono calati lungo la parete rocciosa, raggiungendo Flo con successo. Tuttavia, constatando la pericolosit\u00e0 di recuperare l&#8217;animale dall&#8217;alto o di calarlo lungo la parete, \u00e8 stato richiesto l&#8217;intervento dell&#8217;elicottero Drago 149. Un elisoccorritore \u00e8 sceso dall&#8217;elicottero, ha preso Flo a bordo e l&#8217;ha riportato sano e salvo dal felice proprietario. Un salvataggio straordinario che ha dimostrato la perfetta sinergia tra le forze di soccorso a terra e le risorse aeree, sottolineando ancora una volta l&#8217;importanza della prontezza e della cooperazione nelle situazioni di emergenza.<\/p>\n<p>&nbsp;<\/p>\n<div style=\"width: 1200px;\" class=\"wp-video\"><video class=\"wp-video-shortcode\" id=\"video-360811-1\" width=\"1200\" height=\"675\" preload=\"metadata\" controls=\"controls\"><source type=\"video\/mp4\" src=\"https:\/\/www.radiopiu.net\/wordpress\/wp-content\/uploads\/2023\/11\/WhatsApp-Video-2023-11-10-at-18.04.41.mp4?_=1\" \/><a href=\"https:\/\/www.radiopiu.net\/wordpress\/wp-content\/uploads\/2023\/11\/WhatsApp-Video-2023-11-10-at-18.04.41.mp4\">https:\/\/www.radiopiu.net\/wordpress\/wp-content\/uploads\/2023\/11\/WhatsApp-Video-2023-11-10-at-18.04.41.mp4<\/a><\/video><\/div>\n<p>&nbsp;<\/p>\n<p>&nbsp;<\/p>\n<hr \/>\n<p>&nbsp;<\/p>\n<blockquote>\n<h3>IL TURISMO NEL FELTRINO GODE DI OTTIMA SALUTE<\/h3>\n<\/blockquote>\n<p><strong>FELTRE<\/strong> Il turismo nel Feltrino \u00e8 in buona salute. Lo confermano i dati, peraltro non ancora completi e definitivi, della tassa di soggiorno relativa ai primi 9 mesi dell&#8217;anno e le indicazioni relative all&#8217;inizio del periodo autunnale.<\/p>\n<p><strong>DARIO SCOPEL, ASSESSORE AL TURISMO DELL&#8217;UNIONE MONTANA FELTRINA<\/strong><\/p>\n<div style=\"width: 848px;\" class=\"wp-video\"><video class=\"wp-video-shortcode\" id=\"video-360811-2\" width=\"848\" height=\"480\" preload=\"metadata\" controls=\"controls\"><source type=\"video\/mp4\" src=\"https:\/\/www.radiopiu.net\/wordpress\/wp-content\/uploads\/2023\/11\/WhatsApp-Video-2023-11-10-at-11.30.09.mp4?_=2\" \/><a href=\"https:\/\/www.radiopiu.net\/wordpress\/wp-content\/uploads\/2023\/11\/WhatsApp-Video-2023-11-10-at-11.30.09.mp4\">https:\/\/www.radiopiu.net\/wordpress\/wp-content\/uploads\/2023\/11\/WhatsApp-Video-2023-11-10-at-11.30.09.mp4<\/a><\/video><\/div>\n<p>&nbsp;<\/p>\n<hr \/>\n<p>&nbsp;<\/p>\n<blockquote>\n<h2>SENTIERI, LA TABELLAZIONE TRA COLLE, CASTELLO, MONTE PORE E AVERAU<\/h2>\n<\/blockquote>\n<p><strong>LIVINALLONGO<\/strong><\/p>\n<p><strong>DI LORENZO SORATROI<\/strong><\/p>\n<audio class=\"wp-audio-shortcode\" id=\"audio-360811-3\" preload=\"none\" style=\"width: 100%;\" controls=\"controls\"><source type=\"audio\/mpeg\" src=\"https:\/\/www.radiopiu.net\/wordpress\/wp-content\/uploads\/2023\/11\/LORENZO-FODOM.mp3?_=3\" \/><a href=\"https:\/\/www.radiopiu.net\/wordpress\/wp-content\/uploads\/2023\/11\/LORENZO-FODOM.mp3\">https:\/\/www.radiopiu.net\/wordpress\/wp-content\/uploads\/2023\/11\/LORENZO-FODOM.mp3<\/a><\/audio>\n<p>&nbsp;<\/p>\n\n\t\t\t<style type='text\/css'>\n\t\t\t\t#gallery-1 {\n\t\t\t\t\tmargin: auto;\n\t\t\t\t}\n\t\t\t\t#gallery-1 .gallery-item {\n\t\t\t\t\tfloat: left;\n\t\t\t\t\tmargin-top: 10px;\n\t\t\t\t\ttext-align: center;\n\t\t\t\t\twidth: 33%;\n\t\t\t\t}\n\t\t\t\t#gallery-1 img {\n\t\t\t\t\tborder: 2px solid #cfcfcf;\n\t\t\t\t}\n\t\t\t\t#gallery-1 .gallery-caption {\n\t\t\t\t\tmargin-left: 0;\n\t\t\t\t}\n\t\t\t\t\/* see gallery_shortcode() in wp-includes\/media.php *\/\n\t\t\t<\/style>\n\t\t<div id='gallery-1' class='dt-gallery-container gallery galleryid-360811 gallery-columns-3 gallery-size-thumbnail'><dl class='gallery-item'>\n\t\t\t\t<dt class='gallery-icon portrait'>\n\t\t\t\t\t<a class=\"rollover\" href='https:\/\/www.radiopiu.net\/wordpress\/sentieri-la-tabellazione-tra-colle-castello-monte-pore-e-averau\/img-20231023-wa0007-2\/'><img loading=\"lazy\" decoding=\"async\" width=\"150\" height=\"150\" src=\"https:\/\/www.radiopiu.net\/wordpress\/wp-content\/uploads\/2023\/11\/IMG-20231023-WA0007-1-150x150.jpg\" class=\"attachment-thumbnail size-thumbnail\" alt=\"\" \/><\/a>\n\t\t\t\t<\/dt><\/dl><dl class='gallery-item'>\n\t\t\t\t<dt class='gallery-icon portrait'>\n\t\t\t\t\t<a class=\"rollover\" href='https:\/\/www.radiopiu.net\/wordpress\/la-valle-incidente-bosco\/img-20231023-wa0014\/'><img loading=\"lazy\" decoding=\"async\" width=\"150\" height=\"150\" src=\"https:\/\/www.radiopiu.net\/wordpress\/wp-content\/uploads\/2023\/11\/IMG-20231023-WA0014-150x150.jpg\" class=\"attachment-thumbnail size-thumbnail\" alt=\"\" \/><\/a>\n\t\t\t\t<\/dt><\/dl><dl class='gallery-item'>\n\t\t\t\t<dt class='gallery-icon portrait'>\n\t\t\t\t\t<a class=\"rollover\" href='https:\/\/www.radiopiu.net\/wordpress\/la-valle-incidente-bosco\/img-20231023-wa0011\/'><img loading=\"lazy\" decoding=\"async\" width=\"150\" height=\"150\" src=\"https:\/\/www.radiopiu.net\/wordpress\/wp-content\/uploads\/2023\/11\/IMG-20231023-WA0011-150x150.jpg\" class=\"attachment-thumbnail size-thumbnail\" alt=\"\" \/><\/a>\n\t\t\t\t<\/dt><\/dl><br style=\"clear: both\" \/><dl class='gallery-item'>\n\t\t\t\t<dt class='gallery-icon portrait'>\n\t\t\t\t\t<a class=\"rollover\" href='https:\/\/www.radiopiu.net\/wordpress\/la-valle-incidente-bosco\/img-20231023-wa0010\/'><img loading=\"lazy\" decoding=\"async\" width=\"150\" height=\"150\" src=\"https:\/\/www.radiopiu.net\/wordpress\/wp-content\/uploads\/2023\/11\/IMG-20231023-WA0010-150x150.jpg\" class=\"attachment-thumbnail size-thumbnail\" alt=\"\" \/><\/a>\n\t\t\t\t<\/dt><\/dl><dl class='gallery-item'>\n\t\t\t\t<dt class='gallery-icon landscape'>\n\t\t\t\t\t<a class=\"rollover\" href='https:\/\/www.radiopiu.net\/wordpress\/la-valle-incidente-bosco\/img-20231023-wa0009\/'><img loading=\"lazy\" decoding=\"async\" width=\"150\" height=\"150\" src=\"https:\/\/www.radiopiu.net\/wordpress\/wp-content\/uploads\/2023\/11\/IMG-20231023-WA0009-150x150.jpg\" class=\"attachment-thumbnail size-thumbnail\" alt=\"\" \/><\/a>\n\t\t\t\t<\/dt><\/dl><dl class='gallery-item'>\n\t\t\t\t<dt class='gallery-icon landscape'>\n\t\t\t\t\t<a class=\"rollover\" href='https:\/\/www.radiopiu.net\/wordpress\/la-valle-incidente-bosco\/terioi_2\/'><img loading=\"lazy\" decoding=\"async\" width=\"150\" height=\"150\" src=\"https:\/\/www.radiopiu.net\/wordpress\/wp-content\/uploads\/2023\/11\/terioi_2-150x150.jpg\" class=\"attachment-thumbnail size-thumbnail\" alt=\"\" \/><\/a>\n\t\t\t\t<\/dt><\/dl><br style=\"clear: both\" \/><dl class='gallery-item'>\n\t\t\t\t<dt class='gallery-icon portrait'>\n\t\t\t\t\t<a class=\"rollover\" href='https:\/\/www.radiopiu.net\/wordpress\/la-valle-incidente-bosco\/terioi_1\/'><img loading=\"lazy\" decoding=\"async\" width=\"150\" height=\"150\" src=\"https:\/\/www.radiopiu.net\/wordpress\/wp-content\/uploads\/2023\/11\/terioi_1-150x150.jpg\" class=\"attachment-thumbnail size-thumbnail\" alt=\"\" \/><\/a>\n\t\t\t\t<\/dt><\/dl>\n\t\t\t\t<br style='clear: both' \/>\n\t\t\t<\/div>\n\n<p>&nbsp;<\/p>\n<p>&nbsp;<\/p>\n<p>&nbsp;<\/p>\n<hr \/>\n<p>&nbsp;<\/p>\n<blockquote>\n<h3>Missione di Solidariet\u00e0 in Romania: L&#8217;Associazione Pollicino di Belluno Rinnova la Casa Alloggio con Lavori di Manutenzione e Progetti Futuri<\/h3>\n<\/blockquote>\n<p><strong><a class=\"dt-pswp-item\" href=\"https:\/\/www.radiopiu.net\/wordpress\/wp-content\/uploads\/2023\/11\/Senza-nome-61.png\" data-dt-img-description=\"\" data-large_image_width=\"534\" data-large_image_height=\"350\"><img loading=\"lazy\" decoding=\"async\" class=\" wp-image-360879 alignleft\" src=\"https:\/\/www.radiopiu.net\/wordpress\/wp-content\/uploads\/2023\/11\/Senza-nome-61-300x197.png\" alt=\"\" width=\"258\" height=\"170\" srcset=\"https:\/\/www.radiopiu.net\/wordpress\/wp-content\/uploads\/2023\/11\/Senza-nome-61-300x197.png 300w, https:\/\/www.radiopiu.net\/wordpress\/wp-content\/uploads\/2023\/11\/Senza-nome-61.png 534w\" sizes=\"auto, (max-width: 258px) 100vw, 258px\" \/><\/a>PONTE NELLE ALPI<\/strong> L&#8217;Associazione Pollicino di Belluno ha proseguito la sua attivit\u00e0 umanitaria con una missione di manutenzione presso la Casa Alloggio Pollicino di Petrosani, in Romania, dal primo al 5 novembre. Nove volontari, guidati dal segretario Enrico Collarin, hanno eseguito lavori ordinari e pianificato interventi straordinari per migliorare la struttura. Il gruppo ha installato una lavastoviglie donata, sostituito punti luce, maniglie e sanitari, pulito le fosse biologiche e condotto un sopralluogo per migliorare il riscaldamento. La missione ha omaggiato l&#8217;amico Antonio Balbinot, recentemente scomparso, e ha incluso la consegna di una campana dedicata. Sono stati pianificati ulteriori interventi di manutenzione per la primavera successiva, focalizzati sul tetto e sul parco giochi di Casa Pollicino.<\/p>\n<p>&nbsp;<\/p>\n<hr \/>\n<p>&nbsp;<\/p>\n<p>&nbsp;<\/p>\n<blockquote>\n<h3>PER AVERE PIU&#8217; FORZA CONTRO LE MAFIE? FARE RETE. LO DICE IL SINDACO DI PREGANZIOL DALLA SALA DON TAMIS<\/h3>\n<\/blockquote>\n<p><span style=\"color: #ff0000;\"><strong>LIBERA AGORDINO<\/strong><\/span><\/p>\n<p><strong><img loading=\"lazy\" decoding=\"async\" class=\"alignleft\" src=\"https:\/\/www.radiopiu.net\/wordpress\/wp-content\/uploads\/2023\/11\/42fb244f-9ac9-4214-8fed-7f979d03db4f.jpg\" width=\"171\" height=\"128\" \/>AGORDO<\/strong><\/p>\n<p><strong>DI GIANNI SANTOMASO<\/strong><\/p>\n<audio class=\"wp-audio-shortcode\" id=\"audio-360811-4\" preload=\"none\" style=\"width: 100%;\" controls=\"controls\"><source type=\"audio\/mpeg\" src=\"https:\/\/www.radiopiu.net\/wordpress\/wp-content\/uploads\/2023\/11\/gianni-agordo-libera.mp3?_=4\" \/><a href=\"https:\/\/www.radiopiu.net\/wordpress\/wp-content\/uploads\/2023\/11\/gianni-agordo-libera.mp3\">https:\/\/www.radiopiu.net\/wordpress\/wp-content\/uploads\/2023\/11\/gianni-agordo-libera.mp3<\/a><\/audio>\n<p>&nbsp;<\/p>\n<p><strong>LA DIRETTA ALLA RADIO\u00a0<\/strong><\/p>\n<p><a href=\"https:\/\/www.facebook.com\/radiopiu\/videos\/347666197669406\">https:\/\/www.facebook.com\/radiopiu\/videos\/347666197669406<\/a><\/p>\n<p>&nbsp;<\/p>\n<p>&nbsp;<\/p>\n<p>&nbsp;<\/p>\n<hr \/>\n<p>&nbsp;<\/p>\n<blockquote>\n<h3>AUSER VENETO: OGGI L&#8217;APERTURA DELL&#8217;ANNO ACCADEMICO A LONGARONE<\/h3>\n<\/blockquote>\n<p><strong><a class=\"dt-pswp-item\" href=\"https:\/\/www.radiopiu.net\/wordpress\/wp-content\/uploads\/2020\/09\/auser-1.jpg\" data-dt-img-description=\"\" data-large_image_width=\"1772\" data-large_image_height=\"811\"><img loading=\"lazy\" decoding=\"async\" class=\" wp-image-163020 alignleft\" src=\"https:\/\/www.radiopiu.net\/wordpress\/wp-content\/uploads\/2020\/09\/auser-1-300x137.jpg\" alt=\"\" width=\"155\" height=\"71\" srcset=\"https:\/\/www.radiopiu.net\/wordpress\/wp-content\/uploads\/2020\/09\/auser-1-300x137.jpg 300w, https:\/\/www.radiopiu.net\/wordpress\/wp-content\/uploads\/2020\/09\/auser-1-1024x469.jpg 1024w, https:\/\/www.radiopiu.net\/wordpress\/wp-content\/uploads\/2020\/09\/auser-1-768x351.jpg 768w, https:\/\/www.radiopiu.net\/wordpress\/wp-content\/uploads\/2020\/09\/auser-1-1536x703.jpg 1536w, https:\/\/www.radiopiu.net\/wordpress\/wp-content\/uploads\/2020\/09\/auser-1-640x293.jpg 640w, https:\/\/www.radiopiu.net\/wordpress\/wp-content\/uploads\/2020\/09\/auser-1.jpg 1772w\" sizes=\"auto, (max-width: 155px) 100vw, 155px\" \/><\/a>LONGARONE <\/strong>Inizier\u00e0 oggi alle 9 al Cimitero di Longarone, nella frazione di Fortogna, la giornata per l\u2019apertura ufficiale dell\u2019Anno Accademico Culturale delle Universit\u00e0 Popolari di Auser Veneto in ricordo delle vittime del disastro del Vajont avvenuto 60 anni fa. Successivamente, dopo una visita guidata alla Chiesa Nuova di Longarone, i partecipanti si trasferiranno presso il Centro Congressi della Fiera dove verr\u00e0 affrontato il tema \u201cL\u2019acqua e il rapporto con l\u2019uomo: economico ed ambientale\u201d dal Responsabile del Museo degli Zattieri. La giornata si concluder\u00e0 con la visita del Museo degli Zattieri.<\/p>\n<p><strong>\u00a0\u00a0<\/strong><\/p>\n<p>&nbsp;<\/p>\n<hr \/>\n<p>&nbsp;<\/p>\n<blockquote>\n<h3>I CIOCCOLATINI DELL&#8217;AIRC IN PIAZZA LIBERTA&#8217; AD AGORDO ED ALLEGHE<\/h3>\n<\/blockquote>\n<p><strong>AGORDO <\/strong>Tornano i cioccolatini della ricerca per sostenere l&#8217;Airc. Oggi dalle 9 alle 12 in Piazza Libert\u00e0 ad Agordo e in centro ad Alleghe. Una confezione regalo con i cioccolatini della prestigiosa marca Venchi<\/p>\n<p><a class=\"dt-pswp-item\" href=\"https:\/\/www.radiopiu.net\/wordpress\/wp-content\/uploads\/2023\/11\/cfd57566-f7e5-4968-929c-d90bdfdc7c07.jpg\" data-dt-img-description=\"\" data-large_image_width=\"423\" data-large_image_height=\"769\"><img loading=\"lazy\" decoding=\"async\" class=\"size-medium wp-image-360967 aligncenter\" src=\"https:\/\/www.radiopiu.net\/wordpress\/wp-content\/uploads\/2023\/11\/cfd57566-f7e5-4968-929c-d90bdfdc7c07-165x300.jpg\" alt=\"\" width=\"165\" height=\"300\" srcset=\"https:\/\/www.radiopiu.net\/wordpress\/wp-content\/uploads\/2023\/11\/cfd57566-f7e5-4968-929c-d90bdfdc7c07-165x300.jpg 165w, https:\/\/www.radiopiu.net\/wordpress\/wp-content\/uploads\/2023\/11\/cfd57566-f7e5-4968-929c-d90bdfdc7c07.jpg 423w\" sizes=\"auto, (max-width: 165px) 100vw, 165px\" \/><\/a><\/p>\n<hr \/>\n<p>&nbsp;<\/p>\n<blockquote>\n<h3>UN BANDO PER 23 ATLETI DA ASSEGNARE ALLE FIAMME ORO<\/h3>\n<\/blockquote>\n<p><strong>BELLUNO <\/strong>Sul Portale Unico del reclutamento, disponibile all\u2019indirizzo <a href=\"http:\/\/www.inpa.gov.it\">www.inpa.gov.it<\/a> nonch\u00e9 sul sito <a href=\"http:\/\/www.poliziadistato.it\">www.poliziadistato.it<\/a>, in data 27 ottobre 2023, \u00e8 stato pubblicato il bando di concorso pubblico, per titoli per l\u2019assunzione di 23 atleti da assegnare ai gruppi sportivi \u201cPolizia di Stato \u2013 Fiamme Oro\u201d, che saranno inquadrati nel ruolo degli genti e assistenti della Polizia di Stato, con la qualifica di agente. La domanda di partecipazione al concorso deve essere presentata entro il termine di trenta giorni, \u00a0decorrenti dal giorno successivo alla data di pubblicazione del bando sul\u00a0 Portale unico di reclutamento (<a href=\"http:\/\/www.inpa.gov.it\">www.inpa.gov.it<\/a>) o mediante la procedura informatica disponibile all\u2019indirizzo <a href=\"https:\/\/concorsionline.poliziadistato.it\">https:\/\/concorsionline.poliziadistato.it<\/a>.<\/p>\n<p>&nbsp;<\/p>\n<p>&nbsp;<\/p>\n<hr \/>\n<p>&nbsp;<\/p>\n<blockquote>\n<h3>LA MOSTRA FOTOGRAFICA TESTIMONI DEL TEMPO<\/h3>\n<\/blockquote>\n<p><strong>LONGARONE<\/strong> Prosegue la mostra fotografica &#8220;Testimoni del tempo \u2013 Quando le immagini raccontano la storia\u201d. Accolta al Centro culturale \u201cParri\u201d di Longarone, l\u2019esposizione potr\u00e0 essere visitata fino alla fine del mese. E non di ottobre, come previsto in un primo momento, bens\u00ec di novembre. Le immagini di Bepi Zanfron e della giovane Nicoletta Valla, infatti, sono state apprezzate al punto da far scattare la proroga della mostra<\/p>\n<p>&nbsp;<\/p>\n<hr \/>\n<p>&nbsp;<\/p>\n<blockquote>\n<h3>IL RICORDO DI DON STEFANO GORZEGNO, IL PARROCO DI MONTAGNA, IL PRETE EROE<\/h3>\n<\/blockquote>\n<p>TV2000, Ospite del Diario, Francesco Mercanti che ha curato il libro \u201cArrivederci in Paradiso. Storia di un \u201cpovero\u201d prete di montagna\u201d, che racconta la vita, le parole e le opere di don Stefano Gorzegno.<\/p>\n<p><iframe loading=\"lazy\" title=\"Il Diario di Papa Francesco (Tv2000), 10 novembre 2023 - Storia di un povero prete di montagna\" width=\"1200\" height=\"675\" src=\"https:\/\/www.youtube.com\/embed\/uS7mOceq6R8?feature=oembed\" frameborder=\"0\" allow=\"accelerometer; autoplay; clipboard-write; encrypted-media; gyroscope; picture-in-picture; web-share\" allowfullscreen><\/iframe><\/p>\n<p>&nbsp;<\/p>\n<p>&nbsp;<\/p>\n<hr \/>\n<p>&nbsp;<\/p>\n<p>&nbsp;<\/p>\n<p><a class=\"dt-pswp-item\" href=\"https:\/\/www.radiopiu.net\/wordpress\/wp-content\/uploads\/2023\/11\/Senza-nome-64.png\" data-dt-img-description=\"\" data-large_image_width=\"429\" data-large_image_height=\"522\"><img loading=\"lazy\" decoding=\"async\" class=\" wp-image-360919 alignleft\" src=\"https:\/\/www.radiopiu.net\/wordpress\/wp-content\/uploads\/2023\/11\/Senza-nome-64-247x300.png\" alt=\"\" width=\"200\" height=\"243\" srcset=\"https:\/\/www.radiopiu.net\/wordpress\/wp-content\/uploads\/2023\/11\/Senza-nome-64-247x300.png 247w, https:\/\/www.radiopiu.net\/wordpress\/wp-content\/uploads\/2023\/11\/Senza-nome-64.png 429w\" sizes=\"auto, (max-width: 200px) 100vw, 200px\" \/><\/a><strong>ANDIAMO AL VILLAGGIO DI NATALE? VENGO ANCH&#8217;IO&#8230;.<\/strong><\/p>\n<p><strong>STEFANO DE PARIS<\/strong><\/p>\n<audio class=\"wp-audio-shortcode\" id=\"audio-360811-5\" preload=\"none\" style=\"width: 100%;\" controls=\"controls\"><source type=\"audio\/mpeg\" src=\"https:\/\/www.radiopiu.net\/wordpress\/wp-content\/uploads\/2023\/11\/STEFANO.mp3?_=5\" \/><a href=\"https:\/\/www.radiopiu.net\/wordpress\/wp-content\/uploads\/2023\/11\/STEFANO.mp3\">https:\/\/www.radiopiu.net\/wordpress\/wp-content\/uploads\/2023\/11\/STEFANO.mp3<\/a><\/audio>\n<p>&nbsp;<\/p>\n<p>&nbsp;<\/p>\n<hr \/>\n<p>&nbsp;<\/p>\n<blockquote class=\"wp-embedded-content\" data-secret=\"6nUs4kmmgz\"><p><a href=\"https:\/\/www.radiopiu.net\/wordpress\/40-anni-di-libro-parlato-a-feltre-e\/\">40 ANNI DI LIBRO PARLATO A FELTRE E\u2026<\/a><\/p><\/blockquote>\n<p><iframe loading=\"lazy\" class=\"wp-embedded-content\" sandbox=\"allow-scripts\" security=\"restricted\" style=\"position: absolute; clip: rect(1px, 1px, 1px, 1px);\" title=\"&#8220;40 ANNI DI LIBRO PARLATO A FELTRE E\u2026&#8221; &#8212; Radio Pi\u00f9\" src=\"https:\/\/www.radiopiu.net\/wordpress\/40-anni-di-libro-parlato-a-feltre-e\/embed\/#?secret=ozb7PNbWrz#?secret=6nUs4kmmgz\" data-secret=\"6nUs4kmmgz\" width=\"600\" height=\"338\" frameborder=\"0\" marginwidth=\"0\" marginheight=\"0\" scrolling=\"no\"><\/iframe><\/p>\n<p>&nbsp;<\/p>\n<hr \/>\n<p>&nbsp;<\/p>\n<blockquote>\n<h3 class=\"entry-title h2-style\">Premio Comunit\u00e0 Forestali Sostenibili PEFC e Legambiente: alla Holzmede di Agordo la menzione speciale per la filiera energetica sostenibile<\/h3>\n<\/blockquote>\n<p>&nbsp;<\/p>\n<p>RASSEGNA STAMPA, energiadallegno.it <span style=\"color: #0000ff;\"><strong><a style=\"color: #0000ff;\" href=\"https:\/\/energiadallegno.it\/a-holzmede-la-menzione-speciale-per-la-filiera-energetica-sostenibile\/\">CLICCA QUI\u00a0<\/a><\/strong><\/span><\/p>\n<p>&nbsp;<\/p>\n<p><a class=\"dt-pswp-item\" href=\"https:\/\/www.radiopiu.net\/wordpress\/wp-content\/uploads\/2023\/11\/fa5e7922-7cb3-4fc7-b7a8-5546feb4b5a6.jpg\" data-dt-img-description=\"\" data-large_image_width=\"1600\" data-large_image_height=\"1066\"><img loading=\"lazy\" decoding=\"async\" class=\"size-medium wp-image-360916 aligncenter\" src=\"https:\/\/www.radiopiu.net\/wordpress\/wp-content\/uploads\/2023\/11\/fa5e7922-7cb3-4fc7-b7a8-5546feb4b5a6-300x200.jpg\" alt=\"\" width=\"300\" height=\"200\" srcset=\"https:\/\/www.radiopiu.net\/wordpress\/wp-content\/uploads\/2023\/11\/fa5e7922-7cb3-4fc7-b7a8-5546feb4b5a6-300x200.jpg 300w, https:\/\/www.radiopiu.net\/wordpress\/wp-content\/uploads\/2023\/11\/fa5e7922-7cb3-4fc7-b7a8-5546feb4b5a6-1024x682.jpg 1024w, https:\/\/www.radiopiu.net\/wordpress\/wp-content\/uploads\/2023\/11\/fa5e7922-7cb3-4fc7-b7a8-5546feb4b5a6-768x512.jpg 768w, https:\/\/www.radiopiu.net\/wordpress\/wp-content\/uploads\/2023\/11\/fa5e7922-7cb3-4fc7-b7a8-5546feb4b5a6-1536x1023.jpg 1536w, https:\/\/www.radiopiu.net\/wordpress\/wp-content\/uploads\/2023\/11\/fa5e7922-7cb3-4fc7-b7a8-5546feb4b5a6.jpg 1600w\" sizes=\"auto, (max-width: 300px) 100vw, 300px\" \/>\u00a0<\/a><\/p>\n<p>&nbsp;<\/p>\n<hr \/>\n<p>&nbsp;<\/p>\n<blockquote>\n<h3><a class=\"dt-pswp-item\" href=\"https:\/\/www.radiopiu.net\/wordpress\/wp-content\/uploads\/2023\/11\/th-7.jpg\" data-dt-img-description=\"\" data-large_image_width=\"320\" data-large_image_height=\"180\"><img loading=\"lazy\" decoding=\"async\" class=\" wp-image-360880 alignleft\" src=\"https:\/\/www.radiopiu.net\/wordpress\/wp-content\/uploads\/2023\/11\/th-7-300x169.jpg\" alt=\"\" width=\"131\" height=\"74\" srcset=\"https:\/\/www.radiopiu.net\/wordpress\/wp-content\/uploads\/2023\/11\/th-7-300x169.jpg 300w, https:\/\/www.radiopiu.net\/wordpress\/wp-content\/uploads\/2023\/11\/th-7.jpg 320w\" sizes=\"auto, (max-width: 131px) 100vw, 131px\" \/><\/a>CERTIFICAZIONE CASA CLIMA PER BLACKFIN<\/h3>\n<\/blockquote>\n<p><strong>TAIBON<\/strong> Il\u00a0 marchio di occhiali in titanio \u00e8 stato insignito della certificazione di sostenibilit\u00e0 Work&amp;Life CasaClima, il protocollo dell\u2019Agenzia CasaClima dedicato a strutture adibite a uffici e servizi.\u00a0 La cerimonia\u00a0 ieri in localit\u00e0 Nogarola, il Direttore dell\u2019Agenzia CasaClima di Bolzano Ulrich Santa ha consegnato la targhetta di sostenibilit\u00e0.<\/p>\n<p>&nbsp;<\/p>\n<p>&nbsp;<\/p>\n<hr \/>\n<p>&nbsp;<\/p>\n<h2><span style=\"color: #ff6600;\">IERI ALLA RADIO<\/span><\/h2>\n<h2><span style=\"color: #008080;\">&#8220;DINTORN E FORA VIA&#8221;\u00a0 IL PROGRAMMA\u00a0 A CURA DEL MUSLA<\/span><\/h2>\n<p><strong><a class=\"dt-pswp-item\" href=\"https:\/\/www.radiopiu.net\/wordpress\/wp-content\/uploads\/2023\/11\/Senza-nome-60.png\" data-dt-img-description=\"\" data-large_image_width=\"732\" data-large_image_height=\"413\"><img loading=\"lazy\" decoding=\"async\" class=\" wp-image-360809 alignleft\" src=\"https:\/\/www.radiopiu.net\/wordpress\/wp-content\/uploads\/2023\/11\/Senza-nome-60-300x169.png\" alt=\"\" width=\"266\" height=\"150\" srcset=\"https:\/\/www.radiopiu.net\/wordpress\/wp-content\/uploads\/2023\/11\/Senza-nome-60-300x169.png 300w, https:\/\/www.radiopiu.net\/wordpress\/wp-content\/uploads\/2023\/11\/Senza-nome-60.png 732w\" sizes=\"auto, (max-width: 266px) 100vw, 266px\" \/><\/a>PUNTATA 10 NOVEMBRE JAQUELINE CAZZETTA\u00a0<\/strong><\/p>\n<p>&nbsp;<\/p>\n<p>Liete da la Jacqueline da Selva, acordo tra Italia e Albania sul tema migranc, agiornamenti da Israel e sequestro a Airbnb sui afic curc. Per la rubrica del vender descoron de fen<\/p>\n<audio class=\"wp-audio-shortcode\" id=\"audio-360811-6\" preload=\"none\" style=\"width: 100%;\" controls=\"controls\"><source type=\"audio\/mpeg\" src=\"https:\/\/www.radiopiu.net\/wordpress\/wp-content\/uploads\/2023\/11\/MUSLA-3.mp3?_=6\" \/><a href=\"https:\/\/www.radiopiu.net\/wordpress\/wp-content\/uploads\/2023\/11\/MUSLA-3.mp3\">https:\/\/www.radiopiu.net\/wordpress\/wp-content\/uploads\/2023\/11\/MUSLA-3.mp3<\/a><\/audio>\n<p>&nbsp;<\/p>\n<p>&nbsp;<\/p>\n<p><strong>LA RACCOLTA COMPLETA <a href=\"https:\/\/www.radiopiu.net\/wordpress\/musla\/\">CLICCA QUI<\/a><\/strong><\/p>\n<p>&nbsp;<\/p>\n<h2><span style=\"color: #3366ff;\">ALLA FALEGNAMERIA NUOVE IDEE DI SEDICO CON GIANPIETRO ARGENTA<\/span><\/h2>\n<p><strong><a class=\"dt-pswp-item\" href=\"https:\/\/www.radiopiu.net\/wordpress\/wp-content\/uploads\/2023\/11\/611c612f-2698-40bf-8fb3-5a80f41b21f1.jpg\" data-dt-img-description=\"\" data-large_image_width=\"284\" data-large_image_height=\"169\"><img loading=\"lazy\" decoding=\"async\" class=\" wp-image-360688 alignleft\" src=\"https:\/\/www.radiopiu.net\/wordpress\/wp-content\/uploads\/2023\/11\/611c612f-2698-40bf-8fb3-5a80f41b21f1.jpg\" alt=\"\" width=\"212\" height=\"126\" \/><\/a>DI MIRKO MEZZACASA<\/strong><\/p>\n<p>OSPITE: Gianpietro Argenta, Falegnameria Nuove Idee<\/p>\n<audio class=\"wp-audio-shortcode\" id=\"audio-360811-7\" preload=\"none\" style=\"width: 100%;\" controls=\"controls\"><source type=\"audio\/mpeg\" src=\"https:\/\/www.radiopiu.net\/wordpress\/wp-content\/uploads\/2023\/11\/GIANPIETRO-ARGENTA.mp3?_=7\" \/><a href=\"https:\/\/www.radiopiu.net\/wordpress\/wp-content\/uploads\/2023\/11\/GIANPIETRO-ARGENTA.mp3\">https:\/\/www.radiopiu.net\/wordpress\/wp-content\/uploads\/2023\/11\/GIANPIETRO-ARGENTA.mp3<\/a><\/audio>\n<p>&nbsp;<\/p>\n<p>&nbsp;<\/p>\n\n\t\t\t<style type='text\/css'>\n\t\t\t\t#gallery-2 {\n\t\t\t\t\tmargin: auto;\n\t\t\t\t}\n\t\t\t\t#gallery-2 .gallery-item {\n\t\t\t\t\tfloat: left;\n\t\t\t\t\tmargin-top: 10px;\n\t\t\t\t\ttext-align: center;\n\t\t\t\t\twidth: 25%;\n\t\t\t\t}\n\t\t\t\t#gallery-2 img {\n\t\t\t\t\tborder: 2px solid #cfcfcf;\n\t\t\t\t}\n\t\t\t\t#gallery-2 .gallery-caption {\n\t\t\t\t\tmargin-left: 0;\n\t\t\t\t}\n\t\t\t\t\/* see gallery_shortcode() in wp-includes\/media.php *\/\n\t\t\t<\/style>\n\t\t<div id='gallery-2' class='dt-gallery-container gallery galleryid-360811 gallery-columns-4 gallery-size-medium'><dl class='gallery-item'>\n\t\t\t\t<dt class='gallery-icon landscape'>\n\t\t\t\t\t<a class=\"rollover rollover-zoom dt-pswp-item\" title=\"337887245_3525772370991527_6040198639004606190_n\" data-dt-img-description=\"\" data-large_image_width=\"2048\" data-large_image_height=\"1536\"href='https:\/\/www.radiopiu.net\/wordpress\/wp-content\/uploads\/2023\/11\/337887245_3525772370991527_6040198639004606190_n.jpg'><img loading=\"lazy\" decoding=\"async\" width=\"300\" height=\"225\" src=\"https:\/\/www.radiopiu.net\/wordpress\/wp-content\/uploads\/2023\/11\/337887245_3525772370991527_6040198639004606190_n-300x225.jpg\" class=\"attachment-medium size-medium\" alt=\"\" srcset=\"https:\/\/www.radiopiu.net\/wordpress\/wp-content\/uploads\/2023\/11\/337887245_3525772370991527_6040198639004606190_n-300x225.jpg 300w, https:\/\/www.radiopiu.net\/wordpress\/wp-content\/uploads\/2023\/11\/337887245_3525772370991527_6040198639004606190_n-1024x768.jpg 1024w, https:\/\/www.radiopiu.net\/wordpress\/wp-content\/uploads\/2023\/11\/337887245_3525772370991527_6040198639004606190_n-768x576.jpg 768w, https:\/\/www.radiopiu.net\/wordpress\/wp-content\/uploads\/2023\/11\/337887245_3525772370991527_6040198639004606190_n-1536x1152.jpg 1536w, https:\/\/www.radiopiu.net\/wordpress\/wp-content\/uploads\/2023\/11\/337887245_3525772370991527_6040198639004606190_n.jpg 2048w\" sizes=\"auto, (max-width: 300px) 100vw, 300px\" \/><\/a>\n\t\t\t\t<\/dt><\/dl><dl class='gallery-item'>\n\t\t\t\t<dt class='gallery-icon landscape'>\n\t\t\t\t\t<a class=\"rollover rollover-zoom dt-pswp-item\" title=\"337885028_738951654354092_9221351265870346571_n\" data-dt-img-description=\"\" data-large_image_width=\"2048\" data-large_image_height=\"1536\"href='https:\/\/www.radiopiu.net\/wordpress\/wp-content\/uploads\/2023\/11\/337885028_738951654354092_9221351265870346571_n.jpg'><img loading=\"lazy\" decoding=\"async\" width=\"300\" height=\"225\" src=\"https:\/\/www.radiopiu.net\/wordpress\/wp-content\/uploads\/2023\/11\/337885028_738951654354092_9221351265870346571_n-300x225.jpg\" class=\"attachment-medium size-medium\" alt=\"\" srcset=\"https:\/\/www.radiopiu.net\/wordpress\/wp-content\/uploads\/2023\/11\/337885028_738951654354092_9221351265870346571_n-300x225.jpg 300w, https:\/\/www.radiopiu.net\/wordpress\/wp-content\/uploads\/2023\/11\/337885028_738951654354092_9221351265870346571_n-1024x768.jpg 1024w, https:\/\/www.radiopiu.net\/wordpress\/wp-content\/uploads\/2023\/11\/337885028_738951654354092_9221351265870346571_n-768x576.jpg 768w, https:\/\/www.radiopiu.net\/wordpress\/wp-content\/uploads\/2023\/11\/337885028_738951654354092_9221351265870346571_n-1536x1152.jpg 1536w, https:\/\/www.radiopiu.net\/wordpress\/wp-content\/uploads\/2023\/11\/337885028_738951654354092_9221351265870346571_n.jpg 2048w\" sizes=\"auto, (max-width: 300px) 100vw, 300px\" \/><\/a>\n\t\t\t\t<\/dt><\/dl><dl class='gallery-item'>\n\t\t\t\t<dt class='gallery-icon landscape'>\n\t\t\t\t\t<a class=\"rollover rollover-zoom dt-pswp-item\" title=\"9f7c10a9-26ec-4e47-a0ad-1ace78ef2463\" data-dt-img-description=\"\" data-large_image_width=\"2048\" data-large_image_height=\"1152\"href='https:\/\/www.radiopiu.net\/wordpress\/wp-content\/uploads\/2023\/11\/9f7c10a9-26ec-4e47-a0ad-1ace78ef2463.jpg'><img loading=\"lazy\" decoding=\"async\" width=\"300\" height=\"169\" src=\"https:\/\/www.radiopiu.net\/wordpress\/wp-content\/uploads\/2023\/11\/9f7c10a9-26ec-4e47-a0ad-1ace78ef2463-300x169.jpg\" class=\"attachment-medium size-medium\" alt=\"\" srcset=\"https:\/\/www.radiopiu.net\/wordpress\/wp-content\/uploads\/2023\/11\/9f7c10a9-26ec-4e47-a0ad-1ace78ef2463-300x169.jpg 300w, https:\/\/www.radiopiu.net\/wordpress\/wp-content\/uploads\/2023\/11\/9f7c10a9-26ec-4e47-a0ad-1ace78ef2463-1024x576.jpg 1024w, https:\/\/www.radiopiu.net\/wordpress\/wp-content\/uploads\/2023\/11\/9f7c10a9-26ec-4e47-a0ad-1ace78ef2463-768x432.jpg 768w, https:\/\/www.radiopiu.net\/wordpress\/wp-content\/uploads\/2023\/11\/9f7c10a9-26ec-4e47-a0ad-1ace78ef2463-1536x864.jpg 1536w, https:\/\/www.radiopiu.net\/wordpress\/wp-content\/uploads\/2023\/11\/9f7c10a9-26ec-4e47-a0ad-1ace78ef2463.jpg 2048w\" sizes=\"auto, (max-width: 300px) 100vw, 300px\" \/><\/a>\n\t\t\t\t<\/dt><\/dl><dl class='gallery-item'>\n\t\t\t\t<dt class='gallery-icon landscape'>\n\t\t\t\t\t<a class=\"rollover rollover-zoom dt-pswp-item\" title=\"VVV\" data-dt-img-description=\"\" data-large_image_width=\"639\" data-large_image_height=\"408\"href='https:\/\/www.radiopiu.net\/wordpress\/wp-content\/uploads\/2023\/11\/VVV.png'><img loading=\"lazy\" decoding=\"async\" width=\"300\" height=\"192\" src=\"https:\/\/www.radiopiu.net\/wordpress\/wp-content\/uploads\/2023\/11\/VVV-300x192.png\" class=\"attachment-medium size-medium\" alt=\"\" srcset=\"https:\/\/www.radiopiu.net\/wordpress\/wp-content\/uploads\/2023\/11\/VVV-300x192.png 300w, https:\/\/www.radiopiu.net\/wordpress\/wp-content\/uploads\/2023\/11\/VVV.png 639w\" sizes=\"auto, (max-width: 300px) 100vw, 300px\" \/><\/a>\n\t\t\t\t<\/dt><\/dl><br style=\"clear: both\" \/>\n\t\t\t<\/div>\n\n<p>&nbsp;<\/p>\n<p>&nbsp;<\/p>\n<h2><span style=\"color: #ff0000;\">IL LIBRO DI ANNICCHIARICO AL VINCENZO SAVIO &#8211; AUDITORIUM CON LA \u201cPETTIROSSO AGORDINO\u201d<\/span><\/h2>\n<p><strong><a class=\"dt-pswp-item\" href=\"https:\/\/www.radiopiu.net\/wordpress\/wp-content\/uploads\/2023\/11\/5963f6ff-7c55-41ad-8522-46c5314d42b7.jpg\" data-dt-img-description=\"\" data-large_image_width=\"2048\" data-large_image_height=\"1152\"><img loading=\"lazy\" decoding=\"async\" class=\" wp-image-360322 alignleft\" src=\"https:\/\/www.radiopiu.net\/wordpress\/wp-content\/uploads\/2023\/11\/5963f6ff-7c55-41ad-8522-46c5314d42b7-300x169.jpg\" alt=\"\" width=\"195\" height=\"110\" srcset=\"https:\/\/www.radiopiu.net\/wordpress\/wp-content\/uploads\/2023\/11\/5963f6ff-7c55-41ad-8522-46c5314d42b7-300x169.jpg 300w, https:\/\/www.radiopiu.net\/wordpress\/wp-content\/uploads\/2023\/11\/5963f6ff-7c55-41ad-8522-46c5314d42b7-1024x576.jpg 1024w, https:\/\/www.radiopiu.net\/wordpress\/wp-content\/uploads\/2023\/11\/5963f6ff-7c55-41ad-8522-46c5314d42b7-768x432.jpg 768w, https:\/\/www.radiopiu.net\/wordpress\/wp-content\/uploads\/2023\/11\/5963f6ff-7c55-41ad-8522-46c5314d42b7-1536x864.jpg 1536w, https:\/\/www.radiopiu.net\/wordpress\/wp-content\/uploads\/2023\/11\/5963f6ff-7c55-41ad-8522-46c5314d42b7.jpg 2048w\" sizes=\"auto, (max-width: 195px) 100vw, 195px\" \/><\/a>DI MIRKO MEZZACASA<\/strong><\/p>\n<p>OSPITI: Sonia D&#8217;Agostini, presidente Pettirosso Agordino, e la dottoressa Laura Miana, psicologa<\/p>\n<audio class=\"wp-audio-shortcode\" id=\"audio-360811-8\" preload=\"none\" style=\"width: 100%;\" controls=\"controls\"><source type=\"audio\/mpeg\" src=\"https:\/\/www.radiopiu.net\/wordpress\/wp-content\/uploads\/2023\/11\/I-CURA-CARI-PETTIROSSO-AGORDINO.mp3?_=8\" \/><a href=\"https:\/\/www.radiopiu.net\/wordpress\/wp-content\/uploads\/2023\/11\/I-CURA-CARI-PETTIROSSO-AGORDINO.mp3\">https:\/\/www.radiopiu.net\/wordpress\/wp-content\/uploads\/2023\/11\/I-CURA-CARI-PETTIROSSO-AGORDINO.mp3<\/a><\/audio>\n<p>&nbsp;<\/p>\n<p>&nbsp;<\/p>\n<h2 class=\"entry-title\"><span style=\"color: #33cccc;\">MANCA POCO ALL\u2019INIZIO DELLA STAGIONE INVERNALE SULLA SKI AREA SAN PELLEGRINO<\/span><\/h2>\n<p><a class=\"dt-pswp-item\" href=\"https:\/\/www.radiopiu.net\/wordpress\/wp-content\/uploads\/2021\/02\/RENZO-MINELLA.jpg\" data-dt-img-description=\"renzo minella\" data-large_image_width=\"1024\" data-large_image_height=\"682\"><img loading=\"lazy\" decoding=\"async\" class=\"alignleft wp-image-191135 \" src=\"https:\/\/www.radiopiu.net\/wordpress\/wp-content\/uploads\/2021\/02\/RENZO-MINELLA-300x200.jpg\" alt=\"\" width=\"183\" height=\"122\" srcset=\"https:\/\/www.radiopiu.net\/wordpress\/wp-content\/uploads\/2021\/02\/RENZO-MINELLA-300x200.jpg 300w, https:\/\/www.radiopiu.net\/wordpress\/wp-content\/uploads\/2021\/02\/RENZO-MINELLA-768x512.jpg 768w, https:\/\/www.radiopiu.net\/wordpress\/wp-content\/uploads\/2021\/02\/RENZO-MINELLA.jpg 1024w\" sizes=\"auto, (max-width: 183px) 100vw, 183px\" \/><\/a><\/p>\n<p><strong>DI MIRKO MEZZACASA<\/strong><\/p>\n<p>OSPITE: Renzo Minella, direttore della Ski Area San Pellegrino<\/p>\n<audio class=\"wp-audio-shortcode\" id=\"audio-360811-9\" preload=\"none\" style=\"width: 100%;\" controls=\"controls\"><source type=\"audio\/mpeg\" src=\"https:\/\/www.radiopiu.net\/wordpress\/wp-content\/uploads\/2023\/10\/RENZO-MINELLLA-STAGIONE-2023.mp3?_=9\" \/><a href=\"https:\/\/www.radiopiu.net\/wordpress\/wp-content\/uploads\/2023\/10\/RENZO-MINELLLA-STAGIONE-2023.mp3\">https:\/\/www.radiopiu.net\/wordpress\/wp-content\/uploads\/2023\/10\/RENZO-MINELLLA-STAGIONE-2023.mp3<\/a><\/audio>\n<p>&nbsp;<\/p>\n<p>&nbsp;<\/p>\n<hr \/>\n<p>&nbsp;<\/p>\n<h3 align=\"CENTER\"><span style=\"color: #000000;\"><span style=\"font-family: Arial, serif;\"><span style=\"font-size: medium;\"><b>Torna il contest fotografico #Acquaprotagonista di Viveracqua.<\/b><\/span><\/span><\/span><\/h3>\n<p><strong>\u00a0BELLUNO <\/strong>Al via la quarta edizione del concorso fotografico. Il contest, lanciato per la prima volta nel 2017 con l\u2019obiettivo di coinvolgere i cittadini veneti nella tutela e nella valorizzazione della risorsa idrica, quest\u2019anno propone l\u2019importante tema dei cambiamenti climatici: in uno scatto, professionisti e semplici amatori della fotografia residenti nella regione potranno raccontare e catturare l\u2019acqua nelle sue molteplici forme e nella sua infinita variet\u00e0. Le foto, inedite, dovranno essere inviate entro il 31 gennaio. Info <span style=\"font-family: Arial, serif;\"><span style=\"font-size: medium;\">\u00a0\u00a0<a href=\"http:\/\/www.viveracqua.it\/\">www.viveracqua.it<\/a><\/span><\/span><\/p>\n<p>&nbsp;<\/p>\n<p>&nbsp;<\/p>\n<hr \/>\n<p>&nbsp;<\/p>\n<h2><span style=\"color: #ff0000;\">GLI APPUNTAMENTI DELLA SETTIMANA\u00a0\u00a0<\/span><\/h2>\n<blockquote>\n<h3>SCRIVIMI DALLA CINA<\/h3>\n<\/blockquote>\n<p><strong>GOSALDO<\/strong>\u00a0 Oggi alle 17 nelle ex scuole medie di Don, lettura teatralizzata in musica, il racconto di una storia d&#8217;amore dall&#8217;altro capo del mondo con &#8220;scrivimi dalla Cina&#8221;, presentato da Martina Lazzari, organizzato dagli amici della Biblioteca con il patrocinio del Comune di Gosaldo.<\/p>\n<p>&nbsp;<\/p>\n<blockquote>\n<h3>IL CUORE A TEATRO<\/h3>\n<\/blockquote>\n<p><strong>VOLTAGO<\/strong> Oggi alle 20.30 in sala Polifunzionale G. De Col, &#8220;l&#8217;albergo dei nevrastenici&#8221; con la Compagna del Teatro del cuore.<\/p>\n<p>&nbsp;<\/p>\n<blockquote>\n<h3>A TEATRO AL NOF FILO DI CENCENIGHE<\/h3>\n<\/blockquote>\n<p><strong>CENCENIGHE<\/strong> Oggi alle 20:30 al Nof Fil\u00f2 di Cencenighe la compagnia instabile Don Bosco presenta la commedia teatrale &#8220;La Terrazza&#8221;. Commedia brillante, giallo-comica, leggera anzi leggerissima. Ingresso ad offerta libera. Ingresso libero <a class=\"dt-pswp-item\" href=\"https:\/\/www.radiopiu.net\/wordpress\/wp-content\/uploads\/2023\/11\/LA-COMPAGNIA-INSTABILE-DON-BOSCO-PRESENTA-LA-TERRAZZA.jpg\" data-dt-img-description=\"\" data-large_image_width=\"1414\" data-large_image_height=\"2000\"><img loading=\"lazy\" decoding=\"async\" class=\"size-medium wp-image-360250 aligncenter\" src=\"https:\/\/www.radiopiu.net\/wordpress\/wp-content\/uploads\/2023\/11\/LA-COMPAGNIA-INSTABILE-DON-BOSCO-PRESENTA-LA-TERRAZZA-212x300.jpg\" alt=\"\" width=\"212\" height=\"300\" srcset=\"https:\/\/www.radiopiu.net\/wordpress\/wp-content\/uploads\/2023\/11\/LA-COMPAGNIA-INSTABILE-DON-BOSCO-PRESENTA-LA-TERRAZZA-212x300.jpg 212w, https:\/\/www.radiopiu.net\/wordpress\/wp-content\/uploads\/2023\/11\/LA-COMPAGNIA-INSTABILE-DON-BOSCO-PRESENTA-LA-TERRAZZA-724x1024.jpg 724w, https:\/\/www.radiopiu.net\/wordpress\/wp-content\/uploads\/2023\/11\/LA-COMPAGNIA-INSTABILE-DON-BOSCO-PRESENTA-LA-TERRAZZA-768x1086.jpg 768w, https:\/\/www.radiopiu.net\/wordpress\/wp-content\/uploads\/2023\/11\/LA-COMPAGNIA-INSTABILE-DON-BOSCO-PRESENTA-LA-TERRAZZA-1086x1536.jpg 1086w, https:\/\/www.radiopiu.net\/wordpress\/wp-content\/uploads\/2023\/11\/LA-COMPAGNIA-INSTABILE-DON-BOSCO-PRESENTA-LA-TERRAZZA.jpg 1414w\" sizes=\"auto, (max-width: 212px) 100vw, 212px\" \/><\/a><\/p>\n<p>&nbsp;<\/p>\n<p><strong>AGORDO <\/strong> LA LUCCIOLATA CON I BOCE DA RIF, GRUPPO ALPINI, COMUNE DI AGORDO. LA LUCCIOLATA DA AGORDO A RIF: DOMANI DALLE 14, DA PIAZZA SANTA MARIA. ALL&#8217;ARRIVO, A RIF, CASTAGNE E VIN BRULE&#8217;. ISCRIZIONE AD OFFERTA LIBERA, E INTERO RICAVATO PER LA GESTIONE DELLA CASA VIA DI NATALE DI AVIANO LA PASSEGGIATA DELLA SOLIDARIETA&#8217;&#8230;.<\/p>\n<p><a class=\"dt-pswp-item\" href=\"https:\/\/www.radiopiu.net\/wordpress\/wp-content\/uploads\/2023\/11\/Senza-nome.png\" data-dt-img-description=\"\" data-large_image_width=\"437\" data-large_image_height=\"399\"><img loading=\"lazy\" decoding=\"async\" class=\"wp-image-359506 aligncenter\" src=\"https:\/\/www.radiopiu.net\/wordpress\/wp-content\/uploads\/2023\/11\/Senza-nome-300x274.png\" alt=\"\" width=\"214\" height=\"195\" srcset=\"https:\/\/www.radiopiu.net\/wordpress\/wp-content\/uploads\/2023\/11\/Senza-nome-300x274.png 300w, https:\/\/www.radiopiu.net\/wordpress\/wp-content\/uploads\/2023\/11\/Senza-nome.png 437w\" sizes=\"auto, (max-width: 214px) 100vw, 214px\" \/><\/a><\/p>\n<p>&nbsp;<\/p>\n<blockquote>\n<h3>VISITE GRATUITE ALLA CRIPTA E AL POLITTICO DI SAN MARTINO NELLA CATTEDRALE DI BELLUNO, DOMANI<\/h3>\n<\/blockquote>\n<p><strong>BELLUNO<\/strong> Anche quest\u2019anno per festeggiare insieme il patrono di Belluno, l\u2019Associazione Campedel propone delle visite gratuite alla cripta del Duomo di Belluno e al polittico di San Martino.Domani i soci della Campedel accompagneranno i visitatori in tre turni, alle 14.30, alle 15.30 e alle 16.30 alla scoperta di questo meraviglioso luogo che ospita dal 1873, in seguito al tremendo terremoto che colp\u00ec la citt\u00e0, il grande polittico con le storie del santo eseguito a fine Quattrocento dal Maestro della Cappella Galletti e riadattato a met\u00e0 Cinquecento dal bellunese Nicol\u00f2 De Stefani. Ingresso alla cripta in fondo alla navata sinistra, non \u00e8 necessaria la prenotazione. Le visite sono organizzate in collaborazione con la parrocchia Duomo-Loreto.<\/p>\n<p>&nbsp;<\/p>\n<blockquote>\n<h3>CINQUE EVENTI PER I 40 ANNI DEL CENTRO INTERNAZIONALE DEL LIBRO PARLATO &#8220;A. SERNAGIOTTO&#8221;<\/h3>\n<\/blockquote>\n<p><strong><a class=\"dt-pswp-item\" href=\"https:\/\/www.radiopiu.net\/wordpress\/wp-content\/uploads\/2023\/11\/1f9b39ac-7445-4292-9e66-746ed8bde8d9.jpg\" data-dt-img-description=\"\" data-large_image_width=\"800\" data-large_image_height=\"1067\"><img loading=\"lazy\" decoding=\"async\" class=\" wp-image-360368 alignleft\" src=\"https:\/\/www.radiopiu.net\/wordpress\/wp-content\/uploads\/2023\/11\/1f9b39ac-7445-4292-9e66-746ed8bde8d9-225x300.jpg\" alt=\"\" width=\"182\" height=\"243\" srcset=\"https:\/\/www.radiopiu.net\/wordpress\/wp-content\/uploads\/2023\/11\/1f9b39ac-7445-4292-9e66-746ed8bde8d9-225x300.jpg 225w, https:\/\/www.radiopiu.net\/wordpress\/wp-content\/uploads\/2023\/11\/1f9b39ac-7445-4292-9e66-746ed8bde8d9-768x1024.jpg 768w, https:\/\/www.radiopiu.net\/wordpress\/wp-content\/uploads\/2023\/11\/1f9b39ac-7445-4292-9e66-746ed8bde8d9.jpg 800w\" sizes=\"auto, (max-width: 182px) 100vw, 182px\" \/><\/a>FELTRE<\/strong> Sono 5 gli eventi in programma per celebrare i 40 anni del Libro Parlato di Feltre &#8220;A. Sernagiotto&#8221;.<\/p>\n<p><strong>OGGI<\/strong> alle 18 al Caff\u00e8 Letterario ENAIP una conferenza multimediale con Lara Fiori e Gaetano Zagra. Lettere che Mozart scrisse alla sua amata Constanze<\/p>\n<p><strong>MERCOLEDI 22 NOVEMBRE <\/strong>alle 18 in Sala Ocri la presentazione del romanzo &#8220;Navigante di poppa&#8221;: Incontro con l&#8217;autrice Loredana Borghetto, presenta Cristina Pierotti<\/p>\n<p><strong>SABATO 9 DICEMBRE <\/strong>alle 18 in Sala Ocri Letture ad alta voce dedicate a Italo Calvino con Fabio Dalla Zuanna e Anna Branciforti<\/p>\n<p><strong>LUNEDI 18 DICEMBRE <\/strong>alle 18 in Sala Ocri Flavio Faoro: da Oltre le vette ai racconti e alle fiabe, presenta Luisa Alchini. Letture ad alta voce del gruppo Libri Parlanti<\/p>\n<p><strong>VENERDI 22 DICEMBRE <\/strong>alle 18 in Sala Ocri Presentazione del libro &#8220;Il saldatore del Vajont&#8221; con l&#8217;autore Antonio G. Bortoluzzi &#8211; presenta Nicola Maccagnan<\/p>\n<p>&nbsp;<\/p>\n<p>&nbsp;<\/p>\n<p>&nbsp;<\/p>\n<h2><span style=\"color: #ff0000;\">PROSSIMAMENTE\u00a0<\/span><\/h2>\n<p>&nbsp;<\/p>\n<h3 style=\"text-align: left;\" align=\"CENTER\"><span style=\"font-family: Bookman Old Style, serif;\">CIRCOLO CULTURALE \u201cLa Terra dei Padri \u2013 Belluno APS\u201d.<\/span><\/h3>\n<p><strong><a class=\"dt-pswp-item\" href=\"https:\/\/www.radiopiu.net\/wordpress\/wp-content\/uploads\/2023\/11\/la-patria-sconfitta-copertina-scaled.jpg\" data-dt-img-description=\"\" data-large_image_width=\"1920\" data-large_image_height=\"2560\"><img loading=\"lazy\" decoding=\"async\" class=\"wp-image-360926 alignleft\" src=\"https:\/\/www.radiopiu.net\/wordpress\/wp-content\/uploads\/2023\/11\/la-patria-sconfitta-copertina-225x300.jpg\" alt=\"\" width=\"132\" height=\"176\" srcset=\"https:\/\/www.radiopiu.net\/wordpress\/wp-content\/uploads\/2023\/11\/la-patria-sconfitta-copertina-225x300.jpg 225w, https:\/\/www.radiopiu.net\/wordpress\/wp-content\/uploads\/2023\/11\/la-patria-sconfitta-copertina-768x1024.jpg 768w, https:\/\/www.radiopiu.net\/wordpress\/wp-content\/uploads\/2023\/11\/la-patria-sconfitta-copertina-1152x1536.jpg 1152w, https:\/\/www.radiopiu.net\/wordpress\/wp-content\/uploads\/2023\/11\/la-patria-sconfitta-copertina-1536x2048.jpg 1536w, https:\/\/www.radiopiu.net\/wordpress\/wp-content\/uploads\/2023\/11\/la-patria-sconfitta-copertina-scaled.jpg 1920w\" sizes=\"auto, (max-width: 132px) 100vw, 132px\" \/><\/a>BELLUNO\u00a0<\/strong> <span style=\"font-family: Bookman Old Style, serif;\">Sabato conferenza di presentazione dell\u2019ultimo saggio\/romanzo storico di Franco Giuseppe Gobbato \u2013 saggista, scrittore e ricercatore storico \u2013 intitolato \u201c<\/span><span style=\"font-family: Bookman Old Style, serif;\"><b>La patria sconfitta<\/b><\/span><span style=\"font-family: Bookman Old Style, serif;\">\u201c, edizioni Ritter. <\/span><span style=\"font-family: Bookman Old Style, serif;\"><b>L\u2019evento avr\u00e0 luogo alle 18.00 presso la sede del Circolo culturale \u201cLa Terra dei Padri\u201d in via dei Molini, 10 a Borgo Piave<\/b><\/span><span style=\"font-family: Bookman Old Style, serif;\"> (davanti alla chiesa di San Nicol\u00f2). L\u2019Autore sar\u00e0 presentato da Francesco Dematt\u00e8. <\/span><span style=\"font-family: Bookman Old Style, serif;\">L\u2019organizzazione della serata \u00e8 ad opera della Delegazione di Belluno della Lega Nazionale e del Circolo culturale \u201cLa Terra dei Padri\u201d.<\/span><\/p>\n<p>&nbsp;<\/p>\n<p>&nbsp;<\/p>\n<p>&nbsp;<\/p>\n<p><a class=\"dt-pswp-item\" href=\"https:\/\/www.radiopiu.net\/wordpress\/wp-content\/uploads\/2023\/11\/6ef13c6c-f912-41cf-a15e-5220bf2d3c7f.jpg\" data-dt-img-description=\"\" data-large_image_width=\"1131\" data-large_image_height=\"1600\"><img loading=\"lazy\" decoding=\"async\" class=\"size-medium wp-image-360248 alignleft\" src=\"https:\/\/www.radiopiu.net\/wordpress\/wp-content\/uploads\/2023\/11\/6ef13c6c-f912-41cf-a15e-5220bf2d3c7f-212x300.jpg\" alt=\"\" width=\"212\" height=\"300\" srcset=\"https:\/\/www.radiopiu.net\/wordpress\/wp-content\/uploads\/2023\/11\/6ef13c6c-f912-41cf-a15e-5220bf2d3c7f-212x300.jpg 212w, https:\/\/www.radiopiu.net\/wordpress\/wp-content\/uploads\/2023\/11\/6ef13c6c-f912-41cf-a15e-5220bf2d3c7f-724x1024.jpg 724w, https:\/\/www.radiopiu.net\/wordpress\/wp-content\/uploads\/2023\/11\/6ef13c6c-f912-41cf-a15e-5220bf2d3c7f-768x1086.jpg 768w, https:\/\/www.radiopiu.net\/wordpress\/wp-content\/uploads\/2023\/11\/6ef13c6c-f912-41cf-a15e-5220bf2d3c7f-1086x1536.jpg 1086w, https:\/\/www.radiopiu.net\/wordpress\/wp-content\/uploads\/2023\/11\/6ef13c6c-f912-41cf-a15e-5220bf2d3c7f.jpg 1131w\" sizes=\"auto, (max-width: 212px) 100vw, 212px\" \/><\/a><br \/>\n<strong>Rivamonte<\/strong> IL PRESIDIO LIBERA AGORDINO LUCIA PRECENZANO, SALVATORE AVERSA TI INVITA A &#8220;RIPARTIAMO DAI DIRITTI UMANI&#8221;, DIRITTO ALLA SALUTE, DIGNITA&#8217; E UGUAGLIANZA. SABATO 18 NOVEMBRE ALLE 20.30 ALLA CASA DELLA GIOVENTU&#8217; DI RIVAMONTE &#8220;MUSICAL PICCOLE DONNE&#8221; MESSO IN SCENA DALLA COMPAGNIA TTM, IN COLLABORAZIONE CON L&#8217;ASSOCIAZIONE BELLUNO DONNA. INGRESSO LIBERO, OFFERTE DEVOLUTE ALL&#8217;ASSOCIAZIONE BELLUNO DONNA, DA 20 ANNI A FIANCO DELLE DONNE. SABATO 18 NOVEMBRE 20.30 CASA DELLA GIOVENTU&#8217; DI RIVAMONTE, CON LIBERA AGORDINO, IN COLLABORAZIONE CON LA PROLOCO DI RIVAMONTE E IL PATROCINIO DELLE PARROCCHIE DEL POI E DEI FOLLI MA SPERANZOSI<\/p>\n<p>&nbsp;<\/p>\n<p>&nbsp;<\/p>\n<p>&nbsp;<\/p>\n<p>&nbsp;<\/p>\n<p><em><strong>A CAVIOLA DAL 18 AL 21 NOVEMBRE: SAGRA MADONNA DELLA SALUTE<\/strong>. Sabato 18 novembre alle 15 castagnata con il gruppo giovani,dalle 18 cucina anche da asporto Domenica 9 Messa, 10 trucca bambini e animazione, 11.15 cucina anche da asporto, con intrattenimento musicale. pomeriggio Torneo di Risiko e Monopoli Gara di Briscola e Castagnata con gli Alpini e \u201cL\u2019era na volta valk de doz\u201d. Gara di Torte con ricavato devoluto alla Croce Verde; iscrizioni al numero 349 1945681 <\/em><em>Marted\u00ec 21, Madonna della Salute con rosario e messe alla chiesa Madonna della Salute. Dalle 11.15 cucina anche da asporto NEI TRE GIORNI, PESCA DI BENEFICIENZA PRESSO I LOCALI ADIACENTI ALLA CHIESA PARROCCHIALE. <\/em><em>Manifestazioni a cura del Gruppo Alpini Caviola Cime d\u2019Auta, Parrocchia e ProLoco di Caviola\u00a0<\/em><\/p>\n<p>&nbsp;<\/p>\n<p>&nbsp;<\/p>\n<hr \/>\n<p>&nbsp;<\/p>\n<p>&nbsp;<\/p>\n<blockquote>\n<h3>CERCASI MARI&#8217;<\/h3>\n<\/blockquote>\n<p><a class=\"dt-pswp-item\" href=\"https:\/\/www.radiopiu.net\/wordpress\/wp-content\/uploads\/2023\/11\/IMG-20221028-WA0013.jpg\" data-dt-img-description=\"\" data-large_image_width=\"1153\" data-large_image_height=\"1280\"><img loading=\"lazy\" decoding=\"async\" class=\"wp-image-360924 alignleft\" src=\"https:\/\/www.radiopiu.net\/wordpress\/wp-content\/uploads\/2023\/11\/IMG-20221028-WA0013-270x300.jpg\" alt=\"\" width=\"107\" height=\"119\" srcset=\"https:\/\/www.radiopiu.net\/wordpress\/wp-content\/uploads\/2023\/11\/IMG-20221028-WA0013-270x300.jpg 270w, https:\/\/www.radiopiu.net\/wordpress\/wp-content\/uploads\/2023\/11\/IMG-20221028-WA0013-922x1024.jpg 922w, https:\/\/www.radiopiu.net\/wordpress\/wp-content\/uploads\/2023\/11\/IMG-20221028-WA0013-768x853.jpg 768w, https:\/\/www.radiopiu.net\/wordpress\/wp-content\/uploads\/2023\/11\/IMG-20221028-WA0013.jpg 1153w\" sizes=\"auto, (max-width: 107px) 100vw, 107px\" \/><\/a><strong>LONGARONE<\/strong> Non si danno per vinti\u00a0 Ferruccio e Marina, da giugno cercano disperatamente Mari&#8217;, una gattina di 13 mesi\u00a0 regalata ad una Famiglia di Longarone.\u00a0 All&#8217;improvviso si \u00e8 allontanata di casa senza pi\u00f9 farvi ritorno era il\u00a0 5 giugno scorso<\/p>\n<p>Se qualcuno avesse notizie: Marina\u00a0 3487806816<\/p>\n<p>&nbsp;<\/p>\n<p>&nbsp;<\/p>\n<p>&nbsp;<\/p>\n<hr \/>\n<p>&nbsp;<\/p>\n<p>&nbsp;<\/p>\n<p>&nbsp;<\/p>\n<div class=\"message spoilers-container\" dir=\"auto\">\n<div class=\"column\">\n<div class=\"message spoilers-container\" dir=\"auto\">\n<div class=\"column\">\n<p><img loading=\"lazy\" decoding=\"async\" class=\"aligncenter wp-image-61954 size-full\" src=\"https:\/\/www.radiopiu.net\/wordpress\/wp-content\/uploads\/2018\/09\/viabilita.jpeg\" sizes=\"auto, (max-width: 800px) 100vw, 800px\" srcset=\"https:\/\/www.radiopiu.net\/wordpress\/wp-content\/uploads\/2018\/09\/viabilita.jpeg 800w, https:\/\/www.radiopiu.net\/wordpress\/wp-content\/uploads\/2018\/09\/viabilita-300x38.jpeg 300w, https:\/\/www.radiopiu.net\/wordpress\/wp-content\/uploads\/2018\/09\/viabilita-768x96.jpeg 768w\" alt=\"\" width=\"800\" height=\"100\" \/><\/p>\n<\/div>\n<\/div>\n<div class=\"message spoilers-container\" dir=\"auto\">\n<div class=\"column\">\n<p>&nbsp;<\/p>\n<\/div>\n<\/div>\n<\/div>\n<\/div>\n<blockquote class=\"wp-embedded-content\" data-secret=\"anOFgsAjK3\"><p><a href=\"https:\/\/www.radiopiu.net\/wordpress\/viabilita\/\">viabilita<\/a><\/p><\/blockquote>\n<p><iframe loading=\"lazy\" class=\"wp-embedded-content\" sandbox=\"allow-scripts\" security=\"restricted\" style=\"position: absolute; clip: rect(1px, 1px, 1px, 1px);\" title=\"&#8220;viabilita&#8221; &#8212; Radio Pi\u00f9\" src=\"https:\/\/www.radiopiu.net\/wordpress\/viabilita\/embed\/#?secret=pnhBFk2KGo#?secret=anOFgsAjK3\" data-secret=\"anOFgsAjK3\" width=\"600\" height=\"338\" frameborder=\"0\" marginwidth=\"0\" marginheight=\"0\" scrolling=\"no\"><\/iframe><\/p>\n<div class=\"message spoilers-container\" dir=\"auto\">\n<div class=\"column\">\n<div class=\"message spoilers-container\" dir=\"auto\">\n<div class=\"column\">\n<div>\n<div dir=\"ltr\">\n<div class=\"gmail_quote\">\n<div dir=\"ltr\">\n<div><\/div>\n<div><\/div>\n<\/div>\n<\/div>\n<\/div>\n<\/div>\n<hr \/>\n<p>&nbsp;<\/p>\n<p><a class=\"dt-pswp-item\" href=\"https:\/\/www.radiopiu.net\/wordpress\/wp-content\/uploads\/2018\/09\/WhatsApp-Image-2018-09-20-at-16.04.06.jpeg\" data-dt-img-description=\"\" data-large_image_width=\"800\" data-large_image_height=\"100\"><img loading=\"lazy\" decoding=\"async\" class=\"wp-image-61378 size-full aligncenter\" src=\"https:\/\/www.radiopiu.net\/wordpress\/wp-content\/uploads\/2018\/09\/WhatsApp-Image-2018-09-20-at-16.04.06.jpeg\" alt=\"\" width=\"800\" height=\"100\" srcset=\"https:\/\/www.radiopiu.net\/wordpress\/wp-content\/uploads\/2018\/09\/WhatsApp-Image-2018-09-20-at-16.04.06.jpeg 800w, https:\/\/www.radiopiu.net\/wordpress\/wp-content\/uploads\/2018\/09\/WhatsApp-Image-2018-09-20-at-16.04.06-300x38.jpeg 300w, https:\/\/www.radiopiu.net\/wordpress\/wp-content\/uploads\/2018\/09\/WhatsApp-Image-2018-09-20-at-16.04.06-768x96.jpeg 768w\" sizes=\"auto, (max-width: 800px) 100vw, 800px\" \/><\/a><\/p>\n<\/div>\n<\/div>\n<p>&nbsp;<\/p>\n<\/div>\n<\/div>\n<p><center><\/center><center><\/center><center><b>OGGI<\/b><\/center><b>Tempo atteso: <\/b>Sole e cielo sereno sulle Prealpi, mentre le Dolomiti saranno interessate da residua nuvolosit\u00e0 notturna e mattutina, prima che il tempo migliori con prevalenza di tempo soleggiato, come gi\u00e0 avvenuto sulle Prealpi. Atmosfera ventosa e fredda in alta quota, mentre ci saranno condizioni di favonio in molte valli.<br \/>\n<b>Precipitazioni: <\/b>Assenti, salvo un po&#8217; di neve burrascosa sulle cime settentrionali nella notte.<br \/>\n<b>Temperature: <\/b>In generale diminuzione in quota con minime alla sera, mentre saranno in aumento nelle valli per temporanee condizioni di Foehn, anche se nei settori non interessati da quest&#8217;ultimo, le minime saranno in calo.<\/p>\n<hr \/>\n<p><center><b>DOMANI<\/b><\/center><b>Tempo atteso: <\/b>Al mattino ben soleggiato con cielo perlopi\u00f9 sereno o leggerlmente velato; al pomeriggio solo in parte soleggiato per presenza di velature e nubi medio-alte sempre pi\u00f9 estese. Lieve insidia nebbia in alcuni fondovalle prealpini durante le ore pi\u00f9 fredde.<br \/>\n<b>Precipitazioni: <\/b>Assenti , salvo due fiocchi burrascosi a fine giornata sulle cime dolomitiche.<br \/>\n<b>Temperature: <\/b>Minime in calo nelle valli e stazionarie in alta quota; massime in lieve aumento in quota e in leggera flessione nelle valli.<\/p>\n<hr \/>\n<p><center><b>LUNEDI<\/b><\/center>Cielo parzialmente nuvoloso per nubi medio-alte stratiformi, con copertura pi\u00f9 intensa sulle Dolomiti al mattino, dove un po&#8217; di neve burrascosa potr\u00e0 cadere sulle cime pi\u00f9 alte. Temperature in generale rialzo, in maniera pi\u00f9 sensibile in quota<\/p>\n<hr \/>\n<p><center><b>MARTEDI<\/b><\/center>Sulle Dolomiti tratti soleggiati e transito di nubi medio-alte; sulle Prealpi maggiormente soleggiato, non escluse nebbie notturne in alcuni fondovalle. Temperature in generale ulteriore lieve rialzo; stazionarie nelle valli, eccetto locali variazioni di poco conto.<\/p>\n<p>&nbsp;<\/p>\n<blockquote class=\"wp-embedded-content\" data-secret=\"oo5EjgQnUB\"><p><a href=\"https:\/\/www.radiopiu.net\/wordpress\/a-malga-losch-17-cm-di-neve-fresca-il-bollettino-dolomiti-neve-al-suolo-di-arpav\/\">A MALGA LOSCH 17 CM DI NEVE FRESCA. IL BOLLETTINO DOLOMITI NEVE AL SUOLO DI ARPAV<\/a><\/p><\/blockquote>\n<p><iframe loading=\"lazy\" class=\"wp-embedded-content\" sandbox=\"allow-scripts\" security=\"restricted\" style=\"position: absolute; clip: rect(1px, 1px, 1px, 1px);\" title=\"&#8220;A MALGA LOSCH 17 CM DI NEVE FRESCA. IL BOLLETTINO DOLOMITI NEVE AL SUOLO DI ARPAV&#8221; &#8212; Radio Pi\u00f9\" src=\"https:\/\/www.radiopiu.net\/wordpress\/a-malga-losch-17-cm-di-neve-fresca-il-bollettino-dolomiti-neve-al-suolo-di-arpav\/embed\/#?secret=II8W0GOyUh#?secret=oo5EjgQnUB\" data-secret=\"oo5EjgQnUB\" width=\"600\" height=\"338\" frameborder=\"0\" marginwidth=\"0\" marginheight=\"0\" scrolling=\"no\"><\/iframe><\/p>\n<p>&nbsp;<\/p>\n<div class=\"message spoilers-container\" dir=\"auto\">\n<hr \/>\n<p>&nbsp;<\/p>\n<p><img loading=\"lazy\" decoding=\"async\" class=\"wp-image-60761 size-full aligncenter\" src=\"https:\/\/www.radiopiu.net\/wordpress\/wp-content\/uploads\/2018\/09\/sport.jpg\" alt=\"\" width=\"800\" height=\"100\" srcset=\"https:\/\/www.radiopiu.net\/wordpress\/wp-content\/uploads\/2018\/09\/sport.jpg 800w, https:\/\/www.radiopiu.net\/wordpress\/wp-content\/uploads\/2018\/09\/sport-300x38.jpg 300w, https:\/\/www.radiopiu.net\/wordpress\/wp-content\/uploads\/2018\/09\/sport-768x96.jpg 768w\" sizes=\"auto, (max-width: 800px) 100vw, 800px\" \/><\/p>\n<p>&nbsp;<\/p>\n<p><span style=\"color: #0000ff;\"><strong>CALCIO<\/strong><\/span><\/p>\n<blockquote>\n<h3>AGORDINA IN CASA CON IL CORTINA, IL PIAVE OSPITA IL FORTOGNA<\/h3>\n<\/blockquote>\n<p><strong><a class=\"dt-pswp-item\" href=\"https:\/\/www.radiopiu.net\/wordpress\/wp-content\/uploads\/2023\/11\/calcio.jpg\" data-dt-img-description=\"\" data-large_image_width=\"1280\" data-large_image_height=\"853\"><img loading=\"lazy\" decoding=\"async\" class=\" wp-image-360218 alignleft\" src=\"https:\/\/www.radiopiu.net\/wordpress\/wp-content\/uploads\/2023\/11\/calcio-300x200.jpg\" alt=\"\" width=\"146\" height=\"97\" srcset=\"https:\/\/www.radiopiu.net\/wordpress\/wp-content\/uploads\/2023\/11\/calcio-300x200.jpg 300w, https:\/\/www.radiopiu.net\/wordpress\/wp-content\/uploads\/2023\/11\/calcio-1024x682.jpg 1024w, https:\/\/www.radiopiu.net\/wordpress\/wp-content\/uploads\/2023\/11\/calcio-768x512.jpg 768w, https:\/\/www.radiopiu.net\/wordpress\/wp-content\/uploads\/2023\/11\/calcio.jpg 1280w\" sizes=\"auto, (max-width: 146px) 100vw, 146px\" \/><\/a>di Marco Gaz<\/strong><\/p>\n<p><strong>REDAZIONE<\/strong> Continuano i campionati provinciali della LND con l\u2019Agordina protagonista. Sono quattro le partite che la squadra di Agordo disputer\u00e0 nel fine settimana nelle varie categorie, dalle giovanili alla prima squadra. Oggi alle 15 due sfide in programma. La Juniores di De Zaiacomo scender\u00e0 in terra trevigiana per affrontare l\u2019Orsago. Sulla carta un match alla portata degli agordini che in questo momento comandano la classifica del campionato delle provincie di Belluno e Treviso. I trevigiani sono penultimi e la formazione di Agordo non dovrebbe avere problemi a portare a casa i tre punti. Sempre oggi alle 15 in campo anche i Giovanissimi. Protagonista la squadra B dell\u2019Agordina che \u00a0scender\u00e0 a Santa Giustina per affrontare la Plavis. Squadra A che non giocher\u00e0 questo fine settimana. Domani alle 10 sar\u00e0 il turno degli Allievi di Renato Orzetti che giocheranno in trasferta contro la Plavis. Una partita importante per i ragazzi di Agordo che dovranno vincere per mantenere la parte alta della classifica. La prima squadra scender\u00e0 in campo domani alle 14:30. I ragazzi allenati da Chiea ospiteranno il Cortina all\u2019Ivano Dorigo di Agordo. Le due formazioni sono separate da un solo punto in classifica e si preannuncia una sfida aperta dove il risultato pu\u00f2 rimanere in bilico fino alla fine. In campo anche il Piave che giocher\u00e0 in casa contro il Fortogna.<\/p>\n<p><strong>ANDREA BALDASSI PORTAVOCE DEL PIAVE CALCIO<\/strong><\/p>\n<audio class=\"wp-audio-shortcode\" id=\"audio-360811-10\" preload=\"none\" style=\"width: 100%;\" controls=\"controls\"><source type=\"audio\/mpeg\" src=\"https:\/\/www.radiopiu.net\/wordpress\/wp-content\/uploads\/2023\/11\/balda-int.mp3?_=10\" \/><a href=\"https:\/\/www.radiopiu.net\/wordpress\/wp-content\/uploads\/2023\/11\/balda-int.mp3\">https:\/\/www.radiopiu.net\/wordpress\/wp-content\/uploads\/2023\/11\/balda-int.mp3<\/a><\/audio>\n<p>&nbsp;<\/p>\n<p><span style=\"color: #ff0000;\"><strong>IL PROGRAMMA DELLE PARTITE<\/strong><\/span><\/p>\n<p>Oggi alle 15 Orsago \u2013 Agordina (Juniores) e Plavis \u2013 Agordina sq.B (Giovanissimi). Domani alle 10 Plavis \u2013 Agordina (Allievi), alle 14:30 Agordina \u2013 Cortina e Piave \u2013 Fortogna (Terza Categoria)<\/p>\n<p><strong>CLASSIFICA TERZA CATEGORIA<\/strong> Gemelle 22, San Vittore 18, Auronzo 15, Alpes Cesio e Fortogna 14, Domegge 13, Agordina 11, Cortina e Dynamo Velai 10, Valzoldana e Piave 9, Tambre 6, Lamonese 4, Cadore 1919 2.<\/p>\n<p>&nbsp;<\/p>\n<p><span style=\"color: #0000ff;\"><strong>HOCKEY SU GHIACCIO<\/strong><\/span><\/p>\n<blockquote>\n<h3>ALLEGHE OSPITE DEI CAMPIONI D&#8217;ITALIA DEL VARESE. FELTRE A COMO<\/h3>\n<\/blockquote>\n<p><strong><a class=\"dt-pswp-item\" href=\"https:\/\/www.radiopiu.net\/wordpress\/wp-content\/uploads\/2023\/11\/0ed237ab-ede6-422f-a1cc-654bb13be953.jpg\" data-dt-img-description=\"\" data-large_image_width=\"1024\" data-large_image_height=\"417\"><img loading=\"lazy\" decoding=\"async\" class=\" wp-image-360819 alignleft\" src=\"https:\/\/www.radiopiu.net\/wordpress\/wp-content\/uploads\/2023\/11\/0ed237ab-ede6-422f-a1cc-654bb13be953-300x122.jpg\" alt=\"\" width=\"246\" height=\"100\" srcset=\"https:\/\/www.radiopiu.net\/wordpress\/wp-content\/uploads\/2023\/11\/0ed237ab-ede6-422f-a1cc-654bb13be953-300x122.jpg 300w, https:\/\/www.radiopiu.net\/wordpress\/wp-content\/uploads\/2023\/11\/0ed237ab-ede6-422f-a1cc-654bb13be953-768x313.jpg 768w, https:\/\/www.radiopiu.net\/wordpress\/wp-content\/uploads\/2023\/11\/0ed237ab-ede6-422f-a1cc-654bb13be953.jpg 1024w\" sizes=\"auto, (max-width: 246px) 100vw, 246px\" \/><\/a>di Roberto Miana, portavoce dell&#8217;Alleghe Hockey<\/strong><\/p>\n<p>Prima giornata del girone di ritorno di Regular Season del campionato IHL. Sabato 11 novembre alle 18:30 l\u2019Alleghe gioca a Varese. Nell\u2019ultima gara del girone di andata di Regular Season le Civette hanno espugnato il ghiaccio di Appiano 5-3, offrendo una buona prestazione di squadra e ottenendo il secondo storico successo in trasferta contro i Pirati. Tre punti importantissimi per classifica e morale, dopo l\u2019inaspettato passo falso casalingo contro il Bressanone. L\u2019Alleghe, dopo 10 partite giocate, \u00e8 quarto in classifica con 19 punti, 6 vittorie e 4 sconfitte, 37 reti fatte (secondo miglior attacco) e 20 reti subite (seconda miglior difesa). Nikolai Zherdev \u00e8 il top scorer della squadra con 15 punti (7 gol e 8 assist), seguito da Gabriel Vinatzer: 14 punti (6+8), Juho M\u00e4kel\u00e4: 11 punti (4+7) e Andreas Vinatzer: 10 punti (4+6). Coach Scapinello, per la trasferta lombarda, dovrebbe avere a disposizione l\u2019intero roster, fatta eccezione per l\u2019infortunato difensore Tommaso Da Col, ma con il possibile importante rientro sul ghiaccio del terzino Simon Vinatzer. Il Varese arriva dalla vincente trasferta 4-2 contro il Feltre, gara nella quale si \u00e8 messo in luce con una travolgente tripletta l\u2019italo\/americano Massimo Pietroniro. La squadra di coach Czarnecki occupa la terza posizione in classifica con 21 punti, frutto di otto vittorie e solo due sconfitte, miglior attacco con 38 reti segnate e terza difesa con 22 reti subite. I realizzatori Gialloneri sono il bomber varesino Marcello Borghi (7 gol+8 assist), Alessio Piroso (6+4), Massimo Pietroniro (6 marcature in cinque gare) e il difensore svedese Nils Naslund (4+6), dotato di un potente tiro dalla blu. Nei 25 precedenti tra Alleghe e Varese si contano 15 vittorie Alleghesi e 10 Varesine. Se analizziamo le sole gare disputate alla Acinque Ice Arena di Varese il bilancio \u00e8 in perfetta parit\u00e0 con sei vittorie per parte. Nell&#8217;ultima gara disputata in terra lombarda, il 26 novembre dell\u2019anno scorso, si sono imposti i Gialloneri 6-2. Mentre l\u2019ultima affermazione Biancorossa \u00e8 il 3-1 datato 17 ottobre 2021.<\/p>\n<p><strong>HCMV VARESE &#8211; ALLEGHE hockey <\/strong>Sabato 11 novembre ore 18:30 \u2013 Acinque Ice Arena di Varese. Arbitri: Jeremy Bassani e Simone Lega con giudici di linea Giorgio Brenna e Aleksandr Petrov. Collegamenti in DIRETTA RADIOFONICA su Radio Pi\u00f9 (www.radiopiu.net) con \u201cHockey al punto giusto\u201d, in studio Marco Gaz e da Varese interventi di Roberto Miana<\/p>\n<p>&nbsp;<\/p>\n<blockquote>\n<h3>IL FELTRE A COMO DOMENICA SERA<\/h3>\n<\/blockquote>\n<p><strong>REDAZIONE<\/strong> Il Feltre inizia il suo girone di ritorno della IHL dalla trasferta in terra lombarda contro il Como. I ragazzi di Fontana si trovano di fronte una formazione che negli ultimi scontri si \u00e8 rinforzata ed ha saputo mettere in difficolt\u00e0 gli avversari. Non sar\u00e0 una sfida semplice per i feltrini che dovranno lottare per tutti i 60&#8242; di gara.<\/p>\n<p><span style=\"color: #ff0000;\"><strong>LE PARTITE DELLE SQUADRE BELLUNESI IN IHL<\/strong><\/span><\/p>\n<p>Sabato alle 18:30 Varese &#8211; Alleghe, domenica alle 18:45 Como &#8211; Feltre<\/p>\n<p><strong>LA CLASSIFICA\u00a0<\/strong>Caldaro 27, Pergine 24, Varese 21, Alleghe 19, Appiano 18, Feltre 14, Fiemme e Bressanone 12, Como 8, Valpellice 7, Dobbiaco 3.<\/p>\n<p>&nbsp;<\/p>\n<p><span style=\"color: #0000ff;\"><strong>PALLAVOLO<\/strong><\/span><\/p>\n<blockquote>\n<h3><a class=\"dt-pswp-item\" href=\"https:\/\/www.radiopiu.net\/wordpress\/wp-content\/uploads\/2023\/11\/Fiabane_e_la_sfida_al_vertice.jpg\" data-dt-img-description=\"\" data-large_image_width=\"1420\" data-large_image_height=\"1197\"><img loading=\"lazy\" decoding=\"async\" class=\" wp-image-360835 alignleft\" src=\"https:\/\/www.radiopiu.net\/wordpress\/wp-content\/uploads\/2023\/11\/Fiabane_e_la_sfida_al_vertice-300x253.jpg\" alt=\"\" width=\"139\" height=\"117\" srcset=\"https:\/\/www.radiopiu.net\/wordpress\/wp-content\/uploads\/2023\/11\/Fiabane_e_la_sfida_al_vertice-300x253.jpg 300w, https:\/\/www.radiopiu.net\/wordpress\/wp-content\/uploads\/2023\/11\/Fiabane_e_la_sfida_al_vertice-1024x863.jpg 1024w, https:\/\/www.radiopiu.net\/wordpress\/wp-content\/uploads\/2023\/11\/Fiabane_e_la_sfida_al_vertice-768x647.jpg 768w, https:\/\/www.radiopiu.net\/wordpress\/wp-content\/uploads\/2023\/11\/Fiabane_e_la_sfida_al_vertice.jpg 1420w\" sizes=\"auto, (max-width: 139px) 100vw, 139px\" \/><\/a>SB VOLLEY IN TRASFERTA<\/h3>\n<\/blockquote>\n<p>Da una sfida al vertice all\u2019altra: dopo aver affrontato e superato in tre set le rodigine della Sicell Gs Volpe, la Homeclick SB Volley se la vedr\u00e0 con l\u2019unica squadra che, finora, \u00e8 riuscita a tenere il passo del gruppo di Josh De Salvador. Ovvero, l\u2019Asolo Altivole Riese. L\u2019appuntamento \u00e8 per oggi alle 20, in provincia di Treviso: in particolare, nella palestra San Vito Altivole.<span class=\"gmail-Apple-converted-space\">\u00a0<\/span><\/p>\n<p>&nbsp;<\/p>\n<\/div>\n","protected":false},"excerpt":{"rendered":"<p>40esimo di RADIOPIU\u2026. LA VOCE DELL\u2019EMOZIONE ISCRIVITI AL NOSTRO CANALE\u00a0\u00a0YOUTUBE PER SEGUIRE IN DIRETTA I PRINCIPALI PROGRAMMI DI RADIO PIU\u2019 E LE FUTURE DIRETTE IN ESTERNA. PER ISCRIVERTI CLICCA QUI\u00a0E PREMI\u00a0 \u201cIscriviti\u201d\u00a0 \u00a0 &nbsp; &nbsp; DOLOMITIBUS, PROBLEMA RISOLTO E FINE DELLE CRITICHE ALL&#8217;AZIENDA\u00a0 BELLUNESE BELLUNO Dopo la manifestazione di Belluno il problema, perch\u00e8 di problema&hellip;<\/p>\n","protected":false},"author":4,"featured_media":360877,"comment_status":"closed","ping_status":"closed","sticky":false,"template":"","format":"standard","meta":{"_monsterinsights_skip_tracking":false,"_monsterinsights_sitenote_active":false,"_monsterinsights_sitenote_note":"","_monsterinsights_sitenote_category":0,"footnotes":""},"categories":[51,86,49],"tags":[],"class_list":["post-360811","post","type-post","status-publish","format-standard","has-post-thumbnail","hentry","category-evidenza-top","category-gr","category-news-18","category-51","category-86","category-49","description-off"],"img_url":"https:\/\/www.radiopiu.net\/wordpress\/wp-content\/uploads\/2023\/11\/20040f71-a873-46ed-8da1-5d1ef8f0c26a.jpg","_links":{"self":[{"href":"https:\/\/www.radiopiu.net\/wordpress\/wp-json\/wp\/v2\/posts\/360811","targetHints":{"allow":["GET"]}}],"collection":[{"href":"https:\/\/www.radiopiu.net\/wordpress\/wp-json\/wp\/v2\/posts"}],"about":[{"href":"https:\/\/www.radiopiu.net\/wordpress\/wp-json\/wp\/v2\/types\/post"}],"author":[{"embeddable":true,"href":"https:\/\/www.radiopiu.net\/wordpress\/wp-json\/wp\/v2\/users\/4"}],"replies":[{"embeddable":true,"href":"https:\/\/www.radiopiu.net\/wordpress\/wp-json\/wp\/v2\/comments?post=360811"}],"version-history":[{"count":0,"href":"https:\/\/www.radiopiu.net\/wordpress\/wp-json\/wp\/v2\/posts\/360811\/revisions"}],"wp:featuredmedia":[{"embeddable":true,"href":"https:\/\/www.radiopiu.net\/wordpress\/wp-json\/wp\/v2\/media\/360877"}],"wp:attachment":[{"href":"https:\/\/www.radiopiu.net\/wordpress\/wp-json\/wp\/v2\/media?parent=360811"}],"wp:term":[{"taxonomy":"category","embeddable":true,"href":"https:\/\/www.radiopiu.net\/wordpress\/wp-json\/wp\/v2\/categories?post=360811"},{"taxonomy":"post_tag","embeddable":true,"href":"https:\/\/www.radiopiu.net\/wordpress\/wp-json\/wp\/v2\/tags?post=360811"}],"curies":[{"name":"wp","href":"https:\/\/api.w.org\/{rel}","templated":true}]}}