{"id":360827,"date":"2023-11-10T23:59:08","date_gmt":"2023-11-10T22:59:08","guid":{"rendered":"https:\/\/www.radiopiu.net\/wordpress\/?p=360827"},"modified":"2023-11-11T06:17:27","modified_gmt":"2023-11-11T05:17:27","slug":"agordina-in-casa-con-il-cortina-il-piave-ospita-il-fortogna","status":"publish","type":"post","link":"https:\/\/www.radiopiu.net\/wordpress\/agordina-in-casa-con-il-cortina-il-piave-ospita-il-fortogna\/","title":{"rendered":"AGORDINA IN CASA CON IL CORTINA, IL PIAVE OSPITA IL FORTOGNA"},"content":{"rendered":"<p><strong><a class=\"dt-pswp-item\" href=\"https:\/\/www.radiopiu.net\/wordpress\/wp-content\/uploads\/2023\/11\/calcio.jpg\" data-dt-img-description=\"\" data-large_image_width=\"1280\" data-large_image_height=\"853\"><img loading=\"lazy\" decoding=\"async\" class=\" wp-image-360218 alignleft\" src=\"https:\/\/www.radiopiu.net\/wordpress\/wp-content\/uploads\/2023\/11\/calcio-300x200.jpg\" alt=\"\" width=\"146\" height=\"97\" srcset=\"https:\/\/www.radiopiu.net\/wordpress\/wp-content\/uploads\/2023\/11\/calcio-300x200.jpg 300w, https:\/\/www.radiopiu.net\/wordpress\/wp-content\/uploads\/2023\/11\/calcio-1024x682.jpg 1024w, https:\/\/www.radiopiu.net\/wordpress\/wp-content\/uploads\/2023\/11\/calcio-768x512.jpg 768w, https:\/\/www.radiopiu.net\/wordpress\/wp-content\/uploads\/2023\/11\/calcio.jpg 1280w\" sizes=\"auto, (max-width: 146px) 100vw, 146px\" \/><\/a>di Marco Gaz<\/strong><\/p>\n<p><strong>REDAZIONE<\/strong> Continuano i campionati provinciali della LND con l\u2019Agordina protagonista. Sono quattro le partite che la squadra di Agordo disputer\u00e0 nel fine settimana nelle varie categorie, dalle giovanili alla prima squadra. Oggi alle 15 due sfide in programma. La Juniores di De Zaiacomo scender\u00e0 in terra trevigiana per affrontare l\u2019Orsago. Sulla carta un match alla portata degli agordini che in questo momento comandano la classifica del campionato delle provincie di Belluno e Treviso. I trevigiani sono penultimi e la formazione di Agordo non dovrebbe avere problemi a portare a casa i tre punti. Sempre oggi alle 15 in campo anche i Giovanissimi. Protagonista la squadra B dell\u2019Agordina che \u00a0scender\u00e0 a Santa Giustina per affrontare la Plavis. Squadra A che non giocher\u00e0 questo fine settimana. Domani alle 10 sar\u00e0 il turno degli Allievi di Renato Orzetti che giocheranno in trasferta contro la Plavis. Una partita importante per i ragazzi di Agordo che dovranno vincere per mantenere la parte alta della classifica. La prima squadra scender\u00e0 in campo domani alle 14:30. I ragazzi allenati da Chiea ospiteranno il Cortina all\u2019Ivano Dorigo di Agordo. Le due formazioni sono separate da un solo punto in classifica e si preannuncia una sfida aperta dove il risultato pu\u00f2 rimanere in bilico fino alla fine. In campo anche il Piave che giocher\u00e0 in casa contro il Fortogna.<\/p>\n<p><strong>ANDREA BALDASSI PORTAVOCE DEL PIAVE CALCIO<\/strong><\/p>\n<audio class=\"wp-audio-shortcode\" id=\"audio-360827-1\" preload=\"none\" style=\"width: 100%;\" controls=\"controls\"><source type=\"audio\/mpeg\" src=\"https:\/\/www.radiopiu.net\/wordpress\/wp-content\/uploads\/2023\/11\/balda-int.mp3?_=1\" \/><a href=\"https:\/\/www.radiopiu.net\/wordpress\/wp-content\/uploads\/2023\/11\/balda-int.mp3\">https:\/\/www.radiopiu.net\/wordpress\/wp-content\/uploads\/2023\/11\/balda-int.mp3<\/a><\/audio>\n<p>&nbsp;<\/p>\n<p><span style=\"color: #ff0000;\"><strong>IL PROGRAMMA DELLE PARTITE<\/strong><\/span><\/p>\n<p>Oggi alle 15 Orsago \u2013 Agordina (Juniores) e Plavis \u2013 Agordina sq.B (Giovanissimi). Domani alle 10 Plavis \u2013 Agordina (Allievi), alle 14:30 Agordina \u2013 Cortina e Piave \u2013 Fortogna (Terza Categoria)<\/p>\n<p><strong>CLASSIFICA TERZA CATEGORIA<\/strong> Gemelle 22, San Vittore 18, Auronzo 15, Alpes Cesio e Fortogna 14, Domegge 13, Agordina 11, Cortina e Dynamo Velai 10, Valzoldana e Piave 9, Tambre 6, Lamonese 4, Cadore 1919 2.<\/p>\n<p>&nbsp;<\/p>\n<p>*********<\/p>\n","protected":false},"excerpt":{"rendered":"<p>di Marco Gaz REDAZIONE Continuano i campionati provinciali della LND con l\u2019Agordina protagonista. Sono quattro le partite che la squadra di Agordo disputer\u00e0 nel fine settimana nelle varie categorie, dalle giovanili alla prima squadra. Oggi alle 15 due sfide in programma. La Juniores di De Zaiacomo scender\u00e0 in terra trevigiana per affrontare l\u2019Orsago. Sulla carta&hellip;<\/p>\n","protected":false},"author":4,"featured_media":360218,"comment_status":"closed","ping_status":"closed","sticky":false,"template":"","format":"standard","meta":{"_monsterinsights_skip_tracking":false,"_monsterinsights_sitenote_active":false,"_monsterinsights_sitenote_note":"","_monsterinsights_sitenote_category":0,"footnotes":""},"categories":[104,49],"tags":[],"class_list":["post-360827","post","type-post","status-publish","format-standard","has-post-thumbnail","hentry","category-evidenza_3","category-news-18","category-104","category-49","description-off"],"img_url":"https:\/\/www.radiopiu.net\/wordpress\/wp-content\/uploads\/2023\/11\/calcio.jpg","_links":{"self":[{"href":"https:\/\/www.radiopiu.net\/wordpress\/wp-json\/wp\/v2\/posts\/360827","targetHints":{"allow":["GET"]}}],"collection":[{"href":"https:\/\/www.radiopiu.net\/wordpress\/wp-json\/wp\/v2\/posts"}],"about":[{"href":"https:\/\/www.radiopiu.net\/wordpress\/wp-json\/wp\/v2\/types\/post"}],"author":[{"embeddable":true,"href":"https:\/\/www.radiopiu.net\/wordpress\/wp-json\/wp\/v2\/users\/4"}],"replies":[{"embeddable":true,"href":"https:\/\/www.radiopiu.net\/wordpress\/wp-json\/wp\/v2\/comments?post=360827"}],"version-history":[{"count":0,"href":"https:\/\/www.radiopiu.net\/wordpress\/wp-json\/wp\/v2\/posts\/360827\/revisions"}],"wp:featuredmedia":[{"embeddable":true,"href":"https:\/\/www.radiopiu.net\/wordpress\/wp-json\/wp\/v2\/media\/360218"}],"wp:attachment":[{"href":"https:\/\/www.radiopiu.net\/wordpress\/wp-json\/wp\/v2\/media?parent=360827"}],"wp:term":[{"taxonomy":"category","embeddable":true,"href":"https:\/\/www.radiopiu.net\/wordpress\/wp-json\/wp\/v2\/categories?post=360827"},{"taxonomy":"post_tag","embeddable":true,"href":"https:\/\/www.radiopiu.net\/wordpress\/wp-json\/wp\/v2\/tags?post=360827"}],"curies":[{"name":"wp","href":"https:\/\/api.w.org\/{rel}","templated":true}]}}