{"id":360849,"date":"2023-11-10T12:31:02","date_gmt":"2023-11-10T11:31:02","guid":{"rendered":"https:\/\/www.radiopiu.net\/wordpress\/?p=360849"},"modified":"2023-11-10T16:09:10","modified_gmt":"2023-11-10T15:09:10","slug":"la-valle-incidente-bosco","status":"publish","type":"post","link":"https:\/\/www.radiopiu.net\/wordpress\/la-valle-incidente-bosco\/","title":{"rendered":"LA VALLE: BOSCAIOLO FERITO NELL&#8217; INCIDENTE SUL LAVORO"},"content":{"rendered":"<p><strong>LA VALLE<\/strong><\/p>\n<div class=\"flex-1 overflow-hidden\">\n<div class=\"react-scroll-to-bottom--css-rzqmm-79elbk h-full\">\n<div class=\"react-scroll-to-bottom--css-rzqmm-1n7m0yu\">\n<div class=\"flex flex-col text-sm gizmo:pb-9 dark:bg-gray-800 gizmo:dark:bg-transparent\">\n<div class=\"group w-full text-token-text-primary border-b border-black\/10 gizmo:border-0 dark:border-gray-900\/50 gizmo:dark:border-0 bg-gray-50 gizmo:bg-transparent dark:bg-[#444654] gizmo:dark:bg-transparent\" data-testid=\"conversation-turn-7\">\n<div class=\"p-4 gizmo:py-2 justify-center text-base md:gap-6 md:py-6 m-auto\">\n<div class=\"flex flex-1 gap-4 text-base mx-auto md:gap-6 gizmo:gap-3 gizmo:md:px-5 gizmo:lg:px-1 gizmo:xl:px-5 md:max-w-2xl lg:max-w-[38rem] gizmo:md:max-w-3xl gizmo:lg:max-w-[40rem] gizmo:xl:max-w-[48rem] xl:max-w-3xl }\">\n<div class=\"relative flex w-[calc(100%-50px)] flex-col gizmo:w-full lg:w-[calc(100%-115px)] agent-turn\">\n<div class=\"flex-col gap-1 md:gap-3\">\n<div class=\"flex flex-grow flex-col max-w-full gap-3 gizmo:gap-0\">\n<div class=\"min-h-[20px] text-message peer flex flex-col items-start gap-3 whitespace-pre-wrap break-words peer-[.text-message]:mt-5 overflow-x-auto\" data-message-author-role=\"assistant\" data-message-id=\"c2120d92-aa04-474a-b274-79200baa5543\">\n<div class=\"markdown prose w-full break-words dark:prose-invert dark\">\n<p>Alle 10.15 di oggi, la Centrale del 118 \u00e8 stata allertata da un collega boscaiolo riguardo a un grave incidente verificatosi in localit\u00e0 Pian de Val. Un boscaiolo di origini rumene, residente a Limana\u00a0 \u00a0si \u00e8 trovato intrappolato nell&#8217;abitacolo della sua jeep, che era uscita di strada. La prontezza di intervento \u00e8 stata fondamentale per evitare conseguenze ancora pi\u00f9 gravi. Sul luogo dell&#8217;incidente, caratterizzato da condizioni meteorologiche avverse e presenza di nebbia, \u00e8 stato dispiegato l&#8217;elicottero del Suem di Pieve di Cadore. Nonostante le difficolt\u00e0, l&#8217;equipaggio composto da personale medico e tecnico di elisoccorso \u00e8 riuscito a raggiungere il boscaiolo, che si trovava circa quindici metri sotto una strada forestale. I Vigili del fuoco hanno estratto l&#8217;infortunato dall&#8217;abitacolo, mentre il personale sanitario dell&#8217;ambulanza ha prestato le prime cure per un probabile politrauma. Successivamente, il 30enne \u00e8 stato imbarellato e trasportato fino all&#8217;ambulanza. Da l\u00ec \u00e8 stato trasferito con urgenza nell&#8217;elicottero, che attendeva sulla statale, per essere poi decollato in direzione dell&#8217;ospedale di Treviso. La presenza di una squadra del Soccorso alpino di Agordo ha contribuito all&#8217;efficacia dell&#8217;operazione di salvataggio. Grazie alla tempestivit\u00e0 e alla coordinazione delle diverse squadre di soccorso, \u00e8 stata evitata una potenziale tragedia, e il boscaiolo \u00e8 stato trasferito in ospedale per ricevere ulteriori cure e valutazioni mediche.<\/p>\n<\/div>\n<p>____<\/p>\n<\/div>\n<\/div>\n<div class=\"flex justify-between empty:hidden gizmo:justify-start gizmo:gap-3 lg:block gizmo:lg:flex\">\n<div class=\"text-gray-400 flex self-end lg:self-center justify-center gizmo:lg:justify-start mt-2 gizmo:mt-0 visible lg:gap-1 lg:absolute lg:top-0 lg:translate-x-full lg:right-0 lg:mt-0 lg:pl-2 gap-2 md:gap-3\"><\/div>\n<\/div>\n<\/div>\n<\/div>\n<\/div>\n<\/div>\n<\/div>\n<\/div>\n<\/div>\n<\/div>\n<\/div>\n<p>&nbsp;<\/p>\n<p>&nbsp;<\/p>\n<p>*******<\/p>\n","protected":false},"excerpt":{"rendered":"<p>LA VALLE Alle 10.15 di oggi, la Centrale del 118 \u00e8 stata allertata da un collega boscaiolo riguardo a un grave incidente verificatosi in localit\u00e0 Pian de Val. Un boscaiolo di origini rumene, residente a Limana\u00a0 \u00a0si \u00e8 trovato intrappolato nell&#8217;abitacolo della sua jeep, che era uscita di strada. La prontezza di intervento \u00e8 stata&hellip;<\/p>\n","protected":false},"author":4,"featured_media":240314,"comment_status":"closed","ping_status":"closed","sticky":false,"template":"","format":"standard","meta":{"_monsterinsights_skip_tracking":false,"_monsterinsights_sitenote_active":false,"_monsterinsights_sitenote_note":"","_monsterinsights_sitenote_category":0,"footnotes":""},"categories":[51,49],"tags":[],"class_list":["post-360849","post","type-post","status-publish","format-standard","has-post-thumbnail","hentry","category-evidenza-top","category-news-18","category-51","category-49","description-off"],"img_url":"https:\/\/www.radiopiu.net\/wordpress\/wp-content\/uploads\/2021\/11\/44.jpg","_links":{"self":[{"href":"https:\/\/www.radiopiu.net\/wordpress\/wp-json\/wp\/v2\/posts\/360849","targetHints":{"allow":["GET"]}}],"collection":[{"href":"https:\/\/www.radiopiu.net\/wordpress\/wp-json\/wp\/v2\/posts"}],"about":[{"href":"https:\/\/www.radiopiu.net\/wordpress\/wp-json\/wp\/v2\/types\/post"}],"author":[{"embeddable":true,"href":"https:\/\/www.radiopiu.net\/wordpress\/wp-json\/wp\/v2\/users\/4"}],"replies":[{"embeddable":true,"href":"https:\/\/www.radiopiu.net\/wordpress\/wp-json\/wp\/v2\/comments?post=360849"}],"version-history":[{"count":0,"href":"https:\/\/www.radiopiu.net\/wordpress\/wp-json\/wp\/v2\/posts\/360849\/revisions"}],"wp:featuredmedia":[{"embeddable":true,"href":"https:\/\/www.radiopiu.net\/wordpress\/wp-json\/wp\/v2\/media\/240314"}],"wp:attachment":[{"href":"https:\/\/www.radiopiu.net\/wordpress\/wp-json\/wp\/v2\/media?parent=360849"}],"wp:term":[{"taxonomy":"category","embeddable":true,"href":"https:\/\/www.radiopiu.net\/wordpress\/wp-json\/wp\/v2\/categories?post=360849"},{"taxonomy":"post_tag","embeddable":true,"href":"https:\/\/www.radiopiu.net\/wordpress\/wp-json\/wp\/v2\/tags?post=360849"}],"curies":[{"name":"wp","href":"https:\/\/api.w.org\/{rel}","templated":true}]}}