{"id":360875,"date":"2023-11-11T05:55:53","date_gmt":"2023-11-11T04:55:53","guid":{"rendered":"https:\/\/www.radiopiu.net\/wordpress\/?p=360875"},"modified":"2023-11-11T06:09:49","modified_gmt":"2023-11-11T05:09:49","slug":"la-valle-agordina-fuoristrada-finisce-nella-scarpata-nel-bosco-le-foto","status":"publish","type":"post","link":"https:\/\/www.radiopiu.net\/wordpress\/la-valle-agordina-fuoristrada-finisce-nella-scarpata-nel-bosco-le-foto\/","title":{"rendered":"LA VALLE AGORDINA, FUORISTRADA FINISCE NELLA SCARPATA NEL BOSCO- le foto"},"content":{"rendered":"<p><strong><a class=\"dt-pswp-item\" href=\"https:\/\/www.radiopiu.net\/wordpress\/wp-content\/uploads\/2023\/11\/c6a9f98d-7e3c-4eb1-ac0c-4a6c8d55c013.jpg\" data-dt-img-description=\"\" data-large_image_width=\"964\" data-large_image_height=\"694\"><img loading=\"lazy\" decoding=\"async\" class=\"size-medium wp-image-360876 alignleft\" src=\"https:\/\/www.radiopiu.net\/wordpress\/wp-content\/uploads\/2023\/11\/c6a9f98d-7e3c-4eb1-ac0c-4a6c8d55c013-300x216.jpg\" alt=\"\" width=\"300\" height=\"216\" srcset=\"https:\/\/www.radiopiu.net\/wordpress\/wp-content\/uploads\/2023\/11\/c6a9f98d-7e3c-4eb1-ac0c-4a6c8d55c013-300x216.jpg 300w, https:\/\/www.radiopiu.net\/wordpress\/wp-content\/uploads\/2023\/11\/c6a9f98d-7e3c-4eb1-ac0c-4a6c8d55c013-768x553.jpg 768w, https:\/\/www.radiopiu.net\/wordpress\/wp-content\/uploads\/2023\/11\/c6a9f98d-7e3c-4eb1-ac0c-4a6c8d55c013.jpg 964w\" sizes=\"auto, (max-width: 300px) 100vw, 300px\" \/><\/a>LA VALLE<\/strong> Grave incidente\u00a0 in localit\u00e0 Pian de Val. Un boscaiolo di origini rumene residente a Limana\u00a0 si \u00e8 trovato intrappolato nell&#8217;abitacolo della sua jeep, che era uscita di strada. La prontezza di intervento \u00e8 stata fondamentale per evitare conseguenze ancora pi\u00f9 gravi. Sul luogo dell&#8217;incidente, caratterizzato da condizioni meteorologiche avverse e presenza di nebbia, \u00e8 stato dispiegato l&#8217;elicottero del Suem di Pieve di Cadore. Nonostante le difficolt\u00e0, l&#8217;equipaggio composto da personale medico e tecnico di elisoccorso \u00e8 riuscito a raggiungere il boscaiolo, che si trovava circa quindici metri sotto una strada forestale. I Vigili del fuoco hanno estratto l&#8217;infortunato dall&#8217;abitacolo, mentre il personale sanitario dell&#8217;ambulanza ha prestato le prime cure per un probabile politrauma. Successivamente, il 30enne \u00e8 stato imbarellato e trasportato fino all&#8217;ambulanza. Da l\u00ec \u00e8 stato trasferito con urgenza nell&#8217;elicottero, che attendeva sulla statale, per essere poi decollato in direzione dell&#8217;ospedale di Treviso. La presenza di una squadra del Soccorso alpino di Agordo ha contribuito all&#8217;efficacia dell&#8217;operazione di salvataggio. Grazie alla tempestivit\u00e0 e alla coordinazione delle diverse squadre di soccorso, \u00e8 stata evitata una potenziale tragedia, e il boscaiolo \u00e8 stato trasferito in ospedale per ricevere ulteriori cure e valutazioni mediche.<\/p>\n<p>&nbsp;<\/p>\n\n\t\t\t<style type='text\/css'>\n\t\t\t\t#gallery-1 {\n\t\t\t\t\tmargin: auto;\n\t\t\t\t}\n\t\t\t\t#gallery-1 .gallery-item {\n\t\t\t\t\tfloat: left;\n\t\t\t\t\tmargin-top: 10px;\n\t\t\t\t\ttext-align: center;\n\t\t\t\t\twidth: 100%;\n\t\t\t\t}\n\t\t\t\t#gallery-1 img {\n\t\t\t\t\tborder: 2px solid #cfcfcf;\n\t\t\t\t}\n\t\t\t\t#gallery-1 .gallery-caption {\n\t\t\t\t\tmargin-left: 0;\n\t\t\t\t}\n\t\t\t\t\/* see gallery_shortcode() in wp-includes\/media.php *\/\n\t\t\t<\/style>\n\t\t<div id='gallery-1' class='dt-gallery-container gallery galleryid-360875 gallery-columns-1 gallery-size-full'><dl class='gallery-item'>\n\t\t\t\t<dt class='gallery-icon landscape'>\n\t\t\t\t\t<a class=\"rollover rollover-zoom dt-pswp-item\" title=\"c6a9f98d-7e3c-4eb1-ac0c-4a6c8d55c013\" data-dt-img-description=\"\" data-large_image_width=\"964\" data-large_image_height=\"694\"href='https:\/\/www.radiopiu.net\/wordpress\/wp-content\/uploads\/2023\/11\/c6a9f98d-7e3c-4eb1-ac0c-4a6c8d55c013.jpg'><img loading=\"lazy\" decoding=\"async\" width=\"964\" height=\"694\" src=\"https:\/\/www.radiopiu.net\/wordpress\/wp-content\/uploads\/2023\/11\/c6a9f98d-7e3c-4eb1-ac0c-4a6c8d55c013.jpg\" class=\"attachment-full size-full\" alt=\"\" srcset=\"https:\/\/www.radiopiu.net\/wordpress\/wp-content\/uploads\/2023\/11\/c6a9f98d-7e3c-4eb1-ac0c-4a6c8d55c013.jpg 964w, https:\/\/www.radiopiu.net\/wordpress\/wp-content\/uploads\/2023\/11\/c6a9f98d-7e3c-4eb1-ac0c-4a6c8d55c013-300x216.jpg 300w, https:\/\/www.radiopiu.net\/wordpress\/wp-content\/uploads\/2023\/11\/c6a9f98d-7e3c-4eb1-ac0c-4a6c8d55c013-768x553.jpg 768w\" sizes=\"auto, (max-width: 964px) 100vw, 964px\" \/><\/a>\n\t\t\t\t<\/dt><\/dl><br style=\"clear: both\" \/><dl class='gallery-item'>\n\t\t\t\t<dt class='gallery-icon landscape'>\n\t\t\t\t\t<a class=\"rollover rollover-zoom dt-pswp-item\" title=\"20040f71-a873-46ed-8da1-5d1ef8f0c26a\" data-dt-img-description=\"\" data-large_image_width=\"964\" data-large_image_height=\"728\"href='https:\/\/www.radiopiu.net\/wordpress\/wp-content\/uploads\/2023\/11\/20040f71-a873-46ed-8da1-5d1ef8f0c26a.jpg'><img loading=\"lazy\" decoding=\"async\" width=\"964\" height=\"728\" src=\"https:\/\/www.radiopiu.net\/wordpress\/wp-content\/uploads\/2023\/11\/20040f71-a873-46ed-8da1-5d1ef8f0c26a.jpg\" class=\"attachment-full size-full\" alt=\"\" srcset=\"https:\/\/www.radiopiu.net\/wordpress\/wp-content\/uploads\/2023\/11\/20040f71-a873-46ed-8da1-5d1ef8f0c26a.jpg 964w, https:\/\/www.radiopiu.net\/wordpress\/wp-content\/uploads\/2023\/11\/20040f71-a873-46ed-8da1-5d1ef8f0c26a-300x227.jpg 300w, https:\/\/www.radiopiu.net\/wordpress\/wp-content\/uploads\/2023\/11\/20040f71-a873-46ed-8da1-5d1ef8f0c26a-768x580.jpg 768w\" sizes=\"auto, (max-width: 964px) 100vw, 964px\" \/><\/a>\n\t\t\t\t<\/dt><\/dl><br style=\"clear: both\" \/>\n\t\t\t<\/div>\n\n<p>&nbsp;<\/p>\n<p>&nbsp;<\/p>\n","protected":false},"excerpt":{"rendered":"<p>LA VALLE Grave incidente\u00a0 in localit\u00e0 Pian de Val. Un boscaiolo di origini rumene residente a Limana\u00a0 si \u00e8 trovato intrappolato nell&#8217;abitacolo della sua jeep, che era uscita di strada. La prontezza di intervento \u00e8 stata fondamentale per evitare conseguenze ancora pi\u00f9 gravi. Sul luogo dell&#8217;incidente, caratterizzato da condizioni meteorologiche avverse e presenza di nebbia,&hellip;<\/p>\n","protected":false},"author":4,"featured_media":360876,"comment_status":"closed","ping_status":"closed","sticky":false,"template":"","format":"standard","meta":{"_monsterinsights_skip_tracking":false,"_monsterinsights_sitenote_active":false,"_monsterinsights_sitenote_note":"","_monsterinsights_sitenote_category":0,"footnotes":""},"categories":[51,49],"tags":[],"class_list":["post-360875","post","type-post","status-publish","format-standard","has-post-thumbnail","hentry","category-evidenza-top","category-news-18","category-51","category-49","description-off"],"img_url":"https:\/\/www.radiopiu.net\/wordpress\/wp-content\/uploads\/2023\/11\/c6a9f98d-7e3c-4eb1-ac0c-4a6c8d55c013.jpg","_links":{"self":[{"href":"https:\/\/www.radiopiu.net\/wordpress\/wp-json\/wp\/v2\/posts\/360875","targetHints":{"allow":["GET"]}}],"collection":[{"href":"https:\/\/www.radiopiu.net\/wordpress\/wp-json\/wp\/v2\/posts"}],"about":[{"href":"https:\/\/www.radiopiu.net\/wordpress\/wp-json\/wp\/v2\/types\/post"}],"author":[{"embeddable":true,"href":"https:\/\/www.radiopiu.net\/wordpress\/wp-json\/wp\/v2\/users\/4"}],"replies":[{"embeddable":true,"href":"https:\/\/www.radiopiu.net\/wordpress\/wp-json\/wp\/v2\/comments?post=360875"}],"version-history":[{"count":0,"href":"https:\/\/www.radiopiu.net\/wordpress\/wp-json\/wp\/v2\/posts\/360875\/revisions"}],"wp:featuredmedia":[{"embeddable":true,"href":"https:\/\/www.radiopiu.net\/wordpress\/wp-json\/wp\/v2\/media\/360876"}],"wp:attachment":[{"href":"https:\/\/www.radiopiu.net\/wordpress\/wp-json\/wp\/v2\/media?parent=360875"}],"wp:term":[{"taxonomy":"category","embeddable":true,"href":"https:\/\/www.radiopiu.net\/wordpress\/wp-json\/wp\/v2\/categories?post=360875"},{"taxonomy":"post_tag","embeddable":true,"href":"https:\/\/www.radiopiu.net\/wordpress\/wp-json\/wp\/v2\/tags?post=360875"}],"curies":[{"name":"wp","href":"https:\/\/api.w.org\/{rel}","templated":true}]}}