{"id":360891,"date":"2023-11-11T05:50:41","date_gmt":"2023-11-11T04:50:41","guid":{"rendered":"https:\/\/www.radiopiu.net\/wordpress\/?p=360891"},"modified":"2023-11-11T06:15:36","modified_gmt":"2023-11-11T05:15:36","slug":"alano-di-piave-cane-rimasto-bloccato-su-uno-sperone-di-roccia-salvato-con-lelicottero","status":"publish","type":"post","link":"https:\/\/www.radiopiu.net\/wordpress\/alano-di-piave-cane-rimasto-bloccato-su-uno-sperone-di-roccia-salvato-con-lelicottero\/","title":{"rendered":"IL SALVATAGGIO ECCEZIONALE DI FLO: L&#8217;ELICOTTERO DRAGO 149 INTERVIENE PER UN CANE IN DIFFICOLT\u00c0"},"content":{"rendered":"<blockquote><p><em>Un incrocio tra il coraggio dei vigili del fuoco e l&#8217;efficienza dell&#8217;elicottero Drago 149 salva Flo, un cane di media taglia, intrappolato su una parete rocciosa in Val Bulera, vicino a &#8220;Ponte della Stua&#8221; nel comune di Alano di Piave.<\/em><\/p><\/blockquote>\n<p>&nbsp;<\/p>\n<p><strong>ALANO DI PIAVE Nel<\/strong> pomeriggio, il proprietario di Flo ha lanciato l&#8217;allarme dopo aver perso il controllo del suo animale, che inseguito da un animale selvatico \u00e8 finito\u00a0 in una situazione critica sulla roccia. I vigili del fuoco, con il supporto del personale di Feltre e dei volontari del Basso Feltrino, hanno tentato di raggiungere il cane dal sentiero, ma l&#8217;impresa si \u00e8 rivelata impossibile. Di fronte a tale ostacolo, i soccorritori si sono calati lungo la parete rocciosa, raggiungendo Flo con successo. Tuttavia, constatando la pericolosit\u00e0 di recuperare l&#8217;animale dall&#8217;alto o di calarlo lungo la parete, \u00e8 stato richiesto l&#8217;intervento dell&#8217;elicottero Drago 149. Un elisoccorritore \u00e8 sceso dall&#8217;elicottero, ha preso Flo a bordo e l&#8217;ha riportato sano e salvo dal felice proprietario. Un salvataggio straordinario che ha dimostrato la perfetta sinergia tra le forze di soccorso a terra e le risorse aeree, sottolineando ancora una volta l&#8217;importanza della prontezza e della cooperazione nelle situazioni di emergenza.<\/p>\n<div class=\"flex-1 overflow-hidden\">\n<div class=\"react-scroll-to-bottom--css-rzqmm-79elbk h-full\">\n<div class=\"react-scroll-to-bottom--css-rzqmm-1n7m0yu\">\n<div class=\"flex flex-col text-sm gizmo:pb-9 dark:bg-gray-800 gizmo:dark:bg-transparent\">\n<div class=\"group w-full text-token-text-primary border-b border-black\/10 gizmo:border-0 dark:border-gray-900\/50 gizmo:dark:border-0 bg-gray-50 gizmo:bg-transparent dark:bg-[#444654] gizmo:dark:bg-transparent\" data-testid=\"conversation-turn-13\">\n<div class=\"p-4 gizmo:py-2 justify-center text-base md:gap-6 md:py-6 m-auto\">\n<div class=\"flex flex-1 gap-4 text-base mx-auto md:gap-6 gizmo:gap-3 gizmo:md:px-5 gizmo:lg:px-1 gizmo:xl:px-5 md:max-w-2xl lg:max-w-[38rem] gizmo:md:max-w-3xl gizmo:lg:max-w-[40rem] gizmo:xl:max-w-[48rem] xl:max-w-3xl }\">\n<div class=\"relative flex w-[calc(100%-50px)] flex-col gizmo:w-full lg:w-[calc(100%-115px)] agent-turn\">\n<div class=\"flex-col gap-1 md:gap-3\">\n<div class=\"flex justify-between empty:hidden gizmo:justify-start gizmo:gap-3 lg:block gizmo:lg:flex\"><\/div>\n<\/div>\n<\/div>\n<\/div>\n<\/div>\n<\/div>\n<\/div>\n<\/div>\n<\/div>\n<\/div>\n<p>&nbsp;<\/p>\n<div style=\"width: 1200px;\" class=\"wp-video\"><video class=\"wp-video-shortcode\" id=\"video-360891-1\" width=\"1200\" height=\"675\" preload=\"metadata\" controls=\"controls\"><source type=\"video\/mp4\" src=\"https:\/\/www.radiopiu.net\/wordpress\/wp-content\/uploads\/2023\/11\/WhatsApp-Video-2023-11-10-at-18.04.41.mp4?_=1\" \/><a href=\"https:\/\/www.radiopiu.net\/wordpress\/wp-content\/uploads\/2023\/11\/WhatsApp-Video-2023-11-10-at-18.04.41.mp4\">https:\/\/www.radiopiu.net\/wordpress\/wp-content\/uploads\/2023\/11\/WhatsApp-Video-2023-11-10-at-18.04.41.mp4<\/a><\/video><\/div>\n<p>&nbsp;<\/p>\n<p>&nbsp;<\/p>\n<hr \/>\n<p>&nbsp;<\/p>\n","protected":false},"excerpt":{"rendered":"<p>Un incrocio tra il coraggio dei vigili del fuoco e l&#8217;efficienza dell&#8217;elicottero Drago 149 salva Flo, un cane di media taglia, intrappolato su una parete rocciosa in Val Bulera, vicino a &#8220;Ponte della Stua&#8221; nel comune di Alano di Piave. &nbsp; ALANO DI PIAVE Nel pomeriggio, il proprietario di Flo ha lanciato l&#8217;allarme dopo aver&hellip;<\/p>\n","protected":false},"author":4,"featured_media":222521,"comment_status":"closed","ping_status":"closed","sticky":false,"template":"","format":"standard","meta":{"_monsterinsights_skip_tracking":false,"_monsterinsights_sitenote_active":false,"_monsterinsights_sitenote_note":"","_monsterinsights_sitenote_category":0,"footnotes":""},"categories":[51,49],"tags":[],"class_list":["post-360891","post","type-post","status-publish","format-standard","has-post-thumbnail","hentry","category-evidenza-top","category-news-18","category-51","category-49","description-off"],"img_url":"https:\/\/www.radiopiu.net\/wordpress\/wp-content\/uploads\/2021\/07\/8e4cb94c-a1ab-47d4-abfa-bdd930f07a29.jpg","_links":{"self":[{"href":"https:\/\/www.radiopiu.net\/wordpress\/wp-json\/wp\/v2\/posts\/360891","targetHints":{"allow":["GET"]}}],"collection":[{"href":"https:\/\/www.radiopiu.net\/wordpress\/wp-json\/wp\/v2\/posts"}],"about":[{"href":"https:\/\/www.radiopiu.net\/wordpress\/wp-json\/wp\/v2\/types\/post"}],"author":[{"embeddable":true,"href":"https:\/\/www.radiopiu.net\/wordpress\/wp-json\/wp\/v2\/users\/4"}],"replies":[{"embeddable":true,"href":"https:\/\/www.radiopiu.net\/wordpress\/wp-json\/wp\/v2\/comments?post=360891"}],"version-history":[{"count":0,"href":"https:\/\/www.radiopiu.net\/wordpress\/wp-json\/wp\/v2\/posts\/360891\/revisions"}],"wp:featuredmedia":[{"embeddable":true,"href":"https:\/\/www.radiopiu.net\/wordpress\/wp-json\/wp\/v2\/media\/222521"}],"wp:attachment":[{"href":"https:\/\/www.radiopiu.net\/wordpress\/wp-json\/wp\/v2\/media?parent=360891"}],"wp:term":[{"taxonomy":"category","embeddable":true,"href":"https:\/\/www.radiopiu.net\/wordpress\/wp-json\/wp\/v2\/categories?post=360891"},{"taxonomy":"post_tag","embeddable":true,"href":"https:\/\/www.radiopiu.net\/wordpress\/wp-json\/wp\/v2\/tags?post=360891"}],"curies":[{"name":"wp","href":"https:\/\/api.w.org\/{rel}","templated":true}]}}