{"id":360927,"date":"2023-11-11T05:53:31","date_gmt":"2023-11-11T04:53:31","guid":{"rendered":"https:\/\/www.radiopiu.net\/wordpress\/?p=360927"},"modified":"2023-11-11T07:54:31","modified_gmt":"2023-11-11T06:54:31","slug":"togli-i-servizi-e-incasini-unintera-vallata-non-solo-il-capoluogo","status":"publish","type":"post","link":"https:\/\/www.radiopiu.net\/wordpress\/togli-i-servizi-e-incasini-unintera-vallata-non-solo-il-capoluogo\/","title":{"rendered":"TOGLI I SERVIZI E &#8220;INCASINI&#8221; UN&#8217;INTERA VALLATA NON SOLO IL CAPOLUOGO"},"content":{"rendered":"<blockquote>\n<h3>DOLOMITIBUS, PROBLEMA RISOLTO E FINE DELLE CRITICHE ALL&#8217;AZIENDA\u00a0 BELLUNESE<\/h3>\n<\/blockquote>\n<p><strong><img loading=\"lazy\" decoding=\"async\" class=\"alignleft\" src=\"https:\/\/www.radiopiu.net\/wordpress\/wp-content\/uploads\/2020\/06\/80c303ed-9a2e-49f0-8b20-3dd5e061bbf3.jpg\" width=\"183\" height=\"137\" \/>BELLUNO <\/strong>Dopo la manifestazione di Belluno il problema, perch\u00e8 di problema si tratta, della Dolomitibus \u00e8 scomparso. C&#8217;\u00e8 altro a cui pensare e chi rimane a piedi&#8230;si arrangi. Sono state tagliate una cinquantina di corse, la maggior parte nel capoluogo ma nessuno dice pi\u00f9 nulla. Ovvero, il taglio \u00e8 diventato strutturale, cronico, quotidiano. Il nuovo orario\u00a0 entrer\u00e0 in vigore luned\u00ec e prevede il taglio di 47 corse: 22 riguardano il servizio di trasporto urbano di Belluno\u00a0 25 le corse extraurbane\u00a0 soprattutto nello Zoldano, in Cadore e in Agordino. &#8220;Non lasceremo nessuno studente o lavoratore a piedi&#8221; ma centinaia di lavoratori vengono lasciati tutti i giorni a piedi&#8230; nei parcheggi attorno ad Agordo, perch\u00e9 \u00e8 stato scelto univocamente di tagliare il servizio delle navette <em>incasinando*<\/em> il capoluogo di vallata. Ma questo \u00e8 solo un esempio, ripetutamente piovono le critiche anche sulle linee inesistenti nei giorni in cui Luxottica \u00e8 chiusa,\u00a0 un non biglietto da visita per una provincia dedita anche al turismo.<\/p>\n<p><em>*Il termine &#8220;incasinare&#8221; \u00e8 un&#8217;espressione colloquiale in italiano e pu\u00f2 avere diversi significati a seconda del contesto. Di solito, si tratta di un termine informale che indica un disordine, un caos o una situazione confusa. Ad esempio, se qualcuno dice &#8220;ho incasinato tutto&#8221;, significa che ha creato una situazione complicata o confusa. Pu\u00f2 essere utilizzato anche in modo pi\u00f9 generico per descrivere situazioni o cose disordinate e disorganizzate. In alcuni contesti informali, pu\u00f2 anche essere usato per riferirsi a problemi o difficolt\u00e0, il nostro caso.<\/em><\/p>\n<blockquote><p>&nbsp;<\/p>\n<p>&nbsp;<\/p>\n<p>&nbsp;<\/p><\/blockquote>\n<blockquote>\n<h3>VENERDI&#8217; LO SCIOPERO NAZIONALE DEI TRASPORTI<\/h3>\n<\/blockquote>\n<p><strong>REDAZIONE<\/strong> Venerd\u00ec \u00e8 in programma lo sciopero generale di tutti i trasporti pubblici e privati. Le Segreterie Territoriali FILT-CGIL e UILTRASPORTI hanno dato comunicazione di adesione allo stesso e nell\u2019ambito della rete servita dalle linee della Dolomiti Bus S.p.A., l\u2019accordo aziendale attuativo in materia di prestazioni minime. <strong>PREVEDE LA GARANZIA DEL SERVIZIO NELLE SEGUENTI FASCE ORARIE DALLE ORE 5:40 ALLE ORE 8:09 e DALLE ORE 12:10 ALLE ORE 15:39.<\/strong> Dolomiti Bus S.p.A. precisa che le corse in partenza prima dell\u2019inizio dello sciopero verranno effettuate regolarmente e che le stesse, una volta iniziate, proseguiranno sino al capolinea. I servizi verranno ripristinati completamente a partire dal giorno successivo.<\/p>\n<p>&nbsp;<\/p>\n<hr \/>\n<p>&nbsp;<\/p>\n","protected":false},"excerpt":{"rendered":"<p>DOLOMITIBUS, PROBLEMA RISOLTO E FINE DELLE CRITICHE ALL&#8217;AZIENDA\u00a0 BELLUNESE BELLUNO Dopo la manifestazione di Belluno il problema, perch\u00e8 di problema si tratta, della Dolomitibus \u00e8 scomparso. C&#8217;\u00e8 altro a cui pensare e chi rimane a piedi&#8230;si arrangi. Sono state tagliate una cinquantina di corse, la maggior parte nel capoluogo ma nessuno dice pi\u00f9 nulla. Ovvero,&hellip;<\/p>\n","protected":false},"author":4,"featured_media":145520,"comment_status":"closed","ping_status":"closed","sticky":false,"template":"","format":"standard","meta":{"_monsterinsights_skip_tracking":false,"_monsterinsights_sitenote_active":false,"_monsterinsights_sitenote_note":"","_monsterinsights_sitenote_category":0,"footnotes":""},"categories":[104,49],"tags":[],"class_list":["post-360927","post","type-post","status-publish","format-standard","has-post-thumbnail","hentry","category-evidenza_3","category-news-18","category-104","category-49","description-off"],"img_url":"https:\/\/www.radiopiu.net\/wordpress\/wp-content\/uploads\/2020\/06\/80c303ed-9a2e-49f0-8b20-3dd5e061bbf3.jpg","_links":{"self":[{"href":"https:\/\/www.radiopiu.net\/wordpress\/wp-json\/wp\/v2\/posts\/360927","targetHints":{"allow":["GET"]}}],"collection":[{"href":"https:\/\/www.radiopiu.net\/wordpress\/wp-json\/wp\/v2\/posts"}],"about":[{"href":"https:\/\/www.radiopiu.net\/wordpress\/wp-json\/wp\/v2\/types\/post"}],"author":[{"embeddable":true,"href":"https:\/\/www.radiopiu.net\/wordpress\/wp-json\/wp\/v2\/users\/4"}],"replies":[{"embeddable":true,"href":"https:\/\/www.radiopiu.net\/wordpress\/wp-json\/wp\/v2\/comments?post=360927"}],"version-history":[{"count":0,"href":"https:\/\/www.radiopiu.net\/wordpress\/wp-json\/wp\/v2\/posts\/360927\/revisions"}],"wp:featuredmedia":[{"embeddable":true,"href":"https:\/\/www.radiopiu.net\/wordpress\/wp-json\/wp\/v2\/media\/145520"}],"wp:attachment":[{"href":"https:\/\/www.radiopiu.net\/wordpress\/wp-json\/wp\/v2\/media?parent=360927"}],"wp:term":[{"taxonomy":"category","embeddable":true,"href":"https:\/\/www.radiopiu.net\/wordpress\/wp-json\/wp\/v2\/categories?post=360927"},{"taxonomy":"post_tag","embeddable":true,"href":"https:\/\/www.radiopiu.net\/wordpress\/wp-json\/wp\/v2\/tags?post=360927"}],"curies":[{"name":"wp","href":"https:\/\/api.w.org\/{rel}","templated":true}]}}