{"id":360930,"date":"2023-11-11T05:56:24","date_gmt":"2023-11-11T04:56:24","guid":{"rendered":"https:\/\/www.radiopiu.net\/wordpress\/?p=360930"},"modified":"2023-11-11T06:08:54","modified_gmt":"2023-11-11T05:08:54","slug":"tragedia-a-mares-investita-e-uccisa-zaira-bogo-73-anni-sullattraversamento-pedonale","status":"publish","type":"post","link":"https:\/\/www.radiopiu.net\/wordpress\/tragedia-a-mares-investita-e-uccisa-zaira-bogo-73-anni-sullattraversamento-pedonale\/","title":{"rendered":"Tragedia a Mares: Investita e Uccisa Zaira Bogo, 73 Anni, Sull&#8217;Attraversamento Pedonale"},"content":{"rendered":"<p><strong><img loading=\"lazy\" decoding=\"async\" class=\"alignleft\" src=\"https:\/\/www.radiopiu.net\/wordpress\/wp-content\/uploads\/2023\/11\/Senza-nome-65.png\" width=\"121\" height=\"141\" \/>BELLUNO <\/strong>Zaira Bogo, 73 anni, figura amata a Mares per la sua umanit\u00e0 e simpatia, \u00e8 stata tragicamente investita sulla strisce pedonali. L&#8217;incidente \u00e8 avvenuto mentre rientrava a casa dopo la spesa, causando un politrauma fatale nonostante il conducente dell&#8217;auto non stesse viaggiando a velocit\u00e0 elevata. Zaira, moglie di Armando Clerici e madre di tre figli, era in pensione e si godeva la sua meritata tranquillit\u00e0. L&#8217;incidente ha suscitato dolore e sgomento nella comunit\u00e0 di Mares. L&#8217;autorit\u00e0 giudiziaria ha aperto un fascicolo per omicidio stradale nei confronti del conducente dell&#8217;utilitaria, sottoposto a controlli di legge e molto addolorato. La salma di Zaira Bogo \u00e8 ancora sotto l&#8217;autorit\u00e0 giudiziaria, in attesa del nulla osta per i funerali. La comunit\u00e0 si prepara a dare l&#8217;ultimo saluto a Zaira, che riposer\u00e0 nella chiesa di San Pietro a Salce, come da sua volont\u00e0.<\/p>\n<div class=\"flex-1 overflow-hidden\">\n<div class=\"react-scroll-to-bottom--css-rzqmm-79elbk h-full\">\n<div class=\"react-scroll-to-bottom--css-rzqmm-1n7m0yu\">\n<div class=\"flex flex-col text-sm gizmo:pb-9 dark:bg-gray-800 gizmo:dark:bg-transparent\">\n<div class=\"group w-full text-token-text-primary border-b border-black\/10 gizmo:border-0 dark:border-gray-900\/50 gizmo:dark:border-0 bg-gray-50 gizmo:bg-transparent dark:bg-[#444654] gizmo:dark:bg-transparent\" data-testid=\"conversation-turn-21\">\n<div class=\"p-4 gizmo:py-2 justify-center text-base md:gap-6 md:py-6 m-auto\">\n<div class=\"flex flex-1 gap-4 text-base mx-auto md:gap-6 gizmo:gap-3 gizmo:md:px-5 gizmo:lg:px-1 gizmo:xl:px-5 md:max-w-2xl lg:max-w-[38rem] gizmo:md:max-w-3xl gizmo:lg:max-w-[40rem] gizmo:xl:max-w-[48rem] xl:max-w-3xl }\">\n<div class=\"relative flex w-[calc(100%-50px)] flex-col gizmo:w-full lg:w-[calc(100%-115px)] agent-turn\">\n<div class=\"flex-col gap-1 md:gap-3\">\n<div class=\"flex justify-between empty:hidden gizmo:justify-start gizmo:gap-3 lg:block gizmo:lg:flex\"><\/div>\n<\/div>\n<\/div>\n<\/div>\n<\/div>\n<\/div>\n<\/div>\n<\/div>\n<\/div>\n<\/div>\n<div class=\"w-full pt-2 md:pt-0 border-t md:border-t-0 gizmo:border-t-0 dark:border-white\/20 md:border-transparent md:dark:border-transparent md:pl-2 gizmo:pl-0 gizmo:md:pl-0 md:w-[calc(100%-.5rem)] absolute bottom-0 left-0 md:bg-vert-light-gradient bg-white dark:bg-gray-800 md:!bg-transparent dark:md:bg-vert-dark-gradient\">\n<form class=\"stretch mx-2 flex flex-row gap-3 last:mb-2 md:mx-4 md:last:mb-6 lg:mx-auto lg:max-w-2xl xl:max-w-3xl\">\n<div class=\"relative flex h-full flex-1 items-stretch md:flex-col\">\n<div>\n<div class=\"h-full flex ml-1 md:w-full md:m-auto md:mb-4 gap-0 md:gap-2 justify-center\"><strong>FOTO CORRIERE DELLE ALPI<\/strong><\/div>\n<\/div>\n<\/div>\n<div><\/div>\n<div>\n<p>IERI SERA DAL TG DEI BELLUNESI SU ANTENNA 3, IN TUTTA LA PROVINCIA\u00a0 SUL CANALE 10 DEL DIGITALE TERRESTRE, DAL LUNEDI AL SABATO IL TG DELLE 19.30 E ALLE 19 LE ANTICIPAZIONI ALLA RADIO<\/p>\n<p>DI TIZIANA BOLOGNANI<\/p>\n<p><iframe loading=\"lazy\" title=\"INVESTITA DA UN&#039;AUTO, 73ENNE MUORE ALL&#039;OSPEDALE | 10\/11\/2023\" width=\"1200\" height=\"675\" src=\"https:\/\/www.youtube.com\/embed\/ywqWx5NfI5E?start=1&#038;feature=oembed\" frameborder=\"0\" allow=\"accelerometer; autoplay; clipboard-write; encrypted-media; gyroscope; picture-in-picture; web-share\" allowfullscreen><\/iframe><\/p>\n<p>&nbsp;<\/p>\n<p>&nbsp;<\/p>\n<\/div>\n<div>\n<hr \/>\n<\/div>\n<\/form>\n<\/div>\n","protected":false},"excerpt":{"rendered":"<p>BELLUNO Zaira Bogo, 73 anni, figura amata a Mares per la sua umanit\u00e0 e simpatia, \u00e8 stata tragicamente investita sulla strisce pedonali. L&#8217;incidente \u00e8 avvenuto mentre rientrava a casa dopo la spesa, causando un politrauma fatale nonostante il conducente dell&#8217;auto non stesse viaggiando a velocit\u00e0 elevata. Zaira, moglie di Armando Clerici e madre di tre&hellip;<\/p>\n","protected":false},"author":4,"featured_media":360929,"comment_status":"closed","ping_status":"closed","sticky":false,"template":"","format":"standard","meta":{"_monsterinsights_skip_tracking":false,"_monsterinsights_sitenote_active":false,"_monsterinsights_sitenote_note":"","_monsterinsights_sitenote_category":0,"footnotes":""},"categories":[51,49],"tags":[],"class_list":["post-360930","post","type-post","status-publish","format-standard","has-post-thumbnail","hentry","category-evidenza-top","category-news-18","category-51","category-49","description-off"],"img_url":"https:\/\/www.radiopiu.net\/wordpress\/wp-content\/uploads\/2023\/11\/Senza-nome-65.png","_links":{"self":[{"href":"https:\/\/www.radiopiu.net\/wordpress\/wp-json\/wp\/v2\/posts\/360930","targetHints":{"allow":["GET"]}}],"collection":[{"href":"https:\/\/www.radiopiu.net\/wordpress\/wp-json\/wp\/v2\/posts"}],"about":[{"href":"https:\/\/www.radiopiu.net\/wordpress\/wp-json\/wp\/v2\/types\/post"}],"author":[{"embeddable":true,"href":"https:\/\/www.radiopiu.net\/wordpress\/wp-json\/wp\/v2\/users\/4"}],"replies":[{"embeddable":true,"href":"https:\/\/www.radiopiu.net\/wordpress\/wp-json\/wp\/v2\/comments?post=360930"}],"version-history":[{"count":0,"href":"https:\/\/www.radiopiu.net\/wordpress\/wp-json\/wp\/v2\/posts\/360930\/revisions"}],"wp:featuredmedia":[{"embeddable":true,"href":"https:\/\/www.radiopiu.net\/wordpress\/wp-json\/wp\/v2\/media\/360929"}],"wp:attachment":[{"href":"https:\/\/www.radiopiu.net\/wordpress\/wp-json\/wp\/v2\/media?parent=360930"}],"wp:term":[{"taxonomy":"category","embeddable":true,"href":"https:\/\/www.radiopiu.net\/wordpress\/wp-json\/wp\/v2\/categories?post=360930"},{"taxonomy":"post_tag","embeddable":true,"href":"https:\/\/www.radiopiu.net\/wordpress\/wp-json\/wp\/v2\/tags?post=360930"}],"curies":[{"name":"wp","href":"https:\/\/api.w.org\/{rel}","templated":true}]}}