{"id":360933,"date":"2023-11-11T05:57:24","date_gmt":"2023-11-11T04:57:24","guid":{"rendered":"https:\/\/www.radiopiu.net\/wordpress\/?p=360933"},"modified":"2023-11-11T06:07:28","modified_gmt":"2023-11-11T05:07:28","slug":"rinviato-a-giudizio-il-padre-che-maltrattava-la-figlia-accuse-gravi-e-testimonianze-shock","status":"publish","type":"post","link":"https:\/\/www.radiopiu.net\/wordpress\/rinviato-a-giudizio-il-padre-che-maltrattava-la-figlia-accuse-gravi-e-testimonianze-shock\/","title":{"rendered":"RINVIATO A GIUDIZIO IL PADRE CHE MALTRATTAVA LA FIGLIA: ACCUSE GRAVI E TESTIMONIANZE SHOCK"},"content":{"rendered":"<blockquote><p><em>Il giornalista Gigi Sosso del Corriere delle Alpi riporta il caso di un padre della Valbelluna accusato di maltrattamenti aggravati verso la figlia<\/em><\/p><\/blockquote>\n<p><strong><img loading=\"lazy\" decoding=\"async\" class=\"alignleft\" src=\"https:\/\/www.radiopiu.net\/wordpress\/wp-content\/uploads\/2021\/09\/tribunale-belluno.jpg\" width=\"197\" height=\"131\" \/>BELLUNO<\/strong> Maltratta la figlia fino a cospargerla di vermi mentre dorme: un padre della Valbelluna a processo. Il\u00a0 Corriere delle Alpi riporta il grave caso di maltrattamenti in famiglia. Il padre, gi\u00e0 noto per il suo eccessivo consumo di alcolici, \u00e8 accusato di comportamenti violenti e minacce di morte rivolte alla figlia vulnerabile, con invalidit\u00e0 al 100 per cento. I fatti contestati includono bastonate, pugni, minacce di annegamento e taglio della gola, nonch\u00e9 il repellente gesto di cospargere la figlia di vermi mentre dormiva. La donna ha denunciato il padre lo scorso febbraio, dando il via a un procedimento penale che ora va a processo. La fase preliminare ha raccolto testimonianze shock da parte di parenti e vicini, e il giudice ha deciso il rinvio a giudizio. Il processo, nei prossimi mesi, vedr\u00e0 la ricostruzione dei terribili episodi, con la possibile audizione della parte offesa e la difesa dell&#8217;imputato che potrebbe optare per un rito alternativo.<\/p>\n<p>&nbsp;<\/p>\n<p>&nbsp;<\/p>\n<hr \/>\n<p>&nbsp;<\/p>\n","protected":false},"excerpt":{"rendered":"<p>Il giornalista Gigi Sosso del Corriere delle Alpi riporta il caso di un padre della Valbelluna accusato di maltrattamenti aggravati verso la figlia BELLUNO Maltratta la figlia fino a cospargerla di vermi mentre dorme: un padre della Valbelluna a processo. Il\u00a0 Corriere delle Alpi riporta il grave caso di maltrattamenti in famiglia. Il padre, gi\u00e0&hellip;<\/p>\n","protected":false},"author":4,"featured_media":232453,"comment_status":"closed","ping_status":"closed","sticky":false,"template":"","format":"standard","meta":{"_monsterinsights_skip_tracking":false,"_monsterinsights_sitenote_active":false,"_monsterinsights_sitenote_note":"","_monsterinsights_sitenote_category":0,"footnotes":""},"categories":[51,49],"tags":[],"class_list":["post-360933","post","type-post","status-publish","format-standard","has-post-thumbnail","hentry","category-evidenza-top","category-news-18","category-51","category-49","description-off"],"img_url":"https:\/\/www.radiopiu.net\/wordpress\/wp-content\/uploads\/2021\/09\/tribunale-belluno.jpg","_links":{"self":[{"href":"https:\/\/www.radiopiu.net\/wordpress\/wp-json\/wp\/v2\/posts\/360933","targetHints":{"allow":["GET"]}}],"collection":[{"href":"https:\/\/www.radiopiu.net\/wordpress\/wp-json\/wp\/v2\/posts"}],"about":[{"href":"https:\/\/www.radiopiu.net\/wordpress\/wp-json\/wp\/v2\/types\/post"}],"author":[{"embeddable":true,"href":"https:\/\/www.radiopiu.net\/wordpress\/wp-json\/wp\/v2\/users\/4"}],"replies":[{"embeddable":true,"href":"https:\/\/www.radiopiu.net\/wordpress\/wp-json\/wp\/v2\/comments?post=360933"}],"version-history":[{"count":0,"href":"https:\/\/www.radiopiu.net\/wordpress\/wp-json\/wp\/v2\/posts\/360933\/revisions"}],"wp:featuredmedia":[{"embeddable":true,"href":"https:\/\/www.radiopiu.net\/wordpress\/wp-json\/wp\/v2\/media\/232453"}],"wp:attachment":[{"href":"https:\/\/www.radiopiu.net\/wordpress\/wp-json\/wp\/v2\/media?parent=360933"}],"wp:term":[{"taxonomy":"category","embeddable":true,"href":"https:\/\/www.radiopiu.net\/wordpress\/wp-json\/wp\/v2\/categories?post=360933"},{"taxonomy":"post_tag","embeddable":true,"href":"https:\/\/www.radiopiu.net\/wordpress\/wp-json\/wp\/v2\/tags?post=360933"}],"curies":[{"name":"wp","href":"https:\/\/api.w.org\/{rel}","templated":true}]}}