{"id":360962,"date":"2023-11-11T07:55:42","date_gmt":"2023-11-11T06:55:42","guid":{"rendered":"https:\/\/www.radiopiu.net\/wordpress\/?p=360962"},"modified":"2023-11-11T08:01:57","modified_gmt":"2023-11-11T07:01:57","slug":"e-dopo-la-anticipazioni-delle-sette-per-chi-va-di-fretta-la-rassegna-stampa-locale-delle-otto-dal-1983-loriginale","status":"publish","type":"post","link":"https:\/\/www.radiopiu.net\/wordpress\/e-dopo-la-anticipazioni-delle-sette-per-chi-va-di-fretta-la-rassegna-stampa-locale-delle-otto-dal-1983-loriginale\/","title":{"rendered":"E DOPO LA ANTICIPAZIONI DELLE SETTE&#8230; PER CHI VA DI FRETTA, LA RASSEGNA STAMPA LOCALE DELLE OTTO, DAL 1983 L&#8217;ORIGINALE!"},"content":{"rendered":"<p><iframe loading=\"lazy\" title=\"E DOPO LA ANTICIPAZIONI DELLE SETTE... PER CHI VA DI FRETTA, LA RASSEGNA STAMPA LOCALE DELLE OTTO, D\" width=\"1200\" height=\"675\" src=\"https:\/\/www.youtube.com\/embed\/MccQjIbAKRI?feature=oembed\" frameborder=\"0\" allow=\"accelerometer; autoplay; clipboard-write; encrypted-media; gyroscope; picture-in-picture; web-share\" allowfullscreen><\/iframe><\/p>\n<p>&nbsp;<\/p>\n<p>&nbsp;<\/p>\n<p>&nbsp;<\/p>\n<p>DOLOMITIBUS, PROBLEMA RISOLTO E FINE DELLE CRITICHE ALL\u2019AZIENDA BELLUNESE<br \/>\nBELLUNO Sono state tagliate una cinquantina di corse, la maggior parte nel capoluogo. Ovvero, il taglio \u00e8 diventato strutturale, cronico, quotidiano. Il nuovo orario entrer\u00e0 in vigore luned\u00ec e prevede il taglio di 47 corse<br \/>\nVENERDI\u2019 LO SCIOPERO NAZIONALE DEI TRASPORTI<br \/>\nDI FRODE IN FRODE\u2026 ATTENZIONE AI FAKE A NOME DI POSTE ITALIANE<br \/>\nLA VALLE Grave incidente\u00a0 in localit\u00e0 Pian de Val. Un boscaiolo di origini rumene residente a Limana\u00a0 si \u00e8 trovato intrappolato nell&#8217;abitacolo della sua jeep, che era uscita di strada.<br \/>\nFELTRE Ancora furti nel feltrino una della zone pi\u00f9 martoriate della provincia. I malviventi arrivano, colpiscono e spariscono, poi non se ne parla pi\u00f9 fino al successivo episodio, oggi. Tra domenica e lunedi i ladri sono entrati in azione, hanno visitato cinque attivit\u00e0 commerciali<br \/>\nBELLUNO Maltratta la figlia fino a cospargerla di vermi mentre dorme: un padre della Valbelluna a processo. Il\u00a0 Corriere delle Alpi riporta il grave caso di maltrattamenti in famiglia. Il padre, gi\u00e0 noto per il suo eccessivo consumo di alcolici, \u00e8 accusato di comportamenti violenti e minacce di morte rivolte alla figlia vulnerabile, con invalidit\u00e0 al 100 per cento.<br \/>\nbelluno FUORI PERICOLO IL 17ENNE COLPITO DA MENINGITE<br \/>\nvenezia MENINGITE. DA INIZIO 2023 NOVE CASI IN VENETO<br \/>\nbelluno IL CAMPER &#8220;FUORI POSTO&#8221; PER LA GIORNATA DELL&#8217;INFANZIA a Belluno Promozione dei Diritti dei Bambini organizzata dall&#8217;Ulss Dolomiti<br \/>\nagordo NUOVO CONTRATTO IN LUXOTTICA, ANCHE IERI RIUNIONE FIUME. SI EVINCE CHE LA FUMATA SIA STATA NERA<br \/>\nalano piave IL SALVATAGGIO ECCEZIONALE DI FLO: L&#8217;ELICOTTERO DRAGO 149 INTERVIENE PER UN CANE IN DIFFICOLT\u00c0 Un incrocio tra il coraggio dei vigili del fuoco e l&#8217;efficienza dell&#8217;elicottero Drago 149 salva Flo, un cane di media taglia, intrappolato su una parete rocciosa in Val Bulera, vicino a &#8220;Ponte della Stua&#8221; nel comune di Alano di Piave.<br \/>\nFELTRE Il turismo nel Feltrino \u00e8 in buona salute. Lo confermano i dati, peraltro non ancora completi e definitivi, della tassa di soggiorno relativa ai primi 9 mesi dell&#8217;anno e le indicazioni relative all&#8217;inizio del periodo autunnale.<br \/>\nfodom SENTIERI, LA TABELLAZIONE TRA COLLE, CASTELLO, MONTE PORE E AVERAU<br \/>\nponte nelle alpi Missione di Solidariet\u00e0 in Romania: L&#8217;Associazione Pollicino di Belluno Rinnova la Casa Alloggio con Lavori di Manutenzione e Progetti Futuri<br \/>\nPER AVERE PIU&#8217; FORZA CONTRO LE MAFIE? FARE RETE. LO DICE IL SINDACO DI PREGANZIOL DALLA SALA DON TAMIS<br \/>\nAUSER VENETO: OGGI L&#8217;APERTURA DELL&#8217;ANNO ACCADEMICO A LONGARONE<br \/>\nAGORDO Tornano i cioccolatini della ricerca per sostenere l&#8217;Airc. Oggi dalle 9 alle 12 in Piazza Libert\u00e0 ad Agordo e ad Alleghe. Una confezione regalo con i cioccolatini della prestigiosa marca Venchi<br \/>\nPremio Comunit\u00e0 Forestali Sostenibili PEFC e Legambiente: alla Holzmede di Agordo la menzione speciale per la filiera energetica sostenibile<br \/>\nCERTIFICAZIONE CASA CLIMA PER BLACKFIN<\/p>\n<p>CALCIO AGORDINA IN CASA CON IL CORTINA, IL PIAVE OSPITA IL FORTOGNA<br \/>\nHOCKEY SU GHIACCIO ALLEGHE OSPITE DEI CAMPIONI D&#8217;ITALIA DEL VARESE. FELTRE A<br \/>\nCOMO<br \/>\nPALLAVOLO SB VOLLEY IN TRASFERTA<\/p>\n<p>&nbsp;<\/p>\n<p>&nbsp;<\/p>\n<p>&nbsp;<\/p>\n<p>&nbsp;<\/p>\n","protected":false},"excerpt":{"rendered":"<p>&nbsp; &nbsp; &nbsp; DOLOMITIBUS, PROBLEMA RISOLTO E FINE DELLE CRITICHE ALL\u2019AZIENDA BELLUNESE BELLUNO Sono state tagliate una cinquantina di corse, la maggior parte nel capoluogo. Ovvero, il taglio \u00e8 diventato strutturale, cronico, quotidiano. Il nuovo orario entrer\u00e0 in vigore luned\u00ec e prevede il taglio di 47 corse VENERDI\u2019 LO SCIOPERO NAZIONALE DEI TRASPORTI DI FRODE&hellip;<\/p>\n","protected":false},"author":4,"featured_media":360963,"comment_status":"closed","ping_status":"closed","sticky":false,"template":"","format":"standard","meta":{"_monsterinsights_skip_tracking":false,"_monsterinsights_sitenote_active":false,"_monsterinsights_sitenote_note":"","_monsterinsights_sitenote_category":0,"footnotes":""},"categories":[104,49,142],"tags":[],"class_list":["post-360962","post","type-post","status-publish","format-standard","has-post-thumbnail","hentry","category-evidenza_3","category-news-18","category-rassegna-stampa","category-104","category-49","category-142","description-off"],"img_url":"https:\/\/www.radiopiu.net\/wordpress\/wp-content\/uploads\/2023\/11\/COPERTINA-2.png","_links":{"self":[{"href":"https:\/\/www.radiopiu.net\/wordpress\/wp-json\/wp\/v2\/posts\/360962","targetHints":{"allow":["GET"]}}],"collection":[{"href":"https:\/\/www.radiopiu.net\/wordpress\/wp-json\/wp\/v2\/posts"}],"about":[{"href":"https:\/\/www.radiopiu.net\/wordpress\/wp-json\/wp\/v2\/types\/post"}],"author":[{"embeddable":true,"href":"https:\/\/www.radiopiu.net\/wordpress\/wp-json\/wp\/v2\/users\/4"}],"replies":[{"embeddable":true,"href":"https:\/\/www.radiopiu.net\/wordpress\/wp-json\/wp\/v2\/comments?post=360962"}],"version-history":[{"count":0,"href":"https:\/\/www.radiopiu.net\/wordpress\/wp-json\/wp\/v2\/posts\/360962\/revisions"}],"wp:featuredmedia":[{"embeddable":true,"href":"https:\/\/www.radiopiu.net\/wordpress\/wp-json\/wp\/v2\/media\/360963"}],"wp:attachment":[{"href":"https:\/\/www.radiopiu.net\/wordpress\/wp-json\/wp\/v2\/media?parent=360962"}],"wp:term":[{"taxonomy":"category","embeddable":true,"href":"https:\/\/www.radiopiu.net\/wordpress\/wp-json\/wp\/v2\/categories?post=360962"},{"taxonomy":"post_tag","embeddable":true,"href":"https:\/\/www.radiopiu.net\/wordpress\/wp-json\/wp\/v2\/tags?post=360962"}],"curies":[{"name":"wp","href":"https:\/\/api.w.org\/{rel}","templated":true}]}}