{"id":360998,"date":"2023-11-11T10:37:18","date_gmt":"2023-11-11T09:37:18","guid":{"rendered":"https:\/\/www.radiopiu.net\/wordpress\/?p=360998"},"modified":"2023-11-11T10:37:18","modified_gmt":"2023-11-11T09:37:18","slug":"a-misurina-15-cm-di-neve-fresca-il-bollettino-dolomiti-neve-al-suolo","status":"publish","type":"post","link":"https:\/\/www.radiopiu.net\/wordpress\/a-misurina-15-cm-di-neve-fresca-il-bollettino-dolomiti-neve-al-suolo\/","title":{"rendered":"A MISURINA 15 CM DI NEVE FRESCA. IL BOLLETTINO DOLOMITI NEVE AL SUOLO"},"content":{"rendered":"<p><strong>REDAZIONE<\/strong> E&#8217; stato distribuito da Arpav Dolomiti il nuovo bollettino Neve Al Suolo. Nelle ultime ore la zone dove si \u00e8 registrato il maggior cumulo di neve fresca \u00e8 Monte Piana a Misurina con 15 cm. La zona dove le precipitazioni degli ultimi giorni sono state pi\u00f9 abbondanti \u00e8 Ra Vales a Cortina con un totale di 52 cm di neve.<\/p>\n<p><strong>IL BOLLETTINO DOLOMITI NEVE AL SUOLO<\/strong><\/p>\n<a href=\"https:\/\/www.radiopiu.net\/wordpress\/wp-content\/uploads\/2023\/11\/2023_11_11_Dolomiti-Neve-al-Suolo.pdf\" class=\"pdfemb-viewer\" style=\"\" data-width=\"max\" data-height=\"max\" data-toolbar=\"top\" data-toolbar-fixed=\"on\">2023_11_11_Dolomiti Neve al Suolo<\/a>\n<p>&nbsp;<\/p>\n<p>&nbsp;<\/p>\n<p>*********<\/p>\n","protected":false},"excerpt":{"rendered":"<p>REDAZIONE E&#8217; stato distribuito da Arpav Dolomiti il nuovo bollettino Neve Al Suolo. Nelle ultime ore la zone dove si \u00e8 registrato il maggior cumulo di neve fresca \u00e8 Monte Piana a Misurina con 15 cm. La zona dove le precipitazioni degli ultimi giorni sono state pi\u00f9 abbondanti \u00e8 Ra Vales a Cortina con un&hellip;<\/p>\n","protected":false},"author":4,"featured_media":314773,"comment_status":"closed","ping_status":"closed","sticky":false,"template":"","format":"standard","meta":{"_monsterinsights_skip_tracking":false,"_monsterinsights_sitenote_active":false,"_monsterinsights_sitenote_note":"","_monsterinsights_sitenote_category":0,"footnotes":""},"categories":[49],"tags":[],"class_list":["post-360998","post","type-post","status-publish","format-standard","has-post-thumbnail","hentry","category-news-18","category-49","description-off"],"img_url":"https:\/\/www.radiopiu.net\/wordpress\/wp-content\/uploads\/2023\/01\/Vademecum-neve-mod-2-1-1.jpg","_links":{"self":[{"href":"https:\/\/www.radiopiu.net\/wordpress\/wp-json\/wp\/v2\/posts\/360998","targetHints":{"allow":["GET"]}}],"collection":[{"href":"https:\/\/www.radiopiu.net\/wordpress\/wp-json\/wp\/v2\/posts"}],"about":[{"href":"https:\/\/www.radiopiu.net\/wordpress\/wp-json\/wp\/v2\/types\/post"}],"author":[{"embeddable":true,"href":"https:\/\/www.radiopiu.net\/wordpress\/wp-json\/wp\/v2\/users\/4"}],"replies":[{"embeddable":true,"href":"https:\/\/www.radiopiu.net\/wordpress\/wp-json\/wp\/v2\/comments?post=360998"}],"version-history":[{"count":0,"href":"https:\/\/www.radiopiu.net\/wordpress\/wp-json\/wp\/v2\/posts\/360998\/revisions"}],"wp:featuredmedia":[{"embeddable":true,"href":"https:\/\/www.radiopiu.net\/wordpress\/wp-json\/wp\/v2\/media\/314773"}],"wp:attachment":[{"href":"https:\/\/www.radiopiu.net\/wordpress\/wp-json\/wp\/v2\/media?parent=360998"}],"wp:term":[{"taxonomy":"category","embeddable":true,"href":"https:\/\/www.radiopiu.net\/wordpress\/wp-json\/wp\/v2\/categories?post=360998"},{"taxonomy":"post_tag","embeddable":true,"href":"https:\/\/www.radiopiu.net\/wordpress\/wp-json\/wp\/v2\/tags?post=360998"}],"curies":[{"name":"wp","href":"https:\/\/api.w.org\/{rel}","templated":true}]}}