{"id":361127,"date":"2023-11-12T13:08:12","date_gmt":"2023-11-12T12:08:12","guid":{"rendered":"https:\/\/www.radiopiu.net\/wordpress\/?p=361127"},"modified":"2023-11-12T15:58:38","modified_gmt":"2023-11-12T14:58:38","slug":"per-te-mamma","status":"publish","type":"post","link":"https:\/\/www.radiopiu.net\/wordpress\/per-te-mamma\/","title":{"rendered":"Amore, Gratitudine, e Fede: La Toccante Lettera di Katia alla Madre Dionisia"},"content":{"rendered":"<blockquote><p><em>Katia esprime amore e gratitudine per la madre appena deceduta. Nonostante il dolore, sottolinea la presenza di Dio durante le 72 ore di agonia condivise. Ringrazia suo padre e ricorda la fede trasmessa dalla madre. La lettera riflette sulla serenit\u00e0 della madre durante il periodo difficile e conclude con la gioia di immaginare una festa in cielo in occasione dell&#8217;ultimo saluto.<\/em><\/p><\/blockquote>\n<p>LA LETTERA<\/p>\n<div class=\"moz-text-html\" lang=\"x-unicode\">\n<div dir=\"auto\">\n<div dir=\"auto\"><img loading=\"lazy\" decoding=\"async\" class=\"alignleft\" src=\"https:\/\/www.radiopiu.net\/wordpress\/wp-content\/uploads\/2023\/11\/Senza-nome-66.png\" width=\"413\" height=\"229\" \/>Non pianger\u00f2 la tua assenza mamma, so che ora sei beata in Dio e a Lui sono tanto grata per averti avuta tutto questo tempo.<\/div>\n<div dir=\"auto\">Sei arrivata all&#8217;incontro con lo Sposo con una bella scorta d&#8217;amore, con olio in abbondanza per mantenere accesa la lampada.<\/div>\n<div dir=\"auto\">Nelle 72 ore di agonia che il Signore mi ha dato la grazia di condividere con te, oltre al tuo intenso dolore, abbiamo assaporato la Sua presenza costantemente, nelle tante carezze, nelle lacrime versate, nella musica ascoltata,\u00a0 nelle persone e nei tanti affetti che, passati al tuo capezzale o a distanza perch\u00e9 lontani, hanno rivolto a te una preghiera, uno sguardo d&#8217;amore, di amicizia, di gratitudine.<\/div>\n<div dir=\"auto\">Non dimenticher\u00f2 mai il calore della tua mano, la serenit\u00e0 del tuo viso nonostante tutto quello che stavi vivendo, che tutti insieme stavamo vivendo. Non dimenticher\u00f2 mai l&#8217;amore di mio pap\u00e0 che \u00e9 sempre stato al tuo fianco anche in questi ultimi mesi dove la distanza per raggiungerti non \u00e9 riuscita ad esserne di ostacolo. Verso di te mamma nutro una profonda gratitudine per la fede che mi hai trasmesso, per le preghiere che mi hai insegnato, per avermi detto un giorno di tanti anni fa:&#8221; Ricordati che Ges\u00f9 \u00e9 la Via, la Verit\u00e0 e la Vita. Con Lui non devi temere nulla.&#8221; Il giorno dell&#8217;ultimo saluto c&#8217;era festa grande in cielo ed \u00e9 per questo che non posso che essere nella gioia ed \u00e9 per questo che non pianger\u00f2 la tua assenza mamma.<\/div>\n<div dir=\"auto\">Con riconoscenza e amore Katia<\/div>\n<div dir=\"auto\"><\/div>\n<div dir=\"auto\"><\/div>\n<div dir=\"auto\"><\/div>\n<\/div>\n<div dir=\"auto\">\n<p align=\"JUSTIFY\"><span style=\"font-family: Times New Roman, serif;\"><span style=\"font-size: small;\"><a class=\"dt-pswp-item\" href=\"https:\/\/www.radiopiu.net\/wordpress\/wp-content\/uploads\/2023\/11\/ccdfa93f-d1e8-4238-8ea0-c215e1a1ba26.jpg\" data-dt-img-description=\"\" data-large_image_width=\"972\" data-large_image_height=\"1296\"><img loading=\"lazy\" decoding=\"async\" class=\"size-medium wp-image-361163 alignleft\" src=\"https:\/\/www.radiopiu.net\/wordpress\/wp-content\/uploads\/2023\/11\/ccdfa93f-d1e8-4238-8ea0-c215e1a1ba26-225x300.jpg\" alt=\"\" width=\"225\" height=\"300\" srcset=\"https:\/\/www.radiopiu.net\/wordpress\/wp-content\/uploads\/2023\/11\/ccdfa93f-d1e8-4238-8ea0-c215e1a1ba26-225x300.jpg 225w, https:\/\/www.radiopiu.net\/wordpress\/wp-content\/uploads\/2023\/11\/ccdfa93f-d1e8-4238-8ea0-c215e1a1ba26-768x1024.jpg 768w, https:\/\/www.radiopiu.net\/wordpress\/wp-content\/uploads\/2023\/11\/ccdfa93f-d1e8-4238-8ea0-c215e1a1ba26.jpg 972w\" sizes=\"auto, (max-width: 225px) 100vw, 225px\" \/><\/a>Noi nipoti siamo un po\u2019 pi\u00f9 sfortunati, perch\u00e9 siamo quelli che hanno meno tempo a disposizione da passare con i nonni, ma forse \u00e8 proprio questo che rende il nostro rapporto con loro cos\u00ec speciale\u2026 <\/span><\/span><span style=\"font-family: Times New Roman, serif;\"><span style=\"font-size: small;\">Quando ero pi\u00f9 piccola, ho avuto modo di passare praticamente tutte le mie estati qui. E passavo pomeriggi e serate interi a parlare con la nonna di qualsiasi cosa, le facevo tutte le domande che una ragazzina curiosa del mondo poteva avere. E avendomi portata qui in questa chiesa con lei fin da piccola, finivamo per parlare spesso anche di Dio che, per quanto lo sentiva vicino lei, allora mi sembrava quasi una specie di amico di famiglia, pi\u00f9 che una divinit\u00e0.\u00a0 <\/span><\/span><span style=\"font-family: Times New Roman, serif;\"><span style=\"font-size: small;\">Quando le chiedevo che cosa c\u2019era &#8211;<\/span><\/span><span style=\"font-family: Times New Roman, serif;\"><span style=\"font-size: small;\"><i>\u00a0se c\u2019era &#8211;<\/i><\/span><\/span><span style=\"font-family: Times New Roman, serif;\"><span style=\"font-size: small;\"> qualcosa dopo questa vita, lei invece che incupirsi o cambiare argomento, mi sorrideva tranquilla e mi rispondeva sempre \u201ccerto che c\u2019\u00e8, c\u2019\u00e8 un\u2019altra vita bellissima, piena di luce e non vedo l\u2019ora di poter vedere che viso ha Dio\u201d. E poi aggiungeva &#8220;ti immagini che bello, poter rivedere tutti i tuoi cari?\u201d. E in queste frasi secondo me c\u2019\u00e8 tutta l\u2019essenza della nonna: la sua fede incrollabile e l\u2019amore per la sua grande famiglia, da quella di origine di Cordenons fino a quella che poi si \u00e8 creata scegliendo di venire qui a Falcade, tra le sue amate montagne.\u00a0\u00a0<\/span><\/span><span style=\"font-family: Times New Roman, serif;\"><span style=\"font-size: small;\">Ogni tanto non la vedevo pi\u00f9 in cucina e iniziavo a cercarla in giro per casa, per poi trovarla in terrazzo persa a guardare un tramonto estivo. Allora mi mettevo di fianco a lei a guardarlo, poi per scherzo le dicevo \u201ccomunque le montagne sono sempre le stesse eh\u201d. E lei sorridendo mi rispondeva \u201cti sbagli, se le guardi bene ogni sera ci trovi qualcosa di diverso, e comunque mi piacciono come il giorno in cui sono arrivata qui. Anzi, forse anche di pi\u00f9\u201d. E poi da l\u00ec iniziava a raccontarmi di quanto fosse stato difficile lasciare la sua famiglia e la sua Cordenons, ma di quanto la sua scelta di venire a vivere a Falcade per amore fosse stata quella giusta. Anche se ogni tanto ci teneva a provocare il nonno dicendo \u201cah io sono venuta per queste montagne, mica per te!\u201d. <\/span><\/span><span style=\"font-family: Times New Roman, serif;\"><span style=\"font-size: small;\">Comunque a me questa cosa che, quando parlavamo di quello che ci sarebbe stato dopo questa vita, lei la prendesse cos\u00ec bene, un po\u2019 mi scocciava. E mi arrabbiavo, dicendole frasi del tipo \u201cnon ci vuoi abbastanza bene\u201d, \u201cvuoi pi\u00f9 bene a Dio che a noi\u201d, al che lei mi faceva di nuovo quel sorriso dolce, rassicurandomi. Allora prima \u00e8 nato Joshua, quindi per un po\u2019 mi ha risposto \u201ctranquilla che devo prima veder sistemato Joshua\u201d, poi \u00e8 arrivato Pietro e quindi \u201ctranquilla che devo veder crescere Pietro\u201d, e alla fine Federico, <\/span><\/span><span style=\"font-family: Times New Roman, serif;\"><span style=\"font-size: small;\"><i>el so picinin<\/i><\/span><\/span><span style=\"font-family: Times New Roman, serif;\"><span style=\"font-size: small;\">, che ovviamente non poteva darle meno gioia degli altri, e quindi ci ha regalato ancora del tempo con lei. Forse ultimamente avr\u00e0 pensato che, essendo diventata addirittura bisnonna del piccolo Enea, potesse essere felice cos\u00ec e andarsene serena. <\/span><\/span><span style=\"font-family: Times New Roman, serif;\"><span style=\"font-size: small;\">Tutto ci\u00f2 per dire che \u00e8 inevitabile essere tristi in momenti come questo. Tutti noi lo siamo perch\u00e9 la nonna era una persona buona che aveva sempre una parola gentile per tutti. Ma con questo aneddoto vorrei dire a tutti noi che dovremmo affrontare il viaggio della nonna davvero serenamente, perch\u00e9 io in 28 anni non ho mai visto una sola volta il suo viso triste al pensiero di andarsene.\u00a0 <\/span><\/span><span style=\"font-family: Times New Roman, serif;\"><span style=\"font-size: small;\">A noi nipoti ha insegnato l\u2019amore per la famiglia, per la natura e le piccole cose. Come quando le dicevo che avrei voluto gli occhi verdi come i suoi, e lei mi rispondeva sempre \u201cma tu ce li hai marroni come i cerbiatti nei boschi, e i cerbiatti sono bellissimi\u201d.\u00a0 <\/span><\/span><span style=\"font-family: Times New Roman, serif;\"><span style=\"font-size: small;\">Non ci hai mai fatto mancare un t\u00e8 caldo nei pomeriggi d\u2019inverno, una fiaba per addormentarci alla sera quando con la Sharon e la Nicole chiedevamo di poterci infilare tutte e tre insieme nel lettone. Non mancava mai un film o un cartone animato insieme anche se magari era la trecentesima volta che la costringevi a rivederlo perch\u00e9 era il tuo preferito. Ci ha insegnato le canzoni dello Zecchino d\u2019Oro, anche se alla fine si inventava sempre le parole, e ci ha insegnato a fare i cruciverba, sempre lamentandosi perch\u00e9 mettevano troppi termini inglesi che lei non capiva. Ci siamo improvvisati investigatori guardando ogni puntata della Signora in Giallo, e mentre ci cucinava un piatto di pasta al pomodoro si vantava di aver scoperto il colpevole anche prima di lei. Ogni tanto provava a insegnarci anche la sua bellissima lingua &#8211; e mi raccomando a chiamarla <\/span><\/span><span style=\"font-family: Times New Roman, serif;\"><span style=\"font-size: small;\"><i>\u201cf\u00f2lpo\u201d<\/i><\/span><\/span><span style=\"font-family: Times New Roman, serif;\"><span style=\"font-size: small;\"> e non <\/span><\/span><span style=\"font-family: Times New Roman, serif;\"><span style=\"font-size: small;\"><i>\u201cfurlan\u201d<\/i><\/span><\/span><span style=\"font-family: Times New Roman, serif;\"><span style=\"font-size: small;\"> &#8211; che non \u00e8 la stessa cosa. Con questo devo dire che ha avuto risultati un po\u2019 pi\u00f9 scarsi, ma ci ricorderemo sempre quel modo di parlare misto tra i suoi due dialetti che aveva solo lei. <\/span><\/span><span style=\"font-family: Times New Roman, serif;\"><span style=\"font-size: small;\">Alla nonna piacevano tanto le storie, di qualsiasi genere: le storie a fumetti degli indiani d\u2019America, le fiabe, romanzi gialli, storie d\u2019amore e di fantasia. Ma penso che, alla fine, la storia pi\u00f9 bella sia proprio quella che ha scritto insieme alla sua famiglia. Grazie di cuore.<\/span><\/span><\/p>\n<\/div>\n<\/div>\n<div dir=\"auto\"><\/div>\n<div dir=\"auto\"><\/div>\n<div dir=\"auto\"><\/div>\n<div dir=\"auto\"><\/div>\n<div dir=\"auto\">____<\/div>\n","protected":false},"excerpt":{"rendered":"<p>Katia esprime amore e gratitudine per la madre appena deceduta. Nonostante il dolore, sottolinea la presenza di Dio durante le 72 ore di agonia condivise. Ringrazia suo padre e ricorda la fede trasmessa dalla madre. La lettera riflette sulla serenit\u00e0 della madre durante il periodo difficile e conclude con la gioia di immaginare una festa&hellip;<\/p>\n","protected":false},"author":4,"featured_media":361128,"comment_status":"closed","ping_status":"closed","sticky":false,"template":"","format":"standard","meta":{"_monsterinsights_skip_tracking":false,"_monsterinsights_sitenote_active":false,"_monsterinsights_sitenote_note":"","_monsterinsights_sitenote_category":0,"footnotes":""},"categories":[49],"tags":[],"class_list":["post-361127","post","type-post","status-publish","format-standard","has-post-thumbnail","hentry","category-news-18","category-49","description-off"],"img_url":"https:\/\/www.radiopiu.net\/wordpress\/wp-content\/uploads\/2023\/11\/Senza-nome-66.png","_links":{"self":[{"href":"https:\/\/www.radiopiu.net\/wordpress\/wp-json\/wp\/v2\/posts\/361127","targetHints":{"allow":["GET"]}}],"collection":[{"href":"https:\/\/www.radiopiu.net\/wordpress\/wp-json\/wp\/v2\/posts"}],"about":[{"href":"https:\/\/www.radiopiu.net\/wordpress\/wp-json\/wp\/v2\/types\/post"}],"author":[{"embeddable":true,"href":"https:\/\/www.radiopiu.net\/wordpress\/wp-json\/wp\/v2\/users\/4"}],"replies":[{"embeddable":true,"href":"https:\/\/www.radiopiu.net\/wordpress\/wp-json\/wp\/v2\/comments?post=361127"}],"version-history":[{"count":0,"href":"https:\/\/www.radiopiu.net\/wordpress\/wp-json\/wp\/v2\/posts\/361127\/revisions"}],"wp:featuredmedia":[{"embeddable":true,"href":"https:\/\/www.radiopiu.net\/wordpress\/wp-json\/wp\/v2\/media\/361128"}],"wp:attachment":[{"href":"https:\/\/www.radiopiu.net\/wordpress\/wp-json\/wp\/v2\/media?parent=361127"}],"wp:term":[{"taxonomy":"category","embeddable":true,"href":"https:\/\/www.radiopiu.net\/wordpress\/wp-json\/wp\/v2\/categories?post=361127"},{"taxonomy":"post_tag","embeddable":true,"href":"https:\/\/www.radiopiu.net\/wordpress\/wp-json\/wp\/v2\/tags?post=361127"}],"curies":[{"name":"wp","href":"https:\/\/api.w.org\/{rel}","templated":true}]}}